{"id":3897,"date":"2020-02-28T11:27:56","date_gmt":"2020-02-28T10:27:56","guid":{"rendered":"https:\/\/www.m-q.ch\/?p=3897"},"modified":"2020-03-03T17:14:49","modified_gmt":"2020-03-03T16:14:49","slug":"ruag-international-cuts-up-to-90-jobs-in-emmen","status":"publish","type":"post","link":"https:\/\/www.m-q.ch\/en\/ruag-international-streicht-bis-zu-90-stellen-in-emmen\/","title":{"rendered":"Ruag International cuts up to 90 jobs in Emmen"},"content":{"rendered":"<div class=\"news-teaser font-weight-bold\">\n<p>&nbsp;<\/p>\n<figure id=\"attachment_3898\" aria-describedby=\"caption-attachment-3898\" style=\"width: 680px\" class=\"wp-caption alignnone\"><img loading=\"lazy\" decoding=\"async\" class=\"size-medium wp-image-3898\" src=\"https:\/\/www.m-q.ch\/wp-content\/uploads\/2020\/02\/1280px-Zweifach_AMRAAM_Werfer_01-680x510.jpg\" alt=\"\" width=\"680\" height=\"510\" srcset=\"https:\/\/www.m-q.ch\/wp-content\/uploads\/2020\/02\/1280px-Zweifach_AMRAAM_Werfer_01-680x510.jpg 680w, https:\/\/www.m-q.ch\/wp-content\/uploads\/2020\/02\/1280px-Zweifach_AMRAAM_Werfer_01-768x576.jpg 768w, https:\/\/www.m-q.ch\/wp-content\/uploads\/2020\/02\/1280px-Zweifach_AMRAAM_Werfer_01-16x12.jpg 16w, https:\/\/www.m-q.ch\/wp-content\/uploads\/2020\/02\/1280px-Zweifach_AMRAAM_Werfer_01-233x175.jpg 233w, https:\/\/www.m-q.ch\/wp-content\/uploads\/2020\/02\/1280px-Zweifach_AMRAAM_Werfer_01-467x350.jpg 467w, https:\/\/www.m-q.ch\/wp-content\/uploads\/2020\/02\/1280px-Zweifach_AMRAAM_Werfer_01-1067x800.jpg 1067w, https:\/\/www.m-q.ch\/wp-content\/uploads\/2020\/02\/1280px-Zweifach_AMRAAM_Werfer_01-920x690.jpg 920w, https:\/\/www.m-q.ch\/wp-content\/uploads\/2020\/02\/1280px-Zweifach_AMRAAM_Werfer_01-300x225.jpg 300w, https:\/\/www.m-q.ch\/wp-content\/uploads\/2020\/02\/1280px-Zweifach_AMRAAM_Werfer_01-1024x768.jpg 1024w, https:\/\/www.m-q.ch\/wp-content\/uploads\/2020\/02\/1280px-Zweifach_AMRAAM_Werfer_01-624x468.jpg 624w, https:\/\/www.m-q.ch\/wp-content\/uploads\/2020\/02\/1280px-Zweifach_AMRAAM_Werfer_01.jpg 1280w\" sizes=\"auto, (max-width: 680px) 100vw, 680px\" \/><figcaption id=\"caption-attachment-3898\" class=\"wp-caption-text\">Dual AMRAAM launchers produced by RUAG Aviation on the F\/A-18 J-5011 (source: Wikipedia).<\/figcaption><\/figure>\n<p class=\"bodytext\">\n<\/div>\n<div class=\"news-content\">\n<p class=\"bodytext\">Today's federally owned\u00a0<a href=\"https:\/\/www.ruag.com\/\" target=\"_blank\" rel=\"noopener\">RUAG International<\/a>\u00a0wants to create a new, privatized aerospace group from its RUAG Space and RUAG Aerostructures business units. This should be profitable by 2021 at the latest. To this end, RUAG International is now also adapting the structures at its three sites in Emmen, Oberpfaffenhofen near Munich and Eger in Hungary.<\/p>\n<p class=\"bodytext\">Aircraft structure construction at the Emmen site is expected to develop according to a\u00a0<a href=\"https:\/\/www.ruag.com\/en\/news\/ruag-international-realigns-aircraft-structure-business\" target=\"_blank\" rel=\"noopener\">Communication<\/a>\u00a0in future on the \"areas of composites and bonding processes, sub-assembly of military products in small quantities, and surface treatment\". Labour-intensive activities will either be handed over to partners in Emmen, bought in or outsourced to the other two sites.<\/p>\n<p><strong>\"Natural departures\"\u00a0<\/strong><\/p>\n<p class=\"bodytext\">The number of jobs at RUAG Aerostructures is to be reduced from 290 to 200. The reduction is to be achieved as far as possible through natural attrition or job changes. A social plan is also planned.<\/p>\n<p class=\"bodytext\">The reduction is also necessary due to the discontinuation of the A380 programme by Airbus. RUAG Aerostructures, however, remains a \"first-class supplier\" for\u00a0<a href=\"http:\/\/www.airbus.com\/\" target=\"_blank\" rel=\"noopener\">Airbus<\/a>,\u00a0<a href=\"http:\/\/www.boeing.com\/\" target=\"_blank\" rel=\"noopener\">Boeing<\/a>,\u00a0<a href=\"https:\/\/www.pilatus-aircraft.com\/\" target=\"_blank\" rel=\"noopener\">Pilate<\/a>\u00a0and\u00a0<a href=\"https:\/\/saabgroup.com\/\" target=\"_blank\" rel=\"noopener\">Saab<\/a>.<\/p>\n<p><strong>Eger site to be expanded<\/strong><\/p>\n<p class=\"bodytext\">The Eger site will be expanded. It is to be certified by the aviation authorities as an independent production facility.<\/p>\n<p class=\"bodytext\">Other RUAG International business units in Emmen are not affected by the reduction.<\/p>\n<p><a href=\"https:\/\/www.ruag.com\/en\">www.ruag.com\/en<\/a><\/p>\n<\/div>","protected":false},"excerpt":{"rendered":"<p>&nbsp; Die heutige bundeseigene\u00a0RUAG International\u00a0will aus ihren Gesch\u00e4ftsbereichen RUAG Space und RUAG Aerostructures einen neuen, privatisieren Luft- und Raumfahrtkonzern schaffen. Dieser soll sp\u00e4testens 2021 rentabel sein. Daf\u00fcr passt RUAG International nun auch die Strukturen an ihren drei Standorten in Emmen, Oberpfaffenhofen bei M\u00fcnchen und im ungarischen Eger an. Der Flugzeugstrukturbau am Standort Emmen soll sich [&hellip;]<\/p>\n","protected":false},"author":35,"featured_media":3898,"comment_status":"closed","ping_status":"closed","sticky":false,"template":"","format":"standard","meta":{"_acf_changed":false,"footnotes":""},"categories":[3303],"tags":[4241,3490,4240,3690],"class_list":["post-3897","post","type-post","status-publish","format-standard","has-post-thumbnail","hentry","category-qualitaetsmanagement","tag-flugzeugbau","tag-schweiz","tag-stellenabbau","tag-zertifizierung"],"acf":[],"yoast_head":"<!-- This site is optimized with the Yoast SEO plugin v26.2 - https:\/\/yoast.com\/wordpress\/plugins\/seo\/ -->\n<title>Ruag International streicht bis zu 90 Stellen in Emmen - MQ Management und Qualit\u00e4t<\/title>\n<meta name=\"description\" content=\"Der Gesch\u00e4ftsbereich Aerostructures der heutigen Ruag International soll sich am Standort Emmen langsam verkleinern. Daf\u00fcr wird der Standort Eger ausgebaut.\" \/>\n<meta name=\"robots\" content=\"index, follow, max-snippet:-1, max-image-preview:large, max-video-preview:-1\" \/>\n<link rel=\"canonical\" href=\"https:\/\/www.m-q.ch\/en\/ruag-international-cuts-up-to-90-jobs-in-emmen\/\" \/>\n<meta property=\"og:locale\" content=\"en_US\" \/>\n<meta property=\"og:type\" content=\"article\" \/>\n<meta property=\"og:title\" content=\"Ruag International streicht bis zu 90 Stellen in Emmen - MQ Management und Qualit\u00e4t\" \/>\n<meta property=\"og:description\" content=\"Der Gesch\u00e4ftsbereich Aerostructures der heutigen Ruag International soll sich am Standort Emmen langsam verkleinern. Daf\u00fcr wird der Standort Eger ausgebaut.\" \/>\n<meta property=\"og:url\" content=\"https:\/\/www.m-q.ch\/en\/ruag-international-cuts-up-to-90-jobs-in-emmen\/\" \/>\n<meta property=\"og:site_name\" content=\"MQ Management und Qualit\u00e4t\" \/>\n<meta property=\"article:publisher\" content=\"https:\/\/www.facebook.com\/ManagementUndQualitaet\" \/>\n<meta property=\"article:published_time\" content=\"2020-02-28T10:27:56+00:00\" \/>\n<meta property=\"article:modified_time\" content=\"2020-03-03T16:14:49+00:00\" \/>\n<meta property=\"og:image\" content=\"https:\/\/www.m-q.ch\/wp-content\/uploads\/2020\/02\/1280px-Zweifach_AMRAAM_Werfer_01.jpg\" \/>\n\t<meta property=\"og:image:width\" content=\"1280\" \/>\n\t<meta property=\"og:image:height\" content=\"960\" \/>\n\t<meta property=\"og:image:type\" content=\"image\/jpeg\" \/>\n<meta name=\"author\" content=\"Roger Str\u00e4ssle\" \/>\n<meta name=\"twitter:card\" content=\"summary_large_image\" \/>\n<meta name=\"twitter:label1\" content=\"Written by\" \/>\n\t<meta name=\"twitter:data1\" content=\"Roger Str\u00e4ssle\" \/>\n\t<meta name=\"twitter:label2\" content=\"Est. reading time\" \/>\n\t<meta name=\"twitter:data2\" content=\"1 minute\" \/>\n<script type=\"application\/ld+json\" class=\"yoast-schema-graph\">{\"@context\":\"https:\/\/schema.org\",\"@graph\":[{\"@type\":\"Article\",\"@id\":\"https:\/\/www.m-q.ch\/ruag-international-streicht-bis-zu-90-stellen-in-emmen\/#article\",\"isPartOf\":{\"@id\":\"https:\/\/www.m-q.ch\/ruag-international-streicht-bis-zu-90-stellen-in-emmen\/\"},\"author\":{\"name\":\"Roger Str\u00e4ssle\",\"@id\":\"https:\/\/www.m-q.ch\/fr\/#\/schema\/person\/47d540e081acd98ccbeb69b55df653d7\"},\"headline\":\"Ruag International streicht bis zu 90 Stellen in Emmen\",\"datePublished\":\"2020-02-28T10:27:56+00:00\",\"dateModified\":\"2020-03-03T16:14:49+00:00\",\"mainEntityOfPage\":{\"@id\":\"https:\/\/www.m-q.ch\/ruag-international-streicht-bis-zu-90-stellen-in-emmen\/\"},\"wordCount\":230,\"publisher\":{\"@id\":\"https:\/\/www.m-q.ch\/fr\/#organization\"},\"image\":{\"@id\":\"https:\/\/www.m-q.ch\/ruag-international-streicht-bis-zu-90-stellen-in-emmen\/#primaryimage\"},\"thumbnailUrl\":\"https:\/\/www.m-q.ch\/wp-content\/uploads\/2020\/02\/1280px-Zweifach_AMRAAM_Werfer_01.jpg\",\"keywords\":[\"Flugzeugbau\",\"Schweiz\",\"Stellenabbau\",\"Zertifizierung\"],\"articleSection\":[\"Qualit\u00e4tsmanagement\"],\"inLanguage\":\"en-US\"},{\"@type\":\"WebPage\",\"@id\":\"https:\/\/www.m-q.ch\/ruag-international-streicht-bis-zu-90-stellen-in-emmen\/\",\"url\":\"https:\/\/www.m-q.ch\/ruag-international-streicht-bis-zu-90-stellen-in-emmen\/\",\"name\":\"Ruag International streicht bis zu 90 Stellen in Emmen - MQ Management und Qualit\u00e4t\",\"isPartOf\":{\"@id\":\"https:\/\/www.m-q.ch\/fr\/#website\"},\"primaryImageOfPage\":{\"@id\":\"https:\/\/www.m-q.ch\/ruag-international-streicht-bis-zu-90-stellen-in-emmen\/#primaryimage\"},\"image\":{\"@id\":\"https:\/\/www.m-q.ch\/ruag-international-streicht-bis-zu-90-stellen-in-emmen\/#primaryimage\"},\"thumbnailUrl\":\"https:\/\/www.m-q.ch\/wp-content\/uploads\/2020\/02\/1280px-Zweifach_AMRAAM_Werfer_01.jpg\",\"datePublished\":\"2020-02-28T10:27:56+00:00\",\"dateModified\":\"2020-03-03T16:14:49+00:00\",\"description\":\"Der Gesch\u00e4ftsbereich Aerostructures der heutigen Ruag International soll sich am Standort Emmen langsam verkleinern. Daf\u00fcr wird der Standort Eger ausgebaut.\",\"breadcrumb\":{\"@id\":\"https:\/\/www.m-q.ch\/ruag-international-streicht-bis-zu-90-stellen-in-emmen\/#breadcrumb\"},\"inLanguage\":\"en-US\",\"potentialAction\":[{\"@type\":\"ReadAction\",\"target\":[\"https:\/\/www.m-q.ch\/ruag-international-streicht-bis-zu-90-stellen-in-emmen\/\"]}]},{\"@type\":\"ImageObject\",\"inLanguage\":\"en-US\",\"@id\":\"https:\/\/www.m-q.ch\/ruag-international-streicht-bis-zu-90-stellen-in-emmen\/#primaryimage\",\"url\":\"https:\/\/www.m-q.ch\/wp-content\/uploads\/2020\/02\/1280px-Zweifach_AMRAAM_Werfer_01.jpg\",\"contentUrl\":\"https:\/\/www.m-q.ch\/wp-content\/uploads\/2020\/02\/1280px-Zweifach_AMRAAM_Werfer_01.jpg\",\"width\":1280,\"height\":960,\"caption\":\"Von RUAG Aviation produzierte Zweifach-AMRAAM-Werfer an der F\/A-18 J-5011. (Quelle: Wikipedia)\"},{\"@type\":\"BreadcrumbList\",\"@id\":\"https:\/\/www.m-q.ch\/ruag-international-streicht-bis-zu-90-stellen-in-emmen\/#breadcrumb\",\"itemListElement\":[{\"@type\":\"ListItem\",\"position\":1,\"name\":\"Qualit\u00e4tsmanagement\",\"item\":\"https:\/\/www.m-q.ch\/kategorie\/qualitaetsmanagement\/\"},{\"@type\":\"ListItem\",\"position\":2,\"name\":\"Ruag International streicht bis zu 90 Stellen in Emmen\"}]},{\"@type\":\"WebSite\",\"@id\":\"https:\/\/www.m-q.ch\/fr\/#website\",\"url\":\"https:\/\/www.m-q.ch\/fr\/\",\"name\":\"MQ Management und Qualit\u00e4t\",\"description\":\"Plattform f\u00fcr integrierte Managementsysteme.\",\"publisher\":{\"@id\":\"https:\/\/www.m-q.ch\/fr\/#organization\"},\"potentialAction\":[{\"@type\":\"SearchAction\",\"target\":{\"@type\":\"EntryPoint\",\"urlTemplate\":\"https:\/\/www.m-q.ch\/fr\/?s={search_term_string}\"},\"query-input\":{\"@type\":\"PropertyValueSpecification\",\"valueRequired\":true,\"valueName\":\"search_term_string\"}}],\"inLanguage\":\"en-US\"},{\"@type\":\"Organization\",\"@id\":\"https:\/\/www.m-q.ch\/fr\/#organization\",\"name\":\"Galledia Fachmedien AG\",\"url\":\"https:\/\/www.m-q.ch\/fr\/\",\"logo\":{\"@type\":\"ImageObject\",\"inLanguage\":\"en-US\",\"@id\":\"https:\/\/www.m-q.ch\/fr\/#\/schema\/logo\/image\/\",\"url\":\"https:\/\/www.m-q.ch\/wp-content\/uploads\/2020\/12\/cropped-logo_small.png\",\"contentUrl\":\"https:\/\/www.m-q.ch\/wp-content\/uploads\/2020\/12\/cropped-logo_small.png\",\"width\":512,\"height\":512,\"caption\":\"Galledia Fachmedien AG\"},\"image\":{\"@id\":\"https:\/\/www.m-q.ch\/fr\/#\/schema\/logo\/image\/\"},\"sameAs\":[\"https:\/\/www.facebook.com\/ManagementUndQualitaet\",\"https:\/\/www.linkedin.com\/showcase\/17982321\/admin\/\"]},{\"@type\":\"Person\",\"@id\":\"https:\/\/www.m-q.ch\/fr\/#\/schema\/person\/47d540e081acd98ccbeb69b55df653d7\",\"name\":\"Roger Str\u00e4ssle\",\"image\":{\"@type\":\"ImageObject\",\"inLanguage\":\"en-US\",\"@id\":\"https:\/\/www.m-q.ch\/fr\/#\/schema\/person\/image\/\",\"url\":\"https:\/\/secure.gravatar.com\/avatar\/e4dde3046d8a184d2e2d27651a418883?s=96&d=mm&r=g\",\"contentUrl\":\"https:\/\/secure.gravatar.com\/avatar\/e4dde3046d8a184d2e2d27651a418883?s=96&d=mm&r=g\",\"caption\":\"Roger Str\u00e4ssle\"},\"url\":\"https:\/\/www.m-q.ch\/en\/author\/roger-straessle\/\"}]}<\/script>\n<!-- \/ Yoast SEO plugin. -->","yoast_head_json":{"title":"Ruag International cuts up to 90 jobs in Emmen - MQ Management und Qualit\u00e4t","description":"The Aerostructures business unit of today's Ruag International is to be slowly downsized at the Emmen site. The Eger site will be expanded in its place.","robots":{"index":"index","follow":"follow","max-snippet":"max-snippet:-1","max-image-preview":"max-image-preview:large","max-video-preview":"max-video-preview:-1"},"canonical":"https:\/\/www.m-q.ch\/en\/ruag-international-cuts-up-to-90-jobs-in-emmen\/","og_locale":"en_US","og_type":"article","og_title":"Ruag International streicht bis zu 90 Stellen in Emmen - MQ Management und Qualit\u00e4t","og_description":"Der Gesch\u00e4ftsbereich Aerostructures der heutigen Ruag International soll sich am Standort Emmen langsam verkleinern. Daf\u00fcr wird der Standort Eger ausgebaut.","og_url":"https:\/\/www.m-q.ch\/en\/ruag-international-cuts-up-to-90-jobs-in-emmen\/","og_site_name":"MQ Management und Qualit\u00e4t","article_publisher":"https:\/\/www.facebook.com\/ManagementUndQualitaet","article_published_time":"2020-02-28T10:27:56+00:00","article_modified_time":"2020-03-03T16:14:49+00:00","og_image":[{"width":1280,"height":960,"url":"https:\/\/www.m-q.ch\/wp-content\/uploads\/2020\/02\/1280px-Zweifach_AMRAAM_Werfer_01.jpg","type":"image\/jpeg"}],"author":"Roger Str\u00e4ssle","twitter_card":"summary_large_image","twitter_misc":{"Written by":"Roger Str\u00e4ssle","Est. reading time":"1 minute"},"schema":{"@context":"https:\/\/schema.org","@graph":[{"@type":"Article","@id":"https:\/\/www.m-q.ch\/ruag-international-streicht-bis-zu-90-stellen-in-emmen\/#article","isPartOf":{"@id":"https:\/\/www.m-q.ch\/ruag-international-streicht-bis-zu-90-stellen-in-emmen\/"},"author":{"name":"Roger Str\u00e4ssle","@id":"https:\/\/www.m-q.ch\/fr\/#\/schema\/person\/47d540e081acd98ccbeb69b55df653d7"},"headline":"Ruag International streicht bis zu 90 Stellen in Emmen","datePublished":"2020-02-28T10:27:56+00:00","dateModified":"2020-03-03T16:14:49+00:00","mainEntityOfPage":{"@id":"https:\/\/www.m-q.ch\/ruag-international-streicht-bis-zu-90-stellen-in-emmen\/"},"wordCount":230,"publisher":{"@id":"https:\/\/www.m-q.ch\/fr\/#organization"},"image":{"@id":"https:\/\/www.m-q.ch\/ruag-international-streicht-bis-zu-90-stellen-in-emmen\/#primaryimage"},"thumbnailUrl":"https:\/\/www.m-q.ch\/wp-content\/uploads\/2020\/02\/1280px-Zweifach_AMRAAM_Werfer_01.jpg","keywords":["Flugzeugbau","Schweiz","Stellenabbau","Zertifizierung"],"articleSection":["Qualit\u00e4tsmanagement"],"inLanguage":"en-US"},{"@type":"WebPage","@id":"https:\/\/www.m-q.ch\/ruag-international-streicht-bis-zu-90-stellen-in-emmen\/","url":"https:\/\/www.m-q.ch\/ruag-international-streicht-bis-zu-90-stellen-in-emmen\/","name":"Ruag International cuts up to 90 jobs in Emmen - MQ Management und Qualit\u00e4t","isPartOf":{"@id":"https:\/\/www.m-q.ch\/fr\/#website"},"primaryImageOfPage":{"@id":"https:\/\/www.m-q.ch\/ruag-international-streicht-bis-zu-90-stellen-in-emmen\/#primaryimage"},"image":{"@id":"https:\/\/www.m-q.ch\/ruag-international-streicht-bis-zu-90-stellen-in-emmen\/#primaryimage"},"thumbnailUrl":"https:\/\/www.m-q.ch\/wp-content\/uploads\/2020\/02\/1280px-Zweifach_AMRAAM_Werfer_01.jpg","datePublished":"2020-02-28T10:27:56+00:00","dateModified":"2020-03-03T16:14:49+00:00","description":"The Aerostructures business unit of today's Ruag International is to be slowly downsized at the Emmen site. The Eger site will be expanded in its place.","breadcrumb":{"@id":"https:\/\/www.m-q.ch\/ruag-international-streicht-bis-zu-90-stellen-in-emmen\/#breadcrumb"},"inLanguage":"en-US","potentialAction":[{"@type":"ReadAction","target":["https:\/\/www.m-q.ch\/ruag-international-streicht-bis-zu-90-stellen-in-emmen\/"]}]},{"@type":"ImageObject","inLanguage":"en-US","@id":"https:\/\/www.m-q.ch\/ruag-international-streicht-bis-zu-90-stellen-in-emmen\/#primaryimage","url":"https:\/\/www.m-q.ch\/wp-content\/uploads\/2020\/02\/1280px-Zweifach_AMRAAM_Werfer_01.jpg","contentUrl":"https:\/\/www.m-q.ch\/wp-content\/uploads\/2020\/02\/1280px-Zweifach_AMRAAM_Werfer_01.jpg","width":1280,"height":960,"caption":"Von RUAG Aviation produzierte Zweifach-AMRAAM-Werfer an der F\/A-18 J-5011. (Quelle: Wikipedia)"},{"@type":"BreadcrumbList","@id":"https:\/\/www.m-q.ch\/ruag-international-streicht-bis-zu-90-stellen-in-emmen\/#breadcrumb","itemListElement":[{"@type":"ListItem","position":1,"name":"Qualit\u00e4tsmanagement","item":"https:\/\/www.m-q.ch\/kategorie\/qualitaetsmanagement\/"},{"@type":"ListItem","position":2,"name":"Ruag International streicht bis zu 90 Stellen in Emmen"}]},{"@type":"WebSite","@id":"https:\/\/www.m-q.ch\/fr\/#website","url":"https:\/\/www.m-q.ch\/fr\/","name":"MQ Management and Quality","description":"Platform for integrated management systems.","publisher":{"@id":"https:\/\/www.m-q.ch\/fr\/#organization"},"potentialAction":[{"@type":"SearchAction","target":{"@type":"EntryPoint","urlTemplate":"https:\/\/www.m-q.ch\/fr\/?s={search_term_string}"},"query-input":{"@type":"PropertyValueSpecification","valueRequired":true,"valueName":"search_term_string"}}],"inLanguage":"en-US"},{"@type":"Organization","@id":"https:\/\/www.m-q.ch\/fr\/#organization","name":"Galledia Trade Media AG","url":"https:\/\/www.m-q.ch\/fr\/","logo":{"@type":"ImageObject","inLanguage":"en-US","@id":"https:\/\/www.m-q.ch\/fr\/#\/schema\/logo\/image\/","url":"https:\/\/www.m-q.ch\/wp-content\/uploads\/2020\/12\/cropped-logo_small.png","contentUrl":"https:\/\/www.m-q.ch\/wp-content\/uploads\/2020\/12\/cropped-logo_small.png","width":512,"height":512,"caption":"Galledia Fachmedien AG"},"image":{"@id":"https:\/\/www.m-q.ch\/fr\/#\/schema\/logo\/image\/"},"sameAs":["https:\/\/www.facebook.com\/ManagementUndQualitaet","https:\/\/www.linkedin.com\/showcase\/17982321\/admin\/"]},{"@type":"Person","@id":"https:\/\/www.m-q.ch\/fr\/#\/schema\/person\/47d540e081acd98ccbeb69b55df653d7","name":"Roger Str\u00e4ssle","image":{"@type":"ImageObject","inLanguage":"en-US","@id":"https:\/\/www.m-q.ch\/fr\/#\/schema\/person\/image\/","url":"https:\/\/secure.gravatar.com\/avatar\/e4dde3046d8a184d2e2d27651a418883?s=96&d=mm&r=g","contentUrl":"https:\/\/secure.gravatar.com\/avatar\/e4dde3046d8a184d2e2d27651a418883?s=96&d=mm&r=g","caption":"Roger Str\u00e4ssle"},"url":"https:\/\/www.m-q.ch\/en\/author\/roger-straessle\/"}]}},"_links":{"self":[{"href":"https:\/\/www.m-q.ch\/en\/wp-json\/wp\/v2\/posts\/3897","targetHints":{"allow":["GET"]}}],"collection":[{"href":"https:\/\/www.m-q.ch\/en\/wp-json\/wp\/v2\/posts"}],"about":[{"href":"https:\/\/www.m-q.ch\/en\/wp-json\/wp\/v2\/types\/post"}],"author":[{"embeddable":true,"href":"https:\/\/www.m-q.ch\/en\/wp-json\/wp\/v2\/users\/35"}],"replies":[{"embeddable":true,"href":"https:\/\/www.m-q.ch\/en\/wp-json\/wp\/v2\/comments?post=3897"}],"version-history":[{"count":3,"href":"https:\/\/www.m-q.ch\/en\/wp-json\/wp\/v2\/posts\/3897\/revisions"}],"predecessor-version":[{"id":3901,"href":"https:\/\/www.m-q.ch\/en\/wp-json\/wp\/v2\/posts\/3897\/revisions\/3901"}],"wp:featuredmedia":[{"embeddable":true,"href":"https:\/\/www.m-q.ch\/en\/wp-json\/wp\/v2\/media\/3898"}],"wp:attachment":[{"href":"https:\/\/www.m-q.ch\/en\/wp-json\/wp\/v2\/media?parent=3897"}],"wp:term":[{"taxonomy":"category","embeddable":true,"href":"https:\/\/www.m-q.ch\/en\/wp-json\/wp\/v2\/categories?post=3897"},{"taxonomy":"post_tag","embeddable":true,"href":"https:\/\/www.m-q.ch\/en\/wp-json\/wp\/v2\/tags?post=3897"}],"curies":[{"name":"wp","href":"https:\/\/api.w.org\/{rel}","templated":true}]}}