{"id":410,"date":"2016-05-12T13:41:14","date_gmt":"2016-05-12T11:41:14","guid":{"rendered":"http:\/\/dev.m-q.ch\/?p=410"},"modified":"2017-03-01T13:54:09","modified_gmt":"2017-03-01T12:54:09","slug":"people-and-systems-that-was-the-swiss-quality-day-2016","status":"publish","type":"post","link":"https:\/\/www.m-q.ch\/en\/mensch-und-systeme-das-war-der-tag-der-schweizer-qualitaet-2016\/","title":{"rendered":"Man and systems: That was the Swiss Quality Day 2016"},"content":{"rendered":"<figure id=\"attachment_171\" aria-describedby=\"caption-attachment-171\" style=\"width: 680px\" class=\"wp-caption alignnone\"><a href=\"https:\/\/m-q.ch\/wp-content\/uploads\/2016\/12\/Mensch-und-Systeme-Das-war-der-Tag-der-Schweizer-Qualit\u00e4t-2016-management-und-qualitaet.jpg\"><img loading=\"lazy\" decoding=\"async\" class=\"wp-image-171 size-medium\" src=\"https:\/\/www.m-q.ch\/wp-content\/uploads\/2016\/12\/Mensch-und-Systeme-Das-war-der-Tag-der-Schweizer-Qualit\u00e4t-2016-management-und-qualitaet-680x451.jpg\" width=\"680\" height=\"451\" srcset=\"https:\/\/www.m-q.ch\/wp-content\/uploads\/2016\/12\/Mensch-und-Systeme-Das-war-der-Tag-der-Schweizer-Qualit\u00e4t-2016-management-und-qualitaet-680x451.jpg 680w, https:\/\/www.m-q.ch\/wp-content\/uploads\/2016\/12\/Mensch-und-Systeme-Das-war-der-Tag-der-Schweizer-Qualit\u00e4t-2016-management-und-qualitaet-768x510.jpg 768w, https:\/\/www.m-q.ch\/wp-content\/uploads\/2016\/12\/Mensch-und-Systeme-Das-war-der-Tag-der-Schweizer-Qualit\u00e4t-2016-management-und-qualitaet-16x12.jpg 16w, https:\/\/www.m-q.ch\/wp-content\/uploads\/2016\/12\/Mensch-und-Systeme-Das-war-der-Tag-der-Schweizer-Qualit\u00e4t-2016-management-und-qualitaet-264x175.jpg 264w, https:\/\/www.m-q.ch\/wp-content\/uploads\/2016\/12\/Mensch-und-Systeme-Das-war-der-Tag-der-Schweizer-Qualit\u00e4t-2016-management-und-qualitaet-527x350.jpg 527w, https:\/\/www.m-q.ch\/wp-content\/uploads\/2016\/12\/Mensch-und-Systeme-Das-war-der-Tag-der-Schweizer-Qualit\u00e4t-2016-management-und-qualitaet-300x199.jpg 300w, https:\/\/www.m-q.ch\/wp-content\/uploads\/2016\/12\/Mensch-und-Systeme-Das-war-der-Tag-der-Schweizer-Qualit\u00e4t-2016-management-und-qualitaet-624x414.jpg 624w, https:\/\/www.m-q.ch\/wp-content\/uploads\/2016\/12\/Mensch-und-Systeme-Das-war-der-Tag-der-Schweizer-Qualit\u00e4t-2016-management-und-qualitaet.jpg 800w\" sizes=\"auto, (max-width: 680px) 100vw, 680px\" \/><\/a><figcaption id=\"caption-attachment-171\" class=\"wp-caption-text\">Panel discussion with speakers: Ren\u00e9 Wasmer, Hubert Rizzi, Eva Jaisli, Beatrice M\u00fcller (moderator) and Peter Pedross. (Photo: thb)<\/figcaption><\/figure>\n<div id='gallery-1' class='gallery galleryid-410 gallery-columns-3 gallery-size-thumbnail'><figure class='gallery-item'>\n\t\t\t<div class='gallery-icon landscape'>\n\t\t\t\t<a href='https:\/\/www.m-q.ch\/en\/mensch-und-systeme-das-war-der-tag-der-schweizer-qualitaet-2016-1-management-und-qualitaet\/'><img loading=\"lazy\" decoding=\"async\" width=\"96\" height=\"96\" src=\"https:\/\/www.m-q.ch\/wp-content\/uploads\/2016\/12\/Mensch-und-Systeme-Das-war-der-Tag-der-Schweizer-Qualit\u00e4t-2016-1-management-und-qualitaet-220x220.jpg\" class=\"attachment-thumbnail size-thumbnail\" alt=\"\" srcset=\"https:\/\/www.m-q.ch\/wp-content\/uploads\/2016\/12\/Mensch-und-Systeme-Das-war-der-Tag-der-Schweizer-Qualit\u00e4t-2016-1-management-und-qualitaet-220x220.jpg 220w, https:\/\/www.m-q.ch\/wp-content\/uploads\/2016\/12\/Mensch-und-Systeme-Das-war-der-Tag-der-Schweizer-Qualit\u00e4t-2016-1-management-und-qualitaet-250x250.jpg 250w, https:\/\/www.m-q.ch\/wp-content\/uploads\/2016\/12\/Mensch-und-Systeme-Das-war-der-Tag-der-Schweizer-Qualit\u00e4t-2016-1-management-und-qualitaet-150x150.jpg 150w, https:\/\/www.m-q.ch\/wp-content\/uploads\/2016\/12\/Mensch-und-Systeme-Das-war-der-Tag-der-Schweizer-Qualit\u00e4t-2016-1-management-und-qualitaet-100x100.jpg 100w\" sizes=\"auto, (max-width: 96px) 100vw, 96px\" \/><\/a>\n\t\t\t<\/div><\/figure><figure class='gallery-item'>\n\t\t\t<div class='gallery-icon portrait'>\n\t\t\t\t<a href='https:\/\/www.m-q.ch\/en\/mensch-und-systeme-das-war-der-tag-der-schweizer-qualitaet-2016-4-management-und-qualitaet\/'><img loading=\"lazy\" decoding=\"async\" width=\"96\" height=\"96\" src=\"https:\/\/www.m-q.ch\/wp-content\/uploads\/2016\/12\/Mensch-und-Systeme-Das-war-der-Tag-der-Schweizer-Qualit\u00e4t-2016-4-management-und-qualitaet-220x220.jpg\" class=\"attachment-thumbnail size-thumbnail\" alt=\"\" srcset=\"https:\/\/www.m-q.ch\/wp-content\/uploads\/2016\/12\/Mensch-und-Systeme-Das-war-der-Tag-der-Schweizer-Qualit\u00e4t-2016-4-management-und-qualitaet-220x220.jpg 220w, https:\/\/www.m-q.ch\/wp-content\/uploads\/2016\/12\/Mensch-und-Systeme-Das-war-der-Tag-der-Schweizer-Qualit\u00e4t-2016-4-management-und-qualitaet-250x250.jpg 250w, https:\/\/www.m-q.ch\/wp-content\/uploads\/2016\/12\/Mensch-und-Systeme-Das-war-der-Tag-der-Schweizer-Qualit\u00e4t-2016-4-management-und-qualitaet-150x150.jpg 150w, https:\/\/www.m-q.ch\/wp-content\/uploads\/2016\/12\/Mensch-und-Systeme-Das-war-der-Tag-der-Schweizer-Qualit\u00e4t-2016-4-management-und-qualitaet-100x100.jpg 100w\" sizes=\"auto, (max-width: 96px) 100vw, 96px\" \/><\/a>\n\t\t\t<\/div><\/figure><figure class='gallery-item'>\n\t\t\t<div class='gallery-icon portrait'>\n\t\t\t\t<a href='https:\/\/www.m-q.ch\/en\/mensch-und-systeme-das-war-der-tag-der-schweizer-qualitaet-2016-2-management-und-qualitaet\/'><img loading=\"lazy\" decoding=\"async\" width=\"96\" height=\"96\" src=\"https:\/\/www.m-q.ch\/wp-content\/uploads\/2016\/12\/Mensch-und-Systeme-Das-war-der-Tag-der-Schweizer-Qualit\u00e4t-2016-2-management-und-qualitaet-220x220.jpg\" class=\"attachment-thumbnail size-thumbnail\" alt=\"\" srcset=\"https:\/\/www.m-q.ch\/wp-content\/uploads\/2016\/12\/Mensch-und-Systeme-Das-war-der-Tag-der-Schweizer-Qualit\u00e4t-2016-2-management-und-qualitaet-220x220.jpg 220w, https:\/\/www.m-q.ch\/wp-content\/uploads\/2016\/12\/Mensch-und-Systeme-Das-war-der-Tag-der-Schweizer-Qualit\u00e4t-2016-2-management-und-qualitaet-250x250.jpg 250w, https:\/\/www.m-q.ch\/wp-content\/uploads\/2016\/12\/Mensch-und-Systeme-Das-war-der-Tag-der-Schweizer-Qualit\u00e4t-2016-2-management-und-qualitaet-150x150.jpg 150w, https:\/\/www.m-q.ch\/wp-content\/uploads\/2016\/12\/Mensch-und-Systeme-Das-war-der-Tag-der-Schweizer-Qualit\u00e4t-2016-2-management-und-qualitaet-100x100.jpg 100w\" sizes=\"auto, (max-width: 96px) 100vw, 96px\" \/><\/a>\n\t\t\t<\/div><\/figure><figure class='gallery-item'>\n\t\t\t<div class='gallery-icon portrait'>\n\t\t\t\t<a href='https:\/\/www.m-q.ch\/en\/mensch-und-systeme-das-war-der-tag-der-schweizer-qualitaet-2016-3-management-und-qualitaet\/'><img loading=\"lazy\" decoding=\"async\" width=\"96\" height=\"96\" src=\"https:\/\/www.m-q.ch\/wp-content\/uploads\/2016\/12\/Mensch-und-Systeme-Das-war-der-Tag-der-Schweizer-Qualit\u00e4t-2016-3-management-und-qualitaet-220x220.jpg\" class=\"attachment-thumbnail size-thumbnail\" alt=\"\" srcset=\"https:\/\/www.m-q.ch\/wp-content\/uploads\/2016\/12\/Mensch-und-Systeme-Das-war-der-Tag-der-Schweizer-Qualit\u00e4t-2016-3-management-und-qualitaet-220x220.jpg 220w, https:\/\/www.m-q.ch\/wp-content\/uploads\/2016\/12\/Mensch-und-Systeme-Das-war-der-Tag-der-Schweizer-Qualit\u00e4t-2016-3-management-und-qualitaet-11x12.jpg 11w, https:\/\/www.m-q.ch\/wp-content\/uploads\/2016\/12\/Mensch-und-Systeme-Das-war-der-Tag-der-Schweizer-Qualit\u00e4t-2016-3-management-und-qualitaet-250x250.jpg 250w, https:\/\/www.m-q.ch\/wp-content\/uploads\/2016\/12\/Mensch-und-Systeme-Das-war-der-Tag-der-Schweizer-Qualit\u00e4t-2016-3-management-und-qualitaet-150x150.jpg 150w, https:\/\/www.m-q.ch\/wp-content\/uploads\/2016\/12\/Mensch-und-Systeme-Das-war-der-Tag-der-Schweizer-Qualit\u00e4t-2016-3-management-und-qualitaet-100x100.jpg 100w\" sizes=\"auto, (max-width: 96px) 100vw, 96px\" \/><\/a>\n\t\t\t<\/div><\/figure><figure class='gallery-item'>\n\t\t\t<div class='gallery-icon landscape'>\n\t\t\t\t<a href='https:\/\/www.m-q.ch\/en\/mensch-und-systeme-das-war-der-tag-der-schweizer-qualitaet-2016-5-management-und-qualitaet\/'><img loading=\"lazy\" decoding=\"async\" width=\"96\" height=\"96\" src=\"https:\/\/www.m-q.ch\/wp-content\/uploads\/2016\/12\/Mensch-und-Systeme-Das-war-der-Tag-der-Schweizer-Qualit\u00e4t-2016-5-management-und-qualitaet-220x220.jpg\" class=\"attachment-thumbnail size-thumbnail\" alt=\"\" srcset=\"https:\/\/www.m-q.ch\/wp-content\/uploads\/2016\/12\/Mensch-und-Systeme-Das-war-der-Tag-der-Schweizer-Qualit\u00e4t-2016-5-management-und-qualitaet-220x220.jpg 220w, https:\/\/www.m-q.ch\/wp-content\/uploads\/2016\/12\/Mensch-und-Systeme-Das-war-der-Tag-der-Schweizer-Qualit\u00e4t-2016-5-management-und-qualitaet-250x250.jpg 250w, https:\/\/www.m-q.ch\/wp-content\/uploads\/2016\/12\/Mensch-und-Systeme-Das-war-der-Tag-der-Schweizer-Qualit\u00e4t-2016-5-management-und-qualitaet-150x150.jpg 150w, https:\/\/www.m-q.ch\/wp-content\/uploads\/2016\/12\/Mensch-und-Systeme-Das-war-der-Tag-der-Schweizer-Qualit\u00e4t-2016-5-management-und-qualitaet-100x100.jpg 100w\" sizes=\"auto, (max-width: 96px) 100vw, 96px\" \/><\/a>\n\t\t\t<\/div><\/figure><figure class='gallery-item'>\n\t\t\t<div class='gallery-icon landscape'>\n\t\t\t\t<a href='https:\/\/www.m-q.ch\/en\/mensch-und-systeme-das-war-der-tag-der-schweizer-qualitaet-2016-6-management-und-qualitaet\/'><img loading=\"lazy\" decoding=\"async\" width=\"96\" height=\"96\" src=\"https:\/\/www.m-q.ch\/wp-content\/uploads\/2016\/12\/Mensch-und-Systeme-Das-war-der-Tag-der-Schweizer-Qualit\u00e4t-2016-6-management-und-qualitaet-220x220.jpg\" class=\"attachment-thumbnail size-thumbnail\" alt=\"\" srcset=\"https:\/\/www.m-q.ch\/wp-content\/uploads\/2016\/12\/Mensch-und-Systeme-Das-war-der-Tag-der-Schweizer-Qualit\u00e4t-2016-6-management-und-qualitaet-220x220.jpg 220w, https:\/\/www.m-q.ch\/wp-content\/uploads\/2016\/12\/Mensch-und-Systeme-Das-war-der-Tag-der-Schweizer-Qualit\u00e4t-2016-6-management-und-qualitaet-250x250.jpg 250w, https:\/\/www.m-q.ch\/wp-content\/uploads\/2016\/12\/Mensch-und-Systeme-Das-war-der-Tag-der-Schweizer-Qualit\u00e4t-2016-6-management-und-qualitaet-150x150.jpg 150w, https:\/\/www.m-q.ch\/wp-content\/uploads\/2016\/12\/Mensch-und-Systeme-Das-war-der-Tag-der-Schweizer-Qualit\u00e4t-2016-6-management-und-qualitaet-100x100.jpg 100w\" sizes=\"auto, (max-width: 96px) 100vw, 96px\" \/><\/a>\n\t\t\t<\/div><\/figure>\n\t\t<\/div>\n\n<p><em>Presentation impressions: Ruedi Lustenberger, Prof. Dr. Joachim Bauer, Dr. Marc Holitscher, Prof. Dr. Hans Dieter Seghezzi, Pascale Etter &amp; Band, Dr. Peter Kels (Photos: thb)<\/em><\/p>\n<p>The pace of technological development is thought-provoking, said SAQ President Ruedi Lustenberger in his opening address. Just 250 years have passed since the first industrial revolution and today we are already talking about the fourth, namely Industry 4.0. Compared to the entire evolutionary history of mankind, these two and a half centuries mean \"just the blink of an eye\". Despite all the technological feasibility of systems that we are experiencing today, the primacy must nevertheless remain with humans, Ruedi Lustenberger pointed out. But the signs are not so bad: \"Fortunately, factors such as motivation, honesty and reliability have recently come to play a major role in companies,\" said the SAQ president.<\/p>\n<p><strong>How the brain \"system\" works<\/strong><\/p>\n<p>Just how unreliable systems can be was demonstrated in the first presentation by Prof. Dr. med. Joachim Bauer from the University Hospital Freiburg i. Br.: He first had to deal with a loose contact on the presentation screen on stage... The topic of his - then in the further course without any problems - presentation was: What drives people? In his presentation he explained basic human motivations from the perspective of neuroscience. He was able to impressively show that appreciation and social acceptance activate the \"reward centers\" in the brain. On the other hand, exclusion causes pain, i.e. the same brain regions are activated as when touching a very hot object. And another characteristic of our brain: just observing an activity activates those centers in the brain that are necessary for the specific performance of that activity. This can also be used in leadership: If you are motivated yourself, you can infect others with it - you become a model worthy of imitation, so to speak.<\/p>\n<p><strong>Forced\" into the home office<\/strong><\/p>\n<p>Flexible forms of work are recommended for imitation in order to increase innovative capacity. This was the topic of the subsequent presentation by Marc Holitscher from Microsoft Switzerland. He noted that today's organizational models are basically from the age of Industry 2.0: There are clear decision-making paths, all employees have their function and in principle know what they have to do. But what does Organization 4.0 look like? In this respect, we need to think more in terms of \"platform models\", of networks in which added value is created through interaction between producers and consumers, for example. Microsoft Switzerland itself has conducted a large \"field test\" to see what this should look like in practice: During the renovation of the company's site in Wallisellen, all offices were closed and employees worked in their home offices or on the road. The experience was entirely positive: unproductive time decreased, as did absences. The working time model also proved attractive for single mothers. Overall, employee satisfaction increased. However, it was not without its challenges. Marc Holitscher pointed out that teamwork in particular has proved to be very demanding. The prerequisite for such a model to continue to function is, above all, trust. \"There has to be a system change from rules to values,\" Holitscher said. He described the increased practice of management by objectives as a possible way forward.<\/p>\n<p><strong>ISO 9001: More leadership required<\/strong><\/p>\n<p>The conference theme \"People and Systems\" was further \"refined\" in three workshops distributed over parallel sessions. Peter Pedross (Pedco, Zurich) spoke about quality in the agile environment and posed the question of how to incorporate agile processes into small and large organizations. In particular, he presented the Scaled Agile Framework SAFe, which is in the process of establishing itself in the industry alongside Scrum. Scrum, from experience, works well in teams developing a specific product. But when it comes to complex projects involving multiple teams, Scrum reaches its limits. SAFe takes this into account and therefore scales the whole thing to levels with larger portfolios. Eva Jaisli (PB Swiss Tools, Wasen BE) focused on the influence of strategy in her presentation. An ideally formulated strategy makes it possible to summarize all behaviors in such a way that goals can be derived from them. She demonstrated this with reference to the revised ISO 9001 standard, using her own company as an example. Finally, Hubert Rizzi and Ren\u00e9 Wasmer once again pointed out the core elements of this revision. It is aimed in particular at management; management and leadership have been greatly expanded in the new version. One consequence of this is that these points will be scrutinized more closely during an audit.<\/p>\n<p><strong>What STEM professionals expect<\/strong><\/p>\n<p>The event concluded with a presentation on another effect of digitalization: the shortage of skilled workers, especially in STEM professions. In his presentation, Prof. Dr. Peter Kels from the Lucerne University of Applied Sciences and Arts gave the visitors some tips on the criteria that companies can use to better find and retain their STEM specialists. Varied tasks, flexible working time models, attractive development opportunities in the form of new projects and through specialist careers, as well as teamwork, are crucial factors. Salary is also important, but at best as a hygiene factor rather than a motivational one. STEM professionals, on the other hand, find their employers primarily through their personal network, job boards on the Internet, corporate websites and through university marketing. Surprisingly, social networks such as Xing or LinkedIn do not (yet) play a major role, as the speaker noted with reference to a study by his institute.<\/p>\n<p><strong>Honour and promotion<\/strong><\/p>\n<p>In addition to the presentations, there were two other items on the programme. Prof. Dr. Hans Dieter Seghezzi was honoured for his achievements in the development of quality management and for his many years of commitment to the establishment of the SAQ and the SQS. It is thanks to him that quality management has changed from a purely \"control function\" to a holistic view all the way to the EFQM model. A musical intermezzo was provided by the young singer Pascale Etter with her accompanying musicians Yannick Aebischer (guitar) and Ghislain Ruprecht (percussion). The SAQ thus continued a tradition of supporting young professionals - this time musicians.<\/p>\n<p><em>Thomas Bernard<\/em><\/p>","protected":false},"excerpt":{"rendered":"<p>Referate-Impressionen: Ruedi Lustenberger, Prof. Dr. Joachim Bauer, Dr. Marc Holitscher, Prof. Dr. Hans Dieter Seghezzi, Pascale Etter &amp; Band, Dr. Peter Kels (Fotos: thb) Das Tempo, in welchem die technologischen Entwicklungen verlaufen, stimme nachdenklich, sagte SAQ-Pr\u00e4sident Ruedi Lustenberger in seiner Er\u00f6ffnungsansprache. Gerade mal 250 Jahre seien seit der ersten Industriellen Revolution vergangen und heute spreche [&hellip;]<\/p>\n","protected":false},"author":1,"featured_media":171,"comment_status":"open","ping_status":"open","sticky":false,"template":"","format":"standard","meta":{"_acf_changed":false,"footnotes":""},"categories":[5],"tags":[3328,3342],"class_list":["post-410","post","type-post","status-publish","format-standard","has-post-thumbnail","hentry","category-business_excellence","tag-business-excellence","tag-fachkongressfachmesse"],"acf":[],"yoast_head":"<!-- This site is optimized with the Yoast SEO plugin v26.2 - https:\/\/yoast.com\/wordpress\/plugins\/seo\/ -->\n<title>Mensch und Systeme: Das war der Tag der Schweizer Qualit\u00e4t 2016 - MQ Management und Qualit\u00e4t<\/title>\n<meta name=\"description\" content=\"Unter dem Motto \u201eMensch und Systeme\u201c fand am 10. Mai 2016 im Kursaal Bern der diesj\u00e4hrige Tag der Schweizer Qualit\u00e4t statt.\" \/>\n<meta name=\"robots\" content=\"index, follow, max-snippet:-1, max-image-preview:large, max-video-preview:-1\" \/>\n<link rel=\"canonical\" href=\"https:\/\/www.m-q.ch\/en\/people-and-systems-that-was-the-swiss-quality-day-2016\/\" \/>\n<meta property=\"og:locale\" content=\"en_US\" \/>\n<meta property=\"og:type\" content=\"article\" \/>\n<meta property=\"og:title\" content=\"Mensch und Systeme: Das war der Tag der Schweizer Qualit\u00e4t 2016 - MQ Management und Qualit\u00e4t\" \/>\n<meta property=\"og:description\" content=\"Unter dem Motto \u201eMensch und Systeme\u201c fand am 10. Mai 2016 im Kursaal Bern der diesj\u00e4hrige Tag der Schweizer Qualit\u00e4t statt.\" \/>\n<meta property=\"og:url\" content=\"https:\/\/www.m-q.ch\/en\/people-and-systems-that-was-the-swiss-quality-day-2016\/\" \/>\n<meta property=\"og:site_name\" content=\"MQ Management und Qualit\u00e4t\" \/>\n<meta property=\"article:publisher\" content=\"https:\/\/www.facebook.com\/ManagementUndQualitaet\" \/>\n<meta property=\"article:published_time\" content=\"2016-05-12T11:41:14+00:00\" \/>\n<meta property=\"article:modified_time\" content=\"2017-03-01T12:54:09+00:00\" \/>\n<meta property=\"og:image\" content=\"https:\/\/www.m-q.ch\/wp-content\/uploads\/2016\/12\/Mensch-und-Systeme-Das-war-der-Tag-der-Schweizer-Qualit\u00e4t-2016-management-und-qualitaet.jpg\" \/>\n\t<meta property=\"og:image:width\" content=\"800\" \/>\n\t<meta property=\"og:image:height\" content=\"531\" \/>\n\t<meta property=\"og:image:type\" content=\"image\/jpeg\" \/>\n<meta name=\"author\" content=\"galledia\" \/>\n<meta name=\"twitter:card\" content=\"summary_large_image\" \/>\n<meta name=\"twitter:label1\" content=\"Written by\" \/>\n\t<meta name=\"twitter:data1\" content=\"galledia\" \/>\n\t<meta name=\"twitter:label2\" content=\"Est. reading time\" \/>\n\t<meta name=\"twitter:data2\" content=\"5 minutes\" \/>\n<script type=\"application\/ld+json\" class=\"yoast-schema-graph\">{\"@context\":\"https:\/\/schema.org\",\"@graph\":[{\"@type\":\"Article\",\"@id\":\"https:\/\/www.m-q.ch\/mensch-und-systeme-das-war-der-tag-der-schweizer-qualitaet-2016\/#article\",\"isPartOf\":{\"@id\":\"https:\/\/www.m-q.ch\/mensch-und-systeme-das-war-der-tag-der-schweizer-qualitaet-2016\/\"},\"author\":{\"name\":\"galledia\",\"@id\":\"https:\/\/www.m-q.ch\/fr\/#\/schema\/person\/c0139a2c55a374db6df2cde78ec87148\"},\"headline\":\"Mensch und Systeme: Das war der Tag der Schweizer Qualit\u00e4t 2016\",\"datePublished\":\"2016-05-12T11:41:14+00:00\",\"dateModified\":\"2017-03-01T12:54:09+00:00\",\"mainEntityOfPage\":{\"@id\":\"https:\/\/www.m-q.ch\/mensch-und-systeme-das-war-der-tag-der-schweizer-qualitaet-2016\/\"},\"wordCount\":1015,\"commentCount\":0,\"publisher\":{\"@id\":\"https:\/\/www.m-q.ch\/fr\/#organization\"},\"image\":{\"@id\":\"https:\/\/www.m-q.ch\/mensch-und-systeme-das-war-der-tag-der-schweizer-qualitaet-2016\/#primaryimage\"},\"thumbnailUrl\":\"https:\/\/www.m-q.ch\/wp-content\/uploads\/2016\/12\/Mensch-und-Systeme-Das-war-der-Tag-der-Schweizer-Qualit\u00e4t-2016-management-und-qualitaet.jpg\",\"keywords\":[\"Business Excellence\",\"Fachkongress\/Fachmesse\"],\"articleSection\":[\"Business Excellence\"],\"inLanguage\":\"en-US\"},{\"@type\":\"WebPage\",\"@id\":\"https:\/\/www.m-q.ch\/mensch-und-systeme-das-war-der-tag-der-schweizer-qualitaet-2016\/\",\"url\":\"https:\/\/www.m-q.ch\/mensch-und-systeme-das-war-der-tag-der-schweizer-qualitaet-2016\/\",\"name\":\"Mensch und Systeme: Das war der Tag der Schweizer Qualit\u00e4t 2016 - MQ Management und Qualit\u00e4t\",\"isPartOf\":{\"@id\":\"https:\/\/www.m-q.ch\/fr\/#website\"},\"primaryImageOfPage\":{\"@id\":\"https:\/\/www.m-q.ch\/mensch-und-systeme-das-war-der-tag-der-schweizer-qualitaet-2016\/#primaryimage\"},\"image\":{\"@id\":\"https:\/\/www.m-q.ch\/mensch-und-systeme-das-war-der-tag-der-schweizer-qualitaet-2016\/#primaryimage\"},\"thumbnailUrl\":\"https:\/\/www.m-q.ch\/wp-content\/uploads\/2016\/12\/Mensch-und-Systeme-Das-war-der-Tag-der-Schweizer-Qualit\u00e4t-2016-management-und-qualitaet.jpg\",\"datePublished\":\"2016-05-12T11:41:14+00:00\",\"dateModified\":\"2017-03-01T12:54:09+00:00\",\"description\":\"Unter dem Motto \u201eMensch und Systeme\u201c fand am 10. Mai 2016 im Kursaal Bern der diesj\u00e4hrige Tag der Schweizer Qualit\u00e4t statt.\",\"breadcrumb\":{\"@id\":\"https:\/\/www.m-q.ch\/mensch-und-systeme-das-war-der-tag-der-schweizer-qualitaet-2016\/#breadcrumb\"},\"inLanguage\":\"en-US\",\"potentialAction\":[{\"@type\":\"ReadAction\",\"target\":[\"https:\/\/www.m-q.ch\/mensch-und-systeme-das-war-der-tag-der-schweizer-qualitaet-2016\/\"]}]},{\"@type\":\"ImageObject\",\"inLanguage\":\"en-US\",\"@id\":\"https:\/\/www.m-q.ch\/mensch-und-systeme-das-war-der-tag-der-schweizer-qualitaet-2016\/#primaryimage\",\"url\":\"https:\/\/www.m-q.ch\/wp-content\/uploads\/2016\/12\/Mensch-und-Systeme-Das-war-der-Tag-der-Schweizer-Qualit\u00e4t-2016-management-und-qualitaet.jpg\",\"contentUrl\":\"https:\/\/www.m-q.ch\/wp-content\/uploads\/2016\/12\/Mensch-und-Systeme-Das-war-der-Tag-der-Schweizer-Qualit\u00e4t-2016-management-und-qualitaet.jpg\",\"width\":800,\"height\":531,\"caption\":\"Podiumsgespr\u00e4ch mit Referenten: Ren\u00e9 Wasmer, Hubert Rizzi, Eva Jaisli, Beatrice M\u00fcller (Moderation) und Peter Pedross. (Foto: thb)\"},{\"@type\":\"BreadcrumbList\",\"@id\":\"https:\/\/www.m-q.ch\/mensch-und-systeme-das-war-der-tag-der-schweizer-qualitaet-2016\/#breadcrumb\",\"itemListElement\":[{\"@type\":\"ListItem\",\"position\":1,\"name\":\"Business Excellence\",\"item\":\"https:\/\/www.m-q.ch\/kategorie\/business_excellence\/\"},{\"@type\":\"ListItem\",\"position\":2,\"name\":\"Mensch und Systeme: Das war der Tag der Schweizer Qualit\u00e4t 2016\"}]},{\"@type\":\"WebSite\",\"@id\":\"https:\/\/www.m-q.ch\/fr\/#website\",\"url\":\"https:\/\/www.m-q.ch\/fr\/\",\"name\":\"MQ Management und Qualit\u00e4t\",\"description\":\"Plattform f\u00fcr integrierte Managementsysteme.\",\"publisher\":{\"@id\":\"https:\/\/www.m-q.ch\/fr\/#organization\"},\"potentialAction\":[{\"@type\":\"SearchAction\",\"target\":{\"@type\":\"EntryPoint\",\"urlTemplate\":\"https:\/\/www.m-q.ch\/fr\/?s={search_term_string}\"},\"query-input\":{\"@type\":\"PropertyValueSpecification\",\"valueRequired\":true,\"valueName\":\"search_term_string\"}}],\"inLanguage\":\"en-US\"},{\"@type\":\"Organization\",\"@id\":\"https:\/\/www.m-q.ch\/fr\/#organization\",\"name\":\"Galledia Fachmedien AG\",\"url\":\"https:\/\/www.m-q.ch\/fr\/\",\"logo\":{\"@type\":\"ImageObject\",\"inLanguage\":\"en-US\",\"@id\":\"https:\/\/www.m-q.ch\/fr\/#\/schema\/logo\/image\/\",\"url\":\"https:\/\/www.m-q.ch\/wp-content\/uploads\/2020\/12\/cropped-logo_small.png\",\"contentUrl\":\"https:\/\/www.m-q.ch\/wp-content\/uploads\/2020\/12\/cropped-logo_small.png\",\"width\":512,\"height\":512,\"caption\":\"Galledia Fachmedien AG\"},\"image\":{\"@id\":\"https:\/\/www.m-q.ch\/fr\/#\/schema\/logo\/image\/\"},\"sameAs\":[\"https:\/\/www.facebook.com\/ManagementUndQualitaet\",\"https:\/\/www.linkedin.com\/showcase\/17982321\/admin\/\"]},{\"@type\":\"Person\",\"@id\":\"https:\/\/www.m-q.ch\/fr\/#\/schema\/person\/c0139a2c55a374db6df2cde78ec87148\",\"name\":\"galledia\",\"image\":{\"@type\":\"ImageObject\",\"inLanguage\":\"en-US\",\"@id\":\"https:\/\/www.m-q.ch\/fr\/#\/schema\/person\/image\/\",\"url\":\"https:\/\/secure.gravatar.com\/avatar\/66edf527eac29e9a5eb25bcada01f61a?s=96&d=mm&r=g\",\"contentUrl\":\"https:\/\/secure.gravatar.com\/avatar\/66edf527eac29e9a5eb25bcada01f61a?s=96&d=mm&r=g\",\"caption\":\"galledia\"},\"url\":\"https:\/\/www.m-q.ch\/en\/author\/galledia\/\"}]}<\/script>\n<!-- \/ Yoast SEO plugin. -->","yoast_head_json":{"title":"People and systems: That was the Swiss Quality Day 2016 - MQ Management und Qualit\u00e4t","description":"This year's Swiss Quality Day took place on 10 May 2016 in the Kursaal Bern under the motto \"People and Systems\".","robots":{"index":"index","follow":"follow","max-snippet":"max-snippet:-1","max-image-preview":"max-image-preview:large","max-video-preview":"max-video-preview:-1"},"canonical":"https:\/\/www.m-q.ch\/en\/people-and-systems-that-was-the-swiss-quality-day-2016\/","og_locale":"en_US","og_type":"article","og_title":"Mensch und Systeme: Das war der Tag der Schweizer Qualit\u00e4t 2016 - MQ Management und Qualit\u00e4t","og_description":"Unter dem Motto \u201eMensch und Systeme\u201c fand am 10. Mai 2016 im Kursaal Bern der diesj\u00e4hrige Tag der Schweizer Qualit\u00e4t statt.","og_url":"https:\/\/www.m-q.ch\/en\/people-and-systems-that-was-the-swiss-quality-day-2016\/","og_site_name":"MQ Management und Qualit\u00e4t","article_publisher":"https:\/\/www.facebook.com\/ManagementUndQualitaet","article_published_time":"2016-05-12T11:41:14+00:00","article_modified_time":"2017-03-01T12:54:09+00:00","og_image":[{"width":800,"height":531,"url":"https:\/\/www.m-q.ch\/wp-content\/uploads\/2016\/12\/Mensch-und-Systeme-Das-war-der-Tag-der-Schweizer-Qualit\u00e4t-2016-management-und-qualitaet.jpg","type":"image\/jpeg"}],"author":"galledia","twitter_card":"summary_large_image","twitter_misc":{"Written by":"galledia","Est. reading time":"5 minutes"},"schema":{"@context":"https:\/\/schema.org","@graph":[{"@type":"Article","@id":"https:\/\/www.m-q.ch\/mensch-und-systeme-das-war-der-tag-der-schweizer-qualitaet-2016\/#article","isPartOf":{"@id":"https:\/\/www.m-q.ch\/mensch-und-systeme-das-war-der-tag-der-schweizer-qualitaet-2016\/"},"author":{"name":"galledia","@id":"https:\/\/www.m-q.ch\/fr\/#\/schema\/person\/c0139a2c55a374db6df2cde78ec87148"},"headline":"Mensch und Systeme: Das war der Tag der Schweizer Qualit\u00e4t 2016","datePublished":"2016-05-12T11:41:14+00:00","dateModified":"2017-03-01T12:54:09+00:00","mainEntityOfPage":{"@id":"https:\/\/www.m-q.ch\/mensch-und-systeme-das-war-der-tag-der-schweizer-qualitaet-2016\/"},"wordCount":1015,"commentCount":0,"publisher":{"@id":"https:\/\/www.m-q.ch\/fr\/#organization"},"image":{"@id":"https:\/\/www.m-q.ch\/mensch-und-systeme-das-war-der-tag-der-schweizer-qualitaet-2016\/#primaryimage"},"thumbnailUrl":"https:\/\/www.m-q.ch\/wp-content\/uploads\/2016\/12\/Mensch-und-Systeme-Das-war-der-Tag-der-Schweizer-Qualit\u00e4t-2016-management-und-qualitaet.jpg","keywords":["Business Excellence","Fachkongress\/Fachmesse"],"articleSection":["Business Excellence"],"inLanguage":"en-US"},{"@type":"WebPage","@id":"https:\/\/www.m-q.ch\/mensch-und-systeme-das-war-der-tag-der-schweizer-qualitaet-2016\/","url":"https:\/\/www.m-q.ch\/mensch-und-systeme-das-war-der-tag-der-schweizer-qualitaet-2016\/","name":"People and systems: That was the Swiss Quality Day 2016 - MQ Management und Qualit\u00e4t","isPartOf":{"@id":"https:\/\/www.m-q.ch\/fr\/#website"},"primaryImageOfPage":{"@id":"https:\/\/www.m-q.ch\/mensch-und-systeme-das-war-der-tag-der-schweizer-qualitaet-2016\/#primaryimage"},"image":{"@id":"https:\/\/www.m-q.ch\/mensch-und-systeme-das-war-der-tag-der-schweizer-qualitaet-2016\/#primaryimage"},"thumbnailUrl":"https:\/\/www.m-q.ch\/wp-content\/uploads\/2016\/12\/Mensch-und-Systeme-Das-war-der-Tag-der-Schweizer-Qualit\u00e4t-2016-management-und-qualitaet.jpg","datePublished":"2016-05-12T11:41:14+00:00","dateModified":"2017-03-01T12:54:09+00:00","description":"This year's Swiss Quality Day took place on 10 May 2016 in the Kursaal Bern under the motto \"People and Systems\".","breadcrumb":{"@id":"https:\/\/www.m-q.ch\/mensch-und-systeme-das-war-der-tag-der-schweizer-qualitaet-2016\/#breadcrumb"},"inLanguage":"en-US","potentialAction":[{"@type":"ReadAction","target":["https:\/\/www.m-q.ch\/mensch-und-systeme-das-war-der-tag-der-schweizer-qualitaet-2016\/"]}]},{"@type":"ImageObject","inLanguage":"en-US","@id":"https:\/\/www.m-q.ch\/mensch-und-systeme-das-war-der-tag-der-schweizer-qualitaet-2016\/#primaryimage","url":"https:\/\/www.m-q.ch\/wp-content\/uploads\/2016\/12\/Mensch-und-Systeme-Das-war-der-Tag-der-Schweizer-Qualit\u00e4t-2016-management-und-qualitaet.jpg","contentUrl":"https:\/\/www.m-q.ch\/wp-content\/uploads\/2016\/12\/Mensch-und-Systeme-Das-war-der-Tag-der-Schweizer-Qualit\u00e4t-2016-management-und-qualitaet.jpg","width":800,"height":531,"caption":"Podiumsgespr\u00e4ch mit Referenten: Ren\u00e9 Wasmer, Hubert Rizzi, Eva Jaisli, Beatrice M\u00fcller (Moderation) und Peter Pedross. (Foto: thb)"},{"@type":"BreadcrumbList","@id":"https:\/\/www.m-q.ch\/mensch-und-systeme-das-war-der-tag-der-schweizer-qualitaet-2016\/#breadcrumb","itemListElement":[{"@type":"ListItem","position":1,"name":"Business Excellence","item":"https:\/\/www.m-q.ch\/kategorie\/business_excellence\/"},{"@type":"ListItem","position":2,"name":"Mensch und Systeme: Das war der Tag der Schweizer Qualit\u00e4t 2016"}]},{"@type":"WebSite","@id":"https:\/\/www.m-q.ch\/fr\/#website","url":"https:\/\/www.m-q.ch\/fr\/","name":"MQ Management and Quality","description":"Platform for integrated management systems.","publisher":{"@id":"https:\/\/www.m-q.ch\/fr\/#organization"},"potentialAction":[{"@type":"SearchAction","target":{"@type":"EntryPoint","urlTemplate":"https:\/\/www.m-q.ch\/fr\/?s={search_term_string}"},"query-input":{"@type":"PropertyValueSpecification","valueRequired":true,"valueName":"search_term_string"}}],"inLanguage":"en-US"},{"@type":"Organization","@id":"https:\/\/www.m-q.ch\/fr\/#organization","name":"Galledia Trade Media AG","url":"https:\/\/www.m-q.ch\/fr\/","logo":{"@type":"ImageObject","inLanguage":"en-US","@id":"https:\/\/www.m-q.ch\/fr\/#\/schema\/logo\/image\/","url":"https:\/\/www.m-q.ch\/wp-content\/uploads\/2020\/12\/cropped-logo_small.png","contentUrl":"https:\/\/www.m-q.ch\/wp-content\/uploads\/2020\/12\/cropped-logo_small.png","width":512,"height":512,"caption":"Galledia Fachmedien AG"},"image":{"@id":"https:\/\/www.m-q.ch\/fr\/#\/schema\/logo\/image\/"},"sameAs":["https:\/\/www.facebook.com\/ManagementUndQualitaet","https:\/\/www.linkedin.com\/showcase\/17982321\/admin\/"]},{"@type":"Person","@id":"https:\/\/www.m-q.ch\/fr\/#\/schema\/person\/c0139a2c55a374db6df2cde78ec87148","name":"galledia","image":{"@type":"ImageObject","inLanguage":"en-US","@id":"https:\/\/www.m-q.ch\/fr\/#\/schema\/person\/image\/","url":"https:\/\/secure.gravatar.com\/avatar\/66edf527eac29e9a5eb25bcada01f61a?s=96&d=mm&r=g","contentUrl":"https:\/\/secure.gravatar.com\/avatar\/66edf527eac29e9a5eb25bcada01f61a?s=96&d=mm&r=g","caption":"galledia"},"url":"https:\/\/www.m-q.ch\/en\/author\/galledia\/"}]}},"_links":{"self":[{"href":"https:\/\/www.m-q.ch\/en\/wp-json\/wp\/v2\/posts\/410","targetHints":{"allow":["GET"]}}],"collection":[{"href":"https:\/\/www.m-q.ch\/en\/wp-json\/wp\/v2\/posts"}],"about":[{"href":"https:\/\/www.m-q.ch\/en\/wp-json\/wp\/v2\/types\/post"}],"author":[{"embeddable":true,"href":"https:\/\/www.m-q.ch\/en\/wp-json\/wp\/v2\/users\/1"}],"replies":[{"embeddable":true,"href":"https:\/\/www.m-q.ch\/en\/wp-json\/wp\/v2\/comments?post=410"}],"version-history":[{"count":2,"href":"https:\/\/www.m-q.ch\/en\/wp-json\/wp\/v2\/posts\/410\/revisions"}],"predecessor-version":[{"id":1140,"href":"https:\/\/www.m-q.ch\/en\/wp-json\/wp\/v2\/posts\/410\/revisions\/1140"}],"wp:featuredmedia":[{"embeddable":true,"href":"https:\/\/www.m-q.ch\/en\/wp-json\/wp\/v2\/media\/171"}],"wp:attachment":[{"href":"https:\/\/www.m-q.ch\/en\/wp-json\/wp\/v2\/media?parent=410"}],"wp:term":[{"taxonomy":"category","embeddable":true,"href":"https:\/\/www.m-q.ch\/en\/wp-json\/wp\/v2\/categories?post=410"},{"taxonomy":"post_tag","embeddable":true,"href":"https:\/\/www.m-q.ch\/en\/wp-json\/wp\/v2\/tags?post=410"}],"curies":[{"name":"wp","href":"https:\/\/api.w.org\/{rel}","templated":true}]}}