{"id":4106,"date":"2020-06-17T12:28:20","date_gmt":"2020-06-17T10:28:20","guid":{"rendered":"https:\/\/www.m-q.ch\/?p=4106"},"modified":"2020-06-19T14:31:09","modified_gmt":"2020-06-19T12:31:09","slug":"swiss-safety-center-academy-open-again","status":"publish","type":"post","link":"https:\/\/www.m-q.ch\/en\/swiss-safety-center-akademie-wieder-offen\/","title":{"rendered":"Swiss Safety Center Academy open again"},"content":{"rendered":"<figure id=\"attachment_4107\" aria-describedby=\"caption-attachment-4107\" style=\"width: 680px\" class=\"wp-caption alignnone\"><img loading=\"lazy\" decoding=\"async\" class=\"size-medium wp-image-4107\" src=\"https:\/\/www.m-q.ch\/wp-content\/uploads\/2020\/06\/SwissSafetyCenter-680x980.jpg\" alt=\"\" width=\"680\" height=\"980\" srcset=\"https:\/\/www.m-q.ch\/wp-content\/uploads\/2020\/06\/SwissSafetyCenter-680x980.jpg 680w, https:\/\/www.m-q.ch\/wp-content\/uploads\/2020\/06\/SwissSafetyCenter-768x1106.jpg 768w, https:\/\/www.m-q.ch\/wp-content\/uploads\/2020\/06\/SwissSafetyCenter-1066x1536.jpg 1066w, https:\/\/www.m-q.ch\/wp-content\/uploads\/2020\/06\/SwissSafetyCenter-1422x2048.jpg 1422w, https:\/\/www.m-q.ch\/wp-content\/uploads\/2020\/06\/SwissSafetyCenter-8x12.jpg 8w, https:\/\/www.m-q.ch\/wp-content\/uploads\/2020\/06\/SwissSafetyCenter-121x175.jpg 121w, https:\/\/www.m-q.ch\/wp-content\/uploads\/2020\/06\/SwissSafetyCenter-243x350.jpg 243w, https:\/\/www.m-q.ch\/wp-content\/uploads\/2020\/06\/SwissSafetyCenter-555x800.jpg 555w, https:\/\/www.m-q.ch\/wp-content\/uploads\/2020\/06\/SwissSafetyCenter-920x1325.jpg 920w, https:\/\/www.m-q.ch\/wp-content\/uploads\/2020\/06\/SwissSafetyCenter-1400x2017.jpg 1400w, https:\/\/www.m-q.ch\/wp-content\/uploads\/2020\/06\/SwissSafetyCenter-972x1400.jpg 972w, https:\/\/www.m-q.ch\/wp-content\/uploads\/2020\/06\/SwissSafetyCenter-300x432.jpg 300w, https:\/\/www.m-q.ch\/wp-content\/uploads\/2020\/06\/SwissSafetyCenter-711x1024.jpg 711w, https:\/\/www.m-q.ch\/wp-content\/uploads\/2020\/06\/SwissSafetyCenter-624x899.jpg 624w, https:\/\/www.m-q.ch\/wp-content\/uploads\/2020\/06\/SwissSafetyCenter.jpg 1666w\" sizes=\"auto, (max-width: 680px) 100vw, 680px\" \/><figcaption id=\"caption-attachment-4107\" class=\"wp-caption-text\">The competence center for technical safety and risk management in Wallisellen. (Image: Swiss Safety Center AG)<\/figcaption><\/figure>\n<p>We are very pleased to welcome you back to the Swiss Safety Center Academy from 8 June 2020. You can find an overview of all face-to-face courses and web live courses of the Swiss Safety Center AG under <a href=\"https:\/\/akademie.safetycenter.ch\">https:\/\/akademie.safetycenter.ch<\/a>.<\/p>\n<p>In our face-to-face courses, the safety and protection of course participants, course instructors and employees have the highest priority. In doing so, we adhere to the behavioural and hygiene guidelines of the FOPH. We have implemented our comprehensive protective measures <a href=\"http:\/\/www.safetycenter.ch\/schutzkonzept\">here<\/a>\u00a0put together for you.<\/p>\n<p>At the same time, our conference and seminar rooms are once again available for rent for your events. Whether it's a team meeting, a customer event or an annual meeting with up to 200 people, you'll find the right space in the newly built conference centre of the Swiss Safety Center Academy - a stone's throw from Wallisellen station.<\/p>\n<p>Interested in the conference and seminar rooms? Then visit us at <strong>open day<\/strong> on Tuesday, 30 June 2020, from 16.00 to 18.00 or arrange an individual visit. To do so, please contact us by e-mail (raumverwaltung@safetycenter.ch) or by telephone on +41 44 877 61 62.<\/p>\n<p>&nbsp;<\/p>\n<p>&nbsp;<\/p>\n<p>&nbsp;<\/p>","protected":false},"excerpt":{"rendered":"<p>Wir freuen uns sehr, Sie ab dem 8. Juni 2020 wieder in der Swiss Safety Center Akademie willkommen zu heissen. Einen \u00dcberblick zu allen Pr\u00e4senzkursen und Web-Live-Kursen der Swiss Safety Center AG finden Sie unter https:\/\/akademie.safetycenter.ch. Bei unseren Pr\u00e4senzkursen haben die Sicherheit und der Schutz der Kursteilnehmenden, Kursleitenden und Mitarbeitenden h\u00f6chste Priorit\u00e4t. Dabei halten wir [&hellip;]<\/p>\n","protected":false},"author":35,"featured_media":4107,"comment_status":"closed","ping_status":"closed","sticky":false,"template":"","format":"standard","meta":{"_acf_changed":false,"footnotes":""},"categories":[4],"tags":[4340,4339,4338,4341],"class_list":["post-4106","post","type-post","status-publish","format-standard","has-post-thumbnail","hentry","category-risikomanagement","tag-kompetenzzentrum","tag-kurse","tag-swiss-safety-center","tag-tag-der-offenen-tuer"],"acf":[],"yoast_head":"<!-- This site is optimized with the Yoast SEO plugin v26.2 - https:\/\/yoast.com\/wordpress\/plugins\/seo\/ -->\n<title>Swiss Safety Center Akademie wieder offen - MQ Management und Qualit\u00e4t<\/title>\n<meta name=\"description\" content=\"Die Swiss Safety Center AG ist ein Unternehmen der SVTI-Gruppe und damit Teil des Kompetenzzentrums f\u00fcr technische Sicherheit und Risikomanagement.\" \/>\n<meta name=\"robots\" content=\"index, follow, max-snippet:-1, max-image-preview:large, max-video-preview:-1\" \/>\n<link rel=\"canonical\" href=\"https:\/\/www.m-q.ch\/en\/swiss-safety-center-academy-open-again\/\" \/>\n<meta property=\"og:locale\" content=\"en_US\" \/>\n<meta property=\"og:type\" content=\"article\" \/>\n<meta property=\"og:title\" content=\"Swiss Safety Center Akademie wieder offen - MQ Management und Qualit\u00e4t\" \/>\n<meta property=\"og:description\" content=\"Die Swiss Safety Center AG ist ein Unternehmen der SVTI-Gruppe und damit Teil des Kompetenzzentrums f\u00fcr technische Sicherheit und Risikomanagement.\" \/>\n<meta property=\"og:url\" content=\"https:\/\/www.m-q.ch\/en\/swiss-safety-center-academy-open-again\/\" \/>\n<meta property=\"og:site_name\" content=\"MQ Management und Qualit\u00e4t\" \/>\n<meta property=\"article:publisher\" content=\"https:\/\/www.facebook.com\/ManagementUndQualitaet\" \/>\n<meta property=\"article:published_time\" content=\"2020-06-17T10:28:20+00:00\" \/>\n<meta property=\"article:modified_time\" content=\"2020-06-19T12:31:09+00:00\" \/>\n<meta property=\"og:image\" content=\"https:\/\/www.m-q.ch\/wp-content\/uploads\/2020\/06\/SwissSafetyCenter.jpg\" \/>\n\t<meta property=\"og:image:width\" content=\"1666\" \/>\n\t<meta property=\"og:image:height\" content=\"2400\" \/>\n\t<meta property=\"og:image:type\" content=\"image\/jpeg\" \/>\n<meta name=\"author\" content=\"Roger Str\u00e4ssle\" \/>\n<meta name=\"twitter:card\" content=\"summary_large_image\" \/>\n<meta name=\"twitter:label1\" content=\"Written by\" \/>\n\t<meta name=\"twitter:data1\" content=\"Roger Str\u00e4ssle\" \/>\n\t<meta name=\"twitter:label2\" content=\"Est. reading time\" \/>\n\t<meta name=\"twitter:data2\" content=\"1 minute\" \/>\n<script type=\"application\/ld+json\" class=\"yoast-schema-graph\">{\"@context\":\"https:\/\/schema.org\",\"@graph\":[{\"@type\":\"Article\",\"@id\":\"https:\/\/www.m-q.ch\/swiss-safety-center-akademie-wieder-offen\/#article\",\"isPartOf\":{\"@id\":\"https:\/\/www.m-q.ch\/swiss-safety-center-akademie-wieder-offen\/\"},\"author\":{\"name\":\"Roger Str\u00e4ssle\",\"@id\":\"https:\/\/www.m-q.ch\/fr\/#\/schema\/person\/47d540e081acd98ccbeb69b55df653d7\"},\"headline\":\"Swiss Safety Center Akademie wieder offen\",\"datePublished\":\"2020-06-17T10:28:20+00:00\",\"dateModified\":\"2020-06-19T12:31:09+00:00\",\"mainEntityOfPage\":{\"@id\":\"https:\/\/www.m-q.ch\/swiss-safety-center-akademie-wieder-offen\/\"},\"wordCount\":199,\"publisher\":{\"@id\":\"https:\/\/www.m-q.ch\/fr\/#organization\"},\"image\":{\"@id\":\"https:\/\/www.m-q.ch\/swiss-safety-center-akademie-wieder-offen\/#primaryimage\"},\"thumbnailUrl\":\"https:\/\/www.m-q.ch\/wp-content\/uploads\/2020\/06\/SwissSafetyCenter.jpg\",\"keywords\":[\"Kompetenzzentrum\",\"Kurse\",\"Swiss Safety Center\",\"Tag der offenen T\u00fcr\"],\"articleSection\":[\"Risikomanagement\"],\"inLanguage\":\"en-US\"},{\"@type\":\"WebPage\",\"@id\":\"https:\/\/www.m-q.ch\/swiss-safety-center-akademie-wieder-offen\/\",\"url\":\"https:\/\/www.m-q.ch\/swiss-safety-center-akademie-wieder-offen\/\",\"name\":\"Swiss Safety Center Akademie wieder offen - MQ Management und Qualit\u00e4t\",\"isPartOf\":{\"@id\":\"https:\/\/www.m-q.ch\/fr\/#website\"},\"primaryImageOfPage\":{\"@id\":\"https:\/\/www.m-q.ch\/swiss-safety-center-akademie-wieder-offen\/#primaryimage\"},\"image\":{\"@id\":\"https:\/\/www.m-q.ch\/swiss-safety-center-akademie-wieder-offen\/#primaryimage\"},\"thumbnailUrl\":\"https:\/\/www.m-q.ch\/wp-content\/uploads\/2020\/06\/SwissSafetyCenter.jpg\",\"datePublished\":\"2020-06-17T10:28:20+00:00\",\"dateModified\":\"2020-06-19T12:31:09+00:00\",\"description\":\"Die Swiss Safety Center AG ist ein Unternehmen der SVTI-Gruppe und damit Teil des Kompetenzzentrums f\u00fcr technische Sicherheit und Risikomanagement.\",\"breadcrumb\":{\"@id\":\"https:\/\/www.m-q.ch\/swiss-safety-center-akademie-wieder-offen\/#breadcrumb\"},\"inLanguage\":\"en-US\",\"potentialAction\":[{\"@type\":\"ReadAction\",\"target\":[\"https:\/\/www.m-q.ch\/swiss-safety-center-akademie-wieder-offen\/\"]}]},{\"@type\":\"ImageObject\",\"inLanguage\":\"en-US\",\"@id\":\"https:\/\/www.m-q.ch\/swiss-safety-center-akademie-wieder-offen\/#primaryimage\",\"url\":\"https:\/\/www.m-q.ch\/wp-content\/uploads\/2020\/06\/SwissSafetyCenter.jpg\",\"contentUrl\":\"https:\/\/www.m-q.ch\/wp-content\/uploads\/2020\/06\/SwissSafetyCenter.jpg\",\"width\":1666,\"height\":2400,\"caption\":\"Das Kompetenzzentrum f\u00fcr technische Sicherheit und Risikomanagement in Wallisellen. (Bild: Swiss Safety Center AG)\"},{\"@type\":\"BreadcrumbList\",\"@id\":\"https:\/\/www.m-q.ch\/swiss-safety-center-akademie-wieder-offen\/#breadcrumb\",\"itemListElement\":[{\"@type\":\"ListItem\",\"position\":1,\"name\":\"Risikomanagement\",\"item\":\"https:\/\/www.m-q.ch\/kategorie\/risikomanagement\/\"},{\"@type\":\"ListItem\",\"position\":2,\"name\":\"Swiss Safety Center Akademie wieder offen\"}]},{\"@type\":\"WebSite\",\"@id\":\"https:\/\/www.m-q.ch\/fr\/#website\",\"url\":\"https:\/\/www.m-q.ch\/fr\/\",\"name\":\"MQ Management und Qualit\u00e4t\",\"description\":\"Plattform f\u00fcr integrierte Managementsysteme.\",\"publisher\":{\"@id\":\"https:\/\/www.m-q.ch\/fr\/#organization\"},\"potentialAction\":[{\"@type\":\"SearchAction\",\"target\":{\"@type\":\"EntryPoint\",\"urlTemplate\":\"https:\/\/www.m-q.ch\/fr\/?s={search_term_string}\"},\"query-input\":{\"@type\":\"PropertyValueSpecification\",\"valueRequired\":true,\"valueName\":\"search_term_string\"}}],\"inLanguage\":\"en-US\"},{\"@type\":\"Organization\",\"@id\":\"https:\/\/www.m-q.ch\/fr\/#organization\",\"name\":\"Galledia Fachmedien AG\",\"url\":\"https:\/\/www.m-q.ch\/fr\/\",\"logo\":{\"@type\":\"ImageObject\",\"inLanguage\":\"en-US\",\"@id\":\"https:\/\/www.m-q.ch\/fr\/#\/schema\/logo\/image\/\",\"url\":\"https:\/\/www.m-q.ch\/wp-content\/uploads\/2020\/12\/cropped-logo_small.png\",\"contentUrl\":\"https:\/\/www.m-q.ch\/wp-content\/uploads\/2020\/12\/cropped-logo_small.png\",\"width\":512,\"height\":512,\"caption\":\"Galledia Fachmedien AG\"},\"image\":{\"@id\":\"https:\/\/www.m-q.ch\/fr\/#\/schema\/logo\/image\/\"},\"sameAs\":[\"https:\/\/www.facebook.com\/ManagementUndQualitaet\",\"https:\/\/www.linkedin.com\/showcase\/17982321\/admin\/\"]},{\"@type\":\"Person\",\"@id\":\"https:\/\/www.m-q.ch\/fr\/#\/schema\/person\/47d540e081acd98ccbeb69b55df653d7\",\"name\":\"Roger Str\u00e4ssle\",\"image\":{\"@type\":\"ImageObject\",\"inLanguage\":\"en-US\",\"@id\":\"https:\/\/www.m-q.ch\/fr\/#\/schema\/person\/image\/\",\"url\":\"https:\/\/secure.gravatar.com\/avatar\/e4dde3046d8a184d2e2d27651a418883?s=96&d=mm&r=g\",\"contentUrl\":\"https:\/\/secure.gravatar.com\/avatar\/e4dde3046d8a184d2e2d27651a418883?s=96&d=mm&r=g\",\"caption\":\"Roger Str\u00e4ssle\"},\"url\":\"https:\/\/www.m-q.ch\/en\/author\/roger-straessle\/\"}]}<\/script>\n<!-- \/ Yoast SEO plugin. -->","yoast_head_json":{"title":"Swiss Safety Center Academy open again - MQ Management und Qualit\u00e4t","description":"The Swiss Safety Center AG is a company of the SVTI Group and thus part of the competence center for technical safety and risk management.","robots":{"index":"index","follow":"follow","max-snippet":"max-snippet:-1","max-image-preview":"max-image-preview:large","max-video-preview":"max-video-preview:-1"},"canonical":"https:\/\/www.m-q.ch\/en\/swiss-safety-center-academy-open-again\/","og_locale":"en_US","og_type":"article","og_title":"Swiss Safety Center Akademie wieder offen - MQ Management und Qualit\u00e4t","og_description":"Die Swiss Safety Center AG ist ein Unternehmen der SVTI-Gruppe und damit Teil des Kompetenzzentrums f\u00fcr technische Sicherheit und Risikomanagement.","og_url":"https:\/\/www.m-q.ch\/en\/swiss-safety-center-academy-open-again\/","og_site_name":"MQ Management und Qualit\u00e4t","article_publisher":"https:\/\/www.facebook.com\/ManagementUndQualitaet","article_published_time":"2020-06-17T10:28:20+00:00","article_modified_time":"2020-06-19T12:31:09+00:00","og_image":[{"width":1666,"height":2400,"url":"https:\/\/www.m-q.ch\/wp-content\/uploads\/2020\/06\/SwissSafetyCenter.jpg","type":"image\/jpeg"}],"author":"Roger Str\u00e4ssle","twitter_card":"summary_large_image","twitter_misc":{"Written by":"Roger Str\u00e4ssle","Est. reading time":"1 minute"},"schema":{"@context":"https:\/\/schema.org","@graph":[{"@type":"Article","@id":"https:\/\/www.m-q.ch\/swiss-safety-center-akademie-wieder-offen\/#article","isPartOf":{"@id":"https:\/\/www.m-q.ch\/swiss-safety-center-akademie-wieder-offen\/"},"author":{"name":"Roger Str\u00e4ssle","@id":"https:\/\/www.m-q.ch\/fr\/#\/schema\/person\/47d540e081acd98ccbeb69b55df653d7"},"headline":"Swiss Safety Center Akademie wieder offen","datePublished":"2020-06-17T10:28:20+00:00","dateModified":"2020-06-19T12:31:09+00:00","mainEntityOfPage":{"@id":"https:\/\/www.m-q.ch\/swiss-safety-center-akademie-wieder-offen\/"},"wordCount":199,"publisher":{"@id":"https:\/\/www.m-q.ch\/fr\/#organization"},"image":{"@id":"https:\/\/www.m-q.ch\/swiss-safety-center-akademie-wieder-offen\/#primaryimage"},"thumbnailUrl":"https:\/\/www.m-q.ch\/wp-content\/uploads\/2020\/06\/SwissSafetyCenter.jpg","keywords":["Kompetenzzentrum","Kurse","Swiss Safety Center","Tag der offenen T\u00fcr"],"articleSection":["Risikomanagement"],"inLanguage":"en-US"},{"@type":"WebPage","@id":"https:\/\/www.m-q.ch\/swiss-safety-center-akademie-wieder-offen\/","url":"https:\/\/www.m-q.ch\/swiss-safety-center-akademie-wieder-offen\/","name":"Swiss Safety Center Academy open again - MQ Management und Qualit\u00e4t","isPartOf":{"@id":"https:\/\/www.m-q.ch\/fr\/#website"},"primaryImageOfPage":{"@id":"https:\/\/www.m-q.ch\/swiss-safety-center-akademie-wieder-offen\/#primaryimage"},"image":{"@id":"https:\/\/www.m-q.ch\/swiss-safety-center-akademie-wieder-offen\/#primaryimage"},"thumbnailUrl":"https:\/\/www.m-q.ch\/wp-content\/uploads\/2020\/06\/SwissSafetyCenter.jpg","datePublished":"2020-06-17T10:28:20+00:00","dateModified":"2020-06-19T12:31:09+00:00","description":"The Swiss Safety Center AG is a company of the SVTI Group and thus part of the competence center for technical safety and risk management.","breadcrumb":{"@id":"https:\/\/www.m-q.ch\/swiss-safety-center-akademie-wieder-offen\/#breadcrumb"},"inLanguage":"en-US","potentialAction":[{"@type":"ReadAction","target":["https:\/\/www.m-q.ch\/swiss-safety-center-akademie-wieder-offen\/"]}]},{"@type":"ImageObject","inLanguage":"en-US","@id":"https:\/\/www.m-q.ch\/swiss-safety-center-akademie-wieder-offen\/#primaryimage","url":"https:\/\/www.m-q.ch\/wp-content\/uploads\/2020\/06\/SwissSafetyCenter.jpg","contentUrl":"https:\/\/www.m-q.ch\/wp-content\/uploads\/2020\/06\/SwissSafetyCenter.jpg","width":1666,"height":2400,"caption":"Das Kompetenzzentrum f\u00fcr technische Sicherheit und Risikomanagement in Wallisellen. (Bild: Swiss Safety Center AG)"},{"@type":"BreadcrumbList","@id":"https:\/\/www.m-q.ch\/swiss-safety-center-akademie-wieder-offen\/#breadcrumb","itemListElement":[{"@type":"ListItem","position":1,"name":"Risikomanagement","item":"https:\/\/www.m-q.ch\/kategorie\/risikomanagement\/"},{"@type":"ListItem","position":2,"name":"Swiss Safety Center Akademie wieder offen"}]},{"@type":"WebSite","@id":"https:\/\/www.m-q.ch\/fr\/#website","url":"https:\/\/www.m-q.ch\/fr\/","name":"MQ Management and Quality","description":"Platform for integrated management systems.","publisher":{"@id":"https:\/\/www.m-q.ch\/fr\/#organization"},"potentialAction":[{"@type":"SearchAction","target":{"@type":"EntryPoint","urlTemplate":"https:\/\/www.m-q.ch\/fr\/?s={search_term_string}"},"query-input":{"@type":"PropertyValueSpecification","valueRequired":true,"valueName":"search_term_string"}}],"inLanguage":"en-US"},{"@type":"Organization","@id":"https:\/\/www.m-q.ch\/fr\/#organization","name":"Galledia Trade Media AG","url":"https:\/\/www.m-q.ch\/fr\/","logo":{"@type":"ImageObject","inLanguage":"en-US","@id":"https:\/\/www.m-q.ch\/fr\/#\/schema\/logo\/image\/","url":"https:\/\/www.m-q.ch\/wp-content\/uploads\/2020\/12\/cropped-logo_small.png","contentUrl":"https:\/\/www.m-q.ch\/wp-content\/uploads\/2020\/12\/cropped-logo_small.png","width":512,"height":512,"caption":"Galledia Fachmedien AG"},"image":{"@id":"https:\/\/www.m-q.ch\/fr\/#\/schema\/logo\/image\/"},"sameAs":["https:\/\/www.facebook.com\/ManagementUndQualitaet","https:\/\/www.linkedin.com\/showcase\/17982321\/admin\/"]},{"@type":"Person","@id":"https:\/\/www.m-q.ch\/fr\/#\/schema\/person\/47d540e081acd98ccbeb69b55df653d7","name":"Roger Str\u00e4ssle","image":{"@type":"ImageObject","inLanguage":"en-US","@id":"https:\/\/www.m-q.ch\/fr\/#\/schema\/person\/image\/","url":"https:\/\/secure.gravatar.com\/avatar\/e4dde3046d8a184d2e2d27651a418883?s=96&d=mm&r=g","contentUrl":"https:\/\/secure.gravatar.com\/avatar\/e4dde3046d8a184d2e2d27651a418883?s=96&d=mm&r=g","caption":"Roger Str\u00e4ssle"},"url":"https:\/\/www.m-q.ch\/en\/author\/roger-straessle\/"}]}},"_links":{"self":[{"href":"https:\/\/www.m-q.ch\/en\/wp-json\/wp\/v2\/posts\/4106","targetHints":{"allow":["GET"]}}],"collection":[{"href":"https:\/\/www.m-q.ch\/en\/wp-json\/wp\/v2\/posts"}],"about":[{"href":"https:\/\/www.m-q.ch\/en\/wp-json\/wp\/v2\/types\/post"}],"author":[{"embeddable":true,"href":"https:\/\/www.m-q.ch\/en\/wp-json\/wp\/v2\/users\/35"}],"replies":[{"embeddable":true,"href":"https:\/\/www.m-q.ch\/en\/wp-json\/wp\/v2\/comments?post=4106"}],"version-history":[{"count":2,"href":"https:\/\/www.m-q.ch\/en\/wp-json\/wp\/v2\/posts\/4106\/revisions"}],"predecessor-version":[{"id":4115,"href":"https:\/\/www.m-q.ch\/en\/wp-json\/wp\/v2\/posts\/4106\/revisions\/4115"}],"wp:featuredmedia":[{"embeddable":true,"href":"https:\/\/www.m-q.ch\/en\/wp-json\/wp\/v2\/media\/4107"}],"wp:attachment":[{"href":"https:\/\/www.m-q.ch\/en\/wp-json\/wp\/v2\/media?parent=4106"}],"wp:term":[{"taxonomy":"category","embeddable":true,"href":"https:\/\/www.m-q.ch\/en\/wp-json\/wp\/v2\/categories?post=4106"},{"taxonomy":"post_tag","embeddable":true,"href":"https:\/\/www.m-q.ch\/en\/wp-json\/wp\/v2\/tags?post=4106"}],"curies":[{"name":"wp","href":"https:\/\/api.w.org\/{rel}","templated":true}]}}