{"id":4186,"date":"2020-08-19T11:01:01","date_gmt":"2020-08-19T09:01:01","guid":{"rendered":"https:\/\/www.m-q.ch\/?p=4186"},"modified":"2020-11-05T09:32:00","modified_gmt":"2020-11-05T08:32:00","slug":"swiss-ethics-award-has-announced-nominated-projects","status":"publish","type":"post","link":"https:\/\/www.m-q.ch\/en\/swiss-ethics-award-hat-nominierte-projekte-bekanntgegeben\/","title":{"rendered":"Swiss Ethics Award has announced nominated projects"},"content":{"rendered":"<figure id=\"attachment_4189\" aria-describedby=\"caption-attachment-4189\" style=\"width: 680px\" class=\"wp-caption alignnone\"><img loading=\"lazy\" decoding=\"async\" class=\"size-medium wp-image-4189\" src=\"https:\/\/www.m-q.ch\/wp-content\/uploads\/2020\/08\/A_SEF_21_20180426_KE_0047-680x453-680x453.jpg\" alt=\"\" width=\"680\" height=\"453\" srcset=\"https:\/\/www.m-q.ch\/wp-content\/uploads\/2020\/08\/A_SEF_21_20180426_KE_0047-680x453.jpg 680w, https:\/\/www.m-q.ch\/wp-content\/uploads\/2020\/08\/A_SEF_21_20180426_KE_0047-680x453-16x12.jpg 16w, https:\/\/www.m-q.ch\/wp-content\/uploads\/2020\/08\/A_SEF_21_20180426_KE_0047-680x453-263x175.jpg 263w, https:\/\/www.m-q.ch\/wp-content\/uploads\/2020\/08\/A_SEF_21_20180426_KE_0047-680x453-525x350.jpg 525w, https:\/\/www.m-q.ch\/wp-content\/uploads\/2020\/08\/A_SEF_21_20180426_KE_0047-680x453-300x200.jpg 300w, https:\/\/www.m-q.ch\/wp-content\/uploads\/2020\/08\/A_SEF_21_20180426_KE_0047-680x453-624x416.jpg 624w\" sizes=\"auto, (max-width: 680px) 100vw, 680px\" \/><figcaption id=\"caption-attachment-4189\" class=\"wp-caption-text\">When far-sighted companies do good: Impressions of the Swiss Ethics Award 2018, and the Award 2020 also includes some highlights. (Picture: zVg)<\/figcaption><\/figure>\n<p style=\"margin: 0px; padding: 0px 0px 22px; font-size: 14px; line-height: 22px; font-family: 'Droid Serif', Georgia, Times, 'Times New Roman', serif; color: #444444; width: 678.297px; float: left; clear: left; font-style: normal; font-variant-ligatures: normal; font-variant-caps: normal; font-weight: 400; letter-spacing: normal; orphans: 2; text-align: start; text-indent: 0px; text-transform: none; white-space: normal; widows: 2; word-spacing: 0px; -webkit-text-stroke-width: 0px; background-color: #ffffff; text-decoration-style: initial; text-decoration-color: initial;\">Since 2005, the SWISS EXCELLENCE FORUM has honoured outstanding ethical achievements in business with the Swiss Ethics Award. The focus is on the achievements of organisations that assume responsibility in a special way and are actively involved in sustainable corporate management. Five outstanding projects have been nominated for the 2020 Award:<\/p>\n<ul style=\"margin: 0px 0px 0px 20px; padding: 0px 0px 22px; list-style: inside; font-family: 'Droid Serif', Georgia, Times, 'Times New Roman', serif; font-size: 14px; color: #444444; line-height: 22px; width: auto; float: left; clear: left; font-style: normal; font-variant-ligatures: normal; font-variant-caps: normal; font-weight: 400; letter-spacing: normal; orphans: 2; text-align: start; text-indent: 0px; text-transform: none; white-space: normal; widows: 2; word-spacing: 0px; -webkit-text-stroke-width: 0px; background-color: #ffffff; text-decoration-style: initial; text-decoration-color: initial;\">\n<li>Alternative Bank Schweiz AG, Olten Project: Climate Active ABS<\/li>\n<li>Arbofino AG, M\u00e4nnedorf Wood investment with biodiversity promotion<\/li>\n<li>Forma Futura Invest AG, Zurich Project: independent sustainable asset management<\/li>\n<li>Reckhaus AG, Gais with Insect Respect<\/li>\n<li>Vatorex AG, Wiesendangen with Bee Together Bee Alive<\/li>\n<\/ul>\n<h2 style=\"margin: 0px; padding: 0px 0px 22px; font-size: 14px; line-height: 22px; font-family: 'Droid Serif', Georgia, Times, 'Times New Roman', serif; color: #444444; width: 678.297px; float: left; clear: left; font-style: normal; font-variant-ligatures: normal; font-variant-caps: normal; font-weight: 400; letter-spacing: normal; orphans: 2; text-align: start; text-indent: 0px; text-transform: none; white-space: normal; widows: 2; word-spacing: 0px; -webkit-text-stroke-width: 0px; background-color: #ffffff; text-decoration-style: initial; text-decoration-color: initial;\"><strong>Award ceremony at the Museum of Transport Lucerne<\/strong><\/h2>\n<p style=\"margin: 0px; padding: 0px 0px 22px; font-size: 14px; line-height: 22px; font-family: 'Droid Serif', Georgia, Times, 'Times New Roman', serif; color: #444444; width: 678.297px; float: left; clear: left; font-style: normal; font-variant-ligatures: normal; font-variant-caps: normal; font-weight: 400; letter-spacing: normal; orphans: 2; text-align: start; text-indent: 0px; text-transform: none; white-space: normal; widows: 2; word-spacing: 0px; -webkit-text-stroke-width: 0px; background-color: #ffffff; text-decoration-style: initial; text-decoration-color: initial;\">The award ceremony will take place on 23 September 2020 in the Museum of Transport in Lucerne as part of an exciting programme. Dr. Marc Holitscher, Member of the Executive Board at Microsoft Switzerland will talk about \"Artificial Intelligence: why we need an ethical compass\". He will be a guest in the subsequent panel discussion together with Dr. Regula Pfister, entrepreneur and board member, and Dr. Michael F\u00fcrst, Head Social Innovation &amp; Strategy, Global Health &amp; Corporate Responsibility at Novartis International AG.<\/p>\n<h2 style=\"margin: 0px; padding: 0px 0px 22px; font-size: 14px; line-height: 22px; font-family: 'Droid Serif', Georgia, Times, 'Times New Roman', serif; color: #444444; width: 678.297px; float: left; clear: left; font-style: normal; font-variant-ligatures: normal; font-variant-caps: normal; font-weight: 400; letter-spacing: normal; orphans: 2; text-align: start; text-indent: 0px; text-transform: none; white-space: normal; widows: 2; word-spacing: 0px; -webkit-text-stroke-width: 0px; background-color: #ffffff; text-decoration-style: initial; text-decoration-color: initial;\"><strong>Jury of the Swiss Ethics Award<\/strong><\/h2>\n<p style=\"margin: 0px; padding: 0px 0px 22px; font-size: 14px; line-height: 22px; font-family: 'Droid Serif', Georgia, Times, 'Times New Roman', serif; color: #444444; width: 678.297px; float: left; clear: left; font-style: normal; font-variant-ligatures: normal; font-variant-caps: normal; font-weight: 400; letter-spacing: normal; orphans: 2; text-align: start; text-indent: 0px; text-transform: none; white-space: normal; widows: 2; word-spacing: 0px; -webkit-text-stroke-width: 0px; background-color: #ffffff; text-decoration-style: initial; text-decoration-color: initial;\">The projects will be judged by a top-class jury consisting of ethicists as well as representatives from business, science, theology and politics:<\/p>\n<ul>\n<li style=\"width: 678.29px; color: #444444; text-transform: none; line-height: 22px; text-indent: 0px; letter-spacing: normal; clear: left; font-family: 'Droid Serif',Georgia,Times,'Times New Roman',serif; font-size: 14px; font-style: normal; font-weight: 400; word-spacing: 0px; white-space: normal; orphans: 2; widows: 2; float: left; -webkit-text-stroke-width: 0px; background-color: #ffffff;\">Stephan Baer, Baer Ammann GmbH<\/li>\n<li style=\"width: 678.29px; color: #444444; text-transform: none; line-height: 22px; text-indent: 0px; letter-spacing: normal; clear: left; font-family: 'Droid Serif',Georgia,Times,'Times New Roman',serif; font-size: 14px; font-style: normal; font-weight: 400; word-spacing: 0px; white-space: normal; orphans: 2; widows: 2; float: left; -webkit-text-stroke-width: 0px; background-color: #ffffff;\">National Councillor Corina Eichenberger<\/li>\n<li style=\"width: 678.29px; color: #444444; text-transform: none; line-height: 22px; text-indent: 0px; letter-spacing: normal; clear: left; font-family: 'Droid Serif',Georgia,Times,'Times New Roman',serif; font-size: 14px; font-style: normal; font-weight: 400; word-spacing: 0px; white-space: normal; orphans: 2; widows: 2; float: left; -webkit-text-stroke-width: 0px; background-color: #ffffff;\">Paola Ghillani, Paola Ghillani &amp; Friends Ltd<\/li>\n<li style=\"width: 678.29px; color: #444444; text-transform: none; line-height: 22px; text-indent: 0px; letter-spacing: normal; clear: left; font-family: 'Droid Serif',Georgia,Times,'Times New Roman',serif; font-size: 14px; font-style: normal; font-weight: 400; word-spacing: 0px; white-space: normal; orphans: 2; widows: 2; float: left; -webkit-text-stroke-width: 0px; background-color: #ffffff;\">Prof. Dr. Markus Huppenbauer, Center for Religion, Economics and Politics, University of Zurich<\/li>\n<li style=\"width: 678.29px; color: #444444; text-transform: none; line-height: 22px; text-indent: 0px; letter-spacing: normal; clear: left; font-family: 'Droid Serif',Georgia,Times,'Times New Roman',serif; font-size: 14px; font-style: normal; font-weight: 400; word-spacing: 0px; white-space: normal; orphans: 2; widows: 2; float: left; -webkit-text-stroke-width: 0px; background-color: #ffffff;\">Prof. Dr. Hans Ruh, economic and social ethicist<\/li>\n<li style=\"width: 678.29px; color: #444444; text-transform: none; line-height: 22px; text-indent: 0px; letter-spacing: normal; clear: left; font-family: 'Droid Serif',Georgia,Times,'Times New Roman',serif; font-size: 14px; font-style: normal; font-weight: 400; word-spacing: 0px; white-space: normal; orphans: 2; widows: 2; float: left; -webkit-text-stroke-width: 0px; background-color: #ffffff;\">Prof. Dr. Peter Schaber, Ethics Centre of the University of Zurich<\/li>\n<li style=\"width: 678.29px; color: #444444; text-transform: none; line-height: 22px; text-indent: 0px; letter-spacing: normal; clear: left; font-family: 'Droid Serif',Georgia,Times,'Times New Roman',serif; font-size: 14px; font-style: normal; font-weight: 400; word-spacing: 0px; white-space: normal; orphans: 2; widows: 2; float: left; -webkit-text-stroke-width: 0px; background-color: #ffffff;\">Dr Christoph Weber-Berg, Reformed Regional Church of Aargau<\/li>\n<\/ul>\n<h2 style=\"margin: 0px; padding: 0px 0px 22px; font-size: 14px; line-height: 22px; font-family: 'Droid Serif', Georgia, Times, 'Times New Roman', serif; color: #444444; width: 678.297px; float: left; clear: left; font-style: normal; font-variant-ligatures: normal; font-variant-caps: normal; font-weight: 400; letter-spacing: normal; orphans: 2; text-align: start; text-indent: 0px; text-transform: none; white-space: normal; widows: 2; word-spacing: 0px; -webkit-text-stroke-width: 0px; background-color: #ffffff; text-decoration-style: initial; text-decoration-color: initial;\"><em><strong>Partner<\/strong><\/em><\/h2>\n<p style=\"margin: 0px; padding: 0px 0px 22px; font-size: 14px; line-height: 22px; font-family: 'Droid Serif', Georgia, Times, 'Times New Roman', serif; color: #444444; width: 678.297px; float: left; clear: left; font-style: normal; font-variant-ligatures: normal; font-variant-caps: normal; font-weight: 400; letter-spacing: normal; orphans: 2; text-align: start; text-indent: 0px; text-transform: none; white-space: normal; widows: 2; word-spacing: 0px; -webkit-text-stroke-width: 0px; background-color: #ffffff; text-decoration-style: initial; text-decoration-color: initial;\"><em>The Swiss Ethics Award is supported by Holinger AG, Die Post, ibW H\u00f6here Fachschule S\u00fcdostschweiz, Luzerner Kantonalbank, Linkgroup AG, Zentralbahn, the organiser and Umwelt Perspektiven.<\/em><\/p>\n<p style=\"margin: 0px; padding: 0px 0px 22px; font-size: 14px; line-height: 22px; font-family: 'Droid Serif', Georgia, Times, 'Times New Roman', serif; color: #444444; width: 678.297px; float: left; clear: left; font-style: normal; font-variant-ligatures: normal; font-variant-caps: normal; font-weight: 400; letter-spacing: normal; orphans: 2; text-align: start; text-indent: 0px; text-transform: none; white-space: normal; widows: 2; word-spacing: 0px; -webkit-text-stroke-width: 0px; background-color: #ffffff; text-decoration-style: initial; text-decoration-color: initial;\"><em>For further details please contact us:<\/em><\/p>\n<p style=\"margin: 0px; padding: 0px 0px 22px; font-size: 14px; line-height: 22px; font-family: 'Droid Serif', Georgia, Times, 'Times New Roman', serif; color: #444444; width: 678.297px; float: left; clear: left; font-style: normal; font-variant-ligatures: normal; font-variant-caps: normal; font-weight: 400; letter-spacing: normal; orphans: 2; text-align: start; text-indent: 0px; text-transform: none; white-space: normal; widows: 2; word-spacing: 0px; -webkit-text-stroke-width: 0px; background-color: #ffffff; text-decoration-style: initial; text-decoration-color: initial;\"><em>Ruth Buholzer, SWISS EXCELLENCE FORUM<\/em><\/p>\n<p style=\"margin: 0px; padding: 0px 0px 22px; font-size: 14px; line-height: 22px; font-family: 'Droid Serif', Georgia, Times, 'Times New Roman', serif; color: #444444; width: 678.297px; float: left; clear: left; font-style: normal; font-variant-ligatures: normal; font-variant-caps: normal; font-weight: 400; letter-spacing: normal; orphans: 2; text-align: start; text-indent: 0px; text-transform: none; white-space: normal; widows: 2; word-spacing: 0px; -webkit-text-stroke-width: 0px; background-color: #ffffff; text-decoration-style: initial; text-decoration-color: initial;\"><em>(<a>r.buholzer@excellence-forum.ch<\/a>)<\/em><\/p>\n<p style=\"margin: 0px; padding: 0px 0px 22px; font-size: 14px; line-height: 22px; font-family: 'Droid Serif', Georgia, Times, 'Times New Roman', serif; color: #444444; width: 678.297px; float: left; clear: left; font-style: normal; font-variant-ligatures: normal; font-variant-caps: normal; font-weight: 400; letter-spacing: normal; orphans: 2; text-align: start; text-indent: 0px; text-transform: none; white-space: normal; widows: 2; word-spacing: 0px; -webkit-text-stroke-width: 0px; background-color: #ffffff; text-decoration-style: initial; text-decoration-color: initial;\"><em><a href=\"https:\/\/www.swiss-excellence-forum.ch\/\">www.swiss-excellence-forum.ch<\/a><\/em><\/p>","protected":false},"excerpt":{"rendered":"<p>Seit 2005 zeichnet das SWISS EXCELLENCE FORUM mit dem Swiss Ethics Award herausragende ethische Leistungen in der Wirtschaft aus. Im Fokus stehen Leistungen von Organisationen, die in besonderer Weise Verantwortung \u00fcbernehmen und sich aktiv f\u00fcr eine nachhaltige Unternehmensf\u00fchrung engagieren. F\u00fcr den Award 2020 sind f\u00fcnf herausragende Projekte nominiert: Alternative Bank Schweiz AG, Olten\u00a0 Projekt: Klima-Aktive [&hellip;]<\/p>\n","protected":false},"author":10,"featured_media":4189,"comment_status":"closed","ping_status":"closed","sticky":false,"template":"","format":"standard","meta":{"_acf_changed":false,"footnotes":""},"categories":[5],"tags":[3529,3328,3360,3367],"class_list":["post-4186","post","type-post","status-publish","format-standard","has-post-thumbnail","hentry","category-business_excellence","tag-award","tag-business-excellence","tag-management-und-unternehmensfuehrung","tag-nachhaltige-wirtschaft"],"acf":[],"yoast_head":"<!-- This site is optimized with the Yoast SEO plugin v26.2 - https:\/\/yoast.com\/wordpress\/plugins\/seo\/ -->\n<title>Swiss Ethics Award hat nominierte Projekte bekanntgegeben - MQ Management und Qualit\u00e4t<\/title>\n<meta name=\"description\" content=\"F\u00fcnf Unternehmen sind f\u00fcr den Swiss Ethics Award nominiert, der am 23. September 2020 durch das SWISS EXCELLENCE FORUM zum 9. Mal verliehen wird.\" \/>\n<meta name=\"robots\" content=\"index, follow, max-snippet:-1, max-image-preview:large, max-video-preview:-1\" \/>\n<link rel=\"canonical\" href=\"https:\/\/www.m-q.ch\/en\/swiss-ethics-award-has-announced-nominated-projects\/\" \/>\n<meta property=\"og:locale\" content=\"en_US\" \/>\n<meta property=\"og:type\" content=\"article\" \/>\n<meta property=\"og:title\" content=\"Swiss Ethics Award hat nominierte Projekte bekanntgegeben\" \/>\n<meta property=\"og:description\" content=\"F\u00fcnf Unternehmen sind f\u00fcr den Swiss Ethics Award nominiert, der am 23. September 2020 durch das SWISS EXCELLENCE FORUM zum 9. Mal verliehen wird.\" \/>\n<meta property=\"og:url\" content=\"https:\/\/www.m-q.ch\/en\/swiss-ethics-award-has-announced-nominated-projects\/\" \/>\n<meta property=\"og:site_name\" content=\"MQ Management und Qualit\u00e4t\" \/>\n<meta property=\"article:publisher\" content=\"https:\/\/www.facebook.com\/ManagementUndQualitaet\" \/>\n<meta property=\"article:published_time\" content=\"2020-08-19T09:01:01+00:00\" \/>\n<meta property=\"article:modified_time\" content=\"2020-11-05T08:32:00+00:00\" \/>\n<meta property=\"og:image\" content=\"https:\/\/www.m-q.ch\/wp-content\/uploads\/2020\/08\/A_SEF_21_20180426_KE_0047-680x453.jpg\" \/>\n<meta name=\"author\" content=\"Thomas Berner\" \/>\n<meta name=\"twitter:card\" content=\"summary_large_image\" \/>\n<meta name=\"twitter:title\" content=\"Swiss Ethics Award hat nominierte Projekte bekanntgegeben\" \/>\n<meta name=\"twitter:description\" content=\"F\u00fcnf Unternehmen sind f\u00fcr den Swiss Ethics Award nominiert, der am 23. September 2020 durch das SWISS EXCELLENCE FORUM zum 9. Mal verliehen wird.\" \/>\n<meta name=\"twitter:image\" content=\"https:\/\/www.m-q.ch\/wp-content\/uploads\/2020\/08\/A_SEF_21_20180426_KE_0047-680x453.jpg\" \/>\n<meta name=\"twitter:label1\" content=\"Written by\" \/>\n\t<meta name=\"twitter:data1\" content=\"Thomas Berner\" \/>\n\t<meta name=\"twitter:label2\" content=\"Est. reading time\" \/>\n\t<meta name=\"twitter:data2\" content=\"2 minutes\" \/>\n<script type=\"application\/ld+json\" class=\"yoast-schema-graph\">{\"@context\":\"https:\/\/schema.org\",\"@graph\":[{\"@type\":\"Article\",\"@id\":\"https:\/\/www.m-q.ch\/swiss-ethics-award-hat-nominierte-projekte-bekanntgegeben\/#article\",\"isPartOf\":{\"@id\":\"https:\/\/www.m-q.ch\/swiss-ethics-award-hat-nominierte-projekte-bekanntgegeben\/\"},\"author\":{\"name\":\"Thomas Berner\",\"@id\":\"https:\/\/www.m-q.ch\/fr\/#\/schema\/person\/a8711938b1cfb3f056dec70eaa0b42ab\"},\"headline\":\"Swiss Ethics Award hat nominierte Projekte bekanntgegeben\",\"datePublished\":\"2020-08-19T09:01:01+00:00\",\"dateModified\":\"2020-11-05T08:32:00+00:00\",\"mainEntityOfPage\":{\"@id\":\"https:\/\/www.m-q.ch\/swiss-ethics-award-hat-nominierte-projekte-bekanntgegeben\/\"},\"wordCount\":333,\"publisher\":{\"@id\":\"https:\/\/www.m-q.ch\/fr\/#organization\"},\"image\":{\"@id\":\"https:\/\/www.m-q.ch\/swiss-ethics-award-hat-nominierte-projekte-bekanntgegeben\/#primaryimage\"},\"thumbnailUrl\":\"https:\/\/www.m-q.ch\/wp-content\/uploads\/2020\/08\/A_SEF_21_20180426_KE_0047-680x453.jpg\",\"keywords\":[\"Award\",\"Business Excellence\",\"Management und Unternehmensf\u00fchrung\",\"Nachhaltige Wirtschaft\"],\"articleSection\":[\"Business Excellence\"],\"inLanguage\":\"en-US\"},{\"@type\":\"WebPage\",\"@id\":\"https:\/\/www.m-q.ch\/swiss-ethics-award-hat-nominierte-projekte-bekanntgegeben\/\",\"url\":\"https:\/\/www.m-q.ch\/swiss-ethics-award-hat-nominierte-projekte-bekanntgegeben\/\",\"name\":\"Swiss Ethics Award hat nominierte Projekte bekanntgegeben - MQ Management und Qualit\u00e4t\",\"isPartOf\":{\"@id\":\"https:\/\/www.m-q.ch\/fr\/#website\"},\"primaryImageOfPage\":{\"@id\":\"https:\/\/www.m-q.ch\/swiss-ethics-award-hat-nominierte-projekte-bekanntgegeben\/#primaryimage\"},\"image\":{\"@id\":\"https:\/\/www.m-q.ch\/swiss-ethics-award-hat-nominierte-projekte-bekanntgegeben\/#primaryimage\"},\"thumbnailUrl\":\"https:\/\/www.m-q.ch\/wp-content\/uploads\/2020\/08\/A_SEF_21_20180426_KE_0047-680x453.jpg\",\"datePublished\":\"2020-08-19T09:01:01+00:00\",\"dateModified\":\"2020-11-05T08:32:00+00:00\",\"description\":\"F\u00fcnf Unternehmen sind f\u00fcr den Swiss Ethics Award nominiert, der am 23. September 2020 durch das SWISS EXCELLENCE FORUM zum 9. Mal verliehen wird.\",\"breadcrumb\":{\"@id\":\"https:\/\/www.m-q.ch\/swiss-ethics-award-hat-nominierte-projekte-bekanntgegeben\/#breadcrumb\"},\"inLanguage\":\"en-US\",\"potentialAction\":[{\"@type\":\"ReadAction\",\"target\":[\"https:\/\/www.m-q.ch\/swiss-ethics-award-hat-nominierte-projekte-bekanntgegeben\/\"]}]},{\"@type\":\"ImageObject\",\"inLanguage\":\"en-US\",\"@id\":\"https:\/\/www.m-q.ch\/swiss-ethics-award-hat-nominierte-projekte-bekanntgegeben\/#primaryimage\",\"url\":\"https:\/\/www.m-q.ch\/wp-content\/uploads\/2020\/08\/A_SEF_21_20180426_KE_0047-680x453.jpg\",\"contentUrl\":\"https:\/\/www.m-q.ch\/wp-content\/uploads\/2020\/08\/A_SEF_21_20180426_KE_0047-680x453.jpg\",\"width\":680,\"height\":453,\"caption\":\"Wenn weitsichtige Unternehmen Gutes tun: Impressionen vom Swiss Ethics Award 2018. Auch der Award 2020 beinhaltet einige Leuchtpunkte. (Bild: zVg)\"},{\"@type\":\"BreadcrumbList\",\"@id\":\"https:\/\/www.m-q.ch\/swiss-ethics-award-hat-nominierte-projekte-bekanntgegeben\/#breadcrumb\",\"itemListElement\":[{\"@type\":\"ListItem\",\"position\":1,\"name\":\"Business Excellence\",\"item\":\"https:\/\/www.m-q.ch\/kategorie\/business_excellence\/\"},{\"@type\":\"ListItem\",\"position\":2,\"name\":\"Swiss Ethics Award hat nominierte Projekte bekanntgegeben\"}]},{\"@type\":\"WebSite\",\"@id\":\"https:\/\/www.m-q.ch\/fr\/#website\",\"url\":\"https:\/\/www.m-q.ch\/fr\/\",\"name\":\"MQ Management und Qualit\u00e4t\",\"description\":\"Plattform f\u00fcr integrierte Managementsysteme.\",\"publisher\":{\"@id\":\"https:\/\/www.m-q.ch\/fr\/#organization\"},\"potentialAction\":[{\"@type\":\"SearchAction\",\"target\":{\"@type\":\"EntryPoint\",\"urlTemplate\":\"https:\/\/www.m-q.ch\/fr\/?s={search_term_string}\"},\"query-input\":{\"@type\":\"PropertyValueSpecification\",\"valueRequired\":true,\"valueName\":\"search_term_string\"}}],\"inLanguage\":\"en-US\"},{\"@type\":\"Organization\",\"@id\":\"https:\/\/www.m-q.ch\/fr\/#organization\",\"name\":\"Galledia Fachmedien AG\",\"url\":\"https:\/\/www.m-q.ch\/fr\/\",\"logo\":{\"@type\":\"ImageObject\",\"inLanguage\":\"en-US\",\"@id\":\"https:\/\/www.m-q.ch\/fr\/#\/schema\/logo\/image\/\",\"url\":\"https:\/\/www.m-q.ch\/wp-content\/uploads\/2020\/12\/cropped-logo_small.png\",\"contentUrl\":\"https:\/\/www.m-q.ch\/wp-content\/uploads\/2020\/12\/cropped-logo_small.png\",\"width\":512,\"height\":512,\"caption\":\"Galledia Fachmedien AG\"},\"image\":{\"@id\":\"https:\/\/www.m-q.ch\/fr\/#\/schema\/logo\/image\/\"},\"sameAs\":[\"https:\/\/www.facebook.com\/ManagementUndQualitaet\",\"https:\/\/www.linkedin.com\/showcase\/17982321\/admin\/\"]},{\"@type\":\"Person\",\"@id\":\"https:\/\/www.m-q.ch\/fr\/#\/schema\/person\/a8711938b1cfb3f056dec70eaa0b42ab\",\"name\":\"Thomas Berner\",\"image\":{\"@type\":\"ImageObject\",\"inLanguage\":\"en-US\",\"@id\":\"https:\/\/www.m-q.ch\/fr\/#\/schema\/person\/image\/\",\"url\":\"https:\/\/secure.gravatar.com\/avatar\/faea7857408f70478f976d576da10f96?s=96&d=mm&r=g\",\"contentUrl\":\"https:\/\/secure.gravatar.com\/avatar\/faea7857408f70478f976d576da10f96?s=96&d=mm&r=g\",\"caption\":\"Thomas Berner\"},\"url\":\"https:\/\/www.m-q.ch\/en\/author\/thomas-berner\/\"}]}<\/script>\n<!-- \/ Yoast SEO plugin. -->","yoast_head_json":{"title":"Swiss Ethics Award has announced nominated projects - MQ Management und Qualit\u00e4t","description":"Five companies have been nominated for the Swiss Ethics Award, which will be presented by the SWISS EXCELLENCE FORUM for the 9th time on 23 September 2020.","robots":{"index":"index","follow":"follow","max-snippet":"max-snippet:-1","max-image-preview":"max-image-preview:large","max-video-preview":"max-video-preview:-1"},"canonical":"https:\/\/www.m-q.ch\/en\/swiss-ethics-award-has-announced-nominated-projects\/","og_locale":"en_US","og_type":"article","og_title":"Swiss Ethics Award hat nominierte Projekte bekanntgegeben","og_description":"F\u00fcnf Unternehmen sind f\u00fcr den Swiss Ethics Award nominiert, der am 23. September 2020 durch das SWISS EXCELLENCE FORUM zum 9. Mal verliehen wird.","og_url":"https:\/\/www.m-q.ch\/en\/swiss-ethics-award-has-announced-nominated-projects\/","og_site_name":"MQ Management und Qualit\u00e4t","article_publisher":"https:\/\/www.facebook.com\/ManagementUndQualitaet","article_published_time":"2020-08-19T09:01:01+00:00","article_modified_time":"2020-11-05T08:32:00+00:00","og_image":[{"url":"https:\/\/www.m-q.ch\/wp-content\/uploads\/2020\/08\/A_SEF_21_20180426_KE_0047-680x453.jpg","type":"","width":"","height":""}],"author":"Thomas Berner","twitter_card":"summary_large_image","twitter_title":"Swiss Ethics Award hat nominierte Projekte bekanntgegeben","twitter_description":"F\u00fcnf Unternehmen sind f\u00fcr den Swiss Ethics Award nominiert, der am 23. September 2020 durch das SWISS EXCELLENCE FORUM zum 9. Mal verliehen wird.","twitter_image":"https:\/\/www.m-q.ch\/wp-content\/uploads\/2020\/08\/A_SEF_21_20180426_KE_0047-680x453.jpg","twitter_misc":{"Written by":"Thomas Berner","Est. reading time":"2 minutes"},"schema":{"@context":"https:\/\/schema.org","@graph":[{"@type":"Article","@id":"https:\/\/www.m-q.ch\/swiss-ethics-award-hat-nominierte-projekte-bekanntgegeben\/#article","isPartOf":{"@id":"https:\/\/www.m-q.ch\/swiss-ethics-award-hat-nominierte-projekte-bekanntgegeben\/"},"author":{"name":"Thomas Berner","@id":"https:\/\/www.m-q.ch\/fr\/#\/schema\/person\/a8711938b1cfb3f056dec70eaa0b42ab"},"headline":"Swiss Ethics Award hat nominierte Projekte bekanntgegeben","datePublished":"2020-08-19T09:01:01+00:00","dateModified":"2020-11-05T08:32:00+00:00","mainEntityOfPage":{"@id":"https:\/\/www.m-q.ch\/swiss-ethics-award-hat-nominierte-projekte-bekanntgegeben\/"},"wordCount":333,"publisher":{"@id":"https:\/\/www.m-q.ch\/fr\/#organization"},"image":{"@id":"https:\/\/www.m-q.ch\/swiss-ethics-award-hat-nominierte-projekte-bekanntgegeben\/#primaryimage"},"thumbnailUrl":"https:\/\/www.m-q.ch\/wp-content\/uploads\/2020\/08\/A_SEF_21_20180426_KE_0047-680x453.jpg","keywords":["Award","Business Excellence","Management und Unternehmensf\u00fchrung","Nachhaltige Wirtschaft"],"articleSection":["Business Excellence"],"inLanguage":"en-US"},{"@type":"WebPage","@id":"https:\/\/www.m-q.ch\/swiss-ethics-award-hat-nominierte-projekte-bekanntgegeben\/","url":"https:\/\/www.m-q.ch\/swiss-ethics-award-hat-nominierte-projekte-bekanntgegeben\/","name":"Swiss Ethics Award has announced nominated projects - MQ Management und Qualit\u00e4t","isPartOf":{"@id":"https:\/\/www.m-q.ch\/fr\/#website"},"primaryImageOfPage":{"@id":"https:\/\/www.m-q.ch\/swiss-ethics-award-hat-nominierte-projekte-bekanntgegeben\/#primaryimage"},"image":{"@id":"https:\/\/www.m-q.ch\/swiss-ethics-award-hat-nominierte-projekte-bekanntgegeben\/#primaryimage"},"thumbnailUrl":"https:\/\/www.m-q.ch\/wp-content\/uploads\/2020\/08\/A_SEF_21_20180426_KE_0047-680x453.jpg","datePublished":"2020-08-19T09:01:01+00:00","dateModified":"2020-11-05T08:32:00+00:00","description":"Five companies have been nominated for the Swiss Ethics Award, which will be presented by the SWISS EXCELLENCE FORUM for the 9th time on 23 September 2020.","breadcrumb":{"@id":"https:\/\/www.m-q.ch\/swiss-ethics-award-hat-nominierte-projekte-bekanntgegeben\/#breadcrumb"},"inLanguage":"en-US","potentialAction":[{"@type":"ReadAction","target":["https:\/\/www.m-q.ch\/swiss-ethics-award-hat-nominierte-projekte-bekanntgegeben\/"]}]},{"@type":"ImageObject","inLanguage":"en-US","@id":"https:\/\/www.m-q.ch\/swiss-ethics-award-hat-nominierte-projekte-bekanntgegeben\/#primaryimage","url":"https:\/\/www.m-q.ch\/wp-content\/uploads\/2020\/08\/A_SEF_21_20180426_KE_0047-680x453.jpg","contentUrl":"https:\/\/www.m-q.ch\/wp-content\/uploads\/2020\/08\/A_SEF_21_20180426_KE_0047-680x453.jpg","width":680,"height":453,"caption":"Wenn weitsichtige Unternehmen Gutes tun: Impressionen vom Swiss Ethics Award 2018. Auch der Award 2020 beinhaltet einige Leuchtpunkte. (Bild: zVg)"},{"@type":"BreadcrumbList","@id":"https:\/\/www.m-q.ch\/swiss-ethics-award-hat-nominierte-projekte-bekanntgegeben\/#breadcrumb","itemListElement":[{"@type":"ListItem","position":1,"name":"Business Excellence","item":"https:\/\/www.m-q.ch\/kategorie\/business_excellence\/"},{"@type":"ListItem","position":2,"name":"Swiss Ethics Award hat nominierte Projekte bekanntgegeben"}]},{"@type":"WebSite","@id":"https:\/\/www.m-q.ch\/fr\/#website","url":"https:\/\/www.m-q.ch\/fr\/","name":"MQ Management and Quality","description":"Platform for integrated management systems.","publisher":{"@id":"https:\/\/www.m-q.ch\/fr\/#organization"},"potentialAction":[{"@type":"SearchAction","target":{"@type":"EntryPoint","urlTemplate":"https:\/\/www.m-q.ch\/fr\/?s={search_term_string}"},"query-input":{"@type":"PropertyValueSpecification","valueRequired":true,"valueName":"search_term_string"}}],"inLanguage":"en-US"},{"@type":"Organization","@id":"https:\/\/www.m-q.ch\/fr\/#organization","name":"Galledia Trade Media AG","url":"https:\/\/www.m-q.ch\/fr\/","logo":{"@type":"ImageObject","inLanguage":"en-US","@id":"https:\/\/www.m-q.ch\/fr\/#\/schema\/logo\/image\/","url":"https:\/\/www.m-q.ch\/wp-content\/uploads\/2020\/12\/cropped-logo_small.png","contentUrl":"https:\/\/www.m-q.ch\/wp-content\/uploads\/2020\/12\/cropped-logo_small.png","width":512,"height":512,"caption":"Galledia Fachmedien AG"},"image":{"@id":"https:\/\/www.m-q.ch\/fr\/#\/schema\/logo\/image\/"},"sameAs":["https:\/\/www.facebook.com\/ManagementUndQualitaet","https:\/\/www.linkedin.com\/showcase\/17982321\/admin\/"]},{"@type":"Person","@id":"https:\/\/www.m-q.ch\/fr\/#\/schema\/person\/a8711938b1cfb3f056dec70eaa0b42ab","name":"Thomas Bernard","image":{"@type":"ImageObject","inLanguage":"en-US","@id":"https:\/\/www.m-q.ch\/fr\/#\/schema\/person\/image\/","url":"https:\/\/secure.gravatar.com\/avatar\/faea7857408f70478f976d576da10f96?s=96&d=mm&r=g","contentUrl":"https:\/\/secure.gravatar.com\/avatar\/faea7857408f70478f976d576da10f96?s=96&d=mm&r=g","caption":"Thomas Berner"},"url":"https:\/\/www.m-q.ch\/en\/author\/thomas-berner\/"}]}},"_links":{"self":[{"href":"https:\/\/www.m-q.ch\/en\/wp-json\/wp\/v2\/posts\/4186","targetHints":{"allow":["GET"]}}],"collection":[{"href":"https:\/\/www.m-q.ch\/en\/wp-json\/wp\/v2\/posts"}],"about":[{"href":"https:\/\/www.m-q.ch\/en\/wp-json\/wp\/v2\/types\/post"}],"author":[{"embeddable":true,"href":"https:\/\/www.m-q.ch\/en\/wp-json\/wp\/v2\/users\/10"}],"replies":[{"embeddable":true,"href":"https:\/\/www.m-q.ch\/en\/wp-json\/wp\/v2\/comments?post=4186"}],"version-history":[{"count":4,"href":"https:\/\/www.m-q.ch\/en\/wp-json\/wp\/v2\/posts\/4186\/revisions"}],"predecessor-version":[{"id":4191,"href":"https:\/\/www.m-q.ch\/en\/wp-json\/wp\/v2\/posts\/4186\/revisions\/4191"}],"wp:featuredmedia":[{"embeddable":true,"href":"https:\/\/www.m-q.ch\/en\/wp-json\/wp\/v2\/media\/4189"}],"wp:attachment":[{"href":"https:\/\/www.m-q.ch\/en\/wp-json\/wp\/v2\/media?parent=4186"}],"wp:term":[{"taxonomy":"category","embeddable":true,"href":"https:\/\/www.m-q.ch\/en\/wp-json\/wp\/v2\/categories?post=4186"},{"taxonomy":"post_tag","embeddable":true,"href":"https:\/\/www.m-q.ch\/en\/wp-json\/wp\/v2\/tags?post=4186"}],"curies":[{"name":"wp","href":"https:\/\/api.w.org\/{rel}","templated":true}]}}