{"id":424,"date":"2016-05-20T13:49:05","date_gmt":"2016-05-20T11:49:05","guid":{"rendered":"http:\/\/dev.m-q.ch\/?p=424"},"modified":"2017-03-01T13:45:55","modified_gmt":"2017-03-01T12:45:55","slug":"new-head-of-the-institute-for-facility-management-ifm","status":"publish","type":"post","link":"https:\/\/www.m-q.ch\/en\/neue-leitung-des-instituts-fuer-facility-management-ifm\/","title":{"rendered":"New management of the Institute for Facility Management (IFM)"},"content":{"rendered":"<p><a href=\"https:\/\/m-q.ch\/wp-content\/uploads\/2016\/12\/Neue-Leitung-des-Instituts-f\u00fcr-Facility-Management-IFM-management-und-qualitaet.jpg\"><img loading=\"lazy\" decoding=\"async\" class=\"wp-image-183 size-full\" src=\"https:\/\/www.m-q.ch\/wp-content\/uploads\/2016\/12\/Neue-Leitung-des-Instituts-f\u00fcr-Facility-Management-IFM-management-und-qualitaet.jpg\" width=\"396\" height=\"528\" srcset=\"https:\/\/www.m-q.ch\/wp-content\/uploads\/2016\/12\/Neue-Leitung-des-Instituts-f\u00fcr-Facility-Management-IFM-management-und-qualitaet.jpg 396w, https:\/\/www.m-q.ch\/wp-content\/uploads\/2016\/12\/Neue-Leitung-des-Instituts-f\u00fcr-Facility-Management-IFM-management-und-qualitaet-9x12.jpg 9w, https:\/\/www.m-q.ch\/wp-content\/uploads\/2016\/12\/Neue-Leitung-des-Instituts-f\u00fcr-Facility-Management-IFM-management-und-qualitaet-131x175.jpg 131w, https:\/\/www.m-q.ch\/wp-content\/uploads\/2016\/12\/Neue-Leitung-des-Instituts-f\u00fcr-Facility-Management-IFM-management-und-qualitaet-263x350.jpg 263w, https:\/\/www.m-q.ch\/wp-content\/uploads\/2016\/12\/Neue-Leitung-des-Instituts-f\u00fcr-Facility-Management-IFM-management-und-qualitaet-300x400.jpg 300w\" sizes=\"auto, (max-width: 396px) 100vw, 396px\" \/><\/a><\/p>\n<p>Antje Junghans is currently Professor of Facility Management in Trondheim at the Norwegian University of Science and Technology (NTNU). She is currently a visiting researcher at the University of California at Berkeley. Her research focuses on the sustainability and energy efficiency of buildings and the development of holistic facility management strategies. The renowned scientist is distinguished by impressive achievements in research and teaching and has an excellent international network. As a board member of the European Facility Management Network (EuroFM), she led the Euro-FM research group from 2010 to 2012.<\/p>\n<p>At the beginning of her professional career, she managed her own architectural practice in Germany and was project manager of major construction projects. \"I am convinced that Antje Junghans will be an excellent continuation of Thomas Wehrm\u00fcller's work,\" says Prof. Urs Hilber, Director of the ZHAW Department of Life Sciences and Facility Management. Prof. Thomas Wehrm\u00fcller built up today's IFM in W\u00e4denswil and excellently profiled and led it for 17 years.<\/p>\n<p>At the Institute of Facility Management at the ZHAW, more than 50 experts work, research and teach in the fields of real estate management, business economics\/human resources and hospitality management.<\/p>\n<p><a href=\"http:\/\/www.zhaw.ch\/ifm\" target=\"_blank\" data-cke-saved-href=\"http:\/\/www.zhaw.ch\/ifm\">www.zhaw.ch\/ifm<\/a><\/p>","protected":false},"excerpt":{"rendered":"<p>Prof. Dr.-Ing. Antje Junghans ist heute Professorin f\u00fcr Facility Management in Trondheim an der Norwegian University of Science and Technology (NTNU). Derzeit forscht sie als Gastwissenschaftlerin an der University of California in Berkeley. Ihr Forschungsschwerpunkt gilt der Nachhaltigkeit und Energieeffizienz von Geb\u00e4uden sowie der Entwicklung ganzheitlicher Facility Management-Strategien. Die renommierte Wissenschaftlerin zeichnet sich durch beeindruckende [&hellip;]<\/p>\n","protected":false},"author":1,"featured_media":183,"comment_status":"open","ping_status":"open","sticky":false,"template":"","format":"standard","meta":{"_acf_changed":false,"footnotes":""},"categories":[1],"tags":[3335],"class_list":["post-424","post","type-post","status-publish","format-standard","has-post-thumbnail","hentry","category-unkategorisiert","tag-personalia"],"acf":[],"yoast_head":"<!-- This site is optimized with the Yoast SEO plugin v26.2 - https:\/\/yoast.com\/wordpress\/plugins\/seo\/ -->\n<title>Neue Leitung des Instituts f\u00fcr Facility Management (IFM) - MQ Management und Qualit\u00e4t<\/title>\n<meta name=\"description\" content=\"In der Leitung des Instituts f\u00fcr Facility Management (IFM) der ZHAW in W\u00e4denswil gibt es einen Stabwechsel.\" \/>\n<meta name=\"robots\" content=\"index, follow, max-snippet:-1, max-image-preview:large, max-video-preview:-1\" \/>\n<link rel=\"canonical\" href=\"https:\/\/www.m-q.ch\/en\/new-head-of-institute-for-facility-management-ifm\/\" \/>\n<meta property=\"og:locale\" content=\"en_US\" \/>\n<meta property=\"og:type\" content=\"article\" \/>\n<meta property=\"og:title\" content=\"Neue Leitung des Instituts f\u00fcr Facility Management (IFM) - MQ Management und Qualit\u00e4t\" \/>\n<meta property=\"og:description\" content=\"In der Leitung des Instituts f\u00fcr Facility Management (IFM) der ZHAW in W\u00e4denswil gibt es einen Stabwechsel.\" \/>\n<meta property=\"og:url\" content=\"https:\/\/www.m-q.ch\/en\/new-head-of-institute-for-facility-management-ifm\/\" \/>\n<meta property=\"og:site_name\" content=\"MQ Management und Qualit\u00e4t\" \/>\n<meta property=\"article:publisher\" content=\"https:\/\/www.facebook.com\/ManagementUndQualitaet\" \/>\n<meta property=\"article:published_time\" content=\"2016-05-20T11:49:05+00:00\" \/>\n<meta property=\"article:modified_time\" content=\"2017-03-01T12:45:55+00:00\" \/>\n<meta property=\"og:image\" content=\"https:\/\/www.m-q.ch\/wp-content\/uploads\/2016\/12\/Neue-Leitung-des-Instituts-f\u00fcr-Facility-Management-IFM-management-und-qualitaet.jpg\" \/>\n\t<meta property=\"og:image:width\" content=\"396\" \/>\n\t<meta property=\"og:image:height\" content=\"528\" \/>\n\t<meta property=\"og:image:type\" content=\"image\/jpeg\" \/>\n<meta name=\"author\" content=\"galledia\" \/>\n<meta name=\"twitter:card\" content=\"summary_large_image\" \/>\n<meta name=\"twitter:label1\" content=\"Written by\" \/>\n\t<meta name=\"twitter:data1\" content=\"galledia\" \/>\n\t<meta name=\"twitter:label2\" content=\"Est. reading time\" \/>\n\t<meta name=\"twitter:data2\" content=\"1 minute\" \/>\n<script type=\"application\/ld+json\" class=\"yoast-schema-graph\">{\"@context\":\"https:\/\/schema.org\",\"@graph\":[{\"@type\":\"Article\",\"@id\":\"https:\/\/www.m-q.ch\/en\/new-head-of-institute-for-facility-management-ifm\/#article\",\"isPartOf\":{\"@id\":\"https:\/\/www.m-q.ch\/en\/new-head-of-institute-for-facility-management-ifm\/\"},\"author\":{\"name\":\"galledia\",\"@id\":\"https:\/\/www.m-q.ch\/fr\/#\/schema\/person\/c0139a2c55a374db6df2cde78ec87148\"},\"headline\":\"Neue Leitung des Instituts f\u00fcr Facility Management (IFM)\",\"datePublished\":\"2016-05-20T11:49:05+00:00\",\"dateModified\":\"2017-03-01T12:45:55+00:00\",\"mainEntityOfPage\":{\"@id\":\"https:\/\/www.m-q.ch\/en\/new-head-of-institute-for-facility-management-ifm\/\"},\"wordCount\":191,\"commentCount\":0,\"publisher\":{\"@id\":\"https:\/\/www.m-q.ch\/fr\/#organization\"},\"image\":{\"@id\":\"https:\/\/www.m-q.ch\/en\/new-head-of-institute-for-facility-management-ifm\/#primaryimage\"},\"thumbnailUrl\":\"https:\/\/www.m-q.ch\/wp-content\/uploads\/2016\/12\/Neue-Leitung-des-Instituts-f\u00fcr-Facility-Management-IFM-management-und-qualitaet.jpg\",\"keywords\":[\"Personalia\"],\"articleSection\":[\"Unkategorisiert\"],\"inLanguage\":\"en-US\"},{\"@type\":\"WebPage\",\"@id\":\"https:\/\/www.m-q.ch\/en\/new-head-of-institute-for-facility-management-ifm\/\",\"url\":\"https:\/\/www.m-q.ch\/en\/new-head-of-institute-for-facility-management-ifm\/\",\"name\":\"Neue Leitung des Instituts f\u00fcr Facility Management (IFM) - MQ Management und Qualit\u00e4t\",\"isPartOf\":{\"@id\":\"https:\/\/www.m-q.ch\/fr\/#website\"},\"primaryImageOfPage\":{\"@id\":\"https:\/\/www.m-q.ch\/en\/new-head-of-institute-for-facility-management-ifm\/#primaryimage\"},\"image\":{\"@id\":\"https:\/\/www.m-q.ch\/en\/new-head-of-institute-for-facility-management-ifm\/#primaryimage\"},\"thumbnailUrl\":\"https:\/\/www.m-q.ch\/wp-content\/uploads\/2016\/12\/Neue-Leitung-des-Instituts-f\u00fcr-Facility-Management-IFM-management-und-qualitaet.jpg\",\"datePublished\":\"2016-05-20T11:49:05+00:00\",\"dateModified\":\"2017-03-01T12:45:55+00:00\",\"description\":\"In der Leitung des Instituts f\u00fcr Facility Management (IFM) der ZHAW in W\u00e4denswil gibt es einen Stabwechsel.\",\"breadcrumb\":{\"@id\":\"https:\/\/www.m-q.ch\/en\/new-head-of-institute-for-facility-management-ifm\/#breadcrumb\"},\"inLanguage\":\"en-US\",\"potentialAction\":[{\"@type\":\"ReadAction\",\"target\":[\"https:\/\/www.m-q.ch\/en\/new-head-of-institute-for-facility-management-ifm\/\"]}]},{\"@type\":\"ImageObject\",\"inLanguage\":\"en-US\",\"@id\":\"https:\/\/www.m-q.ch\/en\/new-head-of-institute-for-facility-management-ifm\/#primaryimage\",\"url\":\"https:\/\/www.m-q.ch\/wp-content\/uploads\/2016\/12\/Neue-Leitung-des-Instituts-f\u00fcr-Facility-Management-IFM-management-und-qualitaet.jpg\",\"contentUrl\":\"https:\/\/www.m-q.ch\/wp-content\/uploads\/2016\/12\/Neue-Leitung-des-Instituts-f\u00fcr-Facility-Management-IFM-management-und-qualitaet.jpg\",\"width\":396,\"height\":528,\"caption\":\"Dr.-Ing. Antje Junghans\"},{\"@type\":\"BreadcrumbList\",\"@id\":\"https:\/\/www.m-q.ch\/en\/new-head-of-institute-for-facility-management-ifm\/#breadcrumb\",\"itemListElement\":[{\"@type\":\"ListItem\",\"position\":1,\"name\":\"Unkategorisiert\",\"item\":\"https:\/\/www.m-q.ch\/it\/categoria\/senza-categoria\/\"},{\"@type\":\"ListItem\",\"position\":2,\"name\":\"Neue Leitung des Instituts f\u00fcr Facility Management (IFM)\"}]},{\"@type\":\"WebSite\",\"@id\":\"https:\/\/www.m-q.ch\/fr\/#website\",\"url\":\"https:\/\/www.m-q.ch\/fr\/\",\"name\":\"MQ Management und Qualit\u00e4t\",\"description\":\"Plattform f\u00fcr integrierte Managementsysteme.\",\"publisher\":{\"@id\":\"https:\/\/www.m-q.ch\/fr\/#organization\"},\"potentialAction\":[{\"@type\":\"SearchAction\",\"target\":{\"@type\":\"EntryPoint\",\"urlTemplate\":\"https:\/\/www.m-q.ch\/fr\/?s={search_term_string}\"},\"query-input\":{\"@type\":\"PropertyValueSpecification\",\"valueRequired\":true,\"valueName\":\"search_term_string\"}}],\"inLanguage\":\"en-US\"},{\"@type\":\"Organization\",\"@id\":\"https:\/\/www.m-q.ch\/fr\/#organization\",\"name\":\"Galledia Fachmedien AG\",\"url\":\"https:\/\/www.m-q.ch\/fr\/\",\"logo\":{\"@type\":\"ImageObject\",\"inLanguage\":\"en-US\",\"@id\":\"https:\/\/www.m-q.ch\/fr\/#\/schema\/logo\/image\/\",\"url\":\"https:\/\/www.m-q.ch\/wp-content\/uploads\/2020\/12\/cropped-logo_small.png\",\"contentUrl\":\"https:\/\/www.m-q.ch\/wp-content\/uploads\/2020\/12\/cropped-logo_small.png\",\"width\":512,\"height\":512,\"caption\":\"Galledia Fachmedien AG\"},\"image\":{\"@id\":\"https:\/\/www.m-q.ch\/fr\/#\/schema\/logo\/image\/\"},\"sameAs\":[\"https:\/\/www.facebook.com\/ManagementUndQualitaet\",\"https:\/\/www.linkedin.com\/showcase\/17982321\/admin\/\"]},{\"@type\":\"Person\",\"@id\":\"https:\/\/www.m-q.ch\/fr\/#\/schema\/person\/c0139a2c55a374db6df2cde78ec87148\",\"name\":\"galledia\",\"image\":{\"@type\":\"ImageObject\",\"inLanguage\":\"en-US\",\"@id\":\"https:\/\/www.m-q.ch\/fr\/#\/schema\/person\/image\/\",\"url\":\"https:\/\/secure.gravatar.com\/avatar\/66edf527eac29e9a5eb25bcada01f61a?s=96&d=mm&r=g\",\"contentUrl\":\"https:\/\/secure.gravatar.com\/avatar\/66edf527eac29e9a5eb25bcada01f61a?s=96&d=mm&r=g\",\"caption\":\"galledia\"},\"url\":\"https:\/\/www.m-q.ch\/en\/author\/galledia\/\"}]}<\/script>\n<!-- \/ Yoast SEO plugin. -->","yoast_head_json":{"title":"New management of the Institute for Facility Management (IFM) - MQ Management und Qualit\u00e4t","description":"There has been a change in the leadership of the Institute for Facility Management (IFM) at the ZHAW in W\u00e4denswil.","robots":{"index":"index","follow":"follow","max-snippet":"max-snippet:-1","max-image-preview":"max-image-preview:large","max-video-preview":"max-video-preview:-1"},"canonical":"https:\/\/www.m-q.ch\/en\/new-head-of-institute-for-facility-management-ifm\/","og_locale":"en_US","og_type":"article","og_title":"Neue Leitung des Instituts f\u00fcr Facility Management (IFM) - MQ Management und Qualit\u00e4t","og_description":"In der Leitung des Instituts f\u00fcr Facility Management (IFM) der ZHAW in W\u00e4denswil gibt es einen Stabwechsel.","og_url":"https:\/\/www.m-q.ch\/en\/new-head-of-institute-for-facility-management-ifm\/","og_site_name":"MQ Management und Qualit\u00e4t","article_publisher":"https:\/\/www.facebook.com\/ManagementUndQualitaet","article_published_time":"2016-05-20T11:49:05+00:00","article_modified_time":"2017-03-01T12:45:55+00:00","og_image":[{"width":396,"height":528,"url":"https:\/\/www.m-q.ch\/wp-content\/uploads\/2016\/12\/Neue-Leitung-des-Instituts-f\u00fcr-Facility-Management-IFM-management-und-qualitaet.jpg","type":"image\/jpeg"}],"author":"galledia","twitter_card":"summary_large_image","twitter_misc":{"Written by":"galledia","Est. reading time":"1 minute"},"schema":{"@context":"https:\/\/schema.org","@graph":[{"@type":"Article","@id":"https:\/\/www.m-q.ch\/en\/new-head-of-institute-for-facility-management-ifm\/#article","isPartOf":{"@id":"https:\/\/www.m-q.ch\/en\/new-head-of-institute-for-facility-management-ifm\/"},"author":{"name":"galledia","@id":"https:\/\/www.m-q.ch\/fr\/#\/schema\/person\/c0139a2c55a374db6df2cde78ec87148"},"headline":"Neue Leitung des Instituts f\u00fcr Facility Management (IFM)","datePublished":"2016-05-20T11:49:05+00:00","dateModified":"2017-03-01T12:45:55+00:00","mainEntityOfPage":{"@id":"https:\/\/www.m-q.ch\/en\/new-head-of-institute-for-facility-management-ifm\/"},"wordCount":191,"commentCount":0,"publisher":{"@id":"https:\/\/www.m-q.ch\/fr\/#organization"},"image":{"@id":"https:\/\/www.m-q.ch\/en\/new-head-of-institute-for-facility-management-ifm\/#primaryimage"},"thumbnailUrl":"https:\/\/www.m-q.ch\/wp-content\/uploads\/2016\/12\/Neue-Leitung-des-Instituts-f\u00fcr-Facility-Management-IFM-management-und-qualitaet.jpg","keywords":["Personalia"],"articleSection":["Unkategorisiert"],"inLanguage":"en-US"},{"@type":"WebPage","@id":"https:\/\/www.m-q.ch\/en\/new-head-of-institute-for-facility-management-ifm\/","url":"https:\/\/www.m-q.ch\/en\/new-head-of-institute-for-facility-management-ifm\/","name":"New management of the Institute for Facility Management (IFM) - MQ Management und Qualit\u00e4t","isPartOf":{"@id":"https:\/\/www.m-q.ch\/fr\/#website"},"primaryImageOfPage":{"@id":"https:\/\/www.m-q.ch\/en\/new-head-of-institute-for-facility-management-ifm\/#primaryimage"},"image":{"@id":"https:\/\/www.m-q.ch\/en\/new-head-of-institute-for-facility-management-ifm\/#primaryimage"},"thumbnailUrl":"https:\/\/www.m-q.ch\/wp-content\/uploads\/2016\/12\/Neue-Leitung-des-Instituts-f\u00fcr-Facility-Management-IFM-management-und-qualitaet.jpg","datePublished":"2016-05-20T11:49:05+00:00","dateModified":"2017-03-01T12:45:55+00:00","description":"There has been a change in the leadership of the Institute for Facility Management (IFM) at the ZHAW in W\u00e4denswil.","breadcrumb":{"@id":"https:\/\/www.m-q.ch\/en\/new-head-of-institute-for-facility-management-ifm\/#breadcrumb"},"inLanguage":"en-US","potentialAction":[{"@type":"ReadAction","target":["https:\/\/www.m-q.ch\/en\/new-head-of-institute-for-facility-management-ifm\/"]}]},{"@type":"ImageObject","inLanguage":"en-US","@id":"https:\/\/www.m-q.ch\/en\/new-head-of-institute-for-facility-management-ifm\/#primaryimage","url":"https:\/\/www.m-q.ch\/wp-content\/uploads\/2016\/12\/Neue-Leitung-des-Instituts-f\u00fcr-Facility-Management-IFM-management-und-qualitaet.jpg","contentUrl":"https:\/\/www.m-q.ch\/wp-content\/uploads\/2016\/12\/Neue-Leitung-des-Instituts-f\u00fcr-Facility-Management-IFM-management-und-qualitaet.jpg","width":396,"height":528,"caption":"Dr.-Ing. Antje Junghans"},{"@type":"BreadcrumbList","@id":"https:\/\/www.m-q.ch\/en\/new-head-of-institute-for-facility-management-ifm\/#breadcrumb","itemListElement":[{"@type":"ListItem","position":1,"name":"Unkategorisiert","item":"https:\/\/www.m-q.ch\/it\/categoria\/senza-categoria\/"},{"@type":"ListItem","position":2,"name":"Neue Leitung des Instituts f\u00fcr Facility Management (IFM)"}]},{"@type":"WebSite","@id":"https:\/\/www.m-q.ch\/fr\/#website","url":"https:\/\/www.m-q.ch\/fr\/","name":"MQ Management and Quality","description":"Platform for integrated management systems.","publisher":{"@id":"https:\/\/www.m-q.ch\/fr\/#organization"},"potentialAction":[{"@type":"SearchAction","target":{"@type":"EntryPoint","urlTemplate":"https:\/\/www.m-q.ch\/fr\/?s={search_term_string}"},"query-input":{"@type":"PropertyValueSpecification","valueRequired":true,"valueName":"search_term_string"}}],"inLanguage":"en-US"},{"@type":"Organization","@id":"https:\/\/www.m-q.ch\/fr\/#organization","name":"Galledia Trade Media AG","url":"https:\/\/www.m-q.ch\/fr\/","logo":{"@type":"ImageObject","inLanguage":"en-US","@id":"https:\/\/www.m-q.ch\/fr\/#\/schema\/logo\/image\/","url":"https:\/\/www.m-q.ch\/wp-content\/uploads\/2020\/12\/cropped-logo_small.png","contentUrl":"https:\/\/www.m-q.ch\/wp-content\/uploads\/2020\/12\/cropped-logo_small.png","width":512,"height":512,"caption":"Galledia Fachmedien AG"},"image":{"@id":"https:\/\/www.m-q.ch\/fr\/#\/schema\/logo\/image\/"},"sameAs":["https:\/\/www.facebook.com\/ManagementUndQualitaet","https:\/\/www.linkedin.com\/showcase\/17982321\/admin\/"]},{"@type":"Person","@id":"https:\/\/www.m-q.ch\/fr\/#\/schema\/person\/c0139a2c55a374db6df2cde78ec87148","name":"galledia","image":{"@type":"ImageObject","inLanguage":"en-US","@id":"https:\/\/www.m-q.ch\/fr\/#\/schema\/person\/image\/","url":"https:\/\/secure.gravatar.com\/avatar\/66edf527eac29e9a5eb25bcada01f61a?s=96&d=mm&r=g","contentUrl":"https:\/\/secure.gravatar.com\/avatar\/66edf527eac29e9a5eb25bcada01f61a?s=96&d=mm&r=g","caption":"galledia"},"url":"https:\/\/www.m-q.ch\/en\/author\/galledia\/"}]}},"_links":{"self":[{"href":"https:\/\/www.m-q.ch\/en\/wp-json\/wp\/v2\/posts\/424","targetHints":{"allow":["GET"]}}],"collection":[{"href":"https:\/\/www.m-q.ch\/en\/wp-json\/wp\/v2\/posts"}],"about":[{"href":"https:\/\/www.m-q.ch\/en\/wp-json\/wp\/v2\/types\/post"}],"author":[{"embeddable":true,"href":"https:\/\/www.m-q.ch\/en\/wp-json\/wp\/v2\/users\/1"}],"replies":[{"embeddable":true,"href":"https:\/\/www.m-q.ch\/en\/wp-json\/wp\/v2\/comments?post=424"}],"version-history":[{"count":3,"href":"https:\/\/www.m-q.ch\/en\/wp-json\/wp\/v2\/posts\/424\/revisions"}],"predecessor-version":[{"id":1131,"href":"https:\/\/www.m-q.ch\/en\/wp-json\/wp\/v2\/posts\/424\/revisions\/1131"}],"wp:featuredmedia":[{"embeddable":true,"href":"https:\/\/www.m-q.ch\/en\/wp-json\/wp\/v2\/media\/183"}],"wp:attachment":[{"href":"https:\/\/www.m-q.ch\/en\/wp-json\/wp\/v2\/media?parent=424"}],"wp:term":[{"taxonomy":"category","embeddable":true,"href":"https:\/\/www.m-q.ch\/en\/wp-json\/wp\/v2\/categories?post=424"},{"taxonomy":"post_tag","embeddable":true,"href":"https:\/\/www.m-q.ch\/en\/wp-json\/wp\/v2\/tags?post=424"}],"curies":[{"name":"wp","href":"https:\/\/api.w.org\/{rel}","templated":true}]}}