{"id":4273,"date":"2020-10-13T14:15:04","date_gmt":"2020-10-13T12:15:04","guid":{"rendered":"https:\/\/www.m-q.ch\/?p=4273"},"modified":"2021-05-04T21:51:31","modified_gmt":"2021-05-04T19:51:31","slug":"forep-2020-postponed","status":"publish","type":"post","link":"https:\/\/www.m-q.ch\/en\/forep-2020-verschoben\/","title":{"rendered":"FOREP 2020 postponed"},"content":{"rendered":"<p>&nbsp;<\/p>\n<p><img loading=\"lazy\" decoding=\"async\" class=\"alignnone size-full wp-image-8214\" src=\"https:\/\/www.m-q.ch\/wp-content\/uploads\/2020\/10\/csm_FOREP2020_klein_57f1d3a732-1.jpg\" alt=\"csm_FOREP2020_klein_57f1d3a732\" width=\"700\" height=\"302\" srcset=\"https:\/\/www.m-q.ch\/wp-content\/uploads\/2020\/10\/csm_FOREP2020_klein_57f1d3a732-1.jpg 700w, https:\/\/www.m-q.ch\/wp-content\/uploads\/2020\/10\/csm_FOREP2020_klein_57f1d3a732-1-16x7.jpg 16w, https:\/\/www.m-q.ch\/wp-content\/uploads\/2020\/10\/csm_FOREP2020_klein_57f1d3a732-1-375x162.jpg 375w, https:\/\/www.m-q.ch\/wp-content\/uploads\/2020\/10\/csm_FOREP2020_klein_57f1d3a732-1-300x129.jpg 300w\" sizes=\"auto, (max-width: 700px) 100vw, 700px\" \/><\/p>\n<p>If you have not already been informed, the FOREP OC will inform the participants of a new implementation date:<\/p>\n<p>\"As you know, under certain Covid 19 considerations, we wanted to maintain our meeting with you. Finally, we wanted to customize this year's FOREP execution for you to present a personal livestream event.\"<\/p>\n<p>However, under the current conditions in certain public areas, the OC cannot offer all previous event content. Therefore, the FOREP organizers have chosen a new implementation date.<\/p>\n<p>The next<strong>\u00a0<\/strong><strong>FOREP will take place in 2021 on 4 November 2021.<\/strong><strong>\u00a0instead of<\/strong>. Please make a note of the date in advance.  In the meantime, we wish you good luck and stay in good health.<\/p>\n<p><a href=\"https:\/\/www.saq.ch\/fr\/forep\/forep-2020\/\">www.saq.ch\/fr\/forep\/forep-2020\/<\/a><\/p>\n<p>&nbsp;<\/p>","protected":false},"excerpt":{"rendered":"<p>&nbsp; Sollten Sie es nicht schon erfahren haben, teilt das FOREP OK den Teilnehmenden ein neues Durchf\u00fchrungsdatum mit: &#8222;Wie Sie wissen, wollten wir unter gewissen Covid-19-Ber\u00fccksichtigungen unser Treffen mit Ihnen aufrechterhalten. Schliesslich wollten wir die FOREP-Ausf\u00fchrung dieses Jahrs f\u00fcr Sie anpassen, um Ihnen ein pers\u00f6nliches Livestream-Ereignis zu pr\u00e4sentieren.&#8220; Unter den gegenw\u00e4rtigen Bedingungen in gewissen \u00f6ffentlichen [&hellip;]<\/p>\n","protected":false},"author":35,"featured_media":8214,"comment_status":"closed","ping_status":"closed","sticky":false,"template":"","format":"standard","meta":{"_acf_changed":false,"footnotes":""},"categories":[3303],"tags":[4536,4537,4308,4538],"class_list":["post-4273","post","type-post","status-publish","format-standard","has-post-thumbnail","hentry","category-qualitaetsmanagement","tag-forep-2020","tag-forep-2021","tag-saq","tag-verschiebedatum"],"acf":[],"yoast_head":"<!-- This site is optimized with the Yoast SEO plugin v26.2 - https:\/\/yoast.com\/wordpress\/plugins\/seo\/ -->\n<title>FOREP 2020 verschoben - MQ Management und Qualit\u00e4t<\/title>\n<meta name=\"description\" content=\"Die FOREP Veranstalter k\u00f6nnen unter den gegenw\u00e4rtigen Bedingungen unter COVID-19 nicht angemessen reagieren. Die FOREP 2020 wird auf 2021 verschoben.\" \/>\n<meta name=\"robots\" content=\"index, follow, max-snippet:-1, max-image-preview:large, max-video-preview:-1\" \/>\n<link rel=\"canonical\" href=\"https:\/\/www.m-q.ch\/en\/forep-2020-postponed\/\" \/>\n<meta property=\"og:locale\" content=\"en_US\" \/>\n<meta property=\"og:type\" content=\"article\" \/>\n<meta property=\"og:title\" content=\"FOREP 2020 verschoben - MQ Management und Qualit\u00e4t\" \/>\n<meta property=\"og:description\" content=\"Die FOREP Veranstalter k\u00f6nnen unter den gegenw\u00e4rtigen Bedingungen unter COVID-19 nicht angemessen reagieren. Die FOREP 2020 wird auf 2021 verschoben.\" \/>\n<meta property=\"og:url\" content=\"https:\/\/www.m-q.ch\/en\/forep-2020-postponed\/\" \/>\n<meta property=\"og:site_name\" content=\"MQ Management und Qualit\u00e4t\" \/>\n<meta property=\"article:publisher\" content=\"https:\/\/www.facebook.com\/ManagementUndQualitaet\" \/>\n<meta property=\"article:published_time\" content=\"2020-10-13T12:15:04+00:00\" \/>\n<meta property=\"article:modified_time\" content=\"2021-05-04T19:51:31+00:00\" \/>\n<meta property=\"og:image\" content=\"https:\/\/www.m-q.ch\/wp-content\/uploads\/2020\/10\/csm_FOREP2020_klein_57f1d3a732-1.jpg\" \/>\n\t<meta property=\"og:image:width\" content=\"700\" \/>\n\t<meta property=\"og:image:height\" content=\"302\" \/>\n\t<meta property=\"og:image:type\" content=\"image\/jpeg\" \/>\n<meta name=\"author\" content=\"Roger Str\u00e4ssle\" \/>\n<meta name=\"twitter:card\" content=\"summary_large_image\" \/>\n<meta name=\"twitter:label1\" content=\"Written by\" \/>\n\t<meta name=\"twitter:data1\" content=\"Roger Str\u00e4ssle\" \/>\n\t<meta name=\"twitter:label2\" content=\"Est. reading time\" \/>\n\t<meta name=\"twitter:data2\" content=\"1 minute\" \/>\n<script type=\"application\/ld+json\" class=\"yoast-schema-graph\">{\"@context\":\"https:\/\/schema.org\",\"@graph\":[{\"@type\":\"Article\",\"@id\":\"https:\/\/www.m-q.ch\/forep-2020-verschoben\/#article\",\"isPartOf\":{\"@id\":\"https:\/\/www.m-q.ch\/forep-2020-verschoben\/\"},\"author\":{\"name\":\"Roger Str\u00e4ssle\",\"@id\":\"https:\/\/www.m-q.ch\/fr\/#\/schema\/person\/47d540e081acd98ccbeb69b55df653d7\"},\"headline\":\"FOREP 2020 verschoben\",\"datePublished\":\"2020-10-13T12:15:04+00:00\",\"dateModified\":\"2021-05-04T19:51:31+00:00\",\"mainEntityOfPage\":{\"@id\":\"https:\/\/www.m-q.ch\/forep-2020-verschoben\/\"},\"wordCount\":124,\"publisher\":{\"@id\":\"https:\/\/www.m-q.ch\/fr\/#organization\"},\"image\":{\"@id\":\"https:\/\/www.m-q.ch\/forep-2020-verschoben\/#primaryimage\"},\"thumbnailUrl\":\"https:\/\/www.m-q.ch\/wp-content\/uploads\/2020\/10\/csm_FOREP2020_klein_57f1d3a732-1.jpg\",\"keywords\":[\"FOREP 2020\",\"FOREP 2021\",\"SAQ\",\"Verschiebedatum\"],\"articleSection\":[\"Qualit\u00e4tsmanagement\"],\"inLanguage\":\"en-US\"},{\"@type\":\"WebPage\",\"@id\":\"https:\/\/www.m-q.ch\/forep-2020-verschoben\/\",\"url\":\"https:\/\/www.m-q.ch\/forep-2020-verschoben\/\",\"name\":\"FOREP 2020 verschoben - MQ Management und Qualit\u00e4t\",\"isPartOf\":{\"@id\":\"https:\/\/www.m-q.ch\/fr\/#website\"},\"primaryImageOfPage\":{\"@id\":\"https:\/\/www.m-q.ch\/forep-2020-verschoben\/#primaryimage\"},\"image\":{\"@id\":\"https:\/\/www.m-q.ch\/forep-2020-verschoben\/#primaryimage\"},\"thumbnailUrl\":\"https:\/\/www.m-q.ch\/wp-content\/uploads\/2020\/10\/csm_FOREP2020_klein_57f1d3a732-1.jpg\",\"datePublished\":\"2020-10-13T12:15:04+00:00\",\"dateModified\":\"2021-05-04T19:51:31+00:00\",\"description\":\"Die FOREP Veranstalter k\u00f6nnen unter den gegenw\u00e4rtigen Bedingungen unter COVID-19 nicht angemessen reagieren. Die FOREP 2020 wird auf 2021 verschoben.\",\"breadcrumb\":{\"@id\":\"https:\/\/www.m-q.ch\/forep-2020-verschoben\/#breadcrumb\"},\"inLanguage\":\"en-US\",\"potentialAction\":[{\"@type\":\"ReadAction\",\"target\":[\"https:\/\/www.m-q.ch\/forep-2020-verschoben\/\"]}]},{\"@type\":\"ImageObject\",\"inLanguage\":\"en-US\",\"@id\":\"https:\/\/www.m-q.ch\/forep-2020-verschoben\/#primaryimage\",\"url\":\"https:\/\/www.m-q.ch\/wp-content\/uploads\/2020\/10\/csm_FOREP2020_klein_57f1d3a732-1.jpg\",\"contentUrl\":\"https:\/\/www.m-q.ch\/wp-content\/uploads\/2020\/10\/csm_FOREP2020_klein_57f1d3a732-1.jpg\",\"width\":700,\"height\":302,\"caption\":\"csm_FOREP2020_klein_57f1d3a732\"},{\"@type\":\"BreadcrumbList\",\"@id\":\"https:\/\/www.m-q.ch\/forep-2020-verschoben\/#breadcrumb\",\"itemListElement\":[{\"@type\":\"ListItem\",\"position\":1,\"name\":\"Qualit\u00e4tsmanagement\",\"item\":\"https:\/\/www.m-q.ch\/kategorie\/qualitaetsmanagement\/\"},{\"@type\":\"ListItem\",\"position\":2,\"name\":\"FOREP 2020 verschoben\"}]},{\"@type\":\"WebSite\",\"@id\":\"https:\/\/www.m-q.ch\/fr\/#website\",\"url\":\"https:\/\/www.m-q.ch\/fr\/\",\"name\":\"MQ Management und Qualit\u00e4t\",\"description\":\"Plattform f\u00fcr integrierte Managementsysteme.\",\"publisher\":{\"@id\":\"https:\/\/www.m-q.ch\/fr\/#organization\"},\"potentialAction\":[{\"@type\":\"SearchAction\",\"target\":{\"@type\":\"EntryPoint\",\"urlTemplate\":\"https:\/\/www.m-q.ch\/fr\/?s={search_term_string}\"},\"query-input\":{\"@type\":\"PropertyValueSpecification\",\"valueRequired\":true,\"valueName\":\"search_term_string\"}}],\"inLanguage\":\"en-US\"},{\"@type\":\"Organization\",\"@id\":\"https:\/\/www.m-q.ch\/fr\/#organization\",\"name\":\"Galledia Fachmedien AG\",\"url\":\"https:\/\/www.m-q.ch\/fr\/\",\"logo\":{\"@type\":\"ImageObject\",\"inLanguage\":\"en-US\",\"@id\":\"https:\/\/www.m-q.ch\/fr\/#\/schema\/logo\/image\/\",\"url\":\"https:\/\/www.m-q.ch\/wp-content\/uploads\/2020\/12\/cropped-logo_small.png\",\"contentUrl\":\"https:\/\/www.m-q.ch\/wp-content\/uploads\/2020\/12\/cropped-logo_small.png\",\"width\":512,\"height\":512,\"caption\":\"Galledia Fachmedien AG\"},\"image\":{\"@id\":\"https:\/\/www.m-q.ch\/fr\/#\/schema\/logo\/image\/\"},\"sameAs\":[\"https:\/\/www.facebook.com\/ManagementUndQualitaet\",\"https:\/\/www.linkedin.com\/showcase\/17982321\/admin\/\"]},{\"@type\":\"Person\",\"@id\":\"https:\/\/www.m-q.ch\/fr\/#\/schema\/person\/47d540e081acd98ccbeb69b55df653d7\",\"name\":\"Roger Str\u00e4ssle\",\"image\":{\"@type\":\"ImageObject\",\"inLanguage\":\"en-US\",\"@id\":\"https:\/\/www.m-q.ch\/fr\/#\/schema\/person\/image\/\",\"url\":\"https:\/\/secure.gravatar.com\/avatar\/e4dde3046d8a184d2e2d27651a418883?s=96&d=mm&r=g\",\"contentUrl\":\"https:\/\/secure.gravatar.com\/avatar\/e4dde3046d8a184d2e2d27651a418883?s=96&d=mm&r=g\",\"caption\":\"Roger Str\u00e4ssle\"},\"url\":\"https:\/\/www.m-q.ch\/en\/author\/roger-straessle\/\"}]}<\/script>\n<!-- \/ Yoast SEO plugin. -->","yoast_head_json":{"title":"FOREP 2020 postponed - MQ Management and Quality","description":"FOREP organizers cannot respond adequately under current conditions under COVID-19. FOREP 2020 will be postponed to 2021.","robots":{"index":"index","follow":"follow","max-snippet":"max-snippet:-1","max-image-preview":"max-image-preview:large","max-video-preview":"max-video-preview:-1"},"canonical":"https:\/\/www.m-q.ch\/en\/forep-2020-postponed\/","og_locale":"en_US","og_type":"article","og_title":"FOREP 2020 verschoben - MQ Management und Qualit\u00e4t","og_description":"Die FOREP Veranstalter k\u00f6nnen unter den gegenw\u00e4rtigen Bedingungen unter COVID-19 nicht angemessen reagieren. Die FOREP 2020 wird auf 2021 verschoben.","og_url":"https:\/\/www.m-q.ch\/en\/forep-2020-postponed\/","og_site_name":"MQ Management und Qualit\u00e4t","article_publisher":"https:\/\/www.facebook.com\/ManagementUndQualitaet","article_published_time":"2020-10-13T12:15:04+00:00","article_modified_time":"2021-05-04T19:51:31+00:00","og_image":[{"width":700,"height":302,"url":"https:\/\/www.m-q.ch\/wp-content\/uploads\/2020\/10\/csm_FOREP2020_klein_57f1d3a732-1.jpg","type":"image\/jpeg"}],"author":"Roger Str\u00e4ssle","twitter_card":"summary_large_image","twitter_misc":{"Written by":"Roger Str\u00e4ssle","Est. reading time":"1 minute"},"schema":{"@context":"https:\/\/schema.org","@graph":[{"@type":"Article","@id":"https:\/\/www.m-q.ch\/forep-2020-verschoben\/#article","isPartOf":{"@id":"https:\/\/www.m-q.ch\/forep-2020-verschoben\/"},"author":{"name":"Roger Str\u00e4ssle","@id":"https:\/\/www.m-q.ch\/fr\/#\/schema\/person\/47d540e081acd98ccbeb69b55df653d7"},"headline":"FOREP 2020 verschoben","datePublished":"2020-10-13T12:15:04+00:00","dateModified":"2021-05-04T19:51:31+00:00","mainEntityOfPage":{"@id":"https:\/\/www.m-q.ch\/forep-2020-verschoben\/"},"wordCount":124,"publisher":{"@id":"https:\/\/www.m-q.ch\/fr\/#organization"},"image":{"@id":"https:\/\/www.m-q.ch\/forep-2020-verschoben\/#primaryimage"},"thumbnailUrl":"https:\/\/www.m-q.ch\/wp-content\/uploads\/2020\/10\/csm_FOREP2020_klein_57f1d3a732-1.jpg","keywords":["FOREP 2020","FOREP 2021","SAQ","Verschiebedatum"],"articleSection":["Qualit\u00e4tsmanagement"],"inLanguage":"en-US"},{"@type":"WebPage","@id":"https:\/\/www.m-q.ch\/forep-2020-verschoben\/","url":"https:\/\/www.m-q.ch\/forep-2020-verschoben\/","name":"FOREP 2020 postponed - MQ Management and Quality","isPartOf":{"@id":"https:\/\/www.m-q.ch\/fr\/#website"},"primaryImageOfPage":{"@id":"https:\/\/www.m-q.ch\/forep-2020-verschoben\/#primaryimage"},"image":{"@id":"https:\/\/www.m-q.ch\/forep-2020-verschoben\/#primaryimage"},"thumbnailUrl":"https:\/\/www.m-q.ch\/wp-content\/uploads\/2020\/10\/csm_FOREP2020_klein_57f1d3a732-1.jpg","datePublished":"2020-10-13T12:15:04+00:00","dateModified":"2021-05-04T19:51:31+00:00","description":"FOREP organizers cannot respond adequately under current conditions under COVID-19. FOREP 2020 will be postponed to 2021.","breadcrumb":{"@id":"https:\/\/www.m-q.ch\/forep-2020-verschoben\/#breadcrumb"},"inLanguage":"en-US","potentialAction":[{"@type":"ReadAction","target":["https:\/\/www.m-q.ch\/forep-2020-verschoben\/"]}]},{"@type":"ImageObject","inLanguage":"en-US","@id":"https:\/\/www.m-q.ch\/forep-2020-verschoben\/#primaryimage","url":"https:\/\/www.m-q.ch\/wp-content\/uploads\/2020\/10\/csm_FOREP2020_klein_57f1d3a732-1.jpg","contentUrl":"https:\/\/www.m-q.ch\/wp-content\/uploads\/2020\/10\/csm_FOREP2020_klein_57f1d3a732-1.jpg","width":700,"height":302,"caption":"csm_FOREP2020_klein_57f1d3a732"},{"@type":"BreadcrumbList","@id":"https:\/\/www.m-q.ch\/forep-2020-verschoben\/#breadcrumb","itemListElement":[{"@type":"ListItem","position":1,"name":"Qualit\u00e4tsmanagement","item":"https:\/\/www.m-q.ch\/kategorie\/qualitaetsmanagement\/"},{"@type":"ListItem","position":2,"name":"FOREP 2020 verschoben"}]},{"@type":"WebSite","@id":"https:\/\/www.m-q.ch\/fr\/#website","url":"https:\/\/www.m-q.ch\/fr\/","name":"MQ Management and Quality","description":"Platform for integrated management systems.","publisher":{"@id":"https:\/\/www.m-q.ch\/fr\/#organization"},"potentialAction":[{"@type":"SearchAction","target":{"@type":"EntryPoint","urlTemplate":"https:\/\/www.m-q.ch\/fr\/?s={search_term_string}"},"query-input":{"@type":"PropertyValueSpecification","valueRequired":true,"valueName":"search_term_string"}}],"inLanguage":"en-US"},{"@type":"Organization","@id":"https:\/\/www.m-q.ch\/fr\/#organization","name":"Galledia Trade Media AG","url":"https:\/\/www.m-q.ch\/fr\/","logo":{"@type":"ImageObject","inLanguage":"en-US","@id":"https:\/\/www.m-q.ch\/fr\/#\/schema\/logo\/image\/","url":"https:\/\/www.m-q.ch\/wp-content\/uploads\/2020\/12\/cropped-logo_small.png","contentUrl":"https:\/\/www.m-q.ch\/wp-content\/uploads\/2020\/12\/cropped-logo_small.png","width":512,"height":512,"caption":"Galledia Fachmedien AG"},"image":{"@id":"https:\/\/www.m-q.ch\/fr\/#\/schema\/logo\/image\/"},"sameAs":["https:\/\/www.facebook.com\/ManagementUndQualitaet","https:\/\/www.linkedin.com\/showcase\/17982321\/admin\/"]},{"@type":"Person","@id":"https:\/\/www.m-q.ch\/fr\/#\/schema\/person\/47d540e081acd98ccbeb69b55df653d7","name":"Roger Str\u00e4ssle","image":{"@type":"ImageObject","inLanguage":"en-US","@id":"https:\/\/www.m-q.ch\/fr\/#\/schema\/person\/image\/","url":"https:\/\/secure.gravatar.com\/avatar\/e4dde3046d8a184d2e2d27651a418883?s=96&d=mm&r=g","contentUrl":"https:\/\/secure.gravatar.com\/avatar\/e4dde3046d8a184d2e2d27651a418883?s=96&d=mm&r=g","caption":"Roger Str\u00e4ssle"},"url":"https:\/\/www.m-q.ch\/en\/author\/roger-straessle\/"}]}},"_links":{"self":[{"href":"https:\/\/www.m-q.ch\/en\/wp-json\/wp\/v2\/posts\/4273","targetHints":{"allow":["GET"]}}],"collection":[{"href":"https:\/\/www.m-q.ch\/en\/wp-json\/wp\/v2\/posts"}],"about":[{"href":"https:\/\/www.m-q.ch\/en\/wp-json\/wp\/v2\/types\/post"}],"author":[{"embeddable":true,"href":"https:\/\/www.m-q.ch\/en\/wp-json\/wp\/v2\/users\/35"}],"replies":[{"embeddable":true,"href":"https:\/\/www.m-q.ch\/en\/wp-json\/wp\/v2\/comments?post=4273"}],"version-history":[{"count":4,"href":"https:\/\/www.m-q.ch\/en\/wp-json\/wp\/v2\/posts\/4273\/revisions"}],"predecessor-version":[{"id":14255,"href":"https:\/\/www.m-q.ch\/en\/wp-json\/wp\/v2\/posts\/4273\/revisions\/14255"}],"wp:featuredmedia":[{"embeddable":true,"href":"https:\/\/www.m-q.ch\/en\/wp-json\/wp\/v2\/media\/8214"}],"wp:attachment":[{"href":"https:\/\/www.m-q.ch\/en\/wp-json\/wp\/v2\/media?parent=4273"}],"wp:term":[{"taxonomy":"category","embeddable":true,"href":"https:\/\/www.m-q.ch\/en\/wp-json\/wp\/v2\/categories?post=4273"},{"taxonomy":"post_tag","embeddable":true,"href":"https:\/\/www.m-q.ch\/en\/wp-json\/wp\/v2\/tags?post=4273"}],"curies":[{"name":"wp","href":"https:\/\/api.w.org\/{rel}","templated":true}]}}