{"id":460,"date":"2016-06-13T14:09:41","date_gmt":"2016-06-13T12:09:41","guid":{"rendered":"http:\/\/dev.m-q.ch\/?p=460"},"modified":"2017-03-01T13:27:35","modified_gmt":"2017-03-01T12:27:35","slug":"top-class-panel-at-the-power-days-at-the-zuerich-exhibition-center","status":"publish","type":"post","link":"https:\/\/www.m-q.ch\/en\/hochkaraetiges-podium-an-den-powertagen-in-der-messe-zuerich\/","title":{"rendered":"Top-class panel at the \"Power Days\" in the Zurich Exhibition Centre"},"content":{"rendered":"<figure id=\"attachment_136\" aria-describedby=\"caption-attachment-136\" style=\"width: 680px\" class=\"wp-caption alignnone\"><a href=\"https:\/\/m-q.ch\/wp-content\/uploads\/2016\/12\/Hochkar\u00e4tiges-Podium-an-den-Powertagen-in-der-Messe-Z\u00fcrich-management-und-qualitaet.jpg\"><img loading=\"lazy\" decoding=\"async\" class=\"wp-image-136 size-medium\" src=\"https:\/\/www.m-q.ch\/wp-content\/uploads\/2016\/12\/Hochkar\u00e4tiges-Podium-an-den-Powertagen-in-der-Messe-Z\u00fcrich-management-und-qualitaet-680x383.jpg\" width=\"680\" height=\"383\" srcset=\"https:\/\/www.m-q.ch\/wp-content\/uploads\/2016\/12\/Hochkar\u00e4tiges-Podium-an-den-Powertagen-in-der-Messe-Z\u00fcrich-management-und-qualitaet-680x383.jpg 680w, https:\/\/www.m-q.ch\/wp-content\/uploads\/2016\/12\/Hochkar\u00e4tiges-Podium-an-den-Powertagen-in-der-Messe-Z\u00fcrich-management-und-qualitaet-768x432.jpg 768w, https:\/\/www.m-q.ch\/wp-content\/uploads\/2016\/12\/Hochkar\u00e4tiges-Podium-an-den-Powertagen-in-der-Messe-Z\u00fcrich-management-und-qualitaet-1536x865.jpg 1536w, https:\/\/www.m-q.ch\/wp-content\/uploads\/2016\/12\/Hochkar\u00e4tiges-Podium-an-den-Powertagen-in-der-Messe-Z\u00fcrich-management-und-qualitaet-2048x1153.jpg 2048w, https:\/\/www.m-q.ch\/wp-content\/uploads\/2016\/12\/Hochkar\u00e4tiges-Podium-an-den-Powertagen-in-der-Messe-Z\u00fcrich-management-und-qualitaet-16x9.jpg 16w, https:\/\/www.m-q.ch\/wp-content\/uploads\/2016\/12\/Hochkar\u00e4tiges-Podium-an-den-Powertagen-in-der-Messe-Z\u00fcrich-management-und-qualitaet-311x175.jpg 311w, https:\/\/www.m-q.ch\/wp-content\/uploads\/2016\/12\/Hochkar\u00e4tiges-Podium-an-den-Powertagen-in-der-Messe-Z\u00fcrich-management-und-qualitaet-622x350.jpg 622w, https:\/\/www.m-q.ch\/wp-content\/uploads\/2016\/12\/Hochkar\u00e4tiges-Podium-an-den-Powertagen-in-der-Messe-Z\u00fcrich-management-und-qualitaet-1421x800.jpg 1421w, https:\/\/www.m-q.ch\/wp-content\/uploads\/2016\/12\/Hochkar\u00e4tiges-Podium-an-den-Powertagen-in-der-Messe-Z\u00fcrich-management-und-qualitaet-920x518.jpg 920w, https:\/\/www.m-q.ch\/wp-content\/uploads\/2016\/12\/Hochkar\u00e4tiges-Podium-an-den-Powertagen-in-der-Messe-Z\u00fcrich-management-und-qualitaet-1400x788.jpg 1400w, https:\/\/www.m-q.ch\/wp-content\/uploads\/2016\/12\/Hochkar\u00e4tiges-Podium-an-den-Powertagen-in-der-Messe-Z\u00fcrich-management-und-qualitaet-300x169.jpg 300w, https:\/\/www.m-q.ch\/wp-content\/uploads\/2016\/12\/Hochkar\u00e4tiges-Podium-an-den-Powertagen-in-der-Messe-Z\u00fcrich-management-und-qualitaet-1024x576.jpg 1024w, https:\/\/www.m-q.ch\/wp-content\/uploads\/2016\/12\/Hochkar\u00e4tiges-Podium-an-den-Powertagen-in-der-Messe-Z\u00fcrich-management-und-qualitaet-624x351.jpg 624w\" sizes=\"auto, (max-width: 680px) 100vw, 680px\" \/><\/a><figcaption id=\"caption-attachment-136\" class=\"wp-caption-text\">The podium at the \"Powertage\" unconfirms: the race for market positions is in full swing.<\/figcaption><\/figure>\n<p>An introductory presentation made it vividly clear that this \"4th Industrial Revolution\" is bringing disruptive changes to the entire sector and moving consumers into the focus of value creation. Entirely new business models are emerging and utilities are increasingly becoming data-driven companies.<\/p>\n<p>\"IT from the socket\", or cloud computing and the \"Internet of Things\" are the decisive technologies for this. Avectris already offers a range of ready-made solutions for utilities on this basis. At the following panel discussion, five top managers together with Dr. Thomas Wettstein, CEO Avectris AG, delved into the topic.<\/p>\n<p><strong>Podium for pioneers<\/strong><\/p>\n<p>Kurt L\u00fcscher, CEO of Energie 360\u00b0, emphasized how important it is to rethink business models from the consumer's perspective in the future. The user experience is in the foreground. For example, an electromobility service that simplifies the use of charging stations via a smartphone app. In the future, it will no longer be important to own assets, but to operate them optimally.<\/p>\n<p>Roger Baumer, CEO and co-owner of the H\u00e4lg Group, noted that control and optimization of building technology benefit from digitalization and enable significant energy optimization. It is also noteworthy that many residents do not want to control their apartments themselves, but prefer to leave this to a building professional such as H\u00e4lg or intelligent systems.<\/p>\n<p><strong>Coexistence <\/strong><\/p>\n<p>Markus S\u00e4gesser, Director of Stadtwerk Winterthur, emphasized that digitalization will by no means make the \"material\" world obsolete. Rather, it will coexist with the new \"digital world\". With the accompanying cultural change, change management is required above all. The two worlds are fundamentally different, for example in terms of their speed of change.<\/p>\n<p>Christophe Bossel, member of the Group Executive Board at BKW, explained that integrated and digitised offerings are a great opportunity for utilities. For example, BKW offers photovoltaic systems, batteries and the associated monitoring from a single source: customers can order them online and BKW can process them efficiently using straight-through processing. Luca Bortolani from IKEA described how photovoltaic systems can be democratised for large sections of the population. This impressively demonstrates that new competitors will use their market penetration and customer access for innovative energy products.<\/p>\n<p>Overall, the event provided a fascinating insight into the digital energy world of the future. It also made clear that the race for tomorrow's market position is already in full swing and that established utilities will have to respond with innovations and expand their existing value chain with digital, customer-focused products. Or to put it more casually: If you don't move with the times, you move with the times.<\/p>\n<p><a href=\"http:\/\/www.avectris.ch\" target=\"_blank\" data-cke-saved-href=\"http:\/\/www.avectris.ch\">http:\/\/www.avectris.ch<\/a><\/p>","protected":false},"excerpt":{"rendered":"<p>Ein Eingangsreferat machte anschaulich klar, dass diese \u201e4. Industrielle Revolution\u201c disruptive \u00c4nderungen f\u00fcr die gesamte Sparte mit sich bringt und die Konsumenten in den Fokus der Wertsch\u00f6pfung r\u00fcckt. Ganz neue Gesch\u00e4ftsmodelle entstehen und die Versorger entwickeln sich zunehmend zu datengetriebenen Unternehmen. \u201eIT aus der Steckdose\u201c, respektive Cloud Computing und das \u201eInternet of Things\u201c sind die [&hellip;]<\/p>\n","protected":false},"author":1,"featured_media":136,"comment_status":"open","ping_status":"open","sticky":false,"template":"","format":"standard","meta":{"_acf_changed":false,"footnotes":""},"categories":[1],"tags":[3372],"class_list":["post-460","post","type-post","status-publish","format-standard","has-post-thumbnail","hentry","category-unkategorisiert","tag-digitalisierung"],"acf":[],"yoast_head":"<!-- This site is optimized with the Yoast SEO plugin v26.2 - https:\/\/yoast.com\/wordpress\/plugins\/seo\/ -->\n<title>Hochkar\u00e4tiges Podium an den \u201ePowertagen\u201c in der Messe Z\u00fcrich - MQ Management und Qualit\u00e4t<\/title>\n<meta name=\"description\" content=\"Alle zwei Jahre finden in der Messe Z\u00fcrich die \u201ePowertage\u201c statt: die zukunftsweisende Plattform f\u00fcr die Schweizer Stromwirtschaft.\" \/>\n<meta name=\"robots\" content=\"index, follow, max-snippet:-1, max-image-preview:large, max-video-preview:-1\" \/>\n<link rel=\"canonical\" href=\"https:\/\/www.m-q.ch\/en\/high-calibre-podium-at-the-power-days-in-the-fair-zuerich\/\" \/>\n<meta property=\"og:locale\" content=\"en_US\" \/>\n<meta property=\"og:type\" content=\"article\" \/>\n<meta property=\"og:title\" content=\"Hochkar\u00e4tiges Podium an den \u201ePowertagen\u201c in der Messe Z\u00fcrich - MQ Management und Qualit\u00e4t\" \/>\n<meta property=\"og:description\" content=\"Alle zwei Jahre finden in der Messe Z\u00fcrich die \u201ePowertage\u201c statt: die zukunftsweisende Plattform f\u00fcr die Schweizer Stromwirtschaft.\" \/>\n<meta property=\"og:url\" content=\"https:\/\/www.m-q.ch\/en\/high-calibre-podium-at-the-power-days-in-the-fair-zuerich\/\" \/>\n<meta property=\"og:site_name\" content=\"MQ Management und Qualit\u00e4t\" \/>\n<meta property=\"article:publisher\" content=\"https:\/\/www.facebook.com\/ManagementUndQualitaet\" \/>\n<meta property=\"article:published_time\" content=\"2016-06-13T12:09:41+00:00\" \/>\n<meta property=\"article:modified_time\" content=\"2017-03-01T12:27:35+00:00\" \/>\n<meta property=\"og:image\" content=\"https:\/\/www.m-q.ch\/wp-content\/uploads\/2016\/12\/Hochkar\u00e4tiges-Podium-an-den-Powertagen-in-der-Messe-Z\u00fcrich-management-und-qualitaet-scaled.jpg\" \/>\n\t<meta property=\"og:image:width\" content=\"2560\" \/>\n\t<meta property=\"og:image:height\" content=\"1441\" \/>\n\t<meta property=\"og:image:type\" content=\"image\/jpeg\" \/>\n<meta name=\"author\" content=\"galledia\" \/>\n<meta name=\"twitter:card\" content=\"summary_large_image\" \/>\n<meta name=\"twitter:label1\" content=\"Written by\" \/>\n\t<meta name=\"twitter:data1\" content=\"galledia\" \/>\n\t<meta name=\"twitter:label2\" content=\"Est. reading time\" \/>\n\t<meta name=\"twitter:data2\" content=\"2 minutes\" \/>\n<script type=\"application\/ld+json\" class=\"yoast-schema-graph\">{\"@context\":\"https:\/\/schema.org\",\"@graph\":[{\"@type\":\"Article\",\"@id\":\"https:\/\/www.m-q.ch\/en\/high-calibre-podium-at-the-power-days-in-the-fair-zuerich\/#article\",\"isPartOf\":{\"@id\":\"https:\/\/www.m-q.ch\/en\/high-calibre-podium-at-the-power-days-in-the-fair-zuerich\/\"},\"author\":{\"name\":\"galledia\",\"@id\":\"https:\/\/www.m-q.ch\/fr\/#\/schema\/person\/c0139a2c55a374db6df2cde78ec87148\"},\"headline\":\"Hochkar\u00e4tiges Podium an den \u201ePowertagen\u201c in der Messe Z\u00fcrich\",\"datePublished\":\"2016-06-13T12:09:41+00:00\",\"dateModified\":\"2017-03-01T12:27:35+00:00\",\"mainEntityOfPage\":{\"@id\":\"https:\/\/www.m-q.ch\/en\/high-calibre-podium-at-the-power-days-in-the-fair-zuerich\/\"},\"wordCount\":445,\"commentCount\":0,\"publisher\":{\"@id\":\"https:\/\/www.m-q.ch\/fr\/#organization\"},\"image\":{\"@id\":\"https:\/\/www.m-q.ch\/en\/high-calibre-podium-at-the-power-days-in-the-fair-zuerich\/#primaryimage\"},\"thumbnailUrl\":\"https:\/\/www.m-q.ch\/wp-content\/uploads\/2016\/12\/Hochkar\u00e4tiges-Podium-an-den-Powertagen-in-der-Messe-Z\u00fcrich-management-und-qualitaet-scaled.jpg\",\"keywords\":[\"Digitalisierung\"],\"articleSection\":[\"Unkategorisiert\"],\"inLanguage\":\"en-US\"},{\"@type\":\"WebPage\",\"@id\":\"https:\/\/www.m-q.ch\/en\/high-calibre-podium-at-the-power-days-in-the-fair-zuerich\/\",\"url\":\"https:\/\/www.m-q.ch\/en\/high-calibre-podium-at-the-power-days-in-the-fair-zuerich\/\",\"name\":\"Hochkar\u00e4tiges Podium an den \u201ePowertagen\u201c in der Messe Z\u00fcrich - MQ Management und Qualit\u00e4t\",\"isPartOf\":{\"@id\":\"https:\/\/www.m-q.ch\/fr\/#website\"},\"primaryImageOfPage\":{\"@id\":\"https:\/\/www.m-q.ch\/en\/high-calibre-podium-at-the-power-days-in-the-fair-zuerich\/#primaryimage\"},\"image\":{\"@id\":\"https:\/\/www.m-q.ch\/en\/high-calibre-podium-at-the-power-days-in-the-fair-zuerich\/#primaryimage\"},\"thumbnailUrl\":\"https:\/\/www.m-q.ch\/wp-content\/uploads\/2016\/12\/Hochkar\u00e4tiges-Podium-an-den-Powertagen-in-der-Messe-Z\u00fcrich-management-und-qualitaet-scaled.jpg\",\"datePublished\":\"2016-06-13T12:09:41+00:00\",\"dateModified\":\"2017-03-01T12:27:35+00:00\",\"description\":\"Alle zwei Jahre finden in der Messe Z\u00fcrich die \u201ePowertage\u201c statt: die zukunftsweisende Plattform f\u00fcr die Schweizer Stromwirtschaft.\",\"breadcrumb\":{\"@id\":\"https:\/\/www.m-q.ch\/en\/high-calibre-podium-at-the-power-days-in-the-fair-zuerich\/#breadcrumb\"},\"inLanguage\":\"en-US\",\"potentialAction\":[{\"@type\":\"ReadAction\",\"target\":[\"https:\/\/www.m-q.ch\/en\/high-calibre-podium-at-the-power-days-in-the-fair-zuerich\/\"]}]},{\"@type\":\"ImageObject\",\"inLanguage\":\"en-US\",\"@id\":\"https:\/\/www.m-q.ch\/en\/high-calibre-podium-at-the-power-days-in-the-fair-zuerich\/#primaryimage\",\"url\":\"https:\/\/www.m-q.ch\/wp-content\/uploads\/2016\/12\/Hochkar\u00e4tiges-Podium-an-den-Powertagen-in-der-Messe-Z\u00fcrich-management-und-qualitaet-scaled.jpg\",\"contentUrl\":\"https:\/\/www.m-q.ch\/wp-content\/uploads\/2016\/12\/Hochkar\u00e4tiges-Podium-an-den-Powertagen-in-der-Messe-Z\u00fcrich-management-und-qualitaet-scaled.jpg\",\"width\":2560,\"height\":1441,\"caption\":\"Das Podium an den \\\"Powertagen\\\" unstricht: das Rennen um Marktpositionen ist im vollem Gange.\"},{\"@type\":\"BreadcrumbList\",\"@id\":\"https:\/\/www.m-q.ch\/en\/high-calibre-podium-at-the-power-days-in-the-fair-zuerich\/#breadcrumb\",\"itemListElement\":[{\"@type\":\"ListItem\",\"position\":1,\"name\":\"Unkategorisiert\",\"item\":\"https:\/\/www.m-q.ch\/it\/categoria\/senza-categoria\/\"},{\"@type\":\"ListItem\",\"position\":2,\"name\":\"Hochkar\u00e4tiges Podium an den \u201ePowertagen\u201c in der Messe Z\u00fcrich\"}]},{\"@type\":\"WebSite\",\"@id\":\"https:\/\/www.m-q.ch\/fr\/#website\",\"url\":\"https:\/\/www.m-q.ch\/fr\/\",\"name\":\"MQ Management und Qualit\u00e4t\",\"description\":\"Plattform f\u00fcr integrierte Managementsysteme.\",\"publisher\":{\"@id\":\"https:\/\/www.m-q.ch\/fr\/#organization\"},\"potentialAction\":[{\"@type\":\"SearchAction\",\"target\":{\"@type\":\"EntryPoint\",\"urlTemplate\":\"https:\/\/www.m-q.ch\/fr\/?s={search_term_string}\"},\"query-input\":{\"@type\":\"PropertyValueSpecification\",\"valueRequired\":true,\"valueName\":\"search_term_string\"}}],\"inLanguage\":\"en-US\"},{\"@type\":\"Organization\",\"@id\":\"https:\/\/www.m-q.ch\/fr\/#organization\",\"name\":\"Galledia Fachmedien AG\",\"url\":\"https:\/\/www.m-q.ch\/fr\/\",\"logo\":{\"@type\":\"ImageObject\",\"inLanguage\":\"en-US\",\"@id\":\"https:\/\/www.m-q.ch\/fr\/#\/schema\/logo\/image\/\",\"url\":\"https:\/\/www.m-q.ch\/wp-content\/uploads\/2020\/12\/cropped-logo_small.png\",\"contentUrl\":\"https:\/\/www.m-q.ch\/wp-content\/uploads\/2020\/12\/cropped-logo_small.png\",\"width\":512,\"height\":512,\"caption\":\"Galledia Fachmedien AG\"},\"image\":{\"@id\":\"https:\/\/www.m-q.ch\/fr\/#\/schema\/logo\/image\/\"},\"sameAs\":[\"https:\/\/www.facebook.com\/ManagementUndQualitaet\",\"https:\/\/www.linkedin.com\/showcase\/17982321\/admin\/\"]},{\"@type\":\"Person\",\"@id\":\"https:\/\/www.m-q.ch\/fr\/#\/schema\/person\/c0139a2c55a374db6df2cde78ec87148\",\"name\":\"galledia\",\"image\":{\"@type\":\"ImageObject\",\"inLanguage\":\"en-US\",\"@id\":\"https:\/\/www.m-q.ch\/fr\/#\/schema\/person\/image\/\",\"url\":\"https:\/\/secure.gravatar.com\/avatar\/66edf527eac29e9a5eb25bcada01f61a?s=96&d=mm&r=g\",\"contentUrl\":\"https:\/\/secure.gravatar.com\/avatar\/66edf527eac29e9a5eb25bcada01f61a?s=96&d=mm&r=g\",\"caption\":\"galledia\"},\"url\":\"https:\/\/www.m-q.ch\/en\/author\/galledia\/\"}]}<\/script>\n<!-- \/ Yoast SEO plugin. -->","yoast_head_json":{"title":"Top-class panel at the \"Power Days\" at Messe Z\u00fcrich - MQ Management und Qualit\u00e4t","description":"Every two years, the Zurich Exhibition Centre hosts the \"Powertage\": the forward-looking platform for the Swiss electricity industry.","robots":{"index":"index","follow":"follow","max-snippet":"max-snippet:-1","max-image-preview":"max-image-preview:large","max-video-preview":"max-video-preview:-1"},"canonical":"https:\/\/www.m-q.ch\/en\/high-calibre-podium-at-the-power-days-in-the-fair-zuerich\/","og_locale":"en_US","og_type":"article","og_title":"Hochkar\u00e4tiges Podium an den \u201ePowertagen\u201c in der Messe Z\u00fcrich - MQ Management und Qualit\u00e4t","og_description":"Alle zwei Jahre finden in der Messe Z\u00fcrich die \u201ePowertage\u201c statt: die zukunftsweisende Plattform f\u00fcr die Schweizer Stromwirtschaft.","og_url":"https:\/\/www.m-q.ch\/en\/high-calibre-podium-at-the-power-days-in-the-fair-zuerich\/","og_site_name":"MQ Management und Qualit\u00e4t","article_publisher":"https:\/\/www.facebook.com\/ManagementUndQualitaet","article_published_time":"2016-06-13T12:09:41+00:00","article_modified_time":"2017-03-01T12:27:35+00:00","og_image":[{"width":2560,"height":1441,"url":"https:\/\/www.m-q.ch\/wp-content\/uploads\/2016\/12\/Hochkar\u00e4tiges-Podium-an-den-Powertagen-in-der-Messe-Z\u00fcrich-management-und-qualitaet-scaled.jpg","type":"image\/jpeg"}],"author":"galledia","twitter_card":"summary_large_image","twitter_misc":{"Written by":"galledia","Est. reading time":"2 minutes"},"schema":{"@context":"https:\/\/schema.org","@graph":[{"@type":"Article","@id":"https:\/\/www.m-q.ch\/en\/high-calibre-podium-at-the-power-days-in-the-fair-zuerich\/#article","isPartOf":{"@id":"https:\/\/www.m-q.ch\/en\/high-calibre-podium-at-the-power-days-in-the-fair-zuerich\/"},"author":{"name":"galledia","@id":"https:\/\/www.m-q.ch\/fr\/#\/schema\/person\/c0139a2c55a374db6df2cde78ec87148"},"headline":"Hochkar\u00e4tiges Podium an den \u201ePowertagen\u201c in der Messe Z\u00fcrich","datePublished":"2016-06-13T12:09:41+00:00","dateModified":"2017-03-01T12:27:35+00:00","mainEntityOfPage":{"@id":"https:\/\/www.m-q.ch\/en\/high-calibre-podium-at-the-power-days-in-the-fair-zuerich\/"},"wordCount":445,"commentCount":0,"publisher":{"@id":"https:\/\/www.m-q.ch\/fr\/#organization"},"image":{"@id":"https:\/\/www.m-q.ch\/en\/high-calibre-podium-at-the-power-days-in-the-fair-zuerich\/#primaryimage"},"thumbnailUrl":"https:\/\/www.m-q.ch\/wp-content\/uploads\/2016\/12\/Hochkar\u00e4tiges-Podium-an-den-Powertagen-in-der-Messe-Z\u00fcrich-management-und-qualitaet-scaled.jpg","keywords":["Digitalisierung"],"articleSection":["Unkategorisiert"],"inLanguage":"en-US"},{"@type":"WebPage","@id":"https:\/\/www.m-q.ch\/en\/high-calibre-podium-at-the-power-days-in-the-fair-zuerich\/","url":"https:\/\/www.m-q.ch\/en\/high-calibre-podium-at-the-power-days-in-the-fair-zuerich\/","name":"Top-class panel at the \"Power Days\" at Messe Z\u00fcrich - MQ Management und Qualit\u00e4t","isPartOf":{"@id":"https:\/\/www.m-q.ch\/fr\/#website"},"primaryImageOfPage":{"@id":"https:\/\/www.m-q.ch\/en\/high-calibre-podium-at-the-power-days-in-the-fair-zuerich\/#primaryimage"},"image":{"@id":"https:\/\/www.m-q.ch\/en\/high-calibre-podium-at-the-power-days-in-the-fair-zuerich\/#primaryimage"},"thumbnailUrl":"https:\/\/www.m-q.ch\/wp-content\/uploads\/2016\/12\/Hochkar\u00e4tiges-Podium-an-den-Powertagen-in-der-Messe-Z\u00fcrich-management-und-qualitaet-scaled.jpg","datePublished":"2016-06-13T12:09:41+00:00","dateModified":"2017-03-01T12:27:35+00:00","description":"Every two years, the Zurich Exhibition Centre hosts the \"Powertage\": the forward-looking platform for the Swiss electricity industry.","breadcrumb":{"@id":"https:\/\/www.m-q.ch\/en\/high-calibre-podium-at-the-power-days-in-the-fair-zuerich\/#breadcrumb"},"inLanguage":"en-US","potentialAction":[{"@type":"ReadAction","target":["https:\/\/www.m-q.ch\/en\/high-calibre-podium-at-the-power-days-in-the-fair-zuerich\/"]}]},{"@type":"ImageObject","inLanguage":"en-US","@id":"https:\/\/www.m-q.ch\/en\/high-calibre-podium-at-the-power-days-in-the-fair-zuerich\/#primaryimage","url":"https:\/\/www.m-q.ch\/wp-content\/uploads\/2016\/12\/Hochkar\u00e4tiges-Podium-an-den-Powertagen-in-der-Messe-Z\u00fcrich-management-und-qualitaet-scaled.jpg","contentUrl":"https:\/\/www.m-q.ch\/wp-content\/uploads\/2016\/12\/Hochkar\u00e4tiges-Podium-an-den-Powertagen-in-der-Messe-Z\u00fcrich-management-und-qualitaet-scaled.jpg","width":2560,"height":1441,"caption":"Das Podium an den \"Powertagen\" unstricht: das Rennen um Marktpositionen ist im vollem Gange."},{"@type":"BreadcrumbList","@id":"https:\/\/www.m-q.ch\/en\/high-calibre-podium-at-the-power-days-in-the-fair-zuerich\/#breadcrumb","itemListElement":[{"@type":"ListItem","position":1,"name":"Unkategorisiert","item":"https:\/\/www.m-q.ch\/it\/categoria\/senza-categoria\/"},{"@type":"ListItem","position":2,"name":"Hochkar\u00e4tiges Podium an den \u201ePowertagen\u201c in der Messe Z\u00fcrich"}]},{"@type":"WebSite","@id":"https:\/\/www.m-q.ch\/fr\/#website","url":"https:\/\/www.m-q.ch\/fr\/","name":"MQ Management and Quality","description":"Platform for integrated management systems.","publisher":{"@id":"https:\/\/www.m-q.ch\/fr\/#organization"},"potentialAction":[{"@type":"SearchAction","target":{"@type":"EntryPoint","urlTemplate":"https:\/\/www.m-q.ch\/fr\/?s={search_term_string}"},"query-input":{"@type":"PropertyValueSpecification","valueRequired":true,"valueName":"search_term_string"}}],"inLanguage":"en-US"},{"@type":"Organization","@id":"https:\/\/www.m-q.ch\/fr\/#organization","name":"Galledia Trade Media AG","url":"https:\/\/www.m-q.ch\/fr\/","logo":{"@type":"ImageObject","inLanguage":"en-US","@id":"https:\/\/www.m-q.ch\/fr\/#\/schema\/logo\/image\/","url":"https:\/\/www.m-q.ch\/wp-content\/uploads\/2020\/12\/cropped-logo_small.png","contentUrl":"https:\/\/www.m-q.ch\/wp-content\/uploads\/2020\/12\/cropped-logo_small.png","width":512,"height":512,"caption":"Galledia Fachmedien AG"},"image":{"@id":"https:\/\/www.m-q.ch\/fr\/#\/schema\/logo\/image\/"},"sameAs":["https:\/\/www.facebook.com\/ManagementUndQualitaet","https:\/\/www.linkedin.com\/showcase\/17982321\/admin\/"]},{"@type":"Person","@id":"https:\/\/www.m-q.ch\/fr\/#\/schema\/person\/c0139a2c55a374db6df2cde78ec87148","name":"galledia","image":{"@type":"ImageObject","inLanguage":"en-US","@id":"https:\/\/www.m-q.ch\/fr\/#\/schema\/person\/image\/","url":"https:\/\/secure.gravatar.com\/avatar\/66edf527eac29e9a5eb25bcada01f61a?s=96&d=mm&r=g","contentUrl":"https:\/\/secure.gravatar.com\/avatar\/66edf527eac29e9a5eb25bcada01f61a?s=96&d=mm&r=g","caption":"galledia"},"url":"https:\/\/www.m-q.ch\/en\/author\/galledia\/"}]}},"_links":{"self":[{"href":"https:\/\/www.m-q.ch\/en\/wp-json\/wp\/v2\/posts\/460","targetHints":{"allow":["GET"]}}],"collection":[{"href":"https:\/\/www.m-q.ch\/en\/wp-json\/wp\/v2\/posts"}],"about":[{"href":"https:\/\/www.m-q.ch\/en\/wp-json\/wp\/v2\/types\/post"}],"author":[{"embeddable":true,"href":"https:\/\/www.m-q.ch\/en\/wp-json\/wp\/v2\/users\/1"}],"replies":[{"embeddable":true,"href":"https:\/\/www.m-q.ch\/en\/wp-json\/wp\/v2\/comments?post=460"}],"version-history":[{"count":2,"href":"https:\/\/www.m-q.ch\/en\/wp-json\/wp\/v2\/posts\/460\/revisions"}],"predecessor-version":[{"id":1110,"href":"https:\/\/www.m-q.ch\/en\/wp-json\/wp\/v2\/posts\/460\/revisions\/1110"}],"wp:featuredmedia":[{"embeddable":true,"href":"https:\/\/www.m-q.ch\/en\/wp-json\/wp\/v2\/media\/136"}],"wp:attachment":[{"href":"https:\/\/www.m-q.ch\/en\/wp-json\/wp\/v2\/media?parent=460"}],"wp:term":[{"taxonomy":"category","embeddable":true,"href":"https:\/\/www.m-q.ch\/en\/wp-json\/wp\/v2\/categories?post=460"},{"taxonomy":"post_tag","embeddable":true,"href":"https:\/\/www.m-q.ch\/en\/wp-json\/wp\/v2\/tags?post=460"}],"curies":[{"name":"wp","href":"https:\/\/api.w.org\/{rel}","templated":true}]}}