{"id":476,"date":"2016-06-28T14:23:38","date_gmt":"2016-06-28T12:23:38","guid":{"rendered":"http:\/\/dev.m-q.ch\/?p=476"},"modified":"2017-03-01T13:20:13","modified_gmt":"2017-03-01T12:20:13","slug":"swiss-association-for-technical-inspections-svti-consolidates-its-structures","status":"publish","type":"post","link":"https:\/\/www.m-q.ch\/en\/schweizerischer-verein-fuer-technische-inspektionen-svti-festigt-seine-strukturen\/","title":{"rendered":"Swiss Association for Technical Inspections SVTI consolidates its structures"},"content":{"rendered":"<figure id=\"attachment_219\" aria-describedby=\"caption-attachment-219\" style=\"width: 680px\" class=\"wp-caption alignnone\"><a href=\"https:\/\/m-q.ch\/wp-content\/uploads\/2016\/12\/Schweizerischer-Verein-f\u00fcr-technische-Inspektionen-SVTI-festigt-seine-Strukturen-management-und-qualitaet.jpg\"><img loading=\"lazy\" decoding=\"async\" class=\"wp-image-219 size-medium\" src=\"https:\/\/www.m-q.ch\/wp-content\/uploads\/2016\/12\/Schweizerischer-Verein-f\u00fcr-technische-Inspektionen-SVTI-festigt-seine-Strukturen-management-und-qualitaet-680x360.jpg\" width=\"680\" height=\"360\" srcset=\"https:\/\/www.m-q.ch\/wp-content\/uploads\/2016\/12\/Schweizerischer-Verein-f\u00fcr-technische-Inspektionen-SVTI-festigt-seine-Strukturen-management-und-qualitaet-680x360.jpg 680w, https:\/\/www.m-q.ch\/wp-content\/uploads\/2016\/12\/Schweizerischer-Verein-f\u00fcr-technische-Inspektionen-SVTI-festigt-seine-Strukturen-management-und-qualitaet-768x406.jpg 768w, https:\/\/www.m-q.ch\/wp-content\/uploads\/2016\/12\/Schweizerischer-Verein-f\u00fcr-technische-Inspektionen-SVTI-festigt-seine-Strukturen-management-und-qualitaet-16x8.jpg 16w, https:\/\/www.m-q.ch\/wp-content\/uploads\/2016\/12\/Schweizerischer-Verein-f\u00fcr-technische-Inspektionen-SVTI-festigt-seine-Strukturen-management-und-qualitaet-331x175.jpg 331w, https:\/\/www.m-q.ch\/wp-content\/uploads\/2016\/12\/Schweizerischer-Verein-f\u00fcr-technische-Inspektionen-SVTI-festigt-seine-Strukturen-management-und-qualitaet-662x350.jpg 662w, https:\/\/www.m-q.ch\/wp-content\/uploads\/2016\/12\/Schweizerischer-Verein-f\u00fcr-technische-Inspektionen-SVTI-festigt-seine-Strukturen-management-und-qualitaet-920x486.jpg 920w, https:\/\/www.m-q.ch\/wp-content\/uploads\/2016\/12\/Schweizerischer-Verein-f\u00fcr-technische-Inspektionen-SVTI-festigt-seine-Strukturen-management-und-qualitaet-300x159.jpg 300w, https:\/\/www.m-q.ch\/wp-content\/uploads\/2016\/12\/Schweizerischer-Verein-f\u00fcr-technische-Inspektionen-SVTI-festigt-seine-Strukturen-management-und-qualitaet-1024x541.jpg 1024w, https:\/\/www.m-q.ch\/wp-content\/uploads\/2016\/12\/Schweizerischer-Verein-f\u00fcr-technische-Inspektionen-SVTI-festigt-seine-Strukturen-management-und-qualitaet-624x330.jpg 624w, https:\/\/www.m-q.ch\/wp-content\/uploads\/2016\/12\/Schweizerischer-Verein-f\u00fcr-technische-Inspektionen-SVTI-festigt-seine-Strukturen-management-und-qualitaet.jpg 1095w\" sizes=\"auto, (max-width: 680px) 100vw, 680px\" \/><\/a><figcaption id=\"caption-attachment-219\" class=\"wp-caption-text\">The new SVTI site in Wallisellen, a centre for training in the field of safety of technical installations and risk management.<\/figcaption><\/figure>\n<p>For the SVTI Group, 2015 was a year of consolidation. Following restructuring in previous years, SVTI consolidated its new structures in 2015. SVTI also pressed ahead with the project for the extension to the site in Wallisellen. The new building is expected to be ready for occupation in summer 2017, so that the SVTI Group will be conducting all training courses on site from autumn 2017.<\/p>\n<p>Thanks to the SVTI's new premises with state-of-the-art infrastructure, the Wallisellen site is developing into an important centre for training in the field of safety of technical installations and risk management.<\/p>\n<p><strong>Positive result in 2015<\/strong><\/p>\n<p>SVTI and its subsidiaries also felt the effects of the difficult economic environment in 2015. Sales were down slightly for certain services, such as classic non-destructive testing, and in the area of hazardous goods. Nevertheless, the inspectorates and most areas of the SVTI Group achieved their targets in 2015. The operating result was correspondingly pleasing.<\/p>\n<p><strong>Change in the Board of Directors<\/strong><\/p>\n<p>At the association meeting, the members present confirmed the previous board member Patrice Voumard and the president Udo M. B\u00e4ckert, whose term of office had expired, for a further term of three years. Jean-Pierre Passerat, Managing Director of Leman Bio Energie and Chairman of the Board of Directors of Sappro SA, was newly elected to the Board. Robert Fasler has resigned from the SVTI board due to retirement.<\/p>\n<p><a href=\"http:\/\/www.svti.ch\" target=\"_blank\" data-cke-saved-href=\"http:\/\/www.svti.ch\">http:\/\/www.svti.ch<\/a><\/p>","protected":false},"excerpt":{"rendered":"<p>F\u00fcr die SVTI-Gruppe war 2015 ein Jahr der Konsolidierung. Nach der Restrukturierung in den vergangenen Jahren festigte der SVTI 2015 seine neuen Strukturen. Der SVTI trieb ausserdem das Projekt f\u00fcr den Erweiterungsbau am Standort in Wallisellen voran. Der Neubau wird voraussichtlich im Sommer 2017 bezugsbereit sein, sodass die SVTI-Gruppe ab Herbst 2017 alle Schulungen vor [&hellip;]<\/p>\n","protected":false},"author":1,"featured_media":219,"comment_status":"open","ping_status":"open","sticky":false,"template":"","format":"standard","meta":{"_acf_changed":false,"footnotes":""},"categories":[1],"tags":[3335,3359],"class_list":["post-476","post","type-post","status-publish","format-standard","has-post-thumbnail","hentry","category-unkategorisiert","tag-personalia","tag-vereineverbaendeinstitutionen"],"acf":[],"yoast_head":"<!-- This site is optimized with the Yoast SEO plugin v26.2 - https:\/\/yoast.com\/wordpress\/plugins\/seo\/ -->\n<title>Schweizerischer Verein f\u00fcr technische Inspektionen SVTI festigt seine Strukturen - MQ Management und Qualit\u00e4t<\/title>\n<meta name=\"description\" content=\"Der SVTI blickt auf ein erfolgreiches Gesch\u00e4ftsjahr 2015 zur\u00fcck.\" \/>\n<meta name=\"robots\" content=\"index, follow, max-snippet:-1, max-image-preview:large, max-video-preview:-1\" \/>\n<link rel=\"canonical\" href=\"https:\/\/www.m-q.ch\/en\/swiss-association-for-technical-inspections-svti-strengthens-its-structures\/\" \/>\n<meta property=\"og:locale\" content=\"en_US\" \/>\n<meta property=\"og:type\" content=\"article\" \/>\n<meta property=\"og:title\" content=\"Schweizerischer Verein f\u00fcr technische Inspektionen SVTI festigt seine Strukturen - MQ Management und Qualit\u00e4t\" \/>\n<meta property=\"og:description\" content=\"Der SVTI blickt auf ein erfolgreiches Gesch\u00e4ftsjahr 2015 zur\u00fcck.\" \/>\n<meta property=\"og:url\" content=\"https:\/\/www.m-q.ch\/en\/swiss-association-for-technical-inspections-svti-strengthens-its-structures\/\" \/>\n<meta property=\"og:site_name\" content=\"MQ Management und Qualit\u00e4t\" \/>\n<meta property=\"article:publisher\" content=\"https:\/\/www.facebook.com\/ManagementUndQualitaet\" \/>\n<meta property=\"article:published_time\" content=\"2016-06-28T12:23:38+00:00\" \/>\n<meta property=\"article:modified_time\" content=\"2017-03-01T12:20:13+00:00\" \/>\n<meta property=\"og:image\" content=\"https:\/\/www.m-q.ch\/wp-content\/uploads\/2016\/12\/Schweizerischer-Verein-f\u00fcr-technische-Inspektionen-SVTI-festigt-seine-Strukturen-management-und-qualitaet.jpg\" \/>\n\t<meta property=\"og:image:width\" content=\"1095\" \/>\n\t<meta property=\"og:image:height\" content=\"579\" \/>\n\t<meta property=\"og:image:type\" content=\"image\/jpeg\" \/>\n<meta name=\"author\" content=\"galledia\" \/>\n<meta name=\"twitter:card\" content=\"summary_large_image\" \/>\n<meta name=\"twitter:label1\" content=\"Written by\" \/>\n\t<meta name=\"twitter:data1\" content=\"galledia\" \/>\n\t<meta name=\"twitter:label2\" content=\"Est. reading time\" \/>\n\t<meta name=\"twitter:data2\" content=\"1 minute\" \/>\n<script type=\"application\/ld+json\" class=\"yoast-schema-graph\">{\"@context\":\"https:\/\/schema.org\",\"@graph\":[{\"@type\":\"Article\",\"@id\":\"https:\/\/www.m-q.ch\/it\/swiss-association-for-technical-inspections-svti-strengthens-its-structures\/#article\",\"isPartOf\":{\"@id\":\"https:\/\/www.m-q.ch\/it\/swiss-association-for-technical-inspections-svti-strengthens-its-structures\/\"},\"author\":{\"name\":\"galledia\",\"@id\":\"https:\/\/www.m-q.ch\/fr\/#\/schema\/person\/c0139a2c55a374db6df2cde78ec87148\"},\"headline\":\"Schweizerischer Verein f\u00fcr technische Inspektionen SVTI festigt seine Strukturen\",\"datePublished\":\"2016-06-28T12:23:38+00:00\",\"dateModified\":\"2017-03-01T12:20:13+00:00\",\"mainEntityOfPage\":{\"@id\":\"https:\/\/www.m-q.ch\/it\/swiss-association-for-technical-inspections-svti-strengthens-its-structures\/\"},\"wordCount\":264,\"commentCount\":0,\"publisher\":{\"@id\":\"https:\/\/www.m-q.ch\/fr\/#organization\"},\"image\":{\"@id\":\"https:\/\/www.m-q.ch\/it\/swiss-association-for-technical-inspections-svti-strengthens-its-structures\/#primaryimage\"},\"thumbnailUrl\":\"https:\/\/www.m-q.ch\/wp-content\/uploads\/2016\/12\/Schweizerischer-Verein-f\u00fcr-technische-Inspektionen-SVTI-festigt-seine-Strukturen-management-und-qualitaet.jpg\",\"keywords\":[\"Personalia\",\"Vereine\/Verb\u00e4nde\/Institutionen\"],\"articleSection\":[\"Unkategorisiert\"],\"inLanguage\":\"en-US\"},{\"@type\":\"WebPage\",\"@id\":\"https:\/\/www.m-q.ch\/it\/swiss-association-for-technical-inspections-svti-strengthens-its-structures\/\",\"url\":\"https:\/\/www.m-q.ch\/it\/swiss-association-for-technical-inspections-svti-strengthens-its-structures\/\",\"name\":\"Schweizerischer Verein f\u00fcr technische Inspektionen SVTI festigt seine Strukturen - MQ Management und Qualit\u00e4t\",\"isPartOf\":{\"@id\":\"https:\/\/www.m-q.ch\/fr\/#website\"},\"primaryImageOfPage\":{\"@id\":\"https:\/\/www.m-q.ch\/it\/swiss-association-for-technical-inspections-svti-strengthens-its-structures\/#primaryimage\"},\"image\":{\"@id\":\"https:\/\/www.m-q.ch\/it\/swiss-association-for-technical-inspections-svti-strengthens-its-structures\/#primaryimage\"},\"thumbnailUrl\":\"https:\/\/www.m-q.ch\/wp-content\/uploads\/2016\/12\/Schweizerischer-Verein-f\u00fcr-technische-Inspektionen-SVTI-festigt-seine-Strukturen-management-und-qualitaet.jpg\",\"datePublished\":\"2016-06-28T12:23:38+00:00\",\"dateModified\":\"2017-03-01T12:20:13+00:00\",\"description\":\"Der SVTI blickt auf ein erfolgreiches Gesch\u00e4ftsjahr 2015 zur\u00fcck.\",\"breadcrumb\":{\"@id\":\"https:\/\/www.m-q.ch\/it\/swiss-association-for-technical-inspections-svti-strengthens-its-structures\/#breadcrumb\"},\"inLanguage\":\"en-US\",\"potentialAction\":[{\"@type\":\"ReadAction\",\"target\":[\"https:\/\/www.m-q.ch\/it\/swiss-association-for-technical-inspections-svti-strengthens-its-structures\/\"]}]},{\"@type\":\"ImageObject\",\"inLanguage\":\"en-US\",\"@id\":\"https:\/\/www.m-q.ch\/it\/swiss-association-for-technical-inspections-svti-strengthens-its-structures\/#primaryimage\",\"url\":\"https:\/\/www.m-q.ch\/wp-content\/uploads\/2016\/12\/Schweizerischer-Verein-f\u00fcr-technische-Inspektionen-SVTI-festigt-seine-Strukturen-management-und-qualitaet.jpg\",\"contentUrl\":\"https:\/\/www.m-q.ch\/wp-content\/uploads\/2016\/12\/Schweizerischer-Verein-f\u00fcr-technische-Inspektionen-SVTI-festigt-seine-Strukturen-management-und-qualitaet.jpg\",\"width\":1095,\"height\":579,\"caption\":\"Der neue SVTI Standort in Wallisellen, ein Zentrum f\u00fcr Ausbildungen im Bereich Sicherheit von technischen Anlagen und Risikomanagement.\"},{\"@type\":\"BreadcrumbList\",\"@id\":\"https:\/\/www.m-q.ch\/it\/swiss-association-for-technical-inspections-svti-strengthens-its-structures\/#breadcrumb\",\"itemListElement\":[{\"@type\":\"ListItem\",\"position\":1,\"name\":\"Unkategorisiert\",\"item\":\"https:\/\/www.m-q.ch\/it\/categoria\/senza-categoria\/\"},{\"@type\":\"ListItem\",\"position\":2,\"name\":\"Schweizerischer Verein f\u00fcr technische Inspektionen SVTI festigt seine Strukturen\"}]},{\"@type\":\"WebSite\",\"@id\":\"https:\/\/www.m-q.ch\/fr\/#website\",\"url\":\"https:\/\/www.m-q.ch\/fr\/\",\"name\":\"MQ Management und Qualit\u00e4t\",\"description\":\"Plattform f\u00fcr integrierte Managementsysteme.\",\"publisher\":{\"@id\":\"https:\/\/www.m-q.ch\/fr\/#organization\"},\"potentialAction\":[{\"@type\":\"SearchAction\",\"target\":{\"@type\":\"EntryPoint\",\"urlTemplate\":\"https:\/\/www.m-q.ch\/fr\/?s={search_term_string}\"},\"query-input\":{\"@type\":\"PropertyValueSpecification\",\"valueRequired\":true,\"valueName\":\"search_term_string\"}}],\"inLanguage\":\"en-US\"},{\"@type\":\"Organization\",\"@id\":\"https:\/\/www.m-q.ch\/fr\/#organization\",\"name\":\"Galledia Fachmedien AG\",\"url\":\"https:\/\/www.m-q.ch\/fr\/\",\"logo\":{\"@type\":\"ImageObject\",\"inLanguage\":\"en-US\",\"@id\":\"https:\/\/www.m-q.ch\/fr\/#\/schema\/logo\/image\/\",\"url\":\"https:\/\/www.m-q.ch\/wp-content\/uploads\/2020\/12\/cropped-logo_small.png\",\"contentUrl\":\"https:\/\/www.m-q.ch\/wp-content\/uploads\/2020\/12\/cropped-logo_small.png\",\"width\":512,\"height\":512,\"caption\":\"Galledia Fachmedien AG\"},\"image\":{\"@id\":\"https:\/\/www.m-q.ch\/fr\/#\/schema\/logo\/image\/\"},\"sameAs\":[\"https:\/\/www.facebook.com\/ManagementUndQualitaet\",\"https:\/\/www.linkedin.com\/showcase\/17982321\/admin\/\"]},{\"@type\":\"Person\",\"@id\":\"https:\/\/www.m-q.ch\/fr\/#\/schema\/person\/c0139a2c55a374db6df2cde78ec87148\",\"name\":\"galledia\",\"image\":{\"@type\":\"ImageObject\",\"inLanguage\":\"en-US\",\"@id\":\"https:\/\/www.m-q.ch\/fr\/#\/schema\/person\/image\/\",\"url\":\"https:\/\/secure.gravatar.com\/avatar\/66edf527eac29e9a5eb25bcada01f61a?s=96&d=mm&r=g\",\"contentUrl\":\"https:\/\/secure.gravatar.com\/avatar\/66edf527eac29e9a5eb25bcada01f61a?s=96&d=mm&r=g\",\"caption\":\"galledia\"},\"url\":\"https:\/\/www.m-q.ch\/en\/author\/galledia\/\"}]}<\/script>\n<!-- \/ Yoast SEO plugin. -->","yoast_head_json":{"title":"Swiss Association for Technical Inspections SVTI consolidates its structures - MQ Management and Quality","description":"The SVTI can look back on a successful 2015 financial year.","robots":{"index":"index","follow":"follow","max-snippet":"max-snippet:-1","max-image-preview":"max-image-preview:large","max-video-preview":"max-video-preview:-1"},"canonical":"https:\/\/www.m-q.ch\/en\/swiss-association-for-technical-inspections-svti-strengthens-its-structures\/","og_locale":"en_US","og_type":"article","og_title":"Schweizerischer Verein f\u00fcr technische Inspektionen SVTI festigt seine Strukturen - MQ Management und Qualit\u00e4t","og_description":"Der SVTI blickt auf ein erfolgreiches Gesch\u00e4ftsjahr 2015 zur\u00fcck.","og_url":"https:\/\/www.m-q.ch\/en\/swiss-association-for-technical-inspections-svti-strengthens-its-structures\/","og_site_name":"MQ Management und Qualit\u00e4t","article_publisher":"https:\/\/www.facebook.com\/ManagementUndQualitaet","article_published_time":"2016-06-28T12:23:38+00:00","article_modified_time":"2017-03-01T12:20:13+00:00","og_image":[{"width":1095,"height":579,"url":"https:\/\/www.m-q.ch\/wp-content\/uploads\/2016\/12\/Schweizerischer-Verein-f\u00fcr-technische-Inspektionen-SVTI-festigt-seine-Strukturen-management-und-qualitaet.jpg","type":"image\/jpeg"}],"author":"galledia","twitter_card":"summary_large_image","twitter_misc":{"Written by":"galledia","Est. reading time":"1 minute"},"schema":{"@context":"https:\/\/schema.org","@graph":[{"@type":"Article","@id":"https:\/\/www.m-q.ch\/it\/swiss-association-for-technical-inspections-svti-strengthens-its-structures\/#article","isPartOf":{"@id":"https:\/\/www.m-q.ch\/it\/swiss-association-for-technical-inspections-svti-strengthens-its-structures\/"},"author":{"name":"galledia","@id":"https:\/\/www.m-q.ch\/fr\/#\/schema\/person\/c0139a2c55a374db6df2cde78ec87148"},"headline":"Schweizerischer Verein f\u00fcr technische Inspektionen SVTI festigt seine Strukturen","datePublished":"2016-06-28T12:23:38+00:00","dateModified":"2017-03-01T12:20:13+00:00","mainEntityOfPage":{"@id":"https:\/\/www.m-q.ch\/it\/swiss-association-for-technical-inspections-svti-strengthens-its-structures\/"},"wordCount":264,"commentCount":0,"publisher":{"@id":"https:\/\/www.m-q.ch\/fr\/#organization"},"image":{"@id":"https:\/\/www.m-q.ch\/it\/swiss-association-for-technical-inspections-svti-strengthens-its-structures\/#primaryimage"},"thumbnailUrl":"https:\/\/www.m-q.ch\/wp-content\/uploads\/2016\/12\/Schweizerischer-Verein-f\u00fcr-technische-Inspektionen-SVTI-festigt-seine-Strukturen-management-und-qualitaet.jpg","keywords":["Personalia","Vereine\/Verb\u00e4nde\/Institutionen"],"articleSection":["Unkategorisiert"],"inLanguage":"en-US"},{"@type":"WebPage","@id":"https:\/\/www.m-q.ch\/it\/swiss-association-for-technical-inspections-svti-strengthens-its-structures\/","url":"https:\/\/www.m-q.ch\/it\/swiss-association-for-technical-inspections-svti-strengthens-its-structures\/","name":"Swiss Association for Technical Inspections SVTI consolidates its structures - MQ Management and Quality","isPartOf":{"@id":"https:\/\/www.m-q.ch\/fr\/#website"},"primaryImageOfPage":{"@id":"https:\/\/www.m-q.ch\/it\/swiss-association-for-technical-inspections-svti-strengthens-its-structures\/#primaryimage"},"image":{"@id":"https:\/\/www.m-q.ch\/it\/swiss-association-for-technical-inspections-svti-strengthens-its-structures\/#primaryimage"},"thumbnailUrl":"https:\/\/www.m-q.ch\/wp-content\/uploads\/2016\/12\/Schweizerischer-Verein-f\u00fcr-technische-Inspektionen-SVTI-festigt-seine-Strukturen-management-und-qualitaet.jpg","datePublished":"2016-06-28T12:23:38+00:00","dateModified":"2017-03-01T12:20:13+00:00","description":"The SVTI can look back on a successful 2015 financial year.","breadcrumb":{"@id":"https:\/\/www.m-q.ch\/it\/swiss-association-for-technical-inspections-svti-strengthens-its-structures\/#breadcrumb"},"inLanguage":"en-US","potentialAction":[{"@type":"ReadAction","target":["https:\/\/www.m-q.ch\/it\/swiss-association-for-technical-inspections-svti-strengthens-its-structures\/"]}]},{"@type":"ImageObject","inLanguage":"en-US","@id":"https:\/\/www.m-q.ch\/it\/swiss-association-for-technical-inspections-svti-strengthens-its-structures\/#primaryimage","url":"https:\/\/www.m-q.ch\/wp-content\/uploads\/2016\/12\/Schweizerischer-Verein-f\u00fcr-technische-Inspektionen-SVTI-festigt-seine-Strukturen-management-und-qualitaet.jpg","contentUrl":"https:\/\/www.m-q.ch\/wp-content\/uploads\/2016\/12\/Schweizerischer-Verein-f\u00fcr-technische-Inspektionen-SVTI-festigt-seine-Strukturen-management-und-qualitaet.jpg","width":1095,"height":579,"caption":"Der neue SVTI Standort in Wallisellen, ein Zentrum f\u00fcr Ausbildungen im Bereich Sicherheit von technischen Anlagen und Risikomanagement."},{"@type":"BreadcrumbList","@id":"https:\/\/www.m-q.ch\/it\/swiss-association-for-technical-inspections-svti-strengthens-its-structures\/#breadcrumb","itemListElement":[{"@type":"ListItem","position":1,"name":"Unkategorisiert","item":"https:\/\/www.m-q.ch\/it\/categoria\/senza-categoria\/"},{"@type":"ListItem","position":2,"name":"Schweizerischer Verein f\u00fcr technische Inspektionen SVTI festigt seine Strukturen"}]},{"@type":"WebSite","@id":"https:\/\/www.m-q.ch\/fr\/#website","url":"https:\/\/www.m-q.ch\/fr\/","name":"MQ Management and Quality","description":"Platform for integrated management systems.","publisher":{"@id":"https:\/\/www.m-q.ch\/fr\/#organization"},"potentialAction":[{"@type":"SearchAction","target":{"@type":"EntryPoint","urlTemplate":"https:\/\/www.m-q.ch\/fr\/?s={search_term_string}"},"query-input":{"@type":"PropertyValueSpecification","valueRequired":true,"valueName":"search_term_string"}}],"inLanguage":"en-US"},{"@type":"Organization","@id":"https:\/\/www.m-q.ch\/fr\/#organization","name":"Galledia Trade Media AG","url":"https:\/\/www.m-q.ch\/fr\/","logo":{"@type":"ImageObject","inLanguage":"en-US","@id":"https:\/\/www.m-q.ch\/fr\/#\/schema\/logo\/image\/","url":"https:\/\/www.m-q.ch\/wp-content\/uploads\/2020\/12\/cropped-logo_small.png","contentUrl":"https:\/\/www.m-q.ch\/wp-content\/uploads\/2020\/12\/cropped-logo_small.png","width":512,"height":512,"caption":"Galledia Fachmedien AG"},"image":{"@id":"https:\/\/www.m-q.ch\/fr\/#\/schema\/logo\/image\/"},"sameAs":["https:\/\/www.facebook.com\/ManagementUndQualitaet","https:\/\/www.linkedin.com\/showcase\/17982321\/admin\/"]},{"@type":"Person","@id":"https:\/\/www.m-q.ch\/fr\/#\/schema\/person\/c0139a2c55a374db6df2cde78ec87148","name":"galledia","image":{"@type":"ImageObject","inLanguage":"en-US","@id":"https:\/\/www.m-q.ch\/fr\/#\/schema\/person\/image\/","url":"https:\/\/secure.gravatar.com\/avatar\/66edf527eac29e9a5eb25bcada01f61a?s=96&d=mm&r=g","contentUrl":"https:\/\/secure.gravatar.com\/avatar\/66edf527eac29e9a5eb25bcada01f61a?s=96&d=mm&r=g","caption":"galledia"},"url":"https:\/\/www.m-q.ch\/en\/author\/galledia\/"}]}},"_links":{"self":[{"href":"https:\/\/www.m-q.ch\/en\/wp-json\/wp\/v2\/posts\/476","targetHints":{"allow":["GET"]}}],"collection":[{"href":"https:\/\/www.m-q.ch\/en\/wp-json\/wp\/v2\/posts"}],"about":[{"href":"https:\/\/www.m-q.ch\/en\/wp-json\/wp\/v2\/types\/post"}],"author":[{"embeddable":true,"href":"https:\/\/www.m-q.ch\/en\/wp-json\/wp\/v2\/users\/1"}],"replies":[{"embeddable":true,"href":"https:\/\/www.m-q.ch\/en\/wp-json\/wp\/v2\/comments?post=476"}],"version-history":[{"count":2,"href":"https:\/\/www.m-q.ch\/en\/wp-json\/wp\/v2\/posts\/476\/revisions"}],"predecessor-version":[{"id":1103,"href":"https:\/\/www.m-q.ch\/en\/wp-json\/wp\/v2\/posts\/476\/revisions\/1103"}],"wp:featuredmedia":[{"embeddable":true,"href":"https:\/\/www.m-q.ch\/en\/wp-json\/wp\/v2\/media\/219"}],"wp:attachment":[{"href":"https:\/\/www.m-q.ch\/en\/wp-json\/wp\/v2\/media?parent=476"}],"wp:term":[{"taxonomy":"category","embeddable":true,"href":"https:\/\/www.m-q.ch\/en\/wp-json\/wp\/v2\/categories?post=476"},{"taxonomy":"post_tag","embeddable":true,"href":"https:\/\/www.m-q.ch\/en\/wp-json\/wp\/v2\/tags?post=476"}],"curies":[{"name":"wp","href":"https:\/\/api.w.org\/{rel}","templated":true}]}}