{"id":577,"date":"2016-09-27T08:49:58","date_gmt":"2016-09-27T06:49:58","guid":{"rendered":"http:\/\/dev.m-q.ch\/?p=577"},"modified":"2017-03-01T08:48:08","modified_gmt":"2017-03-01T07:48:08","slug":"how-the-iot-is-changing-our-society","status":"publish","type":"post","link":"https:\/\/www.m-q.ch\/en\/wie-das-iot-unsere-gesellschaft-aendert\/","title":{"rendered":"How the IoT is changing our society"},"content":{"rendered":"<figure id=\"attachment_252\" aria-describedby=\"caption-attachment-252\" style=\"width: 348px\" class=\"wp-caption alignnone\"><a href=\"https:\/\/m-q.ch\/wp-content\/uploads\/2016\/12\/Wie-das-IoT-unsere-Gesellschaft-\u00e4ndert-management-und-qualitaet.jpg\"><img loading=\"lazy\" decoding=\"async\" class=\"wp-image-252 size-full\" src=\"https:\/\/www.m-q.ch\/wp-content\/uploads\/2016\/12\/Wie-das-IoT-unsere-Gesellschaft-\u00e4ndert-management-und-qualitaet.jpg\" width=\"348\" height=\"519\" srcset=\"https:\/\/www.m-q.ch\/wp-content\/uploads\/2016\/12\/Wie-das-IoT-unsere-Gesellschaft-\u00e4ndert-management-und-qualitaet.jpg 348w, https:\/\/www.m-q.ch\/wp-content\/uploads\/2016\/12\/Wie-das-IoT-unsere-Gesellschaft-\u00e4ndert-management-und-qualitaet-8x12.jpg 8w, https:\/\/www.m-q.ch\/wp-content\/uploads\/2016\/12\/Wie-das-IoT-unsere-Gesellschaft-\u00e4ndert-management-und-qualitaet-117x175.jpg 117w, https:\/\/www.m-q.ch\/wp-content\/uploads\/2016\/12\/Wie-das-IoT-unsere-Gesellschaft-\u00e4ndert-management-und-qualitaet-235x350.jpg 235w, https:\/\/www.m-q.ch\/wp-content\/uploads\/2016\/12\/Wie-das-IoT-unsere-Gesellschaft-\u00e4ndert-management-und-qualitaet-300x447.jpg 300w\" sizes=\"auto, (max-width: 348px) 100vw, 348px\" \/><\/a><figcaption id=\"caption-attachment-252\" class=\"wp-caption-text\">(Image: depositphoto)<\/figcaption><\/figure>\n<blockquote><p>Every company has to find out for itself how to move from rigid value chains to dynamic value networks.<\/p><\/blockquote>\n<p>The Diplomatic Council sees the Internet of Things as going far beyond a technology and as a driver of change in the foundations of human life. \"The Internet of Things is the bridge between the digitization of the world and everyday reality, and thus represents a fundamental evolution with far-reaching consequences for the future of civilization as a whole,\" explains Special Representative Dr. Michael Fuchs. He points out that the United Nations Commission on Science and Technology has included IoT as a key topic in its 2030 agenda.<\/p>\n<p><strong>Better realtime functions<\/strong><\/p>\n<p>Chairman Otto Schell adds: \"The IoT enables a different kind of collaboration through the transparency and speed of the technology. For companies, with real-time technologies and their distribution, for example via smartphones or open platforms, the market entry hurdle is lower than ever before. This explains the effect of digitalization from a market perspective. From a company's point of view, digitalization means the flow of data, for example via sensors, into business processes and into the market, for example via customer relations. In other words, that what digitalization is all about is the flow of software into transactions and analytics.\"<\/p>\n<p><strong>Principles, norms, rules?<\/strong><\/p>\n<p>Governments, the private sector and civil society are equally challenged, in their respective roles, to develop common principles, norms, rules and approaches to decision-making that will guide the further development and use of digitalisation. The Internet of Things represents the extension of the Internet into the real world, so that many everyday objects become part of the Internet. \"One of the consequences is the direct impact on end-to-end business processes, i.e. the end-to-end automation of processes that this enables. In many process chains, this creates a transparency that is surprising for many market participants and by all means not always desired,\" says DC Chairman Otto Schell.<\/p>\n<p><strong>Main levers of transformation<\/strong><\/p>\n<p>DC Special Representative Dr. Michael Fuchs explains: \"Networking through the Internet of Things will gradually affect all industries. Beyond technological progress, the focus will be on new business models that arise from networking, the resulting data and their evaluation. The four levers of digital transformation are digital data, automation, digital customer access and networking.<\/p>\n<p>Every company has to find out for itself how to move from rigid value chains to dynamic value networks.<\/p>\n<p>This is linked to the development of new innovative business models. Which, conversely, means that companies may well commit to the current business model with the knowledge that it may be temporary.\"<\/p>\n<p><strong>Fair balance of interests<\/strong><\/p>\n<p>The Diplomatic Council pursues the goal of ensuring that the opportunities offered by digitalisation benefit all people everywhere in equal measure. The DC strives for a fair balance of interests that is as equitable as possible for all countries as well as civil society, academia and the private sector around the globe.<\/p>\n<p><em>To this end, the Diplomatic Council, under <a href=\"http:\/\/www.diplomatic-council.org\" target=\"_blank\" rel=\"noreferrer\" data-cke-saved-href=\"http:\/\/www.diplomatic-council.org\">www.diplomatic-council.org<\/a> published a white paper on IoT (authors: Dr. Michael Fuchs and Otto Schell).<\/em><\/p>\n<p><em>It complements a white paper on the impact of software on business and civil society (author: Andreas Espenschied), which is also available at <a href=\"http:\/\/www.diplomatic-council.org\" target=\"_blank\" rel=\"noreferrer\" data-cke-saved-href=\"http:\/\/www.diplomatic-council.org\">www.diplomatic-council.org<\/a> is visible.<\/em><\/p>\n<p>&nbsp;<\/p>","protected":false},"excerpt":{"rendered":"<p>Jedes Unternehmen muss f\u00fcr sich herausfinden, wie es von starren Wertsch\u00f6pfungsketten zu dynamischen Wertsch\u00f6pfungsnetzwerk kommt. Das Diplomatic Council versteht das Internet of Things weit \u00fcber eine Technologie hinausgehend als einen Motor der Ver\u00e4nderung der Lebensgrundlagen der Menschheit. \u201eDas Internet of Things bildet die Br\u00fccke zwischen der Digitalisierung der Welt und der allt\u00e4glichen Realit\u00e4t und stellt [&hellip;]<\/p>\n","protected":false},"author":1,"featured_media":252,"comment_status":"open","ping_status":"open","sticky":false,"template":"","format":"standard","meta":{"_acf_changed":false,"footnotes":""},"categories":[1],"tags":[3372],"class_list":["post-577","post","type-post","status-publish","format-standard","has-post-thumbnail","hentry","category-unkategorisiert","tag-digitalisierung"],"acf":[],"yoast_head":"<!-- This site is optimized with the Yoast SEO plugin v26.2 - https:\/\/yoast.com\/wordpress\/plugins\/seo\/ -->\n<title>Wie das IoT unsere Gesellschaft \u00e4ndert - MQ Management und Qualit\u00e4t<\/title>\n<meta name=\"description\" content=\"Das Internet der Dinge (Engl.: Internet of Things (IoT)) wird in den n\u00e4chsten Jahren das Alltagsleben von Milliarden von Menschen nachhaltig ver\u00e4ndern.\" \/>\n<meta name=\"robots\" content=\"index, follow, max-snippet:-1, max-image-preview:large, max-video-preview:-1\" \/>\n<link rel=\"canonical\" href=\"https:\/\/www.m-q.ch\/en\/how-the-iot-is-changing-our-society\/\" \/>\n<meta property=\"og:locale\" content=\"en_US\" \/>\n<meta property=\"og:type\" content=\"article\" \/>\n<meta property=\"og:title\" content=\"Wie das IoT unsere Gesellschaft \u00e4ndert - MQ Management und Qualit\u00e4t\" \/>\n<meta property=\"og:description\" content=\"Das Internet der Dinge (Engl.: Internet of Things (IoT)) wird in den n\u00e4chsten Jahren das Alltagsleben von Milliarden von Menschen nachhaltig ver\u00e4ndern.\" \/>\n<meta property=\"og:url\" content=\"https:\/\/www.m-q.ch\/en\/how-the-iot-is-changing-our-society\/\" \/>\n<meta property=\"og:site_name\" content=\"MQ Management und Qualit\u00e4t\" \/>\n<meta property=\"article:publisher\" content=\"https:\/\/www.facebook.com\/ManagementUndQualitaet\" \/>\n<meta property=\"article:published_time\" content=\"2016-09-27T06:49:58+00:00\" \/>\n<meta property=\"article:modified_time\" content=\"2017-03-01T07:48:08+00:00\" \/>\n<meta property=\"og:image\" content=\"https:\/\/www.m-q.ch\/wp-content\/uploads\/2016\/12\/Wie-das-IoT-unsere-Gesellschaft-\u00e4ndert-management-und-qualitaet.jpg\" \/>\n\t<meta property=\"og:image:width\" content=\"348\" \/>\n\t<meta property=\"og:image:height\" content=\"519\" \/>\n\t<meta property=\"og:image:type\" content=\"image\/jpeg\" \/>\n<meta name=\"author\" content=\"galledia\" \/>\n<meta name=\"twitter:card\" content=\"summary_large_image\" \/>\n<meta name=\"twitter:label1\" content=\"Written by\" \/>\n\t<meta name=\"twitter:data1\" content=\"galledia\" \/>\n\t<meta name=\"twitter:label2\" content=\"Est. reading time\" \/>\n\t<meta name=\"twitter:data2\" content=\"3 minutes\" \/>\n<script type=\"application\/ld+json\" class=\"yoast-schema-graph\">{\"@context\":\"https:\/\/schema.org\",\"@graph\":[{\"@type\":\"Article\",\"@id\":\"https:\/\/www.m-q.ch\/de\/wie-das-iot-unsere-gesellschaft-aendert\/#article\",\"isPartOf\":{\"@id\":\"https:\/\/www.m-q.ch\/de\/wie-das-iot-unsere-gesellschaft-aendert\/\"},\"author\":{\"name\":\"galledia\",\"@id\":\"https:\/\/www.m-q.ch\/fr\/#\/schema\/person\/c0139a2c55a374db6df2cde78ec87148\"},\"headline\":\"Wie das IoT unsere Gesellschaft \u00e4ndert\",\"datePublished\":\"2016-09-27T06:49:58+00:00\",\"dateModified\":\"2017-03-01T07:48:08+00:00\",\"mainEntityOfPage\":{\"@id\":\"https:\/\/www.m-q.ch\/de\/wie-das-iot-unsere-gesellschaft-aendert\/\"},\"wordCount\":550,\"commentCount\":0,\"publisher\":{\"@id\":\"https:\/\/www.m-q.ch\/fr\/#organization\"},\"image\":{\"@id\":\"https:\/\/www.m-q.ch\/de\/wie-das-iot-unsere-gesellschaft-aendert\/#primaryimage\"},\"thumbnailUrl\":\"https:\/\/www.m-q.ch\/wp-content\/uploads\/2016\/12\/Wie-das-IoT-unsere-Gesellschaft-\u00e4ndert-management-und-qualitaet.jpg\",\"keywords\":[\"Digitalisierung\"],\"articleSection\":[\"Unkategorisiert\"],\"inLanguage\":\"en-US\"},{\"@type\":\"WebPage\",\"@id\":\"https:\/\/www.m-q.ch\/de\/wie-das-iot-unsere-gesellschaft-aendert\/\",\"url\":\"https:\/\/www.m-q.ch\/de\/wie-das-iot-unsere-gesellschaft-aendert\/\",\"name\":\"Wie das IoT unsere Gesellschaft \u00e4ndert - MQ Management und Qualit\u00e4t\",\"isPartOf\":{\"@id\":\"https:\/\/www.m-q.ch\/fr\/#website\"},\"primaryImageOfPage\":{\"@id\":\"https:\/\/www.m-q.ch\/de\/wie-das-iot-unsere-gesellschaft-aendert\/#primaryimage\"},\"image\":{\"@id\":\"https:\/\/www.m-q.ch\/de\/wie-das-iot-unsere-gesellschaft-aendert\/#primaryimage\"},\"thumbnailUrl\":\"https:\/\/www.m-q.ch\/wp-content\/uploads\/2016\/12\/Wie-das-IoT-unsere-Gesellschaft-\u00e4ndert-management-und-qualitaet.jpg\",\"datePublished\":\"2016-09-27T06:49:58+00:00\",\"dateModified\":\"2017-03-01T07:48:08+00:00\",\"description\":\"Das Internet der Dinge (Engl.: Internet of Things (IoT)) wird in den n\u00e4chsten Jahren das Alltagsleben von Milliarden von Menschen nachhaltig ver\u00e4ndern.\",\"breadcrumb\":{\"@id\":\"https:\/\/www.m-q.ch\/de\/wie-das-iot-unsere-gesellschaft-aendert\/#breadcrumb\"},\"inLanguage\":\"en-US\",\"potentialAction\":[{\"@type\":\"ReadAction\",\"target\":[\"https:\/\/www.m-q.ch\/de\/wie-das-iot-unsere-gesellschaft-aendert\/\"]}]},{\"@type\":\"ImageObject\",\"inLanguage\":\"en-US\",\"@id\":\"https:\/\/www.m-q.ch\/de\/wie-das-iot-unsere-gesellschaft-aendert\/#primaryimage\",\"url\":\"https:\/\/www.m-q.ch\/wp-content\/uploads\/2016\/12\/Wie-das-IoT-unsere-Gesellschaft-\u00e4ndert-management-und-qualitaet.jpg\",\"contentUrl\":\"https:\/\/www.m-q.ch\/wp-content\/uploads\/2016\/12\/Wie-das-IoT-unsere-Gesellschaft-\u00e4ndert-management-und-qualitaet.jpg\",\"width\":348,\"height\":519,\"caption\":\"(Bild: depositphoto)\"},{\"@type\":\"BreadcrumbList\",\"@id\":\"https:\/\/www.m-q.ch\/de\/wie-das-iot-unsere-gesellschaft-aendert\/#breadcrumb\",\"itemListElement\":[{\"@type\":\"ListItem\",\"position\":1,\"name\":\"Unkategorisiert\",\"item\":\"https:\/\/www.m-q.ch\/it\/categoria\/senza-categoria\/\"},{\"@type\":\"ListItem\",\"position\":2,\"name\":\"Wie das IoT unsere Gesellschaft \u00e4ndert\"}]},{\"@type\":\"WebSite\",\"@id\":\"https:\/\/www.m-q.ch\/fr\/#website\",\"url\":\"https:\/\/www.m-q.ch\/fr\/\",\"name\":\"MQ Management und Qualit\u00e4t\",\"description\":\"Plattform f\u00fcr integrierte Managementsysteme.\",\"publisher\":{\"@id\":\"https:\/\/www.m-q.ch\/fr\/#organization\"},\"potentialAction\":[{\"@type\":\"SearchAction\",\"target\":{\"@type\":\"EntryPoint\",\"urlTemplate\":\"https:\/\/www.m-q.ch\/fr\/?s={search_term_string}\"},\"query-input\":{\"@type\":\"PropertyValueSpecification\",\"valueRequired\":true,\"valueName\":\"search_term_string\"}}],\"inLanguage\":\"en-US\"},{\"@type\":\"Organization\",\"@id\":\"https:\/\/www.m-q.ch\/fr\/#organization\",\"name\":\"Galledia Fachmedien AG\",\"url\":\"https:\/\/www.m-q.ch\/fr\/\",\"logo\":{\"@type\":\"ImageObject\",\"inLanguage\":\"en-US\",\"@id\":\"https:\/\/www.m-q.ch\/fr\/#\/schema\/logo\/image\/\",\"url\":\"https:\/\/www.m-q.ch\/wp-content\/uploads\/2020\/12\/cropped-logo_small.png\",\"contentUrl\":\"https:\/\/www.m-q.ch\/wp-content\/uploads\/2020\/12\/cropped-logo_small.png\",\"width\":512,\"height\":512,\"caption\":\"Galledia Fachmedien AG\"},\"image\":{\"@id\":\"https:\/\/www.m-q.ch\/fr\/#\/schema\/logo\/image\/\"},\"sameAs\":[\"https:\/\/www.facebook.com\/ManagementUndQualitaet\",\"https:\/\/www.linkedin.com\/showcase\/17982321\/admin\/\"]},{\"@type\":\"Person\",\"@id\":\"https:\/\/www.m-q.ch\/fr\/#\/schema\/person\/c0139a2c55a374db6df2cde78ec87148\",\"name\":\"galledia\",\"image\":{\"@type\":\"ImageObject\",\"inLanguage\":\"en-US\",\"@id\":\"https:\/\/www.m-q.ch\/fr\/#\/schema\/person\/image\/\",\"url\":\"https:\/\/secure.gravatar.com\/avatar\/66edf527eac29e9a5eb25bcada01f61a?s=96&d=mm&r=g\",\"contentUrl\":\"https:\/\/secure.gravatar.com\/avatar\/66edf527eac29e9a5eb25bcada01f61a?s=96&d=mm&r=g\",\"caption\":\"galledia\"},\"url\":\"https:\/\/www.m-q.ch\/en\/author\/galledia\/\"}]}<\/script>\n<!-- \/ Yoast SEO plugin. -->","yoast_head_json":{"title":"How the IoT is changing our society - MQ Management and Quality","description":"The Internet of Things (IoT) will permanently change the everyday lives of billions of people in the coming years.","robots":{"index":"index","follow":"follow","max-snippet":"max-snippet:-1","max-image-preview":"max-image-preview:large","max-video-preview":"max-video-preview:-1"},"canonical":"https:\/\/www.m-q.ch\/en\/how-the-iot-is-changing-our-society\/","og_locale":"en_US","og_type":"article","og_title":"Wie das IoT unsere Gesellschaft \u00e4ndert - MQ Management und Qualit\u00e4t","og_description":"Das Internet der Dinge (Engl.: Internet of Things (IoT)) wird in den n\u00e4chsten Jahren das Alltagsleben von Milliarden von Menschen nachhaltig ver\u00e4ndern.","og_url":"https:\/\/www.m-q.ch\/en\/how-the-iot-is-changing-our-society\/","og_site_name":"MQ Management und Qualit\u00e4t","article_publisher":"https:\/\/www.facebook.com\/ManagementUndQualitaet","article_published_time":"2016-09-27T06:49:58+00:00","article_modified_time":"2017-03-01T07:48:08+00:00","og_image":[{"width":348,"height":519,"url":"https:\/\/www.m-q.ch\/wp-content\/uploads\/2016\/12\/Wie-das-IoT-unsere-Gesellschaft-\u00e4ndert-management-und-qualitaet.jpg","type":"image\/jpeg"}],"author":"galledia","twitter_card":"summary_large_image","twitter_misc":{"Written by":"galledia","Est. reading time":"3 minutes"},"schema":{"@context":"https:\/\/schema.org","@graph":[{"@type":"Article","@id":"https:\/\/www.m-q.ch\/de\/wie-das-iot-unsere-gesellschaft-aendert\/#article","isPartOf":{"@id":"https:\/\/www.m-q.ch\/de\/wie-das-iot-unsere-gesellschaft-aendert\/"},"author":{"name":"galledia","@id":"https:\/\/www.m-q.ch\/fr\/#\/schema\/person\/c0139a2c55a374db6df2cde78ec87148"},"headline":"Wie das IoT unsere Gesellschaft \u00e4ndert","datePublished":"2016-09-27T06:49:58+00:00","dateModified":"2017-03-01T07:48:08+00:00","mainEntityOfPage":{"@id":"https:\/\/www.m-q.ch\/de\/wie-das-iot-unsere-gesellschaft-aendert\/"},"wordCount":550,"commentCount":0,"publisher":{"@id":"https:\/\/www.m-q.ch\/fr\/#organization"},"image":{"@id":"https:\/\/www.m-q.ch\/de\/wie-das-iot-unsere-gesellschaft-aendert\/#primaryimage"},"thumbnailUrl":"https:\/\/www.m-q.ch\/wp-content\/uploads\/2016\/12\/Wie-das-IoT-unsere-Gesellschaft-\u00e4ndert-management-und-qualitaet.jpg","keywords":["Digitalisierung"],"articleSection":["Unkategorisiert"],"inLanguage":"en-US"},{"@type":"WebPage","@id":"https:\/\/www.m-q.ch\/de\/wie-das-iot-unsere-gesellschaft-aendert\/","url":"https:\/\/www.m-q.ch\/de\/wie-das-iot-unsere-gesellschaft-aendert\/","name":"How the IoT is changing our society - MQ Management and Quality","isPartOf":{"@id":"https:\/\/www.m-q.ch\/fr\/#website"},"primaryImageOfPage":{"@id":"https:\/\/www.m-q.ch\/de\/wie-das-iot-unsere-gesellschaft-aendert\/#primaryimage"},"image":{"@id":"https:\/\/www.m-q.ch\/de\/wie-das-iot-unsere-gesellschaft-aendert\/#primaryimage"},"thumbnailUrl":"https:\/\/www.m-q.ch\/wp-content\/uploads\/2016\/12\/Wie-das-IoT-unsere-Gesellschaft-\u00e4ndert-management-und-qualitaet.jpg","datePublished":"2016-09-27T06:49:58+00:00","dateModified":"2017-03-01T07:48:08+00:00","description":"The Internet of Things (IoT) will permanently change the everyday lives of billions of people in the coming years.","breadcrumb":{"@id":"https:\/\/www.m-q.ch\/de\/wie-das-iot-unsere-gesellschaft-aendert\/#breadcrumb"},"inLanguage":"en-US","potentialAction":[{"@type":"ReadAction","target":["https:\/\/www.m-q.ch\/de\/wie-das-iot-unsere-gesellschaft-aendert\/"]}]},{"@type":"ImageObject","inLanguage":"en-US","@id":"https:\/\/www.m-q.ch\/de\/wie-das-iot-unsere-gesellschaft-aendert\/#primaryimage","url":"https:\/\/www.m-q.ch\/wp-content\/uploads\/2016\/12\/Wie-das-IoT-unsere-Gesellschaft-\u00e4ndert-management-und-qualitaet.jpg","contentUrl":"https:\/\/www.m-q.ch\/wp-content\/uploads\/2016\/12\/Wie-das-IoT-unsere-Gesellschaft-\u00e4ndert-management-und-qualitaet.jpg","width":348,"height":519,"caption":"(Bild: depositphoto)"},{"@type":"BreadcrumbList","@id":"https:\/\/www.m-q.ch\/de\/wie-das-iot-unsere-gesellschaft-aendert\/#breadcrumb","itemListElement":[{"@type":"ListItem","position":1,"name":"Unkategorisiert","item":"https:\/\/www.m-q.ch\/it\/categoria\/senza-categoria\/"},{"@type":"ListItem","position":2,"name":"Wie das IoT unsere Gesellschaft \u00e4ndert"}]},{"@type":"WebSite","@id":"https:\/\/www.m-q.ch\/fr\/#website","url":"https:\/\/www.m-q.ch\/fr\/","name":"MQ Management and Quality","description":"Platform for integrated management systems.","publisher":{"@id":"https:\/\/www.m-q.ch\/fr\/#organization"},"potentialAction":[{"@type":"SearchAction","target":{"@type":"EntryPoint","urlTemplate":"https:\/\/www.m-q.ch\/fr\/?s={search_term_string}"},"query-input":{"@type":"PropertyValueSpecification","valueRequired":true,"valueName":"search_term_string"}}],"inLanguage":"en-US"},{"@type":"Organization","@id":"https:\/\/www.m-q.ch\/fr\/#organization","name":"Galledia Trade Media AG","url":"https:\/\/www.m-q.ch\/fr\/","logo":{"@type":"ImageObject","inLanguage":"en-US","@id":"https:\/\/www.m-q.ch\/fr\/#\/schema\/logo\/image\/","url":"https:\/\/www.m-q.ch\/wp-content\/uploads\/2020\/12\/cropped-logo_small.png","contentUrl":"https:\/\/www.m-q.ch\/wp-content\/uploads\/2020\/12\/cropped-logo_small.png","width":512,"height":512,"caption":"Galledia Fachmedien AG"},"image":{"@id":"https:\/\/www.m-q.ch\/fr\/#\/schema\/logo\/image\/"},"sameAs":["https:\/\/www.facebook.com\/ManagementUndQualitaet","https:\/\/www.linkedin.com\/showcase\/17982321\/admin\/"]},{"@type":"Person","@id":"https:\/\/www.m-q.ch\/fr\/#\/schema\/person\/c0139a2c55a374db6df2cde78ec87148","name":"galledia","image":{"@type":"ImageObject","inLanguage":"en-US","@id":"https:\/\/www.m-q.ch\/fr\/#\/schema\/person\/image\/","url":"https:\/\/secure.gravatar.com\/avatar\/66edf527eac29e9a5eb25bcada01f61a?s=96&d=mm&r=g","contentUrl":"https:\/\/secure.gravatar.com\/avatar\/66edf527eac29e9a5eb25bcada01f61a?s=96&d=mm&r=g","caption":"galledia"},"url":"https:\/\/www.m-q.ch\/en\/author\/galledia\/"}]}},"_links":{"self":[{"href":"https:\/\/www.m-q.ch\/en\/wp-json\/wp\/v2\/posts\/577","targetHints":{"allow":["GET"]}}],"collection":[{"href":"https:\/\/www.m-q.ch\/en\/wp-json\/wp\/v2\/posts"}],"about":[{"href":"https:\/\/www.m-q.ch\/en\/wp-json\/wp\/v2\/types\/post"}],"author":[{"embeddable":true,"href":"https:\/\/www.m-q.ch\/en\/wp-json\/wp\/v2\/users\/1"}],"replies":[{"embeddable":true,"href":"https:\/\/www.m-q.ch\/en\/wp-json\/wp\/v2\/comments?post=577"}],"version-history":[{"count":2,"href":"https:\/\/www.m-q.ch\/en\/wp-json\/wp\/v2\/posts\/577\/revisions"}],"predecessor-version":[{"id":1046,"href":"https:\/\/www.m-q.ch\/en\/wp-json\/wp\/v2\/posts\/577\/revisions\/1046"}],"wp:featuredmedia":[{"embeddable":true,"href":"https:\/\/www.m-q.ch\/en\/wp-json\/wp\/v2\/media\/252"}],"wp:attachment":[{"href":"https:\/\/www.m-q.ch\/en\/wp-json\/wp\/v2\/media?parent=577"}],"wp:term":[{"taxonomy":"category","embeddable":true,"href":"https:\/\/www.m-q.ch\/en\/wp-json\/wp\/v2\/categories?post=577"},{"taxonomy":"post_tag","embeddable":true,"href":"https:\/\/www.m-q.ch\/en\/wp-json\/wp\/v2\/tags?post=577"}],"curies":[{"name":"wp","href":"https:\/\/api.w.org\/{rel}","templated":true}]}}