{"id":619,"date":"2016-10-26T09:21:20","date_gmt":"2016-10-26T07:21:20","guid":{"rendered":"http:\/\/dev.m-q.ch\/?p=619"},"modified":"2017-02-28T09:05:04","modified_gmt":"2017-02-28T08:05:04","slug":"25-years-of-efqm-the-award-celebration-in-milan","status":"publish","type":"post","link":"https:\/\/www.m-q.ch\/en\/25-jahre-efqm-die-award-feier-in-mailand\/","title":{"rendered":"25 years EFQM: The Award Ceremony in Milan"},"content":{"rendered":"<figure id=\"attachment_50\" aria-describedby=\"caption-attachment-50\" style=\"width: 640px\" class=\"wp-caption alignnone\"><a href=\"https:\/\/m-q.ch\/wp-content\/uploads\/2016\/12\/25-Jahre-EFQM-Die-Award-Feier-in-Mailand-management-und-qualitaet.jpg\"><img loading=\"lazy\" decoding=\"async\" class=\"wp-image-50 size-full\" src=\"https:\/\/www.m-q.ch\/wp-content\/uploads\/2016\/12\/25-Jahre-EFQM-Die-Award-Feier-in-Mailand-management-und-qualitaet.jpg\" width=\"640\" height=\"426\" srcset=\"https:\/\/www.m-q.ch\/wp-content\/uploads\/2016\/12\/25-Jahre-EFQM-Die-Award-Feier-in-Mailand-management-und-qualitaet.jpg 640w, https:\/\/www.m-q.ch\/wp-content\/uploads\/2016\/12\/25-Jahre-EFQM-Die-Award-Feier-in-Mailand-management-und-qualitaet-16x12.jpg 16w, https:\/\/www.m-q.ch\/wp-content\/uploads\/2016\/12\/25-Jahre-EFQM-Die-Award-Feier-in-Mailand-management-und-qualitaet-263x175.jpg 263w, https:\/\/www.m-q.ch\/wp-content\/uploads\/2016\/12\/25-Jahre-EFQM-Die-Award-Feier-in-Mailand-management-und-qualitaet-526x350.jpg 526w, https:\/\/www.m-q.ch\/wp-content\/uploads\/2016\/12\/25-Jahre-EFQM-Die-Award-Feier-in-Mailand-management-und-qualitaet-300x200.jpg 300w, https:\/\/www.m-q.ch\/wp-content\/uploads\/2016\/12\/25-Jahre-EFQM-Die-Award-Feier-in-Mailand-management-und-qualitaet-624x415.jpg 624w\" sizes=\"auto, (max-width: 640px) 100vw, 640px\" \/><\/a><figcaption id=\"caption-attachment-50\" class=\"wp-caption-text\">EFQM Prize Winner in Sustaining Outstanding Results: Representatives of the City of Glasgow College, United Kingdom. (Image: zVg)<\/figcaption><\/figure>\n<p>The EFQM organisation celebrates its 25th anniversary this year. At the anniversary forum on 29 and 30 September 2016 in Milan, 15 companies applied for the European Excellence Award.  Among them were large institutions and companies such as the Stavropol State Agrarian University Russia or the Robert Bosch GmbH (Blaichach Plant) Germany.<\/p>\n<p>Ayuntamiento de Alcobendas, a city near Madrid (Spain), became a deserving EFQM European Award Winner 2016, followed by no less than eight EFQM Prize Winners and six EFQM Finalists. The glittering ceremony was the highlight of the two-day congress with participants from many European countries, representatives from the Middle East, Colombia, Ecuador and, for the first time, China.<\/p>\n<p><strong>Prominent exponents<\/strong><\/p>\n<p>As part of the EFQM Excellence Award 2016 Milano, Priska Wyser, Managing Director of ESPRIX Excellence Suisse, met the former Finnish Formula 1 world champion Mikka H\u00e4kkinen. The guests at the anniversary award ceremony learned many interesting facts from H\u00e4kkinen on the topic of \"Beyond the limits\" from his active Formula 1 time. The EFQM award winners were able to receive their well-deserved awards from his hand, which was certainly a special honour.<\/p>\n<p><em><a href=\"http:\/\/www.esprix.ch\/partnernetzwerke\/strategische_partner\/efqm\/?utm_source=newsletter-september&amp;utm_medium=e-mail&amp;utm_campaign=newsletter\" target=\"_blank\" rel=\"noreferrer\" data-cke-saved-href=\"http:\/\/www.esprix.ch\/partnernetzwerke\/strategische_partner\/efqm\/?utm_source=newsletter-september&amp;utm_medium=e-mail&amp;utm_campaign=newsletter\">Here<\/a> you can find out more about the European award winners, prize winners and finalists.<\/em><\/p>\n<p>&nbsp;<\/p>","protected":false},"excerpt":{"rendered":"<p>Die EFQM Organisation feiert dieses Jahr ihr 25 j\u00e4hriges Jubil\u00e4um. Am Jubil\u00e4ums-Forum vom 29. Und 30. September 2016 in Mailand haben sich 15 Unternehmen um den European Excellence Award beworben. \u00a0Darunter waren grosse Institutionen, respektive Unternehmen wie die Stavropol State Agrarian University Russia oder die Robert Bosch GmbH (Blaichach Plant) Deutschland. Mit Ayuntamiento de Alcobendas [&hellip;]<\/p>\n","protected":false},"author":1,"featured_media":50,"comment_status":"open","ping_status":"open","sticky":false,"template":"","format":"standard","meta":{"_acf_changed":false,"footnotes":""},"categories":[1],"tags":[3359],"class_list":["post-619","post","type-post","status-publish","format-standard","has-post-thumbnail","hentry","category-unkategorisiert","tag-vereineverbaendeinstitutionen"],"acf":[],"yoast_head":"<!-- This site is optimized with the Yoast SEO plugin v26.2 - https:\/\/yoast.com\/wordpress\/plugins\/seo\/ -->\n<title>25 Jahre EFQM: Die Award Feier in Mailand - MQ Management und Qualit\u00e4t<\/title>\n<meta name=\"description\" content=\"Die EFQM feierte in Mailand ihr 25-j\u00e4hriges Jubil\u00e4um. Sechzehn Finalisten durften die EFQM-Auszeichnungen aus den H\u00e4nden von Mika H\u00e4kkinen entgegennehmen.\" \/>\n<meta name=\"robots\" content=\"index, follow, max-snippet:-1, max-image-preview:large, max-video-preview:-1\" \/>\n<link rel=\"canonical\" href=\"https:\/\/www.m-q.ch\/en\/25-years-of-efqm-the-award-celebration-in-milan\/\" \/>\n<meta property=\"og:locale\" content=\"en_US\" \/>\n<meta property=\"og:type\" content=\"article\" \/>\n<meta property=\"og:title\" content=\"25 Jahre EFQM: Die Award Feier in Mailand - MQ Management und Qualit\u00e4t\" \/>\n<meta property=\"og:description\" content=\"Die EFQM feierte in Mailand ihr 25-j\u00e4hriges Jubil\u00e4um. Sechzehn Finalisten durften die EFQM-Auszeichnungen aus den H\u00e4nden von Mika H\u00e4kkinen entgegennehmen.\" \/>\n<meta property=\"og:url\" content=\"https:\/\/www.m-q.ch\/en\/25-years-of-efqm-the-award-celebration-in-milan\/\" \/>\n<meta property=\"og:site_name\" content=\"MQ Management und Qualit\u00e4t\" \/>\n<meta property=\"article:publisher\" content=\"https:\/\/www.facebook.com\/ManagementUndQualitaet\" \/>\n<meta property=\"article:published_time\" content=\"2016-10-26T07:21:20+00:00\" \/>\n<meta property=\"article:modified_time\" content=\"2017-02-28T08:05:04+00:00\" \/>\n<meta property=\"og:image\" content=\"https:\/\/www.m-q.ch\/wp-content\/uploads\/2016\/12\/25-Jahre-EFQM-Die-Award-Feier-in-Mailand-management-und-qualitaet.jpg\" \/>\n\t<meta property=\"og:image:width\" content=\"640\" \/>\n\t<meta property=\"og:image:height\" content=\"426\" \/>\n\t<meta property=\"og:image:type\" content=\"image\/jpeg\" \/>\n<meta name=\"author\" content=\"galledia\" \/>\n<meta name=\"twitter:card\" content=\"summary_large_image\" \/>\n<meta name=\"twitter:label1\" content=\"Written by\" \/>\n\t<meta name=\"twitter:data1\" content=\"galledia\" \/>\n\t<meta name=\"twitter:label2\" content=\"Est. reading time\" \/>\n\t<meta name=\"twitter:data2\" content=\"1 minute\" \/>\n<script type=\"application\/ld+json\" class=\"yoast-schema-graph\">{\"@context\":\"https:\/\/schema.org\",\"@graph\":[{\"@type\":\"Article\",\"@id\":\"https:\/\/www.m-q.ch\/de\/25-jahre-efqm-die-award-feier-in-mailand\/#article\",\"isPartOf\":{\"@id\":\"https:\/\/www.m-q.ch\/de\/25-jahre-efqm-die-award-feier-in-mailand\/\"},\"author\":{\"name\":\"galledia\",\"@id\":\"https:\/\/www.m-q.ch\/fr\/#\/schema\/person\/c0139a2c55a374db6df2cde78ec87148\"},\"headline\":\"25 Jahre EFQM: Die Award Feier in Mailand\",\"datePublished\":\"2016-10-26T07:21:20+00:00\",\"dateModified\":\"2017-02-28T08:05:04+00:00\",\"mainEntityOfPage\":{\"@id\":\"https:\/\/www.m-q.ch\/de\/25-jahre-efqm-die-award-feier-in-mailand\/\"},\"wordCount\":226,\"commentCount\":0,\"publisher\":{\"@id\":\"https:\/\/www.m-q.ch\/fr\/#organization\"},\"image\":{\"@id\":\"https:\/\/www.m-q.ch\/de\/25-jahre-efqm-die-award-feier-in-mailand\/#primaryimage\"},\"thumbnailUrl\":\"https:\/\/www.m-q.ch\/wp-content\/uploads\/2016\/12\/25-Jahre-EFQM-Die-Award-Feier-in-Mailand-management-und-qualitaet.jpg\",\"keywords\":[\"Vereine\/Verb\u00e4nde\/Institutionen\"],\"articleSection\":[\"Unkategorisiert\"],\"inLanguage\":\"en-US\"},{\"@type\":\"WebPage\",\"@id\":\"https:\/\/www.m-q.ch\/de\/25-jahre-efqm-die-award-feier-in-mailand\/\",\"url\":\"https:\/\/www.m-q.ch\/de\/25-jahre-efqm-die-award-feier-in-mailand\/\",\"name\":\"25 Jahre EFQM: Die Award Feier in Mailand - MQ Management und Qualit\u00e4t\",\"isPartOf\":{\"@id\":\"https:\/\/www.m-q.ch\/fr\/#website\"},\"primaryImageOfPage\":{\"@id\":\"https:\/\/www.m-q.ch\/de\/25-jahre-efqm-die-award-feier-in-mailand\/#primaryimage\"},\"image\":{\"@id\":\"https:\/\/www.m-q.ch\/de\/25-jahre-efqm-die-award-feier-in-mailand\/#primaryimage\"},\"thumbnailUrl\":\"https:\/\/www.m-q.ch\/wp-content\/uploads\/2016\/12\/25-Jahre-EFQM-Die-Award-Feier-in-Mailand-management-und-qualitaet.jpg\",\"datePublished\":\"2016-10-26T07:21:20+00:00\",\"dateModified\":\"2017-02-28T08:05:04+00:00\",\"description\":\"Die EFQM feierte in Mailand ihr 25-j\u00e4hriges Jubil\u00e4um. Sechzehn Finalisten durften die EFQM-Auszeichnungen aus den H\u00e4nden von Mika H\u00e4kkinen entgegennehmen.\",\"breadcrumb\":{\"@id\":\"https:\/\/www.m-q.ch\/de\/25-jahre-efqm-die-award-feier-in-mailand\/#breadcrumb\"},\"inLanguage\":\"en-US\",\"potentialAction\":[{\"@type\":\"ReadAction\",\"target\":[\"https:\/\/www.m-q.ch\/de\/25-jahre-efqm-die-award-feier-in-mailand\/\"]}]},{\"@type\":\"ImageObject\",\"inLanguage\":\"en-US\",\"@id\":\"https:\/\/www.m-q.ch\/de\/25-jahre-efqm-die-award-feier-in-mailand\/#primaryimage\",\"url\":\"https:\/\/www.m-q.ch\/wp-content\/uploads\/2016\/12\/25-Jahre-EFQM-Die-Award-Feier-in-Mailand-management-und-qualitaet.jpg\",\"contentUrl\":\"https:\/\/www.m-q.ch\/wp-content\/uploads\/2016\/12\/25-Jahre-EFQM-Die-Award-Feier-in-Mailand-management-und-qualitaet.jpg\",\"width\":640,\"height\":426,\"caption\":\"EFQM Prize Winner in Sustaining Outstanding Results: Vertreter und Vertreterinnen des City of Glasgow College, United Kingdom. (Bild: zVg)\"},{\"@type\":\"BreadcrumbList\",\"@id\":\"https:\/\/www.m-q.ch\/de\/25-jahre-efqm-die-award-feier-in-mailand\/#breadcrumb\",\"itemListElement\":[{\"@type\":\"ListItem\",\"position\":1,\"name\":\"Unkategorisiert\",\"item\":\"https:\/\/www.m-q.ch\/it\/categoria\/senza-categoria\/\"},{\"@type\":\"ListItem\",\"position\":2,\"name\":\"25 Jahre EFQM: Die Award Feier in Mailand\"}]},{\"@type\":\"WebSite\",\"@id\":\"https:\/\/www.m-q.ch\/fr\/#website\",\"url\":\"https:\/\/www.m-q.ch\/fr\/\",\"name\":\"MQ Management und Qualit\u00e4t\",\"description\":\"Plattform f\u00fcr integrierte Managementsysteme.\",\"publisher\":{\"@id\":\"https:\/\/www.m-q.ch\/fr\/#organization\"},\"potentialAction\":[{\"@type\":\"SearchAction\",\"target\":{\"@type\":\"EntryPoint\",\"urlTemplate\":\"https:\/\/www.m-q.ch\/fr\/?s={search_term_string}\"},\"query-input\":{\"@type\":\"PropertyValueSpecification\",\"valueRequired\":true,\"valueName\":\"search_term_string\"}}],\"inLanguage\":\"en-US\"},{\"@type\":\"Organization\",\"@id\":\"https:\/\/www.m-q.ch\/fr\/#organization\",\"name\":\"Galledia Fachmedien AG\",\"url\":\"https:\/\/www.m-q.ch\/fr\/\",\"logo\":{\"@type\":\"ImageObject\",\"inLanguage\":\"en-US\",\"@id\":\"https:\/\/www.m-q.ch\/fr\/#\/schema\/logo\/image\/\",\"url\":\"https:\/\/www.m-q.ch\/wp-content\/uploads\/2020\/12\/cropped-logo_small.png\",\"contentUrl\":\"https:\/\/www.m-q.ch\/wp-content\/uploads\/2020\/12\/cropped-logo_small.png\",\"width\":512,\"height\":512,\"caption\":\"Galledia Fachmedien AG\"},\"image\":{\"@id\":\"https:\/\/www.m-q.ch\/fr\/#\/schema\/logo\/image\/\"},\"sameAs\":[\"https:\/\/www.facebook.com\/ManagementUndQualitaet\",\"https:\/\/www.linkedin.com\/showcase\/17982321\/admin\/\"]},{\"@type\":\"Person\",\"@id\":\"https:\/\/www.m-q.ch\/fr\/#\/schema\/person\/c0139a2c55a374db6df2cde78ec87148\",\"name\":\"galledia\",\"image\":{\"@type\":\"ImageObject\",\"inLanguage\":\"en-US\",\"@id\":\"https:\/\/www.m-q.ch\/fr\/#\/schema\/person\/image\/\",\"url\":\"https:\/\/secure.gravatar.com\/avatar\/66edf527eac29e9a5eb25bcada01f61a?s=96&d=mm&r=g\",\"contentUrl\":\"https:\/\/secure.gravatar.com\/avatar\/66edf527eac29e9a5eb25bcada01f61a?s=96&d=mm&r=g\",\"caption\":\"galledia\"},\"url\":\"https:\/\/www.m-q.ch\/en\/author\/galledia\/\"}]}<\/script>\n<!-- \/ Yoast SEO plugin. -->","yoast_head_json":{"title":"25 years EFQM: The award ceremony in Milan - MQ Management und Qualit\u00e4t","description":"The EFQM celebrated its 25th anniversary in Milan. Sixteen finalists received the EFQM awards from Mika H\u00e4kkinen.","robots":{"index":"index","follow":"follow","max-snippet":"max-snippet:-1","max-image-preview":"max-image-preview:large","max-video-preview":"max-video-preview:-1"},"canonical":"https:\/\/www.m-q.ch\/en\/25-years-of-efqm-the-award-celebration-in-milan\/","og_locale":"en_US","og_type":"article","og_title":"25 Jahre EFQM: Die Award Feier in Mailand - MQ Management und Qualit\u00e4t","og_description":"Die EFQM feierte in Mailand ihr 25-j\u00e4hriges Jubil\u00e4um. Sechzehn Finalisten durften die EFQM-Auszeichnungen aus den H\u00e4nden von Mika H\u00e4kkinen entgegennehmen.","og_url":"https:\/\/www.m-q.ch\/en\/25-years-of-efqm-the-award-celebration-in-milan\/","og_site_name":"MQ Management und Qualit\u00e4t","article_publisher":"https:\/\/www.facebook.com\/ManagementUndQualitaet","article_published_time":"2016-10-26T07:21:20+00:00","article_modified_time":"2017-02-28T08:05:04+00:00","og_image":[{"width":640,"height":426,"url":"https:\/\/www.m-q.ch\/wp-content\/uploads\/2016\/12\/25-Jahre-EFQM-Die-Award-Feier-in-Mailand-management-und-qualitaet.jpg","type":"image\/jpeg"}],"author":"galledia","twitter_card":"summary_large_image","twitter_misc":{"Written by":"galledia","Est. reading time":"1 minute"},"schema":{"@context":"https:\/\/schema.org","@graph":[{"@type":"Article","@id":"https:\/\/www.m-q.ch\/de\/25-jahre-efqm-die-award-feier-in-mailand\/#article","isPartOf":{"@id":"https:\/\/www.m-q.ch\/de\/25-jahre-efqm-die-award-feier-in-mailand\/"},"author":{"name":"galledia","@id":"https:\/\/www.m-q.ch\/fr\/#\/schema\/person\/c0139a2c55a374db6df2cde78ec87148"},"headline":"25 Jahre EFQM: Die Award Feier in Mailand","datePublished":"2016-10-26T07:21:20+00:00","dateModified":"2017-02-28T08:05:04+00:00","mainEntityOfPage":{"@id":"https:\/\/www.m-q.ch\/de\/25-jahre-efqm-die-award-feier-in-mailand\/"},"wordCount":226,"commentCount":0,"publisher":{"@id":"https:\/\/www.m-q.ch\/fr\/#organization"},"image":{"@id":"https:\/\/www.m-q.ch\/de\/25-jahre-efqm-die-award-feier-in-mailand\/#primaryimage"},"thumbnailUrl":"https:\/\/www.m-q.ch\/wp-content\/uploads\/2016\/12\/25-Jahre-EFQM-Die-Award-Feier-in-Mailand-management-und-qualitaet.jpg","keywords":["Vereine\/Verb\u00e4nde\/Institutionen"],"articleSection":["Unkategorisiert"],"inLanguage":"en-US"},{"@type":"WebPage","@id":"https:\/\/www.m-q.ch\/de\/25-jahre-efqm-die-award-feier-in-mailand\/","url":"https:\/\/www.m-q.ch\/de\/25-jahre-efqm-die-award-feier-in-mailand\/","name":"25 years EFQM: The award ceremony in Milan - MQ Management und Qualit\u00e4t","isPartOf":{"@id":"https:\/\/www.m-q.ch\/fr\/#website"},"primaryImageOfPage":{"@id":"https:\/\/www.m-q.ch\/de\/25-jahre-efqm-die-award-feier-in-mailand\/#primaryimage"},"image":{"@id":"https:\/\/www.m-q.ch\/de\/25-jahre-efqm-die-award-feier-in-mailand\/#primaryimage"},"thumbnailUrl":"https:\/\/www.m-q.ch\/wp-content\/uploads\/2016\/12\/25-Jahre-EFQM-Die-Award-Feier-in-Mailand-management-und-qualitaet.jpg","datePublished":"2016-10-26T07:21:20+00:00","dateModified":"2017-02-28T08:05:04+00:00","description":"The EFQM celebrated its 25th anniversary in Milan. Sixteen finalists received the EFQM awards from Mika H\u00e4kkinen.","breadcrumb":{"@id":"https:\/\/www.m-q.ch\/de\/25-jahre-efqm-die-award-feier-in-mailand\/#breadcrumb"},"inLanguage":"en-US","potentialAction":[{"@type":"ReadAction","target":["https:\/\/www.m-q.ch\/de\/25-jahre-efqm-die-award-feier-in-mailand\/"]}]},{"@type":"ImageObject","inLanguage":"en-US","@id":"https:\/\/www.m-q.ch\/de\/25-jahre-efqm-die-award-feier-in-mailand\/#primaryimage","url":"https:\/\/www.m-q.ch\/wp-content\/uploads\/2016\/12\/25-Jahre-EFQM-Die-Award-Feier-in-Mailand-management-und-qualitaet.jpg","contentUrl":"https:\/\/www.m-q.ch\/wp-content\/uploads\/2016\/12\/25-Jahre-EFQM-Die-Award-Feier-in-Mailand-management-und-qualitaet.jpg","width":640,"height":426,"caption":"EFQM Prize Winner in Sustaining Outstanding Results: Vertreter und Vertreterinnen des City of Glasgow College, United Kingdom. (Bild: zVg)"},{"@type":"BreadcrumbList","@id":"https:\/\/www.m-q.ch\/de\/25-jahre-efqm-die-award-feier-in-mailand\/#breadcrumb","itemListElement":[{"@type":"ListItem","position":1,"name":"Unkategorisiert","item":"https:\/\/www.m-q.ch\/it\/categoria\/senza-categoria\/"},{"@type":"ListItem","position":2,"name":"25 Jahre EFQM: Die Award Feier in Mailand"}]},{"@type":"WebSite","@id":"https:\/\/www.m-q.ch\/fr\/#website","url":"https:\/\/www.m-q.ch\/fr\/","name":"MQ Management and Quality","description":"Platform for integrated management systems.","publisher":{"@id":"https:\/\/www.m-q.ch\/fr\/#organization"},"potentialAction":[{"@type":"SearchAction","target":{"@type":"EntryPoint","urlTemplate":"https:\/\/www.m-q.ch\/fr\/?s={search_term_string}"},"query-input":{"@type":"PropertyValueSpecification","valueRequired":true,"valueName":"search_term_string"}}],"inLanguage":"en-US"},{"@type":"Organization","@id":"https:\/\/www.m-q.ch\/fr\/#organization","name":"Galledia Trade Media AG","url":"https:\/\/www.m-q.ch\/fr\/","logo":{"@type":"ImageObject","inLanguage":"en-US","@id":"https:\/\/www.m-q.ch\/fr\/#\/schema\/logo\/image\/","url":"https:\/\/www.m-q.ch\/wp-content\/uploads\/2020\/12\/cropped-logo_small.png","contentUrl":"https:\/\/www.m-q.ch\/wp-content\/uploads\/2020\/12\/cropped-logo_small.png","width":512,"height":512,"caption":"Galledia Fachmedien AG"},"image":{"@id":"https:\/\/www.m-q.ch\/fr\/#\/schema\/logo\/image\/"},"sameAs":["https:\/\/www.facebook.com\/ManagementUndQualitaet","https:\/\/www.linkedin.com\/showcase\/17982321\/admin\/"]},{"@type":"Person","@id":"https:\/\/www.m-q.ch\/fr\/#\/schema\/person\/c0139a2c55a374db6df2cde78ec87148","name":"galledia","image":{"@type":"ImageObject","inLanguage":"en-US","@id":"https:\/\/www.m-q.ch\/fr\/#\/schema\/person\/image\/","url":"https:\/\/secure.gravatar.com\/avatar\/66edf527eac29e9a5eb25bcada01f61a?s=96&d=mm&r=g","contentUrl":"https:\/\/secure.gravatar.com\/avatar\/66edf527eac29e9a5eb25bcada01f61a?s=96&d=mm&r=g","caption":"galledia"},"url":"https:\/\/www.m-q.ch\/en\/author\/galledia\/"}]}},"_links":{"self":[{"href":"https:\/\/www.m-q.ch\/en\/wp-json\/wp\/v2\/posts\/619","targetHints":{"allow":["GET"]}}],"collection":[{"href":"https:\/\/www.m-q.ch\/en\/wp-json\/wp\/v2\/posts"}],"about":[{"href":"https:\/\/www.m-q.ch\/en\/wp-json\/wp\/v2\/types\/post"}],"author":[{"embeddable":true,"href":"https:\/\/www.m-q.ch\/en\/wp-json\/wp\/v2\/users\/1"}],"replies":[{"embeddable":true,"href":"https:\/\/www.m-q.ch\/en\/wp-json\/wp\/v2\/comments?post=619"}],"version-history":[{"count":3,"href":"https:\/\/www.m-q.ch\/en\/wp-json\/wp\/v2\/posts\/619\/revisions"}],"predecessor-version":[{"id":1011,"href":"https:\/\/www.m-q.ch\/en\/wp-json\/wp\/v2\/posts\/619\/revisions\/1011"}],"wp:featuredmedia":[{"embeddable":true,"href":"https:\/\/www.m-q.ch\/en\/wp-json\/wp\/v2\/media\/50"}],"wp:attachment":[{"href":"https:\/\/www.m-q.ch\/en\/wp-json\/wp\/v2\/media?parent=619"}],"wp:term":[{"taxonomy":"category","embeddable":true,"href":"https:\/\/www.m-q.ch\/en\/wp-json\/wp\/v2\/categories?post=619"},{"taxonomy":"post_tag","embeddable":true,"href":"https:\/\/www.m-q.ch\/en\/wp-json\/wp\/v2\/tags?post=619"}],"curies":[{"name":"wp","href":"https:\/\/api.w.org\/{rel}","templated":true}]}}