{"id":675,"date":"2016-12-07T10:30:35","date_gmt":"2016-12-07T09:30:35","guid":{"rendered":"http:\/\/dev.m-q.ch\/?p=675"},"modified":"2017-02-24T15:04:52","modified_gmt":"2017-02-24T14:04:52","slug":"court-decision-on-near-collision-at-zuerich-airport","status":"publish","type":"post","link":"https:\/\/www.m-q.ch\/en\/gerichtsentscheid-zur-fast-kollision-am-flughafen-zuerich\/","title":{"rendered":"Court decision on near-collision at Zurich Airport"},"content":{"rendered":"<figure id=\"attachment_676\" aria-describedby=\"caption-attachment-676\" style=\"width: 640px\" class=\"wp-caption alignnone\"><a href=\"https:\/\/m-q.ch\/wp-content\/uploads\/2016\/12\/Gerichtsentscheid-zur-Fast-Kollision-am-Flughafen-Z\u00fcrich-management-und-qualitaet.jpg\"><img loading=\"lazy\" decoding=\"async\" class=\"wp-image-676 size-full\" src=\"https:\/\/www.m-q.ch\/wp-content\/uploads\/2016\/12\/Gerichtsentscheid-zur-Fast-Kollision-am-Flughafen-Z\u00fcrich-management-und-qualitaet.jpg\" width=\"640\" height=\"427\" srcset=\"https:\/\/www.m-q.ch\/wp-content\/uploads\/2016\/12\/Gerichtsentscheid-zur-Fast-Kollision-am-Flughafen-Z\u00fcrich-management-und-qualitaet.jpg 640w, https:\/\/www.m-q.ch\/wp-content\/uploads\/2016\/12\/Gerichtsentscheid-zur-Fast-Kollision-am-Flughafen-Z\u00fcrich-management-und-qualitaet-16x12.jpg 16w, https:\/\/www.m-q.ch\/wp-content\/uploads\/2016\/12\/Gerichtsentscheid-zur-Fast-Kollision-am-Flughafen-Z\u00fcrich-management-und-qualitaet-262x175.jpg 262w, https:\/\/www.m-q.ch\/wp-content\/uploads\/2016\/12\/Gerichtsentscheid-zur-Fast-Kollision-am-Flughafen-Z\u00fcrich-management-und-qualitaet-525x350.jpg 525w, https:\/\/www.m-q.ch\/wp-content\/uploads\/2016\/12\/Gerichtsentscheid-zur-Fast-Kollision-am-Flughafen-Z\u00fcrich-management-und-qualitaet-300x200.jpg 300w, https:\/\/www.m-q.ch\/wp-content\/uploads\/2016\/12\/Gerichtsentscheid-zur-Fast-Kollision-am-Flughafen-Z\u00fcrich-management-und-qualitaet-624x416.jpg 624w\" sizes=\"auto, (max-width: 640px) 100vw, 640px\" \/><\/a><figcaption id=\"caption-attachment-676\" class=\"wp-caption-text\">Terminal A of Zurich Airport. (Image: Depositphotos_swisshippo)<\/figcaption><\/figure>\n<blockquote><p>The air traffic control in Zurich is still inadequate, Aerocontrol underlines the incident, whereby an air traffic controller wanted to let two Airbus planes take off \"crossed\" in 2011.<\/p><\/blockquote>\n<p>The incident occurred in March 2011. The air traffic controller gave two Airbus aircraft with a total of more than 260 passengers on board permission to take off immediately after each other on two intersecting runways. The pilots of one aircraft recognized the danger at the last moment and aborted the takeoff just in time. Immediately afterwards, the skyguide pilot also reacted and gave the order to abort the take-off. In the cockpit of the other aircraft, however, the danger went unnoticed.<\/p>\n<p>The incident, according to a communiqu\u00e9 from Aerocontrol (Air Traffic Controllers Association), was mainly due to an enormously high level of complexity with very little tolerance for error in daily flight operations. The air traffic controller on duty was acquitted of the charge of negligently disrupting public traffic on December 7. However, despite several near-collisions, Zurich Airport is still not operated according to the principle of \"safety first\".<\/p>\n<p>The prevailing conditions, not least a capacity squeeze would narrow air traffic control in Zurich. Aerocontrol also writes of a \"minimal safety margin that will continue to encourage such incidents in the future.\"<\/p>\n<p><strong>Effects on the error culture<\/strong><\/p>\n<p>It was the first time in Switzerland that an air traffic controller had to answer legally for an incident in which no one was injured. A guilty verdict would have had a decisive impact on Skyguide's error-reporting culture. Employees feared that errors and oversights would be reported less frequently in future for fear of consequences. Recognising weaknesses and learning from them would have become more difficult in the event of a conviction.<\/p>\n<p><strong>Security at Zurich Airport questionable<\/strong><\/p>\n<p>The Swiss Accident Investigation Authority (SUST) states in its report on the negotiated incident that it has had to investigate ten serious incidents on the intersecting runways at Zurich Airport since 2000. The proposed improvement measures failed mainly because of noise policy requirements or their impact on the airport's capacity.<\/p>\n<p>\"Experience shows that the growth forecasts will lead to additional capacity pressure, which will inevitably put further pressure on the already minimal safety margin,\" says the communiqu\u00e9. The variant of southern take-offs favoured by all airport partners over the northern concept is not supported by politicians, although this procedure would significantly improve flight safety.<\/p>\n<p><strong>Danger due to noise policy requirements<\/strong><\/p>\n<p>More than a third of all departures are routed back over the airport at low altitude. The resulting advantages in terms of noise reduction would be cancelled out by bundling flights. Unfortunately, according to Aerocontrol representatives, Zurich Airport is the \"only airport in Europe\" with intersecting take-off runways. Such incidents could be prevented with less complex procedures, such as a linear south take-off. (Skyguide\/Aerocontrol\/mm)<\/p>","protected":false},"excerpt":{"rendered":"<p>Die Flugsicherung \u00a0in Z\u00fcrich sei nach wie vor ungen\u00fcgend, unsterstreicht Aerocontrol den Vorfall, wobei ein Fluglotse 2011 zwei Airbus Maschinen &#8222;gekreuzt&#8220; abfliegen lassen wollte. Der Vorfall ereignete im M\u00e4rz 2011. Der Fluglotse erteilte zwei Airbus-Maschinen mit insgesamt mehr als 260 Passagieren an Bord unmittelbar nacheinander die Starterlaubnis auf zwei sich kreuzenden Pisten. Die Piloten der [&hellip;]<\/p>\n","protected":false},"author":1,"featured_media":676,"comment_status":"open","ping_status":"open","sticky":false,"template":"","format":"standard","meta":{"_acf_changed":false,"footnotes":""},"categories":[4],"tags":[3326,3385],"class_list":["post-675","post","type-post","status-publish","format-standard","has-post-thumbnail","hentry","category-risikomanagement","tag-risikomanagement","tag-sicherheits-konzept"],"acf":[],"yoast_head":"<!-- This site is optimized with the Yoast SEO plugin v26.2 - https:\/\/yoast.com\/wordpress\/plugins\/seo\/ -->\n<title>Gerichtsentscheid zur Fast-Kollision am Flughafen Z\u00fcrich - MQ Management und Qualit\u00e4t<\/title>\n<meta name=\"description\" content=\"Fast-Kollision: Der diensthabende Flugverkehrsleiter wurde vom Vorwurf der fahrl\u00e4ssigen St\u00f6rung des \u00f6ffentlichen Verkehrs freigesprochen.\" \/>\n<meta name=\"robots\" content=\"index, follow, max-snippet:-1, max-image-preview:large, max-video-preview:-1\" \/>\n<link rel=\"canonical\" href=\"https:\/\/www.m-q.ch\/en\/court-decision-on-near-collision-at-zuerich-airport\/\" \/>\n<meta property=\"og:locale\" content=\"en_US\" \/>\n<meta property=\"og:type\" content=\"article\" \/>\n<meta property=\"og:title\" content=\"Gerichtsentscheid zur Fast-Kollision am Flughafen Z\u00fcrich - MQ Management und Qualit\u00e4t\" \/>\n<meta property=\"og:description\" content=\"Fast-Kollision: Der diensthabende Flugverkehrsleiter wurde vom Vorwurf der fahrl\u00e4ssigen St\u00f6rung des \u00f6ffentlichen Verkehrs freigesprochen.\" \/>\n<meta property=\"og:url\" content=\"https:\/\/www.m-q.ch\/en\/court-decision-on-near-collision-at-zuerich-airport\/\" \/>\n<meta property=\"og:site_name\" content=\"MQ Management und Qualit\u00e4t\" \/>\n<meta property=\"article:publisher\" content=\"https:\/\/www.facebook.com\/ManagementUndQualitaet\" \/>\n<meta property=\"article:published_time\" content=\"2016-12-07T09:30:35+00:00\" \/>\n<meta property=\"article:modified_time\" content=\"2017-02-24T14:04:52+00:00\" \/>\n<meta property=\"og:image\" content=\"https:\/\/www.m-q.ch\/wp-content\/uploads\/2016\/12\/Gerichtsentscheid-zur-Fast-Kollision-am-Flughafen-Z\u00fcrich-management-und-qualitaet.jpg\" \/>\n\t<meta property=\"og:image:width\" content=\"640\" \/>\n\t<meta property=\"og:image:height\" content=\"427\" \/>\n\t<meta property=\"og:image:type\" content=\"image\/jpeg\" \/>\n<meta name=\"author\" content=\"galledia\" \/>\n<meta name=\"twitter:card\" content=\"summary_large_image\" \/>\n<meta name=\"twitter:label1\" content=\"Written by\" \/>\n\t<meta name=\"twitter:data1\" content=\"galledia\" \/>\n\t<meta name=\"twitter:label2\" content=\"Est. reading time\" \/>\n\t<meta name=\"twitter:data2\" content=\"2 minutes\" \/>\n<script type=\"application\/ld+json\" class=\"yoast-schema-graph\">{\"@context\":\"https:\/\/schema.org\",\"@graph\":[{\"@type\":\"Article\",\"@id\":\"https:\/\/www.m-q.ch\/gerichtsentscheid-zur-fast-kollision-am-flughafen-zuerich\/#article\",\"isPartOf\":{\"@id\":\"https:\/\/www.m-q.ch\/gerichtsentscheid-zur-fast-kollision-am-flughafen-zuerich\/\"},\"author\":{\"name\":\"galledia\",\"@id\":\"https:\/\/www.m-q.ch\/fr\/#\/schema\/person\/c0139a2c55a374db6df2cde78ec87148\"},\"headline\":\"Gerichtsentscheid zur Fast-Kollision am Flughafen Z\u00fcrich\",\"datePublished\":\"2016-12-07T09:30:35+00:00\",\"dateModified\":\"2017-02-24T14:04:52+00:00\",\"mainEntityOfPage\":{\"@id\":\"https:\/\/www.m-q.ch\/gerichtsentscheid-zur-fast-kollision-am-flughafen-zuerich\/\"},\"wordCount\":477,\"commentCount\":0,\"publisher\":{\"@id\":\"https:\/\/www.m-q.ch\/fr\/#organization\"},\"image\":{\"@id\":\"https:\/\/www.m-q.ch\/gerichtsentscheid-zur-fast-kollision-am-flughafen-zuerich\/#primaryimage\"},\"thumbnailUrl\":\"https:\/\/www.m-q.ch\/wp-content\/uploads\/2016\/12\/Gerichtsentscheid-zur-Fast-Kollision-am-Flughafen-Z\u00fcrich-management-und-qualitaet.jpg\",\"keywords\":[\"Risikomanagement\",\"Sicherheits-Konzept\"],\"articleSection\":[\"Risikomanagement\"],\"inLanguage\":\"en-US\"},{\"@type\":\"WebPage\",\"@id\":\"https:\/\/www.m-q.ch\/gerichtsentscheid-zur-fast-kollision-am-flughafen-zuerich\/\",\"url\":\"https:\/\/www.m-q.ch\/gerichtsentscheid-zur-fast-kollision-am-flughafen-zuerich\/\",\"name\":\"Gerichtsentscheid zur Fast-Kollision am Flughafen Z\u00fcrich - MQ Management und Qualit\u00e4t\",\"isPartOf\":{\"@id\":\"https:\/\/www.m-q.ch\/fr\/#website\"},\"primaryImageOfPage\":{\"@id\":\"https:\/\/www.m-q.ch\/gerichtsentscheid-zur-fast-kollision-am-flughafen-zuerich\/#primaryimage\"},\"image\":{\"@id\":\"https:\/\/www.m-q.ch\/gerichtsentscheid-zur-fast-kollision-am-flughafen-zuerich\/#primaryimage\"},\"thumbnailUrl\":\"https:\/\/www.m-q.ch\/wp-content\/uploads\/2016\/12\/Gerichtsentscheid-zur-Fast-Kollision-am-Flughafen-Z\u00fcrich-management-und-qualitaet.jpg\",\"datePublished\":\"2016-12-07T09:30:35+00:00\",\"dateModified\":\"2017-02-24T14:04:52+00:00\",\"description\":\"Fast-Kollision: Der diensthabende Flugverkehrsleiter wurde vom Vorwurf der fahrl\u00e4ssigen St\u00f6rung des \u00f6ffentlichen Verkehrs freigesprochen.\",\"breadcrumb\":{\"@id\":\"https:\/\/www.m-q.ch\/gerichtsentscheid-zur-fast-kollision-am-flughafen-zuerich\/#breadcrumb\"},\"inLanguage\":\"en-US\",\"potentialAction\":[{\"@type\":\"ReadAction\",\"target\":[\"https:\/\/www.m-q.ch\/gerichtsentscheid-zur-fast-kollision-am-flughafen-zuerich\/\"]}]},{\"@type\":\"ImageObject\",\"inLanguage\":\"en-US\",\"@id\":\"https:\/\/www.m-q.ch\/gerichtsentscheid-zur-fast-kollision-am-flughafen-zuerich\/#primaryimage\",\"url\":\"https:\/\/www.m-q.ch\/wp-content\/uploads\/2016\/12\/Gerichtsentscheid-zur-Fast-Kollision-am-Flughafen-Z\u00fcrich-management-und-qualitaet.jpg\",\"contentUrl\":\"https:\/\/www.m-q.ch\/wp-content\/uploads\/2016\/12\/Gerichtsentscheid-zur-Fast-Kollision-am-Flughafen-Z\u00fcrich-management-und-qualitaet.jpg\",\"width\":640,\"height\":427,\"caption\":\"Terminal A des Flughafens Z\u00fcrich. (Bild: Depositphotos_swisshippo)\"},{\"@type\":\"BreadcrumbList\",\"@id\":\"https:\/\/www.m-q.ch\/gerichtsentscheid-zur-fast-kollision-am-flughafen-zuerich\/#breadcrumb\",\"itemListElement\":[{\"@type\":\"ListItem\",\"position\":1,\"name\":\"Risikomanagement\",\"item\":\"https:\/\/www.m-q.ch\/kategorie\/risikomanagement\/\"},{\"@type\":\"ListItem\",\"position\":2,\"name\":\"Gerichtsentscheid zur Fast-Kollision am Flughafen Z\u00fcrich\"}]},{\"@type\":\"WebSite\",\"@id\":\"https:\/\/www.m-q.ch\/fr\/#website\",\"url\":\"https:\/\/www.m-q.ch\/fr\/\",\"name\":\"MQ Management und Qualit\u00e4t\",\"description\":\"Plattform f\u00fcr integrierte Managementsysteme.\",\"publisher\":{\"@id\":\"https:\/\/www.m-q.ch\/fr\/#organization\"},\"potentialAction\":[{\"@type\":\"SearchAction\",\"target\":{\"@type\":\"EntryPoint\",\"urlTemplate\":\"https:\/\/www.m-q.ch\/fr\/?s={search_term_string}\"},\"query-input\":{\"@type\":\"PropertyValueSpecification\",\"valueRequired\":true,\"valueName\":\"search_term_string\"}}],\"inLanguage\":\"en-US\"},{\"@type\":\"Organization\",\"@id\":\"https:\/\/www.m-q.ch\/fr\/#organization\",\"name\":\"Galledia Fachmedien AG\",\"url\":\"https:\/\/www.m-q.ch\/fr\/\",\"logo\":{\"@type\":\"ImageObject\",\"inLanguage\":\"en-US\",\"@id\":\"https:\/\/www.m-q.ch\/fr\/#\/schema\/logo\/image\/\",\"url\":\"https:\/\/www.m-q.ch\/wp-content\/uploads\/2020\/12\/cropped-logo_small.png\",\"contentUrl\":\"https:\/\/www.m-q.ch\/wp-content\/uploads\/2020\/12\/cropped-logo_small.png\",\"width\":512,\"height\":512,\"caption\":\"Galledia Fachmedien AG\"},\"image\":{\"@id\":\"https:\/\/www.m-q.ch\/fr\/#\/schema\/logo\/image\/\"},\"sameAs\":[\"https:\/\/www.facebook.com\/ManagementUndQualitaet\",\"https:\/\/www.linkedin.com\/showcase\/17982321\/admin\/\"]},{\"@type\":\"Person\",\"@id\":\"https:\/\/www.m-q.ch\/fr\/#\/schema\/person\/c0139a2c55a374db6df2cde78ec87148\",\"name\":\"galledia\",\"image\":{\"@type\":\"ImageObject\",\"inLanguage\":\"en-US\",\"@id\":\"https:\/\/www.m-q.ch\/fr\/#\/schema\/person\/image\/\",\"url\":\"https:\/\/secure.gravatar.com\/avatar\/66edf527eac29e9a5eb25bcada01f61a?s=96&d=mm&r=g\",\"contentUrl\":\"https:\/\/secure.gravatar.com\/avatar\/66edf527eac29e9a5eb25bcada01f61a?s=96&d=mm&r=g\",\"caption\":\"galledia\"},\"url\":\"https:\/\/www.m-q.ch\/en\/author\/galledia\/\"}]}<\/script>\n<!-- \/ Yoast SEO plugin. -->","yoast_head_json":{"title":"Court decision on near-collision at Zurich Airport - MQ Management und Qualit\u00e4t","description":"Near-collision: The air traffic controller on duty was acquitted of the charge of negligent interference with public traffic.","robots":{"index":"index","follow":"follow","max-snippet":"max-snippet:-1","max-image-preview":"max-image-preview:large","max-video-preview":"max-video-preview:-1"},"canonical":"https:\/\/www.m-q.ch\/en\/court-decision-on-near-collision-at-zuerich-airport\/","og_locale":"en_US","og_type":"article","og_title":"Gerichtsentscheid zur Fast-Kollision am Flughafen Z\u00fcrich - MQ Management und Qualit\u00e4t","og_description":"Fast-Kollision: Der diensthabende Flugverkehrsleiter wurde vom Vorwurf der fahrl\u00e4ssigen St\u00f6rung des \u00f6ffentlichen Verkehrs freigesprochen.","og_url":"https:\/\/www.m-q.ch\/en\/court-decision-on-near-collision-at-zuerich-airport\/","og_site_name":"MQ Management und Qualit\u00e4t","article_publisher":"https:\/\/www.facebook.com\/ManagementUndQualitaet","article_published_time":"2016-12-07T09:30:35+00:00","article_modified_time":"2017-02-24T14:04:52+00:00","og_image":[{"width":640,"height":427,"url":"https:\/\/www.m-q.ch\/wp-content\/uploads\/2016\/12\/Gerichtsentscheid-zur-Fast-Kollision-am-Flughafen-Z\u00fcrich-management-und-qualitaet.jpg","type":"image\/jpeg"}],"author":"galledia","twitter_card":"summary_large_image","twitter_misc":{"Written by":"galledia","Est. reading time":"2 minutes"},"schema":{"@context":"https:\/\/schema.org","@graph":[{"@type":"Article","@id":"https:\/\/www.m-q.ch\/gerichtsentscheid-zur-fast-kollision-am-flughafen-zuerich\/#article","isPartOf":{"@id":"https:\/\/www.m-q.ch\/gerichtsentscheid-zur-fast-kollision-am-flughafen-zuerich\/"},"author":{"name":"galledia","@id":"https:\/\/www.m-q.ch\/fr\/#\/schema\/person\/c0139a2c55a374db6df2cde78ec87148"},"headline":"Gerichtsentscheid zur Fast-Kollision am Flughafen Z\u00fcrich","datePublished":"2016-12-07T09:30:35+00:00","dateModified":"2017-02-24T14:04:52+00:00","mainEntityOfPage":{"@id":"https:\/\/www.m-q.ch\/gerichtsentscheid-zur-fast-kollision-am-flughafen-zuerich\/"},"wordCount":477,"commentCount":0,"publisher":{"@id":"https:\/\/www.m-q.ch\/fr\/#organization"},"image":{"@id":"https:\/\/www.m-q.ch\/gerichtsentscheid-zur-fast-kollision-am-flughafen-zuerich\/#primaryimage"},"thumbnailUrl":"https:\/\/www.m-q.ch\/wp-content\/uploads\/2016\/12\/Gerichtsentscheid-zur-Fast-Kollision-am-Flughafen-Z\u00fcrich-management-und-qualitaet.jpg","keywords":["Risikomanagement","Sicherheits-Konzept"],"articleSection":["Risikomanagement"],"inLanguage":"en-US"},{"@type":"WebPage","@id":"https:\/\/www.m-q.ch\/gerichtsentscheid-zur-fast-kollision-am-flughafen-zuerich\/","url":"https:\/\/www.m-q.ch\/gerichtsentscheid-zur-fast-kollision-am-flughafen-zuerich\/","name":"Court decision on near-collision at Zurich Airport - MQ Management und Qualit\u00e4t","isPartOf":{"@id":"https:\/\/www.m-q.ch\/fr\/#website"},"primaryImageOfPage":{"@id":"https:\/\/www.m-q.ch\/gerichtsentscheid-zur-fast-kollision-am-flughafen-zuerich\/#primaryimage"},"image":{"@id":"https:\/\/www.m-q.ch\/gerichtsentscheid-zur-fast-kollision-am-flughafen-zuerich\/#primaryimage"},"thumbnailUrl":"https:\/\/www.m-q.ch\/wp-content\/uploads\/2016\/12\/Gerichtsentscheid-zur-Fast-Kollision-am-Flughafen-Z\u00fcrich-management-und-qualitaet.jpg","datePublished":"2016-12-07T09:30:35+00:00","dateModified":"2017-02-24T14:04:52+00:00","description":"Near-collision: The air traffic controller on duty was acquitted of the charge of negligent interference with public traffic.","breadcrumb":{"@id":"https:\/\/www.m-q.ch\/gerichtsentscheid-zur-fast-kollision-am-flughafen-zuerich\/#breadcrumb"},"inLanguage":"en-US","potentialAction":[{"@type":"ReadAction","target":["https:\/\/www.m-q.ch\/gerichtsentscheid-zur-fast-kollision-am-flughafen-zuerich\/"]}]},{"@type":"ImageObject","inLanguage":"en-US","@id":"https:\/\/www.m-q.ch\/gerichtsentscheid-zur-fast-kollision-am-flughafen-zuerich\/#primaryimage","url":"https:\/\/www.m-q.ch\/wp-content\/uploads\/2016\/12\/Gerichtsentscheid-zur-Fast-Kollision-am-Flughafen-Z\u00fcrich-management-und-qualitaet.jpg","contentUrl":"https:\/\/www.m-q.ch\/wp-content\/uploads\/2016\/12\/Gerichtsentscheid-zur-Fast-Kollision-am-Flughafen-Z\u00fcrich-management-und-qualitaet.jpg","width":640,"height":427,"caption":"Terminal A des Flughafens Z\u00fcrich. (Bild: Depositphotos_swisshippo)"},{"@type":"BreadcrumbList","@id":"https:\/\/www.m-q.ch\/gerichtsentscheid-zur-fast-kollision-am-flughafen-zuerich\/#breadcrumb","itemListElement":[{"@type":"ListItem","position":1,"name":"Risikomanagement","item":"https:\/\/www.m-q.ch\/kategorie\/risikomanagement\/"},{"@type":"ListItem","position":2,"name":"Gerichtsentscheid zur Fast-Kollision am Flughafen Z\u00fcrich"}]},{"@type":"WebSite","@id":"https:\/\/www.m-q.ch\/fr\/#website","url":"https:\/\/www.m-q.ch\/fr\/","name":"MQ Management and Quality","description":"Platform for integrated management systems.","publisher":{"@id":"https:\/\/www.m-q.ch\/fr\/#organization"},"potentialAction":[{"@type":"SearchAction","target":{"@type":"EntryPoint","urlTemplate":"https:\/\/www.m-q.ch\/fr\/?s={search_term_string}"},"query-input":{"@type":"PropertyValueSpecification","valueRequired":true,"valueName":"search_term_string"}}],"inLanguage":"en-US"},{"@type":"Organization","@id":"https:\/\/www.m-q.ch\/fr\/#organization","name":"Galledia Trade Media AG","url":"https:\/\/www.m-q.ch\/fr\/","logo":{"@type":"ImageObject","inLanguage":"en-US","@id":"https:\/\/www.m-q.ch\/fr\/#\/schema\/logo\/image\/","url":"https:\/\/www.m-q.ch\/wp-content\/uploads\/2020\/12\/cropped-logo_small.png","contentUrl":"https:\/\/www.m-q.ch\/wp-content\/uploads\/2020\/12\/cropped-logo_small.png","width":512,"height":512,"caption":"Galledia Fachmedien AG"},"image":{"@id":"https:\/\/www.m-q.ch\/fr\/#\/schema\/logo\/image\/"},"sameAs":["https:\/\/www.facebook.com\/ManagementUndQualitaet","https:\/\/www.linkedin.com\/showcase\/17982321\/admin\/"]},{"@type":"Person","@id":"https:\/\/www.m-q.ch\/fr\/#\/schema\/person\/c0139a2c55a374db6df2cde78ec87148","name":"galledia","image":{"@type":"ImageObject","inLanguage":"en-US","@id":"https:\/\/www.m-q.ch\/fr\/#\/schema\/person\/image\/","url":"https:\/\/secure.gravatar.com\/avatar\/66edf527eac29e9a5eb25bcada01f61a?s=96&d=mm&r=g","contentUrl":"https:\/\/secure.gravatar.com\/avatar\/66edf527eac29e9a5eb25bcada01f61a?s=96&d=mm&r=g","caption":"galledia"},"url":"https:\/\/www.m-q.ch\/en\/author\/galledia\/"}]}},"_links":{"self":[{"href":"https:\/\/www.m-q.ch\/en\/wp-json\/wp\/v2\/posts\/675","targetHints":{"allow":["GET"]}}],"collection":[{"href":"https:\/\/www.m-q.ch\/en\/wp-json\/wp\/v2\/posts"}],"about":[{"href":"https:\/\/www.m-q.ch\/en\/wp-json\/wp\/v2\/types\/post"}],"author":[{"embeddable":true,"href":"https:\/\/www.m-q.ch\/en\/wp-json\/wp\/v2\/users\/1"}],"replies":[{"embeddable":true,"href":"https:\/\/www.m-q.ch\/en\/wp-json\/wp\/v2\/comments?post=675"}],"version-history":[{"count":3,"href":"https:\/\/www.m-q.ch\/en\/wp-json\/wp\/v2\/posts\/675\/revisions"}],"predecessor-version":[{"id":977,"href":"https:\/\/www.m-q.ch\/en\/wp-json\/wp\/v2\/posts\/675\/revisions\/977"}],"wp:featuredmedia":[{"embeddable":true,"href":"https:\/\/www.m-q.ch\/en\/wp-json\/wp\/v2\/media\/676"}],"wp:attachment":[{"href":"https:\/\/www.m-q.ch\/en\/wp-json\/wp\/v2\/media?parent=675"}],"wp:term":[{"taxonomy":"category","embeddable":true,"href":"https:\/\/www.m-q.ch\/en\/wp-json\/wp\/v2\/categories?post=675"},{"taxonomy":"post_tag","embeddable":true,"href":"https:\/\/www.m-q.ch\/en\/wp-json\/wp\/v2\/tags?post=675"}],"curies":[{"name":"wp","href":"https:\/\/api.w.org\/{rel}","templated":true}]}}