{"id":8084,"date":"2021-01-13T06:35:19","date_gmt":"2021-01-13T05:35:19","guid":{"rendered":"https:\/\/www.m-q.ch\/?p=4617"},"modified":"2021-02-02T14:32:16","modified_gmt":"2021-02-02T13:32:16","slug":"reckitt-benckiser-management-change-in-switzerland","status":"publish","type":"post","link":"https:\/\/www.m-q.ch\/en\/reckitt-benckiser-fuehrungswechsel-in-der-schweiz\/","title":{"rendered":"Reckitt Benckiser: Change of management in Switzerland"},"content":{"rendered":"<figure id=\"attachment_8285\" aria-describedby=\"caption-attachment-8285\" style=\"width: 680px\" class=\"wp-caption alignnone\"><img loading=\"lazy\" decoding=\"async\" class=\"size-full wp-image-8285\" src=\"https:\/\/www.m-q.ch\/wp-content\/uploads\/2021\/01\/Carmelo_Siragusano_bearbeitet-1-680x499-1.jpg\" alt=\"\" width=\"680\" height=\"499\" srcset=\"https:\/\/www.m-q.ch\/wp-content\/uploads\/2021\/01\/Carmelo_Siragusano_bearbeitet-1-680x499-1.jpg 680w, https:\/\/www.m-q.ch\/wp-content\/uploads\/2021\/01\/Carmelo_Siragusano_bearbeitet-1-680x499-1-16x12.jpg 16w, https:\/\/www.m-q.ch\/wp-content\/uploads\/2021\/01\/Carmelo_Siragusano_bearbeitet-1-680x499-1-238x175.jpg 238w, https:\/\/www.m-q.ch\/wp-content\/uploads\/2021\/01\/Carmelo_Siragusano_bearbeitet-1-680x499-1-477x350.jpg 477w, https:\/\/www.m-q.ch\/wp-content\/uploads\/2021\/01\/Carmelo_Siragusano_bearbeitet-1-680x499-1-300x220.jpg 300w\" sizes=\"auto, (max-width: 680px) 100vw, 680px\" \/><figcaption id=\"caption-attachment-8285\" class=\"wp-caption-text\">Image: PD<\/figcaption><\/figure>\n<p>Carmelo Siragusano (49) took over as Country Manager Switzerland at the beginning of January 2021. <a href=\"http:\/\/www.rb.com\">Reckitt Benckiser<\/a> for the Hygiene Business Unit. According to information, he looks back on many years of experience in finance\/controlling at Novartis Consumer Health and Nestl\u00e9. After joining RB in 2008, he was entrusted with various sales tasks and was most recently responsible for the eCommerce business unit for the DACH &amp; Nordics region, RB writes.<\/p>\n<p>The company also announces that it can look back on a successful financial year and is positive about the new year.<\/p>\n<p>RB's brands can be found in more than 190 countries. The portfolio includes well-known brands such as Dettol, Strepsils, Gaviscon, Durex, Scholl, Clearasil, Veet, Cillit Bang, Finish, Vanish, Calgon and Air Wick.<\/p>\n<p><em>Source: RB<\/em><\/p>\n<p>&nbsp;<\/p>","protected":false},"excerpt":{"rendered":"<p>Carmelo Siragusano (49) hat per Anfang Januar 2021 die Gesch\u00e4ftsf\u00fchrung als Country Manager Schweiz bei Reckitt Benckiser f\u00fcr die Gesch\u00e4ftseinheit Hygiene \u00fcbernommen. Laut Angaben blickt er auf viele Jahre Erfahrung im Bereich Finance\/Controlling bei Novartis Consumer Health und Nestl\u00e9 zur\u00fcck. Nach dem Wechsel zu RB im Jahr 2008 war er mit verschiedenen Vertriebsaufgaben betraut und [&hellip;]<\/p>\n","protected":false},"author":35,"featured_media":8285,"comment_status":"closed","ping_status":"closed","sticky":false,"template":"","format":"standard","meta":{"_acf_changed":false,"footnotes":""},"categories":[4448],"tags":[4621,4622,4623],"class_list":["post-8084","post","type-post","status-publish","format-standard","has-post-thumbnail","hentry","category-allgemein","tag-country-manager","tag-geschaeftsbereich-hygiene","tag-reckitt-benckiser"],"acf":[],"yoast_head":"<!-- This site is optimized with the Yoast SEO plugin v26.2 - https:\/\/yoast.com\/wordpress\/plugins\/seo\/ -->\n<title>Reckitt Benckiser: F\u00fchrungswechsel in der Schweiz - MQ Management und Qualit\u00e4t<\/title>\n<meta name=\"description\" content=\"Reckitt Benckiser (RB) hat einen Country Manager f\u00fcr den Gesch\u00e4ftsbereich Hygiene ernannt: Carmelo Siragusano soll den RB-Standort in der Schweiz st\u00e4rken.\" \/>\n<meta name=\"robots\" content=\"index, follow, max-snippet:-1, max-image-preview:large, max-video-preview:-1\" \/>\n<link rel=\"canonical\" href=\"https:\/\/www.m-q.ch\/en\/reckitt-benckiser-management-change-in-switzerland\/\" \/>\n<meta property=\"og:locale\" content=\"en_US\" \/>\n<meta property=\"og:type\" content=\"article\" \/>\n<meta property=\"og:title\" content=\"Reckitt Benckiser: F\u00fchrungswechsel in der Schweiz - MQ Management und Qualit\u00e4t\" \/>\n<meta property=\"og:description\" content=\"Reckitt Benckiser (RB) hat einen Country Manager f\u00fcr den Gesch\u00e4ftsbereich Hygiene ernannt: Carmelo Siragusano soll den RB-Standort in der Schweiz st\u00e4rken.\" \/>\n<meta property=\"og:url\" content=\"https:\/\/www.m-q.ch\/en\/reckitt-benckiser-management-change-in-switzerland\/\" \/>\n<meta property=\"og:site_name\" content=\"MQ Management und Qualit\u00e4t\" \/>\n<meta property=\"article:publisher\" content=\"https:\/\/www.facebook.com\/ManagementUndQualitaet\" \/>\n<meta property=\"article:published_time\" content=\"2021-01-13T05:35:19+00:00\" \/>\n<meta property=\"article:modified_time\" content=\"2021-02-02T13:32:16+00:00\" \/>\n<meta property=\"og:image\" content=\"https:\/\/www.m-q.ch\/wp-content\/uploads\/2021\/01\/Carmelo_Siragusano_bearbeitet-1-680x499-1.jpg\" \/>\n\t<meta property=\"og:image:width\" content=\"680\" \/>\n\t<meta property=\"og:image:height\" content=\"499\" \/>\n\t<meta property=\"og:image:type\" content=\"image\/jpeg\" \/>\n<meta name=\"author\" content=\"Roger Str\u00e4ssle\" \/>\n<meta name=\"twitter:card\" content=\"summary_large_image\" \/>\n<meta name=\"twitter:label1\" content=\"Written by\" \/>\n\t<meta name=\"twitter:data1\" content=\"Roger Str\u00e4ssle\" \/>\n\t<meta name=\"twitter:label2\" content=\"Est. reading time\" \/>\n\t<meta name=\"twitter:data2\" content=\"1 minute\" \/>\n<script type=\"application\/ld+json\" class=\"yoast-schema-graph\">{\"@context\":\"https:\/\/schema.org\",\"@graph\":[{\"@type\":\"Article\",\"@id\":\"https:\/\/www.m-q.ch\/reckitt-benckiser-fuehrungswechsel-in-der-schweiz\/#article\",\"isPartOf\":{\"@id\":\"https:\/\/www.m-q.ch\/reckitt-benckiser-fuehrungswechsel-in-der-schweiz\/\"},\"author\":{\"name\":\"Roger Str\u00e4ssle\",\"@id\":\"https:\/\/www.m-q.ch\/fr\/#\/schema\/person\/47d540e081acd98ccbeb69b55df653d7\"},\"headline\":\"Reckitt Benckiser: F\u00fchrungswechsel in der Schweiz\",\"datePublished\":\"2021-01-13T05:35:19+00:00\",\"dateModified\":\"2021-02-02T13:32:16+00:00\",\"mainEntityOfPage\":{\"@id\":\"https:\/\/www.m-q.ch\/reckitt-benckiser-fuehrungswechsel-in-der-schweiz\/\"},\"wordCount\":146,\"publisher\":{\"@id\":\"https:\/\/www.m-q.ch\/fr\/#organization\"},\"image\":{\"@id\":\"https:\/\/www.m-q.ch\/reckitt-benckiser-fuehrungswechsel-in-der-schweiz\/#primaryimage\"},\"thumbnailUrl\":\"https:\/\/www.m-q.ch\/wp-content\/uploads\/2021\/01\/Carmelo_Siragusano_bearbeitet-1-680x499-1.jpg\",\"keywords\":[\"Country Manager\",\"Gesch\u00e4ftsbereich Hygiene\",\"Reckitt Benckiser\"],\"articleSection\":[\"Allgemein\"],\"inLanguage\":\"en-US\"},{\"@type\":\"WebPage\",\"@id\":\"https:\/\/www.m-q.ch\/reckitt-benckiser-fuehrungswechsel-in-der-schweiz\/\",\"url\":\"https:\/\/www.m-q.ch\/reckitt-benckiser-fuehrungswechsel-in-der-schweiz\/\",\"name\":\"Reckitt Benckiser: F\u00fchrungswechsel in der Schweiz - MQ Management und Qualit\u00e4t\",\"isPartOf\":{\"@id\":\"https:\/\/www.m-q.ch\/fr\/#website\"},\"primaryImageOfPage\":{\"@id\":\"https:\/\/www.m-q.ch\/reckitt-benckiser-fuehrungswechsel-in-der-schweiz\/#primaryimage\"},\"image\":{\"@id\":\"https:\/\/www.m-q.ch\/reckitt-benckiser-fuehrungswechsel-in-der-schweiz\/#primaryimage\"},\"thumbnailUrl\":\"https:\/\/www.m-q.ch\/wp-content\/uploads\/2021\/01\/Carmelo_Siragusano_bearbeitet-1-680x499-1.jpg\",\"datePublished\":\"2021-01-13T05:35:19+00:00\",\"dateModified\":\"2021-02-02T13:32:16+00:00\",\"description\":\"Reckitt Benckiser (RB) hat einen Country Manager f\u00fcr den Gesch\u00e4ftsbereich Hygiene ernannt: Carmelo Siragusano soll den RB-Standort in der Schweiz st\u00e4rken.\",\"breadcrumb\":{\"@id\":\"https:\/\/www.m-q.ch\/reckitt-benckiser-fuehrungswechsel-in-der-schweiz\/#breadcrumb\"},\"inLanguage\":\"en-US\",\"potentialAction\":[{\"@type\":\"ReadAction\",\"target\":[\"https:\/\/www.m-q.ch\/reckitt-benckiser-fuehrungswechsel-in-der-schweiz\/\"]}]},{\"@type\":\"ImageObject\",\"inLanguage\":\"en-US\",\"@id\":\"https:\/\/www.m-q.ch\/reckitt-benckiser-fuehrungswechsel-in-der-schweiz\/#primaryimage\",\"url\":\"https:\/\/www.m-q.ch\/wp-content\/uploads\/2021\/01\/Carmelo_Siragusano_bearbeitet-1-680x499-1.jpg\",\"contentUrl\":\"https:\/\/www.m-q.ch\/wp-content\/uploads\/2021\/01\/Carmelo_Siragusano_bearbeitet-1-680x499-1.jpg\",\"width\":680,\"height\":499,\"caption\":\"Bild: PD\"},{\"@type\":\"BreadcrumbList\",\"@id\":\"https:\/\/www.m-q.ch\/reckitt-benckiser-fuehrungswechsel-in-der-schweiz\/#breadcrumb\",\"itemListElement\":[{\"@type\":\"ListItem\",\"position\":1,\"name\":\"Unkategorisiert\",\"item\":\"https:\/\/www.m-q.ch\/it\/categoria\/senza-categoria\/\"},{\"@type\":\"ListItem\",\"position\":2,\"name\":\"Reckitt Benckiser: F\u00fchrungswechsel in der Schweiz\"}]},{\"@type\":\"WebSite\",\"@id\":\"https:\/\/www.m-q.ch\/fr\/#website\",\"url\":\"https:\/\/www.m-q.ch\/fr\/\",\"name\":\"MQ Management und Qualit\u00e4t\",\"description\":\"Plattform f\u00fcr integrierte Managementsysteme.\",\"publisher\":{\"@id\":\"https:\/\/www.m-q.ch\/fr\/#organization\"},\"potentialAction\":[{\"@type\":\"SearchAction\",\"target\":{\"@type\":\"EntryPoint\",\"urlTemplate\":\"https:\/\/www.m-q.ch\/fr\/?s={search_term_string}\"},\"query-input\":{\"@type\":\"PropertyValueSpecification\",\"valueRequired\":true,\"valueName\":\"search_term_string\"}}],\"inLanguage\":\"en-US\"},{\"@type\":\"Organization\",\"@id\":\"https:\/\/www.m-q.ch\/fr\/#organization\",\"name\":\"Galledia Fachmedien AG\",\"url\":\"https:\/\/www.m-q.ch\/fr\/\",\"logo\":{\"@type\":\"ImageObject\",\"inLanguage\":\"en-US\",\"@id\":\"https:\/\/www.m-q.ch\/fr\/#\/schema\/logo\/image\/\",\"url\":\"https:\/\/www.m-q.ch\/wp-content\/uploads\/2020\/12\/cropped-logo_small.png\",\"contentUrl\":\"https:\/\/www.m-q.ch\/wp-content\/uploads\/2020\/12\/cropped-logo_small.png\",\"width\":512,\"height\":512,\"caption\":\"Galledia Fachmedien AG\"},\"image\":{\"@id\":\"https:\/\/www.m-q.ch\/fr\/#\/schema\/logo\/image\/\"},\"sameAs\":[\"https:\/\/www.facebook.com\/ManagementUndQualitaet\",\"https:\/\/www.linkedin.com\/showcase\/17982321\/admin\/\"]},{\"@type\":\"Person\",\"@id\":\"https:\/\/www.m-q.ch\/fr\/#\/schema\/person\/47d540e081acd98ccbeb69b55df653d7\",\"name\":\"Roger Str\u00e4ssle\",\"image\":{\"@type\":\"ImageObject\",\"inLanguage\":\"en-US\",\"@id\":\"https:\/\/www.m-q.ch\/fr\/#\/schema\/person\/image\/\",\"url\":\"https:\/\/secure.gravatar.com\/avatar\/e4dde3046d8a184d2e2d27651a418883?s=96&d=mm&r=g\",\"contentUrl\":\"https:\/\/secure.gravatar.com\/avatar\/e4dde3046d8a184d2e2d27651a418883?s=96&d=mm&r=g\",\"caption\":\"Roger Str\u00e4ssle\"},\"url\":\"https:\/\/www.m-q.ch\/en\/author\/roger-straessle\/\"}]}<\/script>\n<!-- \/ Yoast SEO plugin. -->","yoast_head_json":{"title":"Reckitt Benckiser: Change of management in Switzerland - MQ Management und Qualit\u00e4t","description":"Reckitt Benckiser (RB) has appointed a country manager for its hygiene business: Carmelo Siragusano is to strengthen the RB site in Switzerland.","robots":{"index":"index","follow":"follow","max-snippet":"max-snippet:-1","max-image-preview":"max-image-preview:large","max-video-preview":"max-video-preview:-1"},"canonical":"https:\/\/www.m-q.ch\/en\/reckitt-benckiser-management-change-in-switzerland\/","og_locale":"en_US","og_type":"article","og_title":"Reckitt Benckiser: F\u00fchrungswechsel in der Schweiz - MQ Management und Qualit\u00e4t","og_description":"Reckitt Benckiser (RB) hat einen Country Manager f\u00fcr den Gesch\u00e4ftsbereich Hygiene ernannt: Carmelo Siragusano soll den RB-Standort in der Schweiz st\u00e4rken.","og_url":"https:\/\/www.m-q.ch\/en\/reckitt-benckiser-management-change-in-switzerland\/","og_site_name":"MQ Management und Qualit\u00e4t","article_publisher":"https:\/\/www.facebook.com\/ManagementUndQualitaet","article_published_time":"2021-01-13T05:35:19+00:00","article_modified_time":"2021-02-02T13:32:16+00:00","og_image":[{"width":680,"height":499,"url":"https:\/\/www.m-q.ch\/wp-content\/uploads\/2021\/01\/Carmelo_Siragusano_bearbeitet-1-680x499-1.jpg","type":"image\/jpeg"}],"author":"Roger Str\u00e4ssle","twitter_card":"summary_large_image","twitter_misc":{"Written by":"Roger Str\u00e4ssle","Est. reading time":"1 minute"},"schema":{"@context":"https:\/\/schema.org","@graph":[{"@type":"Article","@id":"https:\/\/www.m-q.ch\/reckitt-benckiser-fuehrungswechsel-in-der-schweiz\/#article","isPartOf":{"@id":"https:\/\/www.m-q.ch\/reckitt-benckiser-fuehrungswechsel-in-der-schweiz\/"},"author":{"name":"Roger Str\u00e4ssle","@id":"https:\/\/www.m-q.ch\/fr\/#\/schema\/person\/47d540e081acd98ccbeb69b55df653d7"},"headline":"Reckitt Benckiser: F\u00fchrungswechsel in der Schweiz","datePublished":"2021-01-13T05:35:19+00:00","dateModified":"2021-02-02T13:32:16+00:00","mainEntityOfPage":{"@id":"https:\/\/www.m-q.ch\/reckitt-benckiser-fuehrungswechsel-in-der-schweiz\/"},"wordCount":146,"publisher":{"@id":"https:\/\/www.m-q.ch\/fr\/#organization"},"image":{"@id":"https:\/\/www.m-q.ch\/reckitt-benckiser-fuehrungswechsel-in-der-schweiz\/#primaryimage"},"thumbnailUrl":"https:\/\/www.m-q.ch\/wp-content\/uploads\/2021\/01\/Carmelo_Siragusano_bearbeitet-1-680x499-1.jpg","keywords":["Country Manager","Gesch\u00e4ftsbereich Hygiene","Reckitt Benckiser"],"articleSection":["Allgemein"],"inLanguage":"en-US"},{"@type":"WebPage","@id":"https:\/\/www.m-q.ch\/reckitt-benckiser-fuehrungswechsel-in-der-schweiz\/","url":"https:\/\/www.m-q.ch\/reckitt-benckiser-fuehrungswechsel-in-der-schweiz\/","name":"Reckitt Benckiser: Change of management in Switzerland - MQ Management und Qualit\u00e4t","isPartOf":{"@id":"https:\/\/www.m-q.ch\/fr\/#website"},"primaryImageOfPage":{"@id":"https:\/\/www.m-q.ch\/reckitt-benckiser-fuehrungswechsel-in-der-schweiz\/#primaryimage"},"image":{"@id":"https:\/\/www.m-q.ch\/reckitt-benckiser-fuehrungswechsel-in-der-schweiz\/#primaryimage"},"thumbnailUrl":"https:\/\/www.m-q.ch\/wp-content\/uploads\/2021\/01\/Carmelo_Siragusano_bearbeitet-1-680x499-1.jpg","datePublished":"2021-01-13T05:35:19+00:00","dateModified":"2021-02-02T13:32:16+00:00","description":"Reckitt Benckiser (RB) has appointed a country manager for its hygiene business: Carmelo Siragusano is to strengthen the RB site in Switzerland.","breadcrumb":{"@id":"https:\/\/www.m-q.ch\/reckitt-benckiser-fuehrungswechsel-in-der-schweiz\/#breadcrumb"},"inLanguage":"en-US","potentialAction":[{"@type":"ReadAction","target":["https:\/\/www.m-q.ch\/reckitt-benckiser-fuehrungswechsel-in-der-schweiz\/"]}]},{"@type":"ImageObject","inLanguage":"en-US","@id":"https:\/\/www.m-q.ch\/reckitt-benckiser-fuehrungswechsel-in-der-schweiz\/#primaryimage","url":"https:\/\/www.m-q.ch\/wp-content\/uploads\/2021\/01\/Carmelo_Siragusano_bearbeitet-1-680x499-1.jpg","contentUrl":"https:\/\/www.m-q.ch\/wp-content\/uploads\/2021\/01\/Carmelo_Siragusano_bearbeitet-1-680x499-1.jpg","width":680,"height":499,"caption":"Bild: PD"},{"@type":"BreadcrumbList","@id":"https:\/\/www.m-q.ch\/reckitt-benckiser-fuehrungswechsel-in-der-schweiz\/#breadcrumb","itemListElement":[{"@type":"ListItem","position":1,"name":"Unkategorisiert","item":"https:\/\/www.m-q.ch\/it\/categoria\/senza-categoria\/"},{"@type":"ListItem","position":2,"name":"Reckitt Benckiser: F\u00fchrungswechsel in der Schweiz"}]},{"@type":"WebSite","@id":"https:\/\/www.m-q.ch\/fr\/#website","url":"https:\/\/www.m-q.ch\/fr\/","name":"MQ Management and Quality","description":"Platform for integrated management systems.","publisher":{"@id":"https:\/\/www.m-q.ch\/fr\/#organization"},"potentialAction":[{"@type":"SearchAction","target":{"@type":"EntryPoint","urlTemplate":"https:\/\/www.m-q.ch\/fr\/?s={search_term_string}"},"query-input":{"@type":"PropertyValueSpecification","valueRequired":true,"valueName":"search_term_string"}}],"inLanguage":"en-US"},{"@type":"Organization","@id":"https:\/\/www.m-q.ch\/fr\/#organization","name":"Galledia Trade Media AG","url":"https:\/\/www.m-q.ch\/fr\/","logo":{"@type":"ImageObject","inLanguage":"en-US","@id":"https:\/\/www.m-q.ch\/fr\/#\/schema\/logo\/image\/","url":"https:\/\/www.m-q.ch\/wp-content\/uploads\/2020\/12\/cropped-logo_small.png","contentUrl":"https:\/\/www.m-q.ch\/wp-content\/uploads\/2020\/12\/cropped-logo_small.png","width":512,"height":512,"caption":"Galledia Fachmedien AG"},"image":{"@id":"https:\/\/www.m-q.ch\/fr\/#\/schema\/logo\/image\/"},"sameAs":["https:\/\/www.facebook.com\/ManagementUndQualitaet","https:\/\/www.linkedin.com\/showcase\/17982321\/admin\/"]},{"@type":"Person","@id":"https:\/\/www.m-q.ch\/fr\/#\/schema\/person\/47d540e081acd98ccbeb69b55df653d7","name":"Roger Str\u00e4ssle","image":{"@type":"ImageObject","inLanguage":"en-US","@id":"https:\/\/www.m-q.ch\/fr\/#\/schema\/person\/image\/","url":"https:\/\/secure.gravatar.com\/avatar\/e4dde3046d8a184d2e2d27651a418883?s=96&d=mm&r=g","contentUrl":"https:\/\/secure.gravatar.com\/avatar\/e4dde3046d8a184d2e2d27651a418883?s=96&d=mm&r=g","caption":"Roger Str\u00e4ssle"},"url":"https:\/\/www.m-q.ch\/en\/author\/roger-straessle\/"}]}},"_links":{"self":[{"href":"https:\/\/www.m-q.ch\/en\/wp-json\/wp\/v2\/posts\/8084","targetHints":{"allow":["GET"]}}],"collection":[{"href":"https:\/\/www.m-q.ch\/en\/wp-json\/wp\/v2\/posts"}],"about":[{"href":"https:\/\/www.m-q.ch\/en\/wp-json\/wp\/v2\/types\/post"}],"author":[{"embeddable":true,"href":"https:\/\/www.m-q.ch\/en\/wp-json\/wp\/v2\/users\/35"}],"replies":[{"embeddable":true,"href":"https:\/\/www.m-q.ch\/en\/wp-json\/wp\/v2\/comments?post=8084"}],"version-history":[{"count":2,"href":"https:\/\/www.m-q.ch\/en\/wp-json\/wp\/v2\/posts\/8084\/revisions"}],"predecessor-version":[{"id":8287,"href":"https:\/\/www.m-q.ch\/en\/wp-json\/wp\/v2\/posts\/8084\/revisions\/8287"}],"wp:featuredmedia":[{"embeddable":true,"href":"https:\/\/www.m-q.ch\/en\/wp-json\/wp\/v2\/media\/8285"}],"wp:attachment":[{"href":"https:\/\/www.m-q.ch\/en\/wp-json\/wp\/v2\/media?parent=8084"}],"wp:term":[{"taxonomy":"category","embeddable":true,"href":"https:\/\/www.m-q.ch\/en\/wp-json\/wp\/v2\/categories?post=8084"},{"taxonomy":"post_tag","embeddable":true,"href":"https:\/\/www.m-q.ch\/en\/wp-json\/wp\/v2\/tags?post=8084"}],"curies":[{"name":"wp","href":"https:\/\/api.w.org\/{rel}","templated":true}]}}