{"id":10010,"date":"2020-11-20T06:52:19","date_gmt":"2020-11-20T05:52:19","guid":{"rendered":"https:\/\/www.m-q.ch\/?p=10010"},"modified":"2021-02-09T09:20:57","modified_gmt":"2021-02-09T08:20:57","slug":"les-normes-contre-les-risques-comme-covid-19","status":"publish","type":"post","link":"https:\/\/www.m-q.ch\/fr\/die-normen-gegen-risiken-wie-covid-19\/","title":{"rendered":"Les normes contre les risques telles que COVID-19"},"content":{"rendered":"<p><img loading=\"lazy\" decoding=\"async\" class=\"alignnone wp-image-10011\" src=\"https:\/\/www.m-q.ch\/wp-content\/uploads\/2021\/02\/06.jpg\" alt=\"\" width=\"839\" height=\"658\" srcset=\"https:\/\/www.m-q.ch\/wp-content\/uploads\/2021\/02\/06.jpg 565w, https:\/\/www.m-q.ch\/wp-content\/uploads\/2021\/02\/06-16x12.jpg 16w, https:\/\/www.m-q.ch\/wp-content\/uploads\/2021\/02\/06-223x175.jpg 223w, https:\/\/www.m-q.ch\/wp-content\/uploads\/2021\/02\/06-446x350.jpg 446w, https:\/\/www.m-q.ch\/wp-content\/uploads\/2021\/02\/06-300x235.jpg 300w\" sizes=\"auto, (max-width: 839px) 100vw, 839px\" \/><\/p>\n<p>Pour r\u00e9duire l'impact n\u00e9gatif de l'homme sur notre plan\u00e8te, il faut une volont\u00e9 politique, des mesures concr\u00e8tes, mais certainement aussi les bonnes normes et les bons instruments. Il s'agit notamment de normes internationales, selon l'ISO. Les normes internationales de l'ISO, de la Commission \u00e9lectrotechnique internationale (CEI) et de l'Union internationale des t\u00e9l\u00e9communications (UIT), ainsi que les normes europ\u00e9ennes et de nombreuses normes nationales et autres marques de qualit\u00e9 traitent des d\u00e9fis techniques et des solutions appropri\u00e9es. Une condition pr\u00e9alable importante, cependant, est un langage commun pour les normes.<\/p>\n<p>Des normes existent pour presque toutes les industries, pour les produits et les services. Le secteur de la construction, par exemple, pr\u00e9sente de nombreuses interfaces et opportunit\u00e9s pour la protection de l'environnement. Pour les efforts mondiaux de protection de la plan\u00e8te, nous avons besoin non seulement de normes, mais aussi de standards. Ils d\u00e9finissent des m\u00e9thodes de mesure et des protocoles standardis\u00e9s - m\u00eame au-del\u00e0 des fronti\u00e8res politiques et linguistiques.<\/p>\n<p>Les normes internationales contribuent au partage des connaissances et de l'expertise dans les pays industrialis\u00e9s comme dans les pays en d\u00e9veloppement, couvrant un large \u00e9ventail d'aspects de la protection de l'environnement, de la biodiversit\u00e9, des \u00e9conomies d'\u00e9nergie et, surtout, de la qualit\u00e9 de l'eau et de l'air. L'ISO est convaincue que l'utilisation g\u00e9n\u00e9ralis\u00e9e de normes internationalement reconnues contribue \u00e0 r\u00e9duire l'impact environnemental de la production et des processus industriels, \u00e0 faciliter la r\u00e9utilisation de ressources limit\u00e9es et \u00e0 fournir des conseils m\u00eame en cas de crise comme les actuelles vagues COVID 19.<\/p>\n<p><strong>L\u00e0 o\u00f9 les normes nous prot\u00e8gent <\/strong><\/p>\n<p>Les \u00e9v\u00e9nements extraordinaires de 2020 ont peut-\u00eatre paralys\u00e9 certains secteurs et caus\u00e9 des perturbations majeures dans de nombreux autres, mais l'enjeu est trop important pour que l'ISO attende simplement de mettre en \u0153uvre les normes. Dans le communiqu\u00e9 de presse de la Journ\u00e9e mondiale de la normalisation 2020, il y a une phrase cl\u00e9 : \"Pour r\u00e9duire l'impact humain sur notre plan\u00e8te, nous avons besoin de volont\u00e9 politique, d'actions concr\u00e8tes et des bons outils. Les normes internationales sont l'un de ces instruments\". Mais notre monde peut-il \u00eatre prot\u00e9g\u00e9 par des normes ? Le peut-il ? Le slogan, cependant, vient plus que jamais \u00e0 point nomm\u00e9 de l'ISO, bas\u00e9e \u00e0 Gen\u00e8ve.<\/p>\n<p><strong>Renforcer la normalisation en temps de crise <\/strong><\/p>\n<p>La Terre, d\u00e9clare l'ISO dans son communiqu\u00e9 de presse sur la Journ\u00e9e mondiale de la normalisation, est \"comme un navire plein de vie\" dans l'immensit\u00e9 de notre syst\u00e8me solaire. La vie sur Terre d\u00e9pend directement de l'\u00e9nergie qui provient du soleil. Au cours du si\u00e8cle dernier, cependant, les activit\u00e9s humaines et industrielles \u00e0 grande \u00e9chelle de notre civilisation moderne ont produit des gaz \u00e0 effet de serre, des d\u00e9chets et des produits chimiques qui n'existaient pas auparavant dans ce type et cette quantit\u00e9, et qui menacent maintenant l'existence de la plan\u00e8te Terre. Mais ce ne sont pas seulement les produits chimiques, mais aussi notre utilisation d'aliments pour animaux et la pand\u00e9mie de Corona qui nous rappellent sans \u00e9quivoque et douloureusement la menace de cette ann\u00e9e. Que faire face au changement climatique ? Partout sur la plan\u00e8te, nous ressentons les effets n\u00e9gatifs sur notre climat et donc sur toutes les formes de vie. M\u00eame s'il y a des gens, m\u00eame des nations, qui refusent encore de l'admettre : La terre se r\u00e9chauffe, nous avons des conditions m\u00e9t\u00e9orologiques extr\u00eames, plus de s\u00e9cheresse, plus d'inondations, plus d'ouragans et plus de pluies abondantes - cela devient de plus en plus visible, m\u00eame ici chez nous. Dans le m\u00eame temps, la croissance d\u00e9mographique mondiale et l'urbanisation croissante exigent une utilisation responsable de ressources limit\u00e9es. Manger des animaux sauvages des zones de jungle n'est certainement pas la solution - comme nous le constatons avec l'\u00e9mergence de plus en plus de nouveaux virus. Elle r\u00e9side dans la bonne int\u00e9gration des normes.<\/p>","protected":false},"excerpt":{"rendered":"<p>Um die negativen Auswirkungen des Menschen auf unseren Planeten zu verringern, brauchen wir den politischen Willen, konkrete Massnahmen, aber sicher auch die richtigen Normen und Instrumente. Dazu geh\u00f6ren internationale Standards, sagt die ISO. Die internationalen Normen der ISO, der International Electrotechnical Commission (IEC) und der Internationalen Fernmeldeunion (ITU), ebenso europ\u00e4ische Normen und viele nationale Normen [&hellip;]<\/p>\n","protected":false},"author":60,"featured_media":10011,"comment_status":"closed","ping_status":"closed","sticky":false,"template":"","format":"standard","meta":{"_acf_changed":false,"footnotes":""},"categories":[4],"tags":[4725],"class_list":["post-10010","post","type-post","status-publish","format-standard","has-post-thumbnail","hentry","category-risikomanagement","tag-11-2020"],"acf":[],"yoast_head":"<!-- This site is optimized with the Yoast SEO plugin v26.2 - https:\/\/yoast.com\/wordpress\/plugins\/seo\/ -->\n<title>Die Normen gegen Risiken wie COVID-19 - MQ Management und Qualit\u00e4t<\/title>\n<meta name=\"description\" content=\"\u00abProtecting the planet with standards\u00bb, so hiess das Motto zum Weltnormentag der Internationalen Organisation f\u00fcr Normung (ISO). Sie hatte ihren Gedenktag am 14. Oktober 2020 unter das Thema Umweltschutz gestellt. Im Fokus stehen dabei nicht unbedingt \u00abnur\u00bb Umweltnormen, sondern auch international anerkannte Normen, die unsere Sicherheit und Gesundheit ber\u00fccksichtigen.\" \/>\n<meta name=\"robots\" content=\"index, follow, max-snippet:-1, max-image-preview:large, max-video-preview:-1\" \/>\n<link rel=\"canonical\" href=\"https:\/\/www.m-q.ch\/fr\/les-normes-contre-les-risques-comme-covid-19\/\" \/>\n<meta property=\"og:locale\" content=\"fr_FR\" \/>\n<meta property=\"og:type\" content=\"article\" \/>\n<meta property=\"og:title\" content=\"Die Normen gegen Risiken wie COVID-19 - MQ Management und Qualit\u00e4t\" \/>\n<meta property=\"og:description\" content=\"\u00abProtecting the planet with standards\u00bb, so hiess das Motto zum Weltnormentag der Internationalen Organisation f\u00fcr Normung (ISO). Sie hatte ihren Gedenktag am 14. Oktober 2020 unter das Thema Umweltschutz gestellt. Im Fokus stehen dabei nicht unbedingt \u00abnur\u00bb Umweltnormen, sondern auch international anerkannte Normen, die unsere Sicherheit und Gesundheit ber\u00fccksichtigen.\" \/>\n<meta property=\"og:url\" content=\"https:\/\/www.m-q.ch\/fr\/les-normes-contre-les-risques-comme-covid-19\/\" \/>\n<meta property=\"og:site_name\" content=\"MQ Management und Qualit\u00e4t\" \/>\n<meta property=\"article:publisher\" content=\"https:\/\/www.facebook.com\/ManagementUndQualitaet\" \/>\n<meta property=\"article:published_time\" content=\"2020-11-20T05:52:19+00:00\" \/>\n<meta property=\"article:modified_time\" content=\"2021-02-09T08:20:57+00:00\" \/>\n<meta property=\"og:image\" content=\"https:\/\/www.m-q.ch\/wp-content\/uploads\/2021\/02\/06.jpg\" \/>\n\t<meta property=\"og:image:width\" content=\"565\" \/>\n\t<meta property=\"og:image:height\" content=\"443\" \/>\n\t<meta property=\"og:image:type\" content=\"image\/jpeg\" \/>\n<meta name=\"author\" content=\"upwork\" \/>\n<meta name=\"twitter:card\" content=\"summary_large_image\" \/>\n<meta name=\"twitter:label1\" content=\"\u00c9crit par\" \/>\n\t<meta name=\"twitter:data1\" content=\"upwork\" \/>\n\t<meta name=\"twitter:label2\" content=\"Dur\u00e9e de lecture estim\u00e9e\" \/>\n\t<meta name=\"twitter:data2\" content=\"3 minutes\" \/>\n<script type=\"application\/ld+json\" class=\"yoast-schema-graph\">{\"@context\":\"https:\/\/schema.org\",\"@graph\":[{\"@type\":\"Article\",\"@id\":\"https:\/\/www.m-q.ch\/die-normen-gegen-risiken-wie-covid-19\/#article\",\"isPartOf\":{\"@id\":\"https:\/\/www.m-q.ch\/die-normen-gegen-risiken-wie-covid-19\/\"},\"author\":{\"name\":\"upwork\",\"@id\":\"https:\/\/www.m-q.ch\/fr\/#\/schema\/person\/6044ff1d138701fac0f63fd4c5c93267\"},\"headline\":\"Die Normen gegen Risiken wie COVID-19\",\"datePublished\":\"2020-11-20T05:52:19+00:00\",\"dateModified\":\"2021-02-09T08:20:57+00:00\",\"mainEntityOfPage\":{\"@id\":\"https:\/\/www.m-q.ch\/die-normen-gegen-risiken-wie-covid-19\/\"},\"wordCount\":569,\"publisher\":{\"@id\":\"https:\/\/www.m-q.ch\/fr\/#organization\"},\"image\":{\"@id\":\"https:\/\/www.m-q.ch\/die-normen-gegen-risiken-wie-covid-19\/#primaryimage\"},\"thumbnailUrl\":\"https:\/\/www.m-q.ch\/wp-content\/uploads\/2021\/02\/06.jpg\",\"keywords\":[\"11\/2020\"],\"articleSection\":[\"Risikomanagement\"],\"inLanguage\":\"fr-FR\"},{\"@type\":\"WebPage\",\"@id\":\"https:\/\/www.m-q.ch\/die-normen-gegen-risiken-wie-covid-19\/\",\"url\":\"https:\/\/www.m-q.ch\/die-normen-gegen-risiken-wie-covid-19\/\",\"name\":\"Die Normen gegen Risiken wie COVID-19 - MQ Management und Qualit\u00e4t\",\"isPartOf\":{\"@id\":\"https:\/\/www.m-q.ch\/fr\/#website\"},\"primaryImageOfPage\":{\"@id\":\"https:\/\/www.m-q.ch\/die-normen-gegen-risiken-wie-covid-19\/#primaryimage\"},\"image\":{\"@id\":\"https:\/\/www.m-q.ch\/die-normen-gegen-risiken-wie-covid-19\/#primaryimage\"},\"thumbnailUrl\":\"https:\/\/www.m-q.ch\/wp-content\/uploads\/2021\/02\/06.jpg\",\"datePublished\":\"2020-11-20T05:52:19+00:00\",\"dateModified\":\"2021-02-09T08:20:57+00:00\",\"description\":\"\u00abProtecting the planet with standards\u00bb, so hiess das Motto zum Weltnormentag der Internationalen Organisation f\u00fcr Normung (ISO). Sie hatte ihren Gedenktag am 14. Oktober 2020 unter das Thema Umweltschutz gestellt. Im Fokus stehen dabei nicht unbedingt \u00abnur\u00bb Umweltnormen, sondern auch international anerkannte Normen, die unsere Sicherheit und Gesundheit ber\u00fccksichtigen.\",\"breadcrumb\":{\"@id\":\"https:\/\/www.m-q.ch\/die-normen-gegen-risiken-wie-covid-19\/#breadcrumb\"},\"inLanguage\":\"fr-FR\",\"potentialAction\":[{\"@type\":\"ReadAction\",\"target\":[\"https:\/\/www.m-q.ch\/die-normen-gegen-risiken-wie-covid-19\/\"]}]},{\"@type\":\"ImageObject\",\"inLanguage\":\"fr-FR\",\"@id\":\"https:\/\/www.m-q.ch\/die-normen-gegen-risiken-wie-covid-19\/#primaryimage\",\"url\":\"https:\/\/www.m-q.ch\/wp-content\/uploads\/2021\/02\/06.jpg\",\"contentUrl\":\"https:\/\/www.m-q.ch\/wp-content\/uploads\/2021\/02\/06.jpg\",\"width\":565,\"height\":443},{\"@type\":\"BreadcrumbList\",\"@id\":\"https:\/\/www.m-q.ch\/die-normen-gegen-risiken-wie-covid-19\/#breadcrumb\",\"itemListElement\":[{\"@type\":\"ListItem\",\"position\":1,\"name\":\"Risikomanagement\",\"item\":\"https:\/\/www.m-q.ch\/kategorie\/risikomanagement\/\"},{\"@type\":\"ListItem\",\"position\":2,\"name\":\"Die Normen gegen Risiken wie COVID-19\"}]},{\"@type\":\"WebSite\",\"@id\":\"https:\/\/www.m-q.ch\/fr\/#website\",\"url\":\"https:\/\/www.m-q.ch\/fr\/\",\"name\":\"MQ Management und Qualit\u00e4t\",\"description\":\"Plattform f\u00fcr integrierte Managementsysteme.\",\"publisher\":{\"@id\":\"https:\/\/www.m-q.ch\/fr\/#organization\"},\"potentialAction\":[{\"@type\":\"SearchAction\",\"target\":{\"@type\":\"EntryPoint\",\"urlTemplate\":\"https:\/\/www.m-q.ch\/fr\/?s={search_term_string}\"},\"query-input\":{\"@type\":\"PropertyValueSpecification\",\"valueRequired\":true,\"valueName\":\"search_term_string\"}}],\"inLanguage\":\"fr-FR\"},{\"@type\":\"Organization\",\"@id\":\"https:\/\/www.m-q.ch\/fr\/#organization\",\"name\":\"Galledia Fachmedien AG\",\"url\":\"https:\/\/www.m-q.ch\/fr\/\",\"logo\":{\"@type\":\"ImageObject\",\"inLanguage\":\"fr-FR\",\"@id\":\"https:\/\/www.m-q.ch\/fr\/#\/schema\/logo\/image\/\",\"url\":\"https:\/\/www.m-q.ch\/wp-content\/uploads\/2020\/12\/cropped-logo_small.png\",\"contentUrl\":\"https:\/\/www.m-q.ch\/wp-content\/uploads\/2020\/12\/cropped-logo_small.png\",\"width\":512,\"height\":512,\"caption\":\"Galledia Fachmedien AG\"},\"image\":{\"@id\":\"https:\/\/www.m-q.ch\/fr\/#\/schema\/logo\/image\/\"},\"sameAs\":[\"https:\/\/www.facebook.com\/ManagementUndQualitaet\",\"https:\/\/www.linkedin.com\/showcase\/17982321\/admin\/\"]},{\"@type\":\"Person\",\"@id\":\"https:\/\/www.m-q.ch\/fr\/#\/schema\/person\/6044ff1d138701fac0f63fd4c5c93267\",\"name\":\"upwork\",\"image\":{\"@type\":\"ImageObject\",\"inLanguage\":\"fr-FR\",\"@id\":\"https:\/\/www.m-q.ch\/fr\/#\/schema\/person\/image\/\",\"url\":\"https:\/\/secure.gravatar.com\/avatar\/fe2de2b04483edb0f28eb7fd34d15d6c?s=96&d=mm&r=g\",\"contentUrl\":\"https:\/\/secure.gravatar.com\/avatar\/fe2de2b04483edb0f28eb7fd34d15d6c?s=96&d=mm&r=g\",\"caption\":\"upwork\"},\"description\":\"uf3J7(qCI6jN0^0y6%%0ti70\",\"url\":\"https:\/\/www.m-q.ch\/fr\/author\/upwork\/\"}]}<\/script>\n<!-- \/ Yoast SEO plugin. -->","yoast_head_json":{"title":"Les normes contre les risques telles que COVID-19 - MQ Management and Quality","description":"\"Prot\u00e9ger la plan\u00e8te avec des normes\" \u00e9tait la devise de la Journ\u00e9e mondiale de la normalisation de l'Organisation internationale de normalisation (ISO). Elle avait choisi le th\u00e8me de la protection de l'environnement pour sa journ\u00e9e comm\u00e9morative du 14 octobre 2020. L'accent n'est pas n\u00e9cessairement mis \"seulement\" sur les normes environnementales, mais aussi sur les normes internationalement reconnues qui tiennent compte de notre sant\u00e9 et de notre s\u00e9curit\u00e9.","robots":{"index":"index","follow":"follow","max-snippet":"max-snippet:-1","max-image-preview":"max-image-preview:large","max-video-preview":"max-video-preview:-1"},"canonical":"https:\/\/www.m-q.ch\/fr\/les-normes-contre-les-risques-comme-covid-19\/","og_locale":"fr_FR","og_type":"article","og_title":"Die Normen gegen Risiken wie COVID-19 - MQ Management und Qualit\u00e4t","og_description":"\u00abProtecting the planet with standards\u00bb, so hiess das Motto zum Weltnormentag der Internationalen Organisation f\u00fcr Normung (ISO). Sie hatte ihren Gedenktag am 14. Oktober 2020 unter das Thema Umweltschutz gestellt. Im Fokus stehen dabei nicht unbedingt \u00abnur\u00bb Umweltnormen, sondern auch international anerkannte Normen, die unsere Sicherheit und Gesundheit ber\u00fccksichtigen.","og_url":"https:\/\/www.m-q.ch\/fr\/les-normes-contre-les-risques-comme-covid-19\/","og_site_name":"MQ Management und Qualit\u00e4t","article_publisher":"https:\/\/www.facebook.com\/ManagementUndQualitaet","article_published_time":"2020-11-20T05:52:19+00:00","article_modified_time":"2021-02-09T08:20:57+00:00","og_image":[{"width":565,"height":443,"url":"https:\/\/www.m-q.ch\/wp-content\/uploads\/2021\/02\/06.jpg","type":"image\/jpeg"}],"author":"upwork","twitter_card":"summary_large_image","twitter_misc":{"\u00c9crit par":"upwork","Dur\u00e9e de lecture estim\u00e9e":"3 minutes"},"schema":{"@context":"https:\/\/schema.org","@graph":[{"@type":"Article","@id":"https:\/\/www.m-q.ch\/die-normen-gegen-risiken-wie-covid-19\/#article","isPartOf":{"@id":"https:\/\/www.m-q.ch\/die-normen-gegen-risiken-wie-covid-19\/"},"author":{"name":"upwork","@id":"https:\/\/www.m-q.ch\/fr\/#\/schema\/person\/6044ff1d138701fac0f63fd4c5c93267"},"headline":"Die Normen gegen Risiken wie COVID-19","datePublished":"2020-11-20T05:52:19+00:00","dateModified":"2021-02-09T08:20:57+00:00","mainEntityOfPage":{"@id":"https:\/\/www.m-q.ch\/die-normen-gegen-risiken-wie-covid-19\/"},"wordCount":569,"publisher":{"@id":"https:\/\/www.m-q.ch\/fr\/#organization"},"image":{"@id":"https:\/\/www.m-q.ch\/die-normen-gegen-risiken-wie-covid-19\/#primaryimage"},"thumbnailUrl":"https:\/\/www.m-q.ch\/wp-content\/uploads\/2021\/02\/06.jpg","keywords":["11\/2020"],"articleSection":["Risikomanagement"],"inLanguage":"fr-FR"},{"@type":"WebPage","@id":"https:\/\/www.m-q.ch\/die-normen-gegen-risiken-wie-covid-19\/","url":"https:\/\/www.m-q.ch\/die-normen-gegen-risiken-wie-covid-19\/","name":"Les normes contre les risques telles que COVID-19 - MQ Management and Quality","isPartOf":{"@id":"https:\/\/www.m-q.ch\/fr\/#website"},"primaryImageOfPage":{"@id":"https:\/\/www.m-q.ch\/die-normen-gegen-risiken-wie-covid-19\/#primaryimage"},"image":{"@id":"https:\/\/www.m-q.ch\/die-normen-gegen-risiken-wie-covid-19\/#primaryimage"},"thumbnailUrl":"https:\/\/www.m-q.ch\/wp-content\/uploads\/2021\/02\/06.jpg","datePublished":"2020-11-20T05:52:19+00:00","dateModified":"2021-02-09T08:20:57+00:00","description":"\"Prot\u00e9ger la plan\u00e8te avec des normes\" \u00e9tait la devise de la Journ\u00e9e mondiale de la normalisation de l'Organisation internationale de normalisation (ISO). Elle avait choisi le th\u00e8me de la protection de l'environnement pour sa journ\u00e9e comm\u00e9morative du 14 octobre 2020. L'accent n'est pas n\u00e9cessairement mis \"seulement\" sur les normes environnementales, mais aussi sur les normes internationalement reconnues qui tiennent compte de notre sant\u00e9 et de notre s\u00e9curit\u00e9.","breadcrumb":{"@id":"https:\/\/www.m-q.ch\/die-normen-gegen-risiken-wie-covid-19\/#breadcrumb"},"inLanguage":"fr-FR","potentialAction":[{"@type":"ReadAction","target":["https:\/\/www.m-q.ch\/die-normen-gegen-risiken-wie-covid-19\/"]}]},{"@type":"ImageObject","inLanguage":"fr-FR","@id":"https:\/\/www.m-q.ch\/die-normen-gegen-risiken-wie-covid-19\/#primaryimage","url":"https:\/\/www.m-q.ch\/wp-content\/uploads\/2021\/02\/06.jpg","contentUrl":"https:\/\/www.m-q.ch\/wp-content\/uploads\/2021\/02\/06.jpg","width":565,"height":443},{"@type":"BreadcrumbList","@id":"https:\/\/www.m-q.ch\/die-normen-gegen-risiken-wie-covid-19\/#breadcrumb","itemListElement":[{"@type":"ListItem","position":1,"name":"Risikomanagement","item":"https:\/\/www.m-q.ch\/kategorie\/risikomanagement\/"},{"@type":"ListItem","position":2,"name":"Die Normen gegen Risiken wie COVID-19"}]},{"@type":"WebSite","@id":"https:\/\/www.m-q.ch\/fr\/#website","url":"https:\/\/www.m-q.ch\/fr\/","name":"Gestion et qualit\u00e9 du QM","description":"Plate-forme pour les syst\u00e8mes de gestion int\u00e9gr\u00e9e.","publisher":{"@id":"https:\/\/www.m-q.ch\/fr\/#organization"},"potentialAction":[{"@type":"SearchAction","target":{"@type":"EntryPoint","urlTemplate":"https:\/\/www.m-q.ch\/fr\/?s={search_term_string}"},"query-input":{"@type":"PropertyValueSpecification","valueRequired":true,"valueName":"search_term_string"}}],"inLanguage":"fr-FR"},{"@type":"Organization","@id":"https:\/\/www.m-q.ch\/fr\/#organization","name":"Galledia Trade Media AG","url":"https:\/\/www.m-q.ch\/fr\/","logo":{"@type":"ImageObject","inLanguage":"fr-FR","@id":"https:\/\/www.m-q.ch\/fr\/#\/schema\/logo\/image\/","url":"https:\/\/www.m-q.ch\/wp-content\/uploads\/2020\/12\/cropped-logo_small.png","contentUrl":"https:\/\/www.m-q.ch\/wp-content\/uploads\/2020\/12\/cropped-logo_small.png","width":512,"height":512,"caption":"Galledia Fachmedien AG"},"image":{"@id":"https:\/\/www.m-q.ch\/fr\/#\/schema\/logo\/image\/"},"sameAs":["https:\/\/www.facebook.com\/ManagementUndQualitaet","https:\/\/www.linkedin.com\/showcase\/17982321\/admin\/"]},{"@type":"Person","@id":"https:\/\/www.m-q.ch\/fr\/#\/schema\/person\/6044ff1d138701fac0f63fd4c5c93267","name":"upwork","image":{"@type":"ImageObject","inLanguage":"fr-FR","@id":"https:\/\/www.m-q.ch\/fr\/#\/schema\/person\/image\/","url":"https:\/\/secure.gravatar.com\/avatar\/fe2de2b04483edb0f28eb7fd34d15d6c?s=96&d=mm&r=g","contentUrl":"https:\/\/secure.gravatar.com\/avatar\/fe2de2b04483edb0f28eb7fd34d15d6c?s=96&d=mm&r=g","caption":"upwork"},"description":"uf3J7(qCI6jN0^0y6%%0ti70","url":"https:\/\/www.m-q.ch\/fr\/author\/upwork\/"}]}},"_links":{"self":[{"href":"https:\/\/www.m-q.ch\/fr\/wp-json\/wp\/v2\/posts\/10010","targetHints":{"allow":["GET"]}}],"collection":[{"href":"https:\/\/www.m-q.ch\/fr\/wp-json\/wp\/v2\/posts"}],"about":[{"href":"https:\/\/www.m-q.ch\/fr\/wp-json\/wp\/v2\/types\/post"}],"author":[{"embeddable":true,"href":"https:\/\/www.m-q.ch\/fr\/wp-json\/wp\/v2\/users\/60"}],"replies":[{"embeddable":true,"href":"https:\/\/www.m-q.ch\/fr\/wp-json\/wp\/v2\/comments?post=10010"}],"version-history":[{"count":3,"href":"https:\/\/www.m-q.ch\/fr\/wp-json\/wp\/v2\/posts\/10010\/revisions"}],"predecessor-version":[{"id":10063,"href":"https:\/\/www.m-q.ch\/fr\/wp-json\/wp\/v2\/posts\/10010\/revisions\/10063"}],"wp:featuredmedia":[{"embeddable":true,"href":"https:\/\/www.m-q.ch\/fr\/wp-json\/wp\/v2\/media\/10011"}],"wp:attachment":[{"href":"https:\/\/www.m-q.ch\/fr\/wp-json\/wp\/v2\/media?parent=10010"}],"wp:term":[{"taxonomy":"category","embeddable":true,"href":"https:\/\/www.m-q.ch\/fr\/wp-json\/wp\/v2\/categories?post=10010"},{"taxonomy":"post_tag","embeddable":true,"href":"https:\/\/www.m-q.ch\/fr\/wp-json\/wp\/v2\/tags?post=10010"}],"curies":[{"name":"wp","href":"https:\/\/api.w.org\/{rel}","templated":true}]}}