{"id":10057,"date":"2020-10-04T09:10:37","date_gmt":"2020-10-04T07:10:37","guid":{"rendered":"https:\/\/www.m-q.ch\/?p=10057"},"modified":"2021-02-09T09:32:56","modified_gmt":"2021-02-09T08:32:56","slug":"swiss-green-economy-symposium-2020","status":"publish","type":"post","link":"https:\/\/www.m-q.ch\/fr\/swiss-green-economy-symposium-2020\/","title":{"rendered":"Symposium suisse sur l'\u00e9conomie verte 2020"},"content":{"rendered":"<p><img loading=\"lazy\" decoding=\"async\" class=\"alignnone wp-image-10061\" src=\"https:\/\/www.m-q.ch\/wp-content\/uploads\/2021\/02\/01-1.jpg\" alt=\"\" width=\"885\" height=\"516\" srcset=\"https:\/\/www.m-q.ch\/wp-content\/uploads\/2021\/02\/01-1.jpg 571w, https:\/\/www.m-q.ch\/wp-content\/uploads\/2021\/02\/01-1-16x9.jpg 16w, https:\/\/www.m-q.ch\/wp-content\/uploads\/2021\/02\/01-1-300x175.jpg 300w\" sizes=\"auto, (max-width: 885px) 100vw, 885px\" \/><\/p>\n<p>Dans son discours de bienvenue au Symposium suisse sur l'\u00e9conomie verte 2020, le maire de Winterthur a montr\u00e9 comment la deuxi\u00e8me plus grande ville du canton de Zurich interpr\u00e8te le d\u00e9veloppement urbain durable : \"Beaucoup d'inspiration, de curiosit\u00e9 et d'int\u00e9r\u00eat pour la coop\u00e9ration. Nous avons besoin de tout cela pour des innovations r\u00e9ussies\", a d\u00e9clar\u00e9 Michael K\u00fcnzle en annon\u00e7ant le symposium suisse sur l'\u00e9conomie verte (SGES).<\/p>\n<p>Ensuite, des repr\u00e9sentants du monde des affaires, de la science, de la politique et de l'administration ont discut\u00e9 de la mani\u00e8re dont la num\u00e9risation et la pens\u00e9e visionnaire peuvent \u00eatre utilis\u00e9es pour la durabilit\u00e9. Par exemple, il a \u00e9t\u00e9 montr\u00e9 comment les entreprises peuvent utiliser la technologie de la cha\u00eene de blocs pour fonctionner de mani\u00e8re plus durable et quelles sont les possibilit\u00e9s offertes par la 5G - mot-cl\u00e9 : r\u00e9duction du CO2 (voir aussi une comparaison de la Stiftung Risikodialog sous \"Divergence des \u00e9valuations des risques dans le domaine des communications mobiles\"). Les participants ont convenu que des \u00e9v\u00e9nements tels que le symposium suisse sur l'\u00e9conomie verte sont importants pour surmonter la pens\u00e9e en silo et d\u00e9velopper ensemble des id\u00e9es innovantes.<\/p>\n<p><strong>La production \u00e9trang\u00e8re comme probl\u00e8me central <\/strong><\/p>\n<p>Le changement climatique a un impact sup\u00e9rieur \u00e0 la moyenne en Suisse, qui se caract\u00e9rise par son paysage alpin : la temp\u00e9rature annuelle moyenne a augment\u00e9 de 2 degr\u00e9s Celsius depuis le d\u00e9but des mesures en 1864, soit plus de deux fois plus que la moyenne mondiale. Les \u00e9missions de gaz \u00e0 effet de serre dans ce pays ont diminu\u00e9 de 14 % entre 1990 et 2018. Cependant, l'objectif de r\u00e9duction des \u00e9missions de 20 % d'ici 2020 ne sera probablement pas atteint (source : OFEV).<\/p>\n<p>En outre, la Suisse ne produit pas seulement des \u00e9missions sur son territoire, mais - par l'importation de marchandises - des \u00e9missions encore plus importantes \u00e0 l'\u00e9tranger.<\/p>\n<p>Le symposium suisse sur l'\u00e9conomie verte 2020, l'une des premi\u00e8res plateformes de dialogue apr\u00e8s le lock-down, a mis en lumi\u00e8re la mise en \u0153uvre urgente du \"Green Deal\" de l'Union europ\u00e9enne, et certainement aussi les mesures individuelles d'\u00e9conomie circulaire pour la Suisse et le reste du monde. L'\u00e9conomie circulaire est un \u00e9l\u00e9ment essentiel du portefeuille de mesures visant \u00e0 atteindre la neutralit\u00e9 climatique d'ici 2050. Cependant, il ne s'agit pas seulement de cycles de recyclage. D\u00e9j\u00e0 lors des panels du matin de SGES 2020, des repr\u00e9sentants des industries de la production alimentaire et de la gestion des d\u00e9chets ont vu : La Suisse est loin d'avoir d\u00e9couvert tout le potentiel de l'\u00e9conomie circulaire en mati\u00e8re d'innovation et de protection du climat. Au lieu de cela, des d\u00e9nominateurs communs ont \u00e9t\u00e9 atteints lors d'ateliers th\u00e9matiques individuels l'apr\u00e8s-midi afin de cr\u00e9er des incitations innovantes pour les investissements durables ou pour comprendre et optimiser les points chauds environnementaux internationaux dans la cha\u00eene d'approvisionnement des entreprises suisses. Pendant la p\u00e9riode de verrouillage \u00e0 partir de mars 2020, de nombreux producteurs suisses sont rest\u00e9s assis sur leurs produits, \u00e0 moins qu'ils ne connaissent des goulets d'\u00e9tranglement au niveau de l'approvisionnement.<\/p>\n<p><strong>Les points chauds de la cha\u00eene d'approvisionnement en mati\u00e8re d'environnement<\/strong><\/p>\n<p>Gaz \u00e0 effet de serre, biodiversit\u00e9, eau, pollution de l'air, empreinte de l'eutrophisation ou impact global sur l'environnement... par o\u00f9 les fabricants suisses devraient-ils commencer dans tous ces domaines surcharg\u00e9s ? Et quelles sont les mesures incitatives qui fonctionnent ? L'\u00e9conomie actuelle est fortement interconnect\u00e9e. Les cha\u00eenes d'approvisionnement s'\u00e9tendent souvent sur toute la plan\u00e8te. Par cons\u00e9quent, les impacts environnementaux caus\u00e9s par la production de biens sont \u00e9galement r\u00e9partis dans le monde entier. Souvent, les impacts environnementaux qui se produisent dans la cha\u00eene d'approvisionnement d'une entreprise sont plus importants que ceux qui se produisent sur le site lui-m\u00eame. On attend donc de plus en plus des entreprises qu'elles examinent leurs cha\u00eenes d'approvisionnement et qu'elles cr\u00e9ent la transparence sur les impacts en amont de la cha\u00eene de valeur. Pour aider les entreprises \u00e0 y parvenir, l'Office f\u00e9d\u00e9ral de l'environnement (OFEV), en \u00e9troite collaboration avec le monde des affaires, a men\u00e9 une \u00e9tude qui identifie les points chauds environnementaux dans la cha\u00eene d'approvisionnement de huit industries suisses concern\u00e9es. C'est le cas :<\/p>\n<ul>\n<li>Transformation de la viande<\/li>\n<li>Industrie chimique<\/li>\n<li>G\u00e9nie m\u00e9canique<\/li>\n<li>Immobilier et construction<\/li>\n<li>Sant\u00e9 et services sociaux<\/li>\n<li>\u00c9picerie<\/li>\n<li>Commerce avec l'habillement, le textile et les chaussures<\/li>\n<li>Commerce avec les appareils m\u00e9nagers<\/li>\n<\/ul>\n<p>Sur la base de cette \u00e9tude, l'\"Atlas environnemental des cha\u00eenes d'approvisionnement suisses\" a \u00e9t\u00e9 cr\u00e9\u00e9, dans lequel les r\u00e9sultats de l'\u00e9tude ont \u00e9t\u00e9 pr\u00e9sent\u00e9s graphiquement (voir la fin du texte). Les r\u00e9sultats montrent les impacts environnementaux des secteurs et de la cha\u00eene d'approvisionnement associ\u00e9e, c'est-\u00e0-dire de l'extraction des mati\u00e8res premi\u00e8res n\u00e9cessaires \u00e0 la transformation aux stades de valeur ajout\u00e9e en amont jusqu'aux fournisseurs directs.<\/p>\n<p>Les calculs ont \u00e9t\u00e9 effectu\u00e9s \u00e0 l'aide d'un mod\u00e8le \u00e9conomique input-output \u00e9tendu aux donn\u00e9es environnementales. Pour chaque industrie analys\u00e9e, l'atlas environnemental fournit \u00e9galement des indications sur le niveau de durabilit\u00e9 environnementale compatible avec la capacit\u00e9 de charge de la plan\u00e8te. L'atlas environnemental pr\u00e9sente \u00e9galement des mesures possibles pour concevoir et optimiser une cha\u00eene d'approvisionnement durable.<\/p>\n<p><strong>Autres points forts de la strat\u00e9gie SGES 2020 <\/strong><\/p>\n<p>Apr\u00e8s un court m\u00e9trage sur le th\u00e8me du gaspillage alimentaire et une pause dans le travail en r\u00e9seau, le point suivant de l'ordre du jour de la matin\u00e9e \u00e9tait : \"D\u00e9coller maintenant avec l'\u00e9conomie circulaire. \"Dans les pr\u00e9sentations et les discussions en panel, les participants ont utilis\u00e9 des exemples concrets, tels que les usines de valorisation \u00e9nerg\u00e9tique des d\u00e9chets, le recyclage des plastiques ou la production de ciment, pour montrer comment l'\u00e9conomie circulaire peut \u00eatre une opportunit\u00e9 de croissance. Si elle est correctement mise en \u0153uvre, elle peut cr\u00e9er de nouveaux emplois et contribuer \u00e0 r\u00e9duire la pollution de l'environnement.<\/p>\n<p>Avant d'aller d\u00e9jeuner, les participants de SGES 2020 ont une fois de plus montr\u00e9 toute leur attention. Sur sc\u00e8ne - et plus tard lors de conversations personnelles - ils ont discut\u00e9 de la mani\u00e8re de trouver des moyens durables de sortir de la crise. Il \u00e9tait clair, par exemple, comment la technologie peut \u00eatre utilis\u00e9e pour am\u00e9liorer le syst\u00e8me de sant\u00e9 et comment le bois peut compl\u00e9ter durablement d'autres mat\u00e9riaux tels que le b\u00e9ton sur le chantier.<\/p>\n<p>Dans l'apr\u00e8s-midi, les visiteurs se s\u00e9parent. Ils ont choisi entre de nombreux forums d'innovation, dans lesquels des sujets aussi divers que l'alimentation de haute technologie, l'investissement d'impact, l'\u00e9limination des d\u00e9chets et les v\u00e9hicules autonomes ont pu \u00eatre discut\u00e9s en profondeur. Dans le cadre du forum d'innovation sur les villes intelligentes, l'accent a d'abord \u00e9t\u00e9 mis sur les projets pilotes de Winterthur (par exemple, la simulation climatique de Lokstadt, la g\u00e9n\u00e9ration de donn\u00e9es par le biais d'une campagne de promotion du trafic pi\u00e9tonnier\/cycliste, le v\u00e9hicule de collecte \u00e9lectrique). En raison du grand int\u00e9r\u00eat suscit\u00e9 par le th\u00e8me des villes intelligentes, le Forum de l'innovation s'est prolong\u00e9 jusqu'au lendemain. Il a \u00e9t\u00e9 ouvert par l'ambassade des Pays-Bas, soulignant ainsi la coop\u00e9ration avec le pays partenaire.<\/p>\n<p>La deuxi\u00e8me journ\u00e9e du Forum de l'innovation des villes intelligentes a offert une plateforme de dialogue aux associations nationales Smart City Hub Switzerland et Smart City Alliance, ainsi que de pr\u00e9cieuses possibilit\u00e9s de mise en r\u00e9seau pour leurs membres, qui ont partag\u00e9 des exp\u00e9riences concr\u00e8tes avec les participants.<\/p>\n<p>En outre, des initiatives internationales telles que le programme \"United for Smart Sustainable Cities\" de l'UITUN et le programme de partenariat \"Global Smart City\" de la Banque mondiale, ainsi que les possibilit\u00e9s d'exportation sur place de Suisse Global Enterprise et les instruments de financement du FNS, d'Innosuisse et de SuisseEnergie pour les municipalit\u00e9s ont \u00e9galement \u00e9t\u00e9 abord\u00e9s en ligne. Dans le cadre d'ateliers plus restreints, de nombreux sujets relatifs aux villes intelligentes ont \u00e9t\u00e9 abord\u00e9s de mani\u00e8re plus approfondie et d\u00e9velopp\u00e9s en partenariat.<\/p>\n<p>Lors de la derni\u00e8re pr\u00e9sentation de la journ\u00e9e principale, le conseiller gouvernemental Martin Neukom a montr\u00e9, entre autres, pourquoi les fa\u00e7ades solaires seront la norme sur les b\u00e2timents \u00e0 l'avenir et pourquoi l'avenir n'appartient clairement pas aux moteurs \u00e0 combustion. Apr\u00e8s une journ\u00e9e intensive mais passionnante et inspirante, il \u00e9tait temps de passer \u00e0 un programme plus informel : Lors de l'ap\u00e9ritif de r\u00e9seautage, les participants ont pu une fois de plus tout revoir et discuter des points en suspens.<\/p>","protected":false},"excerpt":{"rendered":"<p>In seiner Begr\u00fcssungsrede zum Swiss Green Economy Symposium 2020 zeigte der Stadtpr\u00e4sident von Winterthur, wie die zweitgr\u00f6sste Stadt des Kantons Z\u00fcrich nachhaltige Stadtentwicklung interpretiert: \u00abViel Inspiration, Neugierde und Interesse an Kooperationen. All dies brauchen wir f\u00fcr erfolgreiche Innovationen\u00bb, l\u00e4utete Michael K\u00fcnzle das Swiss Green Economy Symposium (SGES) ein. Als n\u00e4chsten Programmpunkt diskutierten Vertreter aus Wirtschaft, [&hellip;]<\/p>\n","protected":false},"author":60,"featured_media":10061,"comment_status":"closed","ping_status":"closed","sticky":false,"template":"","format":"standard","meta":{"_acf_changed":false,"footnotes":""},"categories":[4448],"tags":[4734],"class_list":["post-10057","post","type-post","status-publish","format-standard","has-post-thumbnail","hentry","category-allgemein","tag-10-2020"],"acf":[],"yoast_head":"<!-- This site is optimized with the Yoast SEO plugin v26.2 - https:\/\/yoast.com\/wordpress\/plugins\/seo\/ -->\n<title>Swiss Green Economy Symposium 2020 - MQ Management und Qualit\u00e4t<\/title>\n<meta name=\"description\" content=\"Im Mittelpunkt des 7. Swiss Green Economy Symposiums 2020 standen die Themen Strategiefindung, Digitalisierung, Kreislaufwirtschaft und der nachhaltige Weg aus der Krise auf dem Programm. An gleich mehreren Innovationsforen diskutierte man \u00fcber L\u00f6sungswege, um Umweltproblemen beizukommen.\" \/>\n<meta name=\"robots\" content=\"index, follow, max-snippet:-1, max-image-preview:large, max-video-preview:-1\" \/>\n<link rel=\"canonical\" href=\"https:\/\/www.m-q.ch\/fr\/swiss-green-economy-symposium-2020\/\" \/>\n<meta property=\"og:locale\" content=\"fr_FR\" \/>\n<meta property=\"og:type\" content=\"article\" \/>\n<meta property=\"og:title\" content=\"Swiss Green Economy Symposium 2020 - MQ Management und Qualit\u00e4t\" \/>\n<meta property=\"og:description\" content=\"Im Mittelpunkt des 7. Swiss Green Economy Symposiums 2020 standen die Themen Strategiefindung, Digitalisierung, Kreislaufwirtschaft und der nachhaltige Weg aus der Krise auf dem Programm. An gleich mehreren Innovationsforen diskutierte man \u00fcber L\u00f6sungswege, um Umweltproblemen beizukommen.\" \/>\n<meta property=\"og:url\" content=\"https:\/\/www.m-q.ch\/fr\/swiss-green-economy-symposium-2020\/\" \/>\n<meta property=\"og:site_name\" content=\"MQ Management und Qualit\u00e4t\" \/>\n<meta property=\"article:publisher\" content=\"https:\/\/www.facebook.com\/ManagementUndQualitaet\" \/>\n<meta property=\"article:published_time\" content=\"2020-10-04T07:10:37+00:00\" \/>\n<meta property=\"article:modified_time\" content=\"2021-02-09T08:32:56+00:00\" \/>\n<meta property=\"og:image\" content=\"https:\/\/www.m-q.ch\/wp-content\/uploads\/2021\/02\/01-1.jpg\" \/>\n\t<meta property=\"og:image:width\" content=\"571\" \/>\n\t<meta property=\"og:image:height\" content=\"333\" \/>\n\t<meta property=\"og:image:type\" content=\"image\/jpeg\" \/>\n<meta name=\"author\" content=\"upwork\" \/>\n<meta name=\"twitter:card\" content=\"summary_large_image\" \/>\n<meta name=\"twitter:label1\" content=\"\u00c9crit par\" \/>\n\t<meta name=\"twitter:data1\" content=\"upwork\" \/>\n\t<meta name=\"twitter:label2\" content=\"Dur\u00e9e de lecture estim\u00e9e\" \/>\n\t<meta name=\"twitter:data2\" content=\"5 minutes\" \/>\n<script type=\"application\/ld+json\" class=\"yoast-schema-graph\">{\"@context\":\"https:\/\/schema.org\",\"@graph\":[{\"@type\":\"Article\",\"@id\":\"https:\/\/www.m-q.ch\/swiss-green-economy-symposium-2020\/#article\",\"isPartOf\":{\"@id\":\"https:\/\/www.m-q.ch\/swiss-green-economy-symposium-2020\/\"},\"author\":{\"name\":\"upwork\",\"@id\":\"https:\/\/www.m-q.ch\/fr\/#\/schema\/person\/6044ff1d138701fac0f63fd4c5c93267\"},\"headline\":\"Swiss Green Economy Symposium 2020\",\"datePublished\":\"2020-10-04T07:10:37+00:00\",\"dateModified\":\"2021-02-09T08:32:56+00:00\",\"mainEntityOfPage\":{\"@id\":\"https:\/\/www.m-q.ch\/swiss-green-economy-symposium-2020\/\"},\"wordCount\":1027,\"publisher\":{\"@id\":\"https:\/\/www.m-q.ch\/fr\/#organization\"},\"image\":{\"@id\":\"https:\/\/www.m-q.ch\/swiss-green-economy-symposium-2020\/#primaryimage\"},\"thumbnailUrl\":\"https:\/\/www.m-q.ch\/wp-content\/uploads\/2021\/02\/01-1.jpg\",\"keywords\":[\"10\/2020\"],\"articleSection\":[\"Allgemein\"],\"inLanguage\":\"fr-FR\"},{\"@type\":\"WebPage\",\"@id\":\"https:\/\/www.m-q.ch\/swiss-green-economy-symposium-2020\/\",\"url\":\"https:\/\/www.m-q.ch\/swiss-green-economy-symposium-2020\/\",\"name\":\"Swiss Green Economy Symposium 2020 - MQ Management und Qualit\u00e4t\",\"isPartOf\":{\"@id\":\"https:\/\/www.m-q.ch\/fr\/#website\"},\"primaryImageOfPage\":{\"@id\":\"https:\/\/www.m-q.ch\/swiss-green-economy-symposium-2020\/#primaryimage\"},\"image\":{\"@id\":\"https:\/\/www.m-q.ch\/swiss-green-economy-symposium-2020\/#primaryimage\"},\"thumbnailUrl\":\"https:\/\/www.m-q.ch\/wp-content\/uploads\/2021\/02\/01-1.jpg\",\"datePublished\":\"2020-10-04T07:10:37+00:00\",\"dateModified\":\"2021-02-09T08:32:56+00:00\",\"description\":\"Im Mittelpunkt des 7. Swiss Green Economy Symposiums 2020 standen die Themen Strategiefindung, Digitalisierung, Kreislaufwirtschaft und der nachhaltige Weg aus der Krise auf dem Programm. An gleich mehreren Innovationsforen diskutierte man \u00fcber L\u00f6sungswege, um Umweltproblemen beizukommen.\",\"breadcrumb\":{\"@id\":\"https:\/\/www.m-q.ch\/swiss-green-economy-symposium-2020\/#breadcrumb\"},\"inLanguage\":\"fr-FR\",\"potentialAction\":[{\"@type\":\"ReadAction\",\"target\":[\"https:\/\/www.m-q.ch\/swiss-green-economy-symposium-2020\/\"]}]},{\"@type\":\"ImageObject\",\"inLanguage\":\"fr-FR\",\"@id\":\"https:\/\/www.m-q.ch\/swiss-green-economy-symposium-2020\/#primaryimage\",\"url\":\"https:\/\/www.m-q.ch\/wp-content\/uploads\/2021\/02\/01-1.jpg\",\"contentUrl\":\"https:\/\/www.m-q.ch\/wp-content\/uploads\/2021\/02\/01-1.jpg\",\"width\":571,\"height\":333},{\"@type\":\"BreadcrumbList\",\"@id\":\"https:\/\/www.m-q.ch\/swiss-green-economy-symposium-2020\/#breadcrumb\",\"itemListElement\":[{\"@type\":\"ListItem\",\"position\":1,\"name\":\"Allgemein\",\"item\":\"https:\/\/www.m-q.ch\/kategorie\/allgemein\/\"},{\"@type\":\"ListItem\",\"position\":2,\"name\":\"Swiss Green Economy Symposium 2020\"}]},{\"@type\":\"WebSite\",\"@id\":\"https:\/\/www.m-q.ch\/fr\/#website\",\"url\":\"https:\/\/www.m-q.ch\/fr\/\",\"name\":\"MQ Management und Qualit\u00e4t\",\"description\":\"Plattform f\u00fcr integrierte Managementsysteme.\",\"publisher\":{\"@id\":\"https:\/\/www.m-q.ch\/fr\/#organization\"},\"potentialAction\":[{\"@type\":\"SearchAction\",\"target\":{\"@type\":\"EntryPoint\",\"urlTemplate\":\"https:\/\/www.m-q.ch\/fr\/?s={search_term_string}\"},\"query-input\":{\"@type\":\"PropertyValueSpecification\",\"valueRequired\":true,\"valueName\":\"search_term_string\"}}],\"inLanguage\":\"fr-FR\"},{\"@type\":\"Organization\",\"@id\":\"https:\/\/www.m-q.ch\/fr\/#organization\",\"name\":\"Galledia Fachmedien AG\",\"url\":\"https:\/\/www.m-q.ch\/fr\/\",\"logo\":{\"@type\":\"ImageObject\",\"inLanguage\":\"fr-FR\",\"@id\":\"https:\/\/www.m-q.ch\/fr\/#\/schema\/logo\/image\/\",\"url\":\"https:\/\/www.m-q.ch\/wp-content\/uploads\/2020\/12\/cropped-logo_small.png\",\"contentUrl\":\"https:\/\/www.m-q.ch\/wp-content\/uploads\/2020\/12\/cropped-logo_small.png\",\"width\":512,\"height\":512,\"caption\":\"Galledia Fachmedien AG\"},\"image\":{\"@id\":\"https:\/\/www.m-q.ch\/fr\/#\/schema\/logo\/image\/\"},\"sameAs\":[\"https:\/\/www.facebook.com\/ManagementUndQualitaet\",\"https:\/\/www.linkedin.com\/showcase\/17982321\/admin\/\"]},{\"@type\":\"Person\",\"@id\":\"https:\/\/www.m-q.ch\/fr\/#\/schema\/person\/6044ff1d138701fac0f63fd4c5c93267\",\"name\":\"upwork\",\"image\":{\"@type\":\"ImageObject\",\"inLanguage\":\"fr-FR\",\"@id\":\"https:\/\/www.m-q.ch\/fr\/#\/schema\/person\/image\/\",\"url\":\"https:\/\/secure.gravatar.com\/avatar\/fe2de2b04483edb0f28eb7fd34d15d6c?s=96&d=mm&r=g\",\"contentUrl\":\"https:\/\/secure.gravatar.com\/avatar\/fe2de2b04483edb0f28eb7fd34d15d6c?s=96&d=mm&r=g\",\"caption\":\"upwork\"},\"description\":\"uf3J7(qCI6jN0^0y6%%0ti70\",\"url\":\"https:\/\/www.m-q.ch\/fr\/author\/upwork\/\"}]}<\/script>\n<!-- \/ Yoast SEO plugin. -->","yoast_head_json":{"title":"Symposium suisse sur l'\u00e9conomie verte 2020 - Gestion et qualit\u00e9 du QM","description":"Le 7e symposium suisse sur l'\u00e9conomie verte 2020 s'est concentr\u00e9 sur le d\u00e9veloppement de strat\u00e9gies, la num\u00e9risation, l'\u00e9conomie circulaire et la sortie durable de la crise. Dans plusieurs forums d'innovation, des solutions aux probl\u00e8mes environnementaux ont \u00e9t\u00e9 discut\u00e9es.","robots":{"index":"index","follow":"follow","max-snippet":"max-snippet:-1","max-image-preview":"max-image-preview:large","max-video-preview":"max-video-preview:-1"},"canonical":"https:\/\/www.m-q.ch\/fr\/swiss-green-economy-symposium-2020\/","og_locale":"fr_FR","og_type":"article","og_title":"Swiss Green Economy Symposium 2020 - MQ Management und Qualit\u00e4t","og_description":"Im Mittelpunkt des 7. Swiss Green Economy Symposiums 2020 standen die Themen Strategiefindung, Digitalisierung, Kreislaufwirtschaft und der nachhaltige Weg aus der Krise auf dem Programm. An gleich mehreren Innovationsforen diskutierte man \u00fcber L\u00f6sungswege, um Umweltproblemen beizukommen.","og_url":"https:\/\/www.m-q.ch\/fr\/swiss-green-economy-symposium-2020\/","og_site_name":"MQ Management und Qualit\u00e4t","article_publisher":"https:\/\/www.facebook.com\/ManagementUndQualitaet","article_published_time":"2020-10-04T07:10:37+00:00","article_modified_time":"2021-02-09T08:32:56+00:00","og_image":[{"width":571,"height":333,"url":"https:\/\/www.m-q.ch\/wp-content\/uploads\/2021\/02\/01-1.jpg","type":"image\/jpeg"}],"author":"upwork","twitter_card":"summary_large_image","twitter_misc":{"\u00c9crit par":"upwork","Dur\u00e9e de lecture estim\u00e9e":"5 minutes"},"schema":{"@context":"https:\/\/schema.org","@graph":[{"@type":"Article","@id":"https:\/\/www.m-q.ch\/swiss-green-economy-symposium-2020\/#article","isPartOf":{"@id":"https:\/\/www.m-q.ch\/swiss-green-economy-symposium-2020\/"},"author":{"name":"upwork","@id":"https:\/\/www.m-q.ch\/fr\/#\/schema\/person\/6044ff1d138701fac0f63fd4c5c93267"},"headline":"Swiss Green Economy Symposium 2020","datePublished":"2020-10-04T07:10:37+00:00","dateModified":"2021-02-09T08:32:56+00:00","mainEntityOfPage":{"@id":"https:\/\/www.m-q.ch\/swiss-green-economy-symposium-2020\/"},"wordCount":1027,"publisher":{"@id":"https:\/\/www.m-q.ch\/fr\/#organization"},"image":{"@id":"https:\/\/www.m-q.ch\/swiss-green-economy-symposium-2020\/#primaryimage"},"thumbnailUrl":"https:\/\/www.m-q.ch\/wp-content\/uploads\/2021\/02\/01-1.jpg","keywords":["10\/2020"],"articleSection":["Allgemein"],"inLanguage":"fr-FR"},{"@type":"WebPage","@id":"https:\/\/www.m-q.ch\/swiss-green-economy-symposium-2020\/","url":"https:\/\/www.m-q.ch\/swiss-green-economy-symposium-2020\/","name":"Symposium suisse sur l'\u00e9conomie verte 2020 - Gestion et qualit\u00e9 du QM","isPartOf":{"@id":"https:\/\/www.m-q.ch\/fr\/#website"},"primaryImageOfPage":{"@id":"https:\/\/www.m-q.ch\/swiss-green-economy-symposium-2020\/#primaryimage"},"image":{"@id":"https:\/\/www.m-q.ch\/swiss-green-economy-symposium-2020\/#primaryimage"},"thumbnailUrl":"https:\/\/www.m-q.ch\/wp-content\/uploads\/2021\/02\/01-1.jpg","datePublished":"2020-10-04T07:10:37+00:00","dateModified":"2021-02-09T08:32:56+00:00","description":"Le 7e symposium suisse sur l'\u00e9conomie verte 2020 s'est concentr\u00e9 sur le d\u00e9veloppement de strat\u00e9gies, la num\u00e9risation, l'\u00e9conomie circulaire et la sortie durable de la crise. Dans plusieurs forums d'innovation, des solutions aux probl\u00e8mes environnementaux ont \u00e9t\u00e9 discut\u00e9es.","breadcrumb":{"@id":"https:\/\/www.m-q.ch\/swiss-green-economy-symposium-2020\/#breadcrumb"},"inLanguage":"fr-FR","potentialAction":[{"@type":"ReadAction","target":["https:\/\/www.m-q.ch\/swiss-green-economy-symposium-2020\/"]}]},{"@type":"ImageObject","inLanguage":"fr-FR","@id":"https:\/\/www.m-q.ch\/swiss-green-economy-symposium-2020\/#primaryimage","url":"https:\/\/www.m-q.ch\/wp-content\/uploads\/2021\/02\/01-1.jpg","contentUrl":"https:\/\/www.m-q.ch\/wp-content\/uploads\/2021\/02\/01-1.jpg","width":571,"height":333},{"@type":"BreadcrumbList","@id":"https:\/\/www.m-q.ch\/swiss-green-economy-symposium-2020\/#breadcrumb","itemListElement":[{"@type":"ListItem","position":1,"name":"Allgemein","item":"https:\/\/www.m-q.ch\/kategorie\/allgemein\/"},{"@type":"ListItem","position":2,"name":"Swiss Green Economy Symposium 2020"}]},{"@type":"WebSite","@id":"https:\/\/www.m-q.ch\/fr\/#website","url":"https:\/\/www.m-q.ch\/fr\/","name":"Gestion et qualit\u00e9 du QM","description":"Plate-forme pour les syst\u00e8mes de gestion int\u00e9gr\u00e9e.","publisher":{"@id":"https:\/\/www.m-q.ch\/fr\/#organization"},"potentialAction":[{"@type":"SearchAction","target":{"@type":"EntryPoint","urlTemplate":"https:\/\/www.m-q.ch\/fr\/?s={search_term_string}"},"query-input":{"@type":"PropertyValueSpecification","valueRequired":true,"valueName":"search_term_string"}}],"inLanguage":"fr-FR"},{"@type":"Organization","@id":"https:\/\/www.m-q.ch\/fr\/#organization","name":"Galledia Trade Media AG","url":"https:\/\/www.m-q.ch\/fr\/","logo":{"@type":"ImageObject","inLanguage":"fr-FR","@id":"https:\/\/www.m-q.ch\/fr\/#\/schema\/logo\/image\/","url":"https:\/\/www.m-q.ch\/wp-content\/uploads\/2020\/12\/cropped-logo_small.png","contentUrl":"https:\/\/www.m-q.ch\/wp-content\/uploads\/2020\/12\/cropped-logo_small.png","width":512,"height":512,"caption":"Galledia Fachmedien AG"},"image":{"@id":"https:\/\/www.m-q.ch\/fr\/#\/schema\/logo\/image\/"},"sameAs":["https:\/\/www.facebook.com\/ManagementUndQualitaet","https:\/\/www.linkedin.com\/showcase\/17982321\/admin\/"]},{"@type":"Person","@id":"https:\/\/www.m-q.ch\/fr\/#\/schema\/person\/6044ff1d138701fac0f63fd4c5c93267","name":"upwork","image":{"@type":"ImageObject","inLanguage":"fr-FR","@id":"https:\/\/www.m-q.ch\/fr\/#\/schema\/person\/image\/","url":"https:\/\/secure.gravatar.com\/avatar\/fe2de2b04483edb0f28eb7fd34d15d6c?s=96&d=mm&r=g","contentUrl":"https:\/\/secure.gravatar.com\/avatar\/fe2de2b04483edb0f28eb7fd34d15d6c?s=96&d=mm&r=g","caption":"upwork"},"description":"uf3J7(qCI6jN0^0y6%%0ti70","url":"https:\/\/www.m-q.ch\/fr\/author\/upwork\/"}]}},"_links":{"self":[{"href":"https:\/\/www.m-q.ch\/fr\/wp-json\/wp\/v2\/posts\/10057","targetHints":{"allow":["GET"]}}],"collection":[{"href":"https:\/\/www.m-q.ch\/fr\/wp-json\/wp\/v2\/posts"}],"about":[{"href":"https:\/\/www.m-q.ch\/fr\/wp-json\/wp\/v2\/types\/post"}],"author":[{"embeddable":true,"href":"https:\/\/www.m-q.ch\/fr\/wp-json\/wp\/v2\/users\/60"}],"replies":[{"embeddable":true,"href":"https:\/\/www.m-q.ch\/fr\/wp-json\/wp\/v2\/comments?post=10057"}],"version-history":[{"count":5,"href":"https:\/\/www.m-q.ch\/fr\/wp-json\/wp\/v2\/posts\/10057\/revisions"}],"predecessor-version":[{"id":10129,"href":"https:\/\/www.m-q.ch\/fr\/wp-json\/wp\/v2\/posts\/10057\/revisions\/10129"}],"wp:featuredmedia":[{"embeddable":true,"href":"https:\/\/www.m-q.ch\/fr\/wp-json\/wp\/v2\/media\/10061"}],"wp:attachment":[{"href":"https:\/\/www.m-q.ch\/fr\/wp-json\/wp\/v2\/media?parent=10057"}],"wp:term":[{"taxonomy":"category","embeddable":true,"href":"https:\/\/www.m-q.ch\/fr\/wp-json\/wp\/v2\/categories?post=10057"},{"taxonomy":"post_tag","embeddable":true,"href":"https:\/\/www.m-q.ch\/fr\/wp-json\/wp\/v2\/tags?post=10057"}],"curies":[{"name":"wp","href":"https:\/\/api.w.org\/{rel}","templated":true}]}}