{"id":10185,"date":"2020-09-06T11:58:16","date_gmt":"2020-09-06T09:58:16","guid":{"rendered":"https:\/\/www.m-q.ch\/?p=10185"},"modified":"2021-02-11T15:53:19","modified_gmt":"2021-02-11T14:53:19","slug":"performance-oui-mais-durable","status":"publish","type":"post","link":"https:\/\/www.m-q.ch\/fr\/leistung-ja-aber-nachhaltig\/","title":{"rendered":"La performance oui, mais durable !"},"content":{"rendered":"<p><img loading=\"lazy\" decoding=\"async\" class=\"alignnone  wp-image-10186\" src=\"https:\/\/www.m-q.ch\/wp-content\/uploads\/2021\/02\/02-2.jpg\" alt=\"\" width=\"816\" height=\"1015\" srcset=\"https:\/\/www.m-q.ch\/wp-content\/uploads\/2021\/02\/02-2.jpg 316w, https:\/\/www.m-q.ch\/wp-content\/uploads\/2021\/02\/02-2-10x12.jpg 10w, https:\/\/www.m-q.ch\/wp-content\/uploads\/2021\/02\/02-2-141x175.jpg 141w, https:\/\/www.m-q.ch\/wp-content\/uploads\/2021\/02\/02-2-281x350.jpg 281w, https:\/\/www.m-q.ch\/wp-content\/uploads\/2021\/02\/02-2-300x373.jpg 300w\" sizes=\"auto, (max-width: 816px) 100vw, 816px\" \/><\/p>\n<p>L'obtention de performances durables n'est ni un miracle ni une magie, mais repose sur l'effort et l'engagement quotidiens de toutes les parties prenantes.<\/p>\n<p><strong>Les piliers de la durabilit\u00e9 <\/strong><\/p>\n<p>Pour \u00eatre durable, un niveau de performance \u00e9lev\u00e9 doit reposer sur plusieurs piliers :<\/p>\n<ul>\n<li>Planification strat\u00e9gique durable : la planification strat\u00e9gique ne signifie pas prendre des d\u00e9cisions dans le futur, mais prendre aujourd'hui des d\u00e9cisions qui auront des cons\u00e9quences dans le futur (bottom-up et top-down, Hoshin Kanri ...).<\/li>\n<li>Reconfigurer les op\u00e9rations et les processus qui favorisent la satisfaction durable des parties prenantes.<\/li>\n<li>Gestion des performances : comment mettre en place un syst\u00e8me de gestion des performances durable ? Comment organiser et g\u00e9rer au mieux les crises (pand\u00e9mies...) ?<\/li>\n<li>Organisation durable : quelle organisation op\u00e9rationnelle favorise la r\u00e9solution des probl\u00e8mes et l'am\u00e9lioration continue ?<\/li>\n<li>Gestion des ressources : responsabilisation, habilitation, initiative, engagement, motivation, \u00e9panouissement au travail (satisfaction au travail, pr\u00e9vention de l'\u00e9puisement professionnel et de l'ennui)<\/li>\n<li>D\u00e9ploiement d'une culture de la performance durable : gestion du changement, apprentissage par l'erreur, gestion participative, formation et communication.<\/li>\n<li>Responsabilit\u00e9 sociale des entreprises et performance durable : la n\u00e9cessit\u00e9 de r\u00e9duire rapidement les impacts environnementaux et sociaux n\u00e9gatifs des entreprises dans le cadre de la transition vers une \u00e9conomie et une soci\u00e9t\u00e9 durables (Qualit\u00e9 totale et responsabilit\u00e9 des entreprises, certification sociale B-Corp, Environnement, Lean&amp;Green)<\/li>\n<\/ul>\n<p>En bref, la performance durable est une recherche constante d'\u00e9quilibre entre les aspects \u00e9conomiques, sociaux et environnementaux. Elle va logiquement de pair avec la responsabilit\u00e9 sociale, car il devient de plus en plus important de r\u00e9duire rapidement les impacts environnementaux et sociaux n\u00e9gatifs des entreprises dans le cadre de la transition vers une \u00e9conomie et une soci\u00e9t\u00e9 durables.<\/p>\n<p><strong>Points forts du programme <\/strong><\/p>\n<p>L'\u00e9v\u00e9nement s'adresse en particulier aux entreprises industrielles et de services qui souhaitent adopter une approche durable. Voici les \u00e9l\u00e9ments du programme connus \u00e0 ce jour :<\/p>\n<ul>\n<li>L'association Ecoparc et Eco Entreprise pr\u00e9senteront un aper\u00e7u des approches de plus de 200 entreprises dans les domaines du d\u00e9veloppement durable et de la responsabilit\u00e9 sociale et des tendances. Des intervenants du CHUV, de Polyval, de T\u00e9l\u00e9Verbier et d'eHnv pr\u00e9senteront leurs approches.<\/li>\n<\/ul>\n<p>Les organisateurs sont \u00e9galement heureux d'accueillir les orateurs suivants :<\/p>\n<ul>\n<li>Thomas Wiesel, artiste de cabaret de Suisse romande. Derri\u00e8re son mim\u00e9tisme de premi\u00e8re classe, il tire ses r\u00e9pliques cisel\u00e9es avec un style authentique et minimaliste, n'\u00e9pargnant personne, surtout pas lui-m\u00eame.<\/li>\n<li>Jean-Pierre Egger, ancien athl\u00e8te de haut niveau et participant aux Jeux olympiques, entra\u00eeneur d'\u00e9lite, entra\u00eeneur et consultant pour Swiss Olympic. Il forme des cadres d'entreprise sur la voie de l'excellence qu'il a d\u00e9velopp\u00e9e.<\/li>\n<\/ul>\n<p>De plus amples informations sont disponibles sur le site www. forep.ch et seront mises \u00e0 jour en permanence. Il est \u00e9galement possible de participer \u00e0 la conf\u00e9rence de mani\u00e8re virtuelle, les conditions seront annonc\u00e9es prochainement. Il va sans dire que les r\u00e8gles d'hygi\u00e8ne en vigueur \u00e0 l'\u00e9poque seront respect\u00e9es.<\/p>","protected":false},"excerpt":{"rendered":"<p>Das Erreichen einer dauerhaften Leistung ist weder ein Wunder noch eine Magie, sondern beruht auf t\u00e4glichem Einsatz und dem Engagement aller Akteure. S\u00e4ulen der Nachhaltigkeit Um nachhaltig zu sein, muss sich ein hohes Leistungsniveau auf mehrere S\u00e4ulen st\u00fctzen: Nachhaltige strategische Planung: Strategische Planung bedeutet nicht, Entscheidungen in der Zukunft zu treffen, sondern heute Entscheidungen zu [&hellip;]<\/p>\n","protected":false},"author":60,"featured_media":10186,"comment_status":"closed","ping_status":"closed","sticky":false,"template":"","format":"standard","meta":{"_acf_changed":false,"footnotes":""},"categories":[4448],"tags":[4764],"class_list":["post-10185","post","type-post","status-publish","format-standard","has-post-thumbnail","hentry","category-allgemein","tag-08-09-2020"],"acf":[],"yoast_head":"<!-- This site is optimized with the Yoast SEO plugin v26.2 - https:\/\/yoast.com\/wordpress\/plugins\/seo\/ -->\n<title>Leistung ja, aber nachhaltig! - MQ Management und Qualit\u00e4t<\/title>\n<meta name=\"description\" content=\"Das kommende FOREP (Forum Excellence &amp; Performance), veranstaltet durch die SAQ unter Federf\u00fchrung der Sektionen aus der Romandie, findet dieses Jahr am 29. Oktober 2020 wiederum in Yverdon-les-Bains statt. Das Thema lautet dieses Mal: Leistung ja, aber nachhaltig.\" \/>\n<meta name=\"robots\" content=\"index, follow, max-snippet:-1, max-image-preview:large, max-video-preview:-1\" \/>\n<link rel=\"canonical\" href=\"https:\/\/www.m-q.ch\/fr\/performance-oui-mais-durable\/\" \/>\n<meta property=\"og:locale\" content=\"fr_FR\" \/>\n<meta property=\"og:type\" content=\"article\" \/>\n<meta property=\"og:title\" content=\"Leistung ja, aber nachhaltig! - MQ Management und Qualit\u00e4t\" \/>\n<meta property=\"og:description\" content=\"Das kommende FOREP (Forum Excellence &amp; Performance), veranstaltet durch die SAQ unter Federf\u00fchrung der Sektionen aus der Romandie, findet dieses Jahr am 29. Oktober 2020 wiederum in Yverdon-les-Bains statt. Das Thema lautet dieses Mal: Leistung ja, aber nachhaltig.\" \/>\n<meta property=\"og:url\" content=\"https:\/\/www.m-q.ch\/fr\/performance-oui-mais-durable\/\" \/>\n<meta property=\"og:site_name\" content=\"MQ Management und Qualit\u00e4t\" \/>\n<meta property=\"article:publisher\" content=\"https:\/\/www.facebook.com\/ManagementUndQualitaet\" \/>\n<meta property=\"article:published_time\" content=\"2020-09-06T09:58:16+00:00\" \/>\n<meta property=\"article:modified_time\" content=\"2021-02-11T14:53:19+00:00\" \/>\n<meta property=\"og:image\" content=\"https:\/\/www.m-q.ch\/wp-content\/uploads\/2021\/02\/02-2.jpg\" \/>\n\t<meta property=\"og:image:width\" content=\"316\" \/>\n\t<meta property=\"og:image:height\" content=\"393\" \/>\n\t<meta property=\"og:image:type\" content=\"image\/jpeg\" \/>\n<meta name=\"author\" content=\"upwork\" \/>\n<meta name=\"twitter:card\" content=\"summary_large_image\" \/>\n<meta name=\"twitter:label1\" content=\"\u00c9crit par\" \/>\n\t<meta name=\"twitter:data1\" content=\"upwork\" \/>\n\t<meta name=\"twitter:label2\" content=\"Dur\u00e9e de lecture estim\u00e9e\" \/>\n\t<meta name=\"twitter:data2\" content=\"2 minutes\" \/>\n<script type=\"application\/ld+json\" class=\"yoast-schema-graph\">{\"@context\":\"https:\/\/schema.org\",\"@graph\":[{\"@type\":\"Article\",\"@id\":\"https:\/\/www.m-q.ch\/leistung-ja-aber-nachhaltig\/#article\",\"isPartOf\":{\"@id\":\"https:\/\/www.m-q.ch\/leistung-ja-aber-nachhaltig\/\"},\"author\":{\"name\":\"upwork\",\"@id\":\"https:\/\/www.m-q.ch\/fr\/#\/schema\/person\/6044ff1d138701fac0f63fd4c5c93267\"},\"headline\":\"Leistung ja, aber nachhaltig!\",\"datePublished\":\"2020-09-06T09:58:16+00:00\",\"dateModified\":\"2021-02-11T14:53:19+00:00\",\"mainEntityOfPage\":{\"@id\":\"https:\/\/www.m-q.ch\/leistung-ja-aber-nachhaltig\/\"},\"wordCount\":421,\"publisher\":{\"@id\":\"https:\/\/www.m-q.ch\/fr\/#organization\"},\"image\":{\"@id\":\"https:\/\/www.m-q.ch\/leistung-ja-aber-nachhaltig\/#primaryimage\"},\"thumbnailUrl\":\"https:\/\/www.m-q.ch\/wp-content\/uploads\/2021\/02\/02-2.jpg\",\"keywords\":[\"08-09\/2020\"],\"articleSection\":[\"Allgemein\"],\"inLanguage\":\"fr-FR\"},{\"@type\":\"WebPage\",\"@id\":\"https:\/\/www.m-q.ch\/leistung-ja-aber-nachhaltig\/\",\"url\":\"https:\/\/www.m-q.ch\/leistung-ja-aber-nachhaltig\/\",\"name\":\"Leistung ja, aber nachhaltig! - MQ Management und Qualit\u00e4t\",\"isPartOf\":{\"@id\":\"https:\/\/www.m-q.ch\/fr\/#website\"},\"primaryImageOfPage\":{\"@id\":\"https:\/\/www.m-q.ch\/leistung-ja-aber-nachhaltig\/#primaryimage\"},\"image\":{\"@id\":\"https:\/\/www.m-q.ch\/leistung-ja-aber-nachhaltig\/#primaryimage\"},\"thumbnailUrl\":\"https:\/\/www.m-q.ch\/wp-content\/uploads\/2021\/02\/02-2.jpg\",\"datePublished\":\"2020-09-06T09:58:16+00:00\",\"dateModified\":\"2021-02-11T14:53:19+00:00\",\"description\":\"Das kommende FOREP (Forum Excellence & Performance), veranstaltet durch die SAQ unter Federf\u00fchrung der Sektionen aus der Romandie, findet dieses Jahr am 29. Oktober 2020 wiederum in Yverdon-les-Bains statt. Das Thema lautet dieses Mal: Leistung ja, aber nachhaltig.\",\"breadcrumb\":{\"@id\":\"https:\/\/www.m-q.ch\/leistung-ja-aber-nachhaltig\/#breadcrumb\"},\"inLanguage\":\"fr-FR\",\"potentialAction\":[{\"@type\":\"ReadAction\",\"target\":[\"https:\/\/www.m-q.ch\/leistung-ja-aber-nachhaltig\/\"]}]},{\"@type\":\"ImageObject\",\"inLanguage\":\"fr-FR\",\"@id\":\"https:\/\/www.m-q.ch\/leistung-ja-aber-nachhaltig\/#primaryimage\",\"url\":\"https:\/\/www.m-q.ch\/wp-content\/uploads\/2021\/02\/02-2.jpg\",\"contentUrl\":\"https:\/\/www.m-q.ch\/wp-content\/uploads\/2021\/02\/02-2.jpg\",\"width\":316,\"height\":393},{\"@type\":\"BreadcrumbList\",\"@id\":\"https:\/\/www.m-q.ch\/leistung-ja-aber-nachhaltig\/#breadcrumb\",\"itemListElement\":[{\"@type\":\"ListItem\",\"position\":1,\"name\":\"Allgemein\",\"item\":\"https:\/\/www.m-q.ch\/kategorie\/allgemein\/\"},{\"@type\":\"ListItem\",\"position\":2,\"name\":\"Leistung ja, aber nachhaltig!\"}]},{\"@type\":\"WebSite\",\"@id\":\"https:\/\/www.m-q.ch\/fr\/#website\",\"url\":\"https:\/\/www.m-q.ch\/fr\/\",\"name\":\"MQ Management und Qualit\u00e4t\",\"description\":\"Plattform f\u00fcr integrierte Managementsysteme.\",\"publisher\":{\"@id\":\"https:\/\/www.m-q.ch\/fr\/#organization\"},\"potentialAction\":[{\"@type\":\"SearchAction\",\"target\":{\"@type\":\"EntryPoint\",\"urlTemplate\":\"https:\/\/www.m-q.ch\/fr\/?s={search_term_string}\"},\"query-input\":{\"@type\":\"PropertyValueSpecification\",\"valueRequired\":true,\"valueName\":\"search_term_string\"}}],\"inLanguage\":\"fr-FR\"},{\"@type\":\"Organization\",\"@id\":\"https:\/\/www.m-q.ch\/fr\/#organization\",\"name\":\"Galledia Fachmedien AG\",\"url\":\"https:\/\/www.m-q.ch\/fr\/\",\"logo\":{\"@type\":\"ImageObject\",\"inLanguage\":\"fr-FR\",\"@id\":\"https:\/\/www.m-q.ch\/fr\/#\/schema\/logo\/image\/\",\"url\":\"https:\/\/www.m-q.ch\/wp-content\/uploads\/2020\/12\/cropped-logo_small.png\",\"contentUrl\":\"https:\/\/www.m-q.ch\/wp-content\/uploads\/2020\/12\/cropped-logo_small.png\",\"width\":512,\"height\":512,\"caption\":\"Galledia Fachmedien AG\"},\"image\":{\"@id\":\"https:\/\/www.m-q.ch\/fr\/#\/schema\/logo\/image\/\"},\"sameAs\":[\"https:\/\/www.facebook.com\/ManagementUndQualitaet\",\"https:\/\/www.linkedin.com\/showcase\/17982321\/admin\/\"]},{\"@type\":\"Person\",\"@id\":\"https:\/\/www.m-q.ch\/fr\/#\/schema\/person\/6044ff1d138701fac0f63fd4c5c93267\",\"name\":\"upwork\",\"image\":{\"@type\":\"ImageObject\",\"inLanguage\":\"fr-FR\",\"@id\":\"https:\/\/www.m-q.ch\/fr\/#\/schema\/person\/image\/\",\"url\":\"https:\/\/secure.gravatar.com\/avatar\/fe2de2b04483edb0f28eb7fd34d15d6c?s=96&d=mm&r=g\",\"contentUrl\":\"https:\/\/secure.gravatar.com\/avatar\/fe2de2b04483edb0f28eb7fd34d15d6c?s=96&d=mm&r=g\",\"caption\":\"upwork\"},\"description\":\"uf3J7(qCI6jN0^0y6%%0ti70\",\"url\":\"https:\/\/www.m-q.ch\/fr\/author\/upwork\/\"}]}<\/script>\n<!-- \/ Yoast SEO plugin. -->","yoast_head_json":{"title":"La performance oui, mais durable ! - Gestion et qualit\u00e9 du QM","description":"Le prochain FOREP (Forum Excellence &amp; Performance), organis\u00e9 par la SAQ sous la direction des sections romandes, aura lieu cette ann\u00e9e encore le 29 octobre 2020 \u00e0 Yverdon-les-Bains. Cette fois, le th\u00e8me est : la performance oui, mais durable.","robots":{"index":"index","follow":"follow","max-snippet":"max-snippet:-1","max-image-preview":"max-image-preview:large","max-video-preview":"max-video-preview:-1"},"canonical":"https:\/\/www.m-q.ch\/fr\/performance-oui-mais-durable\/","og_locale":"fr_FR","og_type":"article","og_title":"Leistung ja, aber nachhaltig! - MQ Management und Qualit\u00e4t","og_description":"Das kommende FOREP (Forum Excellence & Performance), veranstaltet durch die SAQ unter Federf\u00fchrung der Sektionen aus der Romandie, findet dieses Jahr am 29. Oktober 2020 wiederum in Yverdon-les-Bains statt. Das Thema lautet dieses Mal: Leistung ja, aber nachhaltig.","og_url":"https:\/\/www.m-q.ch\/fr\/performance-oui-mais-durable\/","og_site_name":"MQ Management und Qualit\u00e4t","article_publisher":"https:\/\/www.facebook.com\/ManagementUndQualitaet","article_published_time":"2020-09-06T09:58:16+00:00","article_modified_time":"2021-02-11T14:53:19+00:00","og_image":[{"width":316,"height":393,"url":"https:\/\/www.m-q.ch\/wp-content\/uploads\/2021\/02\/02-2.jpg","type":"image\/jpeg"}],"author":"upwork","twitter_card":"summary_large_image","twitter_misc":{"\u00c9crit par":"upwork","Dur\u00e9e de lecture estim\u00e9e":"2 minutes"},"schema":{"@context":"https:\/\/schema.org","@graph":[{"@type":"Article","@id":"https:\/\/www.m-q.ch\/leistung-ja-aber-nachhaltig\/#article","isPartOf":{"@id":"https:\/\/www.m-q.ch\/leistung-ja-aber-nachhaltig\/"},"author":{"name":"upwork","@id":"https:\/\/www.m-q.ch\/fr\/#\/schema\/person\/6044ff1d138701fac0f63fd4c5c93267"},"headline":"Leistung ja, aber nachhaltig!","datePublished":"2020-09-06T09:58:16+00:00","dateModified":"2021-02-11T14:53:19+00:00","mainEntityOfPage":{"@id":"https:\/\/www.m-q.ch\/leistung-ja-aber-nachhaltig\/"},"wordCount":421,"publisher":{"@id":"https:\/\/www.m-q.ch\/fr\/#organization"},"image":{"@id":"https:\/\/www.m-q.ch\/leistung-ja-aber-nachhaltig\/#primaryimage"},"thumbnailUrl":"https:\/\/www.m-q.ch\/wp-content\/uploads\/2021\/02\/02-2.jpg","keywords":["08-09\/2020"],"articleSection":["Allgemein"],"inLanguage":"fr-FR"},{"@type":"WebPage","@id":"https:\/\/www.m-q.ch\/leistung-ja-aber-nachhaltig\/","url":"https:\/\/www.m-q.ch\/leistung-ja-aber-nachhaltig\/","name":"La performance oui, mais durable ! - Gestion et qualit\u00e9 du QM","isPartOf":{"@id":"https:\/\/www.m-q.ch\/fr\/#website"},"primaryImageOfPage":{"@id":"https:\/\/www.m-q.ch\/leistung-ja-aber-nachhaltig\/#primaryimage"},"image":{"@id":"https:\/\/www.m-q.ch\/leistung-ja-aber-nachhaltig\/#primaryimage"},"thumbnailUrl":"https:\/\/www.m-q.ch\/wp-content\/uploads\/2021\/02\/02-2.jpg","datePublished":"2020-09-06T09:58:16+00:00","dateModified":"2021-02-11T14:53:19+00:00","description":"Le prochain FOREP (Forum Excellence &amp; Performance), organis\u00e9 par la SAQ sous la direction des sections romandes, aura lieu cette ann\u00e9e encore le 29 octobre 2020 \u00e0 Yverdon-les-Bains. Cette fois, le th\u00e8me est : la performance oui, mais durable.","breadcrumb":{"@id":"https:\/\/www.m-q.ch\/leistung-ja-aber-nachhaltig\/#breadcrumb"},"inLanguage":"fr-FR","potentialAction":[{"@type":"ReadAction","target":["https:\/\/www.m-q.ch\/leistung-ja-aber-nachhaltig\/"]}]},{"@type":"ImageObject","inLanguage":"fr-FR","@id":"https:\/\/www.m-q.ch\/leistung-ja-aber-nachhaltig\/#primaryimage","url":"https:\/\/www.m-q.ch\/wp-content\/uploads\/2021\/02\/02-2.jpg","contentUrl":"https:\/\/www.m-q.ch\/wp-content\/uploads\/2021\/02\/02-2.jpg","width":316,"height":393},{"@type":"BreadcrumbList","@id":"https:\/\/www.m-q.ch\/leistung-ja-aber-nachhaltig\/#breadcrumb","itemListElement":[{"@type":"ListItem","position":1,"name":"Allgemein","item":"https:\/\/www.m-q.ch\/kategorie\/allgemein\/"},{"@type":"ListItem","position":2,"name":"Leistung ja, aber nachhaltig!"}]},{"@type":"WebSite","@id":"https:\/\/www.m-q.ch\/fr\/#website","url":"https:\/\/www.m-q.ch\/fr\/","name":"Gestion et qualit\u00e9 du QM","description":"Plate-forme pour les syst\u00e8mes de gestion int\u00e9gr\u00e9e.","publisher":{"@id":"https:\/\/www.m-q.ch\/fr\/#organization"},"potentialAction":[{"@type":"SearchAction","target":{"@type":"EntryPoint","urlTemplate":"https:\/\/www.m-q.ch\/fr\/?s={search_term_string}"},"query-input":{"@type":"PropertyValueSpecification","valueRequired":true,"valueName":"search_term_string"}}],"inLanguage":"fr-FR"},{"@type":"Organization","@id":"https:\/\/www.m-q.ch\/fr\/#organization","name":"Galledia Trade Media AG","url":"https:\/\/www.m-q.ch\/fr\/","logo":{"@type":"ImageObject","inLanguage":"fr-FR","@id":"https:\/\/www.m-q.ch\/fr\/#\/schema\/logo\/image\/","url":"https:\/\/www.m-q.ch\/wp-content\/uploads\/2020\/12\/cropped-logo_small.png","contentUrl":"https:\/\/www.m-q.ch\/wp-content\/uploads\/2020\/12\/cropped-logo_small.png","width":512,"height":512,"caption":"Galledia Fachmedien AG"},"image":{"@id":"https:\/\/www.m-q.ch\/fr\/#\/schema\/logo\/image\/"},"sameAs":["https:\/\/www.facebook.com\/ManagementUndQualitaet","https:\/\/www.linkedin.com\/showcase\/17982321\/admin\/"]},{"@type":"Person","@id":"https:\/\/www.m-q.ch\/fr\/#\/schema\/person\/6044ff1d138701fac0f63fd4c5c93267","name":"upwork","image":{"@type":"ImageObject","inLanguage":"fr-FR","@id":"https:\/\/www.m-q.ch\/fr\/#\/schema\/person\/image\/","url":"https:\/\/secure.gravatar.com\/avatar\/fe2de2b04483edb0f28eb7fd34d15d6c?s=96&d=mm&r=g","contentUrl":"https:\/\/secure.gravatar.com\/avatar\/fe2de2b04483edb0f28eb7fd34d15d6c?s=96&d=mm&r=g","caption":"upwork"},"description":"uf3J7(qCI6jN0^0y6%%0ti70","url":"https:\/\/www.m-q.ch\/fr\/author\/upwork\/"}]}},"_links":{"self":[{"href":"https:\/\/www.m-q.ch\/fr\/wp-json\/wp\/v2\/posts\/10185","targetHints":{"allow":["GET"]}}],"collection":[{"href":"https:\/\/www.m-q.ch\/fr\/wp-json\/wp\/v2\/posts"}],"about":[{"href":"https:\/\/www.m-q.ch\/fr\/wp-json\/wp\/v2\/types\/post"}],"author":[{"embeddable":true,"href":"https:\/\/www.m-q.ch\/fr\/wp-json\/wp\/v2\/users\/60"}],"replies":[{"embeddable":true,"href":"https:\/\/www.m-q.ch\/fr\/wp-json\/wp\/v2\/comments?post=10185"}],"version-history":[{"count":1,"href":"https:\/\/www.m-q.ch\/fr\/wp-json\/wp\/v2\/posts\/10185\/revisions"}],"predecessor-version":[{"id":10188,"href":"https:\/\/www.m-q.ch\/fr\/wp-json\/wp\/v2\/posts\/10185\/revisions\/10188"}],"wp:featuredmedia":[{"embeddable":true,"href":"https:\/\/www.m-q.ch\/fr\/wp-json\/wp\/v2\/media\/10186"}],"wp:attachment":[{"href":"https:\/\/www.m-q.ch\/fr\/wp-json\/wp\/v2\/media?parent=10185"}],"wp:term":[{"taxonomy":"category","embeddable":true,"href":"https:\/\/www.m-q.ch\/fr\/wp-json\/wp\/v2\/categories?post=10185"},{"taxonomy":"post_tag","embeddable":true,"href":"https:\/\/www.m-q.ch\/fr\/wp-json\/wp\/v2\/tags?post=10185"}],"curies":[{"name":"wp","href":"https:\/\/api.w.org\/{rel}","templated":true}]}}