{"id":10234,"date":"2020-08-27T13:20:10","date_gmt":"2020-08-27T11:20:10","guid":{"rendered":"https:\/\/www.m-q.ch\/?p=10234"},"modified":"2021-02-11T15:55:26","modified_gmt":"2021-02-11T14:55:26","slug":"le-processus-qualite-a-lhopital-de-muri","status":"publish","type":"post","link":"https:\/\/www.m-q.ch\/fr\/der-qualitaetsprozess-im-spital-muri\/","title":{"rendered":"Le processus de qualit\u00e9 \u00e0 l'h\u00f4pital de Muri"},"content":{"rendered":"<p><img loading=\"lazy\" decoding=\"async\" class=\"alignnone  wp-image-10236\" src=\"https:\/\/www.m-q.ch\/wp-content\/uploads\/2021\/02\/08-2.jpg\" alt=\"\" width=\"815\" height=\"1108\" srcset=\"https:\/\/www.m-q.ch\/wp-content\/uploads\/2021\/02\/08-2.jpg 320w, https:\/\/www.m-q.ch\/wp-content\/uploads\/2021\/02\/08-2-9x12.jpg 9w, https:\/\/www.m-q.ch\/wp-content\/uploads\/2021\/02\/08-2-129x175.jpg 129w, https:\/\/www.m-q.ch\/wp-content\/uploads\/2021\/02\/08-2-257x350.jpg 257w, https:\/\/www.m-q.ch\/wp-content\/uploads\/2021\/02\/08-2-300x408.jpg 300w\" sizes=\"auto, (max-width: 815px) 100vw, 815px\" \/><\/p>\n<p>Madame Heiermeier, comment maintenez-vous une qualit\u00e9 permanente en p\u00e9riode de pand\u00e9mie de COVID ? Nous pratiquons, pratiquons, pratiquons ! Nous formons tous les employ\u00e9s ; nous avons des proc\u00e9dures standardis\u00e9es, pas seulement pour les p\u00e9riodes extr\u00eames.<\/p>\n<p>C'est surtout dans nos nouveaux domaines, comme la salle de clarification COVID-19, et ensuite aussi de mani\u00e8re isol\u00e9e, que nous observons et visualisons les processus individuels. Dans les domaines o\u00f9 les employ\u00e9s travaillent sous forte pression, il est important de d\u00e9velopper de bons processus et de les mettre en pratique encore et encore afin qu'ils deviennent une seconde nature - cela apporte de la s\u00e9curit\u00e9 et conduit \u00e0 moins d'erreurs, m\u00eame dans des situations stressantes.<\/p>\n<p><strong><em> Les mesures d'hygi\u00e8ne dans la sph\u00e8re publique ainsi que dans les cliniques suscitent la controverse. Quels sont les probl\u00e8mes d'hygi\u00e8ne sur lesquels vous vous concentrez ? <\/em><\/strong><\/p>\n<p>En r\u00e8gle g\u00e9n\u00e9rale, le fait de garder une distance, une hygi\u00e8ne des mains constante, de ne pas se toucher le visage et de porter un masque, si la distance ne peut \u00eatre respect\u00e9e, suffit pour les mesures de soins. Avec les mesures COVID-19, nous sommes bien s\u00fbr plus prudents.<\/p>\n<p><em> De quelle mani\u00e8re ?<\/em><\/p>\n<p>Dans le cadre des op\u00e9rations quotidiennes, nous s\u00e9parons les patients suspect\u00e9s d'\u00eatre atteints de COVID-19 de ceux qui ne pr\u00e9sentent pas de sympt\u00f4mes de la maladie en g\u00e9rant un service d'urgence s\u00e9par\u00e9 ainsi qu'un service COVID pendant la phase aigu\u00eb de la maladie. Si le patient est atteint de COVID, il est isol\u00e9 et le personnel porte des v\u00eatements de protection (y compris des masques, des gants, etc.) lorsqu'il entre dans la chambre pour un simple contact avec des patients malades. Ces v\u00eatements (jetables) sont ensuite \u00e9limin\u00e9s.<\/p>\n<p><em><strong> Quelle est l'importance des directives officielles pour l'entretien des dispositifs m\u00e9dicaux - surtout s'ils ne sont pas utilis\u00e9s quotidiennement ? <\/strong><\/em><\/p>\n<p>Chaque dispositif m\u00e9dical est entretenu \u00e0 intervalles r\u00e9guliers, quelle que soit la fr\u00e9quence de son utilisation. Selon l'ordonnance sur les dispositifs m\u00e9dicaux, il ne peut \u00eatre utilis\u00e9 sans un entretien r\u00e9gulier. Cela est totalement ind\u00e9pendant du fait qu'une \u00e9pid\u00e9mie ou autre chose circule actuellement.<\/p>\n<p><em><strong>On dit que beaucoup de mat\u00e9riel m\u00e9dical a \u00e9t\u00e9 command\u00e9 \u00e0 cause de la crise de Corona mais n'a pas \u00e9t\u00e9 utilis\u00e9. Quelle est la situation \u00e0 Muri ? <\/strong><\/em><\/p>\n<p>Nous avons partiellement re\u00e7u du mat\u00e9riel de pr\u00eat du canton d'Argovie afin de pouvoir faire face \u00e0 un volume \u00e9lev\u00e9 de patients. Les consommables n\u00e9cessaires au fonctionnement n'\u00e9taient que partiellement disponibles. Des masques, des d\u00e9sinfectants, etc. ont \u00e9galement \u00e9t\u00e9 obtenus en partie aupr\u00e8s du canton. Le danger d'une deuxi\u00e8me vague de Corona n'ayant pas \u00e9t\u00e9 \u00e9cart\u00e9, ces marchandises pourraient encore \u00eatre n\u00e9cessaires en plus grandes quantit\u00e9s dans un avenir proche.<\/p>\n<p><em><strong> Les infections nosocomiales sont \u00e9galement un sujet r\u00e9current. Les infections dites nosocomiales sont \u00e9galement un probl\u00e8me dans les pays industrialis\u00e9s. Certes, les personnes imprudentes peuvent transmettre des virus, mais qu'en est-il des agents pathog\u00e8nes pr\u00e9sents sur le mat\u00e9riel hospitalier ? <\/strong><\/em><\/p>\n<p>Chaque service dispose d'un plan de d\u00e9sinfection et d'hygi\u00e8ne pour chaque surface et chaque appareil (NDLR : voir graphique), dans lequel il est pr\u00e9cis\u00e9 \u00e0 quelle fr\u00e9quence une surface doit \u00eatre nettoy\u00e9e avec quel agent. Nous disposons de produits de nettoyage de surface sp\u00e9ciaux \u00e0 cet effet. La mise en \u0153uvre est contr\u00f4l\u00e9e par la personne responsable de l'hygi\u00e8ne.<\/p>\n<p><em><strong>Y a-t-il d'autres risques dont il est question dans la situation actuelle ?<\/strong><\/em><\/p>\n<p>Bien s\u00fbr. Pour les domaines critiques IPS, OPS en tout cas, mais aussi dans le service de secours etc. Les instructions de travail d\u00e9taill\u00e9es correspondantes sont aujourd'hui la norme dans les h\u00f4pitaux et sont \u00e9galement r\u00e9guli\u00e8rement v\u00e9rifi\u00e9es par nos soins dans le cadre d'audits. Si n\u00e9cessaire, des mesures sont alors prises ou des processus optimis\u00e9s.<\/p>\n<p><em><strong> Quels sont les points focaux actuels de la gestion de la qualit\u00e9 \u00e0 l'h\u00f4pital Muri ?<\/strong><\/em><\/p>\n<p>Nous traitons les commentaires de nos patients ou de leurs proches. Les incidents \u00e9vit\u00e9s de justesse, appel\u00e9s rapports CIRS, continuent d'\u00eatre analys\u00e9s, des processus et des solutions continuent d'\u00eatre d\u00e9velopp\u00e9s et les documents n\u00e9cessaires tels que les instructions de travail sont mis \u00e0 disposition. Enfin, des contr\u00f4les de formation et de mise en \u0153uvre sont \u00e9galement effectu\u00e9s \u00e0 tous les niveaux.<\/p>\n<p><em><strong>Mot-cl\u00e9 \"Sensibilisation\" en p\u00e9riode extr\u00eame - un sujet dans la formation interne ? <\/strong><\/em><\/p>\n<p>Nous sommes actuellement en train de r\u00e9viser et de mettre \u00e0 disposition les documents appropri\u00e9s de mani\u00e8re structur\u00e9e pour une \u00e9ventuelle deuxi\u00e8me vague COVID 19.<\/p>\n<p><em><strong>Les d\u00e9fis pour vos employ\u00e9s ont-ils chang\u00e9 depuis l'\u00e9pid\u00e9mie de COVID-19 ? <\/strong><\/em><\/p>\n<p>Pendant la p\u00e9riode Corona, les proches n'\u00e9taient pas autoris\u00e9s \u00e0 se rendre \u00e0 l'h\u00f4pital et au service des urgences, de sorte que l'enregistrement des probl\u00e8mes de sant\u00e9 des patients devait \u00eatre organis\u00e9 diff\u00e9remment et avec plus d'efforts. Les patients ont parfois montr\u00e9 un manque de compr\u00e9hension des diff\u00e9rentes r\u00e9glementations cantonales sur les interdictions de visite. Et enfin, chaque membre du personnel \u00e9tait naturellement pr\u00e9occup\u00e9 par le nombre de patients r\u00e9ellement gravement malades et devant \u00eatre trait\u00e9s.<\/p>\n<p><em><strong>Recevez-vous d'autres commentaires sur les enqu\u00eates men\u00e9es aupr\u00e8s des patients cette ann\u00e9e ? <\/strong><\/em><\/p>\n<p>Oui, bien s\u00fbr. Il n'est pas non plus n\u00e9cessairement facile d'expliquer de mani\u00e8re plausible aux parents ou aux partenaires de patients gravement malades ou d\u00e9ments qu'ils ne sont pas autoris\u00e9s \u00e0 leur rendre visite dans des cas exceptionnels. De nombreux patients \u00e2g\u00e9s \u00e9taient tristes et d\u00e9\u00e7us pendant le confinement - semblable \u00e0 celui des maisons de retraite - que leurs proches ne soient pas autoris\u00e9s \u00e0 leur rendre visite.<\/p>\n<p>Cependant, nous avons \u00e9galement re\u00e7u beaucoup d'\u00e9loges et d'encouragements de toutes parts.<\/p>\n<p><em><strong> Votre \u00e9valuation \u00e0 la fin de l'entretien : les h\u00f4pitaux sont-ils plus propres aujourd'hui qu'ils ne l'\u00e9taient auparavant ?<\/strong><\/em><\/p>\n<p>En fait, c'est le cas. Les d\u00e9sinfectants actuels sont plus efficaces et sont plus doux sur les surfaces \u00e0 long terme. La fr\u00e9quence de nettoyage aujourd'hui n'est pas n\u00e9cessairement plus \u00e9lev\u00e9e que par le pass\u00e9, mais nous disposons de moyens plus modernes pour nettoyer les chambres, les \u00e9quipements et les sols.<\/p>","protected":false},"excerpt":{"rendered":"<p>Frau Heiermeier, wie h\u00e4lt man permanente Qualit\u00e4t in Zeiten der COVID-Pandemie ein? Wir \u00fcben, \u00fcben, \u00fcben! Wir schulen alle Mitarbeitenden; nicht nur f\u00fcr Extremzeiten haben wir Abl\u00e4ufe durchstandardisiert. Speziell in unseren neuen Bereichen wie in der COVID-19-Abkl\u00e4rungsstation und dann auch in der Isolation beobachten und visualisieren wir einzelne Prozesse. In Bereichen, in denen die Mitarbeitenden [&hellip;]<\/p>\n","protected":false},"author":60,"featured_media":10236,"comment_status":"closed","ping_status":"closed","sticky":false,"template":"","format":"standard","meta":{"_acf_changed":false,"footnotes":""},"categories":[4448],"tags":[4764],"class_list":["post-10234","post","type-post","status-publish","format-standard","has-post-thumbnail","hentry","category-allgemein","tag-08-09-2020"],"acf":[],"yoast_head":"<!-- This site is optimized with the Yoast SEO plugin v26.2 - https:\/\/yoast.com\/wordpress\/plugins\/seo\/ -->\n<title>Der Qualit\u00e4tsprozess im Spital Muri - MQ Management und Qualit\u00e4t<\/title>\n<meta name=\"description\" content=\"Das Spital Muri, eher ein kleines Spital und doch hochspezialisiert, erf\u00e4hrt nicht nur in Zeiten von Corona, was es heisst, Extremsituationen und Aktivit\u00e4ten im Namen der Qualit\u00e4t und Patientensicherheit zu exerzieren und breit abzust\u00fctzen.Die Fortschritte, die mittels eines stringenten Hygieneplans erzielt werden, m\u00fcnden in die Gesundheit aller. Andrea Heiermeier, Leitung Qualit\u00e4ts- und Prozessmanagement, erkl\u00e4rt, was das Kreisspital Muri (AG) sicherer macht.\" \/>\n<meta name=\"robots\" content=\"index, follow, max-snippet:-1, max-image-preview:large, max-video-preview:-1\" \/>\n<link rel=\"canonical\" href=\"https:\/\/www.m-q.ch\/fr\/le-processus-qualite-a-lhopital-de-muri\/\" \/>\n<meta property=\"og:locale\" content=\"fr_FR\" \/>\n<meta property=\"og:type\" content=\"article\" \/>\n<meta property=\"og:title\" content=\"Der Qualit\u00e4tsprozess im Spital Muri - MQ Management und Qualit\u00e4t\" \/>\n<meta property=\"og:description\" content=\"Das Spital Muri, eher ein kleines Spital und doch hochspezialisiert, erf\u00e4hrt nicht nur in Zeiten von Corona, was es heisst, Extremsituationen und Aktivit\u00e4ten im Namen der Qualit\u00e4t und Patientensicherheit zu exerzieren und breit abzust\u00fctzen.Die Fortschritte, die mittels eines stringenten Hygieneplans erzielt werden, m\u00fcnden in die Gesundheit aller. Andrea Heiermeier, Leitung Qualit\u00e4ts- und Prozessmanagement, erkl\u00e4rt, was das Kreisspital Muri (AG) sicherer macht.\" \/>\n<meta property=\"og:url\" content=\"https:\/\/www.m-q.ch\/fr\/le-processus-qualite-a-lhopital-de-muri\/\" \/>\n<meta property=\"og:site_name\" content=\"MQ Management und Qualit\u00e4t\" \/>\n<meta property=\"article:publisher\" content=\"https:\/\/www.facebook.com\/ManagementUndQualitaet\" \/>\n<meta property=\"article:published_time\" content=\"2020-08-27T11:20:10+00:00\" \/>\n<meta property=\"article:modified_time\" content=\"2021-02-11T14:55:26+00:00\" \/>\n<meta property=\"og:image\" content=\"https:\/\/www.m-q.ch\/wp-content\/uploads\/2021\/02\/08-2.jpg\" \/>\n\t<meta property=\"og:image:width\" content=\"320\" \/>\n\t<meta property=\"og:image:height\" content=\"435\" \/>\n\t<meta property=\"og:image:type\" content=\"image\/jpeg\" \/>\n<meta name=\"author\" content=\"upwork\" \/>\n<meta name=\"twitter:card\" content=\"summary_large_image\" \/>\n<meta name=\"twitter:label1\" content=\"\u00c9crit par\" \/>\n\t<meta name=\"twitter:data1\" content=\"upwork\" \/>\n\t<meta name=\"twitter:label2\" content=\"Dur\u00e9e de lecture estim\u00e9e\" \/>\n\t<meta name=\"twitter:data2\" content=\"4 minutes\" \/>\n<script type=\"application\/ld+json\" class=\"yoast-schema-graph\">{\"@context\":\"https:\/\/schema.org\",\"@graph\":[{\"@type\":\"Article\",\"@id\":\"https:\/\/www.m-q.ch\/der-qualitaetsprozess-im-spital-muri\/#article\",\"isPartOf\":{\"@id\":\"https:\/\/www.m-q.ch\/der-qualitaetsprozess-im-spital-muri\/\"},\"author\":{\"name\":\"upwork\",\"@id\":\"https:\/\/www.m-q.ch\/fr\/#\/schema\/person\/6044ff1d138701fac0f63fd4c5c93267\"},\"headline\":\"Der Qualit\u00e4tsprozess im Spital Muri\",\"datePublished\":\"2020-08-27T11:20:10+00:00\",\"dateModified\":\"2021-02-11T14:55:26+00:00\",\"mainEntityOfPage\":{\"@id\":\"https:\/\/www.m-q.ch\/der-qualitaetsprozess-im-spital-muri\/\"},\"wordCount\":812,\"publisher\":{\"@id\":\"https:\/\/www.m-q.ch\/fr\/#organization\"},\"image\":{\"@id\":\"https:\/\/www.m-q.ch\/der-qualitaetsprozess-im-spital-muri\/#primaryimage\"},\"thumbnailUrl\":\"https:\/\/www.m-q.ch\/wp-content\/uploads\/2021\/02\/08-2.jpg\",\"keywords\":[\"08-09\/2020\"],\"articleSection\":[\"Allgemein\"],\"inLanguage\":\"fr-FR\"},{\"@type\":\"WebPage\",\"@id\":\"https:\/\/www.m-q.ch\/der-qualitaetsprozess-im-spital-muri\/\",\"url\":\"https:\/\/www.m-q.ch\/der-qualitaetsprozess-im-spital-muri\/\",\"name\":\"Der Qualit\u00e4tsprozess im Spital Muri - MQ Management und Qualit\u00e4t\",\"isPartOf\":{\"@id\":\"https:\/\/www.m-q.ch\/fr\/#website\"},\"primaryImageOfPage\":{\"@id\":\"https:\/\/www.m-q.ch\/der-qualitaetsprozess-im-spital-muri\/#primaryimage\"},\"image\":{\"@id\":\"https:\/\/www.m-q.ch\/der-qualitaetsprozess-im-spital-muri\/#primaryimage\"},\"thumbnailUrl\":\"https:\/\/www.m-q.ch\/wp-content\/uploads\/2021\/02\/08-2.jpg\",\"datePublished\":\"2020-08-27T11:20:10+00:00\",\"dateModified\":\"2021-02-11T14:55:26+00:00\",\"description\":\"Das Spital Muri, eher ein kleines Spital und doch hochspezialisiert, erf\u00e4hrt nicht nur in Zeiten von Corona, was es heisst, Extremsituationen und Aktivit\u00e4ten im Namen der Qualit\u00e4t und Patientensicherheit zu exerzieren und breit abzust\u00fctzen.Die Fortschritte, die mittels eines stringenten Hygieneplans erzielt werden, m\u00fcnden in die Gesundheit aller. Andrea Heiermeier, Leitung Qualit\u00e4ts- und Prozessmanagement, erkl\u00e4rt, was das Kreisspital Muri (AG) sicherer macht.\",\"breadcrumb\":{\"@id\":\"https:\/\/www.m-q.ch\/der-qualitaetsprozess-im-spital-muri\/#breadcrumb\"},\"inLanguage\":\"fr-FR\",\"potentialAction\":[{\"@type\":\"ReadAction\",\"target\":[\"https:\/\/www.m-q.ch\/der-qualitaetsprozess-im-spital-muri\/\"]}]},{\"@type\":\"ImageObject\",\"inLanguage\":\"fr-FR\",\"@id\":\"https:\/\/www.m-q.ch\/der-qualitaetsprozess-im-spital-muri\/#primaryimage\",\"url\":\"https:\/\/www.m-q.ch\/wp-content\/uploads\/2021\/02\/08-2.jpg\",\"contentUrl\":\"https:\/\/www.m-q.ch\/wp-content\/uploads\/2021\/02\/08-2.jpg\",\"width\":320,\"height\":435},{\"@type\":\"BreadcrumbList\",\"@id\":\"https:\/\/www.m-q.ch\/der-qualitaetsprozess-im-spital-muri\/#breadcrumb\",\"itemListElement\":[{\"@type\":\"ListItem\",\"position\":1,\"name\":\"Allgemein\",\"item\":\"https:\/\/www.m-q.ch\/kategorie\/allgemein\/\"},{\"@type\":\"ListItem\",\"position\":2,\"name\":\"Der Qualit\u00e4tsprozess im Spital Muri\"}]},{\"@type\":\"WebSite\",\"@id\":\"https:\/\/www.m-q.ch\/fr\/#website\",\"url\":\"https:\/\/www.m-q.ch\/fr\/\",\"name\":\"MQ Management und Qualit\u00e4t\",\"description\":\"Plattform f\u00fcr integrierte Managementsysteme.\",\"publisher\":{\"@id\":\"https:\/\/www.m-q.ch\/fr\/#organization\"},\"potentialAction\":[{\"@type\":\"SearchAction\",\"target\":{\"@type\":\"EntryPoint\",\"urlTemplate\":\"https:\/\/www.m-q.ch\/fr\/?s={search_term_string}\"},\"query-input\":{\"@type\":\"PropertyValueSpecification\",\"valueRequired\":true,\"valueName\":\"search_term_string\"}}],\"inLanguage\":\"fr-FR\"},{\"@type\":\"Organization\",\"@id\":\"https:\/\/www.m-q.ch\/fr\/#organization\",\"name\":\"Galledia Fachmedien AG\",\"url\":\"https:\/\/www.m-q.ch\/fr\/\",\"logo\":{\"@type\":\"ImageObject\",\"inLanguage\":\"fr-FR\",\"@id\":\"https:\/\/www.m-q.ch\/fr\/#\/schema\/logo\/image\/\",\"url\":\"https:\/\/www.m-q.ch\/wp-content\/uploads\/2020\/12\/cropped-logo_small.png\",\"contentUrl\":\"https:\/\/www.m-q.ch\/wp-content\/uploads\/2020\/12\/cropped-logo_small.png\",\"width\":512,\"height\":512,\"caption\":\"Galledia Fachmedien AG\"},\"image\":{\"@id\":\"https:\/\/www.m-q.ch\/fr\/#\/schema\/logo\/image\/\"},\"sameAs\":[\"https:\/\/www.facebook.com\/ManagementUndQualitaet\",\"https:\/\/www.linkedin.com\/showcase\/17982321\/admin\/\"]},{\"@type\":\"Person\",\"@id\":\"https:\/\/www.m-q.ch\/fr\/#\/schema\/person\/6044ff1d138701fac0f63fd4c5c93267\",\"name\":\"upwork\",\"image\":{\"@type\":\"ImageObject\",\"inLanguage\":\"fr-FR\",\"@id\":\"https:\/\/www.m-q.ch\/fr\/#\/schema\/person\/image\/\",\"url\":\"https:\/\/secure.gravatar.com\/avatar\/fe2de2b04483edb0f28eb7fd34d15d6c?s=96&d=mm&r=g\",\"contentUrl\":\"https:\/\/secure.gravatar.com\/avatar\/fe2de2b04483edb0f28eb7fd34d15d6c?s=96&d=mm&r=g\",\"caption\":\"upwork\"},\"description\":\"uf3J7(qCI6jN0^0y6%%0ti70\",\"url\":\"https:\/\/www.m-q.ch\/fr\/author\/upwork\/\"}]}<\/script>\n<!-- \/ Yoast SEO plugin. -->","yoast_head_json":{"title":"Le processus de qualit\u00e9 \u00e0 l'h\u00f4pital de Muri - MQ Management and Quality","description":"L'h\u00f4pital Muri, un h\u00f4pital plut\u00f4t petit et pourtant hautement sp\u00e9cialis\u00e9, ne fait pas seulement l'exp\u00e9rience, en ces temps de Corona, de ce que signifie exercer et soutenir largement des situations et des activit\u00e9s extr\u00eames au nom de la qualit\u00e9 et de la s\u00e9curit\u00e9 des patients : les progr\u00e8s r\u00e9alis\u00e9s gr\u00e2ce \u00e0 un plan d'hygi\u00e8ne rigoureux ont pour r\u00e9sultat la sant\u00e9 de tous. Andrea Heiermeier, responsable de la gestion de la qualit\u00e9 et des processus, explique ce qui rend l'h\u00f4pital du district de Muri (AG) plus s\u00fbr.","robots":{"index":"index","follow":"follow","max-snippet":"max-snippet:-1","max-image-preview":"max-image-preview:large","max-video-preview":"max-video-preview:-1"},"canonical":"https:\/\/www.m-q.ch\/fr\/le-processus-qualite-a-lhopital-de-muri\/","og_locale":"fr_FR","og_type":"article","og_title":"Der Qualit\u00e4tsprozess im Spital Muri - MQ Management und Qualit\u00e4t","og_description":"Das Spital Muri, eher ein kleines Spital und doch hochspezialisiert, erf\u00e4hrt nicht nur in Zeiten von Corona, was es heisst, Extremsituationen und Aktivit\u00e4ten im Namen der Qualit\u00e4t und Patientensicherheit zu exerzieren und breit abzust\u00fctzen.Die Fortschritte, die mittels eines stringenten Hygieneplans erzielt werden, m\u00fcnden in die Gesundheit aller. Andrea Heiermeier, Leitung Qualit\u00e4ts- und Prozessmanagement, erkl\u00e4rt, was das Kreisspital Muri (AG) sicherer macht.","og_url":"https:\/\/www.m-q.ch\/fr\/le-processus-qualite-a-lhopital-de-muri\/","og_site_name":"MQ Management und Qualit\u00e4t","article_publisher":"https:\/\/www.facebook.com\/ManagementUndQualitaet","article_published_time":"2020-08-27T11:20:10+00:00","article_modified_time":"2021-02-11T14:55:26+00:00","og_image":[{"width":320,"height":435,"url":"https:\/\/www.m-q.ch\/wp-content\/uploads\/2021\/02\/08-2.jpg","type":"image\/jpeg"}],"author":"upwork","twitter_card":"summary_large_image","twitter_misc":{"\u00c9crit par":"upwork","Dur\u00e9e de lecture estim\u00e9e":"4 minutes"},"schema":{"@context":"https:\/\/schema.org","@graph":[{"@type":"Article","@id":"https:\/\/www.m-q.ch\/der-qualitaetsprozess-im-spital-muri\/#article","isPartOf":{"@id":"https:\/\/www.m-q.ch\/der-qualitaetsprozess-im-spital-muri\/"},"author":{"name":"upwork","@id":"https:\/\/www.m-q.ch\/fr\/#\/schema\/person\/6044ff1d138701fac0f63fd4c5c93267"},"headline":"Der Qualit\u00e4tsprozess im Spital Muri","datePublished":"2020-08-27T11:20:10+00:00","dateModified":"2021-02-11T14:55:26+00:00","mainEntityOfPage":{"@id":"https:\/\/www.m-q.ch\/der-qualitaetsprozess-im-spital-muri\/"},"wordCount":812,"publisher":{"@id":"https:\/\/www.m-q.ch\/fr\/#organization"},"image":{"@id":"https:\/\/www.m-q.ch\/der-qualitaetsprozess-im-spital-muri\/#primaryimage"},"thumbnailUrl":"https:\/\/www.m-q.ch\/wp-content\/uploads\/2021\/02\/08-2.jpg","keywords":["08-09\/2020"],"articleSection":["Allgemein"],"inLanguage":"fr-FR"},{"@type":"WebPage","@id":"https:\/\/www.m-q.ch\/der-qualitaetsprozess-im-spital-muri\/","url":"https:\/\/www.m-q.ch\/der-qualitaetsprozess-im-spital-muri\/","name":"Le processus de qualit\u00e9 \u00e0 l'h\u00f4pital de Muri - MQ Management and Quality","isPartOf":{"@id":"https:\/\/www.m-q.ch\/fr\/#website"},"primaryImageOfPage":{"@id":"https:\/\/www.m-q.ch\/der-qualitaetsprozess-im-spital-muri\/#primaryimage"},"image":{"@id":"https:\/\/www.m-q.ch\/der-qualitaetsprozess-im-spital-muri\/#primaryimage"},"thumbnailUrl":"https:\/\/www.m-q.ch\/wp-content\/uploads\/2021\/02\/08-2.jpg","datePublished":"2020-08-27T11:20:10+00:00","dateModified":"2021-02-11T14:55:26+00:00","description":"L'h\u00f4pital Muri, un h\u00f4pital plut\u00f4t petit et pourtant hautement sp\u00e9cialis\u00e9, ne fait pas seulement l'exp\u00e9rience, en ces temps de Corona, de ce que signifie exercer et soutenir largement des situations et des activit\u00e9s extr\u00eames au nom de la qualit\u00e9 et de la s\u00e9curit\u00e9 des patients : les progr\u00e8s r\u00e9alis\u00e9s gr\u00e2ce \u00e0 un plan d'hygi\u00e8ne rigoureux ont pour r\u00e9sultat la sant\u00e9 de tous. Andrea Heiermeier, responsable de la gestion de la qualit\u00e9 et des processus, explique ce qui rend l'h\u00f4pital du district de Muri (AG) plus s\u00fbr.","breadcrumb":{"@id":"https:\/\/www.m-q.ch\/der-qualitaetsprozess-im-spital-muri\/#breadcrumb"},"inLanguage":"fr-FR","potentialAction":[{"@type":"ReadAction","target":["https:\/\/www.m-q.ch\/der-qualitaetsprozess-im-spital-muri\/"]}]},{"@type":"ImageObject","inLanguage":"fr-FR","@id":"https:\/\/www.m-q.ch\/der-qualitaetsprozess-im-spital-muri\/#primaryimage","url":"https:\/\/www.m-q.ch\/wp-content\/uploads\/2021\/02\/08-2.jpg","contentUrl":"https:\/\/www.m-q.ch\/wp-content\/uploads\/2021\/02\/08-2.jpg","width":320,"height":435},{"@type":"BreadcrumbList","@id":"https:\/\/www.m-q.ch\/der-qualitaetsprozess-im-spital-muri\/#breadcrumb","itemListElement":[{"@type":"ListItem","position":1,"name":"Allgemein","item":"https:\/\/www.m-q.ch\/kategorie\/allgemein\/"},{"@type":"ListItem","position":2,"name":"Der Qualit\u00e4tsprozess im Spital Muri"}]},{"@type":"WebSite","@id":"https:\/\/www.m-q.ch\/fr\/#website","url":"https:\/\/www.m-q.ch\/fr\/","name":"Gestion et qualit\u00e9 du QM","description":"Plate-forme pour les syst\u00e8mes de gestion int\u00e9gr\u00e9e.","publisher":{"@id":"https:\/\/www.m-q.ch\/fr\/#organization"},"potentialAction":[{"@type":"SearchAction","target":{"@type":"EntryPoint","urlTemplate":"https:\/\/www.m-q.ch\/fr\/?s={search_term_string}"},"query-input":{"@type":"PropertyValueSpecification","valueRequired":true,"valueName":"search_term_string"}}],"inLanguage":"fr-FR"},{"@type":"Organization","@id":"https:\/\/www.m-q.ch\/fr\/#organization","name":"Galledia Trade Media AG","url":"https:\/\/www.m-q.ch\/fr\/","logo":{"@type":"ImageObject","inLanguage":"fr-FR","@id":"https:\/\/www.m-q.ch\/fr\/#\/schema\/logo\/image\/","url":"https:\/\/www.m-q.ch\/wp-content\/uploads\/2020\/12\/cropped-logo_small.png","contentUrl":"https:\/\/www.m-q.ch\/wp-content\/uploads\/2020\/12\/cropped-logo_small.png","width":512,"height":512,"caption":"Galledia Fachmedien AG"},"image":{"@id":"https:\/\/www.m-q.ch\/fr\/#\/schema\/logo\/image\/"},"sameAs":["https:\/\/www.facebook.com\/ManagementUndQualitaet","https:\/\/www.linkedin.com\/showcase\/17982321\/admin\/"]},{"@type":"Person","@id":"https:\/\/www.m-q.ch\/fr\/#\/schema\/person\/6044ff1d138701fac0f63fd4c5c93267","name":"upwork","image":{"@type":"ImageObject","inLanguage":"fr-FR","@id":"https:\/\/www.m-q.ch\/fr\/#\/schema\/person\/image\/","url":"https:\/\/secure.gravatar.com\/avatar\/fe2de2b04483edb0f28eb7fd34d15d6c?s=96&d=mm&r=g","contentUrl":"https:\/\/secure.gravatar.com\/avatar\/fe2de2b04483edb0f28eb7fd34d15d6c?s=96&d=mm&r=g","caption":"upwork"},"description":"uf3J7(qCI6jN0^0y6%%0ti70","url":"https:\/\/www.m-q.ch\/fr\/author\/upwork\/"}]}},"_links":{"self":[{"href":"https:\/\/www.m-q.ch\/fr\/wp-json\/wp\/v2\/posts\/10234","targetHints":{"allow":["GET"]}}],"collection":[{"href":"https:\/\/www.m-q.ch\/fr\/wp-json\/wp\/v2\/posts"}],"about":[{"href":"https:\/\/www.m-q.ch\/fr\/wp-json\/wp\/v2\/types\/post"}],"author":[{"embeddable":true,"href":"https:\/\/www.m-q.ch\/fr\/wp-json\/wp\/v2\/users\/60"}],"replies":[{"embeddable":true,"href":"https:\/\/www.m-q.ch\/fr\/wp-json\/wp\/v2\/comments?post=10234"}],"version-history":[{"count":1,"href":"https:\/\/www.m-q.ch\/fr\/wp-json\/wp\/v2\/posts\/10234\/revisions"}],"predecessor-version":[{"id":10237,"href":"https:\/\/www.m-q.ch\/fr\/wp-json\/wp\/v2\/posts\/10234\/revisions\/10237"}],"wp:featuredmedia":[{"embeddable":true,"href":"https:\/\/www.m-q.ch\/fr\/wp-json\/wp\/v2\/media\/10236"}],"wp:attachment":[{"href":"https:\/\/www.m-q.ch\/fr\/wp-json\/wp\/v2\/media?parent=10234"}],"wp:term":[{"taxonomy":"category","embeddable":true,"href":"https:\/\/www.m-q.ch\/fr\/wp-json\/wp\/v2\/categories?post=10234"},{"taxonomy":"post_tag","embeddable":true,"href":"https:\/\/www.m-q.ch\/fr\/wp-json\/wp\/v2\/tags?post=10234"}],"curies":[{"name":"wp","href":"https:\/\/api.w.org\/{rel}","templated":true}]}}