{"id":10241,"date":"2020-08-22T13:31:19","date_gmt":"2020-08-22T11:31:19","guid":{"rendered":"https:\/\/www.m-q.ch\/?p=10241"},"modified":"2021-02-11T15:55:15","modified_gmt":"2021-02-11T14:55:15","slug":"premieres-normes-de-nettoyage-et-de-desinfection-des-chambres-disolement-covid-19","status":"publish","type":"post","link":"https:\/\/www.m-q.ch\/fr\/erste-standards-zur-reinigung-und-desinfektion-von-covid-19-isolationszimmern\/","title":{"rendered":"Premi\u00e8res normes pour le nettoyage et la d\u00e9sinfection des chambres d'isolement COVID- 19"},"content":{"rendered":"<p><img loading=\"lazy\" decoding=\"async\" class=\"alignnone  wp-image-10242\" src=\"https:\/\/www.m-q.ch\/wp-content\/uploads\/2021\/02\/09-1.jpg\" alt=\"\" width=\"841\" height=\"554\" srcset=\"https:\/\/www.m-q.ch\/wp-content\/uploads\/2021\/02\/09-1.jpg 346w, https:\/\/www.m-q.ch\/wp-content\/uploads\/2021\/02\/09-1-16x12.jpg 16w, https:\/\/www.m-q.ch\/wp-content\/uploads\/2021\/02\/09-1-266x175.jpg 266w, https:\/\/www.m-q.ch\/wp-content\/uploads\/2021\/02\/09-1-300x198.jpg 300w\" sizes=\"auto, (max-width: 841px) 100vw, 841px\" \/><\/p>\n<p>Le nettoyage et la d\u00e9sinfection des chambres d'isolement COVID-19 imposent des exigences particuli\u00e8res aux nettoyeurs et aux responsables des maisons et des h\u00f4pitaux. Jusqu'\u00e0 pr\u00e9sent, il n'existait pas en Suisse de norme contraignante pour le nettoyage et la d\u00e9sinfection des chambres d'isolement, en particulier pour le COVID-19. C'est pourquoi les experts de la ZHAW et les professionnels du secteur de la sant\u00e9 et de l'industrie du nettoyage se sont spontan\u00e9ment organis\u00e9s en r\u00e9seau \"Norme de nettoyage des chambres d'isolement avec le COVID-19\" et ont \u00e9labor\u00e9 de telles normes.<\/p>\n<p>Les films d'apprentissage qui en r\u00e9sultent servent \u00e0 guider et \u00e0 instruire le personnel de nettoyage et le personnel temporaire et vont de l'enfilage et du retrait des \u00e9quipements de protection individuelle aux proc\u00e9dures de nettoyage et de d\u00e9sinfection des chambres des patients. \"Nous avons pris l'initiative de la standardisation des processus et des mesures de protection ainsi que des vid\u00e9os d'apprentissage \u00e0 court terme parce que nous avons \u00e9t\u00e9 approch\u00e9s par un h\u00f4pital\", explique Irina Pericin H\u00e4fliger de l'Institut de gestion des installations de la ZHAW.<\/p>\n<p><strong>Norme d\u00e9finie ensemble <\/strong><\/p>\n<p>La norme d\u00e9velopp\u00e9e est destin\u00e9e non seulement \u00e0 fournir un soutien technique aux responsables de l'hygi\u00e8ne et du nettoyage pendant la pand\u00e9mie de Corona, mais aussi \u00e0 \u00eatre utilis\u00e9e pour former le personnel temporaire dans les h\u00f4pitaux et les foyers en cas de p\u00e9nurie de personnel. C'est pourquoi les recommandations ont \u00e9t\u00e9 \u00e9labor\u00e9es conjointement par les experts du r\u00e9seau en vue de prot\u00e9ger le personnel et la praticabilit\u00e9 op\u00e9rationnelle. Par exemple, il a fallu d\u00e9finir les d\u00e9tails des proc\u00e9dures : Quel est l'\u00e9quipement de protection individuelle requis pour le personnel de nettoyage ? Quand et o\u00f9 les d\u00e9chets sont-ils \u00e9limin\u00e9s ?<\/p>\n<p><strong>Comment fonctionne le verrouillage et le lock-out ?<\/strong><\/p>\n<p>Pour les mesures de protection de la sant\u00e9 propos\u00e9es aux travailleurs de la sant\u00e9, l'\u00e9quipe a pris en compte les recommandations de l'association professionnelle Swissnoso, constamment mises \u00e0 jour, et les a adapt\u00e9es au personnel de nettoyage. \"Gr\u00e2ce aux normes de nettoyage illustr\u00e9es dans des vid\u00e9os d'apprentissage, les responsables du nettoyage re\u00e7oivent une aide \u00e0 l'orientation et, pour la premi\u00e8re fois, du mat\u00e9riel de formation concr\u00e8tement applicable pour la protection de la sant\u00e9 pendant la pand\u00e9mie COVID 19 et au-del\u00e0\", explique la responsable du projet et experte en nettoyage de la ZHAW, Irina Pericin H\u00e4fliger.<\/p>\n<p><strong> Vid\u00e9os d'apprentissage pour le nettoyage et la d\u00e9sinfection<\/strong><\/p>\n<p>Sur la base des normes d\u00e9velopp\u00e9es, le r\u00e9seau a produit une s\u00e9rie de films de formation, par exemple sur le verrouillage et le verrouillage des chambres d'isolement ou sur le flux de travail pour l'entretien et le nettoyage de sortie des chambres des patients. Les films servent de guide pour le personnel de nettoyage et montrent les \u00e9tapes correctes pour le nettoyage et la d\u00e9sinfection des salles COVID- 19. Ce qui a \u00e9t\u00e9 appris peut \u00e9galement \u00eatre \u00e9valu\u00e9 au moyen d'un test en ligne.<\/p>\n<p>\"Avec les vid\u00e9os de formation, nous nous concentrons en particulier sur le personnel de nettoyage qui, en raison de son environnement de travail, appartient \u00e0 un groupe professionnel pr\u00e9sentant un risque accru d'infection\", souligne Thomas Leiblein, sp\u00e9cialiste principal de la pr\u00e9vention des infections chez Hirslanden AG.<\/p>\n<p>Les voix off des vid\u00e9os de formation sont disponibles en allemand, en italien et en fran\u00e7ais, mais sont \u00e9galement compr\u00e9hensibles pour d'autres groupes linguistiques. \"Nos recommandations resteront importantes au-del\u00e0 de la p\u00e9riode de la pand\u00e9mie de Corona et serviront de base \u00e0 de nouveaux efforts de normalisation\", d\u00e9clare Pericin H\u00e4fliger.<\/p>","protected":false},"excerpt":{"rendered":"<p>Die Reinigung und Desinfektion von Covid- 19-Isolationszimmern stellt besondere Anforderungen an Reinigungskr\u00e4fte und Verantwortliche in Heimen und Spit\u00e4lern. Bislang fehlte dazu in der Schweiz ein verbindlicher Standard f\u00fcr die Reinigung und Desinfektion von Isolationszimmern, insbesondere auch bei COVID-19. Deshalb haben sich ZHAW-Expertinnen und -Experten sowie Fachleute aus dem Gesundheitswesen und der Reinigungsbranche spontan im Netzwerk [&hellip;]<\/p>\n","protected":false},"author":60,"featured_media":10242,"comment_status":"closed","ping_status":"closed","sticky":false,"template":"","format":"standard","meta":{"_acf_changed":false,"footnotes":""},"categories":[4448],"tags":[4764],"class_list":["post-10241","post","type-post","status-publish","format-standard","has-post-thumbnail","hentry","category-allgemein","tag-08-09-2020"],"acf":[],"yoast_head":"<!-- This site is optimized with the Yoast SEO plugin v26.2 - https:\/\/yoast.com\/wordpress\/plugins\/seo\/ -->\n<title>Erste Standards zur Reinigung und Desinfektion von COVID- 19-Isolationszimmern - MQ Management und Qualit\u00e4t<\/title>\n<meta name=\"description\" content=\"Bislang fehlte in der Schweiz ein verbindlicher Standard f\u00fcr die Reinigung und Desinfektion von COVID-19-Isolationszimmern. Nun hat die ZHAW gemeinsam mit einem Netzwerk aus Fachleuten solche standardisierten Prozesse sowie Massnahmen entwickelt und in Lernfilmen f\u00fcr Reinigungs- und Aushilfskr\u00e4fte festgehalten.\" \/>\n<meta name=\"robots\" content=\"index, follow, max-snippet:-1, max-image-preview:large, max-video-preview:-1\" \/>\n<link rel=\"canonical\" href=\"https:\/\/www.m-q.ch\/fr\/premieres-normes-de-nettoyage-et-de-desinfection-des-chambres-disolement-covid-19\/\" \/>\n<meta property=\"og:locale\" content=\"fr_FR\" \/>\n<meta property=\"og:type\" content=\"article\" \/>\n<meta property=\"og:title\" content=\"Erste Standards zur Reinigung und Desinfektion von COVID- 19-Isolationszimmern - MQ Management und Qualit\u00e4t\" \/>\n<meta property=\"og:description\" content=\"Bislang fehlte in der Schweiz ein verbindlicher Standard f\u00fcr die Reinigung und Desinfektion von COVID-19-Isolationszimmern. Nun hat die ZHAW gemeinsam mit einem Netzwerk aus Fachleuten solche standardisierten Prozesse sowie Massnahmen entwickelt und in Lernfilmen f\u00fcr Reinigungs- und Aushilfskr\u00e4fte festgehalten.\" \/>\n<meta property=\"og:url\" content=\"https:\/\/www.m-q.ch\/fr\/premieres-normes-de-nettoyage-et-de-desinfection-des-chambres-disolement-covid-19\/\" \/>\n<meta property=\"og:site_name\" content=\"MQ Management und Qualit\u00e4t\" \/>\n<meta property=\"article:publisher\" content=\"https:\/\/www.facebook.com\/ManagementUndQualitaet\" \/>\n<meta property=\"article:published_time\" content=\"2020-08-22T11:31:19+00:00\" \/>\n<meta property=\"article:modified_time\" content=\"2021-02-11T14:55:15+00:00\" \/>\n<meta property=\"og:image\" content=\"https:\/\/www.m-q.ch\/wp-content\/uploads\/2021\/02\/09-1.jpg\" \/>\n\t<meta property=\"og:image:width\" content=\"346\" \/>\n\t<meta property=\"og:image:height\" content=\"228\" \/>\n\t<meta property=\"og:image:type\" content=\"image\/jpeg\" \/>\n<meta name=\"author\" content=\"upwork\" \/>\n<meta name=\"twitter:card\" content=\"summary_large_image\" \/>\n<meta name=\"twitter:label1\" content=\"\u00c9crit par\" \/>\n\t<meta name=\"twitter:data1\" content=\"upwork\" \/>\n\t<meta name=\"twitter:label2\" content=\"Dur\u00e9e de lecture estim\u00e9e\" \/>\n\t<meta name=\"twitter:data2\" content=\"2 minutes\" \/>\n<script type=\"application\/ld+json\" class=\"yoast-schema-graph\">{\"@context\":\"https:\/\/schema.org\",\"@graph\":[{\"@type\":\"Article\",\"@id\":\"https:\/\/www.m-q.ch\/erste-standards-zur-reinigung-und-desinfektion-von-covid-19-isolationszimmern\/#article\",\"isPartOf\":{\"@id\":\"https:\/\/www.m-q.ch\/erste-standards-zur-reinigung-und-desinfektion-von-covid-19-isolationszimmern\/\"},\"author\":{\"name\":\"upwork\",\"@id\":\"https:\/\/www.m-q.ch\/fr\/#\/schema\/person\/6044ff1d138701fac0f63fd4c5c93267\"},\"headline\":\"Erste Standards zur Reinigung und Desinfektion von COVID- 19-Isolationszimmern\",\"datePublished\":\"2020-08-22T11:31:19+00:00\",\"dateModified\":\"2021-02-11T14:55:15+00:00\",\"mainEntityOfPage\":{\"@id\":\"https:\/\/www.m-q.ch\/erste-standards-zur-reinigung-und-desinfektion-von-covid-19-isolationszimmern\/\"},\"wordCount\":455,\"publisher\":{\"@id\":\"https:\/\/www.m-q.ch\/fr\/#organization\"},\"image\":{\"@id\":\"https:\/\/www.m-q.ch\/erste-standards-zur-reinigung-und-desinfektion-von-covid-19-isolationszimmern\/#primaryimage\"},\"thumbnailUrl\":\"https:\/\/www.m-q.ch\/wp-content\/uploads\/2021\/02\/09-1.jpg\",\"keywords\":[\"08-09\/2020\"],\"articleSection\":[\"Allgemein\"],\"inLanguage\":\"fr-FR\"},{\"@type\":\"WebPage\",\"@id\":\"https:\/\/www.m-q.ch\/erste-standards-zur-reinigung-und-desinfektion-von-covid-19-isolationszimmern\/\",\"url\":\"https:\/\/www.m-q.ch\/erste-standards-zur-reinigung-und-desinfektion-von-covid-19-isolationszimmern\/\",\"name\":\"Erste Standards zur Reinigung und Desinfektion von COVID- 19-Isolationszimmern - MQ Management und Qualit\u00e4t\",\"isPartOf\":{\"@id\":\"https:\/\/www.m-q.ch\/fr\/#website\"},\"primaryImageOfPage\":{\"@id\":\"https:\/\/www.m-q.ch\/erste-standards-zur-reinigung-und-desinfektion-von-covid-19-isolationszimmern\/#primaryimage\"},\"image\":{\"@id\":\"https:\/\/www.m-q.ch\/erste-standards-zur-reinigung-und-desinfektion-von-covid-19-isolationszimmern\/#primaryimage\"},\"thumbnailUrl\":\"https:\/\/www.m-q.ch\/wp-content\/uploads\/2021\/02\/09-1.jpg\",\"datePublished\":\"2020-08-22T11:31:19+00:00\",\"dateModified\":\"2021-02-11T14:55:15+00:00\",\"description\":\"Bislang fehlte in der Schweiz ein verbindlicher Standard f\u00fcr die Reinigung und Desinfektion von COVID-19-Isolationszimmern. Nun hat die ZHAW gemeinsam mit einem Netzwerk aus Fachleuten solche standardisierten Prozesse sowie Massnahmen entwickelt und in Lernfilmen f\u00fcr Reinigungs- und Aushilfskr\u00e4fte festgehalten.\",\"breadcrumb\":{\"@id\":\"https:\/\/www.m-q.ch\/erste-standards-zur-reinigung-und-desinfektion-von-covid-19-isolationszimmern\/#breadcrumb\"},\"inLanguage\":\"fr-FR\",\"potentialAction\":[{\"@type\":\"ReadAction\",\"target\":[\"https:\/\/www.m-q.ch\/erste-standards-zur-reinigung-und-desinfektion-von-covid-19-isolationszimmern\/\"]}]},{\"@type\":\"ImageObject\",\"inLanguage\":\"fr-FR\",\"@id\":\"https:\/\/www.m-q.ch\/erste-standards-zur-reinigung-und-desinfektion-von-covid-19-isolationszimmern\/#primaryimage\",\"url\":\"https:\/\/www.m-q.ch\/wp-content\/uploads\/2021\/02\/09-1.jpg\",\"contentUrl\":\"https:\/\/www.m-q.ch\/wp-content\/uploads\/2021\/02\/09-1.jpg\",\"width\":346,\"height\":228},{\"@type\":\"BreadcrumbList\",\"@id\":\"https:\/\/www.m-q.ch\/erste-standards-zur-reinigung-und-desinfektion-von-covid-19-isolationszimmern\/#breadcrumb\",\"itemListElement\":[{\"@type\":\"ListItem\",\"position\":1,\"name\":\"Allgemein\",\"item\":\"https:\/\/www.m-q.ch\/kategorie\/allgemein\/\"},{\"@type\":\"ListItem\",\"position\":2,\"name\":\"Erste Standards zur Reinigung und Desinfektion von COVID- 19-Isolationszimmern\"}]},{\"@type\":\"WebSite\",\"@id\":\"https:\/\/www.m-q.ch\/fr\/#website\",\"url\":\"https:\/\/www.m-q.ch\/fr\/\",\"name\":\"MQ Management und Qualit\u00e4t\",\"description\":\"Plattform f\u00fcr integrierte Managementsysteme.\",\"publisher\":{\"@id\":\"https:\/\/www.m-q.ch\/fr\/#organization\"},\"potentialAction\":[{\"@type\":\"SearchAction\",\"target\":{\"@type\":\"EntryPoint\",\"urlTemplate\":\"https:\/\/www.m-q.ch\/fr\/?s={search_term_string}\"},\"query-input\":{\"@type\":\"PropertyValueSpecification\",\"valueRequired\":true,\"valueName\":\"search_term_string\"}}],\"inLanguage\":\"fr-FR\"},{\"@type\":\"Organization\",\"@id\":\"https:\/\/www.m-q.ch\/fr\/#organization\",\"name\":\"Galledia Fachmedien AG\",\"url\":\"https:\/\/www.m-q.ch\/fr\/\",\"logo\":{\"@type\":\"ImageObject\",\"inLanguage\":\"fr-FR\",\"@id\":\"https:\/\/www.m-q.ch\/fr\/#\/schema\/logo\/image\/\",\"url\":\"https:\/\/www.m-q.ch\/wp-content\/uploads\/2020\/12\/cropped-logo_small.png\",\"contentUrl\":\"https:\/\/www.m-q.ch\/wp-content\/uploads\/2020\/12\/cropped-logo_small.png\",\"width\":512,\"height\":512,\"caption\":\"Galledia Fachmedien AG\"},\"image\":{\"@id\":\"https:\/\/www.m-q.ch\/fr\/#\/schema\/logo\/image\/\"},\"sameAs\":[\"https:\/\/www.facebook.com\/ManagementUndQualitaet\",\"https:\/\/www.linkedin.com\/showcase\/17982321\/admin\/\"]},{\"@type\":\"Person\",\"@id\":\"https:\/\/www.m-q.ch\/fr\/#\/schema\/person\/6044ff1d138701fac0f63fd4c5c93267\",\"name\":\"upwork\",\"image\":{\"@type\":\"ImageObject\",\"inLanguage\":\"fr-FR\",\"@id\":\"https:\/\/www.m-q.ch\/fr\/#\/schema\/person\/image\/\",\"url\":\"https:\/\/secure.gravatar.com\/avatar\/fe2de2b04483edb0f28eb7fd34d15d6c?s=96&d=mm&r=g\",\"contentUrl\":\"https:\/\/secure.gravatar.com\/avatar\/fe2de2b04483edb0f28eb7fd34d15d6c?s=96&d=mm&r=g\",\"caption\":\"upwork\"},\"description\":\"uf3J7(qCI6jN0^0y6%%0ti70\",\"url\":\"https:\/\/www.m-q.ch\/fr\/author\/upwork\/\"}]}<\/script>\n<!-- \/ Yoast SEO plugin. -->","yoast_head_json":{"title":"Premi\u00e8res normes pour le nettoyage et la d\u00e9sinfection des chambres d'isolement COVID- 19 - MQ Management and Quality","description":"Jusqu'\u00e0 pr\u00e9sent, la Suisse ne disposait pas de norme contraignante pour le nettoyage et la d\u00e9sinfection des chambres d'isolement COVID-19. La ZHAW, en collaboration avec un r\u00e9seau d'experts, a d\u00e9velopp\u00e9 de tels processus standardis\u00e9s ainsi que des mesures et les a enregistr\u00e9s dans des films d'apprentissage pour le personnel de nettoyage et le personnel temporaire.","robots":{"index":"index","follow":"follow","max-snippet":"max-snippet:-1","max-image-preview":"max-image-preview:large","max-video-preview":"max-video-preview:-1"},"canonical":"https:\/\/www.m-q.ch\/fr\/premieres-normes-de-nettoyage-et-de-desinfection-des-chambres-disolement-covid-19\/","og_locale":"fr_FR","og_type":"article","og_title":"Erste Standards zur Reinigung und Desinfektion von COVID- 19-Isolationszimmern - MQ Management und Qualit\u00e4t","og_description":"Bislang fehlte in der Schweiz ein verbindlicher Standard f\u00fcr die Reinigung und Desinfektion von COVID-19-Isolationszimmern. Nun hat die ZHAW gemeinsam mit einem Netzwerk aus Fachleuten solche standardisierten Prozesse sowie Massnahmen entwickelt und in Lernfilmen f\u00fcr Reinigungs- und Aushilfskr\u00e4fte festgehalten.","og_url":"https:\/\/www.m-q.ch\/fr\/premieres-normes-de-nettoyage-et-de-desinfection-des-chambres-disolement-covid-19\/","og_site_name":"MQ Management und Qualit\u00e4t","article_publisher":"https:\/\/www.facebook.com\/ManagementUndQualitaet","article_published_time":"2020-08-22T11:31:19+00:00","article_modified_time":"2021-02-11T14:55:15+00:00","og_image":[{"width":346,"height":228,"url":"https:\/\/www.m-q.ch\/wp-content\/uploads\/2021\/02\/09-1.jpg","type":"image\/jpeg"}],"author":"upwork","twitter_card":"summary_large_image","twitter_misc":{"\u00c9crit par":"upwork","Dur\u00e9e de lecture estim\u00e9e":"2 minutes"},"schema":{"@context":"https:\/\/schema.org","@graph":[{"@type":"Article","@id":"https:\/\/www.m-q.ch\/erste-standards-zur-reinigung-und-desinfektion-von-covid-19-isolationszimmern\/#article","isPartOf":{"@id":"https:\/\/www.m-q.ch\/erste-standards-zur-reinigung-und-desinfektion-von-covid-19-isolationszimmern\/"},"author":{"name":"upwork","@id":"https:\/\/www.m-q.ch\/fr\/#\/schema\/person\/6044ff1d138701fac0f63fd4c5c93267"},"headline":"Erste Standards zur Reinigung und Desinfektion von COVID- 19-Isolationszimmern","datePublished":"2020-08-22T11:31:19+00:00","dateModified":"2021-02-11T14:55:15+00:00","mainEntityOfPage":{"@id":"https:\/\/www.m-q.ch\/erste-standards-zur-reinigung-und-desinfektion-von-covid-19-isolationszimmern\/"},"wordCount":455,"publisher":{"@id":"https:\/\/www.m-q.ch\/fr\/#organization"},"image":{"@id":"https:\/\/www.m-q.ch\/erste-standards-zur-reinigung-und-desinfektion-von-covid-19-isolationszimmern\/#primaryimage"},"thumbnailUrl":"https:\/\/www.m-q.ch\/wp-content\/uploads\/2021\/02\/09-1.jpg","keywords":["08-09\/2020"],"articleSection":["Allgemein"],"inLanguage":"fr-FR"},{"@type":"WebPage","@id":"https:\/\/www.m-q.ch\/erste-standards-zur-reinigung-und-desinfektion-von-covid-19-isolationszimmern\/","url":"https:\/\/www.m-q.ch\/erste-standards-zur-reinigung-und-desinfektion-von-covid-19-isolationszimmern\/","name":"Premi\u00e8res normes pour le nettoyage et la d\u00e9sinfection des chambres d'isolement COVID- 19 - MQ Management and Quality","isPartOf":{"@id":"https:\/\/www.m-q.ch\/fr\/#website"},"primaryImageOfPage":{"@id":"https:\/\/www.m-q.ch\/erste-standards-zur-reinigung-und-desinfektion-von-covid-19-isolationszimmern\/#primaryimage"},"image":{"@id":"https:\/\/www.m-q.ch\/erste-standards-zur-reinigung-und-desinfektion-von-covid-19-isolationszimmern\/#primaryimage"},"thumbnailUrl":"https:\/\/www.m-q.ch\/wp-content\/uploads\/2021\/02\/09-1.jpg","datePublished":"2020-08-22T11:31:19+00:00","dateModified":"2021-02-11T14:55:15+00:00","description":"Jusqu'\u00e0 pr\u00e9sent, la Suisse ne disposait pas de norme contraignante pour le nettoyage et la d\u00e9sinfection des chambres d'isolement COVID-19. La ZHAW, en collaboration avec un r\u00e9seau d'experts, a d\u00e9velopp\u00e9 de tels processus standardis\u00e9s ainsi que des mesures et les a enregistr\u00e9s dans des films d'apprentissage pour le personnel de nettoyage et le personnel temporaire.","breadcrumb":{"@id":"https:\/\/www.m-q.ch\/erste-standards-zur-reinigung-und-desinfektion-von-covid-19-isolationszimmern\/#breadcrumb"},"inLanguage":"fr-FR","potentialAction":[{"@type":"ReadAction","target":["https:\/\/www.m-q.ch\/erste-standards-zur-reinigung-und-desinfektion-von-covid-19-isolationszimmern\/"]}]},{"@type":"ImageObject","inLanguage":"fr-FR","@id":"https:\/\/www.m-q.ch\/erste-standards-zur-reinigung-und-desinfektion-von-covid-19-isolationszimmern\/#primaryimage","url":"https:\/\/www.m-q.ch\/wp-content\/uploads\/2021\/02\/09-1.jpg","contentUrl":"https:\/\/www.m-q.ch\/wp-content\/uploads\/2021\/02\/09-1.jpg","width":346,"height":228},{"@type":"BreadcrumbList","@id":"https:\/\/www.m-q.ch\/erste-standards-zur-reinigung-und-desinfektion-von-covid-19-isolationszimmern\/#breadcrumb","itemListElement":[{"@type":"ListItem","position":1,"name":"Allgemein","item":"https:\/\/www.m-q.ch\/kategorie\/allgemein\/"},{"@type":"ListItem","position":2,"name":"Erste Standards zur Reinigung und Desinfektion von COVID- 19-Isolationszimmern"}]},{"@type":"WebSite","@id":"https:\/\/www.m-q.ch\/fr\/#website","url":"https:\/\/www.m-q.ch\/fr\/","name":"Gestion et qualit\u00e9 du QM","description":"Plate-forme pour les syst\u00e8mes de gestion int\u00e9gr\u00e9e.","publisher":{"@id":"https:\/\/www.m-q.ch\/fr\/#organization"},"potentialAction":[{"@type":"SearchAction","target":{"@type":"EntryPoint","urlTemplate":"https:\/\/www.m-q.ch\/fr\/?s={search_term_string}"},"query-input":{"@type":"PropertyValueSpecification","valueRequired":true,"valueName":"search_term_string"}}],"inLanguage":"fr-FR"},{"@type":"Organization","@id":"https:\/\/www.m-q.ch\/fr\/#organization","name":"Galledia Trade Media AG","url":"https:\/\/www.m-q.ch\/fr\/","logo":{"@type":"ImageObject","inLanguage":"fr-FR","@id":"https:\/\/www.m-q.ch\/fr\/#\/schema\/logo\/image\/","url":"https:\/\/www.m-q.ch\/wp-content\/uploads\/2020\/12\/cropped-logo_small.png","contentUrl":"https:\/\/www.m-q.ch\/wp-content\/uploads\/2020\/12\/cropped-logo_small.png","width":512,"height":512,"caption":"Galledia Fachmedien AG"},"image":{"@id":"https:\/\/www.m-q.ch\/fr\/#\/schema\/logo\/image\/"},"sameAs":["https:\/\/www.facebook.com\/ManagementUndQualitaet","https:\/\/www.linkedin.com\/showcase\/17982321\/admin\/"]},{"@type":"Person","@id":"https:\/\/www.m-q.ch\/fr\/#\/schema\/person\/6044ff1d138701fac0f63fd4c5c93267","name":"upwork","image":{"@type":"ImageObject","inLanguage":"fr-FR","@id":"https:\/\/www.m-q.ch\/fr\/#\/schema\/person\/image\/","url":"https:\/\/secure.gravatar.com\/avatar\/fe2de2b04483edb0f28eb7fd34d15d6c?s=96&d=mm&r=g","contentUrl":"https:\/\/secure.gravatar.com\/avatar\/fe2de2b04483edb0f28eb7fd34d15d6c?s=96&d=mm&r=g","caption":"upwork"},"description":"uf3J7(qCI6jN0^0y6%%0ti70","url":"https:\/\/www.m-q.ch\/fr\/author\/upwork\/"}]}},"_links":{"self":[{"href":"https:\/\/www.m-q.ch\/fr\/wp-json\/wp\/v2\/posts\/10241","targetHints":{"allow":["GET"]}}],"collection":[{"href":"https:\/\/www.m-q.ch\/fr\/wp-json\/wp\/v2\/posts"}],"about":[{"href":"https:\/\/www.m-q.ch\/fr\/wp-json\/wp\/v2\/types\/post"}],"author":[{"embeddable":true,"href":"https:\/\/www.m-q.ch\/fr\/wp-json\/wp\/v2\/users\/60"}],"replies":[{"embeddable":true,"href":"https:\/\/www.m-q.ch\/fr\/wp-json\/wp\/v2\/comments?post=10241"}],"version-history":[{"count":2,"href":"https:\/\/www.m-q.ch\/fr\/wp-json\/wp\/v2\/posts\/10241\/revisions"}],"predecessor-version":[{"id":10247,"href":"https:\/\/www.m-q.ch\/fr\/wp-json\/wp\/v2\/posts\/10241\/revisions\/10247"}],"wp:featuredmedia":[{"embeddable":true,"href":"https:\/\/www.m-q.ch\/fr\/wp-json\/wp\/v2\/media\/10242"}],"wp:attachment":[{"href":"https:\/\/www.m-q.ch\/fr\/wp-json\/wp\/v2\/media?parent=10241"}],"wp:term":[{"taxonomy":"category","embeddable":true,"href":"https:\/\/www.m-q.ch\/fr\/wp-json\/wp\/v2\/categories?post=10241"},{"taxonomy":"post_tag","embeddable":true,"href":"https:\/\/www.m-q.ch\/fr\/wp-json\/wp\/v2\/tags?post=10241"}],"curies":[{"name":"wp","href":"https:\/\/api.w.org\/{rel}","templated":true}]}}