{"id":10337,"date":"2020-07-07T07:17:54","date_gmt":"2020-07-07T05:17:54","guid":{"rendered":"https:\/\/www.m-q.ch\/?p=10337"},"modified":"2021-02-10T07:18:21","modified_gmt":"2021-02-10T06:18:21","slug":"lavenir-de-la-gestion-des-ressources-humaines-apres-le-lockdown","status":"publish","type":"post","link":"https:\/\/www.m-q.ch\/fr\/wie-es-mit-der-mitarbeiterfuehrung-nach-dem-lockdown-weitergeht\/","title":{"rendered":"Quelle est la prochaine \u00e9tape pour la direction des employ\u00e9s apr\u00e8s le verrouillage des march\u00e9s ?"},"content":{"rendered":"<p><img loading=\"lazy\" decoding=\"async\" class=\"alignnone wp-image-10338\" src=\"https:\/\/www.m-q.ch\/wp-content\/uploads\/2021\/02\/04-3.jpg\" alt=\"\" width=\"811\" height=\"484\" srcset=\"https:\/\/www.m-q.ch\/wp-content\/uploads\/2021\/02\/04-3.jpg 717w, https:\/\/www.m-q.ch\/wp-content\/uploads\/2021\/02\/04-3-16x10.jpg 16w, https:\/\/www.m-q.ch\/wp-content\/uploads\/2021\/02\/04-3-293x175.jpg 293w, https:\/\/www.m-q.ch\/wp-content\/uploads\/2021\/02\/04-3-586x350.jpg 586w, https:\/\/www.m-q.ch\/wp-content\/uploads\/2021\/02\/04-3-300x179.jpg 300w\" sizes=\"auto, (max-width: 811px) 100vw, 811px\" \/><\/p>\n<p>Les univers de vie des employ\u00e9s des entreprises sont diff\u00e9rents, tout comme leurs exp\u00e9riences et leurs syst\u00e8mes de valeurs d\u00e9termin\u00e9s par leur biographie. C'est pourquoi ils r\u00e9agissent \u00e9motionnellement diff\u00e9remment aux m\u00eames \u00e9v\u00e9nements. Ceci est particuli\u00e8rement \u00e9vident dans des situations exceptionnelles telles que la crise de Corona. Si certaines personnes ont craint la fin de leur vie ces derni\u00e8res semaines, en partie \u00e0 cause des images des cliniques italiennes, d'autres ont profit\u00e9 du confinement et du beau temps pour r\u00e9fl\u00e9chir : Cette catastrophe aussi passera.<\/p>\n<p>Dans les semaines qui ont suivi le verrouillage, les responsables des ressources humaines et les cadres n'ont g\u00e9n\u00e9ralement \u00e9t\u00e9 confront\u00e9s qu'indirectement \u00e0 ces \u00e9motions extr\u00eames, car leurs employ\u00e9s travaillaient souvent en horaires r\u00e9duits ou dans des bureaux \u00e0 domicile. Mais aujourd'hui, ils sont de plus en plus nombreux \u00e0 retourner sur leur lieu de travail dans l'entreprise.<\/p>\n<p><strong>Conseil 1 : soyez conscient de la diversit\u00e9 des vies et des exp\u00e9riences des rapatri\u00e9s. <\/strong><\/p>\n<p>\u00c0 ce sujet, certains \"revenants\" se r\u00e9jouissent, d'autres \u00e9prouvent des sentiments mitig\u00e9s, voire de la crainte - par exemple,<\/p>\n<ul>\n<li>parce qu'ils ont peur d'une infection sur le lieu de travail ou<\/li>\n<li>parce qu'\u00e0 la maison se trouvent leurs enfants, dont les \u00e9coles sont toujours ferm\u00e9es, ou<\/li>\n<li>parce qu'ils se demandent : quelle est la prochaine \u00e9tape pour l'entreprise ? Quels sont les changements auxquels je vais devoir faire face ? Peut-\u00eatre m\u00eame le ch\u00f4mage ?<\/li>\n<\/ul>\n<p>Soyez conscient des diff\u00e9rences dans la vie et les exp\u00e9riences de vos employ\u00e9s, car ce n'est qu'ainsi que vous pourrez r\u00e9agir de mani\u00e8re appropri\u00e9e.<\/p>\n<p><strong>Conseil n\u00b0 2 : pr\u00e9parez-vous \u00e0 ce que des tensions et des \u00e9motions fortes apparaissent parfois.<\/strong><\/p>\n<p>Il n'est pas rare que des perceptions et des sentiments diff\u00e9rents entra\u00eenent des tensions au sein du personnel. Par exemple, les responsables des ressources humaines signalent que les employ\u00e9s de leur entreprise d\u00e9battent de mani\u00e8re assez controvers\u00e9e de la question de savoir dans quelle mesure le travail \u00e0 domicile doit rester possible dans la p\u00e9riode post-Corona. Ou que les employ\u00e9s de la production sont ennuy\u00e9s de devoir d\u00e9j\u00e0 \"se montrer\" alors que les employ\u00e9s du bureau sont encore dans le bureau \u00e0 domicile.<\/p>\n<p>Les managers et les d\u00e9partements RH doivent \u00eatre pr\u00e9par\u00e9s \u00e0 de tels d\u00e9bats ; ils doivent \u00e9galement \u00eatre pr\u00e9par\u00e9s au fait que les employ\u00e9s r\u00e9agissent de mani\u00e8re plus sensible sur le plan \u00e9motionnel que pendant la p\u00e9riode pr\u00e9c\u00e9dant le verrouillage.<\/p>\n<p><strong> Conseil n\u00b0 3 : anticipez le fait que les employ\u00e9s ne parleront pas ouvertement de leurs sentiments, mais qu'ils se livreront \u00e0 des \"batailles fictives\". <\/strong><\/p>\n<p>Les employ\u00e9s savent g\u00e9n\u00e9ralement par exp\u00e9rience que lorsqu'une personne montre ses \u00e9motions dans une entreprise, cela est souvent interpr\u00e9t\u00e9 comme une faiblesse par ses interlocuteurs. Par cons\u00e9quent, ils s'efforcent de montrer peu d'implication \u00e9motionnelle sur le lieu de travail. Ils cachent leurs sentiments derri\u00e8re des arguments apparemment rationnels.<\/p>\n<p>C'est pourquoi les entreprises discutent souvent sans fin de sujets insignifiants. Et si les gens n'atteignent pas leurs objectifs de cette mani\u00e8re, ils essaient souvent d'y parvenir par des moyens d\u00e9tourn\u00e9s - par exemple, en interpr\u00e9tant d\u00e9lib\u00e9r\u00e9ment mal les r\u00e9solutions et en oubliant des t\u00e2ches. Attendez-vous \u00e0 un tel comportement \u00e9vasif.<\/p>\n<p><strong> Conseil n\u00b0 4 : cherchez \u00e0 parler \u00e0 vos employ\u00e9s et montrez-leur que vous prenez leurs pr\u00e9occupations au s\u00e9rieux.<\/strong><\/p>\n<p>Le risque que les employ\u00e9s adoptent un comportement \u00e9vasif est d'autant plus grand qu'ils se sentent incertains de leur situation. Par cons\u00e9quent, recherchez activement la conversation avec les employ\u00e9s. Dans la mesure du possible, parlez-leur ouvertement de la situation dans laquelle se trouve l'entreprise et de ce que cela signifie pour eux - par exemple, en disant : \"Notre entreprise a actuellement des probl\u00e8mes A et B et fait face \u00e0 des d\u00e9fis C et D.\". Pour nous, cela signifie que ....\"<\/p>\n<p>Reconnaissez \u00e9galement que vous n'\u00eates qu'un \u00eatre humain en chair et en os, par exemple en disant aux employ\u00e9s : \"Je suis aussi sous pression en ce moment. Par cons\u00e9quent, s'il vous pla\u00eet, ne mettez pas chaque mot et chaque r\u00e9action grossi\u00e8re de ma part sur l'\u00e9chelle d'or.<\/p>\n<p>En outre, expliquez-leur encore et encore que m\u00eame les principaux d\u00e9cideurs de votre entreprise ne savent que tr\u00e8s peu de choses sur l'avenir et qu'ils conduisent pour ainsi dire \u00e0 vue. Vous devriez le faire surtout lorsque les plans sont une fois de plus jet\u00e9s par-dessus bord. Sinon, cela alimentera les craintes et le ressentiment des employ\u00e9s.<\/p>\n<p><strong> Conseil n\u00b0 5 : r\u00e9alisez que c'est aussi votre travail d'apporter un soutien \u00e9motionnel \u00e0 vos employ\u00e9s. <\/strong><\/p>\n<p>Dans certains secteurs, les principaux d\u00e9cideurs s'attendent \u00e0 ce que les revenus de leur entreprise diminuent de 20, voire de 30 % \u00e0 long terme. C'est pourquoi leurs r\u00e9unions portent \u00e9galement sur des sujets tels que :<\/p>\n<ul>\n<li>Devrions-nous fermer certaines unit\u00e9s commerciales ?<\/li>\n<li>Devons-nous licencier des employ\u00e9s ?<\/li>\n<\/ul>\n<p>Cependant, les cadres sup\u00e9rieurs ne le communiquent pas encore publiquement (m\u00eame \u00e0 leurs cadres subordonn\u00e9s) parce qu'ils se trouvent dans la situation suivante : Rendre leurs consid\u00e9rations publiques pr\u00e9matur\u00e9ment pourrait avoir des cons\u00e9quences n\u00e9gatives pour l'entreprise - par exemple, pour ses relations avec la client\u00e8le, son image, ses possibilit\u00e9s de financement, etc.<\/p>\n<p>Ainsi, en tant que manager dans une \"position sandwich\", vous ne pouvez pas compl\u00e8tement exclure de telles d\u00e9cisions. Lors des discussions avec les employ\u00e9s, reconnaissez que vous ne savez pas avec 100 % de certitude ce qui va se passer, mais promettez-leur : \"Je vous informerai de toutes les questions qui vous concernent le plus t\u00f4t possible.<\/p>\n<p>Sachez toutefois que votre fonction de manager consiste \u00e9galement \u00e0 offrir un soutien \u00e0 vos employ\u00e9s peu s\u00fbrs d'eux. C'est pourquoi, dans la mesure du possible, vous devriez toujours faire preuve de confiance dans vos contacts avec les employ\u00e9s : \"Nous y arriverons, si...\". Cela n\u00e9cessitera parfois un peu d'action de votre part. Mais essayez de vous en tenir autant que possible \u00e0 la v\u00e9rit\u00e9 dans vos d\u00e9clarations publiques, \u00e9galement pour ne pas perdre votre cr\u00e9dibilit\u00e9.<\/p>\n<p><strong>Conseil n\u00b0 6 : soyez conscient de votre syst\u00e8me de valeurs et r\u00e9fl\u00e9chissez r\u00e9guli\u00e8rement \u00e0 votre comportement. <\/strong><\/p>\n<p>Il est important, dans les semaines et les mois \u00e0 venir, que les managers - pr\u00e9cis\u00e9ment parce qu'ils sont eux-m\u00eames sous pression - r\u00e9fl\u00e9chissent r\u00e9guli\u00e8rement :<\/p>\n<ul>\n<li>Quel est mon syst\u00e8me de valeurs et qu'est-ce qui caract\u00e9rise ma situation de vie et de travail ? Et :<\/li>\n<li>En quoi diff\u00e8rent-ils de mon homologue ?<\/li>\n<\/ul>\n<p>Sinon, le risque est grand que vous r\u00e9agissiez de mani\u00e8re irrationnelle ou avec des phrases assassines aux comportements ou aux expressions \u00e9motionnelles de votre homologue qui vous irritent, par exemple : \"Maintenant, ne t'\u00e9nerve pas autant\". De telles d\u00e9clarations blessent l'autre personne. Ils d\u00e9truisent en fin de compte ce que les managers attendent de leurs employ\u00e9s :<\/p>\n<ul>\n<li>L'identification avec leur t\u00e2che et l'entreprise, et<\/li>\n<li>la volont\u00e9 de s'engager dans cette voie.<\/li>\n<\/ul>\n<p>Il est \u00e9galement important de r\u00e9fl\u00e9chir \u00e0 votre propre syst\u00e8me de valeurs afin de disposer d'une boussole int\u00e9rieure pour r\u00e9fl\u00e9chir \u00e0 votre comportement et le r\u00e9ajuster si n\u00e9cessaire. Car une chose est s\u00fbre : dans les mois \u00e0 venir, vous serez souvent confront\u00e9 \u00e0 des situations et \u00e0 des d\u00e9fis auxquels vous ne vous attendiez pas. Vous avez donc besoin d'une boussole int\u00e9rieure. Sinon, vous vous balancerez comme un roseau dans le vent, et pas seulement du point de vue de l'employ\u00e9.<\/p>","protected":false},"excerpt":{"rendered":"<p>Die Lebenswelten der Mitarbeiter von Unternehmen sind verschieden, auch ihre biografisch bedingten Erfahrungen und Wertesysteme. Deshalb reagieren sie auch auf dieselben Ereignisse emotional verschieden. Das zeigt sich gerade in Ausnahmesituationen wie der Corona-Krise. W\u00e4hrend die einen in den zur\u00fcckliegenden Wochen unter anderem aufgrund der Bilder aus italienischen Kliniken, \u00fcberspitzt formuliert, ihr baldiges Lebensende bef\u00fcrchteten, genossen [&hellip;]<\/p>\n","protected":false},"author":60,"featured_media":10338,"comment_status":"closed","ping_status":"closed","sticky":false,"template":"","format":"standard","meta":{"_acf_changed":false,"footnotes":""},"categories":[5],"tags":[4739],"class_list":["post-10337","post","type-post","status-publish","format-standard","has-post-thumbnail","hentry","category-business_excellence","tag-07-2020"],"acf":[],"yoast_head":"<!-- This site is optimized with the Yoast SEO plugin v26.2 - https:\/\/yoast.com\/wordpress\/plugins\/seo\/ -->\n<title>Wie es mit der Mitarbeiterf\u00fchrung nach dem Lockdown weitergeht - MQ Management und Qualit\u00e4t<\/title>\n<meta name=\"description\" content=\"Mit der Lockerung des Lockdowns kehren viele Mitarbeiter, die bisher in Kurzarbeit waren oder im Homeoffice arbeiteten, wieder an ihre \u00abnormalen\u00bb Arbeitsst\u00e4tten zur\u00fcck \u2013 oft mit gemischten Gef\u00fchlen. Das macht das F\u00fchren der Mitarbeiter schwierig.\" \/>\n<meta name=\"robots\" content=\"index, follow, max-snippet:-1, max-image-preview:large, max-video-preview:-1\" \/>\n<link rel=\"canonical\" href=\"https:\/\/www.m-q.ch\/fr\/lavenir-de-la-gestion-des-ressources-humaines-apres-le-lockdown\/\" \/>\n<meta property=\"og:locale\" content=\"fr_FR\" \/>\n<meta property=\"og:type\" content=\"article\" \/>\n<meta property=\"og:title\" content=\"Wie es mit der Mitarbeiterf\u00fchrung nach dem Lockdown weitergeht - MQ Management und Qualit\u00e4t\" \/>\n<meta property=\"og:description\" content=\"Mit der Lockerung des Lockdowns kehren viele Mitarbeiter, die bisher in Kurzarbeit waren oder im Homeoffice arbeiteten, wieder an ihre \u00abnormalen\u00bb Arbeitsst\u00e4tten zur\u00fcck \u2013 oft mit gemischten Gef\u00fchlen. Das macht das F\u00fchren der Mitarbeiter schwierig.\" \/>\n<meta property=\"og:url\" content=\"https:\/\/www.m-q.ch\/fr\/lavenir-de-la-gestion-des-ressources-humaines-apres-le-lockdown\/\" \/>\n<meta property=\"og:site_name\" content=\"MQ Management und Qualit\u00e4t\" \/>\n<meta property=\"article:publisher\" content=\"https:\/\/www.facebook.com\/ManagementUndQualitaet\" \/>\n<meta property=\"article:published_time\" content=\"2020-07-07T05:17:54+00:00\" \/>\n<meta property=\"article:modified_time\" content=\"2021-02-10T06:18:21+00:00\" \/>\n<meta property=\"og:image\" content=\"https:\/\/www.m-q.ch\/wp-content\/uploads\/2021\/02\/04-3.jpg\" \/>\n\t<meta property=\"og:image:width\" content=\"717\" \/>\n\t<meta property=\"og:image:height\" content=\"428\" \/>\n\t<meta property=\"og:image:type\" content=\"image\/jpeg\" \/>\n<meta name=\"author\" content=\"upwork\" \/>\n<meta name=\"twitter:card\" content=\"summary_large_image\" \/>\n<meta name=\"twitter:label1\" content=\"\u00c9crit par\" \/>\n\t<meta name=\"twitter:data1\" content=\"upwork\" \/>\n\t<meta name=\"twitter:label2\" content=\"Dur\u00e9e de lecture estim\u00e9e\" \/>\n\t<meta name=\"twitter:data2\" content=\"5 minutes\" \/>\n<script type=\"application\/ld+json\" class=\"yoast-schema-graph\">{\"@context\":\"https:\/\/schema.org\",\"@graph\":[{\"@type\":\"Article\",\"@id\":\"https:\/\/www.m-q.ch\/wie-es-mit-der-mitarbeiterfuehrung-nach-dem-lockdown-weitergeht\/#article\",\"isPartOf\":{\"@id\":\"https:\/\/www.m-q.ch\/wie-es-mit-der-mitarbeiterfuehrung-nach-dem-lockdown-weitergeht\/\"},\"author\":{\"name\":\"upwork\",\"@id\":\"https:\/\/www.m-q.ch\/fr\/#\/schema\/person\/6044ff1d138701fac0f63fd4c5c93267\"},\"headline\":\"Wie es mit der Mitarbeiterf\u00fchrung nach dem Lockdown weitergeht\",\"datePublished\":\"2020-07-07T05:17:54+00:00\",\"dateModified\":\"2021-02-10T06:18:21+00:00\",\"mainEntityOfPage\":{\"@id\":\"https:\/\/www.m-q.ch\/wie-es-mit-der-mitarbeiterfuehrung-nach-dem-lockdown-weitergeht\/\"},\"wordCount\":1055,\"publisher\":{\"@id\":\"https:\/\/www.m-q.ch\/fr\/#organization\"},\"image\":{\"@id\":\"https:\/\/www.m-q.ch\/wie-es-mit-der-mitarbeiterfuehrung-nach-dem-lockdown-weitergeht\/#primaryimage\"},\"thumbnailUrl\":\"https:\/\/www.m-q.ch\/wp-content\/uploads\/2021\/02\/04-3.jpg\",\"keywords\":[\"07\/2020\"],\"articleSection\":[\"Business Excellence\"],\"inLanguage\":\"fr-FR\"},{\"@type\":\"WebPage\",\"@id\":\"https:\/\/www.m-q.ch\/wie-es-mit-der-mitarbeiterfuehrung-nach-dem-lockdown-weitergeht\/\",\"url\":\"https:\/\/www.m-q.ch\/wie-es-mit-der-mitarbeiterfuehrung-nach-dem-lockdown-weitergeht\/\",\"name\":\"Wie es mit der Mitarbeiterf\u00fchrung nach dem Lockdown weitergeht - MQ Management und Qualit\u00e4t\",\"isPartOf\":{\"@id\":\"https:\/\/www.m-q.ch\/fr\/#website\"},\"primaryImageOfPage\":{\"@id\":\"https:\/\/www.m-q.ch\/wie-es-mit-der-mitarbeiterfuehrung-nach-dem-lockdown-weitergeht\/#primaryimage\"},\"image\":{\"@id\":\"https:\/\/www.m-q.ch\/wie-es-mit-der-mitarbeiterfuehrung-nach-dem-lockdown-weitergeht\/#primaryimage\"},\"thumbnailUrl\":\"https:\/\/www.m-q.ch\/wp-content\/uploads\/2021\/02\/04-3.jpg\",\"datePublished\":\"2020-07-07T05:17:54+00:00\",\"dateModified\":\"2021-02-10T06:18:21+00:00\",\"description\":\"Mit der Lockerung des Lockdowns kehren viele Mitarbeiter, die bisher in Kurzarbeit waren oder im Homeoffice arbeiteten, wieder an ihre \u00abnormalen\u00bb Arbeitsst\u00e4tten zur\u00fcck \u2013 oft mit gemischten Gef\u00fchlen. Das macht das F\u00fchren der Mitarbeiter schwierig.\",\"breadcrumb\":{\"@id\":\"https:\/\/www.m-q.ch\/wie-es-mit-der-mitarbeiterfuehrung-nach-dem-lockdown-weitergeht\/#breadcrumb\"},\"inLanguage\":\"fr-FR\",\"potentialAction\":[{\"@type\":\"ReadAction\",\"target\":[\"https:\/\/www.m-q.ch\/wie-es-mit-der-mitarbeiterfuehrung-nach-dem-lockdown-weitergeht\/\"]}]},{\"@type\":\"ImageObject\",\"inLanguage\":\"fr-FR\",\"@id\":\"https:\/\/www.m-q.ch\/wie-es-mit-der-mitarbeiterfuehrung-nach-dem-lockdown-weitergeht\/#primaryimage\",\"url\":\"https:\/\/www.m-q.ch\/wp-content\/uploads\/2021\/02\/04-3.jpg\",\"contentUrl\":\"https:\/\/www.m-q.ch\/wp-content\/uploads\/2021\/02\/04-3.jpg\",\"width\":717,\"height\":428},{\"@type\":\"BreadcrumbList\",\"@id\":\"https:\/\/www.m-q.ch\/wie-es-mit-der-mitarbeiterfuehrung-nach-dem-lockdown-weitergeht\/#breadcrumb\",\"itemListElement\":[{\"@type\":\"ListItem\",\"position\":1,\"name\":\"Business Excellence\",\"item\":\"https:\/\/www.m-q.ch\/kategorie\/business_excellence\/\"},{\"@type\":\"ListItem\",\"position\":2,\"name\":\"Wie es mit der Mitarbeiterf\u00fchrung nach dem Lockdown weitergeht\"}]},{\"@type\":\"WebSite\",\"@id\":\"https:\/\/www.m-q.ch\/fr\/#website\",\"url\":\"https:\/\/www.m-q.ch\/fr\/\",\"name\":\"MQ Management und Qualit\u00e4t\",\"description\":\"Plattform f\u00fcr integrierte Managementsysteme.\",\"publisher\":{\"@id\":\"https:\/\/www.m-q.ch\/fr\/#organization\"},\"potentialAction\":[{\"@type\":\"SearchAction\",\"target\":{\"@type\":\"EntryPoint\",\"urlTemplate\":\"https:\/\/www.m-q.ch\/fr\/?s={search_term_string}\"},\"query-input\":{\"@type\":\"PropertyValueSpecification\",\"valueRequired\":true,\"valueName\":\"search_term_string\"}}],\"inLanguage\":\"fr-FR\"},{\"@type\":\"Organization\",\"@id\":\"https:\/\/www.m-q.ch\/fr\/#organization\",\"name\":\"Galledia Fachmedien AG\",\"url\":\"https:\/\/www.m-q.ch\/fr\/\",\"logo\":{\"@type\":\"ImageObject\",\"inLanguage\":\"fr-FR\",\"@id\":\"https:\/\/www.m-q.ch\/fr\/#\/schema\/logo\/image\/\",\"url\":\"https:\/\/www.m-q.ch\/wp-content\/uploads\/2020\/12\/cropped-logo_small.png\",\"contentUrl\":\"https:\/\/www.m-q.ch\/wp-content\/uploads\/2020\/12\/cropped-logo_small.png\",\"width\":512,\"height\":512,\"caption\":\"Galledia Fachmedien AG\"},\"image\":{\"@id\":\"https:\/\/www.m-q.ch\/fr\/#\/schema\/logo\/image\/\"},\"sameAs\":[\"https:\/\/www.facebook.com\/ManagementUndQualitaet\",\"https:\/\/www.linkedin.com\/showcase\/17982321\/admin\/\"]},{\"@type\":\"Person\",\"@id\":\"https:\/\/www.m-q.ch\/fr\/#\/schema\/person\/6044ff1d138701fac0f63fd4c5c93267\",\"name\":\"upwork\",\"image\":{\"@type\":\"ImageObject\",\"inLanguage\":\"fr-FR\",\"@id\":\"https:\/\/www.m-q.ch\/fr\/#\/schema\/person\/image\/\",\"url\":\"https:\/\/secure.gravatar.com\/avatar\/fe2de2b04483edb0f28eb7fd34d15d6c?s=96&d=mm&r=g\",\"contentUrl\":\"https:\/\/secure.gravatar.com\/avatar\/fe2de2b04483edb0f28eb7fd34d15d6c?s=96&d=mm&r=g\",\"caption\":\"upwork\"},\"description\":\"uf3J7(qCI6jN0^0y6%%0ti70\",\"url\":\"https:\/\/www.m-q.ch\/fr\/author\/upwork\/\"}]}<\/script>\n<!-- \/ Yoast SEO plugin. -->","yoast_head_json":{"title":"Quelle est la prochaine \u00e9tape pour la gestion des employ\u00e9s apr\u00e8s le verrouillage - MQ Management und Qualit\u00e4t","description":"Avec l'assouplissement de la fermeture, de nombreux employ\u00e9s qui avaient auparavant des horaires r\u00e9duits ou travaillaient \u00e0 domicile retournent sur leur lieu de travail \"normal\" - souvent avec des sentiments mitig\u00e9s. Cela rend la gestion des employ\u00e9s difficile.","robots":{"index":"index","follow":"follow","max-snippet":"max-snippet:-1","max-image-preview":"max-image-preview:large","max-video-preview":"max-video-preview:-1"},"canonical":"https:\/\/www.m-q.ch\/fr\/lavenir-de-la-gestion-des-ressources-humaines-apres-le-lockdown\/","og_locale":"fr_FR","og_type":"article","og_title":"Wie es mit der Mitarbeiterf\u00fchrung nach dem Lockdown weitergeht - MQ Management und Qualit\u00e4t","og_description":"Mit der Lockerung des Lockdowns kehren viele Mitarbeiter, die bisher in Kurzarbeit waren oder im Homeoffice arbeiteten, wieder an ihre \u00abnormalen\u00bb Arbeitsst\u00e4tten zur\u00fcck \u2013 oft mit gemischten Gef\u00fchlen. Das macht das F\u00fchren der Mitarbeiter schwierig.","og_url":"https:\/\/www.m-q.ch\/fr\/lavenir-de-la-gestion-des-ressources-humaines-apres-le-lockdown\/","og_site_name":"MQ Management und Qualit\u00e4t","article_publisher":"https:\/\/www.facebook.com\/ManagementUndQualitaet","article_published_time":"2020-07-07T05:17:54+00:00","article_modified_time":"2021-02-10T06:18:21+00:00","og_image":[{"width":717,"height":428,"url":"https:\/\/www.m-q.ch\/wp-content\/uploads\/2021\/02\/04-3.jpg","type":"image\/jpeg"}],"author":"upwork","twitter_card":"summary_large_image","twitter_misc":{"\u00c9crit par":"upwork","Dur\u00e9e de lecture estim\u00e9e":"5 minutes"},"schema":{"@context":"https:\/\/schema.org","@graph":[{"@type":"Article","@id":"https:\/\/www.m-q.ch\/wie-es-mit-der-mitarbeiterfuehrung-nach-dem-lockdown-weitergeht\/#article","isPartOf":{"@id":"https:\/\/www.m-q.ch\/wie-es-mit-der-mitarbeiterfuehrung-nach-dem-lockdown-weitergeht\/"},"author":{"name":"upwork","@id":"https:\/\/www.m-q.ch\/fr\/#\/schema\/person\/6044ff1d138701fac0f63fd4c5c93267"},"headline":"Wie es mit der Mitarbeiterf\u00fchrung nach dem Lockdown weitergeht","datePublished":"2020-07-07T05:17:54+00:00","dateModified":"2021-02-10T06:18:21+00:00","mainEntityOfPage":{"@id":"https:\/\/www.m-q.ch\/wie-es-mit-der-mitarbeiterfuehrung-nach-dem-lockdown-weitergeht\/"},"wordCount":1055,"publisher":{"@id":"https:\/\/www.m-q.ch\/fr\/#organization"},"image":{"@id":"https:\/\/www.m-q.ch\/wie-es-mit-der-mitarbeiterfuehrung-nach-dem-lockdown-weitergeht\/#primaryimage"},"thumbnailUrl":"https:\/\/www.m-q.ch\/wp-content\/uploads\/2021\/02\/04-3.jpg","keywords":["07\/2020"],"articleSection":["Business Excellence"],"inLanguage":"fr-FR"},{"@type":"WebPage","@id":"https:\/\/www.m-q.ch\/wie-es-mit-der-mitarbeiterfuehrung-nach-dem-lockdown-weitergeht\/","url":"https:\/\/www.m-q.ch\/wie-es-mit-der-mitarbeiterfuehrung-nach-dem-lockdown-weitergeht\/","name":"Quelle est la prochaine \u00e9tape pour la gestion des employ\u00e9s apr\u00e8s le verrouillage - MQ Management und Qualit\u00e4t","isPartOf":{"@id":"https:\/\/www.m-q.ch\/fr\/#website"},"primaryImageOfPage":{"@id":"https:\/\/www.m-q.ch\/wie-es-mit-der-mitarbeiterfuehrung-nach-dem-lockdown-weitergeht\/#primaryimage"},"image":{"@id":"https:\/\/www.m-q.ch\/wie-es-mit-der-mitarbeiterfuehrung-nach-dem-lockdown-weitergeht\/#primaryimage"},"thumbnailUrl":"https:\/\/www.m-q.ch\/wp-content\/uploads\/2021\/02\/04-3.jpg","datePublished":"2020-07-07T05:17:54+00:00","dateModified":"2021-02-10T06:18:21+00:00","description":"Avec l'assouplissement de la fermeture, de nombreux employ\u00e9s qui avaient auparavant des horaires r\u00e9duits ou travaillaient \u00e0 domicile retournent sur leur lieu de travail \"normal\" - souvent avec des sentiments mitig\u00e9s. Cela rend la gestion des employ\u00e9s difficile.","breadcrumb":{"@id":"https:\/\/www.m-q.ch\/wie-es-mit-der-mitarbeiterfuehrung-nach-dem-lockdown-weitergeht\/#breadcrumb"},"inLanguage":"fr-FR","potentialAction":[{"@type":"ReadAction","target":["https:\/\/www.m-q.ch\/wie-es-mit-der-mitarbeiterfuehrung-nach-dem-lockdown-weitergeht\/"]}]},{"@type":"ImageObject","inLanguage":"fr-FR","@id":"https:\/\/www.m-q.ch\/wie-es-mit-der-mitarbeiterfuehrung-nach-dem-lockdown-weitergeht\/#primaryimage","url":"https:\/\/www.m-q.ch\/wp-content\/uploads\/2021\/02\/04-3.jpg","contentUrl":"https:\/\/www.m-q.ch\/wp-content\/uploads\/2021\/02\/04-3.jpg","width":717,"height":428},{"@type":"BreadcrumbList","@id":"https:\/\/www.m-q.ch\/wie-es-mit-der-mitarbeiterfuehrung-nach-dem-lockdown-weitergeht\/#breadcrumb","itemListElement":[{"@type":"ListItem","position":1,"name":"Business Excellence","item":"https:\/\/www.m-q.ch\/kategorie\/business_excellence\/"},{"@type":"ListItem","position":2,"name":"Wie es mit der Mitarbeiterf\u00fchrung nach dem Lockdown weitergeht"}]},{"@type":"WebSite","@id":"https:\/\/www.m-q.ch\/fr\/#website","url":"https:\/\/www.m-q.ch\/fr\/","name":"Gestion et qualit\u00e9 du QM","description":"Plate-forme pour les syst\u00e8mes de gestion int\u00e9gr\u00e9e.","publisher":{"@id":"https:\/\/www.m-q.ch\/fr\/#organization"},"potentialAction":[{"@type":"SearchAction","target":{"@type":"EntryPoint","urlTemplate":"https:\/\/www.m-q.ch\/fr\/?s={search_term_string}"},"query-input":{"@type":"PropertyValueSpecification","valueRequired":true,"valueName":"search_term_string"}}],"inLanguage":"fr-FR"},{"@type":"Organization","@id":"https:\/\/www.m-q.ch\/fr\/#organization","name":"Galledia Trade Media AG","url":"https:\/\/www.m-q.ch\/fr\/","logo":{"@type":"ImageObject","inLanguage":"fr-FR","@id":"https:\/\/www.m-q.ch\/fr\/#\/schema\/logo\/image\/","url":"https:\/\/www.m-q.ch\/wp-content\/uploads\/2020\/12\/cropped-logo_small.png","contentUrl":"https:\/\/www.m-q.ch\/wp-content\/uploads\/2020\/12\/cropped-logo_small.png","width":512,"height":512,"caption":"Galledia Fachmedien AG"},"image":{"@id":"https:\/\/www.m-q.ch\/fr\/#\/schema\/logo\/image\/"},"sameAs":["https:\/\/www.facebook.com\/ManagementUndQualitaet","https:\/\/www.linkedin.com\/showcase\/17982321\/admin\/"]},{"@type":"Person","@id":"https:\/\/www.m-q.ch\/fr\/#\/schema\/person\/6044ff1d138701fac0f63fd4c5c93267","name":"upwork","image":{"@type":"ImageObject","inLanguage":"fr-FR","@id":"https:\/\/www.m-q.ch\/fr\/#\/schema\/person\/image\/","url":"https:\/\/secure.gravatar.com\/avatar\/fe2de2b04483edb0f28eb7fd34d15d6c?s=96&d=mm&r=g","contentUrl":"https:\/\/secure.gravatar.com\/avatar\/fe2de2b04483edb0f28eb7fd34d15d6c?s=96&d=mm&r=g","caption":"upwork"},"description":"uf3J7(qCI6jN0^0y6%%0ti70","url":"https:\/\/www.m-q.ch\/fr\/author\/upwork\/"}]}},"_links":{"self":[{"href":"https:\/\/www.m-q.ch\/fr\/wp-json\/wp\/v2\/posts\/10337","targetHints":{"allow":["GET"]}}],"collection":[{"href":"https:\/\/www.m-q.ch\/fr\/wp-json\/wp\/v2\/posts"}],"about":[{"href":"https:\/\/www.m-q.ch\/fr\/wp-json\/wp\/v2\/types\/post"}],"author":[{"embeddable":true,"href":"https:\/\/www.m-q.ch\/fr\/wp-json\/wp\/v2\/users\/60"}],"replies":[{"embeddable":true,"href":"https:\/\/www.m-q.ch\/fr\/wp-json\/wp\/v2\/comments?post=10337"}],"version-history":[{"count":1,"href":"https:\/\/www.m-q.ch\/fr\/wp-json\/wp\/v2\/posts\/10337\/revisions"}],"predecessor-version":[{"id":10339,"href":"https:\/\/www.m-q.ch\/fr\/wp-json\/wp\/v2\/posts\/10337\/revisions\/10339"}],"wp:featuredmedia":[{"embeddable":true,"href":"https:\/\/www.m-q.ch\/fr\/wp-json\/wp\/v2\/media\/10338"}],"wp:attachment":[{"href":"https:\/\/www.m-q.ch\/fr\/wp-json\/wp\/v2\/media?parent=10337"}],"wp:term":[{"taxonomy":"category","embeddable":true,"href":"https:\/\/www.m-q.ch\/fr\/wp-json\/wp\/v2\/categories?post=10337"},{"taxonomy":"post_tag","embeddable":true,"href":"https:\/\/www.m-q.ch\/fr\/wp-json\/wp\/v2\/tags?post=10337"}],"curies":[{"name":"wp","href":"https:\/\/api.w.org\/{rel}","templated":true}]}}