{"id":10354,"date":"2020-07-16T07:47:25","date_gmt":"2020-07-16T05:47:25","guid":{"rendered":"https:\/\/www.m-q.ch\/?p=10354"},"modified":"2021-02-10T08:00:04","modified_gmt":"2021-02-10T07:00:04","slug":"commerce-delectricite-entre-voisins","status":"publish","type":"post","link":"https:\/\/www.m-q.ch\/fr\/stromhandel-unter-nachbarn\/","title":{"rendered":"\u00c9changes d'\u00e9lectricit\u00e9 entre voisins"},"content":{"rendered":"<p><img loading=\"lazy\" decoding=\"async\" class=\"alignnone  wp-image-10355\" src=\"https:\/\/www.m-q.ch\/wp-content\/uploads\/2021\/02\/09-2.jpg\" alt=\"\" width=\"829\" height=\"627\" srcset=\"https:\/\/www.m-q.ch\/wp-content\/uploads\/2021\/02\/09-2.jpg 398w, https:\/\/www.m-q.ch\/wp-content\/uploads\/2021\/02\/09-2-16x12.jpg 16w, https:\/\/www.m-q.ch\/wp-content\/uploads\/2021\/02\/09-2-231x175.jpg 231w, https:\/\/www.m-q.ch\/wp-content\/uploads\/2021\/02\/09-2-300x227.jpg 300w\" sizes=\"auto, (max-width: 829px) 100vw, 829px\" \/><\/p>\n<p>Dans le quartier de Schwemmiweg \u00e0 Walenstadt, l'\u00e9lectricit\u00e9 \u00e9tait \u00e9chang\u00e9e - automatiquement - par le biais d'une cha\u00eene. Au total, 37 parties s'\u00e9taient r\u00e9unies \u00e0 Schwemmiweg pour former ce qu'elles ont d\u00e9crit comme \"le premier march\u00e9 local de l'\u00e9lectricit\u00e9 en Suisse\" - 28 producteurs avec leurs propres syst\u00e8mes d'\u00e9nergie solaire et 9 consommateurs purs. Et voici comment fonctionnait la bourse de l'\u00e9lectricit\u00e9 bas\u00e9e sur une cha\u00eene de blocs : l'entreprise locale d'approvisionnement en \u00e9nergie Wasser- und Elektrizit\u00e4tswerk Walenstadt mettait son r\u00e9seau de distribution \u00e0 disposition et achetait ou fournissait de l'\u00e9lectricit\u00e9 quand il y avait juste trop ou trop peu de production \u00e0 Schwemmiweg. Les consommateurs, pour leur part, ont indiqu\u00e9 leurs pr\u00e9f\u00e9rences en mati\u00e8re de prix via un portail web. Les producteurs, qui ont \u00e9galement jou\u00e9 le r\u00f4le de consommateurs, ont indiqu\u00e9 sur le portail les conditions dans lesquelles ils souhaitaient vendre leur surplus d'\u00e9nergie solaire dans le voisinage. Le reste s'est fait de mani\u00e8re enti\u00e8rement automatique via la cha\u00eene de blocage : des compteurs d'\u00e9lectricit\u00e9 sp\u00e9ciaux - appel\u00e9s compteurs intelligents, qui peuvent envoyer et recevoir des donn\u00e9es num\u00e9riques et servir d'interfaces \u00e0 la cha\u00eene de blocage - ont mesur\u00e9 la consommation et la production d'\u00e9lectricit\u00e9 des parties concern\u00e9es et ont envoy\u00e9 ces informations \u00e0 la cha\u00eene de blocage, qui a reli\u00e9 tous les participants entre eux. Gr\u00e2ce \u00e0 des compteurs intelligents et des portails web, toutes les informations - des niveaux d'\u00e9lectricit\u00e9 et des pr\u00e9f\u00e9rences des participants aux quantit\u00e9s d'\u00e9lectricit\u00e9 \u00e9chang\u00e9es et aux prix correspondants - ont \u00e9t\u00e9 \u00e9crites dans cette cha\u00eene de donn\u00e9es, une sorte de journal de bord num\u00e9rique d\u00e9centralis\u00e9. La cha\u00eene de blocage a ensuite r\u00e9concili\u00e9 les informations des parties, a r\u00e9uni les parties concern\u00e9es et a finalement lib\u00e9r\u00e9 les ventes d'\u00e9lectricit\u00e9.<\/p>\n<p>Un test pilote r\u00e9ussi En janvier dernier, la phase de terrain de \"Quartierstrom\" s'est achev\u00e9e avec succ\u00e8s. \"Le syst\u00e8me \u00e9tait stable\", a conclu Irene B\u00e4ttig, porte-parole de Quartierstrom pour les m\u00e9dias. Le rapport final du projet, qui a \u00e9t\u00e9 financ\u00e9 par l'Office f\u00e9d\u00e9ral suisse de l'\u00e9nergie dans le cadre du programme pilote, de d\u00e9monstration et de phare, sera publi\u00e9 prochainement. C'\u00e9tait la seule fa\u00e7on de tester un tel march\u00e9 local de l'\u00e9lectricit\u00e9 dans la pratique, car la loi ne le permet pas encore. Diverses organisations ont particip\u00e9 au projet, notamment l'Universit\u00e9 de Saint-Gall avec son Bosch IoT Lab, l'ETH Zurich et les soci\u00e9t\u00e9s Supercomputing Systems et Swibi.<\/p>\n<p><strong> Interconnexion pour la consommation propre <\/strong><\/p>\n<p>Depuis 2018, les habitants d'un immeuble ou d'un quartier peuvent s'organiser en association d'autoconsommation (ZEV). Si les producteurs priv\u00e9s d'\u00e9lectricit\u00e9 solaire produisent plus d'\u00e9lectricit\u00e9 qu'ils n'en consomment dans la ZEV, ils peuvent l'injecter dans le r\u00e9seau de distribution local. En retour, ils re\u00e7oivent une compensation du fournisseur d'\u00e9nergie local respectif. Toutefois, ces tarifs de compensation pour l'\u00e9nergie inject\u00e9e dans le r\u00e9seau \u00e0 partir d'un syst\u00e8me photovolta\u00efque d'une capacit\u00e9 de 10 kVA varient fortement selon le fournisseur d'\u00e9nergie. \"La r\u00e9mun\u00e9ration de ce surplus d'\u00e9lectricit\u00e9 varie en effet d'une r\u00e9gion \u00e0 l'autre\", confirme Irene B\u00e4ttig de Quartierstrom. \"L'objectif d'un march\u00e9 local de l'\u00e9lectricit\u00e9 tel que Quartierstrom est que les producteurs d'\u00e9nergie solaire obtiennent un meilleur rendement pour leur surplus d'\u00e9lectricit\u00e9, rendant ainsi la construction de centrales solaires plus attrayante\".<\/p>\n<p><strong>Cha\u00eene de blocs en usage <\/strong><\/p>\n<p>Lorsque le projet Quartierstrom \u00e0 Walenstadt s'est achev\u00e9 au d\u00e9but de cette ann\u00e9e, un ZEV du canton d'Argovie a pu f\u00eater ses premi\u00e8res heures d'autosuffisance. La technologie de la cha\u00eene en bloc est \u00e9galement utilis\u00e9e dans le projet \"Im Erlifeld\" \u00e0 Unterentfelden pr\u00e8s d'Aarau, mais uniquement pour la facturation de l'\u00e9lectricit\u00e9. L'\u00e9lectricit\u00e9 n'est pas commercialis\u00e9e \u00e0 Erlifeld. Les neuf immeubles de 90 appartements au total sont \u00e9quip\u00e9s de pompes \u00e0 air, \u00e0 eau et \u00e0 chaleur pour le chauffage, le refroidissement et l'eau chaude. Des syst\u00e8mes photovolta\u00efques sont install\u00e9s sur tous les toits. Les propri\u00e9taires et les locataires r\u00e8glent leurs transactions d'\u00e9lectricit\u00e9 de mani\u00e8re enti\u00e8rement automatique via la plate-forme Ormera, qui fonctionne sur la cha\u00eene de blocage priv\u00e9e de PostFinance et de Swisscom.<\/p>\n<p>\"Si les parties ont d\u00e9cid\u00e9 de partager l'\u00e9nergie solaire, Ormera leur offre une plateforme qui leur permet de se facturer facilement l'\u00e9nergie solaire\", explique Angela B\u00f6nzli, responsable marketing de la start-up Ormera AG. La plateforme y parvient en automatisant l'ensemble du processus de facturation - du relev\u00e9 du compteur d'\u00e9lectricit\u00e9 au calcul du tarif et \u00e0 la d\u00e9duction du montant sur le compte. \"Pour les utilisateurs d'Ormera, tout l'effort administratif est supprim\u00e9. Ils peuvent simplement suivre les donn\u00e9es de production et de consommation, ainsi que les tarifs calcul\u00e9s, sur un tableau de bord afin d'optimiser leur comportement de consommation. \"Comme Quartierstrom, Ormera vise \u00e0 promouvoir la production d\u00e9centralis\u00e9e d'\u00e9lectricit\u00e9 : La solution de facturation simplifi\u00e9e d'Ormera devrait encourager davantage de personnes \u00e0 opter pour le ZEV. \"Nous les aidons \u00e0 surmonter les obstacles administratifs\", dit M. B\u00f6nzli.<\/p>\n<p>Selon Fabian Baerlocher, co-PDG d'Ormera, la diffusion des ZEV d\u00e9pend notamment des fournisseurs d'\u00e9nergie locaux eux-m\u00eames : \"En r\u00e8gle g\u00e9n\u00e9rale, tout d\u00e9veloppeur peut mettre en place une ZEV. Cependant, certains gestionnaires de r\u00e9seau offrent un soutien novateur et surtout simple et direct \u00e0 la formation de ZEV, tandis que d'autres sont plus conservateurs, ce qui peut entra\u00eener des difficult\u00e9s administratives plus importantes\".<\/p>\n<p><strong>L'ouverture du march\u00e9 de l'\u00e9lectricit\u00e9 ?<\/strong><\/p>\n<p>Mais pourquoi les fournisseurs d'\u00e9nergie devraient-ils s'int\u00e9resser aux march\u00e9s locaux de l'\u00e9lectricit\u00e9 comme l'\u00e9lectricit\u00e9 de quartier ou les ZEV comme le lotissement d'Erlifeld ? Le fait que de nombreux petits producteurs priv\u00e9s d'\u00e9lectricit\u00e9 offrent \u00e9galement de l'\u00e9lectricit\u00e9 ne nuit-il pas au secteur de l'\u00e9lectricit\u00e9 ? \"Le commerce de l'\u00e9nergie n'est d\u00e9j\u00e0 plus int\u00e9ressant pour nous - il n'apporte aucune valeur ajout\u00e9e\", r\u00e9pond Christian D\u00fcrr, directeur g\u00e9n\u00e9ral de l'usine d'eau et d'\u00e9lectricit\u00e9 de Walenstadt, la question cruciale dans une interview publi\u00e9e sur le blog Quartierstrom. Il voit son r\u00f4le dans l'avenir de plus en plus comme un op\u00e9rateur d'infrastructures - non seulement des r\u00e9seaux de distribution locaux, mais aussi des b\u00e2timents. \"Ce faisant, nous pouvons \u00e9galement agir en tant que fournisseur de services \u00e9nerg\u00e9tiques, en contr\u00f4lant et en optimisant les syst\u00e8mes et en assurant une gestion globale de l'\u00e9nergie\".<\/p>\n<p>La question reste de savoir si, \u00e0 l'avenir, tous les consommateurs seront autoris\u00e9s \u00e0 \u00e9changer librement de l'\u00e9lectricit\u00e9 via des plateformes telles que celle du projet Quartierstrom. \"En Suisse, le march\u00e9 de l'\u00e9lectricit\u00e9 n'est pas encore ouvert \u00e0 tous les consommateurs, mais seulement aux grands acteurs\", d\u00e9clare Matthias Galus, chef du Bureau de l'innovation num\u00e9rique \u00e0 l'Office f\u00e9d\u00e9ral de l'\u00e9nergie. Le ZEV n'offre qu'une interaction limit\u00e9e entre les producteurs locaux et les petits consommateurs locaux. Toutefois, l'entreprise de fourniture d'\u00e9nergie reste l'interm\u00e9diaire - en dehors de l'autoconsommation - tant que le march\u00e9 de l'\u00e9lectricit\u00e9 n'est pas totalement lib\u00e9ralis\u00e9.<\/p>\n<p>Toutefois, avec la r\u00e9vision de la loi sur l'approvisionnement en \u00e9lectricit\u00e9, le Conseil f\u00e9d\u00e9ral entend ouvrir prochainement le march\u00e9 de l'\u00e9lectricit\u00e9 \u00e0 tous les clients. Selon le Conseil f\u00e9d\u00e9ral, cela peut accro\u00eetre le commerce d\u00e9centralis\u00e9 et donc la production d\u00e9centralis\u00e9e d'\u00e9lectricit\u00e9 \u00e0 partir d'\u00e9nergies renouvelables, tout en l'int\u00e9grant mieux dans le march\u00e9 de l'\u00e9lectricit\u00e9. \"Toutefois, cela prendra probablement encore quelques ann\u00e9es\", a d\u00e9clar\u00e9 M. Galus. \"Donc par rapport au d\u00e9veloppement rapide des solutions num\u00e9riques, plut\u00f4t long.\" En attendant, a-t-il d\u00e9clar\u00e9, le Bureau de l'innovation num\u00e9rique continuera \u00e0 soutenir le d\u00e9veloppement de solutions de cha\u00eenes de blocs sur le march\u00e9 de l'\u00e9nergie afin que les parties concern\u00e9es puissent mieux interagir \u00e0 l'avenir.<\/p>\n<p><strong>Un mod\u00e8le commercial adapt\u00e9 <\/strong><\/p>\n<p>Entre-temps, le march\u00e9 local de l'\u00e9lectricit\u00e9 \u00e0 Schwemmiweg continue de fonctionner dans le cadre du projet de suivi Quartierstrom 2.0, avec une tarification automatis\u00e9e et sans cha\u00eene de blocs. Une demande pour un projet de suivi scientifique est en cours.<\/p>\n<p>Une impulsion juridique suppl\u00e9mentaire en faveur d'un approvisionnement \u00e9nerg\u00e9tique d\u00e9centralis\u00e9 serait grandement n\u00e9cessaire tant pour \"Quartierstrom\" de Walenstadt que pour les autres futurs march\u00e9s locaux de l'\u00e9nergie, car : \"Dans les conditions juridiques actuelles, un mod\u00e8le commercial attrayant pour les march\u00e9s locaux de l'\u00e9nergie est \u00e0 peine possible\", d\u00e9clare Irene B\u00e4ttig de Quartierstrom. C'est ce que montrent les diff\u00e9rentes tentatives de d\u00e9veloppement de mod\u00e8les commerciaux possibles pour les march\u00e9s locaux de l'\u00e9lectricit\u00e9 dans le cadre du projet Quartierstrom.<\/p>","protected":false},"excerpt":{"rendered":"<p>Im Quartier Schwemmiweg in Walenstadt wurde mit Strom gehandelt \u2013 automatisch \u00fcber eine Blockchain. Insgesamt 37 Parteien hatten sich im Schwemmiweg zum gem\u00e4ss Eigenaussage \u00abersten lokalen Strommarkt der Schweiz\u00bb zusammengeschlossen \u2013 28 Produzenten mit einer eigenen Solarstromanlage und 9 reine Konsumenten. Und so funktionierte die blockchainbasierte Stromb\u00f6rse: Das lokale Energieversorgungsunternehmen Wasser- und Elektrizit\u00e4tswerk Walenstadt stellte [&hellip;]<\/p>\n","protected":false},"author":60,"featured_media":10355,"comment_status":"closed","ping_status":"closed","sticky":false,"template":"","format":"standard","meta":{"_acf_changed":false,"footnotes":""},"categories":[4448],"tags":[4739],"class_list":["post-10354","post","type-post","status-publish","format-standard","has-post-thumbnail","hentry","category-allgemein","tag-07-2020"],"acf":[],"yoast_head":"<!-- This site is optimized with the Yoast SEO plugin v26.2 - https:\/\/yoast.com\/wordpress\/plugins\/seo\/ -->\n<title>Stromhandel unter Nachbarn - MQ Management und Qualit\u00e4t<\/title>\n<meta name=\"description\" content=\"In Walenstadt wurde im Rahmen eines Pilotprojekts ein lokaler Strommarkt unter37 Parteien voll automatisiert \u00fcber eine Blockchain erprobt. Mit der anstehendenRevision des Stromversorgungsgesetzes will der Bundesrat den Strommarkt baldf\u00fcr alle Kunden \u00f6ffnen. Damit k\u00f6nnten lokale Stromm\u00e4rkte und die erneuerbareStromproduktion einen Boom erleben.\" \/>\n<meta name=\"robots\" content=\"index, follow, max-snippet:-1, max-image-preview:large, max-video-preview:-1\" \/>\n<link rel=\"canonical\" href=\"https:\/\/www.m-q.ch\/fr\/commerce-delectricite-entre-voisins\/\" \/>\n<meta property=\"og:locale\" content=\"fr_FR\" \/>\n<meta property=\"og:type\" content=\"article\" \/>\n<meta property=\"og:title\" content=\"Stromhandel unter Nachbarn - MQ Management und Qualit\u00e4t\" \/>\n<meta property=\"og:description\" content=\"In Walenstadt wurde im Rahmen eines Pilotprojekts ein lokaler Strommarkt unter37 Parteien voll automatisiert \u00fcber eine Blockchain erprobt. Mit der anstehendenRevision des Stromversorgungsgesetzes will der Bundesrat den Strommarkt baldf\u00fcr alle Kunden \u00f6ffnen. Damit k\u00f6nnten lokale Stromm\u00e4rkte und die erneuerbareStromproduktion einen Boom erleben.\" \/>\n<meta property=\"og:url\" content=\"https:\/\/www.m-q.ch\/fr\/commerce-delectricite-entre-voisins\/\" \/>\n<meta property=\"og:site_name\" content=\"MQ Management und Qualit\u00e4t\" \/>\n<meta property=\"article:publisher\" content=\"https:\/\/www.facebook.com\/ManagementUndQualitaet\" \/>\n<meta property=\"article:published_time\" content=\"2020-07-16T05:47:25+00:00\" \/>\n<meta property=\"article:modified_time\" content=\"2021-02-10T07:00:04+00:00\" \/>\n<meta property=\"og:image\" content=\"https:\/\/www.m-q.ch\/wp-content\/uploads\/2021\/02\/09-2.jpg\" \/>\n\t<meta property=\"og:image:width\" content=\"398\" \/>\n\t<meta property=\"og:image:height\" content=\"301\" \/>\n\t<meta property=\"og:image:type\" content=\"image\/jpeg\" \/>\n<meta name=\"author\" content=\"upwork\" \/>\n<meta name=\"twitter:card\" content=\"summary_large_image\" \/>\n<meta name=\"twitter:label1\" content=\"\u00c9crit par\" \/>\n\t<meta name=\"twitter:data1\" content=\"upwork\" \/>\n\t<meta name=\"twitter:label2\" content=\"Dur\u00e9e de lecture estim\u00e9e\" \/>\n\t<meta name=\"twitter:data2\" content=\"6 minutes\" \/>\n<script type=\"application\/ld+json\" class=\"yoast-schema-graph\">{\"@context\":\"https:\/\/schema.org\",\"@graph\":[{\"@type\":\"Article\",\"@id\":\"https:\/\/www.m-q.ch\/stromhandel-unter-nachbarn\/#article\",\"isPartOf\":{\"@id\":\"https:\/\/www.m-q.ch\/stromhandel-unter-nachbarn\/\"},\"author\":{\"name\":\"upwork\",\"@id\":\"https:\/\/www.m-q.ch\/fr\/#\/schema\/person\/6044ff1d138701fac0f63fd4c5c93267\"},\"headline\":\"Stromhandel unter Nachbarn\",\"datePublished\":\"2020-07-16T05:47:25+00:00\",\"dateModified\":\"2021-02-10T07:00:04+00:00\",\"mainEntityOfPage\":{\"@id\":\"https:\/\/www.m-q.ch\/stromhandel-unter-nachbarn\/\"},\"wordCount\":1159,\"publisher\":{\"@id\":\"https:\/\/www.m-q.ch\/fr\/#organization\"},\"image\":{\"@id\":\"https:\/\/www.m-q.ch\/stromhandel-unter-nachbarn\/#primaryimage\"},\"thumbnailUrl\":\"https:\/\/www.m-q.ch\/wp-content\/uploads\/2021\/02\/09-2.jpg\",\"keywords\":[\"07\/2020\"],\"articleSection\":[\"Allgemein\"],\"inLanguage\":\"fr-FR\"},{\"@type\":\"WebPage\",\"@id\":\"https:\/\/www.m-q.ch\/stromhandel-unter-nachbarn\/\",\"url\":\"https:\/\/www.m-q.ch\/stromhandel-unter-nachbarn\/\",\"name\":\"Stromhandel unter Nachbarn - MQ Management und Qualit\u00e4t\",\"isPartOf\":{\"@id\":\"https:\/\/www.m-q.ch\/fr\/#website\"},\"primaryImageOfPage\":{\"@id\":\"https:\/\/www.m-q.ch\/stromhandel-unter-nachbarn\/#primaryimage\"},\"image\":{\"@id\":\"https:\/\/www.m-q.ch\/stromhandel-unter-nachbarn\/#primaryimage\"},\"thumbnailUrl\":\"https:\/\/www.m-q.ch\/wp-content\/uploads\/2021\/02\/09-2.jpg\",\"datePublished\":\"2020-07-16T05:47:25+00:00\",\"dateModified\":\"2021-02-10T07:00:04+00:00\",\"description\":\"In Walenstadt wurde im Rahmen eines Pilotprojekts ein lokaler Strommarkt unter37 Parteien voll automatisiert \u00fcber eine Blockchain erprobt. Mit der anstehendenRevision des Stromversorgungsgesetzes will der Bundesrat den Strommarkt baldf\u00fcr alle Kunden \u00f6ffnen. Damit k\u00f6nnten lokale Stromm\u00e4rkte und die erneuerbareStromproduktion einen Boom erleben.\",\"breadcrumb\":{\"@id\":\"https:\/\/www.m-q.ch\/stromhandel-unter-nachbarn\/#breadcrumb\"},\"inLanguage\":\"fr-FR\",\"potentialAction\":[{\"@type\":\"ReadAction\",\"target\":[\"https:\/\/www.m-q.ch\/stromhandel-unter-nachbarn\/\"]}]},{\"@type\":\"ImageObject\",\"inLanguage\":\"fr-FR\",\"@id\":\"https:\/\/www.m-q.ch\/stromhandel-unter-nachbarn\/#primaryimage\",\"url\":\"https:\/\/www.m-q.ch\/wp-content\/uploads\/2021\/02\/09-2.jpg\",\"contentUrl\":\"https:\/\/www.m-q.ch\/wp-content\/uploads\/2021\/02\/09-2.jpg\",\"width\":398,\"height\":301},{\"@type\":\"BreadcrumbList\",\"@id\":\"https:\/\/www.m-q.ch\/stromhandel-unter-nachbarn\/#breadcrumb\",\"itemListElement\":[{\"@type\":\"ListItem\",\"position\":1,\"name\":\"Allgemein\",\"item\":\"https:\/\/www.m-q.ch\/kategorie\/allgemein\/\"},{\"@type\":\"ListItem\",\"position\":2,\"name\":\"Stromhandel unter Nachbarn\"}]},{\"@type\":\"WebSite\",\"@id\":\"https:\/\/www.m-q.ch\/fr\/#website\",\"url\":\"https:\/\/www.m-q.ch\/fr\/\",\"name\":\"MQ Management und Qualit\u00e4t\",\"description\":\"Plattform f\u00fcr integrierte Managementsysteme.\",\"publisher\":{\"@id\":\"https:\/\/www.m-q.ch\/fr\/#organization\"},\"potentialAction\":[{\"@type\":\"SearchAction\",\"target\":{\"@type\":\"EntryPoint\",\"urlTemplate\":\"https:\/\/www.m-q.ch\/fr\/?s={search_term_string}\"},\"query-input\":{\"@type\":\"PropertyValueSpecification\",\"valueRequired\":true,\"valueName\":\"search_term_string\"}}],\"inLanguage\":\"fr-FR\"},{\"@type\":\"Organization\",\"@id\":\"https:\/\/www.m-q.ch\/fr\/#organization\",\"name\":\"Galledia Fachmedien AG\",\"url\":\"https:\/\/www.m-q.ch\/fr\/\",\"logo\":{\"@type\":\"ImageObject\",\"inLanguage\":\"fr-FR\",\"@id\":\"https:\/\/www.m-q.ch\/fr\/#\/schema\/logo\/image\/\",\"url\":\"https:\/\/www.m-q.ch\/wp-content\/uploads\/2020\/12\/cropped-logo_small.png\",\"contentUrl\":\"https:\/\/www.m-q.ch\/wp-content\/uploads\/2020\/12\/cropped-logo_small.png\",\"width\":512,\"height\":512,\"caption\":\"Galledia Fachmedien AG\"},\"image\":{\"@id\":\"https:\/\/www.m-q.ch\/fr\/#\/schema\/logo\/image\/\"},\"sameAs\":[\"https:\/\/www.facebook.com\/ManagementUndQualitaet\",\"https:\/\/www.linkedin.com\/showcase\/17982321\/admin\/\"]},{\"@type\":\"Person\",\"@id\":\"https:\/\/www.m-q.ch\/fr\/#\/schema\/person\/6044ff1d138701fac0f63fd4c5c93267\",\"name\":\"upwork\",\"image\":{\"@type\":\"ImageObject\",\"inLanguage\":\"fr-FR\",\"@id\":\"https:\/\/www.m-q.ch\/fr\/#\/schema\/person\/image\/\",\"url\":\"https:\/\/secure.gravatar.com\/avatar\/fe2de2b04483edb0f28eb7fd34d15d6c?s=96&d=mm&r=g\",\"contentUrl\":\"https:\/\/secure.gravatar.com\/avatar\/fe2de2b04483edb0f28eb7fd34d15d6c?s=96&d=mm&r=g\",\"caption\":\"upwork\"},\"description\":\"uf3J7(qCI6jN0^0y6%%0ti70\",\"url\":\"https:\/\/www.m-q.ch\/fr\/author\/upwork\/\"}]}<\/script>\n<!-- \/ Yoast SEO plugin. -->","yoast_head_json":{"title":"\u00c9changes d'\u00e9lectricit\u00e9 entre voisins - Gestion et qualit\u00e9 du QM","description":"\u00c0 Walenstadt, un march\u00e9 local de l'\u00e9lectricit\u00e9 r\u00e9unissant 37 parties a \u00e9t\u00e9 test\u00e9 dans le cadre d'un projet pilote, enti\u00e8rement automatis\u00e9 par une cha\u00eene d'approvisionnement. Avec la prochaine r\u00e9vision de la loi sur l'approvisionnement en \u00e9lectricit\u00e9, le Conseil f\u00e9d\u00e9ral veut ouvrir le march\u00e9 de l'\u00e9lectricit\u00e9 \u00e0 tous les clients dans un avenir proche. Cela pourrait entra\u00eener un boom des march\u00e9s locaux de l'\u00e9lectricit\u00e9 et de la production d'\u00e9lectricit\u00e9 renouvelable.","robots":{"index":"index","follow":"follow","max-snippet":"max-snippet:-1","max-image-preview":"max-image-preview:large","max-video-preview":"max-video-preview:-1"},"canonical":"https:\/\/www.m-q.ch\/fr\/commerce-delectricite-entre-voisins\/","og_locale":"fr_FR","og_type":"article","og_title":"Stromhandel unter Nachbarn - MQ Management und Qualit\u00e4t","og_description":"In Walenstadt wurde im Rahmen eines Pilotprojekts ein lokaler Strommarkt unter37 Parteien voll automatisiert \u00fcber eine Blockchain erprobt. Mit der anstehendenRevision des Stromversorgungsgesetzes will der Bundesrat den Strommarkt baldf\u00fcr alle Kunden \u00f6ffnen. Damit k\u00f6nnten lokale Stromm\u00e4rkte und die erneuerbareStromproduktion einen Boom erleben.","og_url":"https:\/\/www.m-q.ch\/fr\/commerce-delectricite-entre-voisins\/","og_site_name":"MQ Management und Qualit\u00e4t","article_publisher":"https:\/\/www.facebook.com\/ManagementUndQualitaet","article_published_time":"2020-07-16T05:47:25+00:00","article_modified_time":"2021-02-10T07:00:04+00:00","og_image":[{"width":398,"height":301,"url":"https:\/\/www.m-q.ch\/wp-content\/uploads\/2021\/02\/09-2.jpg","type":"image\/jpeg"}],"author":"upwork","twitter_card":"summary_large_image","twitter_misc":{"\u00c9crit par":"upwork","Dur\u00e9e de lecture estim\u00e9e":"6 minutes"},"schema":{"@context":"https:\/\/schema.org","@graph":[{"@type":"Article","@id":"https:\/\/www.m-q.ch\/stromhandel-unter-nachbarn\/#article","isPartOf":{"@id":"https:\/\/www.m-q.ch\/stromhandel-unter-nachbarn\/"},"author":{"name":"upwork","@id":"https:\/\/www.m-q.ch\/fr\/#\/schema\/person\/6044ff1d138701fac0f63fd4c5c93267"},"headline":"Stromhandel unter Nachbarn","datePublished":"2020-07-16T05:47:25+00:00","dateModified":"2021-02-10T07:00:04+00:00","mainEntityOfPage":{"@id":"https:\/\/www.m-q.ch\/stromhandel-unter-nachbarn\/"},"wordCount":1159,"publisher":{"@id":"https:\/\/www.m-q.ch\/fr\/#organization"},"image":{"@id":"https:\/\/www.m-q.ch\/stromhandel-unter-nachbarn\/#primaryimage"},"thumbnailUrl":"https:\/\/www.m-q.ch\/wp-content\/uploads\/2021\/02\/09-2.jpg","keywords":["07\/2020"],"articleSection":["Allgemein"],"inLanguage":"fr-FR"},{"@type":"WebPage","@id":"https:\/\/www.m-q.ch\/stromhandel-unter-nachbarn\/","url":"https:\/\/www.m-q.ch\/stromhandel-unter-nachbarn\/","name":"\u00c9changes d'\u00e9lectricit\u00e9 entre voisins - Gestion et qualit\u00e9 du QM","isPartOf":{"@id":"https:\/\/www.m-q.ch\/fr\/#website"},"primaryImageOfPage":{"@id":"https:\/\/www.m-q.ch\/stromhandel-unter-nachbarn\/#primaryimage"},"image":{"@id":"https:\/\/www.m-q.ch\/stromhandel-unter-nachbarn\/#primaryimage"},"thumbnailUrl":"https:\/\/www.m-q.ch\/wp-content\/uploads\/2021\/02\/09-2.jpg","datePublished":"2020-07-16T05:47:25+00:00","dateModified":"2021-02-10T07:00:04+00:00","description":"\u00c0 Walenstadt, un march\u00e9 local de l'\u00e9lectricit\u00e9 r\u00e9unissant 37 parties a \u00e9t\u00e9 test\u00e9 dans le cadre d'un projet pilote, enti\u00e8rement automatis\u00e9 par une cha\u00eene d'approvisionnement. Avec la prochaine r\u00e9vision de la loi sur l'approvisionnement en \u00e9lectricit\u00e9, le Conseil f\u00e9d\u00e9ral veut ouvrir le march\u00e9 de l'\u00e9lectricit\u00e9 \u00e0 tous les clients dans un avenir proche. Cela pourrait entra\u00eener un boom des march\u00e9s locaux de l'\u00e9lectricit\u00e9 et de la production d'\u00e9lectricit\u00e9 renouvelable.","breadcrumb":{"@id":"https:\/\/www.m-q.ch\/stromhandel-unter-nachbarn\/#breadcrumb"},"inLanguage":"fr-FR","potentialAction":[{"@type":"ReadAction","target":["https:\/\/www.m-q.ch\/stromhandel-unter-nachbarn\/"]}]},{"@type":"ImageObject","inLanguage":"fr-FR","@id":"https:\/\/www.m-q.ch\/stromhandel-unter-nachbarn\/#primaryimage","url":"https:\/\/www.m-q.ch\/wp-content\/uploads\/2021\/02\/09-2.jpg","contentUrl":"https:\/\/www.m-q.ch\/wp-content\/uploads\/2021\/02\/09-2.jpg","width":398,"height":301},{"@type":"BreadcrumbList","@id":"https:\/\/www.m-q.ch\/stromhandel-unter-nachbarn\/#breadcrumb","itemListElement":[{"@type":"ListItem","position":1,"name":"Allgemein","item":"https:\/\/www.m-q.ch\/kategorie\/allgemein\/"},{"@type":"ListItem","position":2,"name":"Stromhandel unter Nachbarn"}]},{"@type":"WebSite","@id":"https:\/\/www.m-q.ch\/fr\/#website","url":"https:\/\/www.m-q.ch\/fr\/","name":"Gestion et qualit\u00e9 du QM","description":"Plate-forme pour les syst\u00e8mes de gestion int\u00e9gr\u00e9e.","publisher":{"@id":"https:\/\/www.m-q.ch\/fr\/#organization"},"potentialAction":[{"@type":"SearchAction","target":{"@type":"EntryPoint","urlTemplate":"https:\/\/www.m-q.ch\/fr\/?s={search_term_string}"},"query-input":{"@type":"PropertyValueSpecification","valueRequired":true,"valueName":"search_term_string"}}],"inLanguage":"fr-FR"},{"@type":"Organization","@id":"https:\/\/www.m-q.ch\/fr\/#organization","name":"Galledia Trade Media AG","url":"https:\/\/www.m-q.ch\/fr\/","logo":{"@type":"ImageObject","inLanguage":"fr-FR","@id":"https:\/\/www.m-q.ch\/fr\/#\/schema\/logo\/image\/","url":"https:\/\/www.m-q.ch\/wp-content\/uploads\/2020\/12\/cropped-logo_small.png","contentUrl":"https:\/\/www.m-q.ch\/wp-content\/uploads\/2020\/12\/cropped-logo_small.png","width":512,"height":512,"caption":"Galledia Fachmedien AG"},"image":{"@id":"https:\/\/www.m-q.ch\/fr\/#\/schema\/logo\/image\/"},"sameAs":["https:\/\/www.facebook.com\/ManagementUndQualitaet","https:\/\/www.linkedin.com\/showcase\/17982321\/admin\/"]},{"@type":"Person","@id":"https:\/\/www.m-q.ch\/fr\/#\/schema\/person\/6044ff1d138701fac0f63fd4c5c93267","name":"upwork","image":{"@type":"ImageObject","inLanguage":"fr-FR","@id":"https:\/\/www.m-q.ch\/fr\/#\/schema\/person\/image\/","url":"https:\/\/secure.gravatar.com\/avatar\/fe2de2b04483edb0f28eb7fd34d15d6c?s=96&d=mm&r=g","contentUrl":"https:\/\/secure.gravatar.com\/avatar\/fe2de2b04483edb0f28eb7fd34d15d6c?s=96&d=mm&r=g","caption":"upwork"},"description":"uf3J7(qCI6jN0^0y6%%0ti70","url":"https:\/\/www.m-q.ch\/fr\/author\/upwork\/"}]}},"_links":{"self":[{"href":"https:\/\/www.m-q.ch\/fr\/wp-json\/wp\/v2\/posts\/10354","targetHints":{"allow":["GET"]}}],"collection":[{"href":"https:\/\/www.m-q.ch\/fr\/wp-json\/wp\/v2\/posts"}],"about":[{"href":"https:\/\/www.m-q.ch\/fr\/wp-json\/wp\/v2\/types\/post"}],"author":[{"embeddable":true,"href":"https:\/\/www.m-q.ch\/fr\/wp-json\/wp\/v2\/users\/60"}],"replies":[{"embeddable":true,"href":"https:\/\/www.m-q.ch\/fr\/wp-json\/wp\/v2\/comments?post=10354"}],"version-history":[{"count":1,"href":"https:\/\/www.m-q.ch\/fr\/wp-json\/wp\/v2\/posts\/10354\/revisions"}],"predecessor-version":[{"id":10356,"href":"https:\/\/www.m-q.ch\/fr\/wp-json\/wp\/v2\/posts\/10354\/revisions\/10356"}],"wp:featuredmedia":[{"embeddable":true,"href":"https:\/\/www.m-q.ch\/fr\/wp-json\/wp\/v2\/media\/10355"}],"wp:attachment":[{"href":"https:\/\/www.m-q.ch\/fr\/wp-json\/wp\/v2\/media?parent=10354"}],"wp:term":[{"taxonomy":"category","embeddable":true,"href":"https:\/\/www.m-q.ch\/fr\/wp-json\/wp\/v2\/categories?post=10354"},{"taxonomy":"post_tag","embeddable":true,"href":"https:\/\/www.m-q.ch\/fr\/wp-json\/wp\/v2\/tags?post=10354"}],"curies":[{"name":"wp","href":"https:\/\/api.w.org\/{rel}","templated":true}]}}