{"id":10513,"date":"2020-05-13T12:22:56","date_gmt":"2020-05-13T10:22:56","guid":{"rendered":"https:\/\/www.m-q.ch\/?p=10513"},"modified":"2021-02-10T12:27:05","modified_gmt":"2021-02-10T11:27:05","slug":"salon-professionnel-securite-au-travail-en-suisse-reporte","status":"publish","type":"post","link":"https:\/\/www.m-q.ch\/fr\/fachmesse-arbeitssicherheit-schweiz-verschoben\/","title":{"rendered":"Report du salon ArbeitsSicherheit Schweiz"},"content":{"rendered":"<p><img loading=\"lazy\" decoding=\"async\" class=\"alignnone  wp-image-10514\" src=\"https:\/\/www.m-q.ch\/wp-content\/uploads\/2021\/02\/05-5.jpg\" alt=\"\" width=\"812\" height=\"531\" srcset=\"https:\/\/www.m-q.ch\/wp-content\/uploads\/2021\/02\/05-5.jpg 315w, https:\/\/www.m-q.ch\/wp-content\/uploads\/2021\/02\/05-5-16x10.jpg 16w, https:\/\/www.m-q.ch\/wp-content\/uploads\/2021\/02\/05-5-268x175.jpg 268w, https:\/\/www.m-q.ch\/wp-content\/uploads\/2021\/02\/05-5-300x196.jpg 300w\" sizes=\"auto, (max-width: 812px) 100vw, 812px\" \/><\/p>\n<p>Comme on le sait, le 16 avril 2020, le Conseil f\u00e9d\u00e9ral a communiqu\u00e9 sa strat\u00e9gie pour la lev\u00e9e progressive des mesures contre la propagation de la pand\u00e9mie de Corona. Cependant, aucun soulagement n'est encore en vue pour les organisateurs de grands \u00e9v\u00e9nements. Cela signifie que les foires commerciales et autres \u00e9v\u00e9nements similaires ne seront pas non plus autoris\u00e9s en mai. L'organisateur des salons ArbeitsSicherheit Schweiz et Swiss Corporate Fashion, boerding exposition SA, a donc d\u00e9cid\u00e9 de reporter l'\u00e9v\u00e9nement apr\u00e8s des consultations intensives avec les autorit\u00e9s comp\u00e9tentes et les partenaires de coop\u00e9ration. En plus de la nouvelle date, il propose des formats en ligne suppl\u00e9mentaires. Ainsi, le boerding permet au secteur de la s\u00e9curit\u00e9 au travail et aux responsables de la mode des entreprises d'\u00e9changer des id\u00e9es et d'apporter une contribution pr\u00e9cieuse.<\/p>\n<p><strong>Les salons professionnels seront reprogramm\u00e9s du 10 au 12 novembre 2020 <\/strong><\/p>\n<p>En raison de la rotation bisannuelle des deux salons, toute l'\u00e9quipe du projet travaille d\u00e9j\u00e0 aux pr\u00e9paratifs avec toute sa puissance et son enthousiasme depuis le printemps 2018. Nous sommes en consultation tr\u00e8s \u00e9troite avec nos partenaires et exposants et nous arrivons toujours \u00e0 la m\u00eame conclusion : les salons auront lieu - d\u00e8s que les circonstances le permettront\", r\u00e9sume Kirsten Maul, chef de projet de l'organisateur boerding exposition SA. La nouvelle date a \u00e9t\u00e9 fix\u00e9e pour la p\u00e9riode du 10 au 12 novembre 2020, le plus pr\u00e8s possible de la fin de l'ann\u00e9e pour \u00e9viter tout nouveau report. La bonne coop\u00e9ration de longue date avec les responsables du site de l'Expo de Berne peut \u00e9galement \u00eatre poursuivie pour la date alternative. Toutes les r\u00e9servations et tous les billets resteront donc valables. Kirsten Maul r\u00e9v\u00e8le : \"Nous allons faire bon usage du temps qui nous reste jusqu'\u00e0 la nouvelle date afin de promouvoir le th\u00e8me de l'hygi\u00e8ne industrielle avec nos partenaires et exposants. Ce th\u00e8me accompagnera l'ensemble du secteur \u00e0 l'avenir, cette d\u00e9marche est donc une cons\u00e9quence logique de la mise \u00e0 niveau de nos foires commerciales\". Thomas Eiche, hygi\u00e9niste du travail certifi\u00e9 et conf\u00e9rencier expert programm\u00e9 au salon, ajoute : \"Un plan de pand\u00e9mie dans le classeur ne suffira plus\". En s'appuyant sur l'exp\u00e9rience et les connaissances actuelles, les entreprises doivent chercher de nouvelles fa\u00e7ons d'aborder la pr\u00e9paration aux pand\u00e9mies, dit-il. \"Par exemple, de nombreuses entreprises constatent actuellement que tous les postes cl\u00e9s des secteurs importants sont occup\u00e9s en m\u00eame temps dans le bureau des plans ouverts et sont en baisse\", sugg\u00e8re-t-il.<\/p>\n<p><strong> Les dates du nouveau format des \u00e9v\u00e9nements Conf\u00e9rences en ligne sont fix\u00e9es <\/strong><\/p>\n<p>Pour combler le vide jusqu'\u00e0 la date de participation, des conf\u00e9rences en ligne se tiendront pour la premi\u00e8re fois du 23 au 25 juin. L'organisateur, Boerding, a eu beaucoup de succ\u00e8s avec ce format virtuel dans un pass\u00e9 r\u00e9cent, selon les rapports. Au cours de webinaires de 30 minutes, des experts en s\u00e9curit\u00e9 au travail et en v\u00eatements d'entreprise transmettront leur savoir-faire, apr\u00e8s quoi ils r\u00e9pondront aux questions des participants sur leur sujet de sp\u00e9cialit\u00e9. Nous promettons \u00e0 tous les partenaires, intervenants, exposants et visiteurs une communication claire sur les prochaines \u00e9tapes. Nous sommes en outre motiv\u00e9s et certains que l'importance des th\u00e8mes de nos salons professionnels jouera un r\u00f4le encore plus important \u00e0 l'avenir. Nous sommes pr\u00eats pour cela\", d\u00e9clare le chef de projet Maul.<\/p>\n<p>De plus amples informations seront bient\u00f4t annonc\u00e9es par l'organisateur.<\/p>","protected":false},"excerpt":{"rendered":"<p>Am 16. April 2020 hat der Bundesrat bekanntlich seine Strategie f\u00fcr die schrittweise Aufhebung der Massnahmen gegen die Ausbreitung der Corona-Pandemie kommuniziert. F\u00fcr die Organisatoren von Grossveranstaltungen ist allerdings noch keine Entspannung in Sicht. Das bedeutet, dass auch im Mai keine Messen und \u00e4hnliche Events zugelassen sein werden. Der Veranstalter der Fachmessen ArbeitsSicherheit Schweiz und [&hellip;]<\/p>\n","protected":false},"author":60,"featured_media":10514,"comment_status":"closed","ping_status":"closed","sticky":false,"template":"","format":"standard","meta":{"_acf_changed":false,"footnotes":""},"categories":[4],"tags":[4745],"class_list":["post-10513","post","type-post","status-publish","format-standard","has-post-thumbnail","hentry","category-risikomanagement","tag-05-2020"],"acf":[],"yoast_head":"<!-- This site is optimized with the Yoast SEO plugin v26.2 - https:\/\/yoast.com\/wordpress\/plugins\/seo\/ -->\n<title>Fachmesse ArbeitsSicherheit Schweiz verschoben - MQ Management und Qualit\u00e4t<\/title>\n<meta name=\"description\" content=\"Weltweit wirkt sich die Corona-Pandemie massiv auf alle geplanten Veranstaltungender n\u00e4chsten Monate aus. Die Veranstalter der Fachmessen ArbeitsSicherheitSchweiz und Swiss Corporate Fashion verschieben die Pr\u00e4senztermine auf denZeitraum vom 10. bis 12. November 2020. Um den Zeitraum konstruktiv zu\u00fcberbr\u00fccken, bietet das Projektteam kurzfristig eine Online-Konferenz an. Diesevirtuelle Teilausgabe der beiden Veranstaltungen findet vom 23. bis 25. Juni statt.\" \/>\n<meta name=\"robots\" content=\"index, follow, max-snippet:-1, max-image-preview:large, max-video-preview:-1\" \/>\n<link rel=\"canonical\" href=\"https:\/\/www.m-q.ch\/fr\/salon-professionnel-securite-au-travail-en-suisse-reporte\/\" \/>\n<meta property=\"og:locale\" content=\"fr_FR\" \/>\n<meta property=\"og:type\" content=\"article\" \/>\n<meta property=\"og:title\" content=\"Fachmesse ArbeitsSicherheit Schweiz verschoben - MQ Management und Qualit\u00e4t\" \/>\n<meta property=\"og:description\" content=\"Weltweit wirkt sich die Corona-Pandemie massiv auf alle geplanten Veranstaltungender n\u00e4chsten Monate aus. Die Veranstalter der Fachmessen ArbeitsSicherheitSchweiz und Swiss Corporate Fashion verschieben die Pr\u00e4senztermine auf denZeitraum vom 10. bis 12. November 2020. Um den Zeitraum konstruktiv zu\u00fcberbr\u00fccken, bietet das Projektteam kurzfristig eine Online-Konferenz an. Diesevirtuelle Teilausgabe der beiden Veranstaltungen findet vom 23. bis 25. Juni statt.\" \/>\n<meta property=\"og:url\" content=\"https:\/\/www.m-q.ch\/fr\/salon-professionnel-securite-au-travail-en-suisse-reporte\/\" \/>\n<meta property=\"og:site_name\" content=\"MQ Management und Qualit\u00e4t\" \/>\n<meta property=\"article:publisher\" content=\"https:\/\/www.facebook.com\/ManagementUndQualitaet\" \/>\n<meta property=\"article:published_time\" content=\"2020-05-13T10:22:56+00:00\" \/>\n<meta property=\"article:modified_time\" content=\"2021-02-10T11:27:05+00:00\" \/>\n<meta property=\"og:image\" content=\"https:\/\/www.m-q.ch\/wp-content\/uploads\/2021\/02\/05-5.jpg\" \/>\n\t<meta property=\"og:image:width\" content=\"315\" \/>\n\t<meta property=\"og:image:height\" content=\"206\" \/>\n\t<meta property=\"og:image:type\" content=\"image\/jpeg\" \/>\n<meta name=\"author\" content=\"upwork\" \/>\n<meta name=\"twitter:card\" content=\"summary_large_image\" \/>\n<meta name=\"twitter:label1\" content=\"\u00c9crit par\" \/>\n\t<meta name=\"twitter:data1\" content=\"upwork\" \/>\n\t<meta name=\"twitter:label2\" content=\"Dur\u00e9e de lecture estim\u00e9e\" \/>\n\t<meta name=\"twitter:data2\" content=\"2 minutes\" \/>\n<script type=\"application\/ld+json\" class=\"yoast-schema-graph\">{\"@context\":\"https:\/\/schema.org\",\"@graph\":[{\"@type\":\"Article\",\"@id\":\"https:\/\/www.m-q.ch\/fachmesse-arbeitssicherheit-schweiz-verschoben\/#article\",\"isPartOf\":{\"@id\":\"https:\/\/www.m-q.ch\/fachmesse-arbeitssicherheit-schweiz-verschoben\/\"},\"author\":{\"name\":\"upwork\",\"@id\":\"https:\/\/www.m-q.ch\/fr\/#\/schema\/person\/6044ff1d138701fac0f63fd4c5c93267\"},\"headline\":\"Fachmesse ArbeitsSicherheit Schweiz verschoben\",\"datePublished\":\"2020-05-13T10:22:56+00:00\",\"dateModified\":\"2021-02-10T11:27:05+00:00\",\"mainEntityOfPage\":{\"@id\":\"https:\/\/www.m-q.ch\/fachmesse-arbeitssicherheit-schweiz-verschoben\/\"},\"wordCount\":471,\"publisher\":{\"@id\":\"https:\/\/www.m-q.ch\/fr\/#organization\"},\"image\":{\"@id\":\"https:\/\/www.m-q.ch\/fachmesse-arbeitssicherheit-schweiz-verschoben\/#primaryimage\"},\"thumbnailUrl\":\"https:\/\/www.m-q.ch\/wp-content\/uploads\/2021\/02\/05-5.jpg\",\"keywords\":[\"05\/2020\"],\"articleSection\":[\"Risikomanagement\"],\"inLanguage\":\"fr-FR\"},{\"@type\":\"WebPage\",\"@id\":\"https:\/\/www.m-q.ch\/fachmesse-arbeitssicherheit-schweiz-verschoben\/\",\"url\":\"https:\/\/www.m-q.ch\/fachmesse-arbeitssicherheit-schweiz-verschoben\/\",\"name\":\"Fachmesse ArbeitsSicherheit Schweiz verschoben - MQ Management und Qualit\u00e4t\",\"isPartOf\":{\"@id\":\"https:\/\/www.m-q.ch\/fr\/#website\"},\"primaryImageOfPage\":{\"@id\":\"https:\/\/www.m-q.ch\/fachmesse-arbeitssicherheit-schweiz-verschoben\/#primaryimage\"},\"image\":{\"@id\":\"https:\/\/www.m-q.ch\/fachmesse-arbeitssicherheit-schweiz-verschoben\/#primaryimage\"},\"thumbnailUrl\":\"https:\/\/www.m-q.ch\/wp-content\/uploads\/2021\/02\/05-5.jpg\",\"datePublished\":\"2020-05-13T10:22:56+00:00\",\"dateModified\":\"2021-02-10T11:27:05+00:00\",\"description\":\"Weltweit wirkt sich die Corona-Pandemie massiv auf alle geplanten Veranstaltungender n\u00e4chsten Monate aus. Die Veranstalter der Fachmessen ArbeitsSicherheitSchweiz und Swiss Corporate Fashion verschieben die Pr\u00e4senztermine auf denZeitraum vom 10. bis 12. November 2020. Um den Zeitraum konstruktiv zu\u00fcberbr\u00fccken, bietet das Projektteam kurzfristig eine Online-Konferenz an. Diesevirtuelle Teilausgabe der beiden Veranstaltungen findet vom 23. bis 25. Juni statt.\",\"breadcrumb\":{\"@id\":\"https:\/\/www.m-q.ch\/fachmesse-arbeitssicherheit-schweiz-verschoben\/#breadcrumb\"},\"inLanguage\":\"fr-FR\",\"potentialAction\":[{\"@type\":\"ReadAction\",\"target\":[\"https:\/\/www.m-q.ch\/fachmesse-arbeitssicherheit-schweiz-verschoben\/\"]}]},{\"@type\":\"ImageObject\",\"inLanguage\":\"fr-FR\",\"@id\":\"https:\/\/www.m-q.ch\/fachmesse-arbeitssicherheit-schweiz-verschoben\/#primaryimage\",\"url\":\"https:\/\/www.m-q.ch\/wp-content\/uploads\/2021\/02\/05-5.jpg\",\"contentUrl\":\"https:\/\/www.m-q.ch\/wp-content\/uploads\/2021\/02\/05-5.jpg\",\"width\":315,\"height\":206},{\"@type\":\"BreadcrumbList\",\"@id\":\"https:\/\/www.m-q.ch\/fachmesse-arbeitssicherheit-schweiz-verschoben\/#breadcrumb\",\"itemListElement\":[{\"@type\":\"ListItem\",\"position\":1,\"name\":\"Risikomanagement\",\"item\":\"https:\/\/www.m-q.ch\/kategorie\/risikomanagement\/\"},{\"@type\":\"ListItem\",\"position\":2,\"name\":\"Fachmesse ArbeitsSicherheit Schweiz verschoben\"}]},{\"@type\":\"WebSite\",\"@id\":\"https:\/\/www.m-q.ch\/fr\/#website\",\"url\":\"https:\/\/www.m-q.ch\/fr\/\",\"name\":\"MQ Management und Qualit\u00e4t\",\"description\":\"Plattform f\u00fcr integrierte Managementsysteme.\",\"publisher\":{\"@id\":\"https:\/\/www.m-q.ch\/fr\/#organization\"},\"potentialAction\":[{\"@type\":\"SearchAction\",\"target\":{\"@type\":\"EntryPoint\",\"urlTemplate\":\"https:\/\/www.m-q.ch\/fr\/?s={search_term_string}\"},\"query-input\":{\"@type\":\"PropertyValueSpecification\",\"valueRequired\":true,\"valueName\":\"search_term_string\"}}],\"inLanguage\":\"fr-FR\"},{\"@type\":\"Organization\",\"@id\":\"https:\/\/www.m-q.ch\/fr\/#organization\",\"name\":\"Galledia Fachmedien AG\",\"url\":\"https:\/\/www.m-q.ch\/fr\/\",\"logo\":{\"@type\":\"ImageObject\",\"inLanguage\":\"fr-FR\",\"@id\":\"https:\/\/www.m-q.ch\/fr\/#\/schema\/logo\/image\/\",\"url\":\"https:\/\/www.m-q.ch\/wp-content\/uploads\/2020\/12\/cropped-logo_small.png\",\"contentUrl\":\"https:\/\/www.m-q.ch\/wp-content\/uploads\/2020\/12\/cropped-logo_small.png\",\"width\":512,\"height\":512,\"caption\":\"Galledia Fachmedien AG\"},\"image\":{\"@id\":\"https:\/\/www.m-q.ch\/fr\/#\/schema\/logo\/image\/\"},\"sameAs\":[\"https:\/\/www.facebook.com\/ManagementUndQualitaet\",\"https:\/\/www.linkedin.com\/showcase\/17982321\/admin\/\"]},{\"@type\":\"Person\",\"@id\":\"https:\/\/www.m-q.ch\/fr\/#\/schema\/person\/6044ff1d138701fac0f63fd4c5c93267\",\"name\":\"upwork\",\"image\":{\"@type\":\"ImageObject\",\"inLanguage\":\"fr-FR\",\"@id\":\"https:\/\/www.m-q.ch\/fr\/#\/schema\/person\/image\/\",\"url\":\"https:\/\/secure.gravatar.com\/avatar\/fe2de2b04483edb0f28eb7fd34d15d6c?s=96&d=mm&r=g\",\"contentUrl\":\"https:\/\/secure.gravatar.com\/avatar\/fe2de2b04483edb0f28eb7fd34d15d6c?s=96&d=mm&r=g\",\"caption\":\"upwork\"},\"description\":\"uf3J7(qCI6jN0^0y6%%0ti70\",\"url\":\"https:\/\/www.m-q.ch\/fr\/author\/upwork\/\"}]}<\/script>\n<!-- \/ Yoast SEO plugin. -->","yoast_head_json":{"title":"Report du salon ArbeitsSicherheit Schweiz - MQ Management und Qualit\u00e4t","description":"La pand\u00e9mie de Corona a un impact massif sur tous les \u00e9v\u00e9nements pr\u00e9vus pour les mois \u00e0 venir. Les organisateurs des salons ArbeitsSicherheitSchweiz et Swiss Corporate Fashion reportent les dates de participation \u00e0 la p\u00e9riode du 10 au 12 novembre 2020. Afin de combler cette p\u00e9riode de mani\u00e8re constructive, l'\u00e9quipe du projet propose une conf\u00e9rence en ligne \u00e0 br\u00e8ve \u00e9ch\u00e9ance. Cette \u00e9dition partielle virtuelle des deux \u00e9v\u00e9nements aura lieu du 23 au 25 juin.","robots":{"index":"index","follow":"follow","max-snippet":"max-snippet:-1","max-image-preview":"max-image-preview:large","max-video-preview":"max-video-preview:-1"},"canonical":"https:\/\/www.m-q.ch\/fr\/salon-professionnel-securite-au-travail-en-suisse-reporte\/","og_locale":"fr_FR","og_type":"article","og_title":"Fachmesse ArbeitsSicherheit Schweiz verschoben - MQ Management und Qualit\u00e4t","og_description":"Weltweit wirkt sich die Corona-Pandemie massiv auf alle geplanten Veranstaltungender n\u00e4chsten Monate aus. Die Veranstalter der Fachmessen ArbeitsSicherheitSchweiz und Swiss Corporate Fashion verschieben die Pr\u00e4senztermine auf denZeitraum vom 10. bis 12. November 2020. Um den Zeitraum konstruktiv zu\u00fcberbr\u00fccken, bietet das Projektteam kurzfristig eine Online-Konferenz an. Diesevirtuelle Teilausgabe der beiden Veranstaltungen findet vom 23. bis 25. Juni statt.","og_url":"https:\/\/www.m-q.ch\/fr\/salon-professionnel-securite-au-travail-en-suisse-reporte\/","og_site_name":"MQ Management und Qualit\u00e4t","article_publisher":"https:\/\/www.facebook.com\/ManagementUndQualitaet","article_published_time":"2020-05-13T10:22:56+00:00","article_modified_time":"2021-02-10T11:27:05+00:00","og_image":[{"width":315,"height":206,"url":"https:\/\/www.m-q.ch\/wp-content\/uploads\/2021\/02\/05-5.jpg","type":"image\/jpeg"}],"author":"upwork","twitter_card":"summary_large_image","twitter_misc":{"\u00c9crit par":"upwork","Dur\u00e9e de lecture estim\u00e9e":"2 minutes"},"schema":{"@context":"https:\/\/schema.org","@graph":[{"@type":"Article","@id":"https:\/\/www.m-q.ch\/fachmesse-arbeitssicherheit-schweiz-verschoben\/#article","isPartOf":{"@id":"https:\/\/www.m-q.ch\/fachmesse-arbeitssicherheit-schweiz-verschoben\/"},"author":{"name":"upwork","@id":"https:\/\/www.m-q.ch\/fr\/#\/schema\/person\/6044ff1d138701fac0f63fd4c5c93267"},"headline":"Fachmesse ArbeitsSicherheit Schweiz verschoben","datePublished":"2020-05-13T10:22:56+00:00","dateModified":"2021-02-10T11:27:05+00:00","mainEntityOfPage":{"@id":"https:\/\/www.m-q.ch\/fachmesse-arbeitssicherheit-schweiz-verschoben\/"},"wordCount":471,"publisher":{"@id":"https:\/\/www.m-q.ch\/fr\/#organization"},"image":{"@id":"https:\/\/www.m-q.ch\/fachmesse-arbeitssicherheit-schweiz-verschoben\/#primaryimage"},"thumbnailUrl":"https:\/\/www.m-q.ch\/wp-content\/uploads\/2021\/02\/05-5.jpg","keywords":["05\/2020"],"articleSection":["Risikomanagement"],"inLanguage":"fr-FR"},{"@type":"WebPage","@id":"https:\/\/www.m-q.ch\/fachmesse-arbeitssicherheit-schweiz-verschoben\/","url":"https:\/\/www.m-q.ch\/fachmesse-arbeitssicherheit-schweiz-verschoben\/","name":"Report du salon ArbeitsSicherheit Schweiz - MQ Management und Qualit\u00e4t","isPartOf":{"@id":"https:\/\/www.m-q.ch\/fr\/#website"},"primaryImageOfPage":{"@id":"https:\/\/www.m-q.ch\/fachmesse-arbeitssicherheit-schweiz-verschoben\/#primaryimage"},"image":{"@id":"https:\/\/www.m-q.ch\/fachmesse-arbeitssicherheit-schweiz-verschoben\/#primaryimage"},"thumbnailUrl":"https:\/\/www.m-q.ch\/wp-content\/uploads\/2021\/02\/05-5.jpg","datePublished":"2020-05-13T10:22:56+00:00","dateModified":"2021-02-10T11:27:05+00:00","description":"La pand\u00e9mie de Corona a un impact massif sur tous les \u00e9v\u00e9nements pr\u00e9vus pour les mois \u00e0 venir. Les organisateurs des salons ArbeitsSicherheitSchweiz et Swiss Corporate Fashion reportent les dates de participation \u00e0 la p\u00e9riode du 10 au 12 novembre 2020. Afin de combler cette p\u00e9riode de mani\u00e8re constructive, l'\u00e9quipe du projet propose une conf\u00e9rence en ligne \u00e0 br\u00e8ve \u00e9ch\u00e9ance. Cette \u00e9dition partielle virtuelle des deux \u00e9v\u00e9nements aura lieu du 23 au 25 juin.","breadcrumb":{"@id":"https:\/\/www.m-q.ch\/fachmesse-arbeitssicherheit-schweiz-verschoben\/#breadcrumb"},"inLanguage":"fr-FR","potentialAction":[{"@type":"ReadAction","target":["https:\/\/www.m-q.ch\/fachmesse-arbeitssicherheit-schweiz-verschoben\/"]}]},{"@type":"ImageObject","inLanguage":"fr-FR","@id":"https:\/\/www.m-q.ch\/fachmesse-arbeitssicherheit-schweiz-verschoben\/#primaryimage","url":"https:\/\/www.m-q.ch\/wp-content\/uploads\/2021\/02\/05-5.jpg","contentUrl":"https:\/\/www.m-q.ch\/wp-content\/uploads\/2021\/02\/05-5.jpg","width":315,"height":206},{"@type":"BreadcrumbList","@id":"https:\/\/www.m-q.ch\/fachmesse-arbeitssicherheit-schweiz-verschoben\/#breadcrumb","itemListElement":[{"@type":"ListItem","position":1,"name":"Risikomanagement","item":"https:\/\/www.m-q.ch\/kategorie\/risikomanagement\/"},{"@type":"ListItem","position":2,"name":"Fachmesse ArbeitsSicherheit Schweiz verschoben"}]},{"@type":"WebSite","@id":"https:\/\/www.m-q.ch\/fr\/#website","url":"https:\/\/www.m-q.ch\/fr\/","name":"Gestion et qualit\u00e9 du QM","description":"Plate-forme pour les syst\u00e8mes de gestion int\u00e9gr\u00e9e.","publisher":{"@id":"https:\/\/www.m-q.ch\/fr\/#organization"},"potentialAction":[{"@type":"SearchAction","target":{"@type":"EntryPoint","urlTemplate":"https:\/\/www.m-q.ch\/fr\/?s={search_term_string}"},"query-input":{"@type":"PropertyValueSpecification","valueRequired":true,"valueName":"search_term_string"}}],"inLanguage":"fr-FR"},{"@type":"Organization","@id":"https:\/\/www.m-q.ch\/fr\/#organization","name":"Galledia Trade Media AG","url":"https:\/\/www.m-q.ch\/fr\/","logo":{"@type":"ImageObject","inLanguage":"fr-FR","@id":"https:\/\/www.m-q.ch\/fr\/#\/schema\/logo\/image\/","url":"https:\/\/www.m-q.ch\/wp-content\/uploads\/2020\/12\/cropped-logo_small.png","contentUrl":"https:\/\/www.m-q.ch\/wp-content\/uploads\/2020\/12\/cropped-logo_small.png","width":512,"height":512,"caption":"Galledia Fachmedien AG"},"image":{"@id":"https:\/\/www.m-q.ch\/fr\/#\/schema\/logo\/image\/"},"sameAs":["https:\/\/www.facebook.com\/ManagementUndQualitaet","https:\/\/www.linkedin.com\/showcase\/17982321\/admin\/"]},{"@type":"Person","@id":"https:\/\/www.m-q.ch\/fr\/#\/schema\/person\/6044ff1d138701fac0f63fd4c5c93267","name":"upwork","image":{"@type":"ImageObject","inLanguage":"fr-FR","@id":"https:\/\/www.m-q.ch\/fr\/#\/schema\/person\/image\/","url":"https:\/\/secure.gravatar.com\/avatar\/fe2de2b04483edb0f28eb7fd34d15d6c?s=96&d=mm&r=g","contentUrl":"https:\/\/secure.gravatar.com\/avatar\/fe2de2b04483edb0f28eb7fd34d15d6c?s=96&d=mm&r=g","caption":"upwork"},"description":"uf3J7(qCI6jN0^0y6%%0ti70","url":"https:\/\/www.m-q.ch\/fr\/author\/upwork\/"}]}},"_links":{"self":[{"href":"https:\/\/www.m-q.ch\/fr\/wp-json\/wp\/v2\/posts\/10513","targetHints":{"allow":["GET"]}}],"collection":[{"href":"https:\/\/www.m-q.ch\/fr\/wp-json\/wp\/v2\/posts"}],"about":[{"href":"https:\/\/www.m-q.ch\/fr\/wp-json\/wp\/v2\/types\/post"}],"author":[{"embeddable":true,"href":"https:\/\/www.m-q.ch\/fr\/wp-json\/wp\/v2\/users\/60"}],"replies":[{"embeddable":true,"href":"https:\/\/www.m-q.ch\/fr\/wp-json\/wp\/v2\/comments?post=10513"}],"version-history":[{"count":1,"href":"https:\/\/www.m-q.ch\/fr\/wp-json\/wp\/v2\/posts\/10513\/revisions"}],"predecessor-version":[{"id":10516,"href":"https:\/\/www.m-q.ch\/fr\/wp-json\/wp\/v2\/posts\/10513\/revisions\/10516"}],"wp:featuredmedia":[{"embeddable":true,"href":"https:\/\/www.m-q.ch\/fr\/wp-json\/wp\/v2\/media\/10514"}],"wp:attachment":[{"href":"https:\/\/www.m-q.ch\/fr\/wp-json\/wp\/v2\/media?parent=10513"}],"wp:term":[{"taxonomy":"category","embeddable":true,"href":"https:\/\/www.m-q.ch\/fr\/wp-json\/wp\/v2\/categories?post=10513"},{"taxonomy":"post_tag","embeddable":true,"href":"https:\/\/www.m-q.ch\/fr\/wp-json\/wp\/v2\/tags?post=10513"}],"curies":[{"name":"wp","href":"https:\/\/api.w.org\/{rel}","templated":true}]}}