{"id":10526,"date":"2020-05-18T12:36:27","date_gmt":"2020-05-18T10:36:27","guid":{"rendered":"https:\/\/www.m-q.ch\/?p=10526"},"modified":"2021-02-10T12:41:10","modified_gmt":"2021-02-10T11:41:10","slug":"les-chefs-suisses-changent-moins-souvent","status":"publish","type":"post","link":"https:\/\/www.m-q.ch\/fr\/schweizer-chefs-wechseln-weniger-oft\/","title":{"rendered":"Les patrons suisses changent moins souvent"},"content":{"rendered":"<p><img loading=\"lazy\" decoding=\"async\" class=\"alignnone  wp-image-10527\" src=\"https:\/\/www.m-q.ch\/wp-content\/uploads\/2021\/02\/08-5.jpg\" alt=\"\" width=\"814\" height=\"931\" srcset=\"https:\/\/www.m-q.ch\/wp-content\/uploads\/2021\/02\/08-5.jpg 237w, https:\/\/www.m-q.ch\/wp-content\/uploads\/2021\/02\/08-5-10x12.jpg 10w, https:\/\/www.m-q.ch\/wp-content\/uploads\/2021\/02\/08-5-153x175.jpg 153w\" sizes=\"auto, (max-width: 814px) 100vw, 814px\" \/><\/p>\n<p>En Suisse, 10,4 % des 116 entreprises interrog\u00e9es ont connu moins de changements de PDG en 2018 qu'en 2014, la dur\u00e9e moyenne de mandat d'un PDG suisse \u00e9tant de 6,9 ans (au niveau mondial : 6,4 ans). Dans le cadre de l'\u00e9tude \"CEO Success\" de Strategy&amp;, le cabinet de conseil en strat\u00e9gie de PwC, les changements au sommet des 2500 plus grandes soci\u00e9t\u00e9s cot\u00e9es en bourse dans le monde ont \u00e9t\u00e9 analys\u00e9s. En Allemagne, en Autriche et en Suisse (r\u00e9gion DACH), le taux de variation en 2018 \u00e9tait de 16 %, en Allemagne m\u00eame de plus de 20 %.<\/p>\n<p>En moyenne mondiale, 17,5 % des directeurs g\u00e9n\u00e9raux ont quitt\u00e9 leur poste, le chiffre le plus \u00e9lev\u00e9 depuis le d\u00e9but de la s\u00e9rie d'\u00e9tudes en 2000.<\/p>\n<p><strong>Le gouvernement d'entreprise devient plus central <\/strong><\/p>\n<p>La gouvernance d'entreprise devient de plus en plus importante. En ce qui concerne les changements forc\u00e9s de PDG, pour la premi\u00e8re fois, plus de chefs d'entreprise dans le monde ont d\u00fb quitter leur poste en raison d'une mauvaise conduite \u00e9thique (39 %) que de mauvais r\u00e9sultats financiers (35 %). En comparaison internationale, les PDG qui se sont succ\u00e9d\u00e9 dans la r\u00e9gion du DACH en 2018 sont les plus jeunes chefs d'entreprise, avec une moyenne d'\u00e2ge de 50 ans (au niveau mondial : 53 ans).<\/p>\n<p>Avec 35 %, les entreprises du DACH comptent la plus grande proportion de PDG externes \u00e0 l'entreprise au niveau mondial (global : 17%), alors qu'en Suisse, un seul des douze successeurs est un outsider de l'entreprise. \"Avec les promotions internes, les entreprises suisses r\u00e9duisent d\u00e9lib\u00e9r\u00e9ment les risques li\u00e9s \u00e0 un changement de direction. Une succession interne pr\u00e9sente l'avantage que le nouveau PDG conna\u00eet d\u00e9j\u00e0 l'entreprise et sa culture et peut prendre les r\u00eanes sans longue p\u00e9riode d'initiation\", commente le Dr Peter Gassmann, responsable europ\u00e9en de la strat\u00e9gie&amp;.<\/p>\n<p>\"N\u00e9anmoins, les PDG nouvellement nomm\u00e9s sont confront\u00e9s \u00e0 de grandes t\u00e2ches dans tous les secteurs. En particulier, dans le contexte d'une d\u00e9t\u00e9rioration des perspectives \u00e9conomiques, l'\u00e9volution continue du mod\u00e8le \u00e9conomique vers les enjeux num\u00e9riques futurs doit \u00eatre une priorit\u00e9\".<\/p>\n<p><strong>L'exp\u00e9rience internationale pr\u00e9domine<\/strong><\/p>\n<p>L'exp\u00e9rience internationale est \u00e9galement de plus en plus demand\u00e9e dans les CV des cadres : 60 % des nouveaux PDG des pays germanophones ont d\u00e9j\u00e0 travaill\u00e9 dans d'autres r\u00e9gions du monde, ce qui est nettement sup\u00e9rieur \u00e0 la moyenne mondiale de 33 %. En outre, plus de deux fois plus de PDG nouvellement nomm\u00e9s dans la r\u00e9gion du DACH viennent de l'\u00e9tranger (32%) que la moyenne mondiale (15%).<\/p>\n<p>\"En raison de la forte densit\u00e9 d'entreprises actives sur le plan international, la Suisse compte une proportion particuli\u00e8rement importante de PDG ayant une exp\u00e9rience \u00e0 l'\u00e9tranger ou d'autres nationalit\u00e9s. La forte mise en r\u00e9seau mondiale des entreprises locales exige des comp\u00e9tences interculturelles, en particulier au niveau du management\", d\u00e9clare le Dr Daniel Diemers, partenaire de Strategy&amp; Switzerland. En ce qui concerne la diversit\u00e9 des sexes, les entreprises des pays germanophones n'ont montr\u00e9 aucune volont\u00e9 de progresser. Comme en 2015 \u00e0 2017, une seule femme a \u00e9t\u00e9 nomm\u00e9e PDG en 2018 dans les 300 entreprises du DACH \u00e9tudi\u00e9es. Le quota de femmes a donc diminu\u00e9 pour la quatri\u00e8me fois cons\u00e9cutive pour atteindre seulement 2,1 %, tandis que la proportion de femmes PDG dans le monde est pass\u00e9e de 6 % (2017) \u00e0 4,9 % (2018).<\/p>\n<p><strong> Les PDG de longue date ont-ils plus de succ\u00e8s ? <\/strong><\/p>\n<p>Malgr\u00e9 les nombreux changements dans la moyenne mondiale, une analyse sp\u00e9ciale des ann\u00e9es 2004 \u00e0 2018 montre que 19 % des chefs d'entreprise qui ont quitt\u00e9 leur poste dans le monde entier \u00e9taient des PDG dits de longue date : Ils ont occup\u00e9 leur poste pendant dix ans ou plus. En plus de leur long mandat au sommet, ces PDG se distinguent \u00e9galement de leurs pairs en termes de performances. Avec un rendement boursier m\u00e9dian de 5,7 %, ils ont obtenu des r\u00e9sultats financiers nettement meilleurs que la moyenne (3,3%).<\/p>\n<p>En revanche, les successeurs de ces grands interpr\u00e8tes ont connu des moments difficiles au sommet de la compagnie. Ils n'ont g\u00e9n\u00e9ralement pu obtenir que de moins bons r\u00e9sultats financiers et ont d\u00fb quitter leur poste au bout de 5,3 ans en moyenne, ce qui s'est \u00e9galement produit beaucoup plus fr\u00e9quemment de mani\u00e8re impr\u00e9vue : 35 % des PDG successeurs ont \u00e9t\u00e9 contraints de partir, tandis que 19 % seulement des PDG de longue date ont d\u00fb partir pr\u00e9matur\u00e9ment.<\/p>\n<p>\"Compte tenu des taux de rotation des PDG en constante augmentation au niveau mondial, un regard sur les PDG \u00e0 long terme est particuli\u00e8rement int\u00e9ressant. Les r\u00e9sultats financiers exceptionnels qu'ils ont obtenus en moyenne soul\u00e8vent la question de savoir combien de temps il faut \u00e0 un dirigeant \u00e0 la t\u00eate de l'entreprise pour pouvoir mettre en \u0153uvre ses plans avec succ\u00e8s. Parfois, la dur\u00e9e moyenne actuelle de 6,4 ans dans le monde ne suffit pas pour mettre en \u0153uvre avec succ\u00e8s des d\u00e9cisions strat\u00e9giques \u00e0 long terme\", explique le Dr Peter Gassmann.<\/p>\n<p>Avec 35 %, les entreprises du DACH comptent la plus grande proportion de PDG externes \u00e0 l'entreprise au niveau mondial (17 % au niveau mondial), alors qu'en Suisse, seul un successeur sur douze est externe \u00e0 l'entreprise. (Source : PwC)f<\/p>","protected":false},"excerpt":{"rendered":"<p>In der Schweiz standen 2018 mit 10,4 Prozent neu besetzten Chefposten so wenige Wechsel in den untersuchten 116 Unternehmen an wie zuletzt 2014. Die durchschnittliche Amtszeit eines Schweizer CEOs betrug dabei 6,9 Jahre (global: 6,4 Jahre). Im Rahmen der \u00abCEO Success\u00bb-Studie von Strategy&amp;, der Strategieberatung von PwC, wurden Ver\u00e4nderungen an den Spitzen der 2500 gr\u00f6ssten [&hellip;]<\/p>\n","protected":false},"author":60,"featured_media":10527,"comment_status":"closed","ping_status":"closed","sticky":false,"template":"","format":"standard","meta":{"_acf_changed":false,"footnotes":""},"categories":[4],"tags":[4745],"class_list":["post-10526","post","type-post","status-publish","format-standard","has-post-thumbnail","hentry","category-risikomanagement","tag-05-2020"],"acf":[],"yoast_head":"<!-- This site is optimized with the Yoast SEO plugin v26.2 - https:\/\/yoast.com\/wordpress\/plugins\/seo\/ -->\n<title>Schweizer Chefs wechseln weniger oft - MQ Management und Qualit\u00e4t<\/title>\n<meta name=\"description\" content=\"Schweizer CEOs sitzen deutlich sicherer im Chefsessel als ihre globalen Kollegen.Das zeigt die \u00abCEO Success\u00bb-Studie der Strategieberatung von PwC.\" \/>\n<meta name=\"robots\" content=\"index, follow, max-snippet:-1, max-image-preview:large, max-video-preview:-1\" \/>\n<link rel=\"canonical\" href=\"https:\/\/www.m-q.ch\/fr\/les-chefs-suisses-changent-moins-souvent\/\" \/>\n<meta property=\"og:locale\" content=\"fr_FR\" \/>\n<meta property=\"og:type\" content=\"article\" \/>\n<meta property=\"og:title\" content=\"Schweizer Chefs wechseln weniger oft - MQ Management und Qualit\u00e4t\" \/>\n<meta property=\"og:description\" content=\"Schweizer CEOs sitzen deutlich sicherer im Chefsessel als ihre globalen Kollegen.Das zeigt die \u00abCEO Success\u00bb-Studie der Strategieberatung von PwC.\" \/>\n<meta property=\"og:url\" content=\"https:\/\/www.m-q.ch\/fr\/les-chefs-suisses-changent-moins-souvent\/\" \/>\n<meta property=\"og:site_name\" content=\"MQ Management und Qualit\u00e4t\" \/>\n<meta property=\"article:publisher\" content=\"https:\/\/www.facebook.com\/ManagementUndQualitaet\" \/>\n<meta property=\"article:published_time\" content=\"2020-05-18T10:36:27+00:00\" \/>\n<meta property=\"article:modified_time\" content=\"2021-02-10T11:41:10+00:00\" \/>\n<meta property=\"og:image\" content=\"https:\/\/www.m-q.ch\/wp-content\/uploads\/2021\/02\/08-5.jpg\" \/>\n\t<meta property=\"og:image:width\" content=\"237\" \/>\n\t<meta property=\"og:image:height\" content=\"271\" \/>\n\t<meta property=\"og:image:type\" content=\"image\/jpeg\" \/>\n<meta name=\"author\" content=\"upwork\" \/>\n<meta name=\"twitter:card\" content=\"summary_large_image\" \/>\n<meta name=\"twitter:label1\" content=\"\u00c9crit par\" \/>\n\t<meta name=\"twitter:data1\" content=\"upwork\" \/>\n\t<meta name=\"twitter:label2\" content=\"Dur\u00e9e de lecture estim\u00e9e\" \/>\n\t<meta name=\"twitter:data2\" content=\"3 minutes\" \/>\n<script type=\"application\/ld+json\" class=\"yoast-schema-graph\">{\"@context\":\"https:\/\/schema.org\",\"@graph\":[{\"@type\":\"Article\",\"@id\":\"https:\/\/www.m-q.ch\/schweizer-chefs-wechseln-weniger-oft\/#article\",\"isPartOf\":{\"@id\":\"https:\/\/www.m-q.ch\/schweizer-chefs-wechseln-weniger-oft\/\"},\"author\":{\"name\":\"upwork\",\"@id\":\"https:\/\/www.m-q.ch\/fr\/#\/schema\/person\/6044ff1d138701fac0f63fd4c5c93267\"},\"headline\":\"Schweizer Chefs wechseln weniger oft\",\"datePublished\":\"2020-05-18T10:36:27+00:00\",\"dateModified\":\"2021-02-10T11:41:10+00:00\",\"mainEntityOfPage\":{\"@id\":\"https:\/\/www.m-q.ch\/schweizer-chefs-wechseln-weniger-oft\/\"},\"wordCount\":655,\"publisher\":{\"@id\":\"https:\/\/www.m-q.ch\/fr\/#organization\"},\"image\":{\"@id\":\"https:\/\/www.m-q.ch\/schweizer-chefs-wechseln-weniger-oft\/#primaryimage\"},\"thumbnailUrl\":\"https:\/\/www.m-q.ch\/wp-content\/uploads\/2021\/02\/08-5.jpg\",\"keywords\":[\"05\/2020\"],\"articleSection\":[\"Risikomanagement\"],\"inLanguage\":\"fr-FR\"},{\"@type\":\"WebPage\",\"@id\":\"https:\/\/www.m-q.ch\/schweizer-chefs-wechseln-weniger-oft\/\",\"url\":\"https:\/\/www.m-q.ch\/schweizer-chefs-wechseln-weniger-oft\/\",\"name\":\"Schweizer Chefs wechseln weniger oft - MQ Management und Qualit\u00e4t\",\"isPartOf\":{\"@id\":\"https:\/\/www.m-q.ch\/fr\/#website\"},\"primaryImageOfPage\":{\"@id\":\"https:\/\/www.m-q.ch\/schweizer-chefs-wechseln-weniger-oft\/#primaryimage\"},\"image\":{\"@id\":\"https:\/\/www.m-q.ch\/schweizer-chefs-wechseln-weniger-oft\/#primaryimage\"},\"thumbnailUrl\":\"https:\/\/www.m-q.ch\/wp-content\/uploads\/2021\/02\/08-5.jpg\",\"datePublished\":\"2020-05-18T10:36:27+00:00\",\"dateModified\":\"2021-02-10T11:41:10+00:00\",\"description\":\"Schweizer CEOs sitzen deutlich sicherer im Chefsessel als ihre globalen Kollegen.Das zeigt die \u00abCEO Success\u00bb-Studie der Strategieberatung von PwC.\",\"breadcrumb\":{\"@id\":\"https:\/\/www.m-q.ch\/schweizer-chefs-wechseln-weniger-oft\/#breadcrumb\"},\"inLanguage\":\"fr-FR\",\"potentialAction\":[{\"@type\":\"ReadAction\",\"target\":[\"https:\/\/www.m-q.ch\/schweizer-chefs-wechseln-weniger-oft\/\"]}]},{\"@type\":\"ImageObject\",\"inLanguage\":\"fr-FR\",\"@id\":\"https:\/\/www.m-q.ch\/schweizer-chefs-wechseln-weniger-oft\/#primaryimage\",\"url\":\"https:\/\/www.m-q.ch\/wp-content\/uploads\/2021\/02\/08-5.jpg\",\"contentUrl\":\"https:\/\/www.m-q.ch\/wp-content\/uploads\/2021\/02\/08-5.jpg\",\"width\":237,\"height\":271},{\"@type\":\"BreadcrumbList\",\"@id\":\"https:\/\/www.m-q.ch\/schweizer-chefs-wechseln-weniger-oft\/#breadcrumb\",\"itemListElement\":[{\"@type\":\"ListItem\",\"position\":1,\"name\":\"Risikomanagement\",\"item\":\"https:\/\/www.m-q.ch\/kategorie\/risikomanagement\/\"},{\"@type\":\"ListItem\",\"position\":2,\"name\":\"Schweizer Chefs wechseln weniger oft\"}]},{\"@type\":\"WebSite\",\"@id\":\"https:\/\/www.m-q.ch\/fr\/#website\",\"url\":\"https:\/\/www.m-q.ch\/fr\/\",\"name\":\"MQ Management und Qualit\u00e4t\",\"description\":\"Plattform f\u00fcr integrierte Managementsysteme.\",\"publisher\":{\"@id\":\"https:\/\/www.m-q.ch\/fr\/#organization\"},\"potentialAction\":[{\"@type\":\"SearchAction\",\"target\":{\"@type\":\"EntryPoint\",\"urlTemplate\":\"https:\/\/www.m-q.ch\/fr\/?s={search_term_string}\"},\"query-input\":{\"@type\":\"PropertyValueSpecification\",\"valueRequired\":true,\"valueName\":\"search_term_string\"}}],\"inLanguage\":\"fr-FR\"},{\"@type\":\"Organization\",\"@id\":\"https:\/\/www.m-q.ch\/fr\/#organization\",\"name\":\"Galledia Fachmedien AG\",\"url\":\"https:\/\/www.m-q.ch\/fr\/\",\"logo\":{\"@type\":\"ImageObject\",\"inLanguage\":\"fr-FR\",\"@id\":\"https:\/\/www.m-q.ch\/fr\/#\/schema\/logo\/image\/\",\"url\":\"https:\/\/www.m-q.ch\/wp-content\/uploads\/2020\/12\/cropped-logo_small.png\",\"contentUrl\":\"https:\/\/www.m-q.ch\/wp-content\/uploads\/2020\/12\/cropped-logo_small.png\",\"width\":512,\"height\":512,\"caption\":\"Galledia Fachmedien AG\"},\"image\":{\"@id\":\"https:\/\/www.m-q.ch\/fr\/#\/schema\/logo\/image\/\"},\"sameAs\":[\"https:\/\/www.facebook.com\/ManagementUndQualitaet\",\"https:\/\/www.linkedin.com\/showcase\/17982321\/admin\/\"]},{\"@type\":\"Person\",\"@id\":\"https:\/\/www.m-q.ch\/fr\/#\/schema\/person\/6044ff1d138701fac0f63fd4c5c93267\",\"name\":\"upwork\",\"image\":{\"@type\":\"ImageObject\",\"inLanguage\":\"fr-FR\",\"@id\":\"https:\/\/www.m-q.ch\/fr\/#\/schema\/person\/image\/\",\"url\":\"https:\/\/secure.gravatar.com\/avatar\/fe2de2b04483edb0f28eb7fd34d15d6c?s=96&d=mm&r=g\",\"contentUrl\":\"https:\/\/secure.gravatar.com\/avatar\/fe2de2b04483edb0f28eb7fd34d15d6c?s=96&d=mm&r=g\",\"caption\":\"upwork\"},\"description\":\"uf3J7(qCI6jN0^0y6%%0ti70\",\"url\":\"https:\/\/www.m-q.ch\/fr\/author\/upwork\/\"}]}<\/script>\n<!-- \/ Yoast SEO plugin. -->","yoast_head_json":{"title":"Les patrons suisses changent moins souvent - MQ Management und Qualit\u00e4t","description":"Les PDG suisses sont beaucoup plus s\u00fbrs dans le fauteuil du patron que leurs coll\u00e8gues internationaux, selon l'\u00e9tude \"CEO Success\" du cabinet de conseil en strat\u00e9gie PwC.","robots":{"index":"index","follow":"follow","max-snippet":"max-snippet:-1","max-image-preview":"max-image-preview:large","max-video-preview":"max-video-preview:-1"},"canonical":"https:\/\/www.m-q.ch\/fr\/les-chefs-suisses-changent-moins-souvent\/","og_locale":"fr_FR","og_type":"article","og_title":"Schweizer Chefs wechseln weniger oft - MQ Management und Qualit\u00e4t","og_description":"Schweizer CEOs sitzen deutlich sicherer im Chefsessel als ihre globalen Kollegen.Das zeigt die \u00abCEO Success\u00bb-Studie der Strategieberatung von PwC.","og_url":"https:\/\/www.m-q.ch\/fr\/les-chefs-suisses-changent-moins-souvent\/","og_site_name":"MQ Management und Qualit\u00e4t","article_publisher":"https:\/\/www.facebook.com\/ManagementUndQualitaet","article_published_time":"2020-05-18T10:36:27+00:00","article_modified_time":"2021-02-10T11:41:10+00:00","og_image":[{"width":237,"height":271,"url":"https:\/\/www.m-q.ch\/wp-content\/uploads\/2021\/02\/08-5.jpg","type":"image\/jpeg"}],"author":"upwork","twitter_card":"summary_large_image","twitter_misc":{"\u00c9crit par":"upwork","Dur\u00e9e de lecture estim\u00e9e":"3 minutes"},"schema":{"@context":"https:\/\/schema.org","@graph":[{"@type":"Article","@id":"https:\/\/www.m-q.ch\/schweizer-chefs-wechseln-weniger-oft\/#article","isPartOf":{"@id":"https:\/\/www.m-q.ch\/schweizer-chefs-wechseln-weniger-oft\/"},"author":{"name":"upwork","@id":"https:\/\/www.m-q.ch\/fr\/#\/schema\/person\/6044ff1d138701fac0f63fd4c5c93267"},"headline":"Schweizer Chefs wechseln weniger oft","datePublished":"2020-05-18T10:36:27+00:00","dateModified":"2021-02-10T11:41:10+00:00","mainEntityOfPage":{"@id":"https:\/\/www.m-q.ch\/schweizer-chefs-wechseln-weniger-oft\/"},"wordCount":655,"publisher":{"@id":"https:\/\/www.m-q.ch\/fr\/#organization"},"image":{"@id":"https:\/\/www.m-q.ch\/schweizer-chefs-wechseln-weniger-oft\/#primaryimage"},"thumbnailUrl":"https:\/\/www.m-q.ch\/wp-content\/uploads\/2021\/02\/08-5.jpg","keywords":["05\/2020"],"articleSection":["Risikomanagement"],"inLanguage":"fr-FR"},{"@type":"WebPage","@id":"https:\/\/www.m-q.ch\/schweizer-chefs-wechseln-weniger-oft\/","url":"https:\/\/www.m-q.ch\/schweizer-chefs-wechseln-weniger-oft\/","name":"Les patrons suisses changent moins souvent - MQ Management und Qualit\u00e4t","isPartOf":{"@id":"https:\/\/www.m-q.ch\/fr\/#website"},"primaryImageOfPage":{"@id":"https:\/\/www.m-q.ch\/schweizer-chefs-wechseln-weniger-oft\/#primaryimage"},"image":{"@id":"https:\/\/www.m-q.ch\/schweizer-chefs-wechseln-weniger-oft\/#primaryimage"},"thumbnailUrl":"https:\/\/www.m-q.ch\/wp-content\/uploads\/2021\/02\/08-5.jpg","datePublished":"2020-05-18T10:36:27+00:00","dateModified":"2021-02-10T11:41:10+00:00","description":"Les PDG suisses sont beaucoup plus s\u00fbrs dans le fauteuil du patron que leurs coll\u00e8gues internationaux, selon l'\u00e9tude \"CEO Success\" du cabinet de conseil en strat\u00e9gie PwC.","breadcrumb":{"@id":"https:\/\/www.m-q.ch\/schweizer-chefs-wechseln-weniger-oft\/#breadcrumb"},"inLanguage":"fr-FR","potentialAction":[{"@type":"ReadAction","target":["https:\/\/www.m-q.ch\/schweizer-chefs-wechseln-weniger-oft\/"]}]},{"@type":"ImageObject","inLanguage":"fr-FR","@id":"https:\/\/www.m-q.ch\/schweizer-chefs-wechseln-weniger-oft\/#primaryimage","url":"https:\/\/www.m-q.ch\/wp-content\/uploads\/2021\/02\/08-5.jpg","contentUrl":"https:\/\/www.m-q.ch\/wp-content\/uploads\/2021\/02\/08-5.jpg","width":237,"height":271},{"@type":"BreadcrumbList","@id":"https:\/\/www.m-q.ch\/schweizer-chefs-wechseln-weniger-oft\/#breadcrumb","itemListElement":[{"@type":"ListItem","position":1,"name":"Risikomanagement","item":"https:\/\/www.m-q.ch\/kategorie\/risikomanagement\/"},{"@type":"ListItem","position":2,"name":"Schweizer Chefs wechseln weniger oft"}]},{"@type":"WebSite","@id":"https:\/\/www.m-q.ch\/fr\/#website","url":"https:\/\/www.m-q.ch\/fr\/","name":"Gestion et qualit\u00e9 du QM","description":"Plate-forme pour les syst\u00e8mes de gestion int\u00e9gr\u00e9e.","publisher":{"@id":"https:\/\/www.m-q.ch\/fr\/#organization"},"potentialAction":[{"@type":"SearchAction","target":{"@type":"EntryPoint","urlTemplate":"https:\/\/www.m-q.ch\/fr\/?s={search_term_string}"},"query-input":{"@type":"PropertyValueSpecification","valueRequired":true,"valueName":"search_term_string"}}],"inLanguage":"fr-FR"},{"@type":"Organization","@id":"https:\/\/www.m-q.ch\/fr\/#organization","name":"Galledia Trade Media AG","url":"https:\/\/www.m-q.ch\/fr\/","logo":{"@type":"ImageObject","inLanguage":"fr-FR","@id":"https:\/\/www.m-q.ch\/fr\/#\/schema\/logo\/image\/","url":"https:\/\/www.m-q.ch\/wp-content\/uploads\/2020\/12\/cropped-logo_small.png","contentUrl":"https:\/\/www.m-q.ch\/wp-content\/uploads\/2020\/12\/cropped-logo_small.png","width":512,"height":512,"caption":"Galledia Fachmedien AG"},"image":{"@id":"https:\/\/www.m-q.ch\/fr\/#\/schema\/logo\/image\/"},"sameAs":["https:\/\/www.facebook.com\/ManagementUndQualitaet","https:\/\/www.linkedin.com\/showcase\/17982321\/admin\/"]},{"@type":"Person","@id":"https:\/\/www.m-q.ch\/fr\/#\/schema\/person\/6044ff1d138701fac0f63fd4c5c93267","name":"upwork","image":{"@type":"ImageObject","inLanguage":"fr-FR","@id":"https:\/\/www.m-q.ch\/fr\/#\/schema\/person\/image\/","url":"https:\/\/secure.gravatar.com\/avatar\/fe2de2b04483edb0f28eb7fd34d15d6c?s=96&d=mm&r=g","contentUrl":"https:\/\/secure.gravatar.com\/avatar\/fe2de2b04483edb0f28eb7fd34d15d6c?s=96&d=mm&r=g","caption":"upwork"},"description":"uf3J7(qCI6jN0^0y6%%0ti70","url":"https:\/\/www.m-q.ch\/fr\/author\/upwork\/"}]}},"_links":{"self":[{"href":"https:\/\/www.m-q.ch\/fr\/wp-json\/wp\/v2\/posts\/10526","targetHints":{"allow":["GET"]}}],"collection":[{"href":"https:\/\/www.m-q.ch\/fr\/wp-json\/wp\/v2\/posts"}],"about":[{"href":"https:\/\/www.m-q.ch\/fr\/wp-json\/wp\/v2\/types\/post"}],"author":[{"embeddable":true,"href":"https:\/\/www.m-q.ch\/fr\/wp-json\/wp\/v2\/users\/60"}],"replies":[{"embeddable":true,"href":"https:\/\/www.m-q.ch\/fr\/wp-json\/wp\/v2\/comments?post=10526"}],"version-history":[{"count":1,"href":"https:\/\/www.m-q.ch\/fr\/wp-json\/wp\/v2\/posts\/10526\/revisions"}],"predecessor-version":[{"id":10531,"href":"https:\/\/www.m-q.ch\/fr\/wp-json\/wp\/v2\/posts\/10526\/revisions\/10531"}],"wp:featuredmedia":[{"embeddable":true,"href":"https:\/\/www.m-q.ch\/fr\/wp-json\/wp\/v2\/media\/10527"}],"wp:attachment":[{"href":"https:\/\/www.m-q.ch\/fr\/wp-json\/wp\/v2\/media?parent=10526"}],"wp:term":[{"taxonomy":"category","embeddable":true,"href":"https:\/\/www.m-q.ch\/fr\/wp-json\/wp\/v2\/categories?post=10526"},{"taxonomy":"post_tag","embeddable":true,"href":"https:\/\/www.m-q.ch\/fr\/wp-json\/wp\/v2\/tags?post=10526"}],"curies":[{"name":"wp","href":"https:\/\/api.w.org\/{rel}","templated":true}]}}