{"id":10681,"date":"2018-06-23T09:25:14","date_gmt":"2018-06-23T07:25:14","guid":{"rendered":"https:\/\/www.m-q.ch\/?p=10681"},"modified":"2021-02-11T09:59:23","modified_gmt":"2021-02-11T08:59:23","slug":"sous-le-signe-de-lindustrie-4-0","status":"publish","type":"post","link":"https:\/\/www.m-q.ch\/fr\/im-zeichen-von-industrie-4-0\/","title":{"rendered":"Sous le signe de l'Industrie 4.0"},"content":{"rendered":"<p><img loading=\"lazy\" decoding=\"async\" class=\"alignnone size-full wp-image-10691\" src=\"https:\/\/www.m-q.ch\/wp-content\/uploads\/2021\/02\/Im-Zeichen-von-Industrie-4.0.jpg\" alt=\"Sous le signe de l&#039;Industrie 4.0\" width=\"878\" height=\"1240\" srcset=\"https:\/\/www.m-q.ch\/wp-content\/uploads\/2021\/02\/Im-Zeichen-von-Industrie-4.0.jpg 878w, https:\/\/www.m-q.ch\/wp-content\/uploads\/2021\/02\/Im-Zeichen-von-Industrie-4.0-768x1085.jpg 768w, https:\/\/www.m-q.ch\/wp-content\/uploads\/2021\/02\/Im-Zeichen-von-Industrie-4.0-8x12.jpg 8w, https:\/\/www.m-q.ch\/wp-content\/uploads\/2021\/02\/Im-Zeichen-von-Industrie-4.0-124x175.jpg 124w, https:\/\/www.m-q.ch\/wp-content\/uploads\/2021\/02\/Im-Zeichen-von-Industrie-4.0-248x350.jpg 248w, https:\/\/www.m-q.ch\/wp-content\/uploads\/2021\/02\/Im-Zeichen-von-Industrie-4.0-566x800.jpg 566w, https:\/\/www.m-q.ch\/wp-content\/uploads\/2021\/02\/Im-Zeichen-von-Industrie-4.0-300x424.jpg 300w\" sizes=\"auto, (max-width: 878px) 100vw, 878px\" \/><\/p>\n<p>&nbsp;<\/p>\n<p>&nbsp;<\/p>\n<p>La tendance vers l'Industrie 4.0 se poursuit cette ann\u00e9e. Les syst\u00e8mes deviennent plus rapides, plus faciles \u00e0 automatiser et les syst\u00e8mes sans contact, en particulier, connaissent un essor important.<\/p>\n<p><strong>Syst\u00e8me de mesure des microcoordonn\u00e9es<\/strong><br \/>\nAvec le nouveau \u03bcCMM, Alicona pr\u00e9sente pour la premi\u00e8re fois au salon Control un syst\u00e8me de mesure optique des microcoordonn\u00e9es, dont elle c\u00e9l\u00e8bre la premi\u00e8re mondiale.<\/p>\n<p>&nbsp;<\/p>\n<p>La combinaison d'une machine de mesure de coordonn\u00e9es classique et de la m\u00e9trologie optique des surfaces permet de mesurer la masse, la position, la forme et la rugosit\u00e9 des composants avec un seul capteur. La machine optique de mesure des coordonn\u00e9es offre une grande pr\u00e9cision g\u00e9om\u00e9trique, ce qui permet de mesurer les plus petits d\u00e9tails de la surface, y compris la d\u00e9termination pr\u00e9cise de la position des diff\u00e9rentes mesures les unes par rapport aux autres. La pr\u00e9cision 3D selon la norme ISO 10360-8 est E Uni:j:ODS,MPE = (0,8 + L\/600) \u00b5m (L en mm).<\/p>\n<p>&nbsp;<\/p>\n<p>Selon Alicona, le spectre des surfaces mesurables comprend tous les mat\u00e9riaux et composites couramment utilis\u00e9s dans l'industrie, tels que les plastiques, les PCD, les CFRP, les c\u00e9ramiques, le chrome, le silicium, etc. Les composants mats et polis ainsi que les composants r\u00e9fl\u00e9chissants peuvent \u00eatre mesur\u00e9s. Le volume de mesure est de 310 mm \u00d7 310 mm \u00d7 310 mm. Les axes \u00e0 coussin d'air avec entra\u00eenement lin\u00e9aire permettent une utilisation sans usure. Les lentilles peuvent \u00eatre chang\u00e9es automatiquement.<\/p>\n<p><strong>Nouveau corps d'\u00e9talonnage pour les syst\u00e8mes optiques et tactiles<\/strong><br \/>\nLe nouvel organisme d'\u00e9talonnage TOPIC \"Arena\" peut \u00eatre utilis\u00e9, entre autres, pour des tests interm\u00e9diaires efficaces selon la norme ISO 10360-1 des machines de mesure de microcoordonn\u00e9es. Le corps d'essai est constitu\u00e9 de sph\u00e8res optiquement coop\u00e9ratives d'une grande pr\u00e9cision de forme. Gr\u00e2ce \u00e0 la disposition syst\u00e9matique dans l'espace, il est possible de d\u00e9terminer les param\u00e8tres requis d'un essai interm\u00e9diaire ainsi que d'un essai d'acceptation et de confirmation selon la norme ISO 10360-1 avec un seul serrage.<\/p>\n<p>&nbsp;<\/p>\n<p>Cet organisme d'\u00e9talonnage a \u00e9t\u00e9 d\u00e9velopp\u00e9 gr\u00e2ce \u00e0 la coop\u00e9ration fructueuse de Saphirwerk AG, de l'Institut f\u00e9d\u00e9ral suisse de m\u00e9trologie METAS, de la NTB Interstate University of Applied Sciences Buchs et des partenaires industriels ETA SA et SFS intec.<\/p>\n<p><strong>Werth Interferometer Probe WIP<\/strong><br \/>\nAvec les capteurs optiques conventionnels, les caract\u00e9ristiques \u00e9troites et basses, comme les entrefers des moteurs \u00e9lectriques, ne sont souvent pas mesurables. Les capteurs de distance laser, les capteurs de mise au point chromatique et les capteurs confocaux, par exemple, \u00e9chouent en raison de l'ouverture des objectifs et souvent la distance de travail est trop courte pour d\u00e9tecter les caract\u00e9ristiques sans collision. Avec la sonde interf\u00e9rom\u00e9trique Werth (WIP), Werth dispose d'un capteur \u00e0 fibre optique de haute pr\u00e9cision qui permet de mesurer par interf\u00e9rence.<\/p>\n<p>&nbsp;<\/p>\n<p>La sonde de mesure est une fibre de verre conductrice de lumi\u00e8re d'un diam\u00e8tre standard de 125 \u03bcm. Des diam\u00e8tres plus petits sont \u00e9galement possibles. La g\u00e9om\u00e9trie des sondes peut \u00eatre adapt\u00e9e individuellement aux exigences de la t\u00e2che de mesure, par exemple des sondes droites ou coud\u00e9es sont possibles. Le meulage de la sonde d\u00e9termine l'angle de sortie du faisceau de mesure entre 0\u00b0 et 90\u00b0. Des sondes avec un angle de 90\u00b0 sont utilis\u00e9es, par exemple, pour mesurer les surfaces lat\u00e9rales de petits trous.<\/p>\n<p>&nbsp;<\/p>\n<p>La version RS du WIP permet de mesurer la circularit\u00e9 avec une grande pr\u00e9cision gr\u00e2ce \u00e0 une sonde rotative. Avec cela, seul l'axe de rotation du capteur \u00e0 g\u00e9om\u00e9trie corrig\u00e9e est d\u00e9plac\u00e9. Cela permet de mesurer la rondeur avec des \u00e9carts de mesure d'environ 100 nm. Une autre possibilit\u00e9 consiste \u00e0 d\u00e9placer le palpeur sur une trajectoire circulaire pendant la rotation avec les axes cart\u00e9siens de la machine de mesure des coordonn\u00e9es et donc \u00e0 mesurer \u00e9galement des \u00e9l\u00e9ments g\u00e9om\u00e9triques plus grands.<\/p>\n<p><strong>Logiciel pour la d\u00e9termination de l'incertitude de mesure (VCMM)<\/strong><br \/>\nUn r\u00e9sultat de mesure complet comprend toujours une incertitude de mesure en plus de la valeur mesur\u00e9e. C'est un \u00e9l\u00e9ment essentiel de l'assurance qualit\u00e9, car sans l'incertitude de mesure, une \u00e9valuation des tol\u00e9rances n'est pas possible. L'automatisation croissante de l'industrie 4.0 exige \u00e9galement une automatisation de la d\u00e9termination de l'incertitude de mesure. Depuis le d\u00e9but des ann\u00e9es 1990, le PTB d\u00e9veloppe une \"machine virtuelle de mesure des coordonn\u00e9es\" (VCMM). Depuis lors, elle a \u00e9t\u00e9 adapt\u00e9e et optimis\u00e9e \u00e0 la technologie de mesure moderne.<\/p>\n<p>&nbsp;<\/p>\n<p>La d\u00e9termination de l'incertitude de mesure d'une t\u00e2che de mesure 3D complexe \u00e0 l'aide de simulations de Monte Carlo est une m\u00e9thode efficace en termes de temps et de co\u00fbt. Pour d\u00e9terminer l'incertitude de mesure, un grand nombre de mesures r\u00e9p\u00e9t\u00e9es sont simul\u00e9es \u00e0 l'aide d'un ordinateur dans le VCMM. Les mesures sont simul\u00e9es dans un environnement virtuel. Pour ce faire, les points de mesure enregistr\u00e9s sont modifi\u00e9s en fonction de distributions de probabilit\u00e9 et de param\u00e8tres d'entr\u00e9e sp\u00e9cifi\u00e9s, formant ainsi un nuage de points r\u00e9aliste. Ces donn\u00e9es sont maintenant \u00e9valu\u00e9es de la m\u00eame mani\u00e8re que la premi\u00e8re mesure r\u00e9elle. Un relev\u00e9 statistique peut d\u00e9sormais \u00eatre effectu\u00e9 en r\u00e9p\u00e9tant ce processus plusieurs fois.<\/p>\n<p>&nbsp;<\/p>\n<p>Afin de v\u00e9rifier la version actuelle du VCMM (y compris le balayage) comme m\u00e9thode de d\u00e9termination de l'incertitude de mesure sp\u00e9cifique \u00e0 la t\u00e2che, la PTB a effectu\u00e9 des mesures de comparaison coordonn\u00e9es. C'est une \u00e9tape importante vers la v\u00e9rification pr\u00e9coce du VCMM afin qu'il puisse \u00eatre utilis\u00e9 dans les laboratoires de mesure et les laboratoires d'\u00e9talonnage accr\u00e9dit\u00e9s pour la d\u00e9termination de l'incertitude de mesure.<\/p>\n<p><strong>Tomographe informatique GOM<\/strong><br \/>\nGr\u00e2ce \u00e0 la tomodensitom\u00e9trie (CT), il est d\u00e9j\u00e0 possible aujourd'hui de r\u00e9aliser des mesures qui ne peuvent plus \u00eatre couvertes par d'autres principes de mesure. Par exemple, il est possible de mesurer les composants fabriqu\u00e9s par fabrication additive, dont les structures internes ne sont ni tactiles ni optiquement accessibles.<\/p>\n<p>&nbsp;<\/p>\n<p>La soci\u00e9t\u00e9 GOM propose \u00e9galement la tomographie par ordinateur et est donc entr\u00e9e dans le domaine assez tardivement. Un syst\u00e8me cin\u00e9matique \u00e0 5 axes assure le positionnement automatique des composants. Le syst\u00e8me est calibr\u00e9 par \u00e9talonnage photogramm\u00e9trique dans toutes les positions de mesure possibles. Une autre caract\u00e9ristique est que la circulation de l'air \u00e0 l'int\u00e9rieur du TC garantit que la m\u00eame temp\u00e9rature r\u00e8gne dans la zone de travail que dans la zone de stockage \u00e0 l'ext\u00e9rieur du TC. Cela permet de contr\u00f4ler les conditions de temp\u00e9rature sans avoir besoin d'une climatisation co\u00fbteuse \u00e0 l'int\u00e9rieur du scanner. Les donn\u00e9es sont \u00e9valu\u00e9es \u00e0 l'aide du logiciel GOM Inspect, qui est \u00e9galement capable de traiter les donn\u00e9es de CT d'autres fabricants depuis l'ann\u00e9e derni\u00e8re.<\/p>\n<p><strong>Syst\u00e8me CT avec chambre climatique int\u00e9gr\u00e9e<\/strong><br \/>\nAvec le scanner in-situ Diondo, les pi\u00e8ces peuvent \u00eatre examin\u00e9es dans des conditions de fonctionnement r\u00e9alistes. Les constructeurs automobiles, par exemple, b\u00e9n\u00e9ficient de cette m\u00e9thode combin\u00e9e : la densit\u00e9 \u00e9nerg\u00e9tique \u00e9lev\u00e9e des batteries Li-ion utilis\u00e9es pour la mobilit\u00e9 \u00e9lectrique soul\u00e8ve des questions de s\u00e9curit\u00e9 : comment la temp\u00e9rature affecte-t-elle la structure et la g\u00e9om\u00e9trie internes ? Quel est le comportement \u00e0 long terme<br \/>\ndes temp\u00e9ratures \u00e9lev\u00e9es ou basses persistantes ou de fortes fluctuations de temp\u00e9rature ? La tomographie in situ fournit une vue \u00e0 haute r\u00e9solution de l'int\u00e9rieur de la batterie. Cela se fait \u00e0 des temp\u00e9ratures allant de -72 \u00e0 +180 \u00b0C.<\/p>","protected":false},"excerpt":{"rendered":"<p>&nbsp; &nbsp; Auch in diesem Jahr geht der Trend zu Indus-trie 4.0 weiter. Die Systeme werden schneller, einfacher automatisierbar und insbesondere ber\u00fchrungslose Systeme verzeichnen einen grossen Aufschwung. Mikrokoordinatenmesssystem Mit dem neuen \u03bcCMM stellt Alicona an der Control erstmals ein optisches Mikrokoordi-natenmesssystem vor und feierte damit seine Weltpremiere. &nbsp; Die Verbindung eines klassischen Koor-dinatenmessger\u00e4ts und der [&hellip;]<\/p>\n","protected":false},"author":62,"featured_media":10691,"comment_status":"closed","ping_status":"closed","sticky":false,"template":"","format":"standard","meta":{"_acf_changed":false,"footnotes":""},"categories":[4448],"tags":[4752],"class_list":["post-10681","post","type-post","status-publish","format-standard","has-post-thumbnail","hentry","category-allgemein","tag-06-2018"],"acf":[],"yoast_head":"<!-- This site is optimized with the Yoast SEO plugin v26.2 - https:\/\/yoast.com\/wordpress\/plugins\/seo\/ -->\n<title>Im Zeichen von Industrie 4.0 - MQ Management und Qualit\u00e4t<\/title>\n<meta name=\"description\" content=\"Mit 883 Ausstellern aus 31 L\u00e4ndern wurde die Control 2018 nochmals gr\u00f6sser und konnte damit ihren Stellenwert als internationale Leitmesse f\u00fcr die Qualit\u00e4tssiche-rung festigen. Die Internationalit\u00e4t widerspiegelten auch die 28\u2009241 registrierten Fachbesucher aus 98 Nationen. Wir zeigen hier ein paar interessante Messtechnik-produkte, die in Stuttgart vorgestellt wurden.\" \/>\n<meta name=\"robots\" content=\"index, follow, max-snippet:-1, max-image-preview:large, max-video-preview:-1\" \/>\n<link rel=\"canonical\" href=\"https:\/\/www.m-q.ch\/fr\/sous-le-signe-de-lindustrie-4-0\/\" \/>\n<meta property=\"og:locale\" content=\"fr_FR\" \/>\n<meta property=\"og:type\" content=\"article\" \/>\n<meta property=\"og:title\" content=\"Im Zeichen von Industrie 4.0 - MQ Management und Qualit\u00e4t\" \/>\n<meta property=\"og:description\" content=\"Mit 883 Ausstellern aus 31 L\u00e4ndern wurde die Control 2018 nochmals gr\u00f6sser und konnte damit ihren Stellenwert als internationale Leitmesse f\u00fcr die Qualit\u00e4tssiche-rung festigen. Die Internationalit\u00e4t widerspiegelten auch die 28\u2009241 registrierten Fachbesucher aus 98 Nationen. Wir zeigen hier ein paar interessante Messtechnik-produkte, die in Stuttgart vorgestellt wurden.\" \/>\n<meta property=\"og:url\" content=\"https:\/\/www.m-q.ch\/fr\/sous-le-signe-de-lindustrie-4-0\/\" \/>\n<meta property=\"og:site_name\" content=\"MQ Management und Qualit\u00e4t\" \/>\n<meta property=\"article:publisher\" content=\"https:\/\/www.facebook.com\/ManagementUndQualitaet\" \/>\n<meta property=\"article:published_time\" content=\"2018-06-23T07:25:14+00:00\" \/>\n<meta property=\"article:modified_time\" content=\"2021-02-11T08:59:23+00:00\" \/>\n<meta property=\"og:image\" content=\"https:\/\/www.m-q.ch\/wp-content\/uploads\/2021\/02\/Im-Zeichen-von-Industrie-4.0.jpg\" \/>\n\t<meta property=\"og:image:width\" content=\"878\" \/>\n\t<meta property=\"og:image:height\" content=\"1240\" \/>\n\t<meta property=\"og:image:type\" content=\"image\/jpeg\" \/>\n<meta name=\"author\" content=\"upwork_2\" \/>\n<meta name=\"twitter:card\" content=\"summary_large_image\" \/>\n<meta name=\"twitter:label1\" content=\"\u00c9crit par\" \/>\n\t<meta name=\"twitter:data1\" content=\"upwork_2\" \/>\n\t<meta name=\"twitter:label2\" content=\"Dur\u00e9e de lecture estim\u00e9e\" \/>\n\t<meta name=\"twitter:data2\" content=\"5 minutes\" \/>\n<script type=\"application\/ld+json\" class=\"yoast-schema-graph\">{\"@context\":\"https:\/\/schema.org\",\"@graph\":[{\"@type\":\"Article\",\"@id\":\"https:\/\/www.m-q.ch\/im-zeichen-von-industrie-4-0\/#article\",\"isPartOf\":{\"@id\":\"https:\/\/www.m-q.ch\/im-zeichen-von-industrie-4-0\/\"},\"author\":{\"name\":\"upwork_2\",\"@id\":\"https:\/\/www.m-q.ch\/fr\/#\/schema\/person\/71f647a41e4a3e361e6230f5134f3ba9\"},\"headline\":\"Im Zeichen von Industrie 4.0\",\"datePublished\":\"2018-06-23T07:25:14+00:00\",\"dateModified\":\"2021-02-11T08:59:23+00:00\",\"mainEntityOfPage\":{\"@id\":\"https:\/\/www.m-q.ch\/im-zeichen-von-industrie-4-0\/\"},\"wordCount\":935,\"publisher\":{\"@id\":\"https:\/\/www.m-q.ch\/fr\/#organization\"},\"image\":{\"@id\":\"https:\/\/www.m-q.ch\/im-zeichen-von-industrie-4-0\/#primaryimage\"},\"thumbnailUrl\":\"https:\/\/www.m-q.ch\/wp-content\/uploads\/2021\/02\/Im-Zeichen-von-Industrie-4.0.jpg\",\"keywords\":[\"06\/2018\"],\"articleSection\":[\"Allgemein\"],\"inLanguage\":\"fr-FR\"},{\"@type\":\"WebPage\",\"@id\":\"https:\/\/www.m-q.ch\/im-zeichen-von-industrie-4-0\/\",\"url\":\"https:\/\/www.m-q.ch\/im-zeichen-von-industrie-4-0\/\",\"name\":\"Im Zeichen von Industrie 4.0 - MQ Management und Qualit\u00e4t\",\"isPartOf\":{\"@id\":\"https:\/\/www.m-q.ch\/fr\/#website\"},\"primaryImageOfPage\":{\"@id\":\"https:\/\/www.m-q.ch\/im-zeichen-von-industrie-4-0\/#primaryimage\"},\"image\":{\"@id\":\"https:\/\/www.m-q.ch\/im-zeichen-von-industrie-4-0\/#primaryimage\"},\"thumbnailUrl\":\"https:\/\/www.m-q.ch\/wp-content\/uploads\/2021\/02\/Im-Zeichen-von-Industrie-4.0.jpg\",\"datePublished\":\"2018-06-23T07:25:14+00:00\",\"dateModified\":\"2021-02-11T08:59:23+00:00\",\"description\":\"Mit 883 Ausstellern aus 31 L\u00e4ndern wurde die Control 2018 nochmals gr\u00f6sser und konnte damit ihren Stellenwert als internationale Leitmesse f\u00fcr die Qualit\u00e4tssiche-rung festigen. Die Internationalit\u00e4t widerspiegelten auch die 28\u2009241 registrierten Fachbesucher aus 98 Nationen. Wir zeigen hier ein paar interessante Messtechnik-produkte, die in Stuttgart vorgestellt wurden.\",\"breadcrumb\":{\"@id\":\"https:\/\/www.m-q.ch\/im-zeichen-von-industrie-4-0\/#breadcrumb\"},\"inLanguage\":\"fr-FR\",\"potentialAction\":[{\"@type\":\"ReadAction\",\"target\":[\"https:\/\/www.m-q.ch\/im-zeichen-von-industrie-4-0\/\"]}]},{\"@type\":\"ImageObject\",\"inLanguage\":\"fr-FR\",\"@id\":\"https:\/\/www.m-q.ch\/im-zeichen-von-industrie-4-0\/#primaryimage\",\"url\":\"https:\/\/www.m-q.ch\/wp-content\/uploads\/2021\/02\/Im-Zeichen-von-Industrie-4.0.jpg\",\"contentUrl\":\"https:\/\/www.m-q.ch\/wp-content\/uploads\/2021\/02\/Im-Zeichen-von-Industrie-4.0.jpg\",\"width\":878,\"height\":1240,\"caption\":\"Im Zeichen von Industrie 4.0\"},{\"@type\":\"BreadcrumbList\",\"@id\":\"https:\/\/www.m-q.ch\/im-zeichen-von-industrie-4-0\/#breadcrumb\",\"itemListElement\":[{\"@type\":\"ListItem\",\"position\":1,\"name\":\"Allgemein\",\"item\":\"https:\/\/www.m-q.ch\/kategorie\/allgemein\/\"},{\"@type\":\"ListItem\",\"position\":2,\"name\":\"Im Zeichen von Industrie 4.0\"}]},{\"@type\":\"WebSite\",\"@id\":\"https:\/\/www.m-q.ch\/fr\/#website\",\"url\":\"https:\/\/www.m-q.ch\/fr\/\",\"name\":\"MQ Management und Qualit\u00e4t\",\"description\":\"Plattform f\u00fcr integrierte Managementsysteme.\",\"publisher\":{\"@id\":\"https:\/\/www.m-q.ch\/fr\/#organization\"},\"potentialAction\":[{\"@type\":\"SearchAction\",\"target\":{\"@type\":\"EntryPoint\",\"urlTemplate\":\"https:\/\/www.m-q.ch\/fr\/?s={search_term_string}\"},\"query-input\":{\"@type\":\"PropertyValueSpecification\",\"valueRequired\":true,\"valueName\":\"search_term_string\"}}],\"inLanguage\":\"fr-FR\"},{\"@type\":\"Organization\",\"@id\":\"https:\/\/www.m-q.ch\/fr\/#organization\",\"name\":\"Galledia Fachmedien AG\",\"url\":\"https:\/\/www.m-q.ch\/fr\/\",\"logo\":{\"@type\":\"ImageObject\",\"inLanguage\":\"fr-FR\",\"@id\":\"https:\/\/www.m-q.ch\/fr\/#\/schema\/logo\/image\/\",\"url\":\"https:\/\/www.m-q.ch\/wp-content\/uploads\/2020\/12\/cropped-logo_small.png\",\"contentUrl\":\"https:\/\/www.m-q.ch\/wp-content\/uploads\/2020\/12\/cropped-logo_small.png\",\"width\":512,\"height\":512,\"caption\":\"Galledia Fachmedien AG\"},\"image\":{\"@id\":\"https:\/\/www.m-q.ch\/fr\/#\/schema\/logo\/image\/\"},\"sameAs\":[\"https:\/\/www.facebook.com\/ManagementUndQualitaet\",\"https:\/\/www.linkedin.com\/showcase\/17982321\/admin\/\"]},{\"@type\":\"Person\",\"@id\":\"https:\/\/www.m-q.ch\/fr\/#\/schema\/person\/71f647a41e4a3e361e6230f5134f3ba9\",\"name\":\"upwork_2\",\"image\":{\"@type\":\"ImageObject\",\"inLanguage\":\"fr-FR\",\"@id\":\"https:\/\/www.m-q.ch\/fr\/#\/schema\/person\/image\/\",\"url\":\"https:\/\/secure.gravatar.com\/avatar\/777b90ab56092bbf3c85feacda5c1bce?s=96&d=mm&r=g\",\"contentUrl\":\"https:\/\/secure.gravatar.com\/avatar\/777b90ab56092bbf3c85feacda5c1bce?s=96&d=mm&r=g\",\"caption\":\"upwork_2\"},\"url\":\"https:\/\/www.m-q.ch\/fr\/author\/upwork_2\/\"}]}<\/script>\n<!-- \/ Yoast SEO plugin. -->","yoast_head_json":{"title":"Sous le signe de l'industrie 4.0 - Gestion et qualit\u00e9 du QM","description":"Avec 883 exposants de 31 pays, Control 2018 s'est une fois de plus agrandi et a ainsi pu consolider sa position de salon international de r\u00e9f\u00e9rence pour l'assurance qualit\u00e9. L'internationalit\u00e9 se refl\u00e8te \u00e9galement dans les 28 241 visiteurs professionnels de 98 pays. Nous pr\u00e9sentons ici quelques produits int\u00e9ressants en mati\u00e8re de technologie de mesure qui ont \u00e9t\u00e9 pr\u00e9sent\u00e9s \u00e0 Stuttgart.","robots":{"index":"index","follow":"follow","max-snippet":"max-snippet:-1","max-image-preview":"max-image-preview:large","max-video-preview":"max-video-preview:-1"},"canonical":"https:\/\/www.m-q.ch\/fr\/sous-le-signe-de-lindustrie-4-0\/","og_locale":"fr_FR","og_type":"article","og_title":"Im Zeichen von Industrie 4.0 - MQ Management und Qualit\u00e4t","og_description":"Mit 883 Ausstellern aus 31 L\u00e4ndern wurde die Control 2018 nochmals gr\u00f6sser und konnte damit ihren Stellenwert als internationale Leitmesse f\u00fcr die Qualit\u00e4tssiche-rung festigen. Die Internationalit\u00e4t widerspiegelten auch die 28\u2009241 registrierten Fachbesucher aus 98 Nationen. Wir zeigen hier ein paar interessante Messtechnik-produkte, die in Stuttgart vorgestellt wurden.","og_url":"https:\/\/www.m-q.ch\/fr\/sous-le-signe-de-lindustrie-4-0\/","og_site_name":"MQ Management und Qualit\u00e4t","article_publisher":"https:\/\/www.facebook.com\/ManagementUndQualitaet","article_published_time":"2018-06-23T07:25:14+00:00","article_modified_time":"2021-02-11T08:59:23+00:00","og_image":[{"width":878,"height":1240,"url":"https:\/\/www.m-q.ch\/wp-content\/uploads\/2021\/02\/Im-Zeichen-von-Industrie-4.0.jpg","type":"image\/jpeg"}],"author":"upwork_2","twitter_card":"summary_large_image","twitter_misc":{"\u00c9crit par":"upwork_2","Dur\u00e9e de lecture estim\u00e9e":"5 minutes"},"schema":{"@context":"https:\/\/schema.org","@graph":[{"@type":"Article","@id":"https:\/\/www.m-q.ch\/im-zeichen-von-industrie-4-0\/#article","isPartOf":{"@id":"https:\/\/www.m-q.ch\/im-zeichen-von-industrie-4-0\/"},"author":{"name":"upwork_2","@id":"https:\/\/www.m-q.ch\/fr\/#\/schema\/person\/71f647a41e4a3e361e6230f5134f3ba9"},"headline":"Im Zeichen von Industrie 4.0","datePublished":"2018-06-23T07:25:14+00:00","dateModified":"2021-02-11T08:59:23+00:00","mainEntityOfPage":{"@id":"https:\/\/www.m-q.ch\/im-zeichen-von-industrie-4-0\/"},"wordCount":935,"publisher":{"@id":"https:\/\/www.m-q.ch\/fr\/#organization"},"image":{"@id":"https:\/\/www.m-q.ch\/im-zeichen-von-industrie-4-0\/#primaryimage"},"thumbnailUrl":"https:\/\/www.m-q.ch\/wp-content\/uploads\/2021\/02\/Im-Zeichen-von-Industrie-4.0.jpg","keywords":["06\/2018"],"articleSection":["Allgemein"],"inLanguage":"fr-FR"},{"@type":"WebPage","@id":"https:\/\/www.m-q.ch\/im-zeichen-von-industrie-4-0\/","url":"https:\/\/www.m-q.ch\/im-zeichen-von-industrie-4-0\/","name":"Sous le signe de l'industrie 4.0 - Gestion et qualit\u00e9 du QM","isPartOf":{"@id":"https:\/\/www.m-q.ch\/fr\/#website"},"primaryImageOfPage":{"@id":"https:\/\/www.m-q.ch\/im-zeichen-von-industrie-4-0\/#primaryimage"},"image":{"@id":"https:\/\/www.m-q.ch\/im-zeichen-von-industrie-4-0\/#primaryimage"},"thumbnailUrl":"https:\/\/www.m-q.ch\/wp-content\/uploads\/2021\/02\/Im-Zeichen-von-Industrie-4.0.jpg","datePublished":"2018-06-23T07:25:14+00:00","dateModified":"2021-02-11T08:59:23+00:00","description":"Avec 883 exposants de 31 pays, Control 2018 s'est une fois de plus agrandi et a ainsi pu consolider sa position de salon international de r\u00e9f\u00e9rence pour l'assurance qualit\u00e9. L'internationalit\u00e9 se refl\u00e8te \u00e9galement dans les 28 241 visiteurs professionnels de 98 pays. Nous pr\u00e9sentons ici quelques produits int\u00e9ressants en mati\u00e8re de technologie de mesure qui ont \u00e9t\u00e9 pr\u00e9sent\u00e9s \u00e0 Stuttgart.","breadcrumb":{"@id":"https:\/\/www.m-q.ch\/im-zeichen-von-industrie-4-0\/#breadcrumb"},"inLanguage":"fr-FR","potentialAction":[{"@type":"ReadAction","target":["https:\/\/www.m-q.ch\/im-zeichen-von-industrie-4-0\/"]}]},{"@type":"ImageObject","inLanguage":"fr-FR","@id":"https:\/\/www.m-q.ch\/im-zeichen-von-industrie-4-0\/#primaryimage","url":"https:\/\/www.m-q.ch\/wp-content\/uploads\/2021\/02\/Im-Zeichen-von-Industrie-4.0.jpg","contentUrl":"https:\/\/www.m-q.ch\/wp-content\/uploads\/2021\/02\/Im-Zeichen-von-Industrie-4.0.jpg","width":878,"height":1240,"caption":"Im Zeichen von Industrie 4.0"},{"@type":"BreadcrumbList","@id":"https:\/\/www.m-q.ch\/im-zeichen-von-industrie-4-0\/#breadcrumb","itemListElement":[{"@type":"ListItem","position":1,"name":"Allgemein","item":"https:\/\/www.m-q.ch\/kategorie\/allgemein\/"},{"@type":"ListItem","position":2,"name":"Im Zeichen von Industrie 4.0"}]},{"@type":"WebSite","@id":"https:\/\/www.m-q.ch\/fr\/#website","url":"https:\/\/www.m-q.ch\/fr\/","name":"Gestion et qualit\u00e9 du QM","description":"Plate-forme pour les syst\u00e8mes de gestion int\u00e9gr\u00e9e.","publisher":{"@id":"https:\/\/www.m-q.ch\/fr\/#organization"},"potentialAction":[{"@type":"SearchAction","target":{"@type":"EntryPoint","urlTemplate":"https:\/\/www.m-q.ch\/fr\/?s={search_term_string}"},"query-input":{"@type":"PropertyValueSpecification","valueRequired":true,"valueName":"search_term_string"}}],"inLanguage":"fr-FR"},{"@type":"Organization","@id":"https:\/\/www.m-q.ch\/fr\/#organization","name":"Galledia Trade Media AG","url":"https:\/\/www.m-q.ch\/fr\/","logo":{"@type":"ImageObject","inLanguage":"fr-FR","@id":"https:\/\/www.m-q.ch\/fr\/#\/schema\/logo\/image\/","url":"https:\/\/www.m-q.ch\/wp-content\/uploads\/2020\/12\/cropped-logo_small.png","contentUrl":"https:\/\/www.m-q.ch\/wp-content\/uploads\/2020\/12\/cropped-logo_small.png","width":512,"height":512,"caption":"Galledia Fachmedien AG"},"image":{"@id":"https:\/\/www.m-q.ch\/fr\/#\/schema\/logo\/image\/"},"sameAs":["https:\/\/www.facebook.com\/ManagementUndQualitaet","https:\/\/www.linkedin.com\/showcase\/17982321\/admin\/"]},{"@type":"Person","@id":"https:\/\/www.m-q.ch\/fr\/#\/schema\/person\/71f647a41e4a3e361e6230f5134f3ba9","name":"upwork_2","image":{"@type":"ImageObject","inLanguage":"fr-FR","@id":"https:\/\/www.m-q.ch\/fr\/#\/schema\/person\/image\/","url":"https:\/\/secure.gravatar.com\/avatar\/777b90ab56092bbf3c85feacda5c1bce?s=96&d=mm&r=g","contentUrl":"https:\/\/secure.gravatar.com\/avatar\/777b90ab56092bbf3c85feacda5c1bce?s=96&d=mm&r=g","caption":"upwork_2"},"url":"https:\/\/www.m-q.ch\/fr\/author\/upwork_2\/"}]}},"_links":{"self":[{"href":"https:\/\/www.m-q.ch\/fr\/wp-json\/wp\/v2\/posts\/10681","targetHints":{"allow":["GET"]}}],"collection":[{"href":"https:\/\/www.m-q.ch\/fr\/wp-json\/wp\/v2\/posts"}],"about":[{"href":"https:\/\/www.m-q.ch\/fr\/wp-json\/wp\/v2\/types\/post"}],"author":[{"embeddable":true,"href":"https:\/\/www.m-q.ch\/fr\/wp-json\/wp\/v2\/users\/62"}],"replies":[{"embeddable":true,"href":"https:\/\/www.m-q.ch\/fr\/wp-json\/wp\/v2\/comments?post=10681"}],"version-history":[{"count":1,"href":"https:\/\/www.m-q.ch\/fr\/wp-json\/wp\/v2\/posts\/10681\/revisions"}],"predecessor-version":[{"id":10692,"href":"https:\/\/www.m-q.ch\/fr\/wp-json\/wp\/v2\/posts\/10681\/revisions\/10692"}],"wp:featuredmedia":[{"embeddable":true,"href":"https:\/\/www.m-q.ch\/fr\/wp-json\/wp\/v2\/media\/10691"}],"wp:attachment":[{"href":"https:\/\/www.m-q.ch\/fr\/wp-json\/wp\/v2\/media?parent=10681"}],"wp:term":[{"taxonomy":"category","embeddable":true,"href":"https:\/\/www.m-q.ch\/fr\/wp-json\/wp\/v2\/categories?post=10681"},{"taxonomy":"post_tag","embeddable":true,"href":"https:\/\/www.m-q.ch\/fr\/wp-json\/wp\/v2\/tags?post=10681"}],"curies":[{"name":"wp","href":"https:\/\/api.w.org\/{rel}","templated":true}]}}