{"id":10722,"date":"2020-04-02T11:07:37","date_gmt":"2020-04-02T09:07:37","guid":{"rendered":"https:\/\/www.m-q.ch\/?p=10722"},"modified":"2021-02-11T11:13:47","modified_gmt":"2021-02-11T10:13:47","slug":"le-leadership-ethique-comme-moteur-de-leconomie","status":"publish","type":"post","link":"https:\/\/www.m-q.ch\/fr\/ethical-leadership-als-treiber-der-wirtschaft\/","title":{"rendered":"Le leadership \u00e9thique comme moteur des affaires"},"content":{"rendered":"<p>Les partis politiques, les institutions environnementales et, dans le m\u00eame temps, les entreprises qui font de la durabilit\u00e9 leur mod\u00e8le d'entreprise, pr\u00f4nent un comportement \u00e9cologique et appellent au bon sens dans l'utilisation des ressources. Avec tout cet engagement louable en faveur d'un monde meilleur, il vaut la peine d'y regarder de plus pr\u00e8s. Car au c\u0153ur du probl\u00e8me se trouve la question de savoir si nous sommes sur la bonne voie avec le bon contenu et si nous combattons les sympt\u00f4mes plut\u00f4t que les causes.<\/p>\n<p>Peut-\u00eatre devrions-nous non seulement nous concentrer sur la durabilit\u00e9 en mettant l'accent sur l'environnement, mais aussi sur la moralit\u00e9 ou, mieux encore, sur l'\u00e9thique. Au c\u0153ur de la question se trouve l'\u00e9quilibre entre les int\u00e9r\u00eats particuliers des individus, des entreprises et des organes politiques, d'une part, et la responsabilit\u00e9 d'un monde dans lequel il vaut la peine de vivre et les avantages pour la soci\u00e9t\u00e9, d'autre part. Au plus tard, nous parlons alors de la responsabilit\u00e9 des hommes politiques, des \u00e9ducateurs et des dirigeants.<\/p>\n<p><strong>La responsabilit\u00e9 comme facteur cl\u00e9<\/strong><\/p>\n<p>Le monde actuel se caract\u00e9rise par une interconnexion croissante des espaces \u00e9conomiques et culturels par-del\u00e0 les fronti\u00e8res. La mondialisation et la num\u00e9risation en cours augmentent la complexit\u00e9, les risques, la volatilit\u00e9 et la rapidit\u00e9 des cycles d\u00e9cisifs. En raison de cette \u00e9volution, les exigences impos\u00e9es aux dirigeants, aux employ\u00e9s et aux organisations augmentent et ces derniers sont de plus en plus confront\u00e9s \u00e0 divers d\u00e9fis \u00e9thiques.<\/p>\n<p>Afin de ne pas \u00e9chouer en raison de la complexit\u00e9 et de l'incertitude, nous aurons besoin \u00e0 l'avenir de gestionnaires qui ont une vue d'ensemble et comprennent les liens de cause \u00e0 effet, de gestionnaires qui reconnaissent les tendances et sont capables d'aligner leur organisation en cons\u00e9quence. La comp\u00e9tence en mati\u00e8re de leadership, au sens d'une gestion holistique et ax\u00e9e sur les valeurs, exige une nouvelle fa\u00e7on de penser, ce qui suppose que l'on soit capable de se d\u00e9barrasser des \"vieux\" mod\u00e8les, v\u00e9rit\u00e9s et croyances.<\/p>\n<p>La discipline universelle - le leadership \u00e9thique Le leadership \u00e9thique devient un facteur de succ\u00e8s pour les entreprises et une partie de la comp\u00e9tence future des dirigeants. Les dirigeants qui souhaitent que leur organisation puisse s'imposer \u00e0 l'avenir dans la concurrence mondiale pour les parts de march\u00e9 sont bien avis\u00e9s de ne pas se concentrer sur les r\u00e9sultats financiers de mani\u00e8re isol\u00e9e, mais de mani\u00e8re coh\u00e9rente sur les avantages pour leurs clients et ceux de leurs principales parties prenantes, telles que la soci\u00e9t\u00e9 dans son ensemble.<\/p>\n<p>Le mot-cl\u00e9 est une gestion d'entreprise holistique, ax\u00e9e sur les valeurs. Il combine les disciplines entrepreneuriales qui m\u00e8nent \u00e0 une orientation \u00e0 long terme vers la valeur et le sens. Les entreprises de valeur de l'avenir ne seront pas celles qui gagnent le plus d'argent et versent les dividendes les plus \u00e9lev\u00e9s, mais celles qui cr\u00e9ent le plus grand b\u00e9n\u00e9fice pour la soci\u00e9t\u00e9 et les g\u00e9n\u00e9rations futures. Le Swiss Excellence Forum s'investit dans ce th\u00e8me, convaincu qu'un comportement \u00e9thique dans les affaires est une condition pr\u00e9alable \u00e0 un succ\u00e8s durable. Le Prix suisse de l'\u00e9thique r\u00e9compense les r\u00e9alisations \u00e9thiques particuli\u00e8res dans le monde des affaires.<\/p>\n<p><strong> Le monde de demain <\/strong><\/p>\n<p>L'histoire nous apprend que les grands bouleversements de la soci\u00e9t\u00e9 ont \u00e9t\u00e9 d\u00e9clench\u00e9s par des d\u00e9couvertes et des innovations telles que la navigation maritime, la production d'\u00e9lectricit\u00e9, l'invention du moteur \u00e0 combustion ou, \u00e0 la fin du si\u00e8cle dernier, l'internet. Aujourd'hui, nous sommes au d\u00e9but de l'\u00e8re de l'intelligence artificielle (IA), qui implique l'automatisation du comportement intelligent et de l'apprentissage machine. Cela suscite les plus grandes craintes dans la soci\u00e9t\u00e9, mais d'un autre c\u00f4t\u00e9, cela est associ\u00e9 \u00e0 des opportunit\u00e9s inestimables pour l'avenir de l'humanit\u00e9. Une fois de plus, nous sommes confront\u00e9s au d\u00e9fi de savoir comment exploiter les opportunit\u00e9s tout en traitant de mani\u00e8re responsable les risques associ\u00e9s. Dans l'interview suivante, nous avons demand\u00e9 au Dr Marc Holitscher de Microsoft Suisse d'\u00eatre un expert sur le th\u00e8me de l'IA.<\/p>","protected":false},"excerpt":{"rendered":"<p>Parteien, Umweltinstitutionen und in der Zwischenzeit auch Unternehmen, die Nachhaltigkeit zum Gesch\u00e4ftsmodell machen, setzen sich f\u00fcr \u00f6kologisches Verhalten ein und rufen zur Vernunft im Umgang mit Ressourcen auf. Bei all diesem lobenswerten Engagement f\u00fcr eine bessere Welt lohnt es sich, genauer hinzuschauen. Denn im Kern der Sache geht es um die Frage, ob wir mit [&hellip;]<\/p>\n","protected":false},"author":60,"featured_media":0,"comment_status":"closed","ping_status":"closed","sticky":false,"template":"","format":"standard","meta":{"_acf_changed":false,"footnotes":""},"categories":[4448],"tags":[4754],"class_list":["post-10722","post","type-post","status-publish","format-standard","hentry","category-allgemein","tag-04-2020"],"acf":[],"yoast_head":"<!-- This site is optimized with the Yoast SEO plugin v26.2 - https:\/\/yoast.com\/wordpress\/plugins\/seo\/ -->\n<title>Ethical Leadership als Treiber der Wirtschaft - MQ Management und Qualit\u00e4t<\/title>\n<meta name=\"description\" content=\"Die Verunsicherung bez\u00fcglich unseres Verhaltens, ausgel\u00f6stdurch h\u00f6chst beunruhigende Ver\u00e4nderungen wie die aktuelleCorona-Pandemie oder Umweltkatastrophen, wie \u00dcberschwemmungen,Zyklone, D\u00fcrren und Buschfeuer in niedagewesenem Ausmass, ist in der Gesellschaft, Politik undnun auch in der Wirtschaft angekommen. Doch welcher Platzwird in diesem Zusammenhang der Ethik beigemessen?\" \/>\n<meta name=\"robots\" content=\"index, follow, max-snippet:-1, max-image-preview:large, max-video-preview:-1\" \/>\n<link rel=\"canonical\" href=\"https:\/\/www.m-q.ch\/fr\/le-leadership-ethique-comme-moteur-de-leconomie\/\" \/>\n<meta property=\"og:locale\" content=\"fr_FR\" \/>\n<meta property=\"og:type\" content=\"article\" \/>\n<meta property=\"og:title\" content=\"Ethical Leadership als Treiber der Wirtschaft - MQ Management und Qualit\u00e4t\" \/>\n<meta property=\"og:description\" content=\"Die Verunsicherung bez\u00fcglich unseres Verhaltens, ausgel\u00f6stdurch h\u00f6chst beunruhigende Ver\u00e4nderungen wie die aktuelleCorona-Pandemie oder Umweltkatastrophen, wie \u00dcberschwemmungen,Zyklone, D\u00fcrren und Buschfeuer in niedagewesenem Ausmass, ist in der Gesellschaft, Politik undnun auch in der Wirtschaft angekommen. Doch welcher Platzwird in diesem Zusammenhang der Ethik beigemessen?\" \/>\n<meta property=\"og:url\" content=\"https:\/\/www.m-q.ch\/fr\/le-leadership-ethique-comme-moteur-de-leconomie\/\" \/>\n<meta property=\"og:site_name\" content=\"MQ Management und Qualit\u00e4t\" \/>\n<meta property=\"article:publisher\" content=\"https:\/\/www.facebook.com\/ManagementUndQualitaet\" \/>\n<meta property=\"article:published_time\" content=\"2020-04-02T09:07:37+00:00\" \/>\n<meta property=\"article:modified_time\" content=\"2021-02-11T10:13:47+00:00\" \/>\n<meta name=\"author\" content=\"upwork\" \/>\n<meta name=\"twitter:card\" content=\"summary_large_image\" \/>\n<meta name=\"twitter:label1\" content=\"\u00c9crit par\" \/>\n\t<meta name=\"twitter:data1\" content=\"upwork\" \/>\n\t<meta name=\"twitter:label2\" content=\"Dur\u00e9e de lecture estim\u00e9e\" \/>\n\t<meta name=\"twitter:data2\" content=\"3 minutes\" \/>\n<script type=\"application\/ld+json\" class=\"yoast-schema-graph\">{\"@context\":\"https:\/\/schema.org\",\"@graph\":[{\"@type\":\"Article\",\"@id\":\"https:\/\/www.m-q.ch\/ethical-leadership-als-treiber-der-wirtschaft\/#article\",\"isPartOf\":{\"@id\":\"https:\/\/www.m-q.ch\/ethical-leadership-als-treiber-der-wirtschaft\/\"},\"author\":{\"name\":\"upwork\",\"@id\":\"https:\/\/www.m-q.ch\/fr\/#\/schema\/person\/6044ff1d138701fac0f63fd4c5c93267\"},\"headline\":\"Ethical Leadership als Treiber der Wirtschaft\",\"datePublished\":\"2020-04-02T09:07:37+00:00\",\"dateModified\":\"2021-02-11T10:13:47+00:00\",\"mainEntityOfPage\":{\"@id\":\"https:\/\/www.m-q.ch\/ethical-leadership-als-treiber-der-wirtschaft\/\"},\"wordCount\":590,\"publisher\":{\"@id\":\"https:\/\/www.m-q.ch\/fr\/#organization\"},\"keywords\":[\"04\/2020\"],\"articleSection\":[\"Allgemein\"],\"inLanguage\":\"fr-FR\"},{\"@type\":\"WebPage\",\"@id\":\"https:\/\/www.m-q.ch\/ethical-leadership-als-treiber-der-wirtschaft\/\",\"url\":\"https:\/\/www.m-q.ch\/ethical-leadership-als-treiber-der-wirtschaft\/\",\"name\":\"Ethical Leadership als Treiber der Wirtschaft - MQ Management und Qualit\u00e4t\",\"isPartOf\":{\"@id\":\"https:\/\/www.m-q.ch\/fr\/#website\"},\"datePublished\":\"2020-04-02T09:07:37+00:00\",\"dateModified\":\"2021-02-11T10:13:47+00:00\",\"description\":\"Die Verunsicherung bez\u00fcglich unseres Verhaltens, ausgel\u00f6stdurch h\u00f6chst beunruhigende Ver\u00e4nderungen wie die aktuelleCorona-Pandemie oder Umweltkatastrophen, wie \u00dcberschwemmungen,Zyklone, D\u00fcrren und Buschfeuer in niedagewesenem Ausmass, ist in der Gesellschaft, Politik undnun auch in der Wirtschaft angekommen. Doch welcher Platzwird in diesem Zusammenhang der Ethik beigemessen?\",\"breadcrumb\":{\"@id\":\"https:\/\/www.m-q.ch\/ethical-leadership-als-treiber-der-wirtschaft\/#breadcrumb\"},\"inLanguage\":\"fr-FR\",\"potentialAction\":[{\"@type\":\"ReadAction\",\"target\":[\"https:\/\/www.m-q.ch\/ethical-leadership-als-treiber-der-wirtschaft\/\"]}]},{\"@type\":\"BreadcrumbList\",\"@id\":\"https:\/\/www.m-q.ch\/ethical-leadership-als-treiber-der-wirtschaft\/#breadcrumb\",\"itemListElement\":[{\"@type\":\"ListItem\",\"position\":1,\"name\":\"Allgemein\",\"item\":\"https:\/\/www.m-q.ch\/kategorie\/allgemein\/\"},{\"@type\":\"ListItem\",\"position\":2,\"name\":\"Ethical Leadership als Treiber der Wirtschaft\"}]},{\"@type\":\"WebSite\",\"@id\":\"https:\/\/www.m-q.ch\/fr\/#website\",\"url\":\"https:\/\/www.m-q.ch\/fr\/\",\"name\":\"MQ Management und Qualit\u00e4t\",\"description\":\"Plattform f\u00fcr integrierte Managementsysteme.\",\"publisher\":{\"@id\":\"https:\/\/www.m-q.ch\/fr\/#organization\"},\"potentialAction\":[{\"@type\":\"SearchAction\",\"target\":{\"@type\":\"EntryPoint\",\"urlTemplate\":\"https:\/\/www.m-q.ch\/fr\/?s={search_term_string}\"},\"query-input\":{\"@type\":\"PropertyValueSpecification\",\"valueRequired\":true,\"valueName\":\"search_term_string\"}}],\"inLanguage\":\"fr-FR\"},{\"@type\":\"Organization\",\"@id\":\"https:\/\/www.m-q.ch\/fr\/#organization\",\"name\":\"Galledia Fachmedien AG\",\"url\":\"https:\/\/www.m-q.ch\/fr\/\",\"logo\":{\"@type\":\"ImageObject\",\"inLanguage\":\"fr-FR\",\"@id\":\"https:\/\/www.m-q.ch\/fr\/#\/schema\/logo\/image\/\",\"url\":\"https:\/\/www.m-q.ch\/wp-content\/uploads\/2020\/12\/cropped-logo_small.png\",\"contentUrl\":\"https:\/\/www.m-q.ch\/wp-content\/uploads\/2020\/12\/cropped-logo_small.png\",\"width\":512,\"height\":512,\"caption\":\"Galledia Fachmedien AG\"},\"image\":{\"@id\":\"https:\/\/www.m-q.ch\/fr\/#\/schema\/logo\/image\/\"},\"sameAs\":[\"https:\/\/www.facebook.com\/ManagementUndQualitaet\",\"https:\/\/www.linkedin.com\/showcase\/17982321\/admin\/\"]},{\"@type\":\"Person\",\"@id\":\"https:\/\/www.m-q.ch\/fr\/#\/schema\/person\/6044ff1d138701fac0f63fd4c5c93267\",\"name\":\"upwork\",\"image\":{\"@type\":\"ImageObject\",\"inLanguage\":\"fr-FR\",\"@id\":\"https:\/\/www.m-q.ch\/fr\/#\/schema\/person\/image\/\",\"url\":\"https:\/\/secure.gravatar.com\/avatar\/fe2de2b04483edb0f28eb7fd34d15d6c?s=96&d=mm&r=g\",\"contentUrl\":\"https:\/\/secure.gravatar.com\/avatar\/fe2de2b04483edb0f28eb7fd34d15d6c?s=96&d=mm&r=g\",\"caption\":\"upwork\"},\"description\":\"uf3J7(qCI6jN0^0y6%%0ti70\",\"url\":\"https:\/\/www.m-q.ch\/fr\/author\/upwork\/\"}]}<\/script>\n<!-- \/ Yoast SEO plugin. -->","yoast_head_json":{"title":"Le leadership \u00e9thique comme moteur des affaires - MQ Management und Qualit\u00e4t","description":"L'incertitude quant \u00e0 notre comportement, d\u00e9clench\u00e9e par des changements tr\u00e8s inqui\u00e9tants tels que l'actuelle pand\u00e9mie de Corona ou par des catastrophes environnementales telles que des inondations, des cyclones, des s\u00e9cheresses et des feux de brousse d'une ampleur sans pr\u00e9c\u00e9dent, a atteint la soci\u00e9t\u00e9, la politique et maintenant aussi l'\u00e9conomie. Mais quelle est la place accord\u00e9e \u00e0 l'\u00e9thique dans ce contexte ?","robots":{"index":"index","follow":"follow","max-snippet":"max-snippet:-1","max-image-preview":"max-image-preview:large","max-video-preview":"max-video-preview:-1"},"canonical":"https:\/\/www.m-q.ch\/fr\/le-leadership-ethique-comme-moteur-de-leconomie\/","og_locale":"fr_FR","og_type":"article","og_title":"Ethical Leadership als Treiber der Wirtschaft - MQ Management und Qualit\u00e4t","og_description":"Die Verunsicherung bez\u00fcglich unseres Verhaltens, ausgel\u00f6stdurch h\u00f6chst beunruhigende Ver\u00e4nderungen wie die aktuelleCorona-Pandemie oder Umweltkatastrophen, wie \u00dcberschwemmungen,Zyklone, D\u00fcrren und Buschfeuer in niedagewesenem Ausmass, ist in der Gesellschaft, Politik undnun auch in der Wirtschaft angekommen. Doch welcher Platzwird in diesem Zusammenhang der Ethik beigemessen?","og_url":"https:\/\/www.m-q.ch\/fr\/le-leadership-ethique-comme-moteur-de-leconomie\/","og_site_name":"MQ Management und Qualit\u00e4t","article_publisher":"https:\/\/www.facebook.com\/ManagementUndQualitaet","article_published_time":"2020-04-02T09:07:37+00:00","article_modified_time":"2021-02-11T10:13:47+00:00","author":"upwork","twitter_card":"summary_large_image","twitter_misc":{"\u00c9crit par":"upwork","Dur\u00e9e de lecture estim\u00e9e":"3 minutes"},"schema":{"@context":"https:\/\/schema.org","@graph":[{"@type":"Article","@id":"https:\/\/www.m-q.ch\/ethical-leadership-als-treiber-der-wirtschaft\/#article","isPartOf":{"@id":"https:\/\/www.m-q.ch\/ethical-leadership-als-treiber-der-wirtschaft\/"},"author":{"name":"upwork","@id":"https:\/\/www.m-q.ch\/fr\/#\/schema\/person\/6044ff1d138701fac0f63fd4c5c93267"},"headline":"Ethical Leadership als Treiber der Wirtschaft","datePublished":"2020-04-02T09:07:37+00:00","dateModified":"2021-02-11T10:13:47+00:00","mainEntityOfPage":{"@id":"https:\/\/www.m-q.ch\/ethical-leadership-als-treiber-der-wirtschaft\/"},"wordCount":590,"publisher":{"@id":"https:\/\/www.m-q.ch\/fr\/#organization"},"keywords":["04\/2020"],"articleSection":["Allgemein"],"inLanguage":"fr-FR"},{"@type":"WebPage","@id":"https:\/\/www.m-q.ch\/ethical-leadership-als-treiber-der-wirtschaft\/","url":"https:\/\/www.m-q.ch\/ethical-leadership-als-treiber-der-wirtschaft\/","name":"Le leadership \u00e9thique comme moteur des affaires - MQ Management und Qualit\u00e4t","isPartOf":{"@id":"https:\/\/www.m-q.ch\/fr\/#website"},"datePublished":"2020-04-02T09:07:37+00:00","dateModified":"2021-02-11T10:13:47+00:00","description":"L'incertitude quant \u00e0 notre comportement, d\u00e9clench\u00e9e par des changements tr\u00e8s inqui\u00e9tants tels que l'actuelle pand\u00e9mie de Corona ou par des catastrophes environnementales telles que des inondations, des cyclones, des s\u00e9cheresses et des feux de brousse d'une ampleur sans pr\u00e9c\u00e9dent, a atteint la soci\u00e9t\u00e9, la politique et maintenant aussi l'\u00e9conomie. Mais quelle est la place accord\u00e9e \u00e0 l'\u00e9thique dans ce contexte ?","breadcrumb":{"@id":"https:\/\/www.m-q.ch\/ethical-leadership-als-treiber-der-wirtschaft\/#breadcrumb"},"inLanguage":"fr-FR","potentialAction":[{"@type":"ReadAction","target":["https:\/\/www.m-q.ch\/ethical-leadership-als-treiber-der-wirtschaft\/"]}]},{"@type":"BreadcrumbList","@id":"https:\/\/www.m-q.ch\/ethical-leadership-als-treiber-der-wirtschaft\/#breadcrumb","itemListElement":[{"@type":"ListItem","position":1,"name":"Allgemein","item":"https:\/\/www.m-q.ch\/kategorie\/allgemein\/"},{"@type":"ListItem","position":2,"name":"Ethical Leadership als Treiber der Wirtschaft"}]},{"@type":"WebSite","@id":"https:\/\/www.m-q.ch\/fr\/#website","url":"https:\/\/www.m-q.ch\/fr\/","name":"Gestion et qualit\u00e9 du QM","description":"Plate-forme pour les syst\u00e8mes de gestion int\u00e9gr\u00e9e.","publisher":{"@id":"https:\/\/www.m-q.ch\/fr\/#organization"},"potentialAction":[{"@type":"SearchAction","target":{"@type":"EntryPoint","urlTemplate":"https:\/\/www.m-q.ch\/fr\/?s={search_term_string}"},"query-input":{"@type":"PropertyValueSpecification","valueRequired":true,"valueName":"search_term_string"}}],"inLanguage":"fr-FR"},{"@type":"Organization","@id":"https:\/\/www.m-q.ch\/fr\/#organization","name":"Galledia Trade Media AG","url":"https:\/\/www.m-q.ch\/fr\/","logo":{"@type":"ImageObject","inLanguage":"fr-FR","@id":"https:\/\/www.m-q.ch\/fr\/#\/schema\/logo\/image\/","url":"https:\/\/www.m-q.ch\/wp-content\/uploads\/2020\/12\/cropped-logo_small.png","contentUrl":"https:\/\/www.m-q.ch\/wp-content\/uploads\/2020\/12\/cropped-logo_small.png","width":512,"height":512,"caption":"Galledia Fachmedien AG"},"image":{"@id":"https:\/\/www.m-q.ch\/fr\/#\/schema\/logo\/image\/"},"sameAs":["https:\/\/www.facebook.com\/ManagementUndQualitaet","https:\/\/www.linkedin.com\/showcase\/17982321\/admin\/"]},{"@type":"Person","@id":"https:\/\/www.m-q.ch\/fr\/#\/schema\/person\/6044ff1d138701fac0f63fd4c5c93267","name":"upwork","image":{"@type":"ImageObject","inLanguage":"fr-FR","@id":"https:\/\/www.m-q.ch\/fr\/#\/schema\/person\/image\/","url":"https:\/\/secure.gravatar.com\/avatar\/fe2de2b04483edb0f28eb7fd34d15d6c?s=96&d=mm&r=g","contentUrl":"https:\/\/secure.gravatar.com\/avatar\/fe2de2b04483edb0f28eb7fd34d15d6c?s=96&d=mm&r=g","caption":"upwork"},"description":"uf3J7(qCI6jN0^0y6%%0ti70","url":"https:\/\/www.m-q.ch\/fr\/author\/upwork\/"}]}},"_links":{"self":[{"href":"https:\/\/www.m-q.ch\/fr\/wp-json\/wp\/v2\/posts\/10722","targetHints":{"allow":["GET"]}}],"collection":[{"href":"https:\/\/www.m-q.ch\/fr\/wp-json\/wp\/v2\/posts"}],"about":[{"href":"https:\/\/www.m-q.ch\/fr\/wp-json\/wp\/v2\/types\/post"}],"author":[{"embeddable":true,"href":"https:\/\/www.m-q.ch\/fr\/wp-json\/wp\/v2\/users\/60"}],"replies":[{"embeddable":true,"href":"https:\/\/www.m-q.ch\/fr\/wp-json\/wp\/v2\/comments?post=10722"}],"version-history":[{"count":1,"href":"https:\/\/www.m-q.ch\/fr\/wp-json\/wp\/v2\/posts\/10722\/revisions"}],"predecessor-version":[{"id":10724,"href":"https:\/\/www.m-q.ch\/fr\/wp-json\/wp\/v2\/posts\/10722\/revisions\/10724"}],"wp:attachment":[{"href":"https:\/\/www.m-q.ch\/fr\/wp-json\/wp\/v2\/media?parent=10722"}],"wp:term":[{"taxonomy":"category","embeddable":true,"href":"https:\/\/www.m-q.ch\/fr\/wp-json\/wp\/v2\/categories?post=10722"},{"taxonomy":"post_tag","embeddable":true,"href":"https:\/\/www.m-q.ch\/fr\/wp-json\/wp\/v2\/tags?post=10722"}],"curies":[{"name":"wp","href":"https:\/\/api.w.org\/{rel}","templated":true}]}}