{"id":10725,"date":"2020-04-04T11:14:50","date_gmt":"2020-04-04T09:14:50","guid":{"rendered":"https:\/\/www.m-q.ch\/?p=10725"},"modified":"2021-02-11T11:21:57","modified_gmt":"2021-02-11T10:21:57","slug":"pourquoi-nous-avons-besoin-dune-boussole-ethique","status":"publish","type":"post","link":"https:\/\/www.m-q.ch\/fr\/weshalb-wir-einen-ethischen-kompass-brauchen\/","title":{"rendered":"Pourquoi avons-nous besoin d'une boussole \u00e9thique ?"},"content":{"rendered":"<p><img loading=\"lazy\" decoding=\"async\" class=\"alignnone wp-image-10726\" src=\"https:\/\/www.m-q.ch\/wp-content\/uploads\/2021\/02\/01-6.jpg\" alt=\"\" width=\"898\" height=\"374\" srcset=\"https:\/\/www.m-q.ch\/wp-content\/uploads\/2021\/02\/01-6.jpg 686w, https:\/\/www.m-q.ch\/wp-content\/uploads\/2021\/02\/01-6-16x7.jpg 16w, https:\/\/www.m-q.ch\/wp-content\/uploads\/2021\/02\/01-6-375x156.jpg 375w, https:\/\/www.m-q.ch\/wp-content\/uploads\/2021\/02\/01-6-300x125.jpg 300w\" sizes=\"auto, (max-width: 898px) 100vw, 898px\" \/><\/p>\n<p>&nbsp;<\/p>\n<p>En tant que National Technology Officer et membre du conseil d'administration de Microsoft Suisse, Marc Holitscher soutient des clients s\u00e9lectionn\u00e9s dans la mise en \u0153uvre de mod\u00e8les commerciaux innovants. Il travaille notamment en \u00e9troite collaboration avec les entreprises du secteur financier et les aide \u00e0 \u00e9valuer de mani\u00e8re globale les opportunit\u00e9s et les risques pertinents dans l'adoption de sc\u00e9narios bas\u00e9s sur le cloud. En outre, Marc Holitscher est charg\u00e9 de positionner des sujets strat\u00e9giques tels que la cybers\u00e9curit\u00e9 ou l'intelligence artificielle aupr\u00e8s des d\u00e9cideurs des secteurs commercial et public.<\/p>\n<p><strong> M. Holitscher, qu'entendez-vous par intelligence artificielle (IA) ? <\/strong><\/p>\n<p>L'intelligence artificielle (IA) est une technologie dite habilitante. Cela signifie qu'il constitue le fondement de nouvelles mesures innovantes, et ce dans tous les domaines de la vie et de l'\u00e9conomie. Le terme \"IA\" lui-m\u00eame d\u00e9crit diverses technologies qui fonctionnent ensemble pour compl\u00e9ter et renforcer les capacit\u00e9s humaines \u00e0 voir, entendre, analyser, d\u00e9cider et agir. Ce n'est pas forc\u00e9ment nouveau, mais trois facteurs acc\u00e9l\u00e8rent le d\u00e9veloppement de l'IA : les grosses donn\u00e9es, le nuage et les algorithmes puissants. L'IA est destin\u00e9e \u00e0 soutenir les humains, pas \u00e0 les remplacer. Notre objectif est donc que les hommes et les machines travaillent ensemble de la meilleure fa\u00e7on possible.<\/p>\n<p><strong>Quelles sont les industries particuli\u00e8rement touch\u00e9es par l'IA aujourd'hui ? <\/strong><\/p>\n<p>Il n'y a pas un secteur qui ne soit pas transform\u00e9 par l'IA. Nous avons explor\u00e9 cette question dans une \u00e9tude conjointe avec EY : En particulier dans le secteur des sciences de la vie, 96 % des cadres s'attendent \u00e0 ce que l'IA ait un impact \u00e9lev\u00e9 ou tr\u00e8s \u00e9lev\u00e9. Mais les attentes sont \u00e9galement \u00e9lev\u00e9es dans le secteur des services, et de m\u00eame dans la finance. Mais, comme pour les entreprises, les \u00e9conomies nationales doivent \u00e9galement se pr\u00e9parer. Cela vaut \u00e9galement pour la Suisse. Dans tous les secteurs, les dirigeants attendent des impulsions positives pour le service \u00e0 la client\u00e8le, l'innovation de produits ainsi qu'une am\u00e9lioration de l'efficacit\u00e9 de leurs entreprises et des conditions de travail plus attrayantes.<\/p>\n<p><strong>L'IA contient des opportunit\u00e9s pour l'avenir - o\u00f9 voyez-vous les menaces (du point de vue de l'entreprise et de la soci\u00e9t\u00e9) ? <\/strong><\/p>\n<p>Nous sommes conscients de la tension entre les opportunit\u00e9s et les d\u00e9fis de l'IA. Notre point de d\u00e9part est le suivant : les gens doivent \u00eatre au centre. La technologie doit \u00eatre con\u00e7ue pour compl\u00e9ter et \u00e9tendre l'ing\u00e9niosit\u00e9 et les capacit\u00e9s humaines. C'est pr\u00e9cis\u00e9ment la raison pour laquelle il est si important d'\u00eatre proactif en mati\u00e8re d'IA et de pouvoir la classer dans ses diff\u00e9rentes cat\u00e9gories. Cela vaut aussi bien pour les entreprises que pour les particuliers. Tout ce qui est techniquement faisable est-il \u00e9galement souhaitable sur le plan commercial et social ? Consid\u00e9rez, par exemple, l'effet discriminatoire de l'IA lorsqu'elle est construite sur une base de donn\u00e9es biais\u00e9e. Nous voyons de plus en plus d'entreprises poser ces questions et chercher des moyens fond\u00e9s sur des principes pour d\u00e9velopper leur propre gestion des risques.<\/p>\n<p><strong>De nos jours, l'IA suscite de grandes r\u00e9serves et craintes dans la soci\u00e9t\u00e9 - comment gagner la confiance du consommateur ?<\/strong><\/p>\n<p>La condition pr\u00e9alable absolue pour une utilisation de l'IA orient\u00e9e vers l'homme est qu'elle soit effectu\u00e9e selon des valeurs et des r\u00e8gles clairement d\u00e9finies. Microsoft a d\u00e9fini six principes \u00e9thiques \u00e0 cet effet. Ils le sont : \u00c9quit\u00e9, fiabilit\u00e9, respect de la vie priv\u00e9e et s\u00e9curit\u00e9, inclusion, transparence et responsabilit\u00e9. La transparence est ici d'une importance capitale : les gens doivent comprendre comment une d\u00e9cision est prise et quels crit\u00e8res ont \u00e9t\u00e9 utilis\u00e9s pour y parvenir. Nous investissons actuellement beaucoup dans cet aspect de l'explicabilit\u00e9.<\/p>\n<p><strong>Que recommandez-vous aux entreprises et \u00e0 la soci\u00e9t\u00e9 (\u00e9conomie, politique) pour faire face \u00e0 ces dangers ?<\/strong><\/p>\n<p>Personnellement, je regrette que le discours public sur ce sujet d'avenir soit pratiquement inexistant en Suisse. Le moment est venu de prendre des d\u00e9cisions conscientes concernant les conditions cadres du d\u00e9veloppement et de l'utilisation de l'IA. Il est vrai qu'il existe un groupe de travail sur l'intelligence artificielle, qui rel\u00e8ve du Secr\u00e9tariat d'\u00c9tat \u00e0 l'\u00e9ducation, \u00e0 la recherche et \u00e0 l'innovation. Cependant, cette d\u00e9marche est interminist\u00e9rielle et les \u00e9changes avec le secteur priv\u00e9 ou la soci\u00e9t\u00e9 civile sont insuffisants.<\/p>\n<p>Le dialogue et le transfert de connaissances sont particuli\u00e8rement importants pour notre pays, car la Suisse est intrins\u00e8quement bien positionn\u00e9e avec ses universit\u00e9s et ses hautes \u00e9coles sp\u00e9cialis\u00e9es de premier plan et comme site d'implantation pour les entreprises \u00e9mergentes dans le domaine de l'IA. Nous devrions promouvoir des \u00e9changes plus intensifs, car le manque de sensibilisation \u00e0 l'application et \u00e0 l'impact de la technologie est l'un des plus grands d\u00e9fis.<\/p>\n<p><strong>En tant qu'acteur mondial majeur, comment traitez-vous la question de l'IA et de l'\u00e9thique chez Microsoft ? Comment prenez-vous vos responsabilit\u00e9s dans ce contexte ? <\/strong><\/p>\n<p>Nous avons \u00e9labor\u00e9 six principes qui, \u00e0 notre avis, devraient guider le d\u00e9veloppement et le d\u00e9ploiement de l'intelligence artificielle. Je les ai d\u00e9j\u00e0 mentionn\u00e9s. Il est essentiel de ne pas se contenter de belles paroles. Il existe des processus et des contr\u00f4les concrets qui garantissent la mise en \u0153uvre de ces principes dans notre organisation. Par exemple, nous \u00e9valuons toujours les projets d'IA pour d\u00e9terminer s'ils sont \u00e9thiques ou non. Au cours de ce processus, nous pouvons \u00e9galement d\u00e9cider de ne pas conclure l'accord.<\/p>\n<p>En outre, nous voulons faire avancer le d\u00e9bat social sur ces questions. Cela inclut, par exemple, la discussion des domaines d'application dans lesquels nous voulons explicitement r\u00e9glementer l'utilisation de l'intelligence artificielle. La reconnaissance faciale est souvent cit\u00e9e en exemple ici.<\/p>\n<p>&nbsp;<\/p>","protected":false},"excerpt":{"rendered":"<p>&nbsp; Als National Technology Officer und Mitglied der Gesch\u00e4ftsleitung von Microsoft Schweiz unterst\u00fctzt Marc Holitscher ausgew\u00e4hlte Kunden bei der Umsetzung innovativer Gesch\u00e4ftsmodelle. Insbesondere arbeitet er eng mit Firmen der Finanzindustrie zusammen und begleitet diese in der ganzheitlichen Beurteilung relevanter Chancen und Risiken bei der Adoption von Cloud-basierten Szenarien. Zudem verantwortet Marc Holitscher die Positionierung strategischer [&hellip;]<\/p>\n","protected":false},"author":60,"featured_media":10726,"comment_status":"closed","ping_status":"closed","sticky":false,"template":"","format":"standard","meta":{"_acf_changed":false,"footnotes":""},"categories":[4448],"tags":[4754],"class_list":["post-10725","post","type-post","status-publish","format-standard","has-post-thumbnail","hentry","category-allgemein","tag-04-2020"],"acf":[],"yoast_head":"<!-- This site is optimized with the Yoast SEO plugin v26.2 - https:\/\/yoast.com\/wordpress\/plugins\/seo\/ -->\n<title>Weshalb wir einen ethischen Kompass brauchen? - MQ Management und Qualit\u00e4t<\/title>\n<meta name=\"description\" content=\"Interview zu den zwei vermeintlich gegens\u00e4tzlichen Disziplinen\u00abEthik\u00bb und \u00abK\u00fcnstliche Intelligenz\u00bb mit Marc Holitscher,National Technology Officer bei Microsoft Schweiz.\" \/>\n<meta name=\"robots\" content=\"index, follow, max-snippet:-1, max-image-preview:large, max-video-preview:-1\" \/>\n<link rel=\"canonical\" href=\"https:\/\/www.m-q.ch\/fr\/pourquoi-nous-avons-besoin-dune-boussole-ethique\/\" \/>\n<meta property=\"og:locale\" content=\"fr_FR\" \/>\n<meta property=\"og:type\" content=\"article\" \/>\n<meta property=\"og:title\" content=\"Weshalb wir einen ethischen Kompass brauchen? - MQ Management und Qualit\u00e4t\" \/>\n<meta property=\"og:description\" content=\"Interview zu den zwei vermeintlich gegens\u00e4tzlichen Disziplinen\u00abEthik\u00bb und \u00abK\u00fcnstliche Intelligenz\u00bb mit Marc Holitscher,National Technology Officer bei Microsoft Schweiz.\" \/>\n<meta property=\"og:url\" content=\"https:\/\/www.m-q.ch\/fr\/pourquoi-nous-avons-besoin-dune-boussole-ethique\/\" \/>\n<meta property=\"og:site_name\" content=\"MQ Management und Qualit\u00e4t\" \/>\n<meta property=\"article:publisher\" content=\"https:\/\/www.facebook.com\/ManagementUndQualitaet\" \/>\n<meta property=\"article:published_time\" content=\"2020-04-04T09:14:50+00:00\" \/>\n<meta property=\"article:modified_time\" content=\"2021-02-11T10:21:57+00:00\" \/>\n<meta property=\"og:image\" content=\"https:\/\/www.m-q.ch\/wp-content\/uploads\/2021\/02\/01-6.jpg\" \/>\n\t<meta property=\"og:image:width\" content=\"686\" \/>\n\t<meta property=\"og:image:height\" content=\"286\" \/>\n\t<meta property=\"og:image:type\" content=\"image\/jpeg\" \/>\n<meta name=\"author\" content=\"upwork\" \/>\n<meta name=\"twitter:card\" content=\"summary_large_image\" \/>\n<meta name=\"twitter:label1\" content=\"\u00c9crit par\" \/>\n\t<meta name=\"twitter:data1\" content=\"upwork\" \/>\n\t<meta name=\"twitter:label2\" content=\"Dur\u00e9e de lecture estim\u00e9e\" \/>\n\t<meta name=\"twitter:data2\" content=\"4 minutes\" \/>\n<script type=\"application\/ld+json\" class=\"yoast-schema-graph\">{\"@context\":\"https:\/\/schema.org\",\"@graph\":[{\"@type\":\"Article\",\"@id\":\"https:\/\/www.m-q.ch\/weshalb-wir-einen-ethischen-kompass-brauchen\/#article\",\"isPartOf\":{\"@id\":\"https:\/\/www.m-q.ch\/weshalb-wir-einen-ethischen-kompass-brauchen\/\"},\"author\":{\"name\":\"upwork\",\"@id\":\"https:\/\/www.m-q.ch\/fr\/#\/schema\/person\/6044ff1d138701fac0f63fd4c5c93267\"},\"headline\":\"Weshalb wir einen ethischen Kompass brauchen?\",\"datePublished\":\"2020-04-04T09:14:50+00:00\",\"dateModified\":\"2021-02-11T10:21:57+00:00\",\"mainEntityOfPage\":{\"@id\":\"https:\/\/www.m-q.ch\/weshalb-wir-einen-ethischen-kompass-brauchen\/\"},\"wordCount\":826,\"publisher\":{\"@id\":\"https:\/\/www.m-q.ch\/fr\/#organization\"},\"image\":{\"@id\":\"https:\/\/www.m-q.ch\/weshalb-wir-einen-ethischen-kompass-brauchen\/#primaryimage\"},\"thumbnailUrl\":\"https:\/\/www.m-q.ch\/wp-content\/uploads\/2021\/02\/01-6.jpg\",\"keywords\":[\"04\/2020\"],\"articleSection\":[\"Allgemein\"],\"inLanguage\":\"fr-FR\"},{\"@type\":\"WebPage\",\"@id\":\"https:\/\/www.m-q.ch\/weshalb-wir-einen-ethischen-kompass-brauchen\/\",\"url\":\"https:\/\/www.m-q.ch\/weshalb-wir-einen-ethischen-kompass-brauchen\/\",\"name\":\"Weshalb wir einen ethischen Kompass brauchen? - MQ Management und Qualit\u00e4t\",\"isPartOf\":{\"@id\":\"https:\/\/www.m-q.ch\/fr\/#website\"},\"primaryImageOfPage\":{\"@id\":\"https:\/\/www.m-q.ch\/weshalb-wir-einen-ethischen-kompass-brauchen\/#primaryimage\"},\"image\":{\"@id\":\"https:\/\/www.m-q.ch\/weshalb-wir-einen-ethischen-kompass-brauchen\/#primaryimage\"},\"thumbnailUrl\":\"https:\/\/www.m-q.ch\/wp-content\/uploads\/2021\/02\/01-6.jpg\",\"datePublished\":\"2020-04-04T09:14:50+00:00\",\"dateModified\":\"2021-02-11T10:21:57+00:00\",\"description\":\"Interview zu den zwei vermeintlich gegens\u00e4tzlichen Disziplinen\u00abEthik\u00bb und \u00abK\u00fcnstliche Intelligenz\u00bb mit Marc Holitscher,National Technology Officer bei Microsoft Schweiz.\",\"breadcrumb\":{\"@id\":\"https:\/\/www.m-q.ch\/weshalb-wir-einen-ethischen-kompass-brauchen\/#breadcrumb\"},\"inLanguage\":\"fr-FR\",\"potentialAction\":[{\"@type\":\"ReadAction\",\"target\":[\"https:\/\/www.m-q.ch\/weshalb-wir-einen-ethischen-kompass-brauchen\/\"]}]},{\"@type\":\"ImageObject\",\"inLanguage\":\"fr-FR\",\"@id\":\"https:\/\/www.m-q.ch\/weshalb-wir-einen-ethischen-kompass-brauchen\/#primaryimage\",\"url\":\"https:\/\/www.m-q.ch\/wp-content\/uploads\/2021\/02\/01-6.jpg\",\"contentUrl\":\"https:\/\/www.m-q.ch\/wp-content\/uploads\/2021\/02\/01-6.jpg\",\"width\":686,\"height\":286},{\"@type\":\"BreadcrumbList\",\"@id\":\"https:\/\/www.m-q.ch\/weshalb-wir-einen-ethischen-kompass-brauchen\/#breadcrumb\",\"itemListElement\":[{\"@type\":\"ListItem\",\"position\":1,\"name\":\"Allgemein\",\"item\":\"https:\/\/www.m-q.ch\/kategorie\/allgemein\/\"},{\"@type\":\"ListItem\",\"position\":2,\"name\":\"Weshalb wir einen ethischen Kompass brauchen?\"}]},{\"@type\":\"WebSite\",\"@id\":\"https:\/\/www.m-q.ch\/fr\/#website\",\"url\":\"https:\/\/www.m-q.ch\/fr\/\",\"name\":\"MQ Management und Qualit\u00e4t\",\"description\":\"Plattform f\u00fcr integrierte Managementsysteme.\",\"publisher\":{\"@id\":\"https:\/\/www.m-q.ch\/fr\/#organization\"},\"potentialAction\":[{\"@type\":\"SearchAction\",\"target\":{\"@type\":\"EntryPoint\",\"urlTemplate\":\"https:\/\/www.m-q.ch\/fr\/?s={search_term_string}\"},\"query-input\":{\"@type\":\"PropertyValueSpecification\",\"valueRequired\":true,\"valueName\":\"search_term_string\"}}],\"inLanguage\":\"fr-FR\"},{\"@type\":\"Organization\",\"@id\":\"https:\/\/www.m-q.ch\/fr\/#organization\",\"name\":\"Galledia Fachmedien AG\",\"url\":\"https:\/\/www.m-q.ch\/fr\/\",\"logo\":{\"@type\":\"ImageObject\",\"inLanguage\":\"fr-FR\",\"@id\":\"https:\/\/www.m-q.ch\/fr\/#\/schema\/logo\/image\/\",\"url\":\"https:\/\/www.m-q.ch\/wp-content\/uploads\/2020\/12\/cropped-logo_small.png\",\"contentUrl\":\"https:\/\/www.m-q.ch\/wp-content\/uploads\/2020\/12\/cropped-logo_small.png\",\"width\":512,\"height\":512,\"caption\":\"Galledia Fachmedien AG\"},\"image\":{\"@id\":\"https:\/\/www.m-q.ch\/fr\/#\/schema\/logo\/image\/\"},\"sameAs\":[\"https:\/\/www.facebook.com\/ManagementUndQualitaet\",\"https:\/\/www.linkedin.com\/showcase\/17982321\/admin\/\"]},{\"@type\":\"Person\",\"@id\":\"https:\/\/www.m-q.ch\/fr\/#\/schema\/person\/6044ff1d138701fac0f63fd4c5c93267\",\"name\":\"upwork\",\"image\":{\"@type\":\"ImageObject\",\"inLanguage\":\"fr-FR\",\"@id\":\"https:\/\/www.m-q.ch\/fr\/#\/schema\/person\/image\/\",\"url\":\"https:\/\/secure.gravatar.com\/avatar\/fe2de2b04483edb0f28eb7fd34d15d6c?s=96&d=mm&r=g\",\"contentUrl\":\"https:\/\/secure.gravatar.com\/avatar\/fe2de2b04483edb0f28eb7fd34d15d6c?s=96&d=mm&r=g\",\"caption\":\"upwork\"},\"description\":\"uf3J7(qCI6jN0^0y6%%0ti70\",\"url\":\"https:\/\/www.m-q.ch\/fr\/author\/upwork\/\"}]}<\/script>\n<!-- \/ Yoast SEO plugin. -->","yoast_head_json":{"title":"Pourquoi avons-nous besoin d'une boussole \u00e9thique ? - Gestion et qualit\u00e9 du QM","description":"Entretien avec Marc Holitscher, responsable national de la technologie chez Microsoft Suisse, sur les deux disciplines pr\u00e9tendument oppos\u00e9es que sont l'\"\u00e9thique\" et l'\"intelligence artificielle\".","robots":{"index":"index","follow":"follow","max-snippet":"max-snippet:-1","max-image-preview":"max-image-preview:large","max-video-preview":"max-video-preview:-1"},"canonical":"https:\/\/www.m-q.ch\/fr\/pourquoi-nous-avons-besoin-dune-boussole-ethique\/","og_locale":"fr_FR","og_type":"article","og_title":"Weshalb wir einen ethischen Kompass brauchen? - MQ Management und Qualit\u00e4t","og_description":"Interview zu den zwei vermeintlich gegens\u00e4tzlichen Disziplinen\u00abEthik\u00bb und \u00abK\u00fcnstliche Intelligenz\u00bb mit Marc Holitscher,National Technology Officer bei Microsoft Schweiz.","og_url":"https:\/\/www.m-q.ch\/fr\/pourquoi-nous-avons-besoin-dune-boussole-ethique\/","og_site_name":"MQ Management und Qualit\u00e4t","article_publisher":"https:\/\/www.facebook.com\/ManagementUndQualitaet","article_published_time":"2020-04-04T09:14:50+00:00","article_modified_time":"2021-02-11T10:21:57+00:00","og_image":[{"width":686,"height":286,"url":"https:\/\/www.m-q.ch\/wp-content\/uploads\/2021\/02\/01-6.jpg","type":"image\/jpeg"}],"author":"upwork","twitter_card":"summary_large_image","twitter_misc":{"\u00c9crit par":"upwork","Dur\u00e9e de lecture estim\u00e9e":"4 minutes"},"schema":{"@context":"https:\/\/schema.org","@graph":[{"@type":"Article","@id":"https:\/\/www.m-q.ch\/weshalb-wir-einen-ethischen-kompass-brauchen\/#article","isPartOf":{"@id":"https:\/\/www.m-q.ch\/weshalb-wir-einen-ethischen-kompass-brauchen\/"},"author":{"name":"upwork","@id":"https:\/\/www.m-q.ch\/fr\/#\/schema\/person\/6044ff1d138701fac0f63fd4c5c93267"},"headline":"Weshalb wir einen ethischen Kompass brauchen?","datePublished":"2020-04-04T09:14:50+00:00","dateModified":"2021-02-11T10:21:57+00:00","mainEntityOfPage":{"@id":"https:\/\/www.m-q.ch\/weshalb-wir-einen-ethischen-kompass-brauchen\/"},"wordCount":826,"publisher":{"@id":"https:\/\/www.m-q.ch\/fr\/#organization"},"image":{"@id":"https:\/\/www.m-q.ch\/weshalb-wir-einen-ethischen-kompass-brauchen\/#primaryimage"},"thumbnailUrl":"https:\/\/www.m-q.ch\/wp-content\/uploads\/2021\/02\/01-6.jpg","keywords":["04\/2020"],"articleSection":["Allgemein"],"inLanguage":"fr-FR"},{"@type":"WebPage","@id":"https:\/\/www.m-q.ch\/weshalb-wir-einen-ethischen-kompass-brauchen\/","url":"https:\/\/www.m-q.ch\/weshalb-wir-einen-ethischen-kompass-brauchen\/","name":"Pourquoi avons-nous besoin d'une boussole \u00e9thique ? - Gestion et qualit\u00e9 du QM","isPartOf":{"@id":"https:\/\/www.m-q.ch\/fr\/#website"},"primaryImageOfPage":{"@id":"https:\/\/www.m-q.ch\/weshalb-wir-einen-ethischen-kompass-brauchen\/#primaryimage"},"image":{"@id":"https:\/\/www.m-q.ch\/weshalb-wir-einen-ethischen-kompass-brauchen\/#primaryimage"},"thumbnailUrl":"https:\/\/www.m-q.ch\/wp-content\/uploads\/2021\/02\/01-6.jpg","datePublished":"2020-04-04T09:14:50+00:00","dateModified":"2021-02-11T10:21:57+00:00","description":"Entretien avec Marc Holitscher, responsable national de la technologie chez Microsoft Suisse, sur les deux disciplines pr\u00e9tendument oppos\u00e9es que sont l'\"\u00e9thique\" et l'\"intelligence artificielle\".","breadcrumb":{"@id":"https:\/\/www.m-q.ch\/weshalb-wir-einen-ethischen-kompass-brauchen\/#breadcrumb"},"inLanguage":"fr-FR","potentialAction":[{"@type":"ReadAction","target":["https:\/\/www.m-q.ch\/weshalb-wir-einen-ethischen-kompass-brauchen\/"]}]},{"@type":"ImageObject","inLanguage":"fr-FR","@id":"https:\/\/www.m-q.ch\/weshalb-wir-einen-ethischen-kompass-brauchen\/#primaryimage","url":"https:\/\/www.m-q.ch\/wp-content\/uploads\/2021\/02\/01-6.jpg","contentUrl":"https:\/\/www.m-q.ch\/wp-content\/uploads\/2021\/02\/01-6.jpg","width":686,"height":286},{"@type":"BreadcrumbList","@id":"https:\/\/www.m-q.ch\/weshalb-wir-einen-ethischen-kompass-brauchen\/#breadcrumb","itemListElement":[{"@type":"ListItem","position":1,"name":"Allgemein","item":"https:\/\/www.m-q.ch\/kategorie\/allgemein\/"},{"@type":"ListItem","position":2,"name":"Weshalb wir einen ethischen Kompass brauchen?"}]},{"@type":"WebSite","@id":"https:\/\/www.m-q.ch\/fr\/#website","url":"https:\/\/www.m-q.ch\/fr\/","name":"Gestion et qualit\u00e9 du QM","description":"Plate-forme pour les syst\u00e8mes de gestion int\u00e9gr\u00e9e.","publisher":{"@id":"https:\/\/www.m-q.ch\/fr\/#organization"},"potentialAction":[{"@type":"SearchAction","target":{"@type":"EntryPoint","urlTemplate":"https:\/\/www.m-q.ch\/fr\/?s={search_term_string}"},"query-input":{"@type":"PropertyValueSpecification","valueRequired":true,"valueName":"search_term_string"}}],"inLanguage":"fr-FR"},{"@type":"Organization","@id":"https:\/\/www.m-q.ch\/fr\/#organization","name":"Galledia Trade Media AG","url":"https:\/\/www.m-q.ch\/fr\/","logo":{"@type":"ImageObject","inLanguage":"fr-FR","@id":"https:\/\/www.m-q.ch\/fr\/#\/schema\/logo\/image\/","url":"https:\/\/www.m-q.ch\/wp-content\/uploads\/2020\/12\/cropped-logo_small.png","contentUrl":"https:\/\/www.m-q.ch\/wp-content\/uploads\/2020\/12\/cropped-logo_small.png","width":512,"height":512,"caption":"Galledia Fachmedien AG"},"image":{"@id":"https:\/\/www.m-q.ch\/fr\/#\/schema\/logo\/image\/"},"sameAs":["https:\/\/www.facebook.com\/ManagementUndQualitaet","https:\/\/www.linkedin.com\/showcase\/17982321\/admin\/"]},{"@type":"Person","@id":"https:\/\/www.m-q.ch\/fr\/#\/schema\/person\/6044ff1d138701fac0f63fd4c5c93267","name":"upwork","image":{"@type":"ImageObject","inLanguage":"fr-FR","@id":"https:\/\/www.m-q.ch\/fr\/#\/schema\/person\/image\/","url":"https:\/\/secure.gravatar.com\/avatar\/fe2de2b04483edb0f28eb7fd34d15d6c?s=96&d=mm&r=g","contentUrl":"https:\/\/secure.gravatar.com\/avatar\/fe2de2b04483edb0f28eb7fd34d15d6c?s=96&d=mm&r=g","caption":"upwork"},"description":"uf3J7(qCI6jN0^0y6%%0ti70","url":"https:\/\/www.m-q.ch\/fr\/author\/upwork\/"}]}},"_links":{"self":[{"href":"https:\/\/www.m-q.ch\/fr\/wp-json\/wp\/v2\/posts\/10725","targetHints":{"allow":["GET"]}}],"collection":[{"href":"https:\/\/www.m-q.ch\/fr\/wp-json\/wp\/v2\/posts"}],"about":[{"href":"https:\/\/www.m-q.ch\/fr\/wp-json\/wp\/v2\/types\/post"}],"author":[{"embeddable":true,"href":"https:\/\/www.m-q.ch\/fr\/wp-json\/wp\/v2\/users\/60"}],"replies":[{"embeddable":true,"href":"https:\/\/www.m-q.ch\/fr\/wp-json\/wp\/v2\/comments?post=10725"}],"version-history":[{"count":2,"href":"https:\/\/www.m-q.ch\/fr\/wp-json\/wp\/v2\/posts\/10725\/revisions"}],"predecessor-version":[{"id":10729,"href":"https:\/\/www.m-q.ch\/fr\/wp-json\/wp\/v2\/posts\/10725\/revisions\/10729"}],"wp:featuredmedia":[{"embeddable":true,"href":"https:\/\/www.m-q.ch\/fr\/wp-json\/wp\/v2\/media\/10726"}],"wp:attachment":[{"href":"https:\/\/www.m-q.ch\/fr\/wp-json\/wp\/v2\/media?parent=10725"}],"wp:term":[{"taxonomy":"category","embeddable":true,"href":"https:\/\/www.m-q.ch\/fr\/wp-json\/wp\/v2\/categories?post=10725"},{"taxonomy":"post_tag","embeddable":true,"href":"https:\/\/www.m-q.ch\/fr\/wp-json\/wp\/v2\/tags?post=10725"}],"curies":[{"name":"wp","href":"https:\/\/api.w.org\/{rel}","templated":true}]}}