{"id":10730,"date":"2020-04-05T11:22:38","date_gmt":"2020-04-05T09:22:38","guid":{"rendered":"https:\/\/www.m-q.ch\/?p=10730"},"modified":"2021-02-11T11:28:47","modified_gmt":"2021-02-11T10:28:47","slug":"appel-a-un-changement-de-systeme","status":"publish","type":"post","link":"https:\/\/www.m-q.ch\/fr\/appell-zu-einem-systemwechsel\/","title":{"rendered":"Appel \u00e0 un changement de syst\u00e8me"},"content":{"rendered":"<p><img loading=\"lazy\" decoding=\"async\" class=\"alignnone wp-image-10731\" src=\"https:\/\/www.m-q.ch\/wp-content\/uploads\/2021\/02\/02-6.jpg\" alt=\"\" width=\"827\" height=\"1097\" srcset=\"https:\/\/www.m-q.ch\/wp-content\/uploads\/2021\/02\/02-6.jpg 227w, https:\/\/www.m-q.ch\/wp-content\/uploads\/2021\/02\/02-6-9x12.jpg 9w, https:\/\/www.m-q.ch\/wp-content\/uploads\/2021\/02\/02-6-132x175.jpg 132w\" sizes=\"auto, (max-width: 827px) 100vw, 827px\" \/><\/p>\n<p>&nbsp;<\/p>\n<p>Au d\u00e9but, une note : Cet article a \u00e9t\u00e9 \u00e9crit par l'auteur avant la situation d'urgence de Corona. Cela donne \u00e0 certaines des hypoth\u00e8ses qui y sont formul\u00e9es une signification suppl\u00e9mentaire.<\/p>\n<p>Depuis les ann\u00e9es 1980, le rapport Brundtland nous a fourni une d\u00e9finition de la durabilit\u00e9 : \"La durabilit\u00e9 est un d\u00e9veloppement qui r\u00e9pond aux besoins du pr\u00e9sent sans compromettre la capacit\u00e9 des g\u00e9n\u00e9rations futures \u00e0 r\u00e9pondre \u00e0 leurs propres besoins. Une \u00e9conomie durable doit donc se mesurer \u00e0 la mani\u00e8re dont elle g\u00e8re les ressources de la terre. Et plus concr\u00e8tement encore : L'entreprise durable signifie que nous nous abstenons de consommer des ressources non renouvelables, que nous pr\u00e9servons la biodiversit\u00e9 et que nous ne d\u00e9truisons donc pas notre habitat par nos actions. Ainsi, la demande d'une \u00e9conomie durable n'est pas seulement li\u00e9e \u00e0 la discussion actuelle sur le climat.<\/p>\n<p><strong>La formule de durabilit\u00e9 <\/strong><\/p>\n<p>Dans la recherche sur la durabilit\u00e9, on se rend compte de plus en plus que l'action durable est orient\u00e9e vers les trois dimensions de l'\u00e9conomie, de l'\u00e9cologie et des questions sociales. Si nous voulons vraiment parvenir \u00e0 une \"v\u00e9ritable\" durabilit\u00e9, nous devons comprendre quels aspects se cachent derri\u00e8re ces dimensions. Une approche utile est fournie par le mod\u00e8le de stock de capital de la Banque mondiale (1) :<\/p>\n<p>&nbsp;<\/p>\n<p>K Durabilit\u00e9 = K Environnement + K Economie + K Soci\u00e9t\u00e9<\/p>\n<p>&nbsp;<\/p>\n<p>Selon cette formule, la durabilit\u00e9 existe lorsque nos actions ne diminuent pas le capital environnemental, \u00e9conomique ou social.<\/p>\n<p>Si nous examinons maintenant nos actions, nous voyons que l'humanit\u00e9 s'est d\u00e9velopp\u00e9e durablement jusqu'\u00e0 l'industrialisation, bien qu'avec des degr\u00e9s d'intensit\u00e9 variables, mais n\u00e9anmoins globalement. Jusqu'\u00e0 il y a 200 ans, aucun changement environnemental irr\u00e9versible n'\u00e9tait initi\u00e9 par notre comportement. Au contraire, on peut noter de nombreuses \u00e9volutions sociales positives, notamment en ce qui concerne la libert\u00e9, la justice et la dignit\u00e9 humaine. Le d\u00e9veloppement \u00e9conomique a \u00e9galement rendu possible une vie de plus en plus meilleure. Le capital social et \u00e9conomique a augment\u00e9, toujours sans cons\u00e9quences n\u00e9gatives sur le capital \u00e9cologique.<\/p>\n<p><strong>Le principe de \"croissance<\/strong><\/p>\n<p>L'industrialisation et l'augmentation massive de la productivit\u00e9 qui lui est associ\u00e9e ont fait pencher la balance du c\u00f4t\u00e9 de l'industrialisation. La production de biens est devenue de moins en moins ch\u00e8re gr\u00e2ce aux machines et abordable pour un plus grand nombre de personnes. Les usines se sont multipli\u00e9es, fournissant des emplois et des revenus. Ces revenus croissants ont cr\u00e9\u00e9 une demande accrue et une dynamique s'est donc d\u00e9velopp\u00e9e qui a continuellement augment\u00e9 le capital \u00e9conomique. Le d\u00e9veloppement \u00e9conomique a apport\u00e9 l'\u00e9lectricit\u00e9 et l'eau aux m\u00e9nages, et l'augmentation des biens qui en a r\u00e9sult\u00e9 a rendu la vie plus facile. En particulier, la disponibilit\u00e9 de la nourriture et de meilleures conditions d'hygi\u00e8ne ont permis d'assurer une croissance d\u00e9mographique croissante. La richesse et la population ont augment\u00e9. De 1800 \u00e0 1950, la population mondiale est pass\u00e9e d'environ un milliard \u00e0 deux milliards et demi d'habitants. Cependant, cela s'est accompagn\u00e9 d'une augmentation de la consommation de ressources. En 100 ans d'\u00e8re industrielle (1850 - 1950), la vie d'une famille de classe moyenne a chang\u00e9 plus massivement qu'\u00e0 l'\u00e9poque agricole, plus de mille ans auparavant. Les revenus et la richesse ont donc continu\u00e9 \u00e0 augmenter. Jusqu'\u00e0 une bonne partie du XXe si\u00e8cle, les gens ont agi comme si les ressources \u00e9taient illimit\u00e9es. Au cours de cette \u00e9volution sociale positive, un syst\u00e8me \u00e9conomique bas\u00e9 sur le principe de la croissance et de la consommation s'est d\u00e9velopp\u00e9. En m\u00eame temps, des principes \u00e9conomiques de base ont pr\u00e9valu dans la soci\u00e9t\u00e9 : les \u00c9tats s'efforcent d'augmenter la quantit\u00e9 de biens et de services produits (PIB), les entreprises veulent augmenter leurs ventes et leurs profits, et les gens veulent augmenter leurs revenus. En cons\u00e9quence, le capital \u00e9conomique est mont\u00e9 en fl\u00e8che jusqu'\u00e0 des hauteurs vertigineuses. \u00c0 titre d'exemple : rien qu'aux \u00c9tats-Unis, la masse mon\u00e9taire est pass\u00e9e d'environ 200 000 milliards de dollars \u00e0 10 000 ( !) billions de dollars entre 1960 et 2005.<\/p>\n<p><strong> La primaut\u00e9 de l'\u00e9conomie<\/strong><\/p>\n<p>Le profit est devenu la mesure de nos actions. Le succ\u00e8s \u00e9conomique cr\u00e9e du prestige et a maintenant atteint des dimensions th\u00e9ologiques (2). Le th\u00e8me \"\u00c0 quoi bon ?\" n'est pas seulement central dans les entreprises, mais se retrouve de plus en plus dans l'action sociale (3). L'argent, les biens et la consommation sont devenus des valeurs directrices dans la soci\u00e9t\u00e9. Cet accent mis sur la croissance constante a \u00e9galement conduit \u00e0 des produits dont la dur\u00e9e de vie est plus courte. Une \u00e9conomie ax\u00e9e sur la croissance d\u00e9pend de l'homo consumens - le consommateur sans retenue (4). Nous vivons dans un syst\u00e8me o\u00f9 la primaut\u00e9 de l'\u00e9conomie pr\u00e9vaut et o\u00f9 l'homme se d\u00e9finit par la consommation. Cette action permet avant tout d'accro\u00eetre le stock de capital \u00e9conomique.<\/p>\n<p><strong> Des ressources limit\u00e9es et un environnement pollu\u00e9 <\/strong><\/p>\n<p>Mais depuis les ann\u00e9es 1970, il est apparu que ce syst\u00e8me, qui repose sur la croissance, doit \u00eatre remis en question. Au d\u00e9part, cela \u00e9tait d\u00fb \u00e0 la simple constatation que les ressources de la terre ne sont tout simplement pas suffisantes pour assurer un niveau de vie occidental \u00e0 tous les habitants de ce monde. En attendant, nous reconnaissons que nous causons d\u00e9j\u00e0 des dommages avec ce syst\u00e8me \u00e9conomique qui met en danger les moyens de subsistance de l'humanit\u00e9. Le stock de capital \u00e9cologique a \u00e9t\u00e9 n\u00e9glig\u00e9 dans la fr\u00e9n\u00e9sie de consommation et s'est consid\u00e9rablement r\u00e9duit au cours des ann\u00e9es de consommation excessive. Rien qu'entre 1950 et 2010, la consommation de ressources a plus que quadrupl\u00e9 (5). Une croissance infinie dans un monde fini n'est pas possible. Malgr\u00e9 tous les efforts, la consommation de ressources augmente. Le taux de CO2 augmente de plus en plus vite en moyenne depuis les ann\u00e9es 1970 : de 0,7 ppm par an \u00e0 2,2 ppm. En mai 2019, il atteignait 3,5 ppm (6). L'\u00e8re industrielle nous a apport\u00e9 de nombreux progr\u00e8s et d\u00e9veloppements positifs. Mais pas seulement : nous sommes actuellement confront\u00e9s \u00e0 la disposition suicidaire de base du syst\u00e8me. Nous sommes probablement \u00e0 un point maximum de bouleversement dans la soci\u00e9t\u00e9.<\/p>\n<p><strong>Changement de syst\u00e8me - Culture du bien-\u00eatre <\/strong><\/p>\n<p>La fa\u00e7on dont nous agissons (\u00e9conomiquement) (produire et consommer) n'est tout simplement pas durable et n'est pas adapt\u00e9e \u00e0 l'avenir. Si nous voulons une soci\u00e9t\u00e9 durable, nous avons besoin d'une \u00e9conomie durable. La consommation des ressources et la pollution de l'environnement doivent \u00eatre r\u00e9duites. Bien que cela soit connu depuis des ann\u00e9es, il n'a pas encore \u00e9t\u00e9 atteint. Et cela parce que nous travaillons dans le syst\u00e8me plut\u00f4t que sur le syst\u00e8me. Un changement est n\u00e9cessaire : le syst\u00e8me social doit se d\u00e9tacher de la disposition \u00e0 la croissance mat\u00e9rielle et d\u00e9velopper une orientation de bien-\u00eatre culturel. Un syst\u00e8me \u00e9conomique durable doit \u00eatre orient\u00e9 vers les besoins (fondamentaux) de la soci\u00e9t\u00e9 et ne pas cr\u00e9er continuellement des besoins (inutiles) (consommation de masse). La ru\u00e9e vers la consommation a obscurci notre vision de l'ab\u00eeme, mais surtout de ce qui est essentiel : une vie significative dans la dignit\u00e9, pour tous. Ce travail sur le d\u00e9veloppement spirituel et moral (sup\u00e9rieur) de l'homme doit gagner en importance. Nous devons rompre avec les pr\u00e9misses actuelles (primaut\u00e9 de l'\u00e9conomie). Il est n\u00e9cessaire de pr\u00e9server un environnement viable et de cr\u00e9er une soci\u00e9t\u00e9 dans laquelle il fait bon vivre. Outre l'arithm\u00e9tique, la lecture et l'\u00e9criture, l'examen de l'\u00e9thique, de la morale et de la vertu et la r\u00e9flexion sur le sens de l'homme (philosophie) font partie du canon fondamental de l'\u00e9ducation \u00e0 tous les niveaux. La frugalit\u00e9 et la modestie doivent redevenir socialement valables. Nous ne pouvons pas \u00e9viter de red\u00e9finir les r\u00e8gles et d'ajuster les valeurs. Pour cela, il faut que tous les acteurs de la soci\u00e9t\u00e9, en premier lieu l'\u00c9tat, qui est responsable du bien-\u00eatre de ses citoyens et qui fixe le cadre avec un ensemble de r\u00e8gles modifi\u00e9. Nous pouvons tous y contribuer : en travaillant dans nos r\u00f4les respectifs (en tant que citoyens, consommateurs, employ\u00e9s ou entrepreneurs) aux changements et aux ajustements du syst\u00e8me. Ensemble vers un syst\u00e8me qui prend en compte les trois stocks de capital.<\/p>\n<p>&nbsp;<\/p>","protected":false},"excerpt":{"rendered":"<p>&nbsp; Zu Beginn ein Hinweis: Dieser Artikel wurde vom Autor noch vor der Corona-Notsituation geschrieben. Dadurch erhalten einige der darin formulierten Hypothesen zus\u00e4tzliche Bedeutung. Seit den 80er-Jahren des letzten Jahrhunderts bietet uns der Brundtland-Bericht eine Definition dazu, was Nachhaltigkeit bedeutet: \u00abNachhaltigkeit ist eine Entwicklung, die die Bed\u00fcrfnisse der Gegenwart befriedigt, ohne zu riskieren, dass zuk\u00fcnftige [&hellip;]<\/p>\n","protected":false},"author":60,"featured_media":10731,"comment_status":"closed","ping_status":"closed","sticky":false,"template":"","format":"standard","meta":{"_acf_changed":false,"footnotes":""},"categories":[5],"tags":[4754],"class_list":["post-10730","post","type-post","status-publish","format-standard","has-post-thumbnail","hentry","category-business_excellence","tag-04-2020"],"acf":[],"yoast_head":"<!-- This site is optimized with the Yoast SEO plugin v26.2 - https:\/\/yoast.com\/wordpress\/plugins\/seo\/ -->\n<title>Appell zu einem Systemwechsel - MQ Management und Qualit\u00e4t<\/title>\n<meta name=\"description\" content=\"Nachhaltigkeit respektive die Forderung nach einer nachhaltigeren Wirtschaft istomnipr\u00e4sent. Inzwischen findet sich der Begriff regelm\u00e4ssig und inflation\u00e4r nichtnur im Wirtschaftsteil der Zeitungen. Doch das Verst\u00e4ndnis, was nachhaltig zu seinf\u00fcr Unternehmen bedeutet, k\u00f6nnte unterschiedlicher nicht sein: F\u00fcr die einen ist es dieProduktion von Solarenergie auf dem Dach und f\u00fcr die anderen sind es die Elektroautosim Firmenwagenpool. Dabei geht es um viel Grunds\u00e4tzlicheres: n\u00e4mlich umdie Notwendigkeit, unser Wirtschaftssystem radikal anzupassen. Warum? Das sollim folgenden Artikel ausgef\u00fchrt werden.\" \/>\n<meta name=\"robots\" content=\"index, follow, max-snippet:-1, max-image-preview:large, max-video-preview:-1\" \/>\n<link rel=\"canonical\" href=\"https:\/\/www.m-q.ch\/fr\/appel-a-un-changement-de-systeme\/\" \/>\n<meta property=\"og:locale\" content=\"fr_FR\" \/>\n<meta property=\"og:type\" content=\"article\" \/>\n<meta property=\"og:title\" content=\"Appell zu einem Systemwechsel - MQ Management und Qualit\u00e4t\" \/>\n<meta property=\"og:description\" content=\"Nachhaltigkeit respektive die Forderung nach einer nachhaltigeren Wirtschaft istomnipr\u00e4sent. Inzwischen findet sich der Begriff regelm\u00e4ssig und inflation\u00e4r nichtnur im Wirtschaftsteil der Zeitungen. Doch das Verst\u00e4ndnis, was nachhaltig zu seinf\u00fcr Unternehmen bedeutet, k\u00f6nnte unterschiedlicher nicht sein: F\u00fcr die einen ist es dieProduktion von Solarenergie auf dem Dach und f\u00fcr die anderen sind es die Elektroautosim Firmenwagenpool. Dabei geht es um viel Grunds\u00e4tzlicheres: n\u00e4mlich umdie Notwendigkeit, unser Wirtschaftssystem radikal anzupassen. Warum? Das sollim folgenden Artikel ausgef\u00fchrt werden.\" \/>\n<meta property=\"og:url\" content=\"https:\/\/www.m-q.ch\/fr\/appel-a-un-changement-de-systeme\/\" \/>\n<meta property=\"og:site_name\" content=\"MQ Management und Qualit\u00e4t\" \/>\n<meta property=\"article:publisher\" content=\"https:\/\/www.facebook.com\/ManagementUndQualitaet\" \/>\n<meta property=\"article:published_time\" content=\"2020-04-05T09:22:38+00:00\" \/>\n<meta property=\"article:modified_time\" content=\"2021-02-11T10:28:47+00:00\" \/>\n<meta property=\"og:image\" content=\"https:\/\/www.m-q.ch\/wp-content\/uploads\/2021\/02\/02-6.jpg\" \/>\n\t<meta property=\"og:image:width\" content=\"227\" \/>\n\t<meta property=\"og:image:height\" content=\"301\" \/>\n\t<meta property=\"og:image:type\" content=\"image\/jpeg\" \/>\n<meta name=\"author\" content=\"upwork\" \/>\n<meta name=\"twitter:card\" content=\"summary_large_image\" \/>\n<meta name=\"twitter:label1\" content=\"\u00c9crit par\" \/>\n\t<meta name=\"twitter:data1\" content=\"upwork\" \/>\n\t<meta name=\"twitter:label2\" content=\"Dur\u00e9e de lecture estim\u00e9e\" \/>\n\t<meta name=\"twitter:data2\" content=\"6 minutes\" \/>\n<script type=\"application\/ld+json\" class=\"yoast-schema-graph\">{\"@context\":\"https:\/\/schema.org\",\"@graph\":[{\"@type\":\"Article\",\"@id\":\"https:\/\/www.m-q.ch\/appell-zu-einem-systemwechsel\/#article\",\"isPartOf\":{\"@id\":\"https:\/\/www.m-q.ch\/appell-zu-einem-systemwechsel\/\"},\"author\":{\"name\":\"upwork\",\"@id\":\"https:\/\/www.m-q.ch\/fr\/#\/schema\/person\/6044ff1d138701fac0f63fd4c5c93267\"},\"headline\":\"Appell zu einem Systemwechsel\",\"datePublished\":\"2020-04-05T09:22:38+00:00\",\"dateModified\":\"2021-02-11T10:28:47+00:00\",\"mainEntityOfPage\":{\"@id\":\"https:\/\/www.m-q.ch\/appell-zu-einem-systemwechsel\/\"},\"wordCount\":1140,\"publisher\":{\"@id\":\"https:\/\/www.m-q.ch\/fr\/#organization\"},\"image\":{\"@id\":\"https:\/\/www.m-q.ch\/appell-zu-einem-systemwechsel\/#primaryimage\"},\"thumbnailUrl\":\"https:\/\/www.m-q.ch\/wp-content\/uploads\/2021\/02\/02-6.jpg\",\"keywords\":[\"04\/2020\"],\"articleSection\":[\"Business Excellence\"],\"inLanguage\":\"fr-FR\"},{\"@type\":\"WebPage\",\"@id\":\"https:\/\/www.m-q.ch\/appell-zu-einem-systemwechsel\/\",\"url\":\"https:\/\/www.m-q.ch\/appell-zu-einem-systemwechsel\/\",\"name\":\"Appell zu einem Systemwechsel - MQ Management und Qualit\u00e4t\",\"isPartOf\":{\"@id\":\"https:\/\/www.m-q.ch\/fr\/#website\"},\"primaryImageOfPage\":{\"@id\":\"https:\/\/www.m-q.ch\/appell-zu-einem-systemwechsel\/#primaryimage\"},\"image\":{\"@id\":\"https:\/\/www.m-q.ch\/appell-zu-einem-systemwechsel\/#primaryimage\"},\"thumbnailUrl\":\"https:\/\/www.m-q.ch\/wp-content\/uploads\/2021\/02\/02-6.jpg\",\"datePublished\":\"2020-04-05T09:22:38+00:00\",\"dateModified\":\"2021-02-11T10:28:47+00:00\",\"description\":\"Nachhaltigkeit respektive die Forderung nach einer nachhaltigeren Wirtschaft istomnipr\u00e4sent. Inzwischen findet sich der Begriff regelm\u00e4ssig und inflation\u00e4r nichtnur im Wirtschaftsteil der Zeitungen. Doch das Verst\u00e4ndnis, was nachhaltig zu seinf\u00fcr Unternehmen bedeutet, k\u00f6nnte unterschiedlicher nicht sein: F\u00fcr die einen ist es dieProduktion von Solarenergie auf dem Dach und f\u00fcr die anderen sind es die Elektroautosim Firmenwagenpool. Dabei geht es um viel Grunds\u00e4tzlicheres: n\u00e4mlich umdie Notwendigkeit, unser Wirtschaftssystem radikal anzupassen. Warum? Das sollim folgenden Artikel ausgef\u00fchrt werden.\",\"breadcrumb\":{\"@id\":\"https:\/\/www.m-q.ch\/appell-zu-einem-systemwechsel\/#breadcrumb\"},\"inLanguage\":\"fr-FR\",\"potentialAction\":[{\"@type\":\"ReadAction\",\"target\":[\"https:\/\/www.m-q.ch\/appell-zu-einem-systemwechsel\/\"]}]},{\"@type\":\"ImageObject\",\"inLanguage\":\"fr-FR\",\"@id\":\"https:\/\/www.m-q.ch\/appell-zu-einem-systemwechsel\/#primaryimage\",\"url\":\"https:\/\/www.m-q.ch\/wp-content\/uploads\/2021\/02\/02-6.jpg\",\"contentUrl\":\"https:\/\/www.m-q.ch\/wp-content\/uploads\/2021\/02\/02-6.jpg\",\"width\":227,\"height\":301},{\"@type\":\"BreadcrumbList\",\"@id\":\"https:\/\/www.m-q.ch\/appell-zu-einem-systemwechsel\/#breadcrumb\",\"itemListElement\":[{\"@type\":\"ListItem\",\"position\":1,\"name\":\"Business Excellence\",\"item\":\"https:\/\/www.m-q.ch\/kategorie\/business_excellence\/\"},{\"@type\":\"ListItem\",\"position\":2,\"name\":\"Appell zu einem Systemwechsel\"}]},{\"@type\":\"WebSite\",\"@id\":\"https:\/\/www.m-q.ch\/fr\/#website\",\"url\":\"https:\/\/www.m-q.ch\/fr\/\",\"name\":\"MQ Management und Qualit\u00e4t\",\"description\":\"Plattform f\u00fcr integrierte Managementsysteme.\",\"publisher\":{\"@id\":\"https:\/\/www.m-q.ch\/fr\/#organization\"},\"potentialAction\":[{\"@type\":\"SearchAction\",\"target\":{\"@type\":\"EntryPoint\",\"urlTemplate\":\"https:\/\/www.m-q.ch\/fr\/?s={search_term_string}\"},\"query-input\":{\"@type\":\"PropertyValueSpecification\",\"valueRequired\":true,\"valueName\":\"search_term_string\"}}],\"inLanguage\":\"fr-FR\"},{\"@type\":\"Organization\",\"@id\":\"https:\/\/www.m-q.ch\/fr\/#organization\",\"name\":\"Galledia Fachmedien AG\",\"url\":\"https:\/\/www.m-q.ch\/fr\/\",\"logo\":{\"@type\":\"ImageObject\",\"inLanguage\":\"fr-FR\",\"@id\":\"https:\/\/www.m-q.ch\/fr\/#\/schema\/logo\/image\/\",\"url\":\"https:\/\/www.m-q.ch\/wp-content\/uploads\/2020\/12\/cropped-logo_small.png\",\"contentUrl\":\"https:\/\/www.m-q.ch\/wp-content\/uploads\/2020\/12\/cropped-logo_small.png\",\"width\":512,\"height\":512,\"caption\":\"Galledia Fachmedien AG\"},\"image\":{\"@id\":\"https:\/\/www.m-q.ch\/fr\/#\/schema\/logo\/image\/\"},\"sameAs\":[\"https:\/\/www.facebook.com\/ManagementUndQualitaet\",\"https:\/\/www.linkedin.com\/showcase\/17982321\/admin\/\"]},{\"@type\":\"Person\",\"@id\":\"https:\/\/www.m-q.ch\/fr\/#\/schema\/person\/6044ff1d138701fac0f63fd4c5c93267\",\"name\":\"upwork\",\"image\":{\"@type\":\"ImageObject\",\"inLanguage\":\"fr-FR\",\"@id\":\"https:\/\/www.m-q.ch\/fr\/#\/schema\/person\/image\/\",\"url\":\"https:\/\/secure.gravatar.com\/avatar\/fe2de2b04483edb0f28eb7fd34d15d6c?s=96&d=mm&r=g\",\"contentUrl\":\"https:\/\/secure.gravatar.com\/avatar\/fe2de2b04483edb0f28eb7fd34d15d6c?s=96&d=mm&r=g\",\"caption\":\"upwork\"},\"description\":\"uf3J7(qCI6jN0^0y6%%0ti70\",\"url\":\"https:\/\/www.m-q.ch\/fr\/author\/upwork\/\"}]}<\/script>\n<!-- \/ Yoast SEO plugin. -->","yoast_head_json":{"title":"Appel \u00e0 un changement de syst\u00e8me - MQ Management and Quality","description":"La durabilit\u00e9, ou plut\u00f4t la demande d'une \u00e9conomie plus durable, est omnipr\u00e9sente. Le terme est maintenant utilis\u00e9 r\u00e9guli\u00e8rement et de mani\u00e8re inflationniste, et pas seulement dans la section affaires des journaux. Mais la compr\u00e9hension de ce que signifie \u00eatre durable pour les entreprises ne pourrait pas \u00eatre plus diff\u00e9rente : Pour certains, c'est la production d'\u00e9nergie solaire sur le toit et pour d'autres, ce sont les voitures \u00e9lectriques du parc automobile de l'entreprise. Pour certains, c'est la production d'\u00e9nergie solaire sur le toit ; pour d'autres, ce sont les voitures \u00e9lectriques du parc automobile d'entreprise ; pour d'autres encore, ce sont les voitures \u00e9lectriques du parc automobile d'entreprise. Pourquoi ? Cela sera expliqu\u00e9 dans l'article suivant.","robots":{"index":"index","follow":"follow","max-snippet":"max-snippet:-1","max-image-preview":"max-image-preview:large","max-video-preview":"max-video-preview:-1"},"canonical":"https:\/\/www.m-q.ch\/fr\/appel-a-un-changement-de-systeme\/","og_locale":"fr_FR","og_type":"article","og_title":"Appell zu einem Systemwechsel - MQ Management und Qualit\u00e4t","og_description":"Nachhaltigkeit respektive die Forderung nach einer nachhaltigeren Wirtschaft istomnipr\u00e4sent. Inzwischen findet sich der Begriff regelm\u00e4ssig und inflation\u00e4r nichtnur im Wirtschaftsteil der Zeitungen. Doch das Verst\u00e4ndnis, was nachhaltig zu seinf\u00fcr Unternehmen bedeutet, k\u00f6nnte unterschiedlicher nicht sein: F\u00fcr die einen ist es dieProduktion von Solarenergie auf dem Dach und f\u00fcr die anderen sind es die Elektroautosim Firmenwagenpool. Dabei geht es um viel Grunds\u00e4tzlicheres: n\u00e4mlich umdie Notwendigkeit, unser Wirtschaftssystem radikal anzupassen. Warum? Das sollim folgenden Artikel ausgef\u00fchrt werden.","og_url":"https:\/\/www.m-q.ch\/fr\/appel-a-un-changement-de-systeme\/","og_site_name":"MQ Management und Qualit\u00e4t","article_publisher":"https:\/\/www.facebook.com\/ManagementUndQualitaet","article_published_time":"2020-04-05T09:22:38+00:00","article_modified_time":"2021-02-11T10:28:47+00:00","og_image":[{"width":227,"height":301,"url":"https:\/\/www.m-q.ch\/wp-content\/uploads\/2021\/02\/02-6.jpg","type":"image\/jpeg"}],"author":"upwork","twitter_card":"summary_large_image","twitter_misc":{"\u00c9crit par":"upwork","Dur\u00e9e de lecture estim\u00e9e":"6 minutes"},"schema":{"@context":"https:\/\/schema.org","@graph":[{"@type":"Article","@id":"https:\/\/www.m-q.ch\/appell-zu-einem-systemwechsel\/#article","isPartOf":{"@id":"https:\/\/www.m-q.ch\/appell-zu-einem-systemwechsel\/"},"author":{"name":"upwork","@id":"https:\/\/www.m-q.ch\/fr\/#\/schema\/person\/6044ff1d138701fac0f63fd4c5c93267"},"headline":"Appell zu einem Systemwechsel","datePublished":"2020-04-05T09:22:38+00:00","dateModified":"2021-02-11T10:28:47+00:00","mainEntityOfPage":{"@id":"https:\/\/www.m-q.ch\/appell-zu-einem-systemwechsel\/"},"wordCount":1140,"publisher":{"@id":"https:\/\/www.m-q.ch\/fr\/#organization"},"image":{"@id":"https:\/\/www.m-q.ch\/appell-zu-einem-systemwechsel\/#primaryimage"},"thumbnailUrl":"https:\/\/www.m-q.ch\/wp-content\/uploads\/2021\/02\/02-6.jpg","keywords":["04\/2020"],"articleSection":["Business Excellence"],"inLanguage":"fr-FR"},{"@type":"WebPage","@id":"https:\/\/www.m-q.ch\/appell-zu-einem-systemwechsel\/","url":"https:\/\/www.m-q.ch\/appell-zu-einem-systemwechsel\/","name":"Appel \u00e0 un changement de syst\u00e8me - MQ Management and Quality","isPartOf":{"@id":"https:\/\/www.m-q.ch\/fr\/#website"},"primaryImageOfPage":{"@id":"https:\/\/www.m-q.ch\/appell-zu-einem-systemwechsel\/#primaryimage"},"image":{"@id":"https:\/\/www.m-q.ch\/appell-zu-einem-systemwechsel\/#primaryimage"},"thumbnailUrl":"https:\/\/www.m-q.ch\/wp-content\/uploads\/2021\/02\/02-6.jpg","datePublished":"2020-04-05T09:22:38+00:00","dateModified":"2021-02-11T10:28:47+00:00","description":"La durabilit\u00e9, ou plut\u00f4t la demande d'une \u00e9conomie plus durable, est omnipr\u00e9sente. Le terme est maintenant utilis\u00e9 r\u00e9guli\u00e8rement et de mani\u00e8re inflationniste, et pas seulement dans la section affaires des journaux. Mais la compr\u00e9hension de ce que signifie \u00eatre durable pour les entreprises ne pourrait pas \u00eatre plus diff\u00e9rente : Pour certains, c'est la production d'\u00e9nergie solaire sur le toit et pour d'autres, ce sont les voitures \u00e9lectriques du parc automobile de l'entreprise. Pour certains, c'est la production d'\u00e9nergie solaire sur le toit ; pour d'autres, ce sont les voitures \u00e9lectriques du parc automobile d'entreprise ; pour d'autres encore, ce sont les voitures \u00e9lectriques du parc automobile d'entreprise. Pourquoi ? Cela sera expliqu\u00e9 dans l'article suivant.","breadcrumb":{"@id":"https:\/\/www.m-q.ch\/appell-zu-einem-systemwechsel\/#breadcrumb"},"inLanguage":"fr-FR","potentialAction":[{"@type":"ReadAction","target":["https:\/\/www.m-q.ch\/appell-zu-einem-systemwechsel\/"]}]},{"@type":"ImageObject","inLanguage":"fr-FR","@id":"https:\/\/www.m-q.ch\/appell-zu-einem-systemwechsel\/#primaryimage","url":"https:\/\/www.m-q.ch\/wp-content\/uploads\/2021\/02\/02-6.jpg","contentUrl":"https:\/\/www.m-q.ch\/wp-content\/uploads\/2021\/02\/02-6.jpg","width":227,"height":301},{"@type":"BreadcrumbList","@id":"https:\/\/www.m-q.ch\/appell-zu-einem-systemwechsel\/#breadcrumb","itemListElement":[{"@type":"ListItem","position":1,"name":"Business Excellence","item":"https:\/\/www.m-q.ch\/kategorie\/business_excellence\/"},{"@type":"ListItem","position":2,"name":"Appell zu einem Systemwechsel"}]},{"@type":"WebSite","@id":"https:\/\/www.m-q.ch\/fr\/#website","url":"https:\/\/www.m-q.ch\/fr\/","name":"Gestion et qualit\u00e9 du QM","description":"Plate-forme pour les syst\u00e8mes de gestion int\u00e9gr\u00e9e.","publisher":{"@id":"https:\/\/www.m-q.ch\/fr\/#organization"},"potentialAction":[{"@type":"SearchAction","target":{"@type":"EntryPoint","urlTemplate":"https:\/\/www.m-q.ch\/fr\/?s={search_term_string}"},"query-input":{"@type":"PropertyValueSpecification","valueRequired":true,"valueName":"search_term_string"}}],"inLanguage":"fr-FR"},{"@type":"Organization","@id":"https:\/\/www.m-q.ch\/fr\/#organization","name":"Galledia Trade Media AG","url":"https:\/\/www.m-q.ch\/fr\/","logo":{"@type":"ImageObject","inLanguage":"fr-FR","@id":"https:\/\/www.m-q.ch\/fr\/#\/schema\/logo\/image\/","url":"https:\/\/www.m-q.ch\/wp-content\/uploads\/2020\/12\/cropped-logo_small.png","contentUrl":"https:\/\/www.m-q.ch\/wp-content\/uploads\/2020\/12\/cropped-logo_small.png","width":512,"height":512,"caption":"Galledia Fachmedien AG"},"image":{"@id":"https:\/\/www.m-q.ch\/fr\/#\/schema\/logo\/image\/"},"sameAs":["https:\/\/www.facebook.com\/ManagementUndQualitaet","https:\/\/www.linkedin.com\/showcase\/17982321\/admin\/"]},{"@type":"Person","@id":"https:\/\/www.m-q.ch\/fr\/#\/schema\/person\/6044ff1d138701fac0f63fd4c5c93267","name":"upwork","image":{"@type":"ImageObject","inLanguage":"fr-FR","@id":"https:\/\/www.m-q.ch\/fr\/#\/schema\/person\/image\/","url":"https:\/\/secure.gravatar.com\/avatar\/fe2de2b04483edb0f28eb7fd34d15d6c?s=96&d=mm&r=g","contentUrl":"https:\/\/secure.gravatar.com\/avatar\/fe2de2b04483edb0f28eb7fd34d15d6c?s=96&d=mm&r=g","caption":"upwork"},"description":"uf3J7(qCI6jN0^0y6%%0ti70","url":"https:\/\/www.m-q.ch\/fr\/author\/upwork\/"}]}},"_links":{"self":[{"href":"https:\/\/www.m-q.ch\/fr\/wp-json\/wp\/v2\/posts\/10730","targetHints":{"allow":["GET"]}}],"collection":[{"href":"https:\/\/www.m-q.ch\/fr\/wp-json\/wp\/v2\/posts"}],"about":[{"href":"https:\/\/www.m-q.ch\/fr\/wp-json\/wp\/v2\/types\/post"}],"author":[{"embeddable":true,"href":"https:\/\/www.m-q.ch\/fr\/wp-json\/wp\/v2\/users\/60"}],"replies":[{"embeddable":true,"href":"https:\/\/www.m-q.ch\/fr\/wp-json\/wp\/v2\/comments?post=10730"}],"version-history":[{"count":4,"href":"https:\/\/www.m-q.ch\/fr\/wp-json\/wp\/v2\/posts\/10730\/revisions"}],"predecessor-version":[{"id":10735,"href":"https:\/\/www.m-q.ch\/fr\/wp-json\/wp\/v2\/posts\/10730\/revisions\/10735"}],"wp:featuredmedia":[{"embeddable":true,"href":"https:\/\/www.m-q.ch\/fr\/wp-json\/wp\/v2\/media\/10731"}],"wp:attachment":[{"href":"https:\/\/www.m-q.ch\/fr\/wp-json\/wp\/v2\/media?parent=10730"}],"wp:term":[{"taxonomy":"category","embeddable":true,"href":"https:\/\/www.m-q.ch\/fr\/wp-json\/wp\/v2\/categories?post=10730"},{"taxonomy":"post_tag","embeddable":true,"href":"https:\/\/www.m-q.ch\/fr\/wp-json\/wp\/v2\/tags?post=10730"}],"curies":[{"name":"wp","href":"https:\/\/api.w.org\/{rel}","templated":true}]}}