{"id":10751,"date":"2020-04-13T11:49:08","date_gmt":"2020-04-13T09:49:08","guid":{"rendered":"https:\/\/www.m-q.ch\/?p=10751"},"modified":"2021-02-11T11:52:48","modified_gmt":"2021-02-11T10:52:48","slug":"lauto-organisation-dans-les-soins-aux-personnes-agees-et-aux-malades","status":"publish","type":"post","link":"https:\/\/www.m-q.ch\/fr\/selbstorganisation-in-der-alten-und-krankenpflege\/","title":{"rendered":"Auto-organisation des soins aux personnes \u00e2g\u00e9es et aux malades"},"content":{"rendered":"<p><img loading=\"lazy\" decoding=\"async\" class=\"alignnone  wp-image-10754\" src=\"https:\/\/www.m-q.ch\/wp-content\/uploads\/2021\/02\/05-6.jpg\" alt=\"\" width=\"829\" height=\"707\" srcset=\"https:\/\/www.m-q.ch\/wp-content\/uploads\/2021\/02\/05-6.jpg 225w, https:\/\/www.m-q.ch\/wp-content\/uploads\/2021\/02\/05-6-14x12.jpg 14w, https:\/\/www.m-q.ch\/wp-content\/uploads\/2021\/02\/05-6-205x175.jpg 205w\" sizes=\"auto, (max-width: 829px) 100vw, 829px\" \/><\/p>\n<p>&nbsp;<\/p>\n<p>Sur l'organigramme que Karin Koch-Haug fait appara\u00eetre \u00e0 l'\u00e9cran, le nom du responsable manque pour de nombreuses unit\u00e9s. \"Ces centres Spitex sont g\u00e9r\u00e9s par les \u00e9quipes elles-m\u00eames\", confirme la sp\u00e9cialiste en soins infirmiers du centre de Schwamendingen de la soci\u00e9t\u00e9 Spitex Z\u00fcrich Limmat AG. \u00c0 l'origine, les \u00e9quipes auto-organis\u00e9es \u00e9taient destin\u00e9es \u00e0 un essai pilote unique au centre de Schwamendingen. Le prestataire de soins n\u00e9erlandais \"Buurtzorg\" a fourni le mod\u00e8le (voir article pr\u00e9c\u00e9dent). Lors des premi\u00e8res s\u00e9ances d'information sur le projet pilote, il est apparu clairement que de nombreux employ\u00e9s voulaient participer \u00e0 ce projet malgr\u00e9 les doutes initiaux et les questions sans r\u00e9ponse, se souvient Heike Hustig, infirmi\u00e8re sp\u00e9cialis\u00e9e, qui avait particip\u00e9 au projet pilote \u00e0 Schwamendingen d\u00e8s le d\u00e9but. Depuis 2018, la soci\u00e9t\u00e9 Spitex Z\u00fcrich Limmat AG transforme progressivement tous ses centres Spitex en \u00e9quipes auto-organis\u00e9es. Cette ann\u00e9e, les trois derniers centres doivent suivre. L'un des \u00e9l\u00e9ments d\u00e9clencheurs du passage \u00e0 l'euro a \u00e9t\u00e9 la satisfaction des clients, comme le rapporte Heike Hustig : \"Nous voulions accro\u00eetre la continuit\u00e9 afin que les clients soient toujours pris en charge par la m\u00eame personne, si possible\". Cela est plus facile si la programmation est faite par l'\u00e9quipe qui en est responsable.<\/p>\n<p><strong>La libert\u00e9 des \u00e9quipes <\/strong><\/p>\n<p>Aujourd'hui, les \u00e9quipes d\u00e9cident elles-m\u00eames de presque toutes les questions op\u00e9rationnelles. Il n'y a plus de responsables de centre ni de chefs d'\u00e9quipe pour la coordination. Ainsi, les \u00e9quipes du centre de Schwamendingen ont divis\u00e9 \"leur quartier\" entre elles, dont elles s'occupent d\u00e9sormais de mani\u00e8re autonome. Cela clarifie \u00e9galement les responsabilit\u00e9s en mati\u00e8re de service \u00e0 la client\u00e8le. Les t\u00e2ches de gestion telles que la planification (d\u00e9ploiement et tableaux de service) ou les finances (budget, charge de travail) sont r\u00e9parties entre les diff\u00e9rents r\u00f4les (lots) de l'\u00e9quipe. Ces r\u00f4les se retrouvent dans toutes les \u00e9quipes ; en outre, une \u00e9quipe peut cr\u00e9er d'autres r\u00f4les. Au centre de Schwamendingen, par exemple, un membre de l'\u00e9quipe est responsable des demandes. Et bien s\u00fbr, au final, l'\u00e9quipe d\u00e9cide de la personne qu'elle veut engager.<\/p>\n<p>Cependant, Spitex Z\u00fcrich Limmat AG n'est pas compl\u00e8tement auto-organis\u00e9e. Il existe toujours une direction centrale pour l'ensemble de l'entreprise ainsi qu'un centre de soutien. Cela permet d'assurer d'importantes fonctions de soutien telles que les finances, l'informatique ou l'immobilier. Ces questions doivent \u00eatre r\u00e9solues de mani\u00e8re centralis\u00e9e parce qu'elles sont complexes ou pour des raisons d'efficacit\u00e9, comme l'explique Christina Brunnschweiler, PDG de Spitex Z\u00fcrich Limmat AG. Les exigences l\u00e9gales en Suisse sont plus complexes qu'aux Pays-Bas, dit-elle, en se r\u00e9f\u00e9rant au mod\u00e8le Buurtzorg.<\/p>\n<p>En plus de l'infrastructure de base, la direction pr\u00e9cise \u00e9galement la productivit\u00e9 (heures facturables) et les normes de qualit\u00e9. Les diff\u00e9rents centres Spitex sont donc contr\u00f4l\u00e9s par des objectifs et des conditions-cadres. Christina Brunnschweiler utilise l'image d'un appartement meubl\u00e9 qui est mis \u00e0 la disposition des \u00e9quipes. Cependant, les \u00e9quipes doivent faire leur propre m\u00e9nage. Ils sont soutenus par diff\u00e9rents entra\u00eeneurs. Le coach RH r\u00e9pond aux questions relatives au personnel et prend en charge la pr\u00e9s\u00e9lection pour les recrutements. Le coach du projet donne des conseils sur les questions structurelles et le responsable de la qualit\u00e9 soutient les \u00e9quipes dans l'assurance qualit\u00e9. Concernant son propre r\u00f4le de PDG, Christina Brunnschweiler d\u00e9clare : \"Nous avons besoin d'une autorit\u00e9 qui donne des orientations et fixe le cadre. J'agis \u00e9galement en tant que personne de contact externe, par exemple pour les contrats et les approbations de co\u00fbts.<\/p>\n<p><strong>Un bilan <\/strong><\/p>\n<p>Avec le passage \u00e0 l'euro, les employ\u00e9s assument la responsabilit\u00e9 de questions qui, autrement, rel\u00e8veraient de leurs sup\u00e9rieurs. M\u00eame les cartes d'anniversaire des clients et des coll\u00e8gues sont d\u00e9sormais prises en charge par un membre de l'\u00e9quipe. Cela exige un sens du devoir, souligne Karin Koch-Haug. \"C'est pourquoi les employ\u00e9s ont \u00e9galement d\u00e9missionn\u00e9. Certaines personnes veulent juste faire leur travail et ne pas s'occuper de l'entreprise\", conclut-elle. N\u00e9anmoins, la fluctuation est rest\u00e9e relativement faible.<\/p>\n<p>De nombreux cadres ont d\u00fb trouver un nouveau r\u00f4le dans l'entreprise. Certains sont devenus des entra\u00eeneurs. Par exemple, un ancien directeur de centre travaille maintenant comme coach de projet. D'autres cadres ont quitt\u00e9 l'entreprise. Il y avait des plans individuels pour la transition. Les gestionnaires ont \u00e9t\u00e9 inform\u00e9s \u00e0 temps pour que la plupart puissent s'adapter. R\u00e9trospectivement, Karin Koch-Haug d\u00e9clare que l'introduction progressive avec un centre pilote s'est av\u00e9r\u00e9e \u00eatre un succ\u00e8s. Une conversion simultan\u00e9e de toute l'entreprise \u00e0 l'auto-organisation \u00e9tait irr\u00e9aliste en raison du temps n\u00e9cessaire. \"Malgr\u00e9 un grand enthousiasme, nous avons eu besoin d'une p\u00e9riode d'adaptation\", explique-t-elle. Par exemple, les t\u00e2ches de gestion n'ont \u00e9t\u00e9 r\u00e9parties que progressivement des anciens postes aux \u00e9quipes. Pour cela, il y a eu le soutien des coaches, qui ont \u00e9galement anim\u00e9 les nombreuses r\u00e9unions.<\/p>\n<p><strong>Perspectives pour les autres entreprises<\/strong><\/p>\n<p>Spitex Z\u00fcrich Limmat AG a choisi une voie pragmatique et a cherch\u00e9 un \u00e9quilibre entre l'enseignement pur de l'auto-organisation et les possibilit\u00e9s sur place. Cela la distingue d'une start-up qui peut construire son organisation \u00e0 partir de z\u00e9ro. Diverses voix du monde professionnel confirment le chemin parcouru par Spitex Z\u00fcrich Limmat AG en conseillant aux entreprises de trouver leur propre forme d'auto-organisation sur mesure. Enfin et surtout, les exigences r\u00e9glementaires peuvent limiter les possibilit\u00e9s d'auto-organisation. Ici, d'autres industries, comme l'informatique ou les m\u00e9dias, ont un avantage sur le secteur des soins de sant\u00e9. L'approche pragmatique de Spitex Z\u00fcrich Limmat AG inclut le changement progressif, car l'entreprise a d'abord voulu acqu\u00e9rir de l'exp\u00e9rience avec la nouvelle forme d'organisation. Cela s'est fait dans un esprit d'am\u00e9lioration continue, ce qui a n\u00e9cessit\u00e9 un certain effort de communication et de r\u00e9flexion. Cette approche pr\u00e9sente l'avantage que les autres branches de l'entreprise peuvent prendre les \u00e9quipes pilotes comme mod\u00e8le et b\u00e9n\u00e9ficier de leur savoir-faire.<\/p>\n<p>L'exemple de Spitex Z\u00fcrich Limmat AG montre \u00e9galement quels peuvent \u00eatre les avantages de l'auto-organisation : une augmentation de la satisfaction des clients et une plus grande motivation des employ\u00e9s. Pour les clients, le r\u00e9sultat a \u00e9t\u00e9 une augmentation de la qualit\u00e9, comme le montrent les enqu\u00eates et les commentaires personnels. Les clients des soins ont d\u00e9sormais toujours la m\u00eame personne de contact et peuvent les joindre directement via un num\u00e9ro de t\u00e9l\u00e9phone de l'\u00e9quipe. Il est possible de r\u00e9pondre aux demandes individuelles des clients de mani\u00e8re rapide et flexible. \"Mais la satisfaction au sein de l'\u00e9quipe a \u00e9galement augment\u00e9\", confirme Karin Koch-Haug. \"Nous avons beaucoup plus de place pour la cr\u00e9ativit\u00e9. En outre, cela renforce la coh\u00e9sion de l'\u00e9quipe lorsque nous pouvons recruter nos propres collaborateurs, par exemple\". Ind\u00e9pendamment de l'effort qu'implique le changement, ni Karin Koch-Haug ni Heike Hustig ne veulent revenir \u00e0 l'ancienne structure.<\/p>","protected":false},"excerpt":{"rendered":"<p>&nbsp; Auf dem Organigramm, das Karin Koch-Haug am Bildschirm aufruft, fehlt bei vielen Einheiten der Name der Leitungsperson. \u00abDiese Spitex-Zentren werden von den Teams selbst gef\u00fchrt\u00bb, best\u00e4tigt die Pflegefachfrau des Zentrums Schwamendingen der Spitex Z\u00fcrich Limmat AG. Urspr\u00fcnglich waren die selbstorganisierten Teams als einmaliger Pilotversuch im Zentrum Schwamendingen gedacht. Das Vorbild lieferte der niederl\u00e4ndische Pflegeanbieter [&hellip;]<\/p>\n","protected":false},"author":60,"featured_media":10754,"comment_status":"closed","ping_status":"closed","sticky":false,"template":"","format":"standard","meta":{"_acf_changed":false,"footnotes":""},"categories":[4448],"tags":[4754],"class_list":["post-10751","post","type-post","status-publish","format-standard","has-post-thumbnail","hentry","category-allgemein","tag-04-2020"],"acf":[],"yoast_head":"<!-- This site is optimized with the Yoast SEO plugin v26.2 - https:\/\/yoast.com\/wordpress\/plugins\/seo\/ -->\n<title>Selbstorganisation in der Alten- und Krankenpflege - MQ Management und Qualit\u00e4t<\/title>\n<meta name=\"description\" content=\"Selbstorganisation ist in Mode. Zahlreiche Modelle besch\u00e4ftigen Fachwelt undF\u00fchrungskr\u00e4fte. Wie Selbstorganisation in einer Gesundheitsorganisation konkretaussehen kann, zeigt das Beispiel der Spitex Z\u00fcrich Limmat AG.\" \/>\n<meta name=\"robots\" content=\"index, follow, max-snippet:-1, max-image-preview:large, max-video-preview:-1\" \/>\n<link rel=\"canonical\" href=\"https:\/\/www.m-q.ch\/fr\/lauto-organisation-dans-les-soins-aux-personnes-agees-et-aux-malades\/\" \/>\n<meta property=\"og:locale\" content=\"fr_FR\" \/>\n<meta property=\"og:type\" content=\"article\" \/>\n<meta property=\"og:title\" content=\"Selbstorganisation in der Alten- und Krankenpflege - MQ Management und Qualit\u00e4t\" \/>\n<meta property=\"og:description\" content=\"Selbstorganisation ist in Mode. Zahlreiche Modelle besch\u00e4ftigen Fachwelt undF\u00fchrungskr\u00e4fte. Wie Selbstorganisation in einer Gesundheitsorganisation konkretaussehen kann, zeigt das Beispiel der Spitex Z\u00fcrich Limmat AG.\" \/>\n<meta property=\"og:url\" content=\"https:\/\/www.m-q.ch\/fr\/lauto-organisation-dans-les-soins-aux-personnes-agees-et-aux-malades\/\" \/>\n<meta property=\"og:site_name\" content=\"MQ Management und Qualit\u00e4t\" \/>\n<meta property=\"article:publisher\" content=\"https:\/\/www.facebook.com\/ManagementUndQualitaet\" \/>\n<meta property=\"article:published_time\" content=\"2020-04-13T09:49:08+00:00\" \/>\n<meta property=\"article:modified_time\" content=\"2021-02-11T10:52:48+00:00\" \/>\n<meta property=\"og:image\" content=\"https:\/\/www.m-q.ch\/wp-content\/uploads\/2021\/02\/05-6.jpg\" \/>\n\t<meta property=\"og:image:width\" content=\"225\" \/>\n\t<meta property=\"og:image:height\" content=\"192\" \/>\n\t<meta property=\"og:image:type\" content=\"image\/jpeg\" \/>\n<meta name=\"author\" content=\"upwork\" \/>\n<meta name=\"twitter:card\" content=\"summary_large_image\" \/>\n<meta name=\"twitter:label1\" content=\"\u00c9crit par\" \/>\n\t<meta name=\"twitter:data1\" content=\"upwork\" \/>\n\t<meta name=\"twitter:label2\" content=\"Dur\u00e9e de lecture estim\u00e9e\" \/>\n\t<meta name=\"twitter:data2\" content=\"5 minutes\" \/>\n<script type=\"application\/ld+json\" class=\"yoast-schema-graph\">{\"@context\":\"https:\/\/schema.org\",\"@graph\":[{\"@type\":\"Article\",\"@id\":\"https:\/\/www.m-q.ch\/selbstorganisation-in-der-alten-und-krankenpflege\/#article\",\"isPartOf\":{\"@id\":\"https:\/\/www.m-q.ch\/selbstorganisation-in-der-alten-und-krankenpflege\/\"},\"author\":{\"name\":\"upwork\",\"@id\":\"https:\/\/www.m-q.ch\/fr\/#\/schema\/person\/6044ff1d138701fac0f63fd4c5c93267\"},\"headline\":\"Selbstorganisation in der Alten- und Krankenpflege\",\"datePublished\":\"2020-04-13T09:49:08+00:00\",\"dateModified\":\"2021-02-11T10:52:48+00:00\",\"mainEntityOfPage\":{\"@id\":\"https:\/\/www.m-q.ch\/selbstorganisation-in-der-alten-und-krankenpflege\/\"},\"wordCount\":1004,\"publisher\":{\"@id\":\"https:\/\/www.m-q.ch\/fr\/#organization\"},\"image\":{\"@id\":\"https:\/\/www.m-q.ch\/selbstorganisation-in-der-alten-und-krankenpflege\/#primaryimage\"},\"thumbnailUrl\":\"https:\/\/www.m-q.ch\/wp-content\/uploads\/2021\/02\/05-6.jpg\",\"keywords\":[\"04\/2020\"],\"articleSection\":[\"Allgemein\"],\"inLanguage\":\"fr-FR\"},{\"@type\":\"WebPage\",\"@id\":\"https:\/\/www.m-q.ch\/selbstorganisation-in-der-alten-und-krankenpflege\/\",\"url\":\"https:\/\/www.m-q.ch\/selbstorganisation-in-der-alten-und-krankenpflege\/\",\"name\":\"Selbstorganisation in der Alten- und Krankenpflege - MQ Management und Qualit\u00e4t\",\"isPartOf\":{\"@id\":\"https:\/\/www.m-q.ch\/fr\/#website\"},\"primaryImageOfPage\":{\"@id\":\"https:\/\/www.m-q.ch\/selbstorganisation-in-der-alten-und-krankenpflege\/#primaryimage\"},\"image\":{\"@id\":\"https:\/\/www.m-q.ch\/selbstorganisation-in-der-alten-und-krankenpflege\/#primaryimage\"},\"thumbnailUrl\":\"https:\/\/www.m-q.ch\/wp-content\/uploads\/2021\/02\/05-6.jpg\",\"datePublished\":\"2020-04-13T09:49:08+00:00\",\"dateModified\":\"2021-02-11T10:52:48+00:00\",\"description\":\"Selbstorganisation ist in Mode. Zahlreiche Modelle besch\u00e4ftigen Fachwelt undF\u00fchrungskr\u00e4fte. Wie Selbstorganisation in einer Gesundheitsorganisation konkretaussehen kann, zeigt das Beispiel der Spitex Z\u00fcrich Limmat AG.\",\"breadcrumb\":{\"@id\":\"https:\/\/www.m-q.ch\/selbstorganisation-in-der-alten-und-krankenpflege\/#breadcrumb\"},\"inLanguage\":\"fr-FR\",\"potentialAction\":[{\"@type\":\"ReadAction\",\"target\":[\"https:\/\/www.m-q.ch\/selbstorganisation-in-der-alten-und-krankenpflege\/\"]}]},{\"@type\":\"ImageObject\",\"inLanguage\":\"fr-FR\",\"@id\":\"https:\/\/www.m-q.ch\/selbstorganisation-in-der-alten-und-krankenpflege\/#primaryimage\",\"url\":\"https:\/\/www.m-q.ch\/wp-content\/uploads\/2021\/02\/05-6.jpg\",\"contentUrl\":\"https:\/\/www.m-q.ch\/wp-content\/uploads\/2021\/02\/05-6.jpg\",\"width\":225,\"height\":192},{\"@type\":\"BreadcrumbList\",\"@id\":\"https:\/\/www.m-q.ch\/selbstorganisation-in-der-alten-und-krankenpflege\/#breadcrumb\",\"itemListElement\":[{\"@type\":\"ListItem\",\"position\":1,\"name\":\"Allgemein\",\"item\":\"https:\/\/www.m-q.ch\/kategorie\/allgemein\/\"},{\"@type\":\"ListItem\",\"position\":2,\"name\":\"Selbstorganisation in der Alten- und Krankenpflege\"}]},{\"@type\":\"WebSite\",\"@id\":\"https:\/\/www.m-q.ch\/fr\/#website\",\"url\":\"https:\/\/www.m-q.ch\/fr\/\",\"name\":\"MQ Management und Qualit\u00e4t\",\"description\":\"Plattform f\u00fcr integrierte Managementsysteme.\",\"publisher\":{\"@id\":\"https:\/\/www.m-q.ch\/fr\/#organization\"},\"potentialAction\":[{\"@type\":\"SearchAction\",\"target\":{\"@type\":\"EntryPoint\",\"urlTemplate\":\"https:\/\/www.m-q.ch\/fr\/?s={search_term_string}\"},\"query-input\":{\"@type\":\"PropertyValueSpecification\",\"valueRequired\":true,\"valueName\":\"search_term_string\"}}],\"inLanguage\":\"fr-FR\"},{\"@type\":\"Organization\",\"@id\":\"https:\/\/www.m-q.ch\/fr\/#organization\",\"name\":\"Galledia Fachmedien AG\",\"url\":\"https:\/\/www.m-q.ch\/fr\/\",\"logo\":{\"@type\":\"ImageObject\",\"inLanguage\":\"fr-FR\",\"@id\":\"https:\/\/www.m-q.ch\/fr\/#\/schema\/logo\/image\/\",\"url\":\"https:\/\/www.m-q.ch\/wp-content\/uploads\/2020\/12\/cropped-logo_small.png\",\"contentUrl\":\"https:\/\/www.m-q.ch\/wp-content\/uploads\/2020\/12\/cropped-logo_small.png\",\"width\":512,\"height\":512,\"caption\":\"Galledia Fachmedien AG\"},\"image\":{\"@id\":\"https:\/\/www.m-q.ch\/fr\/#\/schema\/logo\/image\/\"},\"sameAs\":[\"https:\/\/www.facebook.com\/ManagementUndQualitaet\",\"https:\/\/www.linkedin.com\/showcase\/17982321\/admin\/\"]},{\"@type\":\"Person\",\"@id\":\"https:\/\/www.m-q.ch\/fr\/#\/schema\/person\/6044ff1d138701fac0f63fd4c5c93267\",\"name\":\"upwork\",\"image\":{\"@type\":\"ImageObject\",\"inLanguage\":\"fr-FR\",\"@id\":\"https:\/\/www.m-q.ch\/fr\/#\/schema\/person\/image\/\",\"url\":\"https:\/\/secure.gravatar.com\/avatar\/fe2de2b04483edb0f28eb7fd34d15d6c?s=96&d=mm&r=g\",\"contentUrl\":\"https:\/\/secure.gravatar.com\/avatar\/fe2de2b04483edb0f28eb7fd34d15d6c?s=96&d=mm&r=g\",\"caption\":\"upwork\"},\"description\":\"uf3J7(qCI6jN0^0y6%%0ti70\",\"url\":\"https:\/\/www.m-q.ch\/fr\/author\/upwork\/\"}]}<\/script>\n<!-- \/ Yoast SEO plugin. -->","yoast_head_json":{"title":"Auto-organisation des soins aux personnes \u00e2g\u00e9es et aux malades - MQ Management und Qualit\u00e4t","description":"L'auto-organisation est \u00e0 la mode. De nombreux mod\u00e8les occupent l'attention des experts et des gestionnaires. L'exemple de Spitex Z\u00fcrich Limmat AG montre \u00e0 quoi peut ressembler concr\u00e8tement l'auto-organisation d'un \u00e9tablissement de soins.","robots":{"index":"index","follow":"follow","max-snippet":"max-snippet:-1","max-image-preview":"max-image-preview:large","max-video-preview":"max-video-preview:-1"},"canonical":"https:\/\/www.m-q.ch\/fr\/lauto-organisation-dans-les-soins-aux-personnes-agees-et-aux-malades\/","og_locale":"fr_FR","og_type":"article","og_title":"Selbstorganisation in der Alten- und Krankenpflege - MQ Management und Qualit\u00e4t","og_description":"Selbstorganisation ist in Mode. Zahlreiche Modelle besch\u00e4ftigen Fachwelt undF\u00fchrungskr\u00e4fte. Wie Selbstorganisation in einer Gesundheitsorganisation konkretaussehen kann, zeigt das Beispiel der Spitex Z\u00fcrich Limmat AG.","og_url":"https:\/\/www.m-q.ch\/fr\/lauto-organisation-dans-les-soins-aux-personnes-agees-et-aux-malades\/","og_site_name":"MQ Management und Qualit\u00e4t","article_publisher":"https:\/\/www.facebook.com\/ManagementUndQualitaet","article_published_time":"2020-04-13T09:49:08+00:00","article_modified_time":"2021-02-11T10:52:48+00:00","og_image":[{"width":225,"height":192,"url":"https:\/\/www.m-q.ch\/wp-content\/uploads\/2021\/02\/05-6.jpg","type":"image\/jpeg"}],"author":"upwork","twitter_card":"summary_large_image","twitter_misc":{"\u00c9crit par":"upwork","Dur\u00e9e de lecture estim\u00e9e":"5 minutes"},"schema":{"@context":"https:\/\/schema.org","@graph":[{"@type":"Article","@id":"https:\/\/www.m-q.ch\/selbstorganisation-in-der-alten-und-krankenpflege\/#article","isPartOf":{"@id":"https:\/\/www.m-q.ch\/selbstorganisation-in-der-alten-und-krankenpflege\/"},"author":{"name":"upwork","@id":"https:\/\/www.m-q.ch\/fr\/#\/schema\/person\/6044ff1d138701fac0f63fd4c5c93267"},"headline":"Selbstorganisation in der Alten- und Krankenpflege","datePublished":"2020-04-13T09:49:08+00:00","dateModified":"2021-02-11T10:52:48+00:00","mainEntityOfPage":{"@id":"https:\/\/www.m-q.ch\/selbstorganisation-in-der-alten-und-krankenpflege\/"},"wordCount":1004,"publisher":{"@id":"https:\/\/www.m-q.ch\/fr\/#organization"},"image":{"@id":"https:\/\/www.m-q.ch\/selbstorganisation-in-der-alten-und-krankenpflege\/#primaryimage"},"thumbnailUrl":"https:\/\/www.m-q.ch\/wp-content\/uploads\/2021\/02\/05-6.jpg","keywords":["04\/2020"],"articleSection":["Allgemein"],"inLanguage":"fr-FR"},{"@type":"WebPage","@id":"https:\/\/www.m-q.ch\/selbstorganisation-in-der-alten-und-krankenpflege\/","url":"https:\/\/www.m-q.ch\/selbstorganisation-in-der-alten-und-krankenpflege\/","name":"Auto-organisation des soins aux personnes \u00e2g\u00e9es et aux malades - MQ Management und Qualit\u00e4t","isPartOf":{"@id":"https:\/\/www.m-q.ch\/fr\/#website"},"primaryImageOfPage":{"@id":"https:\/\/www.m-q.ch\/selbstorganisation-in-der-alten-und-krankenpflege\/#primaryimage"},"image":{"@id":"https:\/\/www.m-q.ch\/selbstorganisation-in-der-alten-und-krankenpflege\/#primaryimage"},"thumbnailUrl":"https:\/\/www.m-q.ch\/wp-content\/uploads\/2021\/02\/05-6.jpg","datePublished":"2020-04-13T09:49:08+00:00","dateModified":"2021-02-11T10:52:48+00:00","description":"L'auto-organisation est \u00e0 la mode. De nombreux mod\u00e8les occupent l'attention des experts et des gestionnaires. L'exemple de Spitex Z\u00fcrich Limmat AG montre \u00e0 quoi peut ressembler concr\u00e8tement l'auto-organisation d'un \u00e9tablissement de soins.","breadcrumb":{"@id":"https:\/\/www.m-q.ch\/selbstorganisation-in-der-alten-und-krankenpflege\/#breadcrumb"},"inLanguage":"fr-FR","potentialAction":[{"@type":"ReadAction","target":["https:\/\/www.m-q.ch\/selbstorganisation-in-der-alten-und-krankenpflege\/"]}]},{"@type":"ImageObject","inLanguage":"fr-FR","@id":"https:\/\/www.m-q.ch\/selbstorganisation-in-der-alten-und-krankenpflege\/#primaryimage","url":"https:\/\/www.m-q.ch\/wp-content\/uploads\/2021\/02\/05-6.jpg","contentUrl":"https:\/\/www.m-q.ch\/wp-content\/uploads\/2021\/02\/05-6.jpg","width":225,"height":192},{"@type":"BreadcrumbList","@id":"https:\/\/www.m-q.ch\/selbstorganisation-in-der-alten-und-krankenpflege\/#breadcrumb","itemListElement":[{"@type":"ListItem","position":1,"name":"Allgemein","item":"https:\/\/www.m-q.ch\/kategorie\/allgemein\/"},{"@type":"ListItem","position":2,"name":"Selbstorganisation in der Alten- und Krankenpflege"}]},{"@type":"WebSite","@id":"https:\/\/www.m-q.ch\/fr\/#website","url":"https:\/\/www.m-q.ch\/fr\/","name":"Gestion et qualit\u00e9 du QM","description":"Plate-forme pour les syst\u00e8mes de gestion int\u00e9gr\u00e9e.","publisher":{"@id":"https:\/\/www.m-q.ch\/fr\/#organization"},"potentialAction":[{"@type":"SearchAction","target":{"@type":"EntryPoint","urlTemplate":"https:\/\/www.m-q.ch\/fr\/?s={search_term_string}"},"query-input":{"@type":"PropertyValueSpecification","valueRequired":true,"valueName":"search_term_string"}}],"inLanguage":"fr-FR"},{"@type":"Organization","@id":"https:\/\/www.m-q.ch\/fr\/#organization","name":"Galledia Trade Media AG","url":"https:\/\/www.m-q.ch\/fr\/","logo":{"@type":"ImageObject","inLanguage":"fr-FR","@id":"https:\/\/www.m-q.ch\/fr\/#\/schema\/logo\/image\/","url":"https:\/\/www.m-q.ch\/wp-content\/uploads\/2020\/12\/cropped-logo_small.png","contentUrl":"https:\/\/www.m-q.ch\/wp-content\/uploads\/2020\/12\/cropped-logo_small.png","width":512,"height":512,"caption":"Galledia Fachmedien AG"},"image":{"@id":"https:\/\/www.m-q.ch\/fr\/#\/schema\/logo\/image\/"},"sameAs":["https:\/\/www.facebook.com\/ManagementUndQualitaet","https:\/\/www.linkedin.com\/showcase\/17982321\/admin\/"]},{"@type":"Person","@id":"https:\/\/www.m-q.ch\/fr\/#\/schema\/person\/6044ff1d138701fac0f63fd4c5c93267","name":"upwork","image":{"@type":"ImageObject","inLanguage":"fr-FR","@id":"https:\/\/www.m-q.ch\/fr\/#\/schema\/person\/image\/","url":"https:\/\/secure.gravatar.com\/avatar\/fe2de2b04483edb0f28eb7fd34d15d6c?s=96&d=mm&r=g","contentUrl":"https:\/\/secure.gravatar.com\/avatar\/fe2de2b04483edb0f28eb7fd34d15d6c?s=96&d=mm&r=g","caption":"upwork"},"description":"uf3J7(qCI6jN0^0y6%%0ti70","url":"https:\/\/www.m-q.ch\/fr\/author\/upwork\/"}]}},"_links":{"self":[{"href":"https:\/\/www.m-q.ch\/fr\/wp-json\/wp\/v2\/posts\/10751","targetHints":{"allow":["GET"]}}],"collection":[{"href":"https:\/\/www.m-q.ch\/fr\/wp-json\/wp\/v2\/posts"}],"about":[{"href":"https:\/\/www.m-q.ch\/fr\/wp-json\/wp\/v2\/types\/post"}],"author":[{"embeddable":true,"href":"https:\/\/www.m-q.ch\/fr\/wp-json\/wp\/v2\/users\/60"}],"replies":[{"embeddable":true,"href":"https:\/\/www.m-q.ch\/fr\/wp-json\/wp\/v2\/comments?post=10751"}],"version-history":[{"count":2,"href":"https:\/\/www.m-q.ch\/fr\/wp-json\/wp\/v2\/posts\/10751\/revisions"}],"predecessor-version":[{"id":10840,"href":"https:\/\/www.m-q.ch\/fr\/wp-json\/wp\/v2\/posts\/10751\/revisions\/10840"}],"wp:featuredmedia":[{"embeddable":true,"href":"https:\/\/www.m-q.ch\/fr\/wp-json\/wp\/v2\/media\/10754"}],"wp:attachment":[{"href":"https:\/\/www.m-q.ch\/fr\/wp-json\/wp\/v2\/media?parent=10751"}],"wp:term":[{"taxonomy":"category","embeddable":true,"href":"https:\/\/www.m-q.ch\/fr\/wp-json\/wp\/v2\/categories?post=10751"},{"taxonomy":"post_tag","embeddable":true,"href":"https:\/\/www.m-q.ch\/fr\/wp-json\/wp\/v2\/tags?post=10751"}],"curies":[{"name":"wp","href":"https:\/\/api.w.org\/{rel}","templated":true}]}}