{"id":10924,"date":"2020-03-21T15:14:26","date_gmt":"2020-03-21T14:14:26","guid":{"rendered":"https:\/\/www.m-q.ch\/?p=10924"},"modified":"2021-02-11T15:19:10","modified_gmt":"2021-02-11T14:19:10","slug":"protection-globale-pour-les-entreprises","status":"publish","type":"post","link":"https:\/\/www.m-q.ch\/fr\/gesamtheitlicher-schutz-fuer-unternehmen\/","title":{"rendered":"Une protection compl\u00e8te pour les entreprises"},"content":{"rendered":"<p><img loading=\"lazy\" decoding=\"async\" class=\"alignnone  wp-image-10925\" src=\"https:\/\/www.m-q.ch\/wp-content\/uploads\/2021\/02\/09-6.jpg\" alt=\"\" width=\"836\" height=\"518\" srcset=\"https:\/\/www.m-q.ch\/wp-content\/uploads\/2021\/02\/09-6.jpg 418w, https:\/\/www.m-q.ch\/wp-content\/uploads\/2021\/02\/09-6-16x10.jpg 16w, https:\/\/www.m-q.ch\/wp-content\/uploads\/2021\/02\/09-6-282x175.jpg 282w, https:\/\/www.m-q.ch\/wp-content\/uploads\/2021\/02\/09-6-300x186.jpg 300w\" sizes=\"auto, (max-width: 836px) 100vw, 836px\" \/><\/p>\n<p>&nbsp;<\/p>\n<p>Peu importe qu'il s'agisse d'une entreprise familiale, d'une start-up, d'un fournisseur d'une grande entreprise, d'un bureau d'\u00e9tudes dans le secteur de la construction ou d'une soci\u00e9t\u00e9 de d\u00e9veloppement dans le domaine de l'\u00e9lectronique : Dans les entreprises suisses, les infractions les plus diverses causent chaque ann\u00e9e d'immenses d\u00e9g\u00e2ts ; le pr\u00e9judice \u00e9conomique se chiffre en milliards. Les d\u00e9lits, les fautes professionnelles ou le manque de sensibilisation peuvent menacer l'existence de toute une entreprise ou plonger une entreprise dans une crise profonde.<\/p>\n<p><strong>Risques multiples<\/strong><\/p>\n<p>Qu'il s'agisse d'une petite entreprise de quelques salari\u00e9s ou d'une grande entreprise active au niveau international : quel que soit le secteur dans lequel l'entreprise op\u00e8re, elles ont toutes quelque chose en commun : la diversit\u00e9 des id\u00e9es, le savoir-faire, la motivation, la qualit\u00e9, les produits et l'innovation sont leur capital. Ce sont ces qualit\u00e9s qui distinguent les entreprises suisses sur le march\u00e9. Non seulement dans la r\u00e9gion, mais aussi au-del\u00e0 des fronti\u00e8res du pays. Un mod\u00e8le \u00e9conomique convaincant, des proc\u00e9d\u00e9s \u00e9prouv\u00e9s, des brevets en cours d'\u00e9laboration, des informations \u00e0 valeur pr\u00e9serv\u00e9e ou des technologies durables suscitent toujours la curiosit\u00e9. Les clients potentiels ne sont pas les seuls int\u00e9ress\u00e9s. Les d\u00e9linquants en col blanc, les pirates informatiques, les cybercriminels et les concurrents nationaux et \u00e9trangers sont \u00e9galement des acteurs int\u00e9ress\u00e9s. Les entreprises innovantes de tous les secteurs et de toutes les tailles ne sont pas \u00e0 l'abri de la criminalit\u00e9 en col blanc, du sabotage et des attaques d'espionnage, par exemple par l'ing\u00e9nierie sociale, les cyberattaques ou les auteurs classiques de l'int\u00e9rieur, intentionnellement ou non. Les installations de production, le savoir-faire, l'information et les employ\u00e9s sont en danger, que ce soit au bureau, \u00e0 la maison ou lors de voyages d'affaires.<\/p>\n<p><strong>Facteur de risque humain<\/strong><\/p>\n<p>Aujourd'hui, les attaquants ne passent pratiquement plus par la fen\u00eatre du sous-sol d\u00e9truite. Les attaques conventionnelles et num\u00e9riques utilisant de l'\u00e9lectronique bon march\u00e9, l'acquisition d'informations \u00e0 peine prot\u00e9g\u00e9es et la p\u00e9n\u00e9tration d'infrastructures informatiques insuffisamment s\u00e9curis\u00e9es sont beaucoup plus prometteuses et rentables. Les menaces proviennent de nombreuses directions diff\u00e9rentes, l'infrastructure technique n'est qu'une surface ou un vecteur d'attaque. La s\u00e9curit\u00e9 commence toujours par le facteur de risque humain.<\/p>\n<ul>\n<li><strong>Exemple de piratage de produits<\/strong>Les contrefa\u00e7ons de pi\u00e8ces d\u00e9tach\u00e9es de haute qualit\u00e9 et de produits uniques sont vendues \u00e0 des prix d\u00e9fiant toute concurrence et peuvent constituer une menace pour les consommateurs et les utilisateurs. Les pertes de profits et la perte de confiance en sont les cons\u00e9quences, qui se r\u00e9percutent directement sur l'entreprise de fabrication.<\/li>\n<li><strong>Exemple de gestion de crise :<\/strong> Les crises peuvent toucher des entreprises de toute taille. En g\u00e9n\u00e9ral, lorsque personne n'est pr\u00e9par\u00e9 ou ne l'attend. Les plans d'urgence et de crise ainsi que la d\u00e9finition pr\u00e9coce des fonctions et des responsabilit\u00e9s, mais aussi la formation des processus, permettent d'\u00e9viter qu'une crise ne devienne une super-GAU.<\/li>\n<li><strong>Exemple d'\u00e9coute clandestine :<\/strong> Non seulement via le r\u00e9seau informatique, mais aussi directement dans l'entreprise, des informations confidentielles et des donn\u00e9es sensibles sont obtenues, des micros, des mini-cam\u00e9ras ou des drones constituent le fer de lance des dispositifs d'\u00e9coute. La technologie et les appareils \u00e9lectroniques facilement configurables sont de plus en plus abordables et de plus en plus petits. L'\u00e9lectronique peut \u00eatre command\u00e9e discr\u00e8tement sur le net. Un avantage concurrentiel avec des informations obtenues secr\u00e8tement est garanti \u00e0 la concurrence.<\/li>\n<\/ul>\n<p><strong> Les risques de s\u00e9curit\u00e9 en constante augmentation n\u00e9cessitent une protection \u00e9conomique<\/strong><\/p>\n<p>L'objectif permanent de la direction de toute entreprise devrait \u00eatre, entre autres, de prot\u00e9ger ses propres employ\u00e9s, d'assurer une production sans heurts et la disponibilit\u00e9 de l'information ainsi que l'innovation afin de garantir la prosp\u00e9rit\u00e9 de l'entreprise \u00e0 l'avenir. L'int\u00e9r\u00eat prioritaire est de prot\u00e9ger les actifs essentiels de toute entreprise - les \"joyaux de la couronne\" -. La s\u00e9curit\u00e9 int\u00e9grale doit \u00eatre int\u00e9gr\u00e9e dans la strat\u00e9gie commerciale.<\/p>\n<p><strong>Gestion d'\u00e9v\u00e9nements<\/strong><\/p>\n<p>La gestion rapide et cibl\u00e9e des incidents devient de plus en plus importante. On demande sans cesse un point de contact qui puisse \u00eatre contact\u00e9 lorsque des dommages sont survenus \u00e0 la suite d'un incident ou lorsque la crise ne montre aucun signe d'apaisement. L'approche de ce point de contact devrait \u00eatre de r\u00e9agir aussi rapidement, convenablement et efficacement que possible en cas d'incident et d'accompagner l'entreprise endommag\u00e9e ou la personne affect\u00e9e. En m\u00eame temps, le souhait est exprim\u00e9 que les prestataires suisses ou au moins r\u00e9gionaux se distinguent par leur exp\u00e9rience op\u00e9rationnelle, leurs comp\u00e9tences interdisciplinaires, leur vision holistique et leur agilit\u00e9 relativement modulable. Les situations d'urgence exigent une action rapide et cibl\u00e9e de divers sp\u00e9cialistes, dont les actions doivent \u00eatre coordonn\u00e9es de la meilleure mani\u00e8re possible afin de fournir \u00e0 l'entreprise attaqu\u00e9e un soutien optimal, tant en interne qu'en externe. Pr\u00e9vention Bien entendu, la meilleure protection de l'entreprise est garantie si ces effets n\u00e9gatifs ou ces attaques peuvent \u00eatre \u00e9vit\u00e9s autant que possible. Dans le meilleur des cas, des \u00e9valuations des risques sont effectu\u00e9es avec des mesures pr\u00e9ventives r\u00e9currentes, des strat\u00e9gies de s\u00e9curit\u00e9 sont \u00e9labor\u00e9es, des campagnes de sensibilisation et de conscientisation sont mises en \u0153uvre et v\u00e9rifi\u00e9es avec des contr\u00f4les r\u00e9currents (par exemple des audits) et ajust\u00e9es sur la base des r\u00e9sultats actuels. Sur la base des trois piliers que sont l'infrastructure, les personnes et l'organisation ainsi que l'information, il est n\u00e9cessaire - en fonction de la situation initiale et de l'orientation de l'entreprise concern\u00e9e - de prendre en compte des aspects tels que la s\u00e9curit\u00e9 du site, le facteur de risque humain, le recrutement, la s\u00e9curit\u00e9 de la mobilit\u00e9, la gestion des urgences et des crises, la criminalistique, la protection du savoir-faire ainsi que la cybers\u00e9curit\u00e9 et la protection g\u00e9n\u00e9rale des informations et des donn\u00e9es, et de mettre en \u0153uvre une d\u00e9fense et des contre-mesures cibl\u00e9es. Le Centre de comp\u00e9tence pour la protection \u00e9conomique est op\u00e9rationnel Afin de pouvoir offrir des services complets, tant r\u00e9actifs que pr\u00e9ventifs, dans le domaine de la s\u00e9curit\u00e9 int\u00e9grale, le Centre de comp\u00e9tence pour la protection \u00e9conomique Suisse a \u00e9t\u00e9 cr\u00e9\u00e9 fin octobre 2019 (www.swissbp.ch). En cas d'incident, les entreprises, les institutions et les particuliers doivent recevoir un soutien rapide, non bureaucratique et efficace contre les menaces actuelles et futures dans les domaines de la cybercriminalit\u00e9, de la criminalit\u00e9 \u00e9conomique et de l'espionnage industriel. Avec huit experts et leurs entreprises dans les domaines les plus divers de la s\u00e9curit\u00e9 int\u00e9grale, qui soutiennent les clients et ceux qui demandent de l'aide de mani\u00e8re r\u00e9active et pr\u00e9ventive, les accompagnent en cas d'urgence et mettent en \u0153uvre les mesures n\u00e9cessaires de mani\u00e8re op\u00e9rationnelle et pratique. Complet, rapide, confidentiel et provenant d'une seule source. Conceptuellement, strat\u00e9giquement et op\u00e9rationnellement. Sept jours par semaine. En cas d'urgence, \u00e9galement le week-end et la nuit.<\/p>","protected":false},"excerpt":{"rendered":"<p>&nbsp; Egal, ob ein Familienbetrieb, ein Start-up, ein Lieferant f\u00fcr einen Grosskonzern, ein Planungsb\u00fcro der Bauwirtschaft oder ein Entwicklungsunternehmen f\u00fcr Elektronik davon betroffen ist: In Schweizer Firmen verursachen verschiedenste Delikte j\u00e4hrlich immense Sch\u00e4den; der volkswirtschaftliche Schaden geht in die Milliarden. Straftaten, Fehlverhalten oder fehlende Awareness k\u00f6nnen durchaus die Existenz eines ganzen Unternehmens bedrohen oder eine [&hellip;]<\/p>\n","protected":false},"author":60,"featured_media":10925,"comment_status":"closed","ping_status":"closed","sticky":false,"template":"","format":"standard","meta":{"_acf_changed":false,"footnotes":""},"categories":[4],"tags":[4760],"class_list":["post-10924","post","type-post","status-publish","format-standard","has-post-thumbnail","hentry","category-risikomanagement","tag-03-2020"],"acf":[],"yoast_head":"<!-- This site is optimized with the Yoast SEO plugin v26.2 - https:\/\/yoast.com\/wordpress\/plugins\/seo\/ -->\n<title>Gesamtheitlicher Schutz f\u00fcr Unternehmen - MQ Management und Qualit\u00e4t<\/title>\n<meta name=\"description\" content=\"Wirtschaftskriminalit\u00e4t, Industriespionage und Cyber Crime: Auch in der SchweizerWirtschaft werden j\u00e4hrlich immense Sch\u00e4den durch solche Delikte verursacht. DasErkennen von Gefahren, der geeignete Einsatz von Gegenmassnahmen wie auch dieEreignisbew\u00e4ltigung f\u00fchrt zum Kompetenzzentrum Wirtschaftsschutz.\" \/>\n<meta name=\"robots\" content=\"index, follow, max-snippet:-1, max-image-preview:large, max-video-preview:-1\" \/>\n<link rel=\"canonical\" href=\"https:\/\/www.m-q.ch\/fr\/protection-globale-pour-les-entreprises\/\" \/>\n<meta property=\"og:locale\" content=\"fr_FR\" \/>\n<meta property=\"og:type\" content=\"article\" \/>\n<meta property=\"og:title\" content=\"Gesamtheitlicher Schutz f\u00fcr Unternehmen - MQ Management und Qualit\u00e4t\" \/>\n<meta property=\"og:description\" content=\"Wirtschaftskriminalit\u00e4t, Industriespionage und Cyber Crime: Auch in der SchweizerWirtschaft werden j\u00e4hrlich immense Sch\u00e4den durch solche Delikte verursacht. DasErkennen von Gefahren, der geeignete Einsatz von Gegenmassnahmen wie auch dieEreignisbew\u00e4ltigung f\u00fchrt zum Kompetenzzentrum Wirtschaftsschutz.\" \/>\n<meta property=\"og:url\" content=\"https:\/\/www.m-q.ch\/fr\/protection-globale-pour-les-entreprises\/\" \/>\n<meta property=\"og:site_name\" content=\"MQ Management und Qualit\u00e4t\" \/>\n<meta property=\"article:publisher\" content=\"https:\/\/www.facebook.com\/ManagementUndQualitaet\" \/>\n<meta property=\"article:published_time\" content=\"2020-03-21T14:14:26+00:00\" \/>\n<meta property=\"article:modified_time\" content=\"2021-02-11T14:19:10+00:00\" \/>\n<meta property=\"og:image\" content=\"https:\/\/www.m-q.ch\/wp-content\/uploads\/2021\/02\/09-6.jpg\" \/>\n\t<meta property=\"og:image:width\" content=\"418\" \/>\n\t<meta property=\"og:image:height\" content=\"259\" \/>\n\t<meta property=\"og:image:type\" content=\"image\/jpeg\" \/>\n<meta name=\"author\" content=\"upwork\" \/>\n<meta name=\"twitter:card\" content=\"summary_large_image\" \/>\n<meta name=\"twitter:label1\" content=\"\u00c9crit par\" \/>\n\t<meta name=\"twitter:data1\" content=\"upwork\" \/>\n\t<meta name=\"twitter:label2\" content=\"Dur\u00e9e de lecture estim\u00e9e\" \/>\n\t<meta name=\"twitter:data2\" content=\"4 minutes\" \/>\n<script type=\"application\/ld+json\" class=\"yoast-schema-graph\">{\"@context\":\"https:\/\/schema.org\",\"@graph\":[{\"@type\":\"Article\",\"@id\":\"https:\/\/www.m-q.ch\/gesamtheitlicher-schutz-fuer-unternehmen\/#article\",\"isPartOf\":{\"@id\":\"https:\/\/www.m-q.ch\/gesamtheitlicher-schutz-fuer-unternehmen\/\"},\"author\":{\"name\":\"upwork\",\"@id\":\"https:\/\/www.m-q.ch\/fr\/#\/schema\/person\/6044ff1d138701fac0f63fd4c5c93267\"},\"headline\":\"Gesamtheitlicher Schutz f\u00fcr Unternehmen\",\"datePublished\":\"2020-03-21T14:14:26+00:00\",\"dateModified\":\"2021-02-11T14:19:10+00:00\",\"mainEntityOfPage\":{\"@id\":\"https:\/\/www.m-q.ch\/gesamtheitlicher-schutz-fuer-unternehmen\/\"},\"wordCount\":889,\"publisher\":{\"@id\":\"https:\/\/www.m-q.ch\/fr\/#organization\"},\"image\":{\"@id\":\"https:\/\/www.m-q.ch\/gesamtheitlicher-schutz-fuer-unternehmen\/#primaryimage\"},\"thumbnailUrl\":\"https:\/\/www.m-q.ch\/wp-content\/uploads\/2021\/02\/09-6.jpg\",\"keywords\":[\"03\/2020\"],\"articleSection\":[\"Risikomanagement\"],\"inLanguage\":\"fr-FR\"},{\"@type\":\"WebPage\",\"@id\":\"https:\/\/www.m-q.ch\/gesamtheitlicher-schutz-fuer-unternehmen\/\",\"url\":\"https:\/\/www.m-q.ch\/gesamtheitlicher-schutz-fuer-unternehmen\/\",\"name\":\"Gesamtheitlicher Schutz f\u00fcr Unternehmen - MQ Management und Qualit\u00e4t\",\"isPartOf\":{\"@id\":\"https:\/\/www.m-q.ch\/fr\/#website\"},\"primaryImageOfPage\":{\"@id\":\"https:\/\/www.m-q.ch\/gesamtheitlicher-schutz-fuer-unternehmen\/#primaryimage\"},\"image\":{\"@id\":\"https:\/\/www.m-q.ch\/gesamtheitlicher-schutz-fuer-unternehmen\/#primaryimage\"},\"thumbnailUrl\":\"https:\/\/www.m-q.ch\/wp-content\/uploads\/2021\/02\/09-6.jpg\",\"datePublished\":\"2020-03-21T14:14:26+00:00\",\"dateModified\":\"2021-02-11T14:19:10+00:00\",\"description\":\"Wirtschaftskriminalit\u00e4t, Industriespionage und Cyber Crime: Auch in der SchweizerWirtschaft werden j\u00e4hrlich immense Sch\u00e4den durch solche Delikte verursacht. DasErkennen von Gefahren, der geeignete Einsatz von Gegenmassnahmen wie auch dieEreignisbew\u00e4ltigung f\u00fchrt zum Kompetenzzentrum Wirtschaftsschutz.\",\"breadcrumb\":{\"@id\":\"https:\/\/www.m-q.ch\/gesamtheitlicher-schutz-fuer-unternehmen\/#breadcrumb\"},\"inLanguage\":\"fr-FR\",\"potentialAction\":[{\"@type\":\"ReadAction\",\"target\":[\"https:\/\/www.m-q.ch\/gesamtheitlicher-schutz-fuer-unternehmen\/\"]}]},{\"@type\":\"ImageObject\",\"inLanguage\":\"fr-FR\",\"@id\":\"https:\/\/www.m-q.ch\/gesamtheitlicher-schutz-fuer-unternehmen\/#primaryimage\",\"url\":\"https:\/\/www.m-q.ch\/wp-content\/uploads\/2021\/02\/09-6.jpg\",\"contentUrl\":\"https:\/\/www.m-q.ch\/wp-content\/uploads\/2021\/02\/09-6.jpg\",\"width\":418,\"height\":259},{\"@type\":\"BreadcrumbList\",\"@id\":\"https:\/\/www.m-q.ch\/gesamtheitlicher-schutz-fuer-unternehmen\/#breadcrumb\",\"itemListElement\":[{\"@type\":\"ListItem\",\"position\":1,\"name\":\"Risikomanagement\",\"item\":\"https:\/\/www.m-q.ch\/kategorie\/risikomanagement\/\"},{\"@type\":\"ListItem\",\"position\":2,\"name\":\"Gesamtheitlicher Schutz f\u00fcr Unternehmen\"}]},{\"@type\":\"WebSite\",\"@id\":\"https:\/\/www.m-q.ch\/fr\/#website\",\"url\":\"https:\/\/www.m-q.ch\/fr\/\",\"name\":\"MQ Management und Qualit\u00e4t\",\"description\":\"Plattform f\u00fcr integrierte Managementsysteme.\",\"publisher\":{\"@id\":\"https:\/\/www.m-q.ch\/fr\/#organization\"},\"potentialAction\":[{\"@type\":\"SearchAction\",\"target\":{\"@type\":\"EntryPoint\",\"urlTemplate\":\"https:\/\/www.m-q.ch\/fr\/?s={search_term_string}\"},\"query-input\":{\"@type\":\"PropertyValueSpecification\",\"valueRequired\":true,\"valueName\":\"search_term_string\"}}],\"inLanguage\":\"fr-FR\"},{\"@type\":\"Organization\",\"@id\":\"https:\/\/www.m-q.ch\/fr\/#organization\",\"name\":\"Galledia Fachmedien AG\",\"url\":\"https:\/\/www.m-q.ch\/fr\/\",\"logo\":{\"@type\":\"ImageObject\",\"inLanguage\":\"fr-FR\",\"@id\":\"https:\/\/www.m-q.ch\/fr\/#\/schema\/logo\/image\/\",\"url\":\"https:\/\/www.m-q.ch\/wp-content\/uploads\/2020\/12\/cropped-logo_small.png\",\"contentUrl\":\"https:\/\/www.m-q.ch\/wp-content\/uploads\/2020\/12\/cropped-logo_small.png\",\"width\":512,\"height\":512,\"caption\":\"Galledia Fachmedien AG\"},\"image\":{\"@id\":\"https:\/\/www.m-q.ch\/fr\/#\/schema\/logo\/image\/\"},\"sameAs\":[\"https:\/\/www.facebook.com\/ManagementUndQualitaet\",\"https:\/\/www.linkedin.com\/showcase\/17982321\/admin\/\"]},{\"@type\":\"Person\",\"@id\":\"https:\/\/www.m-q.ch\/fr\/#\/schema\/person\/6044ff1d138701fac0f63fd4c5c93267\",\"name\":\"upwork\",\"image\":{\"@type\":\"ImageObject\",\"inLanguage\":\"fr-FR\",\"@id\":\"https:\/\/www.m-q.ch\/fr\/#\/schema\/person\/image\/\",\"url\":\"https:\/\/secure.gravatar.com\/avatar\/fe2de2b04483edb0f28eb7fd34d15d6c?s=96&d=mm&r=g\",\"contentUrl\":\"https:\/\/secure.gravatar.com\/avatar\/fe2de2b04483edb0f28eb7fd34d15d6c?s=96&d=mm&r=g\",\"caption\":\"upwork\"},\"description\":\"uf3J7(qCI6jN0^0y6%%0ti70\",\"url\":\"https:\/\/www.m-q.ch\/fr\/author\/upwork\/\"}]}<\/script>\n<!-- \/ Yoast SEO plugin. -->","yoast_head_json":{"title":"Une protection compl\u00e8te pour les entreprises - MQ Management and Quality","description":"Criminalit\u00e9 \u00e9conomique, espionnage industriel et cybercriminalit\u00e9 : chaque ann\u00e9e, l'\u00e9conomie suisse subit elle aussi d'immenses dommages caus\u00e9s par ces d\u00e9lits. L'identification des dangers, l'utilisation appropri\u00e9e des contre-mesures et la gestion des \u00e9v\u00e9nements conduisent au Centre de comp\u00e9tence pour la protection \u00e9conomique.","robots":{"index":"index","follow":"follow","max-snippet":"max-snippet:-1","max-image-preview":"max-image-preview:large","max-video-preview":"max-video-preview:-1"},"canonical":"https:\/\/www.m-q.ch\/fr\/protection-globale-pour-les-entreprises\/","og_locale":"fr_FR","og_type":"article","og_title":"Gesamtheitlicher Schutz f\u00fcr Unternehmen - MQ Management und Qualit\u00e4t","og_description":"Wirtschaftskriminalit\u00e4t, Industriespionage und Cyber Crime: Auch in der SchweizerWirtschaft werden j\u00e4hrlich immense Sch\u00e4den durch solche Delikte verursacht. DasErkennen von Gefahren, der geeignete Einsatz von Gegenmassnahmen wie auch dieEreignisbew\u00e4ltigung f\u00fchrt zum Kompetenzzentrum Wirtschaftsschutz.","og_url":"https:\/\/www.m-q.ch\/fr\/protection-globale-pour-les-entreprises\/","og_site_name":"MQ Management und Qualit\u00e4t","article_publisher":"https:\/\/www.facebook.com\/ManagementUndQualitaet","article_published_time":"2020-03-21T14:14:26+00:00","article_modified_time":"2021-02-11T14:19:10+00:00","og_image":[{"width":418,"height":259,"url":"https:\/\/www.m-q.ch\/wp-content\/uploads\/2021\/02\/09-6.jpg","type":"image\/jpeg"}],"author":"upwork","twitter_card":"summary_large_image","twitter_misc":{"\u00c9crit par":"upwork","Dur\u00e9e de lecture estim\u00e9e":"4 minutes"},"schema":{"@context":"https:\/\/schema.org","@graph":[{"@type":"Article","@id":"https:\/\/www.m-q.ch\/gesamtheitlicher-schutz-fuer-unternehmen\/#article","isPartOf":{"@id":"https:\/\/www.m-q.ch\/gesamtheitlicher-schutz-fuer-unternehmen\/"},"author":{"name":"upwork","@id":"https:\/\/www.m-q.ch\/fr\/#\/schema\/person\/6044ff1d138701fac0f63fd4c5c93267"},"headline":"Gesamtheitlicher Schutz f\u00fcr Unternehmen","datePublished":"2020-03-21T14:14:26+00:00","dateModified":"2021-02-11T14:19:10+00:00","mainEntityOfPage":{"@id":"https:\/\/www.m-q.ch\/gesamtheitlicher-schutz-fuer-unternehmen\/"},"wordCount":889,"publisher":{"@id":"https:\/\/www.m-q.ch\/fr\/#organization"},"image":{"@id":"https:\/\/www.m-q.ch\/gesamtheitlicher-schutz-fuer-unternehmen\/#primaryimage"},"thumbnailUrl":"https:\/\/www.m-q.ch\/wp-content\/uploads\/2021\/02\/09-6.jpg","keywords":["03\/2020"],"articleSection":["Risikomanagement"],"inLanguage":"fr-FR"},{"@type":"WebPage","@id":"https:\/\/www.m-q.ch\/gesamtheitlicher-schutz-fuer-unternehmen\/","url":"https:\/\/www.m-q.ch\/gesamtheitlicher-schutz-fuer-unternehmen\/","name":"Une protection compl\u00e8te pour les entreprises - MQ Management and Quality","isPartOf":{"@id":"https:\/\/www.m-q.ch\/fr\/#website"},"primaryImageOfPage":{"@id":"https:\/\/www.m-q.ch\/gesamtheitlicher-schutz-fuer-unternehmen\/#primaryimage"},"image":{"@id":"https:\/\/www.m-q.ch\/gesamtheitlicher-schutz-fuer-unternehmen\/#primaryimage"},"thumbnailUrl":"https:\/\/www.m-q.ch\/wp-content\/uploads\/2021\/02\/09-6.jpg","datePublished":"2020-03-21T14:14:26+00:00","dateModified":"2021-02-11T14:19:10+00:00","description":"Criminalit\u00e9 \u00e9conomique, espionnage industriel et cybercriminalit\u00e9 : chaque ann\u00e9e, l'\u00e9conomie suisse subit elle aussi d'immenses dommages caus\u00e9s par ces d\u00e9lits. L'identification des dangers, l'utilisation appropri\u00e9e des contre-mesures et la gestion des \u00e9v\u00e9nements conduisent au Centre de comp\u00e9tence pour la protection \u00e9conomique.","breadcrumb":{"@id":"https:\/\/www.m-q.ch\/gesamtheitlicher-schutz-fuer-unternehmen\/#breadcrumb"},"inLanguage":"fr-FR","potentialAction":[{"@type":"ReadAction","target":["https:\/\/www.m-q.ch\/gesamtheitlicher-schutz-fuer-unternehmen\/"]}]},{"@type":"ImageObject","inLanguage":"fr-FR","@id":"https:\/\/www.m-q.ch\/gesamtheitlicher-schutz-fuer-unternehmen\/#primaryimage","url":"https:\/\/www.m-q.ch\/wp-content\/uploads\/2021\/02\/09-6.jpg","contentUrl":"https:\/\/www.m-q.ch\/wp-content\/uploads\/2021\/02\/09-6.jpg","width":418,"height":259},{"@type":"BreadcrumbList","@id":"https:\/\/www.m-q.ch\/gesamtheitlicher-schutz-fuer-unternehmen\/#breadcrumb","itemListElement":[{"@type":"ListItem","position":1,"name":"Risikomanagement","item":"https:\/\/www.m-q.ch\/kategorie\/risikomanagement\/"},{"@type":"ListItem","position":2,"name":"Gesamtheitlicher Schutz f\u00fcr Unternehmen"}]},{"@type":"WebSite","@id":"https:\/\/www.m-q.ch\/fr\/#website","url":"https:\/\/www.m-q.ch\/fr\/","name":"Gestion et qualit\u00e9 du QM","description":"Plate-forme pour les syst\u00e8mes de gestion int\u00e9gr\u00e9e.","publisher":{"@id":"https:\/\/www.m-q.ch\/fr\/#organization"},"potentialAction":[{"@type":"SearchAction","target":{"@type":"EntryPoint","urlTemplate":"https:\/\/www.m-q.ch\/fr\/?s={search_term_string}"},"query-input":{"@type":"PropertyValueSpecification","valueRequired":true,"valueName":"search_term_string"}}],"inLanguage":"fr-FR"},{"@type":"Organization","@id":"https:\/\/www.m-q.ch\/fr\/#organization","name":"Galledia Trade Media AG","url":"https:\/\/www.m-q.ch\/fr\/","logo":{"@type":"ImageObject","inLanguage":"fr-FR","@id":"https:\/\/www.m-q.ch\/fr\/#\/schema\/logo\/image\/","url":"https:\/\/www.m-q.ch\/wp-content\/uploads\/2020\/12\/cropped-logo_small.png","contentUrl":"https:\/\/www.m-q.ch\/wp-content\/uploads\/2020\/12\/cropped-logo_small.png","width":512,"height":512,"caption":"Galledia Fachmedien AG"},"image":{"@id":"https:\/\/www.m-q.ch\/fr\/#\/schema\/logo\/image\/"},"sameAs":["https:\/\/www.facebook.com\/ManagementUndQualitaet","https:\/\/www.linkedin.com\/showcase\/17982321\/admin\/"]},{"@type":"Person","@id":"https:\/\/www.m-q.ch\/fr\/#\/schema\/person\/6044ff1d138701fac0f63fd4c5c93267","name":"upwork","image":{"@type":"ImageObject","inLanguage":"fr-FR","@id":"https:\/\/www.m-q.ch\/fr\/#\/schema\/person\/image\/","url":"https:\/\/secure.gravatar.com\/avatar\/fe2de2b04483edb0f28eb7fd34d15d6c?s=96&d=mm&r=g","contentUrl":"https:\/\/secure.gravatar.com\/avatar\/fe2de2b04483edb0f28eb7fd34d15d6c?s=96&d=mm&r=g","caption":"upwork"},"description":"uf3J7(qCI6jN0^0y6%%0ti70","url":"https:\/\/www.m-q.ch\/fr\/author\/upwork\/"}]}},"_links":{"self":[{"href":"https:\/\/www.m-q.ch\/fr\/wp-json\/wp\/v2\/posts\/10924","targetHints":{"allow":["GET"]}}],"collection":[{"href":"https:\/\/www.m-q.ch\/fr\/wp-json\/wp\/v2\/posts"}],"about":[{"href":"https:\/\/www.m-q.ch\/fr\/wp-json\/wp\/v2\/types\/post"}],"author":[{"embeddable":true,"href":"https:\/\/www.m-q.ch\/fr\/wp-json\/wp\/v2\/users\/60"}],"replies":[{"embeddable":true,"href":"https:\/\/www.m-q.ch\/fr\/wp-json\/wp\/v2\/comments?post=10924"}],"version-history":[{"count":1,"href":"https:\/\/www.m-q.ch\/fr\/wp-json\/wp\/v2\/posts\/10924\/revisions"}],"predecessor-version":[{"id":10928,"href":"https:\/\/www.m-q.ch\/fr\/wp-json\/wp\/v2\/posts\/10924\/revisions\/10928"}],"wp:featuredmedia":[{"embeddable":true,"href":"https:\/\/www.m-q.ch\/fr\/wp-json\/wp\/v2\/media\/10925"}],"wp:attachment":[{"href":"https:\/\/www.m-q.ch\/fr\/wp-json\/wp\/v2\/media?parent=10924"}],"wp:term":[{"taxonomy":"category","embeddable":true,"href":"https:\/\/www.m-q.ch\/fr\/wp-json\/wp\/v2\/categories?post=10924"},{"taxonomy":"post_tag","embeddable":true,"href":"https:\/\/www.m-q.ch\/fr\/wp-json\/wp\/v2\/tags?post=10924"}],"curies":[{"name":"wp","href":"https:\/\/api.w.org\/{rel}","templated":true}]}}