{"id":10929,"date":"2020-03-22T15:19:48","date_gmt":"2020-03-22T14:19:48","guid":{"rendered":"https:\/\/www.m-q.ch\/?p=10929"},"modified":"2021-02-11T15:25:00","modified_gmt":"2021-02-11T14:25:00","slug":"lexercice-dinterconnexion-de-securite-2019-svu-19","status":"publish","type":"post","link":"https:\/\/www.m-q.ch\/fr\/die-sicherheitsverbundsuebung-2019-svu-19\/","title":{"rendered":"L'exercice 2019 de l'Union de s\u00e9curit\u00e9 (SVU 19)."},"content":{"rendered":"<p><img loading=\"lazy\" decoding=\"async\" class=\"alignnone  wp-image-10930\" src=\"https:\/\/www.m-q.ch\/wp-content\/uploads\/2021\/02\/10-6.jpg\" alt=\"\" width=\"859\" height=\"620\" srcset=\"https:\/\/www.m-q.ch\/wp-content\/uploads\/2021\/02\/10-6.jpg 198w, https:\/\/www.m-q.ch\/wp-content\/uploads\/2021\/02\/10-6-16x12.jpg 16w\" sizes=\"auto, (max-width: 859px) 100vw, 859px\" \/><\/p>\n<p>&nbsp;<\/p>\n<p>L'exercice de s\u00e9curit\u00e9 SVU 19 a \u00e9t\u00e9 con\u00e7u pour tester la mani\u00e8re dont les organisations de s\u00e9curit\u00e9 impliqu\u00e9es peuvent g\u00e9rer une situation de crise et comment elles coop\u00e8rent dans une situation de menace qui dure plus longtemps. Le sc\u00e9nario \u00e9tait une menace terroriste prolong\u00e9e par des attaques contre les infrastructures critiques, des demandes extorqu\u00e9es et des attaques mena\u00e7antes.<\/p>\n<p>Une semaine avant le d\u00e9but de l'exercice d'encadrement du personnel, le 4 novembre 2019, la manifestation d'ouverture de l'UVA 19 a eu lieu \u00e0 la caserne de Berne. Plus de 300 membres des instruments de politique de s\u00e9curit\u00e9 de la Conf\u00e9d\u00e9ration, des cantons et des communes s'y sont r\u00e9unis. L'objectif de cette manifestation d'ouverture \u00e9tait de fournir toutes les derni\u00e8res informations importantes et instructions techniques sur l'UVA 19, ainsi que de donner un aper\u00e7u de la situation initiale afin que les pr\u00e9paratifs n\u00e9cessaires puissent \u00eatre men\u00e9s \u00e0 bien.<\/p>\n<p><strong>L'exercice de 52 heures <\/strong><\/p>\n<p>Les participants ont re\u00e7u la situation initiale, c'est-\u00e0-dire le sc\u00e9nario terroriste, le 11 novembre 2019. Lundi, \u00e0 7 heures, les membres des polices cantonales et les responsables des \u00e9tats-majors de commandement cantonaux (KFS) ont appris l'existence d'un attentat terroriste \u00e0 la gare de Zurich. Celle-ci avait subi de gros d\u00e9g\u00e2ts quelques jours auparavant. Non seulement 47 personnes ont \u00e9t\u00e9 tu\u00e9es et 78 bless\u00e9es, mais une grande partie du r\u00e9seau ferroviaire suisse a \u00e9t\u00e9 paralys\u00e9e. Le m\u00eame jour, la situation d\u00e9j\u00e0 critique s'est aggrav\u00e9e :<\/p>\n<p>Les participants \u00e0 l'exercice ont d\u00fb faire face \u00e0 une intoxication alimentaire caus\u00e9e par la toxine botulique, qui a entra\u00een\u00e9 quatre d\u00e9c\u00e8s et 60 cas suspects, au survol d'un avion inconnu, qui a n\u00e9cessit\u00e9 une identification rapide, et \u00e0 un important flux migratoire \u00e0 la fronti\u00e8re sud de la Suisse. Le d\u00e9fi \u00e9tait de taille, d'autant plus que les forces de s\u00e9curit\u00e9 ont \u00e9galement \u00e9t\u00e9 appel\u00e9es \u00e0 pr\u00e9parer la proc\u00e9dure fictive du tribunal de haute s\u00e9curit\u00e9 qui devait commencer le 13 novembre 2019 \u00e0 la Cour p\u00e9nale f\u00e9d\u00e9rale de Bellinzone.<\/p>\n<p>Ce sc\u00e9nario fictif, d\u00e9velopp\u00e9 avec le soutien du FIS, devait \u00eatre aussi r\u00e9aliste que possible afin que les diff\u00e9rentes forces de s\u00e9curit\u00e9 impliqu\u00e9es puissent travailler en \u00e9troite collaboration. Il a permis aux 61 \u00e9tats-majors et organisations de la Conf\u00e9d\u00e9ration et des cantons, ainsi qu'\u00e0 certaines villes et infrastructures critiques, de tester leur gestion de crise en cas d'urgence.<\/p>\n<p>Les quelque 2100 personnes qui ont particip\u00e9 \u00e0 l'exercice de 52 heures ont travaill\u00e9 de mani\u00e8re d\u00e9centralis\u00e9e, c'est-\u00e0-dire sur leur lieu de travail habituel. Le commandement de l'exercice a travaill\u00e9 dans un centre d'op\u00e9rations ad hoc de la caserne de Berne. Compos\u00e9e de la cellule d'observation de la situation, de la cellule de sc\u00e9nario, de la cellule de contact, de la cellule m\u00e9dias et de la cellule d'\u00e9valuation, elle a assur\u00e9 le commandement et le contr\u00f4le de l'exercice. Des visites au centre d'op\u00e9rations ont \u00e9t\u00e9 organis\u00e9es pendant l'exercice.<\/p>\n<p>Ils ont commenc\u00e9 le 11 novembre 2019 par une visite \u00e0 la plateforme politique du R\u00e9seau de s\u00e9curit\u00e9 suisse. Le 12 novembre 2019, une premi\u00e8re visite a \u00e9t\u00e9 organis\u00e9e pour une d\u00e9l\u00e9gation des commissions de politique de s\u00e9curit\u00e9 et un membre du MFZ de la CIG, et une deuxi\u00e8me visite pour les repr\u00e9sentants des ambassades \u00e9trang\u00e8res. Enfin, le dernier jour de l'exercice, c'\u00e9tait au tour des repr\u00e9sentants des m\u00e9dias.<\/p>\n<p><strong>Les cons\u00e9quences de l'exercice <\/strong><\/p>\n<p>Les activit\u00e9s entourant le SVU 19 se sont termin\u00e9es par l'\u00e9v\u00e9nement de cl\u00f4ture le 21 novembre 2019, au cours duquel les principaux participants ont fait part de leurs premi\u00e8res impressions sur le SVU 19 et ont jug\u00e9 qu'il \u00e9tait tr\u00e8s pr\u00e9cieux pour leur pr\u00e9paration aux crises. Un accent particulier a \u00e9t\u00e9 mis sur le fait que la coop\u00e9ration entre les services de s\u00e9curit\u00e9 f\u00e9d\u00e9raux et cantonaux pouvait \u00eatre pratiqu\u00e9e.<\/p>\n<p>Dans le cas de la police, la situation de menace, qui avait \u00e9t\u00e9 fix\u00e9e dans le sc\u00e9nario, a permis de revoir et d'approfondir la coordination entre le corps de police et l'Office f\u00e9d\u00e9ral de la police. Dans le cas de la protection civile, ce sc\u00e9nario a touch\u00e9 toutes les organisations partenaires du r\u00e9seau de protection civile. Le commandement de la protection civile a soulev\u00e9 la question de savoir si un homologue du personnel du commandement de la police \u00e9tait n\u00e9cessaire pour la protection civile, ce qui sera clarifi\u00e9 par le commandement de la protection civile dans le cadre du suivi de l'exercice.<\/p>\n<p>Avec trois d\u00e9cisions (fictives) du Conseil f\u00e9d\u00e9ral, l'arm\u00e9e s'\u00e9tait pr\u00e9par\u00e9e \u00e0 soutenir les autorit\u00e9s civiles avec une mission d'assistance pouvant aller jusqu'\u00e0 8500 militaires en cas de besoin.<\/p>\n<p>Les pr\u00e9sidents du KKJPD, le conseiller cantonal Urs Hofmann, et du RK MZF, le conseiller d'Etat Norman Gobbi, ont pris la parole depuis la plate-forme politique du SVS. Tous deux ont soulign\u00e9 que les avantages de ces exercices globaux pourraient \u00eatre optimis\u00e9s encore davantage si le niveau politique de la Conf\u00e9d\u00e9ration \u00e9tait \u00e9galement impliqu\u00e9, car les cantons ont besoin des points d'ancrage correspondants \u00e0 la Conf\u00e9d\u00e9ration pour la communication politique en cas de crise. Ils ont ainsi confirm\u00e9 l'impression \u00e0 cet \u00e9gard du chef d'exercice Hans-J\u00fcrg K\u00e4ser, qui avait d\u00e9j\u00e0 soulign\u00e9 au d\u00e9but de l'\u00e9v\u00e9nement que l'inclusion du niveau politique de la Conf\u00e9d\u00e9ration et des cantons \u00e9tait essentielle pour la coordination de la communication de crise.<\/p>\n<p>Toutes les constatations faites au cours de l'exercice et le rapport de situation feront l'objet d'un rapport final. Ces conclusions serviront \u00e0 \u00e9laborer des recommandations pour d'\u00e9ventuelles am\u00e9liorations de la gestion des crises en Suisse, qui seront soumises au Conseil f\u00e9d\u00e9ral ainsi qu'au CCJPD et au RC MZF. Apr\u00e8s leur approbation, le rapport final sera publi\u00e9 \u00e0 la fin de l'ann\u00e9e 2020.<\/p>\n<p>Parall\u00e8lement au rapport final, le DDPS et la CF \u00e9laborent ensemble la prochaine planification g\u00e9n\u00e9rale des exercices \u00e0 grande \u00e9chelle 2021-2027, qui sera \u00e9galement soumise au Conseil f\u00e9d\u00e9ral et aux cantons (par l'interm\u00e9diaire de la KKJPD et de la RK MZF) d'ici \u00e0 la fin 2020.<\/p>","protected":false},"excerpt":{"rendered":"<p>&nbsp; Mit der Sicherheitsverbunds\u00fcbung SVU 19 wurde \u00fcberpr\u00fcft, wie die involvierten Sicherheitsorganisationen einen Krisenfall bew\u00e4ltigen k\u00f6nnen und wie sie in einer \u00fcber einen l\u00e4ngeren Zeitraum andauernden Bedrohungslage zusammenarbeiten. Das Szenario war eine lang anhaltende Terrorbedrohung durch Angriffe gegen kritische Infrastrukturen, erpresserische Forderungen und drohende Anschl\u00e4ge. Eine Woche vor Beginn der Stabsrahmen\u00fcbung, am 4. November 2019, [&hellip;]<\/p>\n","protected":false},"author":60,"featured_media":10930,"comment_status":"closed","ping_status":"closed","sticky":false,"template":"","format":"standard","meta":{"_acf_changed":false,"footnotes":""},"categories":[4],"tags":[4760],"class_list":["post-10929","post","type-post","status-publish","format-standard","has-post-thumbnail","hentry","category-risikomanagement","tag-03-2020"],"acf":[],"yoast_head":"<!-- This site is optimized with the Yoast SEO plugin v26.2 - https:\/\/yoast.com\/wordpress\/plugins\/seo\/ -->\n<title>Die Sicherheitsverbunds\u00fcbung 2019 (SVU 19) - MQ Management und Qualit\u00e4t<\/title>\n<meta name=\"description\" content=\"Wie kann die Schweiz eine l\u00e4nger andauernde Terrorbedrohung bew\u00e4ltigen? DiesemThema waren die Sicherheitsverbunds\u00fcbung 2019 (SVU 19) und die Gesamtnotfall\u00fcbung2019 (GNU 19) gewidmet, die vom 11. bis 13. November 2019 beziehungsweise12. bis 14. November 2019 stattfanden. Obgleich die offizielle Auswertungzur Sicherheitsverbunds\u00fcbung 2019 (SVU 19) erst Ende 2020 vorgelegt wird,konnten erste Erkenntnisse aus den \u00dcbungen gezogen werden.\" \/>\n<meta name=\"robots\" content=\"index, follow, max-snippet:-1, max-image-preview:large, max-video-preview:-1\" \/>\n<link rel=\"canonical\" href=\"https:\/\/www.m-q.ch\/fr\/lexercice-dinterconnexion-de-securite-2019-svu-19\/\" \/>\n<meta property=\"og:locale\" content=\"fr_FR\" \/>\n<meta property=\"og:type\" content=\"article\" \/>\n<meta property=\"og:title\" content=\"Die Sicherheitsverbunds\u00fcbung 2019 (SVU 19) - MQ Management und Qualit\u00e4t\" \/>\n<meta property=\"og:description\" content=\"Wie kann die Schweiz eine l\u00e4nger andauernde Terrorbedrohung bew\u00e4ltigen? DiesemThema waren die Sicherheitsverbunds\u00fcbung 2019 (SVU 19) und die Gesamtnotfall\u00fcbung2019 (GNU 19) gewidmet, die vom 11. bis 13. November 2019 beziehungsweise12. bis 14. November 2019 stattfanden. Obgleich die offizielle Auswertungzur Sicherheitsverbunds\u00fcbung 2019 (SVU 19) erst Ende 2020 vorgelegt wird,konnten erste Erkenntnisse aus den \u00dcbungen gezogen werden.\" \/>\n<meta property=\"og:url\" content=\"https:\/\/www.m-q.ch\/fr\/lexercice-dinterconnexion-de-securite-2019-svu-19\/\" \/>\n<meta property=\"og:site_name\" content=\"MQ Management und Qualit\u00e4t\" \/>\n<meta property=\"article:publisher\" content=\"https:\/\/www.facebook.com\/ManagementUndQualitaet\" \/>\n<meta property=\"article:published_time\" content=\"2020-03-22T14:19:48+00:00\" \/>\n<meta property=\"article:modified_time\" content=\"2021-02-11T14:25:00+00:00\" \/>\n<meta property=\"og:image\" content=\"https:\/\/www.m-q.ch\/wp-content\/uploads\/2021\/02\/10-6.jpg\" \/>\n\t<meta property=\"og:image:width\" content=\"198\" \/>\n\t<meta property=\"og:image:height\" content=\"143\" \/>\n\t<meta property=\"og:image:type\" content=\"image\/jpeg\" \/>\n<meta name=\"author\" content=\"upwork\" \/>\n<meta name=\"twitter:card\" content=\"summary_large_image\" \/>\n<meta name=\"twitter:label1\" content=\"\u00c9crit par\" \/>\n\t<meta name=\"twitter:data1\" content=\"upwork\" \/>\n\t<meta name=\"twitter:label2\" content=\"Dur\u00e9e de lecture estim\u00e9e\" \/>\n\t<meta name=\"twitter:data2\" content=\"4 minutes\" \/>\n<script type=\"application\/ld+json\" class=\"yoast-schema-graph\">{\"@context\":\"https:\/\/schema.org\",\"@graph\":[{\"@type\":\"Article\",\"@id\":\"https:\/\/www.m-q.ch\/die-sicherheitsverbundsuebung-2019-svu-19\/#article\",\"isPartOf\":{\"@id\":\"https:\/\/www.m-q.ch\/die-sicherheitsverbundsuebung-2019-svu-19\/\"},\"author\":{\"name\":\"upwork\",\"@id\":\"https:\/\/www.m-q.ch\/fr\/#\/schema\/person\/6044ff1d138701fac0f63fd4c5c93267\"},\"headline\":\"Die Sicherheitsverbunds\u00fcbung 2019 (SVU 19)\",\"datePublished\":\"2020-03-22T14:19:48+00:00\",\"dateModified\":\"2021-02-11T14:25:00+00:00\",\"mainEntityOfPage\":{\"@id\":\"https:\/\/www.m-q.ch\/die-sicherheitsverbundsuebung-2019-svu-19\/\"},\"wordCount\":774,\"publisher\":{\"@id\":\"https:\/\/www.m-q.ch\/fr\/#organization\"},\"image\":{\"@id\":\"https:\/\/www.m-q.ch\/die-sicherheitsverbundsuebung-2019-svu-19\/#primaryimage\"},\"thumbnailUrl\":\"https:\/\/www.m-q.ch\/wp-content\/uploads\/2021\/02\/10-6.jpg\",\"keywords\":[\"03\/2020\"],\"articleSection\":[\"Risikomanagement\"],\"inLanguage\":\"fr-FR\"},{\"@type\":\"WebPage\",\"@id\":\"https:\/\/www.m-q.ch\/die-sicherheitsverbundsuebung-2019-svu-19\/\",\"url\":\"https:\/\/www.m-q.ch\/die-sicherheitsverbundsuebung-2019-svu-19\/\",\"name\":\"Die Sicherheitsverbunds\u00fcbung 2019 (SVU 19) - MQ Management und Qualit\u00e4t\",\"isPartOf\":{\"@id\":\"https:\/\/www.m-q.ch\/fr\/#website\"},\"primaryImageOfPage\":{\"@id\":\"https:\/\/www.m-q.ch\/die-sicherheitsverbundsuebung-2019-svu-19\/#primaryimage\"},\"image\":{\"@id\":\"https:\/\/www.m-q.ch\/die-sicherheitsverbundsuebung-2019-svu-19\/#primaryimage\"},\"thumbnailUrl\":\"https:\/\/www.m-q.ch\/wp-content\/uploads\/2021\/02\/10-6.jpg\",\"datePublished\":\"2020-03-22T14:19:48+00:00\",\"dateModified\":\"2021-02-11T14:25:00+00:00\",\"description\":\"Wie kann die Schweiz eine l\u00e4nger andauernde Terrorbedrohung bew\u00e4ltigen? DiesemThema waren die Sicherheitsverbunds\u00fcbung 2019 (SVU 19) und die Gesamtnotfall\u00fcbung2019 (GNU 19) gewidmet, die vom 11. bis 13. November 2019 beziehungsweise12. bis 14. November 2019 stattfanden. Obgleich die offizielle Auswertungzur Sicherheitsverbunds\u00fcbung 2019 (SVU 19) erst Ende 2020 vorgelegt wird,konnten erste Erkenntnisse aus den \u00dcbungen gezogen werden.\",\"breadcrumb\":{\"@id\":\"https:\/\/www.m-q.ch\/die-sicherheitsverbundsuebung-2019-svu-19\/#breadcrumb\"},\"inLanguage\":\"fr-FR\",\"potentialAction\":[{\"@type\":\"ReadAction\",\"target\":[\"https:\/\/www.m-q.ch\/die-sicherheitsverbundsuebung-2019-svu-19\/\"]}]},{\"@type\":\"ImageObject\",\"inLanguage\":\"fr-FR\",\"@id\":\"https:\/\/www.m-q.ch\/die-sicherheitsverbundsuebung-2019-svu-19\/#primaryimage\",\"url\":\"https:\/\/www.m-q.ch\/wp-content\/uploads\/2021\/02\/10-6.jpg\",\"contentUrl\":\"https:\/\/www.m-q.ch\/wp-content\/uploads\/2021\/02\/10-6.jpg\",\"width\":198,\"height\":143},{\"@type\":\"BreadcrumbList\",\"@id\":\"https:\/\/www.m-q.ch\/die-sicherheitsverbundsuebung-2019-svu-19\/#breadcrumb\",\"itemListElement\":[{\"@type\":\"ListItem\",\"position\":1,\"name\":\"Risikomanagement\",\"item\":\"https:\/\/www.m-q.ch\/kategorie\/risikomanagement\/\"},{\"@type\":\"ListItem\",\"position\":2,\"name\":\"Die Sicherheitsverbunds\u00fcbung 2019 (SVU 19)\"}]},{\"@type\":\"WebSite\",\"@id\":\"https:\/\/www.m-q.ch\/fr\/#website\",\"url\":\"https:\/\/www.m-q.ch\/fr\/\",\"name\":\"MQ Management und Qualit\u00e4t\",\"description\":\"Plattform f\u00fcr integrierte Managementsysteme.\",\"publisher\":{\"@id\":\"https:\/\/www.m-q.ch\/fr\/#organization\"},\"potentialAction\":[{\"@type\":\"SearchAction\",\"target\":{\"@type\":\"EntryPoint\",\"urlTemplate\":\"https:\/\/www.m-q.ch\/fr\/?s={search_term_string}\"},\"query-input\":{\"@type\":\"PropertyValueSpecification\",\"valueRequired\":true,\"valueName\":\"search_term_string\"}}],\"inLanguage\":\"fr-FR\"},{\"@type\":\"Organization\",\"@id\":\"https:\/\/www.m-q.ch\/fr\/#organization\",\"name\":\"Galledia Fachmedien AG\",\"url\":\"https:\/\/www.m-q.ch\/fr\/\",\"logo\":{\"@type\":\"ImageObject\",\"inLanguage\":\"fr-FR\",\"@id\":\"https:\/\/www.m-q.ch\/fr\/#\/schema\/logo\/image\/\",\"url\":\"https:\/\/www.m-q.ch\/wp-content\/uploads\/2020\/12\/cropped-logo_small.png\",\"contentUrl\":\"https:\/\/www.m-q.ch\/wp-content\/uploads\/2020\/12\/cropped-logo_small.png\",\"width\":512,\"height\":512,\"caption\":\"Galledia Fachmedien AG\"},\"image\":{\"@id\":\"https:\/\/www.m-q.ch\/fr\/#\/schema\/logo\/image\/\"},\"sameAs\":[\"https:\/\/www.facebook.com\/ManagementUndQualitaet\",\"https:\/\/www.linkedin.com\/showcase\/17982321\/admin\/\"]},{\"@type\":\"Person\",\"@id\":\"https:\/\/www.m-q.ch\/fr\/#\/schema\/person\/6044ff1d138701fac0f63fd4c5c93267\",\"name\":\"upwork\",\"image\":{\"@type\":\"ImageObject\",\"inLanguage\":\"fr-FR\",\"@id\":\"https:\/\/www.m-q.ch\/fr\/#\/schema\/person\/image\/\",\"url\":\"https:\/\/secure.gravatar.com\/avatar\/fe2de2b04483edb0f28eb7fd34d15d6c?s=96&d=mm&r=g\",\"contentUrl\":\"https:\/\/secure.gravatar.com\/avatar\/fe2de2b04483edb0f28eb7fd34d15d6c?s=96&d=mm&r=g\",\"caption\":\"upwork\"},\"description\":\"uf3J7(qCI6jN0^0y6%%0ti70\",\"url\":\"https:\/\/www.m-q.ch\/fr\/author\/upwork\/\"}]}<\/script>\n<!-- \/ Yoast SEO plugin. -->","yoast_head_json":{"title":"L'exercice 2019 du syndicat de la s\u00e9curit\u00e9 (SVU 19) - MQ Management and Quality.","description":"Comment la Suisse peut-elle faire face \u00e0 une menace terroriste prolong\u00e9e ? C'\u00e9tait le sujet de l'exercice du groupe de s\u00e9curit\u00e9 2019 (SVU 19) et de l'exercice d'urgence globale 2019 (GNU 19), qui se sont d\u00e9roul\u00e9s respectivement du 11 au 13 novembre 2019 et du 12 au 14 novembre 2019. Bien que l'\u00e9valuation officielle de l'exercice conjoint de s\u00e9curit\u00e9 2019 (SVU 19) ne sera pas pr\u00e9sent\u00e9e avant la fin de 2020, il a \u00e9t\u00e9 possible de tirer les premi\u00e8res conclusions de ces exercices.","robots":{"index":"index","follow":"follow","max-snippet":"max-snippet:-1","max-image-preview":"max-image-preview:large","max-video-preview":"max-video-preview:-1"},"canonical":"https:\/\/www.m-q.ch\/fr\/lexercice-dinterconnexion-de-securite-2019-svu-19\/","og_locale":"fr_FR","og_type":"article","og_title":"Die Sicherheitsverbunds\u00fcbung 2019 (SVU 19) - MQ Management und Qualit\u00e4t","og_description":"Wie kann die Schweiz eine l\u00e4nger andauernde Terrorbedrohung bew\u00e4ltigen? DiesemThema waren die Sicherheitsverbunds\u00fcbung 2019 (SVU 19) und die Gesamtnotfall\u00fcbung2019 (GNU 19) gewidmet, die vom 11. bis 13. November 2019 beziehungsweise12. bis 14. November 2019 stattfanden. Obgleich die offizielle Auswertungzur Sicherheitsverbunds\u00fcbung 2019 (SVU 19) erst Ende 2020 vorgelegt wird,konnten erste Erkenntnisse aus den \u00dcbungen gezogen werden.","og_url":"https:\/\/www.m-q.ch\/fr\/lexercice-dinterconnexion-de-securite-2019-svu-19\/","og_site_name":"MQ Management und Qualit\u00e4t","article_publisher":"https:\/\/www.facebook.com\/ManagementUndQualitaet","article_published_time":"2020-03-22T14:19:48+00:00","article_modified_time":"2021-02-11T14:25:00+00:00","og_image":[{"width":198,"height":143,"url":"https:\/\/www.m-q.ch\/wp-content\/uploads\/2021\/02\/10-6.jpg","type":"image\/jpeg"}],"author":"upwork","twitter_card":"summary_large_image","twitter_misc":{"\u00c9crit par":"upwork","Dur\u00e9e de lecture estim\u00e9e":"4 minutes"},"schema":{"@context":"https:\/\/schema.org","@graph":[{"@type":"Article","@id":"https:\/\/www.m-q.ch\/die-sicherheitsverbundsuebung-2019-svu-19\/#article","isPartOf":{"@id":"https:\/\/www.m-q.ch\/die-sicherheitsverbundsuebung-2019-svu-19\/"},"author":{"name":"upwork","@id":"https:\/\/www.m-q.ch\/fr\/#\/schema\/person\/6044ff1d138701fac0f63fd4c5c93267"},"headline":"Die Sicherheitsverbunds\u00fcbung 2019 (SVU 19)","datePublished":"2020-03-22T14:19:48+00:00","dateModified":"2021-02-11T14:25:00+00:00","mainEntityOfPage":{"@id":"https:\/\/www.m-q.ch\/die-sicherheitsverbundsuebung-2019-svu-19\/"},"wordCount":774,"publisher":{"@id":"https:\/\/www.m-q.ch\/fr\/#organization"},"image":{"@id":"https:\/\/www.m-q.ch\/die-sicherheitsverbundsuebung-2019-svu-19\/#primaryimage"},"thumbnailUrl":"https:\/\/www.m-q.ch\/wp-content\/uploads\/2021\/02\/10-6.jpg","keywords":["03\/2020"],"articleSection":["Risikomanagement"],"inLanguage":"fr-FR"},{"@type":"WebPage","@id":"https:\/\/www.m-q.ch\/die-sicherheitsverbundsuebung-2019-svu-19\/","url":"https:\/\/www.m-q.ch\/die-sicherheitsverbundsuebung-2019-svu-19\/","name":"L'exercice 2019 du syndicat de la s\u00e9curit\u00e9 (SVU 19) - MQ Management and Quality.","isPartOf":{"@id":"https:\/\/www.m-q.ch\/fr\/#website"},"primaryImageOfPage":{"@id":"https:\/\/www.m-q.ch\/die-sicherheitsverbundsuebung-2019-svu-19\/#primaryimage"},"image":{"@id":"https:\/\/www.m-q.ch\/die-sicherheitsverbundsuebung-2019-svu-19\/#primaryimage"},"thumbnailUrl":"https:\/\/www.m-q.ch\/wp-content\/uploads\/2021\/02\/10-6.jpg","datePublished":"2020-03-22T14:19:48+00:00","dateModified":"2021-02-11T14:25:00+00:00","description":"Comment la Suisse peut-elle faire face \u00e0 une menace terroriste prolong\u00e9e ? C'\u00e9tait le sujet de l'exercice du groupe de s\u00e9curit\u00e9 2019 (SVU 19) et de l'exercice d'urgence globale 2019 (GNU 19), qui se sont d\u00e9roul\u00e9s respectivement du 11 au 13 novembre 2019 et du 12 au 14 novembre 2019. Bien que l'\u00e9valuation officielle de l'exercice conjoint de s\u00e9curit\u00e9 2019 (SVU 19) ne sera pas pr\u00e9sent\u00e9e avant la fin de 2020, il a \u00e9t\u00e9 possible de tirer les premi\u00e8res conclusions de ces exercices.","breadcrumb":{"@id":"https:\/\/www.m-q.ch\/die-sicherheitsverbundsuebung-2019-svu-19\/#breadcrumb"},"inLanguage":"fr-FR","potentialAction":[{"@type":"ReadAction","target":["https:\/\/www.m-q.ch\/die-sicherheitsverbundsuebung-2019-svu-19\/"]}]},{"@type":"ImageObject","inLanguage":"fr-FR","@id":"https:\/\/www.m-q.ch\/die-sicherheitsverbundsuebung-2019-svu-19\/#primaryimage","url":"https:\/\/www.m-q.ch\/wp-content\/uploads\/2021\/02\/10-6.jpg","contentUrl":"https:\/\/www.m-q.ch\/wp-content\/uploads\/2021\/02\/10-6.jpg","width":198,"height":143},{"@type":"BreadcrumbList","@id":"https:\/\/www.m-q.ch\/die-sicherheitsverbundsuebung-2019-svu-19\/#breadcrumb","itemListElement":[{"@type":"ListItem","position":1,"name":"Risikomanagement","item":"https:\/\/www.m-q.ch\/kategorie\/risikomanagement\/"},{"@type":"ListItem","position":2,"name":"Die Sicherheitsverbunds\u00fcbung 2019 (SVU 19)"}]},{"@type":"WebSite","@id":"https:\/\/www.m-q.ch\/fr\/#website","url":"https:\/\/www.m-q.ch\/fr\/","name":"Gestion et qualit\u00e9 du QM","description":"Plate-forme pour les syst\u00e8mes de gestion int\u00e9gr\u00e9e.","publisher":{"@id":"https:\/\/www.m-q.ch\/fr\/#organization"},"potentialAction":[{"@type":"SearchAction","target":{"@type":"EntryPoint","urlTemplate":"https:\/\/www.m-q.ch\/fr\/?s={search_term_string}"},"query-input":{"@type":"PropertyValueSpecification","valueRequired":true,"valueName":"search_term_string"}}],"inLanguage":"fr-FR"},{"@type":"Organization","@id":"https:\/\/www.m-q.ch\/fr\/#organization","name":"Galledia Trade Media AG","url":"https:\/\/www.m-q.ch\/fr\/","logo":{"@type":"ImageObject","inLanguage":"fr-FR","@id":"https:\/\/www.m-q.ch\/fr\/#\/schema\/logo\/image\/","url":"https:\/\/www.m-q.ch\/wp-content\/uploads\/2020\/12\/cropped-logo_small.png","contentUrl":"https:\/\/www.m-q.ch\/wp-content\/uploads\/2020\/12\/cropped-logo_small.png","width":512,"height":512,"caption":"Galledia Fachmedien AG"},"image":{"@id":"https:\/\/www.m-q.ch\/fr\/#\/schema\/logo\/image\/"},"sameAs":["https:\/\/www.facebook.com\/ManagementUndQualitaet","https:\/\/www.linkedin.com\/showcase\/17982321\/admin\/"]},{"@type":"Person","@id":"https:\/\/www.m-q.ch\/fr\/#\/schema\/person\/6044ff1d138701fac0f63fd4c5c93267","name":"upwork","image":{"@type":"ImageObject","inLanguage":"fr-FR","@id":"https:\/\/www.m-q.ch\/fr\/#\/schema\/person\/image\/","url":"https:\/\/secure.gravatar.com\/avatar\/fe2de2b04483edb0f28eb7fd34d15d6c?s=96&d=mm&r=g","contentUrl":"https:\/\/secure.gravatar.com\/avatar\/fe2de2b04483edb0f28eb7fd34d15d6c?s=96&d=mm&r=g","caption":"upwork"},"description":"uf3J7(qCI6jN0^0y6%%0ti70","url":"https:\/\/www.m-q.ch\/fr\/author\/upwork\/"}]}},"_links":{"self":[{"href":"https:\/\/www.m-q.ch\/fr\/wp-json\/wp\/v2\/posts\/10929","targetHints":{"allow":["GET"]}}],"collection":[{"href":"https:\/\/www.m-q.ch\/fr\/wp-json\/wp\/v2\/posts"}],"about":[{"href":"https:\/\/www.m-q.ch\/fr\/wp-json\/wp\/v2\/types\/post"}],"author":[{"embeddable":true,"href":"https:\/\/www.m-q.ch\/fr\/wp-json\/wp\/v2\/users\/60"}],"replies":[{"embeddable":true,"href":"https:\/\/www.m-q.ch\/fr\/wp-json\/wp\/v2\/comments?post=10929"}],"version-history":[{"count":1,"href":"https:\/\/www.m-q.ch\/fr\/wp-json\/wp\/v2\/posts\/10929\/revisions"}],"predecessor-version":[{"id":10932,"href":"https:\/\/www.m-q.ch\/fr\/wp-json\/wp\/v2\/posts\/10929\/revisions\/10932"}],"wp:featuredmedia":[{"embeddable":true,"href":"https:\/\/www.m-q.ch\/fr\/wp-json\/wp\/v2\/media\/10930"}],"wp:attachment":[{"href":"https:\/\/www.m-q.ch\/fr\/wp-json\/wp\/v2\/media?parent=10929"}],"wp:term":[{"taxonomy":"category","embeddable":true,"href":"https:\/\/www.m-q.ch\/fr\/wp-json\/wp\/v2\/categories?post=10929"},{"taxonomy":"post_tag","embeddable":true,"href":"https:\/\/www.m-q.ch\/fr\/wp-json\/wp\/v2\/tags?post=10929"}],"curies":[{"name":"wp","href":"https:\/\/api.w.org\/{rel}","templated":true}]}}