{"id":11087,"date":"2017-02-17T10:58:59","date_gmt":"2017-02-17T09:58:59","guid":{"rendered":"https:\/\/www.m-q.ch\/?p=11087"},"modified":"2021-02-12T12:21:56","modified_gmt":"2021-02-12T11:21:56","slug":"chaque-contact-avec-le-client-est-un-element-de-qualite","status":"publish","type":"post","link":"https:\/\/www.m-q.ch\/fr\/jeder-kundenkontakt-ist-ein-stueck-qualitaet\/","title":{"rendered":"\"Chaque contact avec le client est un morceau de qualit\u00e9\""},"content":{"rendered":"<p><img loading=\"lazy\" decoding=\"async\" class=\"alignnone size-full wp-image-11119\" src=\"https:\/\/www.m-q.ch\/wp-content\/uploads\/2021\/02\/Jeder-Kundenkontakt-ist-ein-Stueck-Qualitaet.jpg\" alt=\"&quot;Chaque contact avec le client est un morceau de qualit\u00e9&quot;\" width=\"868\" height=\"521\" srcset=\"https:\/\/www.m-q.ch\/wp-content\/uploads\/2021\/02\/Jeder-Kundenkontakt-ist-ein-Stueck-Qualitaet.jpg 868w, https:\/\/www.m-q.ch\/wp-content\/uploads\/2021\/02\/Jeder-Kundenkontakt-ist-ein-Stueck-Qualitaet-768x461.jpg 768w, https:\/\/www.m-q.ch\/wp-content\/uploads\/2021\/02\/Jeder-Kundenkontakt-ist-ein-Stueck-Qualitaet-16x10.jpg 16w, https:\/\/www.m-q.ch\/wp-content\/uploads\/2021\/02\/Jeder-Kundenkontakt-ist-ein-Stueck-Qualitaet-292x175.jpg 292w, https:\/\/www.m-q.ch\/wp-content\/uploads\/2021\/02\/Jeder-Kundenkontakt-ist-ein-Stueck-Qualitaet-583x350.jpg 583w, https:\/\/www.m-q.ch\/wp-content\/uploads\/2021\/02\/Jeder-Kundenkontakt-ist-ein-Stueck-Qualitaet-300x180.jpg 300w\" sizes=\"auto, (max-width: 868px) 100vw, 868px\" \/><\/p>\n<p>&nbsp;<\/p>\n<p>&nbsp;<\/p>\n<p>L'accent est mis sur une approche holistique de la qualit\u00e9. Le mod\u00e8le commercial de l'entreprise familiale de Subingen\/SO repose sur un cercle ferm\u00e9 de huit labels de qualit\u00e9 - assistance \u00e0 la client\u00e8le, \u00e9quipement, ressources, formation, organisation, enqu\u00eates, audits et contr\u00f4les - dans le cadre de son service professionnel complet de gestion des installations.<\/p>\n<p><strong>Facility Services avec huit sceaux ...<\/strong><br \/>\nCette \"compr\u00e9hension \u00e0 360 degr\u00e9s\" de la qualit\u00e9 est d'une importance cruciale pour nous en tant que prestataire de services\", soulignent Simon Stampfli, PDG, et Stefan Balsiger, responsable de la gestion de la qualit\u00e9. \"Nous communiquons donc en interne et en externe \u00e0 chaque occasion.\" Dans une interview, les deux exposants expliquent de quoi il s'agit :<\/p>\n<p>&nbsp;<\/p>\n<ul>\n<li>Service \u00e0 la client\u00e8le : chaque contact avec le client est une pi\u00e8ce de qualit\u00e9. Un soin particulier est apport\u00e9 \u00e0 cette fin. Des syst\u00e8mes informatiques de pointe permettent d'assurer une assistance \u00e0 tout moment.<\/li>\n<li>\u00c9quipement : les techniques, le mat\u00e9riel et l'\u00e9quipement sont adapt\u00e9s au service \u00e0 la client\u00e8le en collaboration avec des fournisseurs s\u00e9lectionn\u00e9s.<\/li>\n<li>Ressources : la pr\u00e9sence nationale facilite la s\u00e9lection et le d\u00e9ploiement des professionnels appropri\u00e9s au client.<\/li>\n<li>Cours de formation : Tous les employ\u00e9s suivent une formation de base ax\u00e9e sur le client - de la s\u00e9curit\u00e9 et de la protection de la sant\u00e9 au travail \u00e0 l'apparence personnelle.<\/li>\n<li>Organisation : Stampfli est clairement structur\u00e9, prend des d\u00e9cisions rapidement et communique ouvertement. Chaque client a un interlocuteur direct.<\/li>\n<li>Enqu\u00eates : des analyses r\u00e9guli\u00e8res de la satisfaction des clients permettent d'obtenir un retour d'information sur le front des commandes et offrent la possibilit\u00e9 de s'am\u00e9liorer.<\/li>\n<li>Audits : Le syst\u00e8me de gestion ainsi que les performances, l'organisation, les processus, la s\u00e9curit\u00e9, l'attention et la convivialit\u00e9 sont audit\u00e9s en permanence.<\/li>\n<li>contr\u00f4les : Le syst\u00e8me central d'audit et de contr\u00f4le fonctionne de mani\u00e8re num\u00e9rique et sans papier. Les contr\u00f4les sur place sont effectu\u00e9s par le personnel d'encadrement. Les am\u00e9liorations sont imm\u00e9diatement mises en \u0153uvre.<\/li>\n<\/ul>\n<p>&nbsp;<\/p>\n<p>Le concept des huit phoques Stampfli est int\u00e9gr\u00e9 dans un syst\u00e8me de gestion int\u00e9gr\u00e9. Les certifications SQS selon les normes ISO 9001, 14001 et OHSAS 18001 en sont la base. Ces trois certifications ont eu lieu en 2004 et sont combin\u00e9es dans un manuel. Chaque employ\u00e9 y a acc\u00e8s. Des audits sont effectu\u00e9s pour s'assurer que tout le monde respecte effectivement les directives et les r\u00e8glements. D'une part, les certificats refl\u00e8tent la philosophie d'entreprise extr\u00eamement ax\u00e9e sur la qualit\u00e9 de l'entreprise et, dans certains cas, ils ouvrent \u00e9galement des portes sur le march\u00e9.<\/p>\n<p>&nbsp;<\/p>\n<p><em><strong>Stampfli est consid\u00e9r\u00e9 comme un prestataire de services complets dans le secteur de la gestion des b\u00e2timents. Quelles ont \u00e9t\u00e9 les \u00e9tapes les plus importantes dans le d\u00e9veloppement de l'entreprise ?\u00a0 \u00a0 \u00a0 \u00a0 \u00a0 \u00a0 \u00a0 \u00a0 \u00a0 \u00a0 \u00a0 <\/strong><\/em><br \/>\n<em><strong>Simon Stampfli :<\/strong><\/em> Mes parents ont cr\u00e9\u00e9 l'entreprise il y a 29 ans. Conform\u00e9ment \u00e0 l'\u00e9poque, l'entreprise \u00e9tait g\u00e9r\u00e9e sur une base tr\u00e8s patronale, et les mandats \u00e9taient encore petits et locaux \u00e0 l'\u00e9poque.<\/p>\n<p>&nbsp;<\/p>\n<p>J'ai rejoint l'entreprise de mon p\u00e8re en 1994 apr\u00e8s avoir termin\u00e9 mon apprentissage de dessinateur de structures. Nous avons d\u00e9velopp\u00e9 d'autres services et le marketing a \u00e9t\u00e9 intensifi\u00e9 par une acquisition accrue. Par la suite, des succursales ont \u00e9t\u00e9 cr\u00e9\u00e9es, d'abord \u00e0 Bienne, puis \u00e0 Berne et \u00e0 Lucerne. Une \u00e9tape importante pour nous a \u00e9t\u00e9 l'Expo 2002, que nous avons gagn\u00e9e en tant que client. Nous avons re\u00e7u l'ordre de nettoyer les Arteplages de Bienne et de Neuch\u00e2tel. Environ 200 personnes y \u00e9taient employ\u00e9es. Peu \u00e0 peu, d'autres branches se sont ajout\u00e9es : B\u00e2le, Herisau, Aarau, en Suisse romande et au Tessin. L'entreprise a continu\u00e9 \u00e0 se d\u00e9velopper. De nouveaux clients importants ont \u00e9t\u00e9 acquis : Chemins de fer, compagnies d'autobus, grandes entreprises industrielles, etc.<\/p>\n<p>&nbsp;<\/p>\n<p>En 2009, Arthur Stampfli a transmis l'entreprise \u00e0 ses quatre descendants. Un holding a \u00e9t\u00e9 cr\u00e9\u00e9 et la soci\u00e9t\u00e9 Stampfli AG a \u00e9t\u00e9 lanc\u00e9e en tant que filiale. Aujourd'hui, les trois fr\u00e8res sont tous actifs dans l'entreprise, tandis que la s\u0153ur d\u00e9tient ses actions \u00e0 l'ext\u00e9rieur. En 2007, j'ai \u00e9t\u00e9 nomm\u00e9 directeur g\u00e9n\u00e9ral, Jeremias Stampfli est directeur financier et Noah Stampfli travaille dans le domaine de l'informatique et du d\u00e9veloppement.<\/p>\n<p>&nbsp;<\/p>\n<p>En 2015, la strat\u00e9gie commerciale a \u00e9t\u00e9 communiqu\u00e9e \u00e0 l'ext\u00e9rieur avec l'approche \u00e0 360 degr\u00e9s et l'offre de services compl\u00e8te. Depuis, nous nous appuyons sur cette marque. Aujourd'hui, avec 1800 employ\u00e9s, Stampfli est l'un des principaux fournisseurs nationaux sur le march\u00e9 de la FM.<\/p>\n<p>&nbsp;<\/p>\n<p><em><strong>Vous \u00eates la deuxi\u00e8me g\u00e9n\u00e9ration \u00e0 diriger l'entreprise familiale. Comment pouvez-vous le savoir ?\u00a0 \u00a0<\/strong><\/em><br \/>\nSimon Stampfli : Pour moi, la coop\u00e9ration au sein de l'entreprise est importante. J'appr\u00e9cie les employ\u00e9s qui pensent par eux-m\u00eames, ont quelque chose \u00e0 dire et font des suggestions. Cela se manifeste dans une atmosph\u00e8re presque familiale au sein de la population active. Par exemple, nous n'avons pas de temps de pause prescrit ni de lieu de travail fixe. Tout le monde peut travailler n'importe o\u00f9. Nous nous appuyons principalement sur la confiance. Cette culture d'entreprise est appr\u00e9ci\u00e9e, voire attendue. Elle nous permet de nous distinguer sur le march\u00e9 du travail et d'attirer les bonnes personnes. Nous employons actuellement des personnes de plus de 60 pays. Et nous nous comprenons les uns les autres.<\/p>\n<p>&nbsp;<\/p>\n<p><em><strong>Et qu'en est-il des risques ? Y a-t-il des services particuli\u00e8rement sensibles en termes de sant\u00e9 et de s\u00e9curit\u00e9 au travail ? <\/strong><\/em><br \/>\n<em><strong>Stefan Balsiger :<\/strong><\/em> Oui, sans aucun doute. C'est pourquoi ce domaine est tr\u00e8s important pour nous. Nous organisons r\u00e9guli\u00e8rement des formations appropri\u00e9es, \u00e9galement en coop\u00e9ration avec nos clients. Tous les employ\u00e9s de Stampfli sont identifiables par leur tenue professionnelle uniforme, et ils poss\u00e8dent une carte d'identit\u00e9. Le cas \u00e9ch\u00e9ant, ils portent des v\u00eatements de protection. Heureusement, nous n'avons pas eu \u00e0 enregistrer d'accidents du travail graves jusqu'\u00e0 pr\u00e9sent. Cependant, notre activit\u00e9 comporte \u00e9galement des risques potentiels. Par exemple, dans les lieux publics tels que les parcs ou les gares. Il existe un risque particulier de coupures, de piq\u00fbres, d'infections, etc. lors de l'\u00e9limination des d\u00e9chets. Dans les transports publics, les zones sensibles doivent \u00eatre mentionn\u00e9es avec le nettoyage des trains. Il s'agit par exemple de la marche sur les voies ferr\u00e9es, du danger de tr\u00e9bucher, du danger de collision et des particularit\u00e9s du travail de nuit. Les conditions pr\u00e9alables au travail en hauteur sont les cours sur la plate-forme de levage et les \u00e9quipements de protection individuelle contre les chutes.<\/p>\n<p>&nbsp;<\/p>\n<p>Des conditions particuli\u00e8res pr\u00e9valent \u00e9galement dans les salles blanches du secteur m\u00e9dical, de l'industrie et des laboratoires de recherche. Des r\u00e8gles strictes en mati\u00e8re de masques et de v\u00eatements garantissent la propret\u00e9 des chambres et emp\u00eachent la contamination.<\/p>\n<p>&nbsp;<\/p>\n<p><em><strong>Que vaut pour vous la sant\u00e9 et la s\u00e9curit\u00e9 au travail ?<\/strong><\/em><br \/>\n<em><strong>Stefan Balsiger :<\/strong><\/em> Nous investissons dans ce secteur important pour prot\u00e9ger nos employ\u00e9s. L'ex\u00e9cution sans accident des t\u00e2ches sur le site du client permet \u00e9galement d'\u00e9viter les perturbations du processus de travail. La sant\u00e9 et la s\u00e9curit\u00e9 au travail constituent un module d'apprentissage distinct dans tous nos cours de formation internes. Le sup\u00e9rieur hi\u00e9rarchique direct du d\u00e9partement est charg\u00e9 de veiller au respect de la r\u00e9glementation. Nos employ\u00e9s respectent bien les directives et sont conscients des risques potentiels. Le Stampfli prend \u00e9galement des mesures pr\u00e9ventives dans le domaine des accidents non professionnels. Ici aussi, le nombre d'incidents est faible.<\/p>\n<p>&nbsp;<\/p>\n<p>&nbsp;<\/p>","protected":false},"excerpt":{"rendered":"<p>&nbsp; &nbsp; Im Zentrum steht ein ganzheitlicher Qualit\u00e4ts-ansatz. Das Gesch\u00e4ftsmodell des Familienbe-triebs in Subingen\/SO baut im Rahmen seines professionellen Rundumangebots im Facility Management auf einen geschlossenen Kreis von acht Qualit\u00e4tssiegeln \u2013 Customer Care, Equipment, Ressourcen, Schulungen, Organi-sation, Umfragen, Audits und Kontrollen. Facility Services mit acht Siegeln\u2009\u2026 \u00abDieses \u2039360-Grad-Verst\u00e4ndnis\u203a der Qualit\u00e4t ist f\u00fcr uns als Dienstleister [&hellip;]<\/p>\n","protected":false},"author":62,"featured_media":11119,"comment_status":"closed","ping_status":"closed","sticky":false,"template":"","format":"standard","meta":{"_acf_changed":false,"footnotes":""},"categories":[4448],"tags":[4769],"class_list":["post-11087","post","type-post","status-publish","format-standard","has-post-thumbnail","hentry","category-allgemein","tag-1-2-2017"],"acf":[],"yoast_head":"<!-- This site is optimized with the Yoast SEO plugin v26.2 - https:\/\/yoast.com\/wordpress\/plugins\/seo\/ -->\n<title>\u00abJeder Kundenkontakt ist ein St\u00fcck Qualit\u00e4t\u00bb - MQ Management und Qualit\u00e4t<\/title>\n<meta name=\"description\" content=\"\u00abQualit\u00e4t beginnt schon beim ersten Anruf\u00bb, sagt der Firmenchef des national t\u00e4tigen Familienbetriebes Stampfli AG. F\u00fcr ihn ist Qualit\u00e4t \u00abVersprechen und Sicherheit zugleich\u00bb. Wie \u00e4ussert sich das im Gesch\u00e4ftsalltag?\" \/>\n<meta name=\"robots\" content=\"index, follow, max-snippet:-1, max-image-preview:large, max-video-preview:-1\" \/>\n<link rel=\"canonical\" href=\"https:\/\/www.m-q.ch\/fr\/chaque-contact-avec-le-client-est-un-element-de-qualite\/\" \/>\n<meta property=\"og:locale\" content=\"fr_FR\" \/>\n<meta property=\"og:type\" content=\"article\" \/>\n<meta property=\"og:title\" content=\"\u00abJeder Kundenkontakt ist ein St\u00fcck Qualit\u00e4t\u00bb - MQ Management und Qualit\u00e4t\" \/>\n<meta property=\"og:description\" content=\"\u00abQualit\u00e4t beginnt schon beim ersten Anruf\u00bb, sagt der Firmenchef des national t\u00e4tigen Familienbetriebes Stampfli AG. F\u00fcr ihn ist Qualit\u00e4t \u00abVersprechen und Sicherheit zugleich\u00bb. Wie \u00e4ussert sich das im Gesch\u00e4ftsalltag?\" \/>\n<meta property=\"og:url\" content=\"https:\/\/www.m-q.ch\/fr\/chaque-contact-avec-le-client-est-un-element-de-qualite\/\" \/>\n<meta property=\"og:site_name\" content=\"MQ Management und Qualit\u00e4t\" \/>\n<meta property=\"article:publisher\" content=\"https:\/\/www.facebook.com\/ManagementUndQualitaet\" \/>\n<meta property=\"article:published_time\" content=\"2017-02-17T09:58:59+00:00\" \/>\n<meta property=\"article:modified_time\" content=\"2021-02-12T11:21:56+00:00\" \/>\n<meta property=\"og:image\" content=\"https:\/\/www.m-q.ch\/wp-content\/uploads\/2021\/02\/Jeder-Kundenkontakt-ist-ein-Stueck-Qualitaet.jpg\" \/>\n\t<meta property=\"og:image:width\" content=\"868\" \/>\n\t<meta property=\"og:image:height\" content=\"521\" \/>\n\t<meta property=\"og:image:type\" content=\"image\/jpeg\" \/>\n<meta name=\"author\" content=\"upwork_2\" \/>\n<meta name=\"twitter:card\" content=\"summary_large_image\" \/>\n<meta name=\"twitter:label1\" content=\"\u00c9crit par\" \/>\n\t<meta name=\"twitter:data1\" content=\"upwork_2\" \/>\n\t<meta name=\"twitter:label2\" content=\"Dur\u00e9e de lecture estim\u00e9e\" \/>\n\t<meta name=\"twitter:data2\" content=\"5 minutes\" \/>\n<script type=\"application\/ld+json\" class=\"yoast-schema-graph\">{\"@context\":\"https:\/\/schema.org\",\"@graph\":[{\"@type\":\"Article\",\"@id\":\"https:\/\/www.m-q.ch\/jeder-kundenkontakt-ist-ein-stueck-qualitaet\/#article\",\"isPartOf\":{\"@id\":\"https:\/\/www.m-q.ch\/jeder-kundenkontakt-ist-ein-stueck-qualitaet\/\"},\"author\":{\"name\":\"upwork_2\",\"@id\":\"https:\/\/www.m-q.ch\/fr\/#\/schema\/person\/71f647a41e4a3e361e6230f5134f3ba9\"},\"headline\":\"\u00abJeder Kundenkontakt ist ein St\u00fcck Qualit\u00e4t\u00bb\",\"datePublished\":\"2017-02-17T09:58:59+00:00\",\"dateModified\":\"2021-02-12T11:21:56+00:00\",\"mainEntityOfPage\":{\"@id\":\"https:\/\/www.m-q.ch\/jeder-kundenkontakt-ist-ein-stueck-qualitaet\/\"},\"wordCount\":965,\"publisher\":{\"@id\":\"https:\/\/www.m-q.ch\/fr\/#organization\"},\"image\":{\"@id\":\"https:\/\/www.m-q.ch\/jeder-kundenkontakt-ist-ein-stueck-qualitaet\/#primaryimage\"},\"thumbnailUrl\":\"https:\/\/www.m-q.ch\/wp-content\/uploads\/2021\/02\/Jeder-Kundenkontakt-ist-ein-Stueck-Qualitaet.jpg\",\"keywords\":[\"1\u20132\/2017\"],\"articleSection\":[\"Allgemein\"],\"inLanguage\":\"fr-FR\"},{\"@type\":\"WebPage\",\"@id\":\"https:\/\/www.m-q.ch\/jeder-kundenkontakt-ist-ein-stueck-qualitaet\/\",\"url\":\"https:\/\/www.m-q.ch\/jeder-kundenkontakt-ist-ein-stueck-qualitaet\/\",\"name\":\"\u00abJeder Kundenkontakt ist ein St\u00fcck Qualit\u00e4t\u00bb - MQ Management und Qualit\u00e4t\",\"isPartOf\":{\"@id\":\"https:\/\/www.m-q.ch\/fr\/#website\"},\"primaryImageOfPage\":{\"@id\":\"https:\/\/www.m-q.ch\/jeder-kundenkontakt-ist-ein-stueck-qualitaet\/#primaryimage\"},\"image\":{\"@id\":\"https:\/\/www.m-q.ch\/jeder-kundenkontakt-ist-ein-stueck-qualitaet\/#primaryimage\"},\"thumbnailUrl\":\"https:\/\/www.m-q.ch\/wp-content\/uploads\/2021\/02\/Jeder-Kundenkontakt-ist-ein-Stueck-Qualitaet.jpg\",\"datePublished\":\"2017-02-17T09:58:59+00:00\",\"dateModified\":\"2021-02-12T11:21:56+00:00\",\"description\":\"\u00abQualit\u00e4t beginnt schon beim ersten Anruf\u00bb, sagt der Firmenchef des national t\u00e4tigen Familienbetriebes Stampfli AG. F\u00fcr ihn ist Qualit\u00e4t \u00abVersprechen und Sicherheit zugleich\u00bb. Wie \u00e4ussert sich das im Gesch\u00e4ftsalltag?\",\"breadcrumb\":{\"@id\":\"https:\/\/www.m-q.ch\/jeder-kundenkontakt-ist-ein-stueck-qualitaet\/#breadcrumb\"},\"inLanguage\":\"fr-FR\",\"potentialAction\":[{\"@type\":\"ReadAction\",\"target\":[\"https:\/\/www.m-q.ch\/jeder-kundenkontakt-ist-ein-stueck-qualitaet\/\"]}]},{\"@type\":\"ImageObject\",\"inLanguage\":\"fr-FR\",\"@id\":\"https:\/\/www.m-q.ch\/jeder-kundenkontakt-ist-ein-stueck-qualitaet\/#primaryimage\",\"url\":\"https:\/\/www.m-q.ch\/wp-content\/uploads\/2021\/02\/Jeder-Kundenkontakt-ist-ein-Stueck-Qualitaet.jpg\",\"contentUrl\":\"https:\/\/www.m-q.ch\/wp-content\/uploads\/2021\/02\/Jeder-Kundenkontakt-ist-ein-Stueck-Qualitaet.jpg\",\"width\":868,\"height\":521,\"caption\":\"\u00abJeder Kundenkontakt ist ein St\u00fcck Qualit\u00e4t\u00bb\"},{\"@type\":\"BreadcrumbList\",\"@id\":\"https:\/\/www.m-q.ch\/jeder-kundenkontakt-ist-ein-stueck-qualitaet\/#breadcrumb\",\"itemListElement\":[{\"@type\":\"ListItem\",\"position\":1,\"name\":\"Allgemein\",\"item\":\"https:\/\/www.m-q.ch\/kategorie\/allgemein\/\"},{\"@type\":\"ListItem\",\"position\":2,\"name\":\"\u00abJeder Kundenkontakt ist ein St\u00fcck Qualit\u00e4t\u00bb\"}]},{\"@type\":\"WebSite\",\"@id\":\"https:\/\/www.m-q.ch\/fr\/#website\",\"url\":\"https:\/\/www.m-q.ch\/fr\/\",\"name\":\"MQ Management und Qualit\u00e4t\",\"description\":\"Plattform f\u00fcr integrierte Managementsysteme.\",\"publisher\":{\"@id\":\"https:\/\/www.m-q.ch\/fr\/#organization\"},\"potentialAction\":[{\"@type\":\"SearchAction\",\"target\":{\"@type\":\"EntryPoint\",\"urlTemplate\":\"https:\/\/www.m-q.ch\/fr\/?s={search_term_string}\"},\"query-input\":{\"@type\":\"PropertyValueSpecification\",\"valueRequired\":true,\"valueName\":\"search_term_string\"}}],\"inLanguage\":\"fr-FR\"},{\"@type\":\"Organization\",\"@id\":\"https:\/\/www.m-q.ch\/fr\/#organization\",\"name\":\"Galledia Fachmedien AG\",\"url\":\"https:\/\/www.m-q.ch\/fr\/\",\"logo\":{\"@type\":\"ImageObject\",\"inLanguage\":\"fr-FR\",\"@id\":\"https:\/\/www.m-q.ch\/fr\/#\/schema\/logo\/image\/\",\"url\":\"https:\/\/www.m-q.ch\/wp-content\/uploads\/2020\/12\/cropped-logo_small.png\",\"contentUrl\":\"https:\/\/www.m-q.ch\/wp-content\/uploads\/2020\/12\/cropped-logo_small.png\",\"width\":512,\"height\":512,\"caption\":\"Galledia Fachmedien AG\"},\"image\":{\"@id\":\"https:\/\/www.m-q.ch\/fr\/#\/schema\/logo\/image\/\"},\"sameAs\":[\"https:\/\/www.facebook.com\/ManagementUndQualitaet\",\"https:\/\/www.linkedin.com\/showcase\/17982321\/admin\/\"]},{\"@type\":\"Person\",\"@id\":\"https:\/\/www.m-q.ch\/fr\/#\/schema\/person\/71f647a41e4a3e361e6230f5134f3ba9\",\"name\":\"upwork_2\",\"image\":{\"@type\":\"ImageObject\",\"inLanguage\":\"fr-FR\",\"@id\":\"https:\/\/www.m-q.ch\/fr\/#\/schema\/person\/image\/\",\"url\":\"https:\/\/secure.gravatar.com\/avatar\/777b90ab56092bbf3c85feacda5c1bce?s=96&d=mm&r=g\",\"contentUrl\":\"https:\/\/secure.gravatar.com\/avatar\/777b90ab56092bbf3c85feacda5c1bce?s=96&d=mm&r=g\",\"caption\":\"upwork_2\"},\"url\":\"https:\/\/www.m-q.ch\/fr\/author\/upwork_2\/\"}]}<\/script>\n<!-- \/ Yoast SEO plugin. -->","yoast_head_json":{"title":"\"Chaque contact avec le client est un \u00e9l\u00e9ment de qualit\u00e9\" - MQ Management und Qualit\u00e4t","description":"\"La qualit\u00e9 commence d\u00e8s le premier appel\", d\u00e9clare la directrice de l'entreprise familiale Stampfli AG, active au niveau national. Pour lui, la qualit\u00e9 est \"\u00e0 la fois une promesse et une garantie\". Comment cela se manifeste-t-il dans les affaires courantes ?","robots":{"index":"index","follow":"follow","max-snippet":"max-snippet:-1","max-image-preview":"max-image-preview:large","max-video-preview":"max-video-preview:-1"},"canonical":"https:\/\/www.m-q.ch\/fr\/chaque-contact-avec-le-client-est-un-element-de-qualite\/","og_locale":"fr_FR","og_type":"article","og_title":"\u00abJeder Kundenkontakt ist ein St\u00fcck Qualit\u00e4t\u00bb - MQ Management und Qualit\u00e4t","og_description":"\u00abQualit\u00e4t beginnt schon beim ersten Anruf\u00bb, sagt der Firmenchef des national t\u00e4tigen Familienbetriebes Stampfli AG. F\u00fcr ihn ist Qualit\u00e4t \u00abVersprechen und Sicherheit zugleich\u00bb. Wie \u00e4ussert sich das im Gesch\u00e4ftsalltag?","og_url":"https:\/\/www.m-q.ch\/fr\/chaque-contact-avec-le-client-est-un-element-de-qualite\/","og_site_name":"MQ Management und Qualit\u00e4t","article_publisher":"https:\/\/www.facebook.com\/ManagementUndQualitaet","article_published_time":"2017-02-17T09:58:59+00:00","article_modified_time":"2021-02-12T11:21:56+00:00","og_image":[{"width":868,"height":521,"url":"https:\/\/www.m-q.ch\/wp-content\/uploads\/2021\/02\/Jeder-Kundenkontakt-ist-ein-Stueck-Qualitaet.jpg","type":"image\/jpeg"}],"author":"upwork_2","twitter_card":"summary_large_image","twitter_misc":{"\u00c9crit par":"upwork_2","Dur\u00e9e de lecture estim\u00e9e":"5 minutes"},"schema":{"@context":"https:\/\/schema.org","@graph":[{"@type":"Article","@id":"https:\/\/www.m-q.ch\/jeder-kundenkontakt-ist-ein-stueck-qualitaet\/#article","isPartOf":{"@id":"https:\/\/www.m-q.ch\/jeder-kundenkontakt-ist-ein-stueck-qualitaet\/"},"author":{"name":"upwork_2","@id":"https:\/\/www.m-q.ch\/fr\/#\/schema\/person\/71f647a41e4a3e361e6230f5134f3ba9"},"headline":"\u00abJeder Kundenkontakt ist ein St\u00fcck Qualit\u00e4t\u00bb","datePublished":"2017-02-17T09:58:59+00:00","dateModified":"2021-02-12T11:21:56+00:00","mainEntityOfPage":{"@id":"https:\/\/www.m-q.ch\/jeder-kundenkontakt-ist-ein-stueck-qualitaet\/"},"wordCount":965,"publisher":{"@id":"https:\/\/www.m-q.ch\/fr\/#organization"},"image":{"@id":"https:\/\/www.m-q.ch\/jeder-kundenkontakt-ist-ein-stueck-qualitaet\/#primaryimage"},"thumbnailUrl":"https:\/\/www.m-q.ch\/wp-content\/uploads\/2021\/02\/Jeder-Kundenkontakt-ist-ein-Stueck-Qualitaet.jpg","keywords":["1\u20132\/2017"],"articleSection":["Allgemein"],"inLanguage":"fr-FR"},{"@type":"WebPage","@id":"https:\/\/www.m-q.ch\/jeder-kundenkontakt-ist-ein-stueck-qualitaet\/","url":"https:\/\/www.m-q.ch\/jeder-kundenkontakt-ist-ein-stueck-qualitaet\/","name":"\"Chaque contact avec le client est un \u00e9l\u00e9ment de qualit\u00e9\" - MQ Management und Qualit\u00e4t","isPartOf":{"@id":"https:\/\/www.m-q.ch\/fr\/#website"},"primaryImageOfPage":{"@id":"https:\/\/www.m-q.ch\/jeder-kundenkontakt-ist-ein-stueck-qualitaet\/#primaryimage"},"image":{"@id":"https:\/\/www.m-q.ch\/jeder-kundenkontakt-ist-ein-stueck-qualitaet\/#primaryimage"},"thumbnailUrl":"https:\/\/www.m-q.ch\/wp-content\/uploads\/2021\/02\/Jeder-Kundenkontakt-ist-ein-Stueck-Qualitaet.jpg","datePublished":"2017-02-17T09:58:59+00:00","dateModified":"2021-02-12T11:21:56+00:00","description":"\"La qualit\u00e9 commence d\u00e8s le premier appel\", d\u00e9clare la directrice de l'entreprise familiale Stampfli AG, active au niveau national. Pour lui, la qualit\u00e9 est \"\u00e0 la fois une promesse et une garantie\". Comment cela se manifeste-t-il dans les affaires courantes ?","breadcrumb":{"@id":"https:\/\/www.m-q.ch\/jeder-kundenkontakt-ist-ein-stueck-qualitaet\/#breadcrumb"},"inLanguage":"fr-FR","potentialAction":[{"@type":"ReadAction","target":["https:\/\/www.m-q.ch\/jeder-kundenkontakt-ist-ein-stueck-qualitaet\/"]}]},{"@type":"ImageObject","inLanguage":"fr-FR","@id":"https:\/\/www.m-q.ch\/jeder-kundenkontakt-ist-ein-stueck-qualitaet\/#primaryimage","url":"https:\/\/www.m-q.ch\/wp-content\/uploads\/2021\/02\/Jeder-Kundenkontakt-ist-ein-Stueck-Qualitaet.jpg","contentUrl":"https:\/\/www.m-q.ch\/wp-content\/uploads\/2021\/02\/Jeder-Kundenkontakt-ist-ein-Stueck-Qualitaet.jpg","width":868,"height":521,"caption":"\u00abJeder Kundenkontakt ist ein St\u00fcck Qualit\u00e4t\u00bb"},{"@type":"BreadcrumbList","@id":"https:\/\/www.m-q.ch\/jeder-kundenkontakt-ist-ein-stueck-qualitaet\/#breadcrumb","itemListElement":[{"@type":"ListItem","position":1,"name":"Allgemein","item":"https:\/\/www.m-q.ch\/kategorie\/allgemein\/"},{"@type":"ListItem","position":2,"name":"\u00abJeder Kundenkontakt ist ein St\u00fcck Qualit\u00e4t\u00bb"}]},{"@type":"WebSite","@id":"https:\/\/www.m-q.ch\/fr\/#website","url":"https:\/\/www.m-q.ch\/fr\/","name":"Gestion et qualit\u00e9 du QM","description":"Plate-forme pour les syst\u00e8mes de gestion int\u00e9gr\u00e9e.","publisher":{"@id":"https:\/\/www.m-q.ch\/fr\/#organization"},"potentialAction":[{"@type":"SearchAction","target":{"@type":"EntryPoint","urlTemplate":"https:\/\/www.m-q.ch\/fr\/?s={search_term_string}"},"query-input":{"@type":"PropertyValueSpecification","valueRequired":true,"valueName":"search_term_string"}}],"inLanguage":"fr-FR"},{"@type":"Organization","@id":"https:\/\/www.m-q.ch\/fr\/#organization","name":"Galledia Trade Media AG","url":"https:\/\/www.m-q.ch\/fr\/","logo":{"@type":"ImageObject","inLanguage":"fr-FR","@id":"https:\/\/www.m-q.ch\/fr\/#\/schema\/logo\/image\/","url":"https:\/\/www.m-q.ch\/wp-content\/uploads\/2020\/12\/cropped-logo_small.png","contentUrl":"https:\/\/www.m-q.ch\/wp-content\/uploads\/2020\/12\/cropped-logo_small.png","width":512,"height":512,"caption":"Galledia Fachmedien AG"},"image":{"@id":"https:\/\/www.m-q.ch\/fr\/#\/schema\/logo\/image\/"},"sameAs":["https:\/\/www.facebook.com\/ManagementUndQualitaet","https:\/\/www.linkedin.com\/showcase\/17982321\/admin\/"]},{"@type":"Person","@id":"https:\/\/www.m-q.ch\/fr\/#\/schema\/person\/71f647a41e4a3e361e6230f5134f3ba9","name":"upwork_2","image":{"@type":"ImageObject","inLanguage":"fr-FR","@id":"https:\/\/www.m-q.ch\/fr\/#\/schema\/person\/image\/","url":"https:\/\/secure.gravatar.com\/avatar\/777b90ab56092bbf3c85feacda5c1bce?s=96&d=mm&r=g","contentUrl":"https:\/\/secure.gravatar.com\/avatar\/777b90ab56092bbf3c85feacda5c1bce?s=96&d=mm&r=g","caption":"upwork_2"},"url":"https:\/\/www.m-q.ch\/fr\/author\/upwork_2\/"}]}},"_links":{"self":[{"href":"https:\/\/www.m-q.ch\/fr\/wp-json\/wp\/v2\/posts\/11087","targetHints":{"allow":["GET"]}}],"collection":[{"href":"https:\/\/www.m-q.ch\/fr\/wp-json\/wp\/v2\/posts"}],"about":[{"href":"https:\/\/www.m-q.ch\/fr\/wp-json\/wp\/v2\/types\/post"}],"author":[{"embeddable":true,"href":"https:\/\/www.m-q.ch\/fr\/wp-json\/wp\/v2\/users\/62"}],"replies":[{"embeddable":true,"href":"https:\/\/www.m-q.ch\/fr\/wp-json\/wp\/v2\/comments?post=11087"}],"version-history":[{"count":2,"href":"https:\/\/www.m-q.ch\/fr\/wp-json\/wp\/v2\/posts\/11087\/revisions"}],"predecessor-version":[{"id":11121,"href":"https:\/\/www.m-q.ch\/fr\/wp-json\/wp\/v2\/posts\/11087\/revisions\/11121"}],"wp:featuredmedia":[{"embeddable":true,"href":"https:\/\/www.m-q.ch\/fr\/wp-json\/wp\/v2\/media\/11119"}],"wp:attachment":[{"href":"https:\/\/www.m-q.ch\/fr\/wp-json\/wp\/v2\/media?parent=11087"}],"wp:term":[{"taxonomy":"category","embeddable":true,"href":"https:\/\/www.m-q.ch\/fr\/wp-json\/wp\/v2\/categories?post=11087"},{"taxonomy":"post_tag","embeddable":true,"href":"https:\/\/www.m-q.ch\/fr\/wp-json\/wp\/v2\/tags?post=11087"}],"curies":[{"name":"wp","href":"https:\/\/api.w.org\/{rel}","templated":true}]}}