{"id":11167,"date":"2016-03-25T14:22:13","date_gmt":"2016-03-25T13:22:13","guid":{"rendered":"https:\/\/www.m-q.ch\/?p=11167"},"modified":"2021-02-12T14:59:42","modified_gmt":"2021-02-12T13:59:42","slug":"notre-logistique-est-elle-prete-pour-lindustrie-4-0","status":"publish","type":"post","link":"https:\/\/www.m-q.ch\/fr\/ist-unsere-logistik-bereit-fuer-die-industrie-4-0\/","title":{"rendered":"Notre logistique est-elle pr\u00eate pour \"Industry 4.0\" ?"},"content":{"rendered":"<p><img loading=\"lazy\" decoding=\"async\" class=\"alignnone size-full wp-image-11182\" src=\"https:\/\/www.m-q.ch\/wp-content\/uploads\/2021\/02\/Ist-unsere-Logistik-bereit-fuer-die-Industrie-4.0.jpg\" alt=\"Notre logistique est-elle pr\u00eate pour &quot;Industry 4.0&quot; ?\" width=\"840\" height=\"638\" srcset=\"https:\/\/www.m-q.ch\/wp-content\/uploads\/2021\/02\/Ist-unsere-Logistik-bereit-fuer-die-Industrie-4.0.jpg 840w, https:\/\/www.m-q.ch\/wp-content\/uploads\/2021\/02\/Ist-unsere-Logistik-bereit-fuer-die-Industrie-4.0-768x583.jpg 768w, https:\/\/www.m-q.ch\/wp-content\/uploads\/2021\/02\/Ist-unsere-Logistik-bereit-fuer-die-Industrie-4.0-16x12.jpg 16w, https:\/\/www.m-q.ch\/wp-content\/uploads\/2021\/02\/Ist-unsere-Logistik-bereit-fuer-die-Industrie-4.0-230x175.jpg 230w, https:\/\/www.m-q.ch\/wp-content\/uploads\/2021\/02\/Ist-unsere-Logistik-bereit-fuer-die-Industrie-4.0-461x350.jpg 461w, https:\/\/www.m-q.ch\/wp-content\/uploads\/2021\/02\/Ist-unsere-Logistik-bereit-fuer-die-Industrie-4.0-300x228.jpg 300w\" sizes=\"auto, (max-width: 840px) 100vw, 840px\" \/><\/p>\n<p>&nbsp;<\/p>\n<p>&nbsp;<\/p>\n<p>&nbsp;<\/p>\n<p>Les temps sont plus turbulents que jamais en termes de moteurs mondiaux, de diktats politiques et de pression sur les prix pour les entreprises suisses. Les entreprises suisses sont invit\u00e9es \u00e0 ajuster leurs prix en raison des \u00e9v\u00e9nements politiques. Une \u00e9lection pr\u00e9sidentielle comme celle qui a eu lieu en France ce printemps pourrait avoir un impact sur les secteurs des march\u00e9s publics, tout comme la sortie du Royaume-Uni de l'UE.<\/p>\n<p>&nbsp;<\/p>\n<p>Dans le m\u00eame temps, le march\u00e9 suisse des exportations a enregistr\u00e9 des r\u00e9sultats records en 2016. Le chiffre d'affaires \u00e0 l'exportation a augment\u00e9 de 3,8 % pour atteindre 210,7 milliards de francs suisses (par rapport \u00e0 2015). \"Un nouveau record\", comme l'a indiqu\u00e9 l'Administration f\u00e9d\u00e9rale des douanes (AFD) au d\u00e9but de l'ann\u00e9e 2017. Ce boom est d\u00fb \u00e0 l'industrie chimico-pharmaceutique, alors que l'industrie horlog\u00e8re suisse, par exemple, enregistre des pertes de plus en plus importantes.<\/p>\n<p>&nbsp;<\/p>\n<p>Toutes les entreprises suisses ne battent pas des records. En outre, environ 60 % du chiffre d'affaires total du march\u00e9 suisse de la logistique est g\u00e9n\u00e9r\u00e9 par dix entreprises \u00e9tablies. Quelques entreprises suisses dominent le march\u00e9 des achats locaux. Enfin, les PME locales sont confront\u00e9es \u00e0 des d\u00e9fis majeurs en termes de d\u00e9veloppements num\u00e9riques tels que le commerce \u00e9lectronique et la mise en r\u00e9seau mobile avec les fournisseurs.<\/p>\n<p>&nbsp;<\/p>\n<p>\"La pression des co\u00fbts et de l'offre stimule les activit\u00e9s d'approvisionnement des entreprises suisses de plus de 250 employ\u00e9s\", selon une s\u00e9rie d'\u00e9tudes de la FHNW. La 10e \u00e9tude de march\u00e9 de la logistique r\u00e9alis\u00e9e par GS1 souligne \u00e9galement que les entreprises de moins de 500 employ\u00e9s \"ne sont pas actuellement concern\u00e9es par les r\u00e9seaux num\u00e9riques\".<\/p>\n<p>&nbsp;<\/p>\n<p>Ce qui semble finalement impensable pour les grandes entreprises n'est gu\u00e8re \u00e0 l'ordre du jour des PME suisses : comment \"Industry 4.0\" remod\u00e8le d\u00e9j\u00e0 aujourd'hui la gestion de la cha\u00eene d'approvisionnement.<\/p>\n<p><strong>Obstacles fondamentaux<\/strong><br \/>\nCela devrait \u00eatre \u00e9vident : Les entreprises d'approvisionnement ne peuvent devenir plus agiles sur leurs march\u00e9s cibles qu'en analysant les principes juridiques et techniques du march\u00e9 et en op\u00e9rant en cons\u00e9quence. Quelle que soit la qualit\u00e9 de leur strat\u00e9gie de gestion, la gestion de la cha\u00eene d'approvisionnement (GCL) implique une adaptation constante des processus et des projets de l'entreprise aux conditions du march\u00e9.<\/p>\n<p>&nbsp;<\/p>\n<p>N\u00e9anmoins, il existe diverses conditions et relations (contractuelles) tout au long de la cha\u00eene d'approvisionnement. Par exemple, il existe d\u00e9j\u00e0 des obstacles r\u00e9glementaires \u00e0 la num\u00e9risation de nombreux processus bas\u00e9s sur le papier.<\/p>\n<p><strong>Une flexibilit\u00e9 limit\u00e9e<\/strong><br \/>\nLa mesure dans laquelle la GCA peut servir de mani\u00e8re coh\u00e9rente les zones num\u00e9riques dans le contexte de \"l'industrie 4.0\" est soumise \u00e0 l'orientation logistique et d\u00e9pend certainement aussi de la question quintessencielle de savoir si les logiciels internes ou externes sont pris en compte. C'est l\u00e0 que commence le \"transfert des t\u00e2ches\" \u00e0 d'autres partenaires ou prestataires de services. - Dans plus de la moiti\u00e9 des cas, la volont\u00e9 d'externaliser est \u00e9lev\u00e9e ou plut\u00f4t \u00e9lev\u00e9e en ce qui concerne le transfert des t\u00e2ches.<\/p>\n<p>&nbsp;<\/p>\n<p><em><strong>\"Toutes les soci\u00e9t\u00e9s suisses ne battent pas des records.\"<\/strong><\/em><\/p>\n<p>&nbsp;<\/p>\n<p>L'\u00e9tude \"IT in Procurement\", r\u00e9alis\u00e9e chaque ann\u00e9e par l'Institut d'informatique \u00e9conomique de la FHNW en collaboration avec procure.ch, indique que \"IT in Procurement\" est un facteur cl\u00e9 dans la transformation de contenus, de commandes ou de factures en une forme de commande \u00e9lectronique.<\/p>\n<p>&nbsp;<\/p>\n<p>L'\u00e9tude montre \u00e9galement qu'environ 90 % des personnes interrog\u00e9es accueilleraient favorablement une valeur ajout\u00e9e externe et le savoir-faire appropri\u00e9 du prestataire de services. \u00c0 l'heure actuelle, de nombreuses entreprises de logistique se montrent dispos\u00e9es \u00e0 afficher - y compris l'archivage des documents commerciaux - divers flux de travail.<\/p>\n<p>&nbsp;<\/p>\n<p>Au milieu des relations contractuelles, la gestion des donn\u00e9es et les mesures informatiques doivent \u00eatre continuellement align\u00e9es et les politiques en mati\u00e8re de Big Data clairement d\u00e9finies (voir encadr\u00e9 ci-dessus).<\/p>\n<p>&nbsp;<\/p>\n<p>Cependant, de nombreuses PME du secteur de la logistique pr\u00e9sentent des handicaps strat\u00e9giques parce que, par exemple, le nombre de fournisseurs connect\u00e9s varie. De m\u00eame, les donn\u00e9es confidentielles de livraison pourraient comporter des risques si elles sont lues ou modifi\u00e9es \u00e9lectroniquement par une seule personne ou par plusieurs centaines de personnes \u00e0 la fois.<\/p>\n<p>&nbsp;<\/p>\n<p>Deux tiers des entreprises suisses de GCL fonctionnent donc avec un concept informatique qui r\u00e9duit la flexibilit\u00e9 de connectivit\u00e9 des nouveaux fournisseurs, souligne l'\u00e9tude \"IT in procurement\". La plupart des exp\u00e9diteurs et des prestataires de services logistiques suisses n'ont pas encore mis en \u0153uvre de solutions ou d'applications compl\u00e8tes pour la mise en r\u00e9seau num\u00e9rique.<\/p>\n<p>&nbsp;<\/p>\n<p>Quo vadis - o\u00f9 va la \"SCM 4.0\", o\u00f9 sont les obstacles et les potentiels de la mise en \u0153uvre num\u00e9rique ?<\/p>\n<p><strong>Efficacit\u00e9 technologique<\/strong><br \/>\nLa 10e \u00e9tude de march\u00e9 de la logistique r\u00e9alis\u00e9e par GS1 Suisse souligne que les niveaux d'action \"pour la mise en r\u00e9seau et l'int\u00e9gration\", \"l'automatisation compl\u00e8te\", \"l'autocontr\u00f4le\" n'ont gu\u00e8re \u00e9t\u00e9 repris par les prestataires de services logistiques ou mis en \u0153uvre \u00e0 l'\u00e9chelle de l'entreprise. La num\u00e9risation dans la gestion des stocks prend de l'importance de fa\u00e7on plut\u00f4t h\u00e9sitante. Actuellement, les premiers appareils mobiles \u00e9quip\u00e9s de capteurs et les machines, syst\u00e8mes, v\u00e9hicules et supports de charge num\u00e9ris\u00e9s font avancer l'\"Industrie 4.0\". Les prestataires de services logistiques (et les institutions publiques) se tournent maintenant vers la r\u00e9ing\u00e9nierie des processus d'entreprise pour am\u00e9liorer leurs processus.<\/p>\n<p>&nbsp;<\/p>\n<p>Ils s'appuient \u00e9galement sur des moyens tactiques tels que la m\u00e9thode logistique \"Just in Time \/ Just in Sequence\" (livraison \u00e0 temps ou tri\u00e9e selon la s\u00e9quence des produits) sur le sol suisse. D'autres m\u00e9thodes de num\u00e9risation telles que la \"r\u00e9ponse efficace au client\" (optimisation de la cha\u00eene d'approvisionnement) ainsi que les syst\u00e8mes de suivi et de tra\u00e7abilit\u00e9 sont les premi\u00e8res innovations \u00e0 coordonner ou \u00e0 servir \u00e9lectroniquement des domaines segment\u00e9s dans la gestion de la cha\u00eene d'approvisionnement.<\/p>\n<p><em><strong>\"De nombreux exp\u00e9diteurs et prestataires de services logistiques ne disposent pas encore de solutions de syst\u00e8me de bout en bout\".<\/strong><\/em><\/p>\n<p>&nbsp;<\/p>\n<p>N\u00e9anmoins, d'importants investissements technologiques et financiers sont n\u00e9cessaires. Selon les estimations des entreprises interrog\u00e9es par GS1, le taux d'investissement annuel correspond \u00e0 environ 15 \u00e0 23 % pour porter \u00e0 un niveau \u00e9lev\u00e9 la mise en \u0153uvre des technologies et solutions d'Industrie 4.0 sur trois ans.<\/p>\n<p><strong>Qu'entend-on par \"bonne pratique\" ?<\/strong><br \/>\nDepuis un certain temps d\u00e9j\u00e0, les entreprises d'approvisionnement suivent un cycle clair de pr\u00e9vision et de r\u00e9alisation dans la gestion des stocks, dans le cadre duquel les stocks et les co\u00fbts sont r\u00e9duits tout en visant une meilleure qualit\u00e9 de service. Les entreprises ayant de bonnes pratiques ont \u00e9galement une plus grande transparence en ce qui concerne leurs stocks et les co\u00fbts de processus tout au long de la cha\u00eene d'approvisionnement.<\/p>\n<p>&nbsp;<\/p>\n<p>Ils peuvent fournir des informations \u00e0 leurs partenaires et clients \"partout et \u00e0 tout moment\". La \"meilleure\" diff\u00e9rence par rapport aux fournisseurs moyens est particuli\u00e8rement \u00e9vidente en termes de strat\u00e9gie d'inventaire (+ 50 %) et d'efficacit\u00e9 des processus (+ 30 %). Il n'y a pas de diff\u00e9rence significative dans le contr\u00f4le des processus. Il y a un grand besoin d'action dans ce domaine, m\u00eame dans les entreprises ayant de bonnes pratiques.<\/p>\n<p>&nbsp;<\/p>\n<p>Il ne s'agit donc pas seulement de savoir si une PME du secteur de l'exp\u00e9dition est d\u00e9finie uniquement par les tr\u00e8s importantes \"Conditions g\u00e9n\u00e9rales de l'Association des entreprises suisses de transport et de logistique\" (AB SPEDLOGSWISS), mais aussi par des orientations technologiques plus subtiles.<\/p>\n<p>&nbsp;<\/p>\n<p>Selon les \u00e9valuations des experts, la fiabilit\u00e9 des livraisons (par exemple dans la logistique \u00e0 temp\u00e9rature contr\u00f4l\u00e9e) est toujours \u00e9vidente. De plus en plus, non seulement les aspects de s\u00e9curit\u00e9 et d'environnement, mais aussi la connectivit\u00e9 des entreprises deviennent importants dans un march\u00e9 d'approvisionnement constamment mis \u00e0 jour.<br \/>\n\u00eatre.<\/p>\n<p>&nbsp;<\/p>","protected":false},"excerpt":{"rendered":"<p>&nbsp; &nbsp; &nbsp; Die Zeiten sind turbulenter als auch schon, was die globalen Treiber, die politischen Ver-dikte und den Preisdruck gegen\u00fcber Schwei-zer Unternehmen angeht. So sind Schweizer Konzerne geheissen, ihre Preise anzugleichen wegen politischer Ereignisse. Eine Pr\u00e4sident-schaftswahl wie diesen Fr\u00fchling in Frank-reich k\u00f6nnte ebenso Auswirkungen auf Be-schaffungssektoren haben wie der EU-Aus-tritt Grossbritanniens. &nbsp; Parallel notierte [&hellip;]<\/p>\n","protected":false},"author":62,"featured_media":11182,"comment_status":"closed","ping_status":"closed","sticky":false,"template":"","format":"standard","meta":{"_acf_changed":false,"footnotes":""},"categories":[4],"tags":[4770],"class_list":["post-11167","post","type-post","status-publish","format-standard","has-post-thumbnail","hentry","category-risikomanagement","tag-03-2017"],"acf":[],"yoast_head":"<!-- This site is optimized with the Yoast SEO plugin v26.2 - https:\/\/yoast.com\/wordpress\/plugins\/seo\/ -->\n<title>Ist unsere Logistik bereit f\u00fcr die \u00abIndustrie 4.0\u00bb? - MQ Management und Qualit\u00e4t<\/title>\n<meta name=\"description\" content=\"Beschaffungsstrategien werden f\u00fcr Schweizer Unternehmen immer wichtiger. Schliesslich stehen nicht nur hiesige Konzerne, sondern auch KMU vor grossen rechtlichen und technischen Herausforderungen, was etwa Vernetzungen mit Lieferanten angeht.\" \/>\n<meta name=\"robots\" content=\"index, follow, max-snippet:-1, max-image-preview:large, max-video-preview:-1\" \/>\n<link rel=\"canonical\" href=\"https:\/\/www.m-q.ch\/fr\/notre-logistique-est-elle-prete-pour-lindustrie-4-0\/\" \/>\n<meta property=\"og:locale\" content=\"fr_FR\" \/>\n<meta property=\"og:type\" content=\"article\" \/>\n<meta property=\"og:title\" content=\"Ist unsere Logistik bereit f\u00fcr die \u00abIndustrie 4.0\u00bb? - MQ Management und Qualit\u00e4t\" \/>\n<meta property=\"og:description\" content=\"Beschaffungsstrategien werden f\u00fcr Schweizer Unternehmen immer wichtiger. Schliesslich stehen nicht nur hiesige Konzerne, sondern auch KMU vor grossen rechtlichen und technischen Herausforderungen, was etwa Vernetzungen mit Lieferanten angeht.\" \/>\n<meta property=\"og:url\" content=\"https:\/\/www.m-q.ch\/fr\/notre-logistique-est-elle-prete-pour-lindustrie-4-0\/\" \/>\n<meta property=\"og:site_name\" content=\"MQ Management und Qualit\u00e4t\" \/>\n<meta property=\"article:publisher\" content=\"https:\/\/www.facebook.com\/ManagementUndQualitaet\" \/>\n<meta property=\"article:published_time\" content=\"2016-03-25T13:22:13+00:00\" \/>\n<meta property=\"article:modified_time\" content=\"2021-02-12T13:59:42+00:00\" \/>\n<meta property=\"og:image\" content=\"https:\/\/www.m-q.ch\/wp-content\/uploads\/2021\/02\/Ist-unsere-Logistik-bereit-fuer-die-Industrie-4.0.jpg\" \/>\n\t<meta property=\"og:image:width\" content=\"840\" \/>\n\t<meta property=\"og:image:height\" content=\"638\" \/>\n\t<meta property=\"og:image:type\" content=\"image\/jpeg\" \/>\n<meta name=\"author\" content=\"upwork_2\" \/>\n<meta name=\"twitter:card\" content=\"summary_large_image\" \/>\n<meta name=\"twitter:label1\" content=\"\u00c9crit par\" \/>\n\t<meta name=\"twitter:data1\" content=\"upwork_2\" \/>\n\t<meta name=\"twitter:label2\" content=\"Dur\u00e9e de lecture estim\u00e9e\" \/>\n\t<meta name=\"twitter:data2\" content=\"5 minutes\" \/>\n<script type=\"application\/ld+json\" class=\"yoast-schema-graph\">{\"@context\":\"https:\/\/schema.org\",\"@graph\":[{\"@type\":\"Article\",\"@id\":\"https:\/\/www.m-q.ch\/ist-unsere-logistik-bereit-fuer-die-industrie-4-0\/#article\",\"isPartOf\":{\"@id\":\"https:\/\/www.m-q.ch\/ist-unsere-logistik-bereit-fuer-die-industrie-4-0\/\"},\"author\":{\"name\":\"upwork_2\",\"@id\":\"https:\/\/www.m-q.ch\/fr\/#\/schema\/person\/71f647a41e4a3e361e6230f5134f3ba9\"},\"headline\":\"Ist unsere Logistik bereit f\u00fcr die \u00abIndustrie 4.0\u00bb?\",\"datePublished\":\"2016-03-25T13:22:13+00:00\",\"dateModified\":\"2021-02-12T13:59:42+00:00\",\"mainEntityOfPage\":{\"@id\":\"https:\/\/www.m-q.ch\/ist-unsere-logistik-bereit-fuer-die-industrie-4-0\/\"},\"wordCount\":939,\"publisher\":{\"@id\":\"https:\/\/www.m-q.ch\/fr\/#organization\"},\"image\":{\"@id\":\"https:\/\/www.m-q.ch\/ist-unsere-logistik-bereit-fuer-die-industrie-4-0\/#primaryimage\"},\"thumbnailUrl\":\"https:\/\/www.m-q.ch\/wp-content\/uploads\/2021\/02\/Ist-unsere-Logistik-bereit-fuer-die-Industrie-4.0.jpg\",\"keywords\":[\"03\/2017\"],\"articleSection\":[\"Risikomanagement\"],\"inLanguage\":\"fr-FR\"},{\"@type\":\"WebPage\",\"@id\":\"https:\/\/www.m-q.ch\/ist-unsere-logistik-bereit-fuer-die-industrie-4-0\/\",\"url\":\"https:\/\/www.m-q.ch\/ist-unsere-logistik-bereit-fuer-die-industrie-4-0\/\",\"name\":\"Ist unsere Logistik bereit f\u00fcr die \u00abIndustrie 4.0\u00bb? - MQ Management und Qualit\u00e4t\",\"isPartOf\":{\"@id\":\"https:\/\/www.m-q.ch\/fr\/#website\"},\"primaryImageOfPage\":{\"@id\":\"https:\/\/www.m-q.ch\/ist-unsere-logistik-bereit-fuer-die-industrie-4-0\/#primaryimage\"},\"image\":{\"@id\":\"https:\/\/www.m-q.ch\/ist-unsere-logistik-bereit-fuer-die-industrie-4-0\/#primaryimage\"},\"thumbnailUrl\":\"https:\/\/www.m-q.ch\/wp-content\/uploads\/2021\/02\/Ist-unsere-Logistik-bereit-fuer-die-Industrie-4.0.jpg\",\"datePublished\":\"2016-03-25T13:22:13+00:00\",\"dateModified\":\"2021-02-12T13:59:42+00:00\",\"description\":\"Beschaffungsstrategien werden f\u00fcr Schweizer Unternehmen immer wichtiger. Schliesslich stehen nicht nur hiesige Konzerne, sondern auch KMU vor grossen rechtlichen und technischen Herausforderungen, was etwa Vernetzungen mit Lieferanten angeht.\",\"breadcrumb\":{\"@id\":\"https:\/\/www.m-q.ch\/ist-unsere-logistik-bereit-fuer-die-industrie-4-0\/#breadcrumb\"},\"inLanguage\":\"fr-FR\",\"potentialAction\":[{\"@type\":\"ReadAction\",\"target\":[\"https:\/\/www.m-q.ch\/ist-unsere-logistik-bereit-fuer-die-industrie-4-0\/\"]}]},{\"@type\":\"ImageObject\",\"inLanguage\":\"fr-FR\",\"@id\":\"https:\/\/www.m-q.ch\/ist-unsere-logistik-bereit-fuer-die-industrie-4-0\/#primaryimage\",\"url\":\"https:\/\/www.m-q.ch\/wp-content\/uploads\/2021\/02\/Ist-unsere-Logistik-bereit-fuer-die-Industrie-4.0.jpg\",\"contentUrl\":\"https:\/\/www.m-q.ch\/wp-content\/uploads\/2021\/02\/Ist-unsere-Logistik-bereit-fuer-die-Industrie-4.0.jpg\",\"width\":840,\"height\":638,\"caption\":\"Ist unsere Logistik bereit f\u00fcr die \u00abIndustrie 4.0\u00bb?\"},{\"@type\":\"BreadcrumbList\",\"@id\":\"https:\/\/www.m-q.ch\/ist-unsere-logistik-bereit-fuer-die-industrie-4-0\/#breadcrumb\",\"itemListElement\":[{\"@type\":\"ListItem\",\"position\":1,\"name\":\"Risikomanagement\",\"item\":\"https:\/\/www.m-q.ch\/kategorie\/risikomanagement\/\"},{\"@type\":\"ListItem\",\"position\":2,\"name\":\"Ist unsere Logistik bereit f\u00fcr die \u00abIndustrie 4.0\u00bb?\"}]},{\"@type\":\"WebSite\",\"@id\":\"https:\/\/www.m-q.ch\/fr\/#website\",\"url\":\"https:\/\/www.m-q.ch\/fr\/\",\"name\":\"MQ Management und Qualit\u00e4t\",\"description\":\"Plattform f\u00fcr integrierte Managementsysteme.\",\"publisher\":{\"@id\":\"https:\/\/www.m-q.ch\/fr\/#organization\"},\"potentialAction\":[{\"@type\":\"SearchAction\",\"target\":{\"@type\":\"EntryPoint\",\"urlTemplate\":\"https:\/\/www.m-q.ch\/fr\/?s={search_term_string}\"},\"query-input\":{\"@type\":\"PropertyValueSpecification\",\"valueRequired\":true,\"valueName\":\"search_term_string\"}}],\"inLanguage\":\"fr-FR\"},{\"@type\":\"Organization\",\"@id\":\"https:\/\/www.m-q.ch\/fr\/#organization\",\"name\":\"Galledia Fachmedien AG\",\"url\":\"https:\/\/www.m-q.ch\/fr\/\",\"logo\":{\"@type\":\"ImageObject\",\"inLanguage\":\"fr-FR\",\"@id\":\"https:\/\/www.m-q.ch\/fr\/#\/schema\/logo\/image\/\",\"url\":\"https:\/\/www.m-q.ch\/wp-content\/uploads\/2020\/12\/cropped-logo_small.png\",\"contentUrl\":\"https:\/\/www.m-q.ch\/wp-content\/uploads\/2020\/12\/cropped-logo_small.png\",\"width\":512,\"height\":512,\"caption\":\"Galledia Fachmedien AG\"},\"image\":{\"@id\":\"https:\/\/www.m-q.ch\/fr\/#\/schema\/logo\/image\/\"},\"sameAs\":[\"https:\/\/www.facebook.com\/ManagementUndQualitaet\",\"https:\/\/www.linkedin.com\/showcase\/17982321\/admin\/\"]},{\"@type\":\"Person\",\"@id\":\"https:\/\/www.m-q.ch\/fr\/#\/schema\/person\/71f647a41e4a3e361e6230f5134f3ba9\",\"name\":\"upwork_2\",\"image\":{\"@type\":\"ImageObject\",\"inLanguage\":\"fr-FR\",\"@id\":\"https:\/\/www.m-q.ch\/fr\/#\/schema\/person\/image\/\",\"url\":\"https:\/\/secure.gravatar.com\/avatar\/777b90ab56092bbf3c85feacda5c1bce?s=96&d=mm&r=g\",\"contentUrl\":\"https:\/\/secure.gravatar.com\/avatar\/777b90ab56092bbf3c85feacda5c1bce?s=96&d=mm&r=g\",\"caption\":\"upwork_2\"},\"url\":\"https:\/\/www.m-q.ch\/fr\/author\/upwork_2\/\"}]}<\/script>\n<!-- \/ Yoast SEO plugin. -->","yoast_head_json":{"title":"Notre logistique est-elle pr\u00eate pour \"Industry 4.0\" - MQ Management and Quality","description":"Les strat\u00e9gies d'achat sont de plus en plus importantes pour les entreprises suisses. Apr\u00e8s tout, non seulement les entreprises locales mais aussi les PME sont confront\u00e9es \u00e0 des d\u00e9fis juridiques et techniques majeurs en termes de mise en r\u00e9seau avec les fournisseurs, par exemple.","robots":{"index":"index","follow":"follow","max-snippet":"max-snippet:-1","max-image-preview":"max-image-preview:large","max-video-preview":"max-video-preview:-1"},"canonical":"https:\/\/www.m-q.ch\/fr\/notre-logistique-est-elle-prete-pour-lindustrie-4-0\/","og_locale":"fr_FR","og_type":"article","og_title":"Ist unsere Logistik bereit f\u00fcr die \u00abIndustrie 4.0\u00bb? - MQ Management und Qualit\u00e4t","og_description":"Beschaffungsstrategien werden f\u00fcr Schweizer Unternehmen immer wichtiger. Schliesslich stehen nicht nur hiesige Konzerne, sondern auch KMU vor grossen rechtlichen und technischen Herausforderungen, was etwa Vernetzungen mit Lieferanten angeht.","og_url":"https:\/\/www.m-q.ch\/fr\/notre-logistique-est-elle-prete-pour-lindustrie-4-0\/","og_site_name":"MQ Management und Qualit\u00e4t","article_publisher":"https:\/\/www.facebook.com\/ManagementUndQualitaet","article_published_time":"2016-03-25T13:22:13+00:00","article_modified_time":"2021-02-12T13:59:42+00:00","og_image":[{"width":840,"height":638,"url":"https:\/\/www.m-q.ch\/wp-content\/uploads\/2021\/02\/Ist-unsere-Logistik-bereit-fuer-die-Industrie-4.0.jpg","type":"image\/jpeg"}],"author":"upwork_2","twitter_card":"summary_large_image","twitter_misc":{"\u00c9crit par":"upwork_2","Dur\u00e9e de lecture estim\u00e9e":"5 minutes"},"schema":{"@context":"https:\/\/schema.org","@graph":[{"@type":"Article","@id":"https:\/\/www.m-q.ch\/ist-unsere-logistik-bereit-fuer-die-industrie-4-0\/#article","isPartOf":{"@id":"https:\/\/www.m-q.ch\/ist-unsere-logistik-bereit-fuer-die-industrie-4-0\/"},"author":{"name":"upwork_2","@id":"https:\/\/www.m-q.ch\/fr\/#\/schema\/person\/71f647a41e4a3e361e6230f5134f3ba9"},"headline":"Ist unsere Logistik bereit f\u00fcr die \u00abIndustrie 4.0\u00bb?","datePublished":"2016-03-25T13:22:13+00:00","dateModified":"2021-02-12T13:59:42+00:00","mainEntityOfPage":{"@id":"https:\/\/www.m-q.ch\/ist-unsere-logistik-bereit-fuer-die-industrie-4-0\/"},"wordCount":939,"publisher":{"@id":"https:\/\/www.m-q.ch\/fr\/#organization"},"image":{"@id":"https:\/\/www.m-q.ch\/ist-unsere-logistik-bereit-fuer-die-industrie-4-0\/#primaryimage"},"thumbnailUrl":"https:\/\/www.m-q.ch\/wp-content\/uploads\/2021\/02\/Ist-unsere-Logistik-bereit-fuer-die-Industrie-4.0.jpg","keywords":["03\/2017"],"articleSection":["Risikomanagement"],"inLanguage":"fr-FR"},{"@type":"WebPage","@id":"https:\/\/www.m-q.ch\/ist-unsere-logistik-bereit-fuer-die-industrie-4-0\/","url":"https:\/\/www.m-q.ch\/ist-unsere-logistik-bereit-fuer-die-industrie-4-0\/","name":"Notre logistique est-elle pr\u00eate pour \"Industry 4.0\" - MQ Management and Quality","isPartOf":{"@id":"https:\/\/www.m-q.ch\/fr\/#website"},"primaryImageOfPage":{"@id":"https:\/\/www.m-q.ch\/ist-unsere-logistik-bereit-fuer-die-industrie-4-0\/#primaryimage"},"image":{"@id":"https:\/\/www.m-q.ch\/ist-unsere-logistik-bereit-fuer-die-industrie-4-0\/#primaryimage"},"thumbnailUrl":"https:\/\/www.m-q.ch\/wp-content\/uploads\/2021\/02\/Ist-unsere-Logistik-bereit-fuer-die-Industrie-4.0.jpg","datePublished":"2016-03-25T13:22:13+00:00","dateModified":"2021-02-12T13:59:42+00:00","description":"Les strat\u00e9gies d'achat sont de plus en plus importantes pour les entreprises suisses. Apr\u00e8s tout, non seulement les entreprises locales mais aussi les PME sont confront\u00e9es \u00e0 des d\u00e9fis juridiques et techniques majeurs en termes de mise en r\u00e9seau avec les fournisseurs, par exemple.","breadcrumb":{"@id":"https:\/\/www.m-q.ch\/ist-unsere-logistik-bereit-fuer-die-industrie-4-0\/#breadcrumb"},"inLanguage":"fr-FR","potentialAction":[{"@type":"ReadAction","target":["https:\/\/www.m-q.ch\/ist-unsere-logistik-bereit-fuer-die-industrie-4-0\/"]}]},{"@type":"ImageObject","inLanguage":"fr-FR","@id":"https:\/\/www.m-q.ch\/ist-unsere-logistik-bereit-fuer-die-industrie-4-0\/#primaryimage","url":"https:\/\/www.m-q.ch\/wp-content\/uploads\/2021\/02\/Ist-unsere-Logistik-bereit-fuer-die-Industrie-4.0.jpg","contentUrl":"https:\/\/www.m-q.ch\/wp-content\/uploads\/2021\/02\/Ist-unsere-Logistik-bereit-fuer-die-Industrie-4.0.jpg","width":840,"height":638,"caption":"Ist unsere Logistik bereit f\u00fcr die \u00abIndustrie 4.0\u00bb?"},{"@type":"BreadcrumbList","@id":"https:\/\/www.m-q.ch\/ist-unsere-logistik-bereit-fuer-die-industrie-4-0\/#breadcrumb","itemListElement":[{"@type":"ListItem","position":1,"name":"Risikomanagement","item":"https:\/\/www.m-q.ch\/kategorie\/risikomanagement\/"},{"@type":"ListItem","position":2,"name":"Ist unsere Logistik bereit f\u00fcr die \u00abIndustrie 4.0\u00bb?"}]},{"@type":"WebSite","@id":"https:\/\/www.m-q.ch\/fr\/#website","url":"https:\/\/www.m-q.ch\/fr\/","name":"Gestion et qualit\u00e9 du QM","description":"Plate-forme pour les syst\u00e8mes de gestion int\u00e9gr\u00e9e.","publisher":{"@id":"https:\/\/www.m-q.ch\/fr\/#organization"},"potentialAction":[{"@type":"SearchAction","target":{"@type":"EntryPoint","urlTemplate":"https:\/\/www.m-q.ch\/fr\/?s={search_term_string}"},"query-input":{"@type":"PropertyValueSpecification","valueRequired":true,"valueName":"search_term_string"}}],"inLanguage":"fr-FR"},{"@type":"Organization","@id":"https:\/\/www.m-q.ch\/fr\/#organization","name":"Galledia Trade Media AG","url":"https:\/\/www.m-q.ch\/fr\/","logo":{"@type":"ImageObject","inLanguage":"fr-FR","@id":"https:\/\/www.m-q.ch\/fr\/#\/schema\/logo\/image\/","url":"https:\/\/www.m-q.ch\/wp-content\/uploads\/2020\/12\/cropped-logo_small.png","contentUrl":"https:\/\/www.m-q.ch\/wp-content\/uploads\/2020\/12\/cropped-logo_small.png","width":512,"height":512,"caption":"Galledia Fachmedien AG"},"image":{"@id":"https:\/\/www.m-q.ch\/fr\/#\/schema\/logo\/image\/"},"sameAs":["https:\/\/www.facebook.com\/ManagementUndQualitaet","https:\/\/www.linkedin.com\/showcase\/17982321\/admin\/"]},{"@type":"Person","@id":"https:\/\/www.m-q.ch\/fr\/#\/schema\/person\/71f647a41e4a3e361e6230f5134f3ba9","name":"upwork_2","image":{"@type":"ImageObject","inLanguage":"fr-FR","@id":"https:\/\/www.m-q.ch\/fr\/#\/schema\/person\/image\/","url":"https:\/\/secure.gravatar.com\/avatar\/777b90ab56092bbf3c85feacda5c1bce?s=96&d=mm&r=g","contentUrl":"https:\/\/secure.gravatar.com\/avatar\/777b90ab56092bbf3c85feacda5c1bce?s=96&d=mm&r=g","caption":"upwork_2"},"url":"https:\/\/www.m-q.ch\/fr\/author\/upwork_2\/"}]}},"_links":{"self":[{"href":"https:\/\/www.m-q.ch\/fr\/wp-json\/wp\/v2\/posts\/11167","targetHints":{"allow":["GET"]}}],"collection":[{"href":"https:\/\/www.m-q.ch\/fr\/wp-json\/wp\/v2\/posts"}],"about":[{"href":"https:\/\/www.m-q.ch\/fr\/wp-json\/wp\/v2\/types\/post"}],"author":[{"embeddable":true,"href":"https:\/\/www.m-q.ch\/fr\/wp-json\/wp\/v2\/users\/62"}],"replies":[{"embeddable":true,"href":"https:\/\/www.m-q.ch\/fr\/wp-json\/wp\/v2\/comments?post=11167"}],"version-history":[{"count":1,"href":"https:\/\/www.m-q.ch\/fr\/wp-json\/wp\/v2\/posts\/11167\/revisions"}],"predecessor-version":[{"id":11184,"href":"https:\/\/www.m-q.ch\/fr\/wp-json\/wp\/v2\/posts\/11167\/revisions\/11184"}],"wp:featuredmedia":[{"embeddable":true,"href":"https:\/\/www.m-q.ch\/fr\/wp-json\/wp\/v2\/media\/11182"}],"wp:attachment":[{"href":"https:\/\/www.m-q.ch\/fr\/wp-json\/wp\/v2\/media?parent=11167"}],"wp:term":[{"taxonomy":"category","embeddable":true,"href":"https:\/\/www.m-q.ch\/fr\/wp-json\/wp\/v2\/categories?post=11167"},{"taxonomy":"post_tag","embeddable":true,"href":"https:\/\/www.m-q.ch\/fr\/wp-json\/wp\/v2\/tags?post=11167"}],"curies":[{"name":"wp","href":"https:\/\/api.w.org\/{rel}","templated":true}]}}