{"id":11193,"date":"2016-01-09T15:07:03","date_gmt":"2016-01-09T14:07:03","guid":{"rendered":"https:\/\/www.m-q.ch\/?p=11193"},"modified":"2021-02-12T15:50:07","modified_gmt":"2021-02-12T14:50:07","slug":"saisir-la-chance","status":"publish","type":"post","link":"https:\/\/www.m-q.ch\/fr\/die-chance-packen\/","title":{"rendered":"Saisir l'opportunit\u00e9"},"content":{"rendered":"<p><img loading=\"lazy\" decoding=\"async\" class=\"alignnone size-full wp-image-11198\" src=\"https:\/\/www.m-q.ch\/wp-content\/uploads\/2021\/02\/Die-Chance-packen.jpg\" alt=\"Saisir l&#039;opportunit\u00e9\" width=\"845\" height=\"719\" srcset=\"https:\/\/www.m-q.ch\/wp-content\/uploads\/2021\/02\/Die-Chance-packen.jpg 845w, https:\/\/www.m-q.ch\/wp-content\/uploads\/2021\/02\/Die-Chance-packen-768x653.jpg 768w, https:\/\/www.m-q.ch\/wp-content\/uploads\/2021\/02\/Die-Chance-packen-14x12.jpg 14w, https:\/\/www.m-q.ch\/wp-content\/uploads\/2021\/02\/Die-Chance-packen-206x175.jpg 206w, https:\/\/www.m-q.ch\/wp-content\/uploads\/2021\/02\/Die-Chance-packen-411x350.jpg 411w, https:\/\/www.m-q.ch\/wp-content\/uploads\/2021\/02\/Die-Chance-packen-300x255.jpg 300w\" sizes=\"auto, (max-width: 845px) 100vw, 845px\" \/><\/p>\n<p>&nbsp;<\/p>\n<p>&nbsp;<\/p>\n<p>&nbsp;<\/p>\n<p>L'ISO est et reste une norme qui met le client au premier plan. Il s'agit avant tout de cela,<\/p>\n<ol>\n<li>fabriquer et fournir en permanence des produits ou fournir des services qui r\u00e9pondent aux exigences des clients et aux exigences l\u00e9gales et r\u00e9glementaires applicables,<\/li>\n<li>Percevoir et agir sur les opportunit\u00e9s et les risques, en tenant compte du contexte,<\/li>\n<li>s'efforcer d'accro\u00eetre la satisfaction des clients (conform\u00e9ment au champ d'application de la norme ISO 9001:2015).<\/li>\n<\/ol>\n<p>&nbsp;<\/p>\n<p>L'excellence va bien au-del\u00e0 de cette port\u00e9e et int\u00e8gre une approche globale des parties prenantes. Cela est d\u00e9j\u00e0 clair dans la d\u00e9finition de l'excellence : \"Les organisations excellentes r\u00e9alisent des performances exceptionnelles et durables qui r\u00e9pondent ou d\u00e9passent les attentes de toutes leurs parties prenantes\". L'EFQM<\/p>\n<p>&nbsp;<\/p>\n<p style=\"text-align: center\"><em><strong>L'excellence prend en compte non seulement les clients, mais aussi les employ\u00e9s, les propri\u00e9taires et la soci\u00e9t\u00e9.<\/strong><\/em><\/p>\n<p>&nbsp;<\/p>\n<p>Le mod\u00e8le d'excellence est donc un mod\u00e8le prospectif qui permet de d\u00e9terminer comment une organisation fonctionne et comment elle identifie les possibilit\u00e9s d'am\u00e9lioration \u00e0 un stade pr\u00e9coce et les met en \u0153uvre rapidement.<\/p>\n<p><strong>Innovations essentielles ISO 9001:2015<\/strong><br \/>\nLe changement le plus frappant concerne la structure de la norme ISO 9001:2015, la structure de haut niveau (voir figure 1). Il sert de base \u00e0 d'autres syst\u00e8mes de gestion normalis\u00e9s, tels que l'environnement et la s\u00e9curit\u00e9 au travail. Dans le diagramme, cela est compl\u00e9t\u00e9 par le cycle familier de l'ACDC.<\/p>\n<p>&nbsp;<\/p>\n<p>Les principales innovations li\u00e9es au contenu concernent le chapitre 4, le contexte de l'organisation. Cette orientation externe et interne, la prise en compte des acteurs concern\u00e9s et de leurs exigences pertinentes sont un prolongement \u00e9vident pour accro\u00eetre la satisfaction des clients.<\/p>\n<p>&nbsp;<\/p>\n<p>Le chapitre 5 traite d\u00e9sormais plus clairement de la gestion de l'organisation. En cons\u00e9quence, la gestion strat\u00e9gique et la gestion de la qualit\u00e9 sont plus \u00e9troitement li\u00e9es.<\/p>\n<p>&nbsp;<\/p>\n<p>Le chapitre 6, Planification, ancre la pens\u00e9e fond\u00e9e sur le risque, qui doit \u00eatre d\u00e9riv\u00e9e du contexte de l'organisation. Ce concept est mis en \u0153uvre par le biais de processus et d'informations document\u00e9es. Toutefois, la norme n'exige pas de m\u00e9thodes formelles ni de processus de gestion des risques document\u00e9.<\/p>\n<p>&nbsp;<\/p>\n<p>Le chapitre 7 Support d\u00e9crit le th\u00e8me de la connaissance : \"L'organisme doit d\u00e9terminer les connaissances n\u00e9cessaires pour mener \u00e0 bien ses processus et pour assurer la conformit\u00e9 des produits et des services\". L\u00e0 encore, il n'est pas n\u00e9cessaire d'avoir une gestion globale des connaissances.<\/p>\n<p>&nbsp;<\/p>\n<p>Au chapitre 8, le th\u00e8me du d\u00e9veloppement occupera de nombreuses organisations. Il s'agit de l'adaptation ou du d\u00e9veloppement de produits et de services.<\/p>\n<p>&nbsp;<\/p>\n<p>exigences. Cette exigence doit \u00eatre document\u00e9e, mise en \u0153uvre et contr\u00f4l\u00e9e sous la forme d'un processus de d\u00e9veloppement.<\/p>\n<p>&nbsp;<\/p>\n<p>Dans le chapitre 9 \u00c9valuation des performances, l'aspect de l'\u00e9valuation est nouveau. Cette \u00e9valuation n\u00e9cessite une appr\u00e9ciation des chiffres et donn\u00e9es disponibles<\/p>\n<p><strong>Mod\u00e8le d'excellence EFQM 2013<\/strong><br \/>\nAfin de tendre vers l'excellence au sens d\u00e9crit, le mod\u00e8le d'excellence EFQM distingue trois \u00e9l\u00e9ments similaires \u00e0 la norme ISO 9001:2015, qui sont donc \u00e9num\u00e9r\u00e9s entre parenth\u00e8ses : les concepts de base de l'excellence (principes de la norme ISO 9001:2015), le mod\u00e8le de crit\u00e8res (chapitres de la norme) et la logique RADAR (cycle PDCA).<\/p>\n<p>&nbsp;<\/p>\n<p>Les huit concepts de base rendent l'excellence tangible. Ils sont<\/p>\n<p>&nbsp;<\/p>\n<p style=\"text-align: center\"><em><strong>Les crit\u00e8res de r\u00e9sultat pr\u00e9cisent les performances de l'organisation.<\/strong><\/em><\/p>\n<p>&nbsp;<\/p>\n<p>donc les principes d'un succ\u00e8s durable.<\/p>\n<p>&nbsp;<\/p>\n<p>Le mod\u00e8le de crit\u00e8res (voir figure 2) est divis\u00e9 en cinq crit\u00e8res de facilitation et quatre crit\u00e8res de r\u00e9sultat. Les crit\u00e8res d'habilitation portent sur la question de savoir ce que l'organisation fait ou permet pour r\u00e9ussir de mani\u00e8re durable. Les crit\u00e8res de r\u00e9sultat identifient les mesures prises par l'organisation pour garantir la mise en \u0153uvre de la strat\u00e9gie, la r\u00e9alisation des objectifs et donc le succ\u00e8s de l'organisation \u00e0 l'avenir. Ces 9 crit\u00e8res sont subdivis\u00e9s en 32 sous-crit\u00e8res, qui sont \u00e9num\u00e9r\u00e9s en mots cl\u00e9s dans le diagramme sous les crit\u00e8res d'habilitation.<\/p>\n<p>&nbsp;<\/p>\n<p>La logique RADAR est au c\u0153ur du mod\u00e8le d'excellence EFQM, o\u00f9 RADAR signifie \"Results, Approach, Deployment, Assess and Refine\". Il est utilis\u00e9 pour \u00e9valuer les performances par rapport \u00e0 des crit\u00e8res de facilitation et de r\u00e9sultats.<\/p>\n<p><strong>Approche ISO 9001:2015 du mod\u00e8le d'excellence EFQM<\/strong><br \/>\nM\u00eame si les innovations essentielles de la norme ISO 9001:2015 d\u00e9crites ci-dessus ne sont pas cartographi\u00e9es 1:1 dans le mod\u00e8le de crit\u00e8res, la cartographie suivante montre une approximation claire.<\/p>\n<p>&nbsp;<\/p>\n<p>Le contexte de l'organisation est pris en compte dans le crit\u00e8re 1, Leadership, et en particulier par l'engagement personnel des dirigeants aupr\u00e8s des parties prenantes. Par la suite, ces informations sont transf\u00e9r\u00e9es dans un processus de strat\u00e9gie syst\u00e9matique dans le crit\u00e8re 2, Strat\u00e9gie. Le lien entre la direction et le syst\u00e8me de gestion est explicitement requis dans le sous-crit\u00e8re 1b (d\u00e9finir, examiner et am\u00e9liorer le syst\u00e8me de gestion et les performances de l'organisation). Comme le montre le diagramme du mod\u00e8le, la gestion des risques et des connaissances est \u00e9galement incluse dans la partie \"facilitateur\" du mod\u00e8le de crit\u00e8res. Le d\u00e9veloppement de produits et de services est requis dans le sous-crit\u00e8re 5b. La logique du RADAR refl\u00e8te le cycle de l'APDC, mais exige en outre des r\u00e9sultats strat\u00e9giquement pertinents et mesurables. En plus des r\u00e9sultats cl\u00e9s, le mod\u00e8le de crit\u00e8res prend \u00e9galement en compte les r\u00e9sultats li\u00e9s aux clients, aux employ\u00e9s et \u00e0 la soci\u00e9t\u00e9, permettant ainsi une \u00e9valuation compl\u00e8te des performances de l'organisation.<\/p>\n<p>&nbsp;<\/p>\n<p><strong>\u00e9valuation de la maturit\u00e9<\/strong><br \/>\nAfin d'\u00e9valuer la maturit\u00e9 d'un syst\u00e8me de gestion, l'EFQM a d\u00e9fini le processus d'\u00e9valuation. Les \u00e9valuations peuvent \u00eatre r\u00e9alis\u00e9es sous forme d'auto-\u00e9valuations ou en externe sous forme d'\u00e9valuations par des tiers (voir figure 3).<\/p>\n<p>&nbsp;<\/p>\n<p>L'auto-\u00e9valuation est bas\u00e9e sur une \u00e9tude des donn\u00e9es et des instruments existants de l'entreprise en utilisant le mod\u00e8le de crit\u00e8res. En m\u00eame temps, le contexte de l'organisation est d\u00e9crit dans le cadre des informations dites cl\u00e9s. Par la suite, l'\u00e9quipe de gestion \u00e9value les donn\u00e9es collect\u00e9es pour en d\u00e9terminer l'efficacit\u00e9, l'efficience et l'impact en utilisant la logique RADAR.<\/p>\n<p>&nbsp;<\/p>\n<p>Gr\u00e2ce \u00e0 une auto-\u00e9valuation EFQM, id\u00e9alement int\u00e9gr\u00e9e dans le processus strat\u00e9gique, les entreprises identifient leurs points forts ainsi que les domaines d'action, et apprennent ce qui est important pour le succ\u00e8s de l'entreprise et ce qui ne l'est pas.<\/p>\n<p>&nbsp;<\/p>\n<p style=\"text-align: center\"><strong><em>Identifier les domaines d'action individuels gr\u00e2ce \u00e0 l'auto-\u00e9valuation EFQM.<\/em><\/strong><\/p>\n<p>&nbsp;<\/p>\n<p>important, et sur cette base peut d\u00e9finir et suivre la voie de l'am\u00e9lioration continue en coordination avec l'orientation strat\u00e9gique.<\/p>\n<p>&nbsp;<\/p>\n<p>Pour r\u00e9ussir, toutes les organisations, quelles que soient leur taille et leur structure, ont besoin d'un syst\u00e8me de gestion adapt\u00e9. Le programme de reconnaissance EFQM (Niveaux d'excellence) rend les succ\u00e8s visibles. Apr\u00e8s une auto-\u00e9valuation EFQM, les entreprises peuvent faire \u00e9valuer en externe les projets d'am\u00e9lioration strat\u00e9giquement pertinents et leur mise en \u0153uvre (C2E), se soumettre \u00e0 une \u00e9valuation d'une journ\u00e9e (C2E 2 \u00e9toiles) ou faire \u00e9valuer le syst\u00e8me de gestion sous la forme d'une \u00e9valuation compl\u00e8te (R4E). Suffit-il dans le monde d'aujourd'hui de r\u00e9pondre aux exigences, ou l'organisation n'a-t-elle pas besoin de s'am\u00e9liorer constamment pour r\u00e9ussir demain ? L'approche EFQM offre la possibilit\u00e9 de d\u00e9velopper l'entreprise pas \u00e0 pas vers l'excellence commerciale. La convergence de la norme avec l'approche EFQM est une excellente opportunit\u00e9 d'utiliser les synergies des deux outils les plus courants en mati\u00e8re de qualit\u00e9 avec une auto-\u00e9valuation EFQM.<\/p>","protected":false},"excerpt":{"rendered":"<p>&nbsp; &nbsp; &nbsp; ISO ist und bleibt ein Standard, welcher den Kunden in den Mittel punkt stellt. Es geht prim\u00e4r darum, kontinuierlich Produkte herstellen und liefern oder Dienstleistungen erbringen zu k\u00f6nnen, die die Anforderungen der Kunden und die zutreffenden gesetzlichen und beh\u00f6rdlichen Anforderungen erf\u00fcllen, Chancen und Risiken unter Ber\u00fccksichtigung des Kontextes wahrzunehmen und zu handeln, [&hellip;]<\/p>\n","protected":false},"author":66,"featured_media":11198,"comment_status":"closed","ping_status":"closed","sticky":false,"template":"","format":"standard","meta":{"_acf_changed":false,"footnotes":""},"categories":[5],"tags":[4771],"class_list":["post-11193","post","type-post","status-publish","format-standard","has-post-thumbnail","hentry","category-business_excellence","tag-1-2-2016"],"acf":[],"yoast_head":"<!-- This site is optimized with the Yoast SEO plugin v26.2 - https:\/\/yoast.com\/wordpress\/plugins\/seo\/ -->\n<title>Die Chance packen - MQ Management und Qualit\u00e4t<\/title>\n<meta name=\"description\" content=\"Seit September 2015 ist sie auch in der Schweiz publiziert, die Norm ISO 9001:2015. Sie enth\u00e4lt einige wesentliche Neuerungen, um die Kundenorientierung weiterzuentwickeln. Deshalb stehen den ISO- 9001:2008-zertifizierten Unternehmen drei Jahre seit der Lancierung f\u00fcr die Umstellung auf die neuen Anforderungen zur Verf\u00fcgung. Diese Zeit kann f\u00fcr eine Reifegradbestimmung des bestehenden zertifizierten oder nicht-zertifizierten Managementsystems genutzt werden, denn die Ann\u00e4herung der ISO an den EFQM-Ansatz ist deutlich erkennbar.\" \/>\n<meta name=\"robots\" content=\"index, follow, max-snippet:-1, max-image-preview:large, max-video-preview:-1\" \/>\n<link rel=\"canonical\" href=\"https:\/\/www.m-q.ch\/fr\/saisir-la-chance\/\" \/>\n<meta property=\"og:locale\" content=\"fr_FR\" \/>\n<meta property=\"og:type\" content=\"article\" \/>\n<meta property=\"og:title\" content=\"Die Chance packen - MQ Management und Qualit\u00e4t\" \/>\n<meta property=\"og:description\" content=\"Seit September 2015 ist sie auch in der Schweiz publiziert, die Norm ISO 9001:2015. Sie enth\u00e4lt einige wesentliche Neuerungen, um die Kundenorientierung weiterzuentwickeln. Deshalb stehen den ISO- 9001:2008-zertifizierten Unternehmen drei Jahre seit der Lancierung f\u00fcr die Umstellung auf die neuen Anforderungen zur Verf\u00fcgung. Diese Zeit kann f\u00fcr eine Reifegradbestimmung des bestehenden zertifizierten oder nicht-zertifizierten Managementsystems genutzt werden, denn die Ann\u00e4herung der ISO an den EFQM-Ansatz ist deutlich erkennbar.\" \/>\n<meta property=\"og:url\" content=\"https:\/\/www.m-q.ch\/fr\/saisir-la-chance\/\" \/>\n<meta property=\"og:site_name\" content=\"MQ Management und Qualit\u00e4t\" \/>\n<meta property=\"article:publisher\" content=\"https:\/\/www.facebook.com\/ManagementUndQualitaet\" \/>\n<meta property=\"article:published_time\" content=\"2016-01-09T14:07:03+00:00\" \/>\n<meta property=\"article:modified_time\" content=\"2021-02-12T14:50:07+00:00\" \/>\n<meta property=\"og:image\" content=\"https:\/\/www.m-q.ch\/wp-content\/uploads\/2021\/02\/Die-Chance-packen.jpg\" \/>\n\t<meta property=\"og:image:width\" content=\"845\" \/>\n\t<meta property=\"og:image:height\" content=\"719\" \/>\n\t<meta property=\"og:image:type\" content=\"image\/jpeg\" \/>\n<meta name=\"author\" content=\"upwork_1\" \/>\n<meta name=\"twitter:card\" content=\"summary_large_image\" \/>\n<meta name=\"twitter:label1\" content=\"\u00c9crit par\" \/>\n\t<meta name=\"twitter:data1\" content=\"upwork_1\" \/>\n\t<meta name=\"twitter:label2\" content=\"Dur\u00e9e de lecture estim\u00e9e\" \/>\n\t<meta name=\"twitter:data2\" content=\"5 minutes\" \/>\n<script type=\"application\/ld+json\" class=\"yoast-schema-graph\">{\"@context\":\"https:\/\/schema.org\",\"@graph\":[{\"@type\":\"Article\",\"@id\":\"https:\/\/www.m-q.ch\/die-chance-packen\/#article\",\"isPartOf\":{\"@id\":\"https:\/\/www.m-q.ch\/die-chance-packen\/\"},\"author\":{\"name\":\"upwork_1\",\"@id\":\"https:\/\/www.m-q.ch\/fr\/#\/schema\/person\/0bdf39ca27d0b9b779f5b8af54b3f7d7\"},\"headline\":\"Die Chance packen\",\"datePublished\":\"2016-01-09T14:07:03+00:00\",\"dateModified\":\"2021-02-12T14:50:07+00:00\",\"mainEntityOfPage\":{\"@id\":\"https:\/\/www.m-q.ch\/die-chance-packen\/\"},\"wordCount\":1053,\"publisher\":{\"@id\":\"https:\/\/www.m-q.ch\/fr\/#organization\"},\"image\":{\"@id\":\"https:\/\/www.m-q.ch\/die-chance-packen\/#primaryimage\"},\"thumbnailUrl\":\"https:\/\/www.m-q.ch\/wp-content\/uploads\/2021\/02\/Die-Chance-packen.jpg\",\"keywords\":[\"1\u20132\/2016\"],\"articleSection\":[\"Business Excellence\"],\"inLanguage\":\"fr-FR\"},{\"@type\":\"WebPage\",\"@id\":\"https:\/\/www.m-q.ch\/die-chance-packen\/\",\"url\":\"https:\/\/www.m-q.ch\/die-chance-packen\/\",\"name\":\"Die Chance packen - MQ Management und Qualit\u00e4t\",\"isPartOf\":{\"@id\":\"https:\/\/www.m-q.ch\/fr\/#website\"},\"primaryImageOfPage\":{\"@id\":\"https:\/\/www.m-q.ch\/die-chance-packen\/#primaryimage\"},\"image\":{\"@id\":\"https:\/\/www.m-q.ch\/die-chance-packen\/#primaryimage\"},\"thumbnailUrl\":\"https:\/\/www.m-q.ch\/wp-content\/uploads\/2021\/02\/Die-Chance-packen.jpg\",\"datePublished\":\"2016-01-09T14:07:03+00:00\",\"dateModified\":\"2021-02-12T14:50:07+00:00\",\"description\":\"Seit September 2015 ist sie auch in der Schweiz publiziert, die Norm ISO 9001:2015. Sie enth\u00e4lt einige wesentliche Neuerungen, um die Kundenorientierung weiterzuentwickeln. Deshalb stehen den ISO- 9001:2008-zertifizierten Unternehmen drei Jahre seit der Lancierung f\u00fcr die Umstellung auf die neuen Anforderungen zur Verf\u00fcgung. Diese Zeit kann f\u00fcr eine Reifegradbestimmung des bestehenden zertifizierten oder nicht-zertifizierten Managementsystems genutzt werden, denn die Ann\u00e4herung der ISO an den EFQM-Ansatz ist deutlich erkennbar.\",\"breadcrumb\":{\"@id\":\"https:\/\/www.m-q.ch\/die-chance-packen\/#breadcrumb\"},\"inLanguage\":\"fr-FR\",\"potentialAction\":[{\"@type\":\"ReadAction\",\"target\":[\"https:\/\/www.m-q.ch\/die-chance-packen\/\"]}]},{\"@type\":\"ImageObject\",\"inLanguage\":\"fr-FR\",\"@id\":\"https:\/\/www.m-q.ch\/die-chance-packen\/#primaryimage\",\"url\":\"https:\/\/www.m-q.ch\/wp-content\/uploads\/2021\/02\/Die-Chance-packen.jpg\",\"contentUrl\":\"https:\/\/www.m-q.ch\/wp-content\/uploads\/2021\/02\/Die-Chance-packen.jpg\",\"width\":845,\"height\":719,\"caption\":\"Die Chance packen\"},{\"@type\":\"BreadcrumbList\",\"@id\":\"https:\/\/www.m-q.ch\/die-chance-packen\/#breadcrumb\",\"itemListElement\":[{\"@type\":\"ListItem\",\"position\":1,\"name\":\"Business Excellence\",\"item\":\"https:\/\/www.m-q.ch\/kategorie\/business_excellence\/\"},{\"@type\":\"ListItem\",\"position\":2,\"name\":\"Die Chance packen\"}]},{\"@type\":\"WebSite\",\"@id\":\"https:\/\/www.m-q.ch\/fr\/#website\",\"url\":\"https:\/\/www.m-q.ch\/fr\/\",\"name\":\"MQ Management und Qualit\u00e4t\",\"description\":\"Plattform f\u00fcr integrierte Managementsysteme.\",\"publisher\":{\"@id\":\"https:\/\/www.m-q.ch\/fr\/#organization\"},\"potentialAction\":[{\"@type\":\"SearchAction\",\"target\":{\"@type\":\"EntryPoint\",\"urlTemplate\":\"https:\/\/www.m-q.ch\/fr\/?s={search_term_string}\"},\"query-input\":{\"@type\":\"PropertyValueSpecification\",\"valueRequired\":true,\"valueName\":\"search_term_string\"}}],\"inLanguage\":\"fr-FR\"},{\"@type\":\"Organization\",\"@id\":\"https:\/\/www.m-q.ch\/fr\/#organization\",\"name\":\"Galledia Fachmedien AG\",\"url\":\"https:\/\/www.m-q.ch\/fr\/\",\"logo\":{\"@type\":\"ImageObject\",\"inLanguage\":\"fr-FR\",\"@id\":\"https:\/\/www.m-q.ch\/fr\/#\/schema\/logo\/image\/\",\"url\":\"https:\/\/www.m-q.ch\/wp-content\/uploads\/2020\/12\/cropped-logo_small.png\",\"contentUrl\":\"https:\/\/www.m-q.ch\/wp-content\/uploads\/2020\/12\/cropped-logo_small.png\",\"width\":512,\"height\":512,\"caption\":\"Galledia Fachmedien AG\"},\"image\":{\"@id\":\"https:\/\/www.m-q.ch\/fr\/#\/schema\/logo\/image\/\"},\"sameAs\":[\"https:\/\/www.facebook.com\/ManagementUndQualitaet\",\"https:\/\/www.linkedin.com\/showcase\/17982321\/admin\/\"]},{\"@type\":\"Person\",\"@id\":\"https:\/\/www.m-q.ch\/fr\/#\/schema\/person\/0bdf39ca27d0b9b779f5b8af54b3f7d7\",\"name\":\"upwork_1\",\"image\":{\"@type\":\"ImageObject\",\"inLanguage\":\"fr-FR\",\"@id\":\"https:\/\/www.m-q.ch\/fr\/#\/schema\/person\/image\/\",\"url\":\"https:\/\/secure.gravatar.com\/avatar\/04d4d0fdc5886d535809f17d0eace7f6?s=96&d=mm&r=g\",\"contentUrl\":\"https:\/\/secure.gravatar.com\/avatar\/04d4d0fdc5886d535809f17d0eace7f6?s=96&d=mm&r=g\",\"caption\":\"upwork_1\"},\"url\":\"https:\/\/www.m-q.ch\/fr\/author\/upwork_1\/\"}]}<\/script>\n<!-- \/ Yoast SEO plugin. -->","yoast_head_json":{"title":"Saisir l'opportunit\u00e9 - Gestion et qualit\u00e9 du QM","description":"La norme ISO 9001:2015 est \u00e9galement publi\u00e9e en Suisse depuis septembre 2015 et contient un certain nombre d'innovations importantes visant \u00e0 d\u00e9velopper l'orientation client. C'est pourquoi les entreprises certifi\u00e9es ISO 9001:2008 ont trois ans \u00e0 compter du lancement pour se convertir aux nouvelles exigences. Ce temps peut \u00eatre utilis\u00e9 pour une \u00e9valuation de la maturit\u00e9 du syst\u00e8me de gestion certifi\u00e9 ou non certifi\u00e9 existant, car la convergence de l'ISO avec l'approche EFQM est clairement visible.","robots":{"index":"index","follow":"follow","max-snippet":"max-snippet:-1","max-image-preview":"max-image-preview:large","max-video-preview":"max-video-preview:-1"},"canonical":"https:\/\/www.m-q.ch\/fr\/saisir-la-chance\/","og_locale":"fr_FR","og_type":"article","og_title":"Die Chance packen - MQ Management und Qualit\u00e4t","og_description":"Seit September 2015 ist sie auch in der Schweiz publiziert, die Norm ISO 9001:2015. Sie enth\u00e4lt einige wesentliche Neuerungen, um die Kundenorientierung weiterzuentwickeln. Deshalb stehen den ISO- 9001:2008-zertifizierten Unternehmen drei Jahre seit der Lancierung f\u00fcr die Umstellung auf die neuen Anforderungen zur Verf\u00fcgung. Diese Zeit kann f\u00fcr eine Reifegradbestimmung des bestehenden zertifizierten oder nicht-zertifizierten Managementsystems genutzt werden, denn die Ann\u00e4herung der ISO an den EFQM-Ansatz ist deutlich erkennbar.","og_url":"https:\/\/www.m-q.ch\/fr\/saisir-la-chance\/","og_site_name":"MQ Management und Qualit\u00e4t","article_publisher":"https:\/\/www.facebook.com\/ManagementUndQualitaet","article_published_time":"2016-01-09T14:07:03+00:00","article_modified_time":"2021-02-12T14:50:07+00:00","og_image":[{"width":845,"height":719,"url":"https:\/\/www.m-q.ch\/wp-content\/uploads\/2021\/02\/Die-Chance-packen.jpg","type":"image\/jpeg"}],"author":"upwork_1","twitter_card":"summary_large_image","twitter_misc":{"\u00c9crit par":"upwork_1","Dur\u00e9e de lecture estim\u00e9e":"5 minutes"},"schema":{"@context":"https:\/\/schema.org","@graph":[{"@type":"Article","@id":"https:\/\/www.m-q.ch\/die-chance-packen\/#article","isPartOf":{"@id":"https:\/\/www.m-q.ch\/die-chance-packen\/"},"author":{"name":"upwork_1","@id":"https:\/\/www.m-q.ch\/fr\/#\/schema\/person\/0bdf39ca27d0b9b779f5b8af54b3f7d7"},"headline":"Die Chance packen","datePublished":"2016-01-09T14:07:03+00:00","dateModified":"2021-02-12T14:50:07+00:00","mainEntityOfPage":{"@id":"https:\/\/www.m-q.ch\/die-chance-packen\/"},"wordCount":1053,"publisher":{"@id":"https:\/\/www.m-q.ch\/fr\/#organization"},"image":{"@id":"https:\/\/www.m-q.ch\/die-chance-packen\/#primaryimage"},"thumbnailUrl":"https:\/\/www.m-q.ch\/wp-content\/uploads\/2021\/02\/Die-Chance-packen.jpg","keywords":["1\u20132\/2016"],"articleSection":["Business Excellence"],"inLanguage":"fr-FR"},{"@type":"WebPage","@id":"https:\/\/www.m-q.ch\/die-chance-packen\/","url":"https:\/\/www.m-q.ch\/die-chance-packen\/","name":"Saisir l'opportunit\u00e9 - Gestion et qualit\u00e9 du QM","isPartOf":{"@id":"https:\/\/www.m-q.ch\/fr\/#website"},"primaryImageOfPage":{"@id":"https:\/\/www.m-q.ch\/die-chance-packen\/#primaryimage"},"image":{"@id":"https:\/\/www.m-q.ch\/die-chance-packen\/#primaryimage"},"thumbnailUrl":"https:\/\/www.m-q.ch\/wp-content\/uploads\/2021\/02\/Die-Chance-packen.jpg","datePublished":"2016-01-09T14:07:03+00:00","dateModified":"2021-02-12T14:50:07+00:00","description":"La norme ISO 9001:2015 est \u00e9galement publi\u00e9e en Suisse depuis septembre 2015 et contient un certain nombre d'innovations importantes visant \u00e0 d\u00e9velopper l'orientation client. C'est pourquoi les entreprises certifi\u00e9es ISO 9001:2008 ont trois ans \u00e0 compter du lancement pour se convertir aux nouvelles exigences. Ce temps peut \u00eatre utilis\u00e9 pour une \u00e9valuation de la maturit\u00e9 du syst\u00e8me de gestion certifi\u00e9 ou non certifi\u00e9 existant, car la convergence de l'ISO avec l'approche EFQM est clairement visible.","breadcrumb":{"@id":"https:\/\/www.m-q.ch\/die-chance-packen\/#breadcrumb"},"inLanguage":"fr-FR","potentialAction":[{"@type":"ReadAction","target":["https:\/\/www.m-q.ch\/die-chance-packen\/"]}]},{"@type":"ImageObject","inLanguage":"fr-FR","@id":"https:\/\/www.m-q.ch\/die-chance-packen\/#primaryimage","url":"https:\/\/www.m-q.ch\/wp-content\/uploads\/2021\/02\/Die-Chance-packen.jpg","contentUrl":"https:\/\/www.m-q.ch\/wp-content\/uploads\/2021\/02\/Die-Chance-packen.jpg","width":845,"height":719,"caption":"Die Chance packen"},{"@type":"BreadcrumbList","@id":"https:\/\/www.m-q.ch\/die-chance-packen\/#breadcrumb","itemListElement":[{"@type":"ListItem","position":1,"name":"Business Excellence","item":"https:\/\/www.m-q.ch\/kategorie\/business_excellence\/"},{"@type":"ListItem","position":2,"name":"Die Chance packen"}]},{"@type":"WebSite","@id":"https:\/\/www.m-q.ch\/fr\/#website","url":"https:\/\/www.m-q.ch\/fr\/","name":"Gestion et qualit\u00e9 du QM","description":"Plate-forme pour les syst\u00e8mes de gestion int\u00e9gr\u00e9e.","publisher":{"@id":"https:\/\/www.m-q.ch\/fr\/#organization"},"potentialAction":[{"@type":"SearchAction","target":{"@type":"EntryPoint","urlTemplate":"https:\/\/www.m-q.ch\/fr\/?s={search_term_string}"},"query-input":{"@type":"PropertyValueSpecification","valueRequired":true,"valueName":"search_term_string"}}],"inLanguage":"fr-FR"},{"@type":"Organization","@id":"https:\/\/www.m-q.ch\/fr\/#organization","name":"Galledia Trade Media AG","url":"https:\/\/www.m-q.ch\/fr\/","logo":{"@type":"ImageObject","inLanguage":"fr-FR","@id":"https:\/\/www.m-q.ch\/fr\/#\/schema\/logo\/image\/","url":"https:\/\/www.m-q.ch\/wp-content\/uploads\/2020\/12\/cropped-logo_small.png","contentUrl":"https:\/\/www.m-q.ch\/wp-content\/uploads\/2020\/12\/cropped-logo_small.png","width":512,"height":512,"caption":"Galledia Fachmedien AG"},"image":{"@id":"https:\/\/www.m-q.ch\/fr\/#\/schema\/logo\/image\/"},"sameAs":["https:\/\/www.facebook.com\/ManagementUndQualitaet","https:\/\/www.linkedin.com\/showcase\/17982321\/admin\/"]},{"@type":"Person","@id":"https:\/\/www.m-q.ch\/fr\/#\/schema\/person\/0bdf39ca27d0b9b779f5b8af54b3f7d7","name":"upwork_1","image":{"@type":"ImageObject","inLanguage":"fr-FR","@id":"https:\/\/www.m-q.ch\/fr\/#\/schema\/person\/image\/","url":"https:\/\/secure.gravatar.com\/avatar\/04d4d0fdc5886d535809f17d0eace7f6?s=96&d=mm&r=g","contentUrl":"https:\/\/secure.gravatar.com\/avatar\/04d4d0fdc5886d535809f17d0eace7f6?s=96&d=mm&r=g","caption":"upwork_1"},"url":"https:\/\/www.m-q.ch\/fr\/author\/upwork_1\/"}]}},"_links":{"self":[{"href":"https:\/\/www.m-q.ch\/fr\/wp-json\/wp\/v2\/posts\/11193","targetHints":{"allow":["GET"]}}],"collection":[{"href":"https:\/\/www.m-q.ch\/fr\/wp-json\/wp\/v2\/posts"}],"about":[{"href":"https:\/\/www.m-q.ch\/fr\/wp-json\/wp\/v2\/types\/post"}],"author":[{"embeddable":true,"href":"https:\/\/www.m-q.ch\/fr\/wp-json\/wp\/v2\/users\/66"}],"replies":[{"embeddable":true,"href":"https:\/\/www.m-q.ch\/fr\/wp-json\/wp\/v2\/comments?post=11193"}],"version-history":[{"count":5,"href":"https:\/\/www.m-q.ch\/fr\/wp-json\/wp\/v2\/posts\/11193\/revisions"}],"predecessor-version":[{"id":11221,"href":"https:\/\/www.m-q.ch\/fr\/wp-json\/wp\/v2\/posts\/11193\/revisions\/11221"}],"wp:featuredmedia":[{"embeddable":true,"href":"https:\/\/www.m-q.ch\/fr\/wp-json\/wp\/v2\/media\/11198"}],"wp:attachment":[{"href":"https:\/\/www.m-q.ch\/fr\/wp-json\/wp\/v2\/media?parent=11193"}],"wp:term":[{"taxonomy":"category","embeddable":true,"href":"https:\/\/www.m-q.ch\/fr\/wp-json\/wp\/v2\/categories?post=11193"},{"taxonomy":"post_tag","embeddable":true,"href":"https:\/\/www.m-q.ch\/fr\/wp-json\/wp\/v2\/tags?post=11193"}],"curies":[{"name":"wp","href":"https:\/\/api.w.org\/{rel}","templated":true}]}}