{"id":11234,"date":"2017-04-09T07:30:56","date_gmt":"2017-04-09T05:30:56","guid":{"rendered":"https:\/\/www.m-q.ch\/?p=11234"},"modified":"2021-02-13T07:42:12","modified_gmt":"2021-02-13T06:42:12","slug":"promouvoir-les-femmes-et-les-travailleurs-ages","status":"publish","type":"post","link":"https:\/\/www.m-q.ch\/fr\/frauen-und-aeltere-mitarbeitende-foerdern\/","title":{"rendered":"Promouvoir les femmes et les travailleurs \u00e2g\u00e9s"},"content":{"rendered":"<p><img loading=\"lazy\" decoding=\"async\" class=\"alignnone size-full wp-image-11244\" src=\"https:\/\/www.m-q.ch\/wp-content\/uploads\/2021\/02\/Frauen-und-aeltere-Mitarbeitende-foerdern.jpg\" alt=\"Promouvoir les femmes et les travailleurs \u00e2g\u00e9s\" width=\"826\" height=\"563\" srcset=\"https:\/\/www.m-q.ch\/wp-content\/uploads\/2021\/02\/Frauen-und-aeltere-Mitarbeitende-foerdern.jpg 826w, https:\/\/www.m-q.ch\/wp-content\/uploads\/2021\/02\/Frauen-und-aeltere-Mitarbeitende-foerdern-768x523.jpg 768w, https:\/\/www.m-q.ch\/wp-content\/uploads\/2021\/02\/Frauen-und-aeltere-Mitarbeitende-foerdern-16x12.jpg 16w, https:\/\/www.m-q.ch\/wp-content\/uploads\/2021\/02\/Frauen-und-aeltere-Mitarbeitende-foerdern-257x175.jpg 257w, https:\/\/www.m-q.ch\/wp-content\/uploads\/2021\/02\/Frauen-und-aeltere-Mitarbeitende-foerdern-513x350.jpg 513w, https:\/\/www.m-q.ch\/wp-content\/uploads\/2021\/02\/Frauen-und-aeltere-Mitarbeitende-foerdern-300x204.jpg 300w\" sizes=\"auto, (max-width: 826px) 100vw, 826px\" \/><\/p>\n<p>&nbsp;<\/p>\n<p>&nbsp;<\/p>\n<p>L'ann\u00e9e derni\u00e8re, l'Institut des services financiers de Zoug IFZ de la Haute \u00e9cole sp\u00e9cialis\u00e9e de Lucerne a recueilli pour la troisi\u00e8me fois des donn\u00e9es pour l'indice de diversit\u00e9 (voir encadr\u00e9). L'objectif de l'indice de diversit\u00e9 est de mesurer l'h\u00e9t\u00e9rog\u00e9n\u00e9it\u00e9 de la main-d'\u0153uvre dans les organisations et de la repr\u00e9senter au moyen d'un chiffre cl\u00e9. Dans une enqu\u00eate en ligne, les entreprises participantes r\u00e9pondent \u00e0 une cinquantaine de questions sur l'organisation g\u00e9n\u00e9rale de l'entreprise, la gestion de la diversit\u00e9 et les crit\u00e8res d'\u00e2ge, de sexe, de nationalit\u00e9, de religion et de sant\u00e9.<\/p>\n<p>&nbsp;<\/p>\n<p>Pour les entreprises qui ont particip\u00e9 \u00e0 l'enqu\u00eate actuelle, la gestion de la diversit\u00e9 g\u00e9n\u00e8re de nombreux avantages (voir figure). D'une part, la gestion de la diversit\u00e9 est d'une grande importance pour la politique du personnel. D'autre part, il est clairement exprim\u00e9 qu'il en r\u00e9sulte \u00e9galement des avantages pour l'entreprise dans son ensemble.<\/p>\n<p>&nbsp;<\/p>\n<p>Les conclusions de la troisi\u00e8me enqu\u00eate de l'Indice de diversit\u00e9 sont multiples. Dans cet article, l'accent est mis sur la gestion de la diversit\u00e9, le sexe et l'\u00e2ge. Sur la base des r\u00e9sultats, des recommandations d'action concernant le recrutement de personnel sont formul\u00e9es pour chaque dimension.<\/p>\n<p><strong>Culture de la diversit\u00e9 : comment le changement peut-il r\u00e9ussir ?<\/strong><br \/>\nLes entreprises qui se trouvent en t\u00eate du troisi\u00e8me indice de diversit\u00e9 obtiennent de bons r\u00e9sultats en termes d'ancrage de la diversit\u00e9 dans la gestion et dans la structure organisationnelle. Il est clairement exprim\u00e9 qu'une main-d'\u0153uvre h\u00e9t\u00e9rog\u00e8ne et les avantages correspondants de cette diversit\u00e9 pour l'organisation sont particuli\u00e8rement importants.<\/p>\n<p>&nbsp;<\/p>\n<p><em><strong>\"Les consid\u00e9rations de diversit\u00e9 sont un \u00e9l\u00e9ment important dans le processus de recrutement\".<\/strong><\/em><\/p>\n<p>&nbsp;<\/p>\n<p>Cela est particuli\u00e8rement vrai lorsque la diversit\u00e9 est pratiqu\u00e9e de mani\u00e8re durable. Cela comprend, par exemple, un service d\u00e9di\u00e9 \u00e0 la diversit\u00e9 qui rend compte directement \u00e0 la direction, ou l'inclusion explicite des principes de diversit\u00e9 dans la d\u00e9claration de mission de l'entreprise, la strat\u00e9gie d'entreprise ou d'autres documents g\u00e9n\u00e9raux ayant une pertinence strat\u00e9gique. Ainsi, un concept de diversit\u00e9 est particuli\u00e8rement r\u00e9ussi si le sujet est activement v\u00e9cu et, en particulier, pris au s\u00e9rieux par la direction de l'entreprise et mis en \u0153uvre en cons\u00e9quence. La continuit\u00e9 des mesures est \u00e9galement essentielle \u00e0 une gestion r\u00e9ussie de la diversit\u00e9, car les effets positifs ne peuvent \u00eatre r\u00e9alis\u00e9s dans un court laps de temps.<\/p>\n<p>&nbsp;<\/p>\n<p>Par cons\u00e9quent, les consid\u00e9rations de diversit\u00e9 sont sans aucun doute un \u00e9l\u00e9ment important dans le processus de recrutement. Toutefois, les mesures \u00e9ventuelles ne se limitent pas \u00e0 cette p\u00e9riode. Une culture de la diversit\u00e9 pratiqu\u00e9e avec succ\u00e8s doit se refl\u00e9ter dans l'ensemble du d\u00e9veloppement du personnel, ce qui \u00e0 son tour a un effet positif sur la r\u00e9putation de l'organisation sur le march\u00e9 du travail.<\/p>\n<p><strong>Faible proportion de femmes et pratiquement aucune m\u00e8re au sein du conseil d'administration et du conseil ex\u00e9cutif<\/strong><br \/>\nEn ce qui concerne la perspective de genre, l'enqu\u00eate exprime clairement que du niveau hi\u00e9rarchique avec des responsabilit\u00e9s de gestion vers le haut, moins de femmes que d'hommes sont employ\u00e9es. Dans les entreprises \u00e9tudi\u00e9es, la proportion globale de femmes est d'environ 37 %, dont la majorit\u00e9 n'occupe pas de poste de direction. La proportion de femmes dans la direction et au sein du conseil d'administration reste faible.<\/p>\n<p>&nbsp;<\/p>\n<p>La faible proportion de femmes est \u00e9tonnante. Selon leurs propres d\u00e9clarations, 97 % des organisations interrog\u00e9es ont pris des mesures pour concilier vie professionnelle et vie familiale. 59 % ont \u00e9galement des objectifs d'\u00e9quilibre entre les sexes, avec dans certains cas des cons\u00e9quences salariales pour les responsables s'ils ne sont pas atteints.<\/p>\n<p>&nbsp;<\/p>\n<p>Il existe \u00e9galement de grandes disparit\u00e9s en termes de parentalit\u00e9. En moyenne, environ 33 % des femmes et 42 % des hommes des entreprises interrog\u00e9es ont des enfants. La diff\u00e9rence est encore plus prononc\u00e9e \u00e0 des niveaux plus \u00e9lev\u00e9s : Seul un quart des femmes travaillant aux niveaux sup\u00e9rieurs de la hi\u00e9rarchie sont des m\u00e8res, mais plus de la moiti\u00e9 des hommes qui y travaillent sont des p\u00e8res. En outre, une femme sur trois ne reprend pas le travail apr\u00e8s la maternit\u00e9. Parmi les femmes qui reprennent le travail, 86 % en moyenne travaillent encore dans la m\u00eame entreprise apr\u00e8s un an. N\u00e9anmoins : sur la base des r\u00e9sultats de ces deux enqu\u00eates, on peut conclure qu'en moyenne, seulement 56 % des femmes environ travaillent encore dans la m\u00eame entreprise un an apr\u00e8s leur maternit\u00e9. La perte de ces femmes entra\u00eene la perte d'un pr\u00e9cieux savoir-faire sp\u00e9cifique \u00e0 l'entreprise, souvent accumul\u00e9 pendant de nombreuses ann\u00e9es. Compte tenu notamment de l'\u00e9volution d\u00e9mographique et de la p\u00e9nurie imminente de travailleurs qualifi\u00e9s, il est imp\u00e9ratif de contrecarrer cette situation.<\/p>\n<p>&nbsp;<\/p>\n<p>Les chiffres montrent clairement que, malgr\u00e9 le grand nombre de mesures introduites et les progr\u00e8s correspondants, il existe encore un potentiel de rattrapage dans le domaine du genre. Les mesures correspondantes ne concernent que dans une mesure limit\u00e9e le recrutement de jeunes employ\u00e9s. Les entreprises devraient plut\u00f4t se concentrer de plus en plus sur le d\u00e9veloppement de leur personnel, continuer \u00e0 promouvoir les femmes au sein de l'organisation et offrir des postes avec la flexibilit\u00e9 appropri\u00e9e. Beaucoup de femmes ont \u00e0 peine d\u00e9pass\u00e9 l'\u00e2ge moyen.<\/p>\n<p>&nbsp;<\/p>\n<p>surtout si elles sont m\u00e8res. Des mesures telles que les mod\u00e8les de temps de travail flexibles et le travail \u00e0 temps partiel, qui devraient en principe \u00eatre propos\u00e9s aux deux sexes ainsi qu'aux employ\u00e9s hautement qualifi\u00e9s, sont essentielles pour que les organisations se positionnent comme des employeurs attractifs \u00e0 l'avenir.<\/p>\n<p><strong>\u00c2ge : utiliser les connaissances des employ\u00e9s plus \u00e2g\u00e9s<\/strong><br \/>\nL'\u00e2ge moyen des employ\u00e9s (\u00e0 l'exclusion des membres du conseil d'administration) dans toutes les organisations \u00e9tudi\u00e9es est d'environ 41 ans, les cadres \u00e9tant \u00e2g\u00e9s en moyenne de 51 ans. Compte tenu du vieillissement de la soci\u00e9t\u00e9, la proportion de salari\u00e9s \u00e2g\u00e9s de plus de 50 ans est particuli\u00e8rement int\u00e9ressante. Cette proportion est d'environ 25 % dans l'ensemble et d'environ 30 % pour les cadres. Toutes les entreprises participantes ont d\u00e9clar\u00e9 avoir embauch\u00e9 des employ\u00e9s \u00e2g\u00e9s de 50 ans ou plus au cours des cinq derni\u00e8res ann\u00e9es, et plus de 87 % d'entre elles soutiennent leurs employ\u00e9s plus \u00e2g\u00e9s dans le maintien de leur employabilit\u00e9. Cela est particuli\u00e8rement important dans la mesure o\u00f9 le monde du travail continue de changer, notamment en raison de la num\u00e9risation et de la n\u00e9cessit\u00e9 d'une plus grande mobilit\u00e9 professionnelle. En termes de recrutement de personnel, l'accent devrait \u00eatre mis de plus en plus sur les employ\u00e9s plus \u00e2g\u00e9s afin de pouvoir utiliser leurs connaissances pour le soutien optimal du personnel junior et pour le bien de l'organisation. Les r\u00e9sultats montrent que la gestion de la diversit\u00e9 est clairement b\u00e9n\u00e9fique. Toutefois, le potentiel est loin d'\u00eatre \u00e9puis\u00e9 et un travail \u00e9ducatif important est encore n\u00e9cessaire \u00e0 cet \u00e9gard.<\/p>\n<p>&nbsp;<\/p>\n<p>&nbsp;<\/p>","protected":false},"excerpt":{"rendered":"<p>&nbsp; &nbsp; Das Institut f\u00fcr Finanzdienstleistungen Zug IFZ der Hochschule Luzern hat im vergangenen Jahr zum dritten Mal Daten f\u00fcr den Diversity Index (siehe Kasten) erhoben. Das Ziel des Diversity Index ist es, die Hetero\u00ad genit\u00e4t der Belegschaft in Organisationen zu messen und diese mittels einer Kennzahl abzubilden. In einer Online-Umfrage beantworten die teilnehmenden Unternehmen [&hellip;]<\/p>\n","protected":false},"author":62,"featured_media":11244,"comment_status":"closed","ping_status":"closed","sticky":false,"template":"","format":"standard","meta":{"_acf_changed":false,"footnotes":""},"categories":[5],"tags":[4772],"class_list":["post-11234","post","type-post","status-publish","format-standard","has-post-thumbnail","hentry","category-business_excellence","tag-04-2017"],"acf":[],"yoast_head":"<!-- This site is optimized with the Yoast SEO plugin v26.2 - https:\/\/yoast.com\/wordpress\/plugins\/seo\/ -->\n<title>Frauen und \u00e4ltere Mitarbeitende f\u00f6rdern - MQ Management und Qualit\u00e4t<\/title>\n<meta name=\"description\" content=\"Der Diversity Index der Hochschule Luzern misst die Heterogenit\u00e4t der Belegschaft eines Unternehmens. Die aktuelle Umfrage bei 37 Betrieben zeigt, dass auch nach Jahren der Gender-Diskussionen eine Mutterschaft vielfach das Ende einer Karriere bedeutet.\" \/>\n<meta name=\"robots\" content=\"index, follow, max-snippet:-1, max-image-preview:large, max-video-preview:-1\" \/>\n<link rel=\"canonical\" href=\"https:\/\/www.m-q.ch\/fr\/promouvoir-les-femmes-et-les-travailleurs-ages\/\" \/>\n<meta property=\"og:locale\" content=\"fr_FR\" \/>\n<meta property=\"og:type\" content=\"article\" \/>\n<meta property=\"og:title\" content=\"Frauen und \u00e4ltere Mitarbeitende f\u00f6rdern - MQ Management und Qualit\u00e4t\" \/>\n<meta property=\"og:description\" content=\"Der Diversity Index der Hochschule Luzern misst die Heterogenit\u00e4t der Belegschaft eines Unternehmens. Die aktuelle Umfrage bei 37 Betrieben zeigt, dass auch nach Jahren der Gender-Diskussionen eine Mutterschaft vielfach das Ende einer Karriere bedeutet.\" \/>\n<meta property=\"og:url\" content=\"https:\/\/www.m-q.ch\/fr\/promouvoir-les-femmes-et-les-travailleurs-ages\/\" \/>\n<meta property=\"og:site_name\" content=\"MQ Management und Qualit\u00e4t\" \/>\n<meta property=\"article:publisher\" content=\"https:\/\/www.facebook.com\/ManagementUndQualitaet\" \/>\n<meta property=\"article:published_time\" content=\"2017-04-09T05:30:56+00:00\" \/>\n<meta property=\"article:modified_time\" content=\"2021-02-13T06:42:12+00:00\" \/>\n<meta property=\"og:image\" content=\"https:\/\/www.m-q.ch\/wp-content\/uploads\/2021\/02\/Frauen-und-aeltere-Mitarbeitende-foerdern.jpg\" \/>\n\t<meta property=\"og:image:width\" content=\"826\" \/>\n\t<meta property=\"og:image:height\" content=\"563\" \/>\n\t<meta property=\"og:image:type\" content=\"image\/jpeg\" \/>\n<meta name=\"author\" content=\"upwork_2\" \/>\n<meta name=\"twitter:card\" content=\"summary_large_image\" \/>\n<meta name=\"twitter:label1\" content=\"\u00c9crit par\" \/>\n\t<meta name=\"twitter:data1\" content=\"upwork_2\" \/>\n\t<meta name=\"twitter:label2\" content=\"Dur\u00e9e de lecture estim\u00e9e\" \/>\n\t<meta name=\"twitter:data2\" content=\"5 minutes\" \/>\n<script type=\"application\/ld+json\" class=\"yoast-schema-graph\">{\"@context\":\"https:\/\/schema.org\",\"@graph\":[{\"@type\":\"Article\",\"@id\":\"https:\/\/www.m-q.ch\/frauen-und-aeltere-mitarbeitende-foerdern\/#article\",\"isPartOf\":{\"@id\":\"https:\/\/www.m-q.ch\/frauen-und-aeltere-mitarbeitende-foerdern\/\"},\"author\":{\"name\":\"upwork_2\",\"@id\":\"https:\/\/www.m-q.ch\/fr\/#\/schema\/person\/71f647a41e4a3e361e6230f5134f3ba9\"},\"headline\":\"Frauen und \u00e4ltere Mitarbeitende f\u00f6rdern\",\"datePublished\":\"2017-04-09T05:30:56+00:00\",\"dateModified\":\"2021-02-13T06:42:12+00:00\",\"mainEntityOfPage\":{\"@id\":\"https:\/\/www.m-q.ch\/frauen-und-aeltere-mitarbeitende-foerdern\/\"},\"wordCount\":951,\"publisher\":{\"@id\":\"https:\/\/www.m-q.ch\/fr\/#organization\"},\"image\":{\"@id\":\"https:\/\/www.m-q.ch\/frauen-und-aeltere-mitarbeitende-foerdern\/#primaryimage\"},\"thumbnailUrl\":\"https:\/\/www.m-q.ch\/wp-content\/uploads\/2021\/02\/Frauen-und-aeltere-Mitarbeitende-foerdern.jpg\",\"keywords\":[\"04\/2017\"],\"articleSection\":[\"Business Excellence\"],\"inLanguage\":\"fr-FR\"},{\"@type\":\"WebPage\",\"@id\":\"https:\/\/www.m-q.ch\/frauen-und-aeltere-mitarbeitende-foerdern\/\",\"url\":\"https:\/\/www.m-q.ch\/frauen-und-aeltere-mitarbeitende-foerdern\/\",\"name\":\"Frauen und \u00e4ltere Mitarbeitende f\u00f6rdern - MQ Management und Qualit\u00e4t\",\"isPartOf\":{\"@id\":\"https:\/\/www.m-q.ch\/fr\/#website\"},\"primaryImageOfPage\":{\"@id\":\"https:\/\/www.m-q.ch\/frauen-und-aeltere-mitarbeitende-foerdern\/#primaryimage\"},\"image\":{\"@id\":\"https:\/\/www.m-q.ch\/frauen-und-aeltere-mitarbeitende-foerdern\/#primaryimage\"},\"thumbnailUrl\":\"https:\/\/www.m-q.ch\/wp-content\/uploads\/2021\/02\/Frauen-und-aeltere-Mitarbeitende-foerdern.jpg\",\"datePublished\":\"2017-04-09T05:30:56+00:00\",\"dateModified\":\"2021-02-13T06:42:12+00:00\",\"description\":\"Der Diversity Index der Hochschule Luzern misst die Heterogenit\u00e4t der Belegschaft eines Unternehmens. Die aktuelle Umfrage bei 37 Betrieben zeigt, dass auch nach Jahren der Gender-Diskussionen eine Mutterschaft vielfach das Ende einer Karriere bedeutet.\",\"breadcrumb\":{\"@id\":\"https:\/\/www.m-q.ch\/frauen-und-aeltere-mitarbeitende-foerdern\/#breadcrumb\"},\"inLanguage\":\"fr-FR\",\"potentialAction\":[{\"@type\":\"ReadAction\",\"target\":[\"https:\/\/www.m-q.ch\/frauen-und-aeltere-mitarbeitende-foerdern\/\"]}]},{\"@type\":\"ImageObject\",\"inLanguage\":\"fr-FR\",\"@id\":\"https:\/\/www.m-q.ch\/frauen-und-aeltere-mitarbeitende-foerdern\/#primaryimage\",\"url\":\"https:\/\/www.m-q.ch\/wp-content\/uploads\/2021\/02\/Frauen-und-aeltere-Mitarbeitende-foerdern.jpg\",\"contentUrl\":\"https:\/\/www.m-q.ch\/wp-content\/uploads\/2021\/02\/Frauen-und-aeltere-Mitarbeitende-foerdern.jpg\",\"width\":826,\"height\":563,\"caption\":\"Frauen und \u00e4ltere Mitarbeitende f\u00f6rdern\"},{\"@type\":\"BreadcrumbList\",\"@id\":\"https:\/\/www.m-q.ch\/frauen-und-aeltere-mitarbeitende-foerdern\/#breadcrumb\",\"itemListElement\":[{\"@type\":\"ListItem\",\"position\":1,\"name\":\"Business Excellence\",\"item\":\"https:\/\/www.m-q.ch\/kategorie\/business_excellence\/\"},{\"@type\":\"ListItem\",\"position\":2,\"name\":\"Frauen und \u00e4ltere Mitarbeitende f\u00f6rdern\"}]},{\"@type\":\"WebSite\",\"@id\":\"https:\/\/www.m-q.ch\/fr\/#website\",\"url\":\"https:\/\/www.m-q.ch\/fr\/\",\"name\":\"MQ Management und Qualit\u00e4t\",\"description\":\"Plattform f\u00fcr integrierte Managementsysteme.\",\"publisher\":{\"@id\":\"https:\/\/www.m-q.ch\/fr\/#organization\"},\"potentialAction\":[{\"@type\":\"SearchAction\",\"target\":{\"@type\":\"EntryPoint\",\"urlTemplate\":\"https:\/\/www.m-q.ch\/fr\/?s={search_term_string}\"},\"query-input\":{\"@type\":\"PropertyValueSpecification\",\"valueRequired\":true,\"valueName\":\"search_term_string\"}}],\"inLanguage\":\"fr-FR\"},{\"@type\":\"Organization\",\"@id\":\"https:\/\/www.m-q.ch\/fr\/#organization\",\"name\":\"Galledia Fachmedien AG\",\"url\":\"https:\/\/www.m-q.ch\/fr\/\",\"logo\":{\"@type\":\"ImageObject\",\"inLanguage\":\"fr-FR\",\"@id\":\"https:\/\/www.m-q.ch\/fr\/#\/schema\/logo\/image\/\",\"url\":\"https:\/\/www.m-q.ch\/wp-content\/uploads\/2020\/12\/cropped-logo_small.png\",\"contentUrl\":\"https:\/\/www.m-q.ch\/wp-content\/uploads\/2020\/12\/cropped-logo_small.png\",\"width\":512,\"height\":512,\"caption\":\"Galledia Fachmedien AG\"},\"image\":{\"@id\":\"https:\/\/www.m-q.ch\/fr\/#\/schema\/logo\/image\/\"},\"sameAs\":[\"https:\/\/www.facebook.com\/ManagementUndQualitaet\",\"https:\/\/www.linkedin.com\/showcase\/17982321\/admin\/\"]},{\"@type\":\"Person\",\"@id\":\"https:\/\/www.m-q.ch\/fr\/#\/schema\/person\/71f647a41e4a3e361e6230f5134f3ba9\",\"name\":\"upwork_2\",\"image\":{\"@type\":\"ImageObject\",\"inLanguage\":\"fr-FR\",\"@id\":\"https:\/\/www.m-q.ch\/fr\/#\/schema\/person\/image\/\",\"url\":\"https:\/\/secure.gravatar.com\/avatar\/777b90ab56092bbf3c85feacda5c1bce?s=96&d=mm&r=g\",\"contentUrl\":\"https:\/\/secure.gravatar.com\/avatar\/777b90ab56092bbf3c85feacda5c1bce?s=96&d=mm&r=g\",\"caption\":\"upwork_2\"},\"url\":\"https:\/\/www.m-q.ch\/fr\/author\/upwork_2\/\"}]}<\/script>\n<!-- \/ Yoast SEO plugin. -->","yoast_head_json":{"title":"Promotion des femmes et des travailleurs \u00e2g\u00e9s - MQ Management et qualit\u00e9","description":"L'indice de diversit\u00e9 de la Haute \u00e9cole sp\u00e9cialis\u00e9e de Lucerne mesure l'h\u00e9t\u00e9rog\u00e9n\u00e9it\u00e9 de la main-d'\u0153uvre d'une entreprise. L'enqu\u00eate actuelle men\u00e9e aupr\u00e8s de 37 entreprises montre que m\u00eame apr\u00e8s des ann\u00e9es de discussions sur le genre, la maternit\u00e9 signifie souvent la fin d'une carri\u00e8re.","robots":{"index":"index","follow":"follow","max-snippet":"max-snippet:-1","max-image-preview":"max-image-preview:large","max-video-preview":"max-video-preview:-1"},"canonical":"https:\/\/www.m-q.ch\/fr\/promouvoir-les-femmes-et-les-travailleurs-ages\/","og_locale":"fr_FR","og_type":"article","og_title":"Frauen und \u00e4ltere Mitarbeitende f\u00f6rdern - MQ Management und Qualit\u00e4t","og_description":"Der Diversity Index der Hochschule Luzern misst die Heterogenit\u00e4t der Belegschaft eines Unternehmens. Die aktuelle Umfrage bei 37 Betrieben zeigt, dass auch nach Jahren der Gender-Diskussionen eine Mutterschaft vielfach das Ende einer Karriere bedeutet.","og_url":"https:\/\/www.m-q.ch\/fr\/promouvoir-les-femmes-et-les-travailleurs-ages\/","og_site_name":"MQ Management und Qualit\u00e4t","article_publisher":"https:\/\/www.facebook.com\/ManagementUndQualitaet","article_published_time":"2017-04-09T05:30:56+00:00","article_modified_time":"2021-02-13T06:42:12+00:00","og_image":[{"width":826,"height":563,"url":"https:\/\/www.m-q.ch\/wp-content\/uploads\/2021\/02\/Frauen-und-aeltere-Mitarbeitende-foerdern.jpg","type":"image\/jpeg"}],"author":"upwork_2","twitter_card":"summary_large_image","twitter_misc":{"\u00c9crit par":"upwork_2","Dur\u00e9e de lecture estim\u00e9e":"5 minutes"},"schema":{"@context":"https:\/\/schema.org","@graph":[{"@type":"Article","@id":"https:\/\/www.m-q.ch\/frauen-und-aeltere-mitarbeitende-foerdern\/#article","isPartOf":{"@id":"https:\/\/www.m-q.ch\/frauen-und-aeltere-mitarbeitende-foerdern\/"},"author":{"name":"upwork_2","@id":"https:\/\/www.m-q.ch\/fr\/#\/schema\/person\/71f647a41e4a3e361e6230f5134f3ba9"},"headline":"Frauen und \u00e4ltere Mitarbeitende f\u00f6rdern","datePublished":"2017-04-09T05:30:56+00:00","dateModified":"2021-02-13T06:42:12+00:00","mainEntityOfPage":{"@id":"https:\/\/www.m-q.ch\/frauen-und-aeltere-mitarbeitende-foerdern\/"},"wordCount":951,"publisher":{"@id":"https:\/\/www.m-q.ch\/fr\/#organization"},"image":{"@id":"https:\/\/www.m-q.ch\/frauen-und-aeltere-mitarbeitende-foerdern\/#primaryimage"},"thumbnailUrl":"https:\/\/www.m-q.ch\/wp-content\/uploads\/2021\/02\/Frauen-und-aeltere-Mitarbeitende-foerdern.jpg","keywords":["04\/2017"],"articleSection":["Business Excellence"],"inLanguage":"fr-FR"},{"@type":"WebPage","@id":"https:\/\/www.m-q.ch\/frauen-und-aeltere-mitarbeitende-foerdern\/","url":"https:\/\/www.m-q.ch\/frauen-und-aeltere-mitarbeitende-foerdern\/","name":"Promotion des femmes et des travailleurs \u00e2g\u00e9s - MQ Management et qualit\u00e9","isPartOf":{"@id":"https:\/\/www.m-q.ch\/fr\/#website"},"primaryImageOfPage":{"@id":"https:\/\/www.m-q.ch\/frauen-und-aeltere-mitarbeitende-foerdern\/#primaryimage"},"image":{"@id":"https:\/\/www.m-q.ch\/frauen-und-aeltere-mitarbeitende-foerdern\/#primaryimage"},"thumbnailUrl":"https:\/\/www.m-q.ch\/wp-content\/uploads\/2021\/02\/Frauen-und-aeltere-Mitarbeitende-foerdern.jpg","datePublished":"2017-04-09T05:30:56+00:00","dateModified":"2021-02-13T06:42:12+00:00","description":"L'indice de diversit\u00e9 de la Haute \u00e9cole sp\u00e9cialis\u00e9e de Lucerne mesure l'h\u00e9t\u00e9rog\u00e9n\u00e9it\u00e9 de la main-d'\u0153uvre d'une entreprise. L'enqu\u00eate actuelle men\u00e9e aupr\u00e8s de 37 entreprises montre que m\u00eame apr\u00e8s des ann\u00e9es de discussions sur le genre, la maternit\u00e9 signifie souvent la fin d'une carri\u00e8re.","breadcrumb":{"@id":"https:\/\/www.m-q.ch\/frauen-und-aeltere-mitarbeitende-foerdern\/#breadcrumb"},"inLanguage":"fr-FR","potentialAction":[{"@type":"ReadAction","target":["https:\/\/www.m-q.ch\/frauen-und-aeltere-mitarbeitende-foerdern\/"]}]},{"@type":"ImageObject","inLanguage":"fr-FR","@id":"https:\/\/www.m-q.ch\/frauen-und-aeltere-mitarbeitende-foerdern\/#primaryimage","url":"https:\/\/www.m-q.ch\/wp-content\/uploads\/2021\/02\/Frauen-und-aeltere-Mitarbeitende-foerdern.jpg","contentUrl":"https:\/\/www.m-q.ch\/wp-content\/uploads\/2021\/02\/Frauen-und-aeltere-Mitarbeitende-foerdern.jpg","width":826,"height":563,"caption":"Frauen und \u00e4ltere Mitarbeitende f\u00f6rdern"},{"@type":"BreadcrumbList","@id":"https:\/\/www.m-q.ch\/frauen-und-aeltere-mitarbeitende-foerdern\/#breadcrumb","itemListElement":[{"@type":"ListItem","position":1,"name":"Business Excellence","item":"https:\/\/www.m-q.ch\/kategorie\/business_excellence\/"},{"@type":"ListItem","position":2,"name":"Frauen und \u00e4ltere Mitarbeitende f\u00f6rdern"}]},{"@type":"WebSite","@id":"https:\/\/www.m-q.ch\/fr\/#website","url":"https:\/\/www.m-q.ch\/fr\/","name":"Gestion et qualit\u00e9 du QM","description":"Plate-forme pour les syst\u00e8mes de gestion int\u00e9gr\u00e9e.","publisher":{"@id":"https:\/\/www.m-q.ch\/fr\/#organization"},"potentialAction":[{"@type":"SearchAction","target":{"@type":"EntryPoint","urlTemplate":"https:\/\/www.m-q.ch\/fr\/?s={search_term_string}"},"query-input":{"@type":"PropertyValueSpecification","valueRequired":true,"valueName":"search_term_string"}}],"inLanguage":"fr-FR"},{"@type":"Organization","@id":"https:\/\/www.m-q.ch\/fr\/#organization","name":"Galledia Trade Media AG","url":"https:\/\/www.m-q.ch\/fr\/","logo":{"@type":"ImageObject","inLanguage":"fr-FR","@id":"https:\/\/www.m-q.ch\/fr\/#\/schema\/logo\/image\/","url":"https:\/\/www.m-q.ch\/wp-content\/uploads\/2020\/12\/cropped-logo_small.png","contentUrl":"https:\/\/www.m-q.ch\/wp-content\/uploads\/2020\/12\/cropped-logo_small.png","width":512,"height":512,"caption":"Galledia Fachmedien AG"},"image":{"@id":"https:\/\/www.m-q.ch\/fr\/#\/schema\/logo\/image\/"},"sameAs":["https:\/\/www.facebook.com\/ManagementUndQualitaet","https:\/\/www.linkedin.com\/showcase\/17982321\/admin\/"]},{"@type":"Person","@id":"https:\/\/www.m-q.ch\/fr\/#\/schema\/person\/71f647a41e4a3e361e6230f5134f3ba9","name":"upwork_2","image":{"@type":"ImageObject","inLanguage":"fr-FR","@id":"https:\/\/www.m-q.ch\/fr\/#\/schema\/person\/image\/","url":"https:\/\/secure.gravatar.com\/avatar\/777b90ab56092bbf3c85feacda5c1bce?s=96&d=mm&r=g","contentUrl":"https:\/\/secure.gravatar.com\/avatar\/777b90ab56092bbf3c85feacda5c1bce?s=96&d=mm&r=g","caption":"upwork_2"},"url":"https:\/\/www.m-q.ch\/fr\/author\/upwork_2\/"}]}},"_links":{"self":[{"href":"https:\/\/www.m-q.ch\/fr\/wp-json\/wp\/v2\/posts\/11234","targetHints":{"allow":["GET"]}}],"collection":[{"href":"https:\/\/www.m-q.ch\/fr\/wp-json\/wp\/v2\/posts"}],"about":[{"href":"https:\/\/www.m-q.ch\/fr\/wp-json\/wp\/v2\/types\/post"}],"author":[{"embeddable":true,"href":"https:\/\/www.m-q.ch\/fr\/wp-json\/wp\/v2\/users\/62"}],"replies":[{"embeddable":true,"href":"https:\/\/www.m-q.ch\/fr\/wp-json\/wp\/v2\/comments?post=11234"}],"version-history":[{"count":1,"href":"https:\/\/www.m-q.ch\/fr\/wp-json\/wp\/v2\/posts\/11234\/revisions"}],"predecessor-version":[{"id":11245,"href":"https:\/\/www.m-q.ch\/fr\/wp-json\/wp\/v2\/posts\/11234\/revisions\/11245"}],"wp:featuredmedia":[{"embeddable":true,"href":"https:\/\/www.m-q.ch\/fr\/wp-json\/wp\/v2\/media\/11244"}],"wp:attachment":[{"href":"https:\/\/www.m-q.ch\/fr\/wp-json\/wp\/v2\/media?parent=11234"}],"wp:term":[{"taxonomy":"category","embeddable":true,"href":"https:\/\/www.m-q.ch\/fr\/wp-json\/wp\/v2\/categories?post=11234"},{"taxonomy":"post_tag","embeddable":true,"href":"https:\/\/www.m-q.ch\/fr\/wp-json\/wp\/v2\/tags?post=11234"}],"curies":[{"name":"wp","href":"https:\/\/api.w.org\/{rel}","templated":true}]}}