{"id":11237,"date":"2017-04-15T07:30:58","date_gmt":"2017-04-15T05:30:58","guid":{"rendered":"https:\/\/www.m-q.ch\/?p=11237"},"modified":"2021-02-13T08:01:24","modified_gmt":"2021-02-13T07:01:24","slug":"protection-des-donnees-dans-les-vehicules-connectes","status":"publish","type":"post","link":"https:\/\/www.m-q.ch\/fr\/datenschutz-bei-vernetzten-fahrzeugen\/","title":{"rendered":"Protection des donn\u00e9es dans les v\u00e9hicules connect\u00e9s"},"content":{"rendered":"<p><img loading=\"lazy\" decoding=\"async\" class=\"alignnone size-full wp-image-11250\" src=\"https:\/\/www.m-q.ch\/wp-content\/uploads\/2021\/02\/Datenschutz-bei-vernetzten-Fahrzeugen.jpg\" alt=\"Protection des donn\u00e9es dans les v\u00e9hicules connect\u00e9s\" width=\"839\" height=\"792\" srcset=\"https:\/\/www.m-q.ch\/wp-content\/uploads\/2021\/02\/Datenschutz-bei-vernetzten-Fahrzeugen.jpg 839w, https:\/\/www.m-q.ch\/wp-content\/uploads\/2021\/02\/Datenschutz-bei-vernetzten-Fahrzeugen-768x725.jpg 768w, https:\/\/www.m-q.ch\/wp-content\/uploads\/2021\/02\/Datenschutz-bei-vernetzten-Fahrzeugen-13x12.jpg 13w, https:\/\/www.m-q.ch\/wp-content\/uploads\/2021\/02\/Datenschutz-bei-vernetzten-Fahrzeugen-185x175.jpg 185w, https:\/\/www.m-q.ch\/wp-content\/uploads\/2021\/02\/Datenschutz-bei-vernetzten-Fahrzeugen-371x350.jpg 371w, https:\/\/www.m-q.ch\/wp-content\/uploads\/2021\/02\/Datenschutz-bei-vernetzten-Fahrzeugen-300x283.jpg 300w\" sizes=\"auto, (max-width: 839px) 100vw, 839px\" \/><\/p>\n<p>&nbsp;<\/p>\n<p>&nbsp;<\/p>\n<p>Sous la rubrique \"Internet des objets\" (IdO), un certain nombre de niveaux d'application sont d\u00e9crits dans l'industrie automobile qui doivent permettre l'efficacit\u00e9, en particulier dans la fabrication ainsi que dans le trafic. Si l'on tient \u00e9galement compte des d\u00e9veloppements dans le domaine de l'industrie 4.0, il s'agit surtout d'applications efficaces et d'analyses d'informations corr\u00e9l\u00e9es. Cependant, la destination du voyage avec les fourgonnettes et les voitures particuli\u00e8res en r\u00e9seau est indiqu\u00e9e, par exemple, par les rapports d'accident des v\u00e9hicules \u00e9quip\u00e9s de capteurs de distance. Comme les conducteurs ne se fient apparemment qu'\u00e0 leur pilote automatique, ils ont m\u00eame \u00e9t\u00e9 bless\u00e9s dans la circulation lente. - Comment les conducteurs peuvent-ils se prot\u00e9ger contre les informations erron\u00e9es ?<\/p>\n<p>&nbsp;<\/p>\n<p>La norme internationale ISO\/IEC 27001 (voir encadr\u00e9) fournit des donn\u00e9es essentielles sur les lacunes des technologies de l'information et m\u00eame sur les essais de type inad\u00e9quats. La norme ISO 27001 est structur\u00e9e de la m\u00eame mani\u00e8re que la norme ISO 9001, mais elle ne comprend pas de processus commerciaux, mais plut\u00f4t des mesures visant \u00e0 garantir la s\u00e9curit\u00e9 de l'information.<\/p>\n<p><strong>Obstacles juridiques<\/strong><br \/>\nSur le plan technologique, le partage et l'analyse des donn\u00e9es devraient contribuer \u00e0 rendre la vie plus facile et plus pratique pour une entreprise comme pour les clients. Ce concept n'est pas r\u00e9volutionnaire. Cependant, \u00e0 l'heure de la transformation num\u00e9rique, la sph\u00e8re de s\u00e9curit\u00e9 des objets mobiles d\u00e9finis par les ressources ou personnalis\u00e9s est une question tr\u00e8s complexe. M\u00eame les forces ex\u00e9cutives pr\u00e9sentent des lacunes dans l'interpr\u00e9tation des domaines qui rel\u00e8vent de la s\u00e9curit\u00e9 des donn\u00e9es et de la s\u00e9curit\u00e9 informatique. La loi suisse sur la protection des donn\u00e9es (LPD), art. 11 VE LPD, garantit la s\u00e9curit\u00e9 des donn\u00e9es personnelles. Toutefois, le Conseil f\u00e9d\u00e9ral n'\u00e9dicte que des exigences minimales.<\/p>\n<p>&nbsp;<\/p>\n<p>L'article 18, paragraphe 1 (\"Protection des donn\u00e9es par la technologie ...\") est d\u00e9j\u00e0 plus pr\u00e9cis dans sa formulation, lorsqu'il dit : \"Le responsable du traitement et le sous-traitant sont tenus de prendre les mesures appropri\u00e9es qui, d\u00e8s la planification du traitement des donn\u00e9es, r\u00e9duisent les risques d'atteinte \u00e0 la personnalit\u00e9 ou aux droits fondamentaux et pr\u00e9viennent ces atteintes\".<\/p>\n<p>&nbsp;<\/p>\n<p>Malgr\u00e9 cette protection contre les abus, de nombreux d\u00e9tails juridiques dans le secteur de l'information restent vagues. Par exemple, dans le cadre de la protection dite du prototype selon la norme ISO 27001:2005, les embl\u00e8mes, la signalisation et autres informations indiquant les installations sp\u00e9cifiques d'une entreprise sont d\u00e9j\u00e0 soumis \u00e0 une protection rigoureuse des donn\u00e9es et des informations.<\/p>\n<p>&nbsp;<\/p>\n<p>Toutefois, les usagers de la route et la police pr\u00e9f\u00e8rent ces sources d'information et ces points d'orientation analogiques - bien que les interfaces vid\u00e9o des voitures soient de plus en plus utilis\u00e9es pour les contr\u00f4les et les \u00e9valuations, notamment pour les preuves juridiques.<\/p>\n<p>&nbsp;<\/p>\n<p>Les normes de s\u00e9curit\u00e9 telles que la norme ISO\/IEC 27001 aident \u00e0 d\u00e9tecter et \u00e0 \u00e9viter les failles des technologies de l'information dans les PW en r\u00e9seau.<\/p>\n<p><strong>V\u00e9hicules intelligents : terrain de jeu pour les cyber-espions ?<\/strong><br \/>\nLes objets en interaction fa\u00e7onnent de plus en plus nos objectifs commerciaux et professionnels. La v\u00e9ritable r\u00e9volution des v\u00e9hicules connect\u00e9s et intelligents r\u00e9side dans le fait que la granularit\u00e9 des donn\u00e9es se multiplie. Les \u00e9tudes actuelles soulignent que les installations \u00e0 grande \u00e9chelle des infrastructures 5G deviendront r\u00e9alit\u00e9 d'ici 2020.<\/p>\n<p>&nbsp;<\/p>\n<p>En 2020, chaque citoyen du monde poss\u00e9dera en moyenne 1,5 appareil (y compris les modules M2M) - les \"voitures connect\u00e9es\", c'est-\u00e0-dire les v\u00e9hicules en r\u00e9seau \u00e9ventuellement \u00e9quip\u00e9s de m\u00e9dias sociaux et de programmes d'info-divertissement adapt\u00e9s, ne sont pas encore inclus dans le calcul.<\/p>\n<p>&nbsp;<\/p>\n<p>De plus grandes capacit\u00e9s de stockage et des vitesses de traitement accrues fournissent - progressivement en temps r\u00e9el - des informations qui peuvent \u00eatre soit mapp\u00e9es dans une m\u00e9moire principale, soit lues sans acc\u00e8s \u00e0 une base de donn\u00e9es. Cela profite \u00e0 un certain nombre de parties prenantes internes et externes de l'industrie automobile.<\/p>\n<p>&nbsp;<\/p>\n<p>Il est de plus en plus \u00e9vident que les domaines complexes dans lesquels se situent les d\u00e9fis et les opportunit\u00e9s des technologies de l'information sont de plus en plus \u00e9vidents : Fondamentalement, les unit\u00e9s du syst\u00e8me qui communiquent entre elles doivent \u00eatre capables de parler la \"m\u00eame langue\". Cela n\u00e9cessite des syst\u00e8mes de communication uniformes (codes centraux) qui peuvent \u00eatre utilis\u00e9s et interpr\u00e9t\u00e9s correctement par tous les participants. Dans certains cas, cependant, il existe des lacunes sensibles dans de nombreux dispositifs \"intelligents\" de la voiture.<\/p>\n<p>&nbsp;<\/p>\n<p>Qu'il s'agisse de l'ouverture \u00e0 distance des porti\u00e8res d'un v\u00e9hicule, des interfaces Bluetooth, des modems cellulaires int\u00e9gr\u00e9s, des mises \u00e0 jour manipul\u00e9es de micrologiciels - capteurs, CD audio et autres \u00e9l\u00e9ments de commande d'un v\u00e9hicule : les voitures en r\u00e9seau offrent des failles pour les cyber-espions. Les initi\u00e9s en ont pris conscience en 2015 lorsque la compagnie d'assurance ADAC a fait une d\u00e9monstration de piratage du syst\u00e8me en ligne de BMW, ConnectedDrive.<\/p>\n<p>&nbsp;<\/p>\n<p>Un bogue dans le logiciel, qui a depuis \u00e9t\u00e9 corrig\u00e9 par BMW, aurait permis \u00e0 des voleurs ayant des comp\u00e9tences techniques suffisantes de d\u00e9verrouiller et d'ouvrir les portes de 2,2 millions de v\u00e9hicules BMW dans le monde entier via les communications mobiles. Symantec, une entreprise am\u00e9ricaine de logiciels, signale \u00e9galement des points d'attaque en relation avec les v\u00e9hicules intelligents.<\/p>\n<p>&nbsp;<\/p>\n<p>On distingue essentiellement les attaques \u00e0 distance et les attaques physiques (attaques directes) sur la voiture. Selon Symantec, il ne s'agit pas d'une attaque \u00e0 distance si quelqu'un envoie un code malveillant ou modifie le bus CAN (Controller Area Network) pour mettre en r\u00e9seau l'ECU (Electronic Control Unit) int\u00e9gr\u00e9 dans le v\u00e9hicule.<\/p>\n<p>&nbsp;<\/p>\n<p>Les experts parlent d'attaque \u00e0 distance lorsque la protection antivol, le syst\u00e8me de navigation ou l'affichage de la pression des pneus sont manipul\u00e9s dans les syst\u00e8mes de la voiture contr\u00f4l\u00e9s par les calculateurs.<\/p>\n<p><strong>Technologies de pointe<\/strong><br \/>\nLes fonctions de s\u00e9curit\u00e9 et de diagnostic sont de toute \u00e9vidence le crit\u00e8re le plus important pour environ 75 % des acheteurs de voitures, avant les autres outils \u00e9lectroniques dans les v\u00e9hicules, souligne le \"Rapport 2016 sur l'industrie automobile connect\u00e9e\".<\/p>\n<p>&nbsp;<\/p>\n<p>Les principaux \u00e9quipementiers automobiles auraient pu vendre en moyenne 1,4 million de voitures connect\u00e9es par mois d'ici la fin 2016, poursuit le rapport r\u00e9cemment publi\u00e9. Cependant, l\u00e0 o\u00f9 il existe des installations b\u00e9n\u00e9fiques comme l'internet dans la voiture, des lignes juridiques controvers\u00e9es pourraient \u00eatre trac\u00e9es dans un avenir proche.<\/p>\n<p>&nbsp;<\/p>\n<p>Pour l'industrie automobile, des tendances fondamentales se dessinent d\u00e9j\u00e0 pour l'\"Internet des objets\" dans les v\u00e9hicules en r\u00e9seau :<\/p>\n<p>&nbsp;<\/p>\n<ul>\n<li>Des entreprises telles que Google, Baidu - et en Suisse les CFF et la Poste - s'efforcent de d\u00e9velopper leurs propres v\u00e9hicules pouvant rouler de mani\u00e8re autonome.<\/li>\n<li>L'internet des objets devient de plus en plus mobile et public. Toutefois, cela n\u00e9cessitera la coordination d'innombrables donn\u00e9es.<\/li>\n<li>Les \u00e9quipementiers tels qu'Audi, Daimler, BMW et Tesla d\u00e9veloppent des syst\u00e8mes d'assistance. Ils proposent d\u00e9j\u00e0 aujourd'hui des variantes d'\u00e9quipement correspondantes.<\/li>\n<li>L'internet des objets n\u00e9cessite \u00e9galement des donn\u00e9es et des interfaces sans fil tr\u00e8s r\u00e9pandues.<\/li>\n<\/ul>\n<p>&nbsp;<\/p>\n<p>D'autres repr\u00e9sentants de l'industrie des fournisseurs, comme Bosch ou Continental, travaillent intensivement sur les caract\u00e9ristiques sensorielles correspondantes. En tant que moteurs de l'innovation de l'IdO, ils travaillent avec divers d\u00e9veloppeurs du secteur des TI pour mettre les nouvelles technologies sur la route. Les projets de Bosch sur le th\u00e8me de la RFID montrent d\u00e9j\u00e0 un degr\u00e9 \u00e9lev\u00e9 de mise en \u0153uvre pour le public.<\/p>\n<p>&nbsp;<\/p>\n<p>L'identification par radiofr\u00e9quence (en abr\u00e9g\u00e9 : RFID) est un processus d'identification automatique qui aura diverses applications. Il s'agit d'une technologie de communication sans contact qui transmet des informations pour l'identification de personnes, d'animaux, de biens et de marchandises.<\/p>\n<p>&nbsp;<\/p>\n<p>La communication au sein d'une entreprise (concepts d'entrep\u00f4t\/logistique) est clairement le sc\u00e9nario le plus avanc\u00e9 du secteur. En outre, il s'agit d'int\u00e9grer les fournisseurs et les partenaires commerciaux dans les processus - l'activit\u00e9 la plus importante \u00e0 cet \u00e9gard est certainement le projet RAN (RFID Automotive Network), qui a \u00e9t\u00e9 financ\u00e9 par le BMWi et dont les r\u00e9sultats sont actuellement d\u00e9velopp\u00e9s au sein du groupe de travail du Verband der Automobilindustrie e. V., VDA.<\/p>\n<p><strong>Conflits actuels<\/strong><br \/>\nLa perception du public est toujours celle d'une pr\u00e9vention des accidents analogue et de \"campagnes d'assurance communes\" selon lesquelles les conducteurs devraient garder les mains sur le volant. En ce qui concerne la navigation intelligente, la communication, les assistants de distance et de cam\u00e9ra et les sources potentielles de distraction, le droit suisse de la circulation reste encore vague.<\/p>\n<p>&nbsp;<\/p>\n<p>Avec les \"dashcams\", qui sont utilis\u00e9es par les chauffeurs de camion, par exemple, pour montrer et \u00e9valuer les vitesses et les distances, les conducteurs courent le risque de s'auto-incriminer en cas d'infraction au code de la route. Non seulement les compagnies d'assurance, mais aussi les patrouilles de police, en particulier, pr\u00e9conisent l'utilisation de cam\u00e9ras de surveillance ou d'appareils similaires. En revanche, le Pr\u00e9pos\u00e9 f\u00e9d\u00e9ral \u00e0 la protection des donn\u00e9es et \u00e0 la transparence (PFPDT) constate des atteintes \u00e0 la vie priv\u00e9e dans le cas d'enregistrements de personnes par cam\u00e9ra.<\/p>\n<p>&nbsp;<\/p>\n<p>Selon une directive du PFPDT, la police ne peut enregistrer que si elle observe une violation concr\u00e8te du code de la route ou si elle a au moins un soup\u00e7on raisonnable.<\/p>\n<p>&nbsp;<\/p>\n<p>Si vous installez maintenant volontairement des enregistreurs de distance r\u00e9siduelle (abr\u00e9viation : RAG) ou des dispositifs de stockage des donn\u00e9es d'accident (abr\u00e9viation : UDS) dans les v\u00e9hicules, vous acceptez en soi de remettre les informations pertinentes (preuves civiles) aux autorit\u00e9s charg\u00e9es de l'enqu\u00eate pendant et apr\u00e8s un accident de la circulation afin de d\u00e9terminer une d\u00e9faillance humaine ou technique.<\/p>\n<p>&nbsp;<\/p>\n<p>Les conflits d'int\u00e9r\u00eats qui circulent dans le trafic routier num\u00e9ris\u00e9 et dans l'utilisation de v\u00e9hicules hautement automatis\u00e9s sont la preuve qu'une r\u00e9forme juridique valable - dans le cas des entreprises, une certification correspondante - doit \u00eatre introduite. Enfin, la qualit\u00e9 et la maniabilit\u00e9 des appareils d'enregistrement doivent toujours \u00eatre remises en question de mani\u00e8re critique, par exemple en ce qui concerne leurs formats, leur standardisation - \u00e9galement en ce qui concerne les \u00e9ventuels points de s\u00e9curit\u00e9 inad\u00e9quats.<\/p>\n<p>&nbsp;<\/p>","protected":false},"excerpt":{"rendered":"<p>&nbsp; &nbsp; Unter der \u00dcberschrift \u00abInternet of Things\u00bb (IoT) werden in der Automobilindustrie einige Anwendungsebenen beschrieben, die insbesondere in der Fabrikation wie auch im Verkehr Effizienz erm\u00f6glichen sollen. Ber\u00fccksichtigt man noch Entwicklungen im Bereich Industrie 4.0, dreht es sich meist um effiziente Anwendungen und Analysen von korrelierenden Informationen. Wohin jedoch die Reise mit vernetzen Transportern [&hellip;]<\/p>\n","protected":false},"author":62,"featured_media":11250,"comment_status":"closed","ping_status":"closed","sticky":false,"template":"","format":"standard","meta":{"_acf_changed":false,"footnotes":""},"categories":[4],"tags":[4772],"class_list":["post-11237","post","type-post","status-publish","format-standard","has-post-thumbnail","hentry","category-risikomanagement","tag-04-2017"],"acf":[],"yoast_head":"<!-- This site is optimized with the Yoast SEO plugin v26.2 - https:\/\/yoast.com\/wordpress\/plugins\/seo\/ -->\n<title>Datenschutz bei vernetzten Fahrzeugen - MQ Management und Qualit\u00e4t<\/title>\n<meta name=\"description\" content=\"Internet der Dinge (IoT), Machine-to-Machine-Kommunikation (M2M): Solche Begriffe gehen in der Autoindustrie in die Realit\u00e4t \u00fcber. Es ist und bleibt komplex, Regeln im digitalen Kontext einzuf\u00fchren. Experten kennen so einige Angriffs-\u00ad punkte bei intelligenten Autos. Sicherheitsnormen wie die ISO 27001 helfen, informationstechnologische L\u00fccken bei PWs aufzudecken und zu vermeiden.\" \/>\n<meta name=\"robots\" content=\"index, follow, max-snippet:-1, max-image-preview:large, max-video-preview:-1\" \/>\n<link rel=\"canonical\" href=\"https:\/\/www.m-q.ch\/fr\/protection-des-donnees-dans-les-vehicules-connectes\/\" \/>\n<meta property=\"og:locale\" content=\"fr_FR\" \/>\n<meta property=\"og:type\" content=\"article\" \/>\n<meta property=\"og:title\" content=\"Datenschutz bei vernetzten Fahrzeugen - MQ Management und Qualit\u00e4t\" \/>\n<meta property=\"og:description\" content=\"Internet der Dinge (IoT), Machine-to-Machine-Kommunikation (M2M): Solche Begriffe gehen in der Autoindustrie in die Realit\u00e4t \u00fcber. Es ist und bleibt komplex, Regeln im digitalen Kontext einzuf\u00fchren. Experten kennen so einige Angriffs-\u00ad punkte bei intelligenten Autos. Sicherheitsnormen wie die ISO 27001 helfen, informationstechnologische L\u00fccken bei PWs aufzudecken und zu vermeiden.\" \/>\n<meta property=\"og:url\" content=\"https:\/\/www.m-q.ch\/fr\/protection-des-donnees-dans-les-vehicules-connectes\/\" \/>\n<meta property=\"og:site_name\" content=\"MQ Management und Qualit\u00e4t\" \/>\n<meta property=\"article:publisher\" content=\"https:\/\/www.facebook.com\/ManagementUndQualitaet\" \/>\n<meta property=\"article:published_time\" content=\"2017-04-15T05:30:58+00:00\" \/>\n<meta property=\"article:modified_time\" content=\"2021-02-13T07:01:24+00:00\" \/>\n<meta property=\"og:image\" content=\"https:\/\/www.m-q.ch\/wp-content\/uploads\/2021\/02\/Datenschutz-bei-vernetzten-Fahrzeugen.jpg\" \/>\n\t<meta property=\"og:image:width\" content=\"839\" \/>\n\t<meta property=\"og:image:height\" content=\"792\" \/>\n\t<meta property=\"og:image:type\" content=\"image\/jpeg\" \/>\n<meta name=\"author\" content=\"upwork_2\" \/>\n<meta name=\"twitter:card\" content=\"summary_large_image\" \/>\n<meta name=\"twitter:label1\" content=\"\u00c9crit par\" \/>\n\t<meta name=\"twitter:data1\" content=\"upwork_2\" \/>\n\t<meta name=\"twitter:label2\" content=\"Dur\u00e9e de lecture estim\u00e9e\" \/>\n\t<meta name=\"twitter:data2\" content=\"6 minutes\" \/>\n<script type=\"application\/ld+json\" class=\"yoast-schema-graph\">{\"@context\":\"https:\/\/schema.org\",\"@graph\":[{\"@type\":\"Article\",\"@id\":\"https:\/\/www.m-q.ch\/datenschutz-bei-vernetzten-fahrzeugen\/#article\",\"isPartOf\":{\"@id\":\"https:\/\/www.m-q.ch\/datenschutz-bei-vernetzten-fahrzeugen\/\"},\"author\":{\"name\":\"upwork_2\",\"@id\":\"https:\/\/www.m-q.ch\/fr\/#\/schema\/person\/71f647a41e4a3e361e6230f5134f3ba9\"},\"headline\":\"Datenschutz bei vernetzten Fahrzeugen\",\"datePublished\":\"2017-04-15T05:30:58+00:00\",\"dateModified\":\"2021-02-13T07:01:24+00:00\",\"mainEntityOfPage\":{\"@id\":\"https:\/\/www.m-q.ch\/datenschutz-bei-vernetzten-fahrzeugen\/\"},\"wordCount\":1275,\"publisher\":{\"@id\":\"https:\/\/www.m-q.ch\/fr\/#organization\"},\"image\":{\"@id\":\"https:\/\/www.m-q.ch\/datenschutz-bei-vernetzten-fahrzeugen\/#primaryimage\"},\"thumbnailUrl\":\"https:\/\/www.m-q.ch\/wp-content\/uploads\/2021\/02\/Datenschutz-bei-vernetzten-Fahrzeugen.jpg\",\"keywords\":[\"04\/2017\"],\"articleSection\":[\"Risikomanagement\"],\"inLanguage\":\"fr-FR\"},{\"@type\":\"WebPage\",\"@id\":\"https:\/\/www.m-q.ch\/datenschutz-bei-vernetzten-fahrzeugen\/\",\"url\":\"https:\/\/www.m-q.ch\/datenschutz-bei-vernetzten-fahrzeugen\/\",\"name\":\"Datenschutz bei vernetzten Fahrzeugen - MQ Management und Qualit\u00e4t\",\"isPartOf\":{\"@id\":\"https:\/\/www.m-q.ch\/fr\/#website\"},\"primaryImageOfPage\":{\"@id\":\"https:\/\/www.m-q.ch\/datenschutz-bei-vernetzten-fahrzeugen\/#primaryimage\"},\"image\":{\"@id\":\"https:\/\/www.m-q.ch\/datenschutz-bei-vernetzten-fahrzeugen\/#primaryimage\"},\"thumbnailUrl\":\"https:\/\/www.m-q.ch\/wp-content\/uploads\/2021\/02\/Datenschutz-bei-vernetzten-Fahrzeugen.jpg\",\"datePublished\":\"2017-04-15T05:30:58+00:00\",\"dateModified\":\"2021-02-13T07:01:24+00:00\",\"description\":\"Internet der Dinge (IoT), Machine-to-Machine-Kommunikation (M2M): Solche Begriffe gehen in der Autoindustrie in die Realit\u00e4t \u00fcber. Es ist und bleibt komplex, Regeln im digitalen Kontext einzuf\u00fchren. Experten kennen so einige Angriffs-\u00ad punkte bei intelligenten Autos. Sicherheitsnormen wie die ISO 27001 helfen, informationstechnologische L\u00fccken bei PWs aufzudecken und zu vermeiden.\",\"breadcrumb\":{\"@id\":\"https:\/\/www.m-q.ch\/datenschutz-bei-vernetzten-fahrzeugen\/#breadcrumb\"},\"inLanguage\":\"fr-FR\",\"potentialAction\":[{\"@type\":\"ReadAction\",\"target\":[\"https:\/\/www.m-q.ch\/datenschutz-bei-vernetzten-fahrzeugen\/\"]}]},{\"@type\":\"ImageObject\",\"inLanguage\":\"fr-FR\",\"@id\":\"https:\/\/www.m-q.ch\/datenschutz-bei-vernetzten-fahrzeugen\/#primaryimage\",\"url\":\"https:\/\/www.m-q.ch\/wp-content\/uploads\/2021\/02\/Datenschutz-bei-vernetzten-Fahrzeugen.jpg\",\"contentUrl\":\"https:\/\/www.m-q.ch\/wp-content\/uploads\/2021\/02\/Datenschutz-bei-vernetzten-Fahrzeugen.jpg\",\"width\":839,\"height\":792,\"caption\":\"Datenschutz bei vernetzten Fahrzeugen\"},{\"@type\":\"BreadcrumbList\",\"@id\":\"https:\/\/www.m-q.ch\/datenschutz-bei-vernetzten-fahrzeugen\/#breadcrumb\",\"itemListElement\":[{\"@type\":\"ListItem\",\"position\":1,\"name\":\"Risikomanagement\",\"item\":\"https:\/\/www.m-q.ch\/kategorie\/risikomanagement\/\"},{\"@type\":\"ListItem\",\"position\":2,\"name\":\"Datenschutz bei vernetzten Fahrzeugen\"}]},{\"@type\":\"WebSite\",\"@id\":\"https:\/\/www.m-q.ch\/fr\/#website\",\"url\":\"https:\/\/www.m-q.ch\/fr\/\",\"name\":\"MQ Management und Qualit\u00e4t\",\"description\":\"Plattform f\u00fcr integrierte Managementsysteme.\",\"publisher\":{\"@id\":\"https:\/\/www.m-q.ch\/fr\/#organization\"},\"potentialAction\":[{\"@type\":\"SearchAction\",\"target\":{\"@type\":\"EntryPoint\",\"urlTemplate\":\"https:\/\/www.m-q.ch\/fr\/?s={search_term_string}\"},\"query-input\":{\"@type\":\"PropertyValueSpecification\",\"valueRequired\":true,\"valueName\":\"search_term_string\"}}],\"inLanguage\":\"fr-FR\"},{\"@type\":\"Organization\",\"@id\":\"https:\/\/www.m-q.ch\/fr\/#organization\",\"name\":\"Galledia Fachmedien AG\",\"url\":\"https:\/\/www.m-q.ch\/fr\/\",\"logo\":{\"@type\":\"ImageObject\",\"inLanguage\":\"fr-FR\",\"@id\":\"https:\/\/www.m-q.ch\/fr\/#\/schema\/logo\/image\/\",\"url\":\"https:\/\/www.m-q.ch\/wp-content\/uploads\/2020\/12\/cropped-logo_small.png\",\"contentUrl\":\"https:\/\/www.m-q.ch\/wp-content\/uploads\/2020\/12\/cropped-logo_small.png\",\"width\":512,\"height\":512,\"caption\":\"Galledia Fachmedien AG\"},\"image\":{\"@id\":\"https:\/\/www.m-q.ch\/fr\/#\/schema\/logo\/image\/\"},\"sameAs\":[\"https:\/\/www.facebook.com\/ManagementUndQualitaet\",\"https:\/\/www.linkedin.com\/showcase\/17982321\/admin\/\"]},{\"@type\":\"Person\",\"@id\":\"https:\/\/www.m-q.ch\/fr\/#\/schema\/person\/71f647a41e4a3e361e6230f5134f3ba9\",\"name\":\"upwork_2\",\"image\":{\"@type\":\"ImageObject\",\"inLanguage\":\"fr-FR\",\"@id\":\"https:\/\/www.m-q.ch\/fr\/#\/schema\/person\/image\/\",\"url\":\"https:\/\/secure.gravatar.com\/avatar\/777b90ab56092bbf3c85feacda5c1bce?s=96&d=mm&r=g\",\"contentUrl\":\"https:\/\/secure.gravatar.com\/avatar\/777b90ab56092bbf3c85feacda5c1bce?s=96&d=mm&r=g\",\"caption\":\"upwork_2\"},\"url\":\"https:\/\/www.m-q.ch\/fr\/author\/upwork_2\/\"}]}<\/script>\n<!-- \/ Yoast SEO plugin. -->","yoast_head_json":{"title":"Protection des donn\u00e9es dans les v\u00e9hicules connect\u00e9s - MQ Management and Quality","description":"Internet des objets (IoT), communication de machine \u00e0 machine (M2M) : de tels termes deviennent r\u00e9alit\u00e9 dans l'industrie automobile. Il est et reste complexe d'introduire des r\u00e8gles dans le contexte num\u00e9rique. Les experts connaissent plusieurs points d'attaque dans les voitures intelligentes. Les normes de s\u00e9curit\u00e9 telles que la norme ISO 27001 aident \u00e0 d\u00e9tecter et \u00e0 \u00e9viter les lacunes des PW en mati\u00e8re de technologie de l'information.","robots":{"index":"index","follow":"follow","max-snippet":"max-snippet:-1","max-image-preview":"max-image-preview:large","max-video-preview":"max-video-preview:-1"},"canonical":"https:\/\/www.m-q.ch\/fr\/protection-des-donnees-dans-les-vehicules-connectes\/","og_locale":"fr_FR","og_type":"article","og_title":"Datenschutz bei vernetzten Fahrzeugen - MQ Management und Qualit\u00e4t","og_description":"Internet der Dinge (IoT), Machine-to-Machine-Kommunikation (M2M): Solche Begriffe gehen in der Autoindustrie in die Realit\u00e4t \u00fcber. Es ist und bleibt komplex, Regeln im digitalen Kontext einzuf\u00fchren. Experten kennen so einige Angriffs-\u00ad punkte bei intelligenten Autos. Sicherheitsnormen wie die ISO 27001 helfen, informationstechnologische L\u00fccken bei PWs aufzudecken und zu vermeiden.","og_url":"https:\/\/www.m-q.ch\/fr\/protection-des-donnees-dans-les-vehicules-connectes\/","og_site_name":"MQ Management und Qualit\u00e4t","article_publisher":"https:\/\/www.facebook.com\/ManagementUndQualitaet","article_published_time":"2017-04-15T05:30:58+00:00","article_modified_time":"2021-02-13T07:01:24+00:00","og_image":[{"width":839,"height":792,"url":"https:\/\/www.m-q.ch\/wp-content\/uploads\/2021\/02\/Datenschutz-bei-vernetzten-Fahrzeugen.jpg","type":"image\/jpeg"}],"author":"upwork_2","twitter_card":"summary_large_image","twitter_misc":{"\u00c9crit par":"upwork_2","Dur\u00e9e de lecture estim\u00e9e":"6 minutes"},"schema":{"@context":"https:\/\/schema.org","@graph":[{"@type":"Article","@id":"https:\/\/www.m-q.ch\/datenschutz-bei-vernetzten-fahrzeugen\/#article","isPartOf":{"@id":"https:\/\/www.m-q.ch\/datenschutz-bei-vernetzten-fahrzeugen\/"},"author":{"name":"upwork_2","@id":"https:\/\/www.m-q.ch\/fr\/#\/schema\/person\/71f647a41e4a3e361e6230f5134f3ba9"},"headline":"Datenschutz bei vernetzten Fahrzeugen","datePublished":"2017-04-15T05:30:58+00:00","dateModified":"2021-02-13T07:01:24+00:00","mainEntityOfPage":{"@id":"https:\/\/www.m-q.ch\/datenschutz-bei-vernetzten-fahrzeugen\/"},"wordCount":1275,"publisher":{"@id":"https:\/\/www.m-q.ch\/fr\/#organization"},"image":{"@id":"https:\/\/www.m-q.ch\/datenschutz-bei-vernetzten-fahrzeugen\/#primaryimage"},"thumbnailUrl":"https:\/\/www.m-q.ch\/wp-content\/uploads\/2021\/02\/Datenschutz-bei-vernetzten-Fahrzeugen.jpg","keywords":["04\/2017"],"articleSection":["Risikomanagement"],"inLanguage":"fr-FR"},{"@type":"WebPage","@id":"https:\/\/www.m-q.ch\/datenschutz-bei-vernetzten-fahrzeugen\/","url":"https:\/\/www.m-q.ch\/datenschutz-bei-vernetzten-fahrzeugen\/","name":"Protection des donn\u00e9es dans les v\u00e9hicules connect\u00e9s - MQ Management and Quality","isPartOf":{"@id":"https:\/\/www.m-q.ch\/fr\/#website"},"primaryImageOfPage":{"@id":"https:\/\/www.m-q.ch\/datenschutz-bei-vernetzten-fahrzeugen\/#primaryimage"},"image":{"@id":"https:\/\/www.m-q.ch\/datenschutz-bei-vernetzten-fahrzeugen\/#primaryimage"},"thumbnailUrl":"https:\/\/www.m-q.ch\/wp-content\/uploads\/2021\/02\/Datenschutz-bei-vernetzten-Fahrzeugen.jpg","datePublished":"2017-04-15T05:30:58+00:00","dateModified":"2021-02-13T07:01:24+00:00","description":"Internet des objets (IoT), communication de machine \u00e0 machine (M2M) : de tels termes deviennent r\u00e9alit\u00e9 dans l'industrie automobile. Il est et reste complexe d'introduire des r\u00e8gles dans le contexte num\u00e9rique. Les experts connaissent plusieurs points d'attaque dans les voitures intelligentes. Les normes de s\u00e9curit\u00e9 telles que la norme ISO 27001 aident \u00e0 d\u00e9tecter et \u00e0 \u00e9viter les lacunes des PW en mati\u00e8re de technologie de l'information.","breadcrumb":{"@id":"https:\/\/www.m-q.ch\/datenschutz-bei-vernetzten-fahrzeugen\/#breadcrumb"},"inLanguage":"fr-FR","potentialAction":[{"@type":"ReadAction","target":["https:\/\/www.m-q.ch\/datenschutz-bei-vernetzten-fahrzeugen\/"]}]},{"@type":"ImageObject","inLanguage":"fr-FR","@id":"https:\/\/www.m-q.ch\/datenschutz-bei-vernetzten-fahrzeugen\/#primaryimage","url":"https:\/\/www.m-q.ch\/wp-content\/uploads\/2021\/02\/Datenschutz-bei-vernetzten-Fahrzeugen.jpg","contentUrl":"https:\/\/www.m-q.ch\/wp-content\/uploads\/2021\/02\/Datenschutz-bei-vernetzten-Fahrzeugen.jpg","width":839,"height":792,"caption":"Datenschutz bei vernetzten Fahrzeugen"},{"@type":"BreadcrumbList","@id":"https:\/\/www.m-q.ch\/datenschutz-bei-vernetzten-fahrzeugen\/#breadcrumb","itemListElement":[{"@type":"ListItem","position":1,"name":"Risikomanagement","item":"https:\/\/www.m-q.ch\/kategorie\/risikomanagement\/"},{"@type":"ListItem","position":2,"name":"Datenschutz bei vernetzten Fahrzeugen"}]},{"@type":"WebSite","@id":"https:\/\/www.m-q.ch\/fr\/#website","url":"https:\/\/www.m-q.ch\/fr\/","name":"Gestion et qualit\u00e9 du QM","description":"Plate-forme pour les syst\u00e8mes de gestion int\u00e9gr\u00e9e.","publisher":{"@id":"https:\/\/www.m-q.ch\/fr\/#organization"},"potentialAction":[{"@type":"SearchAction","target":{"@type":"EntryPoint","urlTemplate":"https:\/\/www.m-q.ch\/fr\/?s={search_term_string}"},"query-input":{"@type":"PropertyValueSpecification","valueRequired":true,"valueName":"search_term_string"}}],"inLanguage":"fr-FR"},{"@type":"Organization","@id":"https:\/\/www.m-q.ch\/fr\/#organization","name":"Galledia Trade Media AG","url":"https:\/\/www.m-q.ch\/fr\/","logo":{"@type":"ImageObject","inLanguage":"fr-FR","@id":"https:\/\/www.m-q.ch\/fr\/#\/schema\/logo\/image\/","url":"https:\/\/www.m-q.ch\/wp-content\/uploads\/2020\/12\/cropped-logo_small.png","contentUrl":"https:\/\/www.m-q.ch\/wp-content\/uploads\/2020\/12\/cropped-logo_small.png","width":512,"height":512,"caption":"Galledia Fachmedien AG"},"image":{"@id":"https:\/\/www.m-q.ch\/fr\/#\/schema\/logo\/image\/"},"sameAs":["https:\/\/www.facebook.com\/ManagementUndQualitaet","https:\/\/www.linkedin.com\/showcase\/17982321\/admin\/"]},{"@type":"Person","@id":"https:\/\/www.m-q.ch\/fr\/#\/schema\/person\/71f647a41e4a3e361e6230f5134f3ba9","name":"upwork_2","image":{"@type":"ImageObject","inLanguage":"fr-FR","@id":"https:\/\/www.m-q.ch\/fr\/#\/schema\/person\/image\/","url":"https:\/\/secure.gravatar.com\/avatar\/777b90ab56092bbf3c85feacda5c1bce?s=96&d=mm&r=g","contentUrl":"https:\/\/secure.gravatar.com\/avatar\/777b90ab56092bbf3c85feacda5c1bce?s=96&d=mm&r=g","caption":"upwork_2"},"url":"https:\/\/www.m-q.ch\/fr\/author\/upwork_2\/"}]}},"_links":{"self":[{"href":"https:\/\/www.m-q.ch\/fr\/wp-json\/wp\/v2\/posts\/11237","targetHints":{"allow":["GET"]}}],"collection":[{"href":"https:\/\/www.m-q.ch\/fr\/wp-json\/wp\/v2\/posts"}],"about":[{"href":"https:\/\/www.m-q.ch\/fr\/wp-json\/wp\/v2\/types\/post"}],"author":[{"embeddable":true,"href":"https:\/\/www.m-q.ch\/fr\/wp-json\/wp\/v2\/users\/62"}],"replies":[{"embeddable":true,"href":"https:\/\/www.m-q.ch\/fr\/wp-json\/wp\/v2\/comments?post=11237"}],"version-history":[{"count":1,"href":"https:\/\/www.m-q.ch\/fr\/wp-json\/wp\/v2\/posts\/11237\/revisions"}],"predecessor-version":[{"id":11251,"href":"https:\/\/www.m-q.ch\/fr\/wp-json\/wp\/v2\/posts\/11237\/revisions\/11251"}],"wp:featuredmedia":[{"embeddable":true,"href":"https:\/\/www.m-q.ch\/fr\/wp-json\/wp\/v2\/media\/11250"}],"wp:attachment":[{"href":"https:\/\/www.m-q.ch\/fr\/wp-json\/wp\/v2\/media?parent=11237"}],"wp:term":[{"taxonomy":"category","embeddable":true,"href":"https:\/\/www.m-q.ch\/fr\/wp-json\/wp\/v2\/categories?post=11237"},{"taxonomy":"post_tag","embeddable":true,"href":"https:\/\/www.m-q.ch\/fr\/wp-json\/wp\/v2\/tags?post=11237"}],"curies":[{"name":"wp","href":"https:\/\/api.w.org\/{rel}","templated":true}]}}