{"id":11240,"date":"2017-04-21T07:31:14","date_gmt":"2017-04-21T05:31:14","guid":{"rendered":"https:\/\/www.m-q.ch\/?p=11240"},"modified":"2021-02-13T08:18:48","modified_gmt":"2021-02-13T07:18:48","slug":"control-2017-annonce-une-participation-record-et-une-augmentation-de-la-surface-de-lexposition","status":"publish","type":"post","link":"https:\/\/www.m-q.ch\/fr\/control-2017-meldet-rekordbeteiligung-und-flaechenzuwachs\/","title":{"rendered":"Contr\u00f4le 2017 fait \u00e9tat d'une participation et d'une croissance record des espaces d'exposition"},"content":{"rendered":"<p><img loading=\"lazy\" decoding=\"async\" class=\"alignnone size-full wp-image-11257\" src=\"https:\/\/www.m-q.ch\/wp-content\/uploads\/2021\/02\/Control-2017-meldet-Rekordbeteiligung-und-Flaechenzuwachs.jpg\" alt=\"Contr\u00f4le 2017 fait \u00e9tat d&#039;une participation et d&#039;une croissance record des espaces d&#039;exposition\" width=\"880\" height=\"569\" srcset=\"https:\/\/www.m-q.ch\/wp-content\/uploads\/2021\/02\/Control-2017-meldet-Rekordbeteiligung-und-Flaechenzuwachs.jpg 880w, https:\/\/www.m-q.ch\/wp-content\/uploads\/2021\/02\/Control-2017-meldet-Rekordbeteiligung-und-Flaechenzuwachs-768x497.jpg 768w, https:\/\/www.m-q.ch\/wp-content\/uploads\/2021\/02\/Control-2017-meldet-Rekordbeteiligung-und-Flaechenzuwachs-16x10.jpg 16w, https:\/\/www.m-q.ch\/wp-content\/uploads\/2021\/02\/Control-2017-meldet-Rekordbeteiligung-und-Flaechenzuwachs-271x175.jpg 271w, https:\/\/www.m-q.ch\/wp-content\/uploads\/2021\/02\/Control-2017-meldet-Rekordbeteiligung-und-Flaechenzuwachs-541x350.jpg 541w, https:\/\/www.m-q.ch\/wp-content\/uploads\/2021\/02\/Control-2017-meldet-Rekordbeteiligung-und-Flaechenzuwachs-300x194.jpg 300w\" sizes=\"auto, (max-width: 880px) 100vw, 880px\" \/><\/p>\n<p>&nbsp;<\/p>\n<p>&nbsp;<\/p>\n<p>&nbsp;<\/p>\n<p>Plus de 900 exposants de 30 pays occuperont 52 500 m\u00b2 de surface d'exposition brute dans les halls 3, 4, 5, 6 et 7 et pr\u00e9senteront une gamme compl\u00e8te de produits et de services couvrant l'ensemble du march\u00e9 mondial. Cela a \u00e9t\u00e9 annonc\u00e9 par les promoteurs du salon P. E. Schall GmbH &amp; Co. KG. Gr\u00e2ce \u00e0 une nouvelle disposition des halls, Control pourra d\u00e9sormais se pr\u00e9senter comme un \"bloc\", et donc comme un salon compact aux parcours optimis\u00e9s. Le d\u00e9m\u00e9nagement dans les halls 3, 5 et 7 d'un c\u00f4t\u00e9 du salon, ainsi que dans les halls 4 et 6 de l'autre c\u00f4t\u00e9 du salon, signifie que les visiteurs professionnels arrivant le matin, ainsi que les exposants, auront un d\u00e9but de journ\u00e9e de salon plus r\u00e9gulier, car les flux de visiteurs des deux entr\u00e9es, est et ouest, seront d\u00e9sormais r\u00e9partis plus uniform\u00e9ment dans tous les halls. Parall\u00e8lement aux mesures de reconversion et d'agrandissement, l'infrastructure d'acc\u00e8s et de stationnement du parc des expositions de Stuttgart a \u00e9galement \u00e9t\u00e9 optimis\u00e9e. Combin\u00e9 aux liaisons techniques de circulation (acc\u00e8s direct par l'autoroute et les routes f\u00e9d\u00e9rales, le S-Bahn et l'a\u00e9roport) vers le parc des expositions de l'\u00c9tat, il en r\u00e9sulte une situation d'acc\u00e8s confortable et peu stressante. D'autres mesures de marketing telles que le site web mobile \"m.control-messe.de\" (acc\u00e8s direct au site web mobile pour smartphones et tablettes), l'outil en ligne \"My trade fair day\" (pour une planification optimale d'une visite efficace du salon) ou encore le bon de consommation (gratuit) \"Happy Friday\" pour le vendredi, dernier jour du salon, et enfin la possibilit\u00e9 d'enregistrement pr\u00e9alable des visiteurs professionnels via Internet, constituent la base pratique d'une visite r\u00e9ussie du salon \u00e0 forte valeur de connaissances.<\/p>\n<p><strong>\u00c9l\u00e9ment central de l'assurance qualit\u00e9<\/strong><br \/>\nAvec pour toile de fond des segments d'assurance qualit\u00e9 individuels en plein essor, tels que les syst\u00e8mes de vision industrielle et les syst\u00e8mes de vision, les sous-syst\u00e8mes et les syst\u00e8mes complets assist\u00e9s par robot ou la technologie des capteurs opto\u00e9lectroniques, le portefeuille d'exposition du 31e contr\u00f4le sera une fois de plus au plus haut niveau. Gr\u00e2ce au degr\u00e9 relativement \u00e9lev\u00e9 de num\u00e9risation des composants, des ensembles et des syst\u00e8mes d'assurance qualit\u00e9 industrielle, ces modules se caract\u00e9risent par une capacit\u00e9 maximale I 4.0 et constituent donc un \u00e9l\u00e9ment essentiel pour la mise en \u0153uvre des structures I 4.0 dans la r\u00e9alit\u00e9.<\/p>\n<p>&nbsp;<\/p>\n<p>Toutefois, ce ne sont pas seulement les concepteurs et les fabricants du mat\u00e9riel et des logiciels correspondants qui jouent un r\u00f4le important dans le statut technologique de l'assurance qualit\u00e9 industrielle, mais surtout les instituts de recherche, les laboratoires universitaires, les institutions, les associations et les unions scientifiques. Ils sont souvent les initiateurs de nouvelles approches de solutions, les fournisseurs d'id\u00e9es pour des d\u00e9veloppements innovants et les moteurs de l'expansion\/ouverture des march\u00e9s. Ainsi, en 2017, Control - Salon international de l'assurance qualit\u00e9 - accueillera \u00e0 nouveau tous les grands noms de ce secteur. D'une part, avec plus de 900 exposants (Control 2016 = 914 exposants de 31 nations), la gamme mondiale de mat\u00e9riel et de logiciels d'assurance qualit\u00e9, et d'autre part, la coop\u00e9ration avec les principales institutions et les leaders d'opinion de tous les segments - \u00e0 savoir l'assurance qualit\u00e9 industrielle.<\/p>\n<p><strong>Principaux partenaires de la coop\u00e9ration SQ<\/strong><br \/>\nParmi ceux-ci figurent les partenaires de coop\u00e9ration de longue date que sont le Fraunhofer Institute for Manufacturing Engineering and Automation (IPA) et la Fraunhofer Vision Alliance. \u00c0 l'occasion de Control 2017, l'IPA organisera pour la dixi\u00e8me fois le \"Forum des \u00e9v\u00e9nements\", qui se concentre actuellement sur le th\u00e8me \"La qualit\u00e9 en p\u00e9riode de changement - un regard sur une d\u00e9cennie et l'avenir du contr\u00f4le de la qualit\u00e9\". La Fraunhofer Vision Alliance est \u00e0 bord depuis encore plus longtemps et organise le<\/p>\n<p>&nbsp;<\/p>\n<p><em><strong>\"Divers instituts de recherche jouent \u00e9galement un r\u00f4le important dans le statut technologique de l'assurance qualit\u00e9 industrielle\".<\/strong><\/em><\/p>\n<p>&nbsp;<\/p>\n<p>\u00e0 Control 2017 pour la 13e fois le spectacle sp\u00e9cial \"Technologie de mesure sans contact\". Cette fois, le deuxi\u00e8me stand de la Fraunhofer Vision Alliance sera consacr\u00e9 au \"suivi tout au long du cycle de vie des produits gr\u00e2ce au traitement de l'image\". Le triomphe imparable de la vision industrielle et des syst\u00e8mes de vision dans tous les segments de l'assurance qualit\u00e9 est l'une des raisons pour lesquelles l'association europ\u00e9enne de vision industrielle EMVA est \u00e9galement un partenaire de coop\u00e9ration depuis Control 2016 et a connu un d\u00e9but tr\u00e8s r\u00e9ussi avec les \"Control Vision Talks\".<\/p>\n<p>&nbsp;<\/p>\n<p>EMVA profite de ce succ\u00e8s pour organiser \u00e0 nouveau les \"Control Vision Talks\" \u00e0 l'occasion de Control 2017, qui s'articuleront cette fois-ci autour des th\u00e8mes technologiques a.) World of 3D : From 6-DoF to Point Cloud, b.) Optical Metrology : Offline - At line - Inline, c.) Metrology throughout the whole spec trum : From Infrared to Hyperspectral, and will thus inerringly meet the interests of the trade visitors. Parmi les autres partenaires de la coop\u00e9ration, citons la soci\u00e9t\u00e9 xpertgate, qui est responsable de la recherche et de la pr\u00e9paration du guide sp\u00e9cial du salon Control \"Traitement de l'image\", qui est d\u00e9j\u00e0 publi\u00e9 pour la quatri\u00e8me fois.<br \/>\n...est tr\u00e8s bonne.<\/p>","protected":false},"excerpt":{"rendered":"<p>&nbsp; &nbsp; &nbsp; Deutlich mehr als 900 Aussteller aus 30 Natio-nen belegen mit 52.500 m\u00b2 Brutto-Ausstel-lungsfl\u00e4chen die eingeplanten Hallen 3, 4, 5, 6 und 7 komplett und bilden mit ihrem umfas-senden Produkte- und Leistungsprogramm das aktuelle Angebot des Weltmarktes ab. Dies vermeldet der Messeveranstalter P.\u2009E. Schall GmbH &amp; Co. KG. Mit einem neuen Hallen-Lay-out kann [&hellip;]<\/p>\n","protected":false},"author":62,"featured_media":11257,"comment_status":"closed","ping_status":"closed","sticky":false,"template":"","format":"standard","meta":{"_acf_changed":false,"footnotes":""},"categories":[4448],"tags":[4772],"class_list":["post-11240","post","type-post","status-publish","format-standard","has-post-thumbnail","hentry","category-allgemein","tag-04-2017"],"acf":[],"yoast_head":"<!-- This site is optimized with the Yoast SEO plugin v26.2 - https:\/\/yoast.com\/wordpress\/plugins\/seo\/ -->\n<title>Control 2017 meldet Rekordbeteiligung und Fl\u00e4chenzuwachs - MQ Management und Qualit\u00e4t<\/title>\n<meta name=\"description\" content=\"Mehr Aussteller als je zuvor, ein Zuwachs an Ausstellungsfl\u00e4che um 10 %, einneues Hallen-Layout, verbesserte Infrastruktur und ein fachlich \u00abrundes\u00bb Rahmenprogramm,die Control \u2013 Internationale Fachmesse f\u00fcr Qualit\u00e4tssicherung desJahres 2017, bleibt die wohl wichtigste Informations- und Business-Plattform f\u00fcralle Belange der industriellen Qualit\u00e4tssicherung.\" \/>\n<meta name=\"robots\" content=\"index, follow, max-snippet:-1, max-image-preview:large, max-video-preview:-1\" \/>\n<link rel=\"canonical\" href=\"https:\/\/www.m-q.ch\/fr\/control-2017-annonce-une-participation-record-et-une-augmentation-de-la-surface-de-lexposition\/\" \/>\n<meta property=\"og:locale\" content=\"fr_FR\" \/>\n<meta property=\"og:type\" content=\"article\" \/>\n<meta property=\"og:title\" content=\"Control 2017 meldet Rekordbeteiligung und Fl\u00e4chenzuwachs - MQ Management und Qualit\u00e4t\" \/>\n<meta property=\"og:description\" content=\"Mehr Aussteller als je zuvor, ein Zuwachs an Ausstellungsfl\u00e4che um 10 %, einneues Hallen-Layout, verbesserte Infrastruktur und ein fachlich \u00abrundes\u00bb Rahmenprogramm,die Control \u2013 Internationale Fachmesse f\u00fcr Qualit\u00e4tssicherung desJahres 2017, bleibt die wohl wichtigste Informations- und Business-Plattform f\u00fcralle Belange der industriellen Qualit\u00e4tssicherung.\" \/>\n<meta property=\"og:url\" content=\"https:\/\/www.m-q.ch\/fr\/control-2017-annonce-une-participation-record-et-une-augmentation-de-la-surface-de-lexposition\/\" \/>\n<meta property=\"og:site_name\" content=\"MQ Management und Qualit\u00e4t\" \/>\n<meta property=\"article:publisher\" content=\"https:\/\/www.facebook.com\/ManagementUndQualitaet\" \/>\n<meta property=\"article:published_time\" content=\"2017-04-21T05:31:14+00:00\" \/>\n<meta property=\"article:modified_time\" content=\"2021-02-13T07:18:48+00:00\" \/>\n<meta property=\"og:image\" content=\"https:\/\/www.m-q.ch\/wp-content\/uploads\/2021\/02\/Control-2017-meldet-Rekordbeteiligung-und-Flaechenzuwachs.jpg\" \/>\n\t<meta property=\"og:image:width\" content=\"880\" \/>\n\t<meta property=\"og:image:height\" content=\"569\" \/>\n\t<meta property=\"og:image:type\" content=\"image\/jpeg\" \/>\n<meta name=\"author\" content=\"upwork_2\" \/>\n<meta name=\"twitter:card\" content=\"summary_large_image\" \/>\n<meta name=\"twitter:label1\" content=\"\u00c9crit par\" \/>\n\t<meta name=\"twitter:data1\" content=\"upwork_2\" \/>\n\t<meta name=\"twitter:label2\" content=\"Dur\u00e9e de lecture estim\u00e9e\" \/>\n\t<meta name=\"twitter:data2\" content=\"3 minutes\" \/>\n<script type=\"application\/ld+json\" class=\"yoast-schema-graph\">{\"@context\":\"https:\/\/schema.org\",\"@graph\":[{\"@type\":\"Article\",\"@id\":\"https:\/\/www.m-q.ch\/control-2017-meldet-rekordbeteiligung-und-flaechenzuwachs\/#article\",\"isPartOf\":{\"@id\":\"https:\/\/www.m-q.ch\/control-2017-meldet-rekordbeteiligung-und-flaechenzuwachs\/\"},\"author\":{\"name\":\"upwork_2\",\"@id\":\"https:\/\/www.m-q.ch\/fr\/#\/schema\/person\/71f647a41e4a3e361e6230f5134f3ba9\"},\"headline\":\"Control 2017 meldet Rekordbeteiligung und Fl\u00e4chenzuwachs\",\"datePublished\":\"2017-04-21T05:31:14+00:00\",\"dateModified\":\"2021-02-13T07:18:48+00:00\",\"mainEntityOfPage\":{\"@id\":\"https:\/\/www.m-q.ch\/control-2017-meldet-rekordbeteiligung-und-flaechenzuwachs\/\"},\"wordCount\":688,\"publisher\":{\"@id\":\"https:\/\/www.m-q.ch\/fr\/#organization\"},\"image\":{\"@id\":\"https:\/\/www.m-q.ch\/control-2017-meldet-rekordbeteiligung-und-flaechenzuwachs\/#primaryimage\"},\"thumbnailUrl\":\"https:\/\/www.m-q.ch\/wp-content\/uploads\/2021\/02\/Control-2017-meldet-Rekordbeteiligung-und-Flaechenzuwachs.jpg\",\"keywords\":[\"04\/2017\"],\"articleSection\":[\"Allgemein\"],\"inLanguage\":\"fr-FR\"},{\"@type\":\"WebPage\",\"@id\":\"https:\/\/www.m-q.ch\/control-2017-meldet-rekordbeteiligung-und-flaechenzuwachs\/\",\"url\":\"https:\/\/www.m-q.ch\/control-2017-meldet-rekordbeteiligung-und-flaechenzuwachs\/\",\"name\":\"Control 2017 meldet Rekordbeteiligung und Fl\u00e4chenzuwachs - MQ Management und Qualit\u00e4t\",\"isPartOf\":{\"@id\":\"https:\/\/www.m-q.ch\/fr\/#website\"},\"primaryImageOfPage\":{\"@id\":\"https:\/\/www.m-q.ch\/control-2017-meldet-rekordbeteiligung-und-flaechenzuwachs\/#primaryimage\"},\"image\":{\"@id\":\"https:\/\/www.m-q.ch\/control-2017-meldet-rekordbeteiligung-und-flaechenzuwachs\/#primaryimage\"},\"thumbnailUrl\":\"https:\/\/www.m-q.ch\/wp-content\/uploads\/2021\/02\/Control-2017-meldet-Rekordbeteiligung-und-Flaechenzuwachs.jpg\",\"datePublished\":\"2017-04-21T05:31:14+00:00\",\"dateModified\":\"2021-02-13T07:18:48+00:00\",\"description\":\"Mehr Aussteller als je zuvor, ein Zuwachs an Ausstellungsfl\u00e4che um 10 %, einneues Hallen-Layout, verbesserte Infrastruktur und ein fachlich \u00abrundes\u00bb Rahmenprogramm,die Control \u2013 Internationale Fachmesse f\u00fcr Qualit\u00e4tssicherung desJahres 2017, bleibt die wohl wichtigste Informations- und Business-Plattform f\u00fcralle Belange der industriellen Qualit\u00e4tssicherung.\",\"breadcrumb\":{\"@id\":\"https:\/\/www.m-q.ch\/control-2017-meldet-rekordbeteiligung-und-flaechenzuwachs\/#breadcrumb\"},\"inLanguage\":\"fr-FR\",\"potentialAction\":[{\"@type\":\"ReadAction\",\"target\":[\"https:\/\/www.m-q.ch\/control-2017-meldet-rekordbeteiligung-und-flaechenzuwachs\/\"]}]},{\"@type\":\"ImageObject\",\"inLanguage\":\"fr-FR\",\"@id\":\"https:\/\/www.m-q.ch\/control-2017-meldet-rekordbeteiligung-und-flaechenzuwachs\/#primaryimage\",\"url\":\"https:\/\/www.m-q.ch\/wp-content\/uploads\/2021\/02\/Control-2017-meldet-Rekordbeteiligung-und-Flaechenzuwachs.jpg\",\"contentUrl\":\"https:\/\/www.m-q.ch\/wp-content\/uploads\/2021\/02\/Control-2017-meldet-Rekordbeteiligung-und-Flaechenzuwachs.jpg\",\"width\":880,\"height\":569,\"caption\":\"Control 2017 meldet Rekordbeteiligung und Fl\u00e4chenzuwachs\"},{\"@type\":\"BreadcrumbList\",\"@id\":\"https:\/\/www.m-q.ch\/control-2017-meldet-rekordbeteiligung-und-flaechenzuwachs\/#breadcrumb\",\"itemListElement\":[{\"@type\":\"ListItem\",\"position\":1,\"name\":\"Allgemein\",\"item\":\"https:\/\/www.m-q.ch\/kategorie\/allgemein\/\"},{\"@type\":\"ListItem\",\"position\":2,\"name\":\"Control 2017 meldet Rekordbeteiligung und Fl\u00e4chenzuwachs\"}]},{\"@type\":\"WebSite\",\"@id\":\"https:\/\/www.m-q.ch\/fr\/#website\",\"url\":\"https:\/\/www.m-q.ch\/fr\/\",\"name\":\"MQ Management und Qualit\u00e4t\",\"description\":\"Plattform f\u00fcr integrierte Managementsysteme.\",\"publisher\":{\"@id\":\"https:\/\/www.m-q.ch\/fr\/#organization\"},\"potentialAction\":[{\"@type\":\"SearchAction\",\"target\":{\"@type\":\"EntryPoint\",\"urlTemplate\":\"https:\/\/www.m-q.ch\/fr\/?s={search_term_string}\"},\"query-input\":{\"@type\":\"PropertyValueSpecification\",\"valueRequired\":true,\"valueName\":\"search_term_string\"}}],\"inLanguage\":\"fr-FR\"},{\"@type\":\"Organization\",\"@id\":\"https:\/\/www.m-q.ch\/fr\/#organization\",\"name\":\"Galledia Fachmedien AG\",\"url\":\"https:\/\/www.m-q.ch\/fr\/\",\"logo\":{\"@type\":\"ImageObject\",\"inLanguage\":\"fr-FR\",\"@id\":\"https:\/\/www.m-q.ch\/fr\/#\/schema\/logo\/image\/\",\"url\":\"https:\/\/www.m-q.ch\/wp-content\/uploads\/2020\/12\/cropped-logo_small.png\",\"contentUrl\":\"https:\/\/www.m-q.ch\/wp-content\/uploads\/2020\/12\/cropped-logo_small.png\",\"width\":512,\"height\":512,\"caption\":\"Galledia Fachmedien AG\"},\"image\":{\"@id\":\"https:\/\/www.m-q.ch\/fr\/#\/schema\/logo\/image\/\"},\"sameAs\":[\"https:\/\/www.facebook.com\/ManagementUndQualitaet\",\"https:\/\/www.linkedin.com\/showcase\/17982321\/admin\/\"]},{\"@type\":\"Person\",\"@id\":\"https:\/\/www.m-q.ch\/fr\/#\/schema\/person\/71f647a41e4a3e361e6230f5134f3ba9\",\"name\":\"upwork_2\",\"image\":{\"@type\":\"ImageObject\",\"inLanguage\":\"fr-FR\",\"@id\":\"https:\/\/www.m-q.ch\/fr\/#\/schema\/person\/image\/\",\"url\":\"https:\/\/secure.gravatar.com\/avatar\/777b90ab56092bbf3c85feacda5c1bce?s=96&d=mm&r=g\",\"contentUrl\":\"https:\/\/secure.gravatar.com\/avatar\/777b90ab56092bbf3c85feacda5c1bce?s=96&d=mm&r=g\",\"caption\":\"upwork_2\"},\"url\":\"https:\/\/www.m-q.ch\/fr\/author\/upwork_2\/\"}]}<\/script>\n<!-- \/ Yoast SEO plugin. -->","yoast_head_json":{"title":"Contr\u00f4le 2017 fait \u00e9tat d'une fr\u00e9quentation record et d'une augmentation de la superficie - MQ Management und Qualit\u00e4t","description":"Plus d'exposants que jamais, une augmentation de la surface d'exposition de 10 %, une nouvelle disposition des halls, une infrastructure am\u00e9lior\u00e9e et un programme de soutien technique \"bien \u00e9quilibr\u00e9\", Control - Salon international de l'assurance qualit\u00e9 en 2017, reste probablement la plus importante plateforme d'information et d'affaires pour tous les aspects de l'assurance qualit\u00e9 industrielle.","robots":{"index":"index","follow":"follow","max-snippet":"max-snippet:-1","max-image-preview":"max-image-preview:large","max-video-preview":"max-video-preview:-1"},"canonical":"https:\/\/www.m-q.ch\/fr\/control-2017-annonce-une-participation-record-et-une-augmentation-de-la-surface-de-lexposition\/","og_locale":"fr_FR","og_type":"article","og_title":"Control 2017 meldet Rekordbeteiligung und Fl\u00e4chenzuwachs - MQ Management und Qualit\u00e4t","og_description":"Mehr Aussteller als je zuvor, ein Zuwachs an Ausstellungsfl\u00e4che um 10 %, einneues Hallen-Layout, verbesserte Infrastruktur und ein fachlich \u00abrundes\u00bb Rahmenprogramm,die Control \u2013 Internationale Fachmesse f\u00fcr Qualit\u00e4tssicherung desJahres 2017, bleibt die wohl wichtigste Informations- und Business-Plattform f\u00fcralle Belange der industriellen Qualit\u00e4tssicherung.","og_url":"https:\/\/www.m-q.ch\/fr\/control-2017-annonce-une-participation-record-et-une-augmentation-de-la-surface-de-lexposition\/","og_site_name":"MQ Management und Qualit\u00e4t","article_publisher":"https:\/\/www.facebook.com\/ManagementUndQualitaet","article_published_time":"2017-04-21T05:31:14+00:00","article_modified_time":"2021-02-13T07:18:48+00:00","og_image":[{"width":880,"height":569,"url":"https:\/\/www.m-q.ch\/wp-content\/uploads\/2021\/02\/Control-2017-meldet-Rekordbeteiligung-und-Flaechenzuwachs.jpg","type":"image\/jpeg"}],"author":"upwork_2","twitter_card":"summary_large_image","twitter_misc":{"\u00c9crit par":"upwork_2","Dur\u00e9e de lecture estim\u00e9e":"3 minutes"},"schema":{"@context":"https:\/\/schema.org","@graph":[{"@type":"Article","@id":"https:\/\/www.m-q.ch\/control-2017-meldet-rekordbeteiligung-und-flaechenzuwachs\/#article","isPartOf":{"@id":"https:\/\/www.m-q.ch\/control-2017-meldet-rekordbeteiligung-und-flaechenzuwachs\/"},"author":{"name":"upwork_2","@id":"https:\/\/www.m-q.ch\/fr\/#\/schema\/person\/71f647a41e4a3e361e6230f5134f3ba9"},"headline":"Control 2017 meldet Rekordbeteiligung und Fl\u00e4chenzuwachs","datePublished":"2017-04-21T05:31:14+00:00","dateModified":"2021-02-13T07:18:48+00:00","mainEntityOfPage":{"@id":"https:\/\/www.m-q.ch\/control-2017-meldet-rekordbeteiligung-und-flaechenzuwachs\/"},"wordCount":688,"publisher":{"@id":"https:\/\/www.m-q.ch\/fr\/#organization"},"image":{"@id":"https:\/\/www.m-q.ch\/control-2017-meldet-rekordbeteiligung-und-flaechenzuwachs\/#primaryimage"},"thumbnailUrl":"https:\/\/www.m-q.ch\/wp-content\/uploads\/2021\/02\/Control-2017-meldet-Rekordbeteiligung-und-Flaechenzuwachs.jpg","keywords":["04\/2017"],"articleSection":["Allgemein"],"inLanguage":"fr-FR"},{"@type":"WebPage","@id":"https:\/\/www.m-q.ch\/control-2017-meldet-rekordbeteiligung-und-flaechenzuwachs\/","url":"https:\/\/www.m-q.ch\/control-2017-meldet-rekordbeteiligung-und-flaechenzuwachs\/","name":"Contr\u00f4le 2017 fait \u00e9tat d'une fr\u00e9quentation record et d'une augmentation de la superficie - MQ Management und Qualit\u00e4t","isPartOf":{"@id":"https:\/\/www.m-q.ch\/fr\/#website"},"primaryImageOfPage":{"@id":"https:\/\/www.m-q.ch\/control-2017-meldet-rekordbeteiligung-und-flaechenzuwachs\/#primaryimage"},"image":{"@id":"https:\/\/www.m-q.ch\/control-2017-meldet-rekordbeteiligung-und-flaechenzuwachs\/#primaryimage"},"thumbnailUrl":"https:\/\/www.m-q.ch\/wp-content\/uploads\/2021\/02\/Control-2017-meldet-Rekordbeteiligung-und-Flaechenzuwachs.jpg","datePublished":"2017-04-21T05:31:14+00:00","dateModified":"2021-02-13T07:18:48+00:00","description":"Plus d'exposants que jamais, une augmentation de la surface d'exposition de 10 %, une nouvelle disposition des halls, une infrastructure am\u00e9lior\u00e9e et un programme de soutien technique \"bien \u00e9quilibr\u00e9\", Control - Salon international de l'assurance qualit\u00e9 en 2017, reste probablement la plus importante plateforme d'information et d'affaires pour tous les aspects de l'assurance qualit\u00e9 industrielle.","breadcrumb":{"@id":"https:\/\/www.m-q.ch\/control-2017-meldet-rekordbeteiligung-und-flaechenzuwachs\/#breadcrumb"},"inLanguage":"fr-FR","potentialAction":[{"@type":"ReadAction","target":["https:\/\/www.m-q.ch\/control-2017-meldet-rekordbeteiligung-und-flaechenzuwachs\/"]}]},{"@type":"ImageObject","inLanguage":"fr-FR","@id":"https:\/\/www.m-q.ch\/control-2017-meldet-rekordbeteiligung-und-flaechenzuwachs\/#primaryimage","url":"https:\/\/www.m-q.ch\/wp-content\/uploads\/2021\/02\/Control-2017-meldet-Rekordbeteiligung-und-Flaechenzuwachs.jpg","contentUrl":"https:\/\/www.m-q.ch\/wp-content\/uploads\/2021\/02\/Control-2017-meldet-Rekordbeteiligung-und-Flaechenzuwachs.jpg","width":880,"height":569,"caption":"Control 2017 meldet Rekordbeteiligung und Fl\u00e4chenzuwachs"},{"@type":"BreadcrumbList","@id":"https:\/\/www.m-q.ch\/control-2017-meldet-rekordbeteiligung-und-flaechenzuwachs\/#breadcrumb","itemListElement":[{"@type":"ListItem","position":1,"name":"Allgemein","item":"https:\/\/www.m-q.ch\/kategorie\/allgemein\/"},{"@type":"ListItem","position":2,"name":"Control 2017 meldet Rekordbeteiligung und Fl\u00e4chenzuwachs"}]},{"@type":"WebSite","@id":"https:\/\/www.m-q.ch\/fr\/#website","url":"https:\/\/www.m-q.ch\/fr\/","name":"Gestion et qualit\u00e9 du QM","description":"Plate-forme pour les syst\u00e8mes de gestion int\u00e9gr\u00e9e.","publisher":{"@id":"https:\/\/www.m-q.ch\/fr\/#organization"},"potentialAction":[{"@type":"SearchAction","target":{"@type":"EntryPoint","urlTemplate":"https:\/\/www.m-q.ch\/fr\/?s={search_term_string}"},"query-input":{"@type":"PropertyValueSpecification","valueRequired":true,"valueName":"search_term_string"}}],"inLanguage":"fr-FR"},{"@type":"Organization","@id":"https:\/\/www.m-q.ch\/fr\/#organization","name":"Galledia Trade Media AG","url":"https:\/\/www.m-q.ch\/fr\/","logo":{"@type":"ImageObject","inLanguage":"fr-FR","@id":"https:\/\/www.m-q.ch\/fr\/#\/schema\/logo\/image\/","url":"https:\/\/www.m-q.ch\/wp-content\/uploads\/2020\/12\/cropped-logo_small.png","contentUrl":"https:\/\/www.m-q.ch\/wp-content\/uploads\/2020\/12\/cropped-logo_small.png","width":512,"height":512,"caption":"Galledia Fachmedien AG"},"image":{"@id":"https:\/\/www.m-q.ch\/fr\/#\/schema\/logo\/image\/"},"sameAs":["https:\/\/www.facebook.com\/ManagementUndQualitaet","https:\/\/www.linkedin.com\/showcase\/17982321\/admin\/"]},{"@type":"Person","@id":"https:\/\/www.m-q.ch\/fr\/#\/schema\/person\/71f647a41e4a3e361e6230f5134f3ba9","name":"upwork_2","image":{"@type":"ImageObject","inLanguage":"fr-FR","@id":"https:\/\/www.m-q.ch\/fr\/#\/schema\/person\/image\/","url":"https:\/\/secure.gravatar.com\/avatar\/777b90ab56092bbf3c85feacda5c1bce?s=96&d=mm&r=g","contentUrl":"https:\/\/secure.gravatar.com\/avatar\/777b90ab56092bbf3c85feacda5c1bce?s=96&d=mm&r=g","caption":"upwork_2"},"url":"https:\/\/www.m-q.ch\/fr\/author\/upwork_2\/"}]}},"_links":{"self":[{"href":"https:\/\/www.m-q.ch\/fr\/wp-json\/wp\/v2\/posts\/11240","targetHints":{"allow":["GET"]}}],"collection":[{"href":"https:\/\/www.m-q.ch\/fr\/wp-json\/wp\/v2\/posts"}],"about":[{"href":"https:\/\/www.m-q.ch\/fr\/wp-json\/wp\/v2\/types\/post"}],"author":[{"embeddable":true,"href":"https:\/\/www.m-q.ch\/fr\/wp-json\/wp\/v2\/users\/62"}],"replies":[{"embeddable":true,"href":"https:\/\/www.m-q.ch\/fr\/wp-json\/wp\/v2\/comments?post=11240"}],"version-history":[{"count":1,"href":"https:\/\/www.m-q.ch\/fr\/wp-json\/wp\/v2\/posts\/11240\/revisions"}],"predecessor-version":[{"id":11259,"href":"https:\/\/www.m-q.ch\/fr\/wp-json\/wp\/v2\/posts\/11240\/revisions\/11259"}],"wp:featuredmedia":[{"embeddable":true,"href":"https:\/\/www.m-q.ch\/fr\/wp-json\/wp\/v2\/media\/11257"}],"wp:attachment":[{"href":"https:\/\/www.m-q.ch\/fr\/wp-json\/wp\/v2\/media?parent=11240"}],"wp:term":[{"taxonomy":"category","embeddable":true,"href":"https:\/\/www.m-q.ch\/fr\/wp-json\/wp\/v2\/categories?post=11240"},{"taxonomy":"post_tag","embeddable":true,"href":"https:\/\/www.m-q.ch\/fr\/wp-json\/wp\/v2\/tags?post=11240"}],"curies":[{"name":"wp","href":"https:\/\/api.w.org\/{rel}","templated":true}]}}