{"id":11273,"date":"2017-05-15T08:38:49","date_gmt":"2017-05-15T06:38:49","guid":{"rendered":"https:\/\/www.m-q.ch\/?p=11273"},"modified":"2021-02-13T09:31:16","modified_gmt":"2021-02-13T08:31:16","slug":"communication-de-crise-professionnelle","status":"publish","type":"post","link":"https:\/\/www.m-q.ch\/fr\/professionelle-krisenkommunikation\/","title":{"rendered":"Communication professionnelle de crise"},"content":{"rendered":"<p><img loading=\"lazy\" decoding=\"async\" class=\"alignnone size-full wp-image-11311\" src=\"https:\/\/www.m-q.ch\/wp-content\/uploads\/2021\/02\/Professionelle-Krisenkommunikation.jpg\" alt=\"Communication professionnelle de crise\" width=\"878\" height=\"1008\" srcset=\"https:\/\/www.m-q.ch\/wp-content\/uploads\/2021\/02\/Professionelle-Krisenkommunikation.jpg 878w, https:\/\/www.m-q.ch\/wp-content\/uploads\/2021\/02\/Professionelle-Krisenkommunikation-768x882.jpg 768w, https:\/\/www.m-q.ch\/wp-content\/uploads\/2021\/02\/Professionelle-Krisenkommunikation-10x12.jpg 10w, https:\/\/www.m-q.ch\/wp-content\/uploads\/2021\/02\/Professionelle-Krisenkommunikation-152x175.jpg 152w, https:\/\/www.m-q.ch\/wp-content\/uploads\/2021\/02\/Professionelle-Krisenkommunikation-305x350.jpg 305w, https:\/\/www.m-q.ch\/wp-content\/uploads\/2021\/02\/Professionelle-Krisenkommunikation-697x800.jpg 697w, https:\/\/www.m-q.ch\/wp-content\/uploads\/2021\/02\/Professionelle-Krisenkommunikation-300x344.jpg 300w\" sizes=\"auto, (max-width: 878px) 100vw, 878px\" \/><\/p>\n<p>&nbsp;<\/p>\n<p>&nbsp;<\/p>\n<p>&nbsp;<\/p>\n<p>On ne peut pas se plaindre d'un manque d'exemples de crises r\u00e9elles : Aux catastrophes naturelles, aux cas de corruption et de fraude, aux licenciements ou aux explosions d'usines s'ajoutent de nouvelles crises d'origine technologique (cyberattaques), des d\u00e9clarations inconsid\u00e9r\u00e9es de repr\u00e9sentants d'entreprises et une indignation morale inattendue de la part de parties prenantes individuelles (activisme des consommateurs). Le d\u00e9veloppement r\u00e9volutionnaire des technologies de communication et l'essor rapide des m\u00e9dias sociaux entra\u00eenent une attention et une sensibilit\u00e9 accrues du public, ainsi qu'une multiplication des surfaces d'attaque.<\/p>\n<p><strong>La comp\u00e9tence par la prophylaxie<\/strong><br \/>\nDans de nombreuses organisations, la communication de crise en est encore \u00e0 ses d\u00e9buts. Il y a des raisons \u00e0 cela. D'une part, cela est d\u00fb \u00e0 la lourdeur du traitement du sujet \"crise\", d'autre part, cela est d\u00fb \u00e0 une compr\u00e9hension trop \u00e9troite des t\u00e2ches de la communication de crise.<\/p>\n<p>&nbsp;<\/p>\n<p>Lorsqu'une crise survient, la communication est un travail difficile : la pression du temps, le grand int\u00e9r\u00eat du public et les possibilit\u00e9s limit\u00e9es d'action et de communication sont physiquement et mentalement \u00e9puisants. Les d\u00e9ficiences existantes dans les processus, les structures et les comp\u00e9tences personnelles sont impitoyablement r\u00e9v\u00e9l\u00e9es. Ceux qui n'ont pas r\u00e9ussi \u00e0 communiquer de mani\u00e8re professionnelle avec leurs parties prenantes dans les \"bonnes\" p\u00e9riodes se heurtent \u00e0 l'incompr\u00e9hension, \u00e0 la r\u00e9sistance et \u00e0 l'opposition directe.<\/p>\n<p>&nbsp;<\/p>\n<p>La protection de sa propre r\u00e9putation est devenue une t\u00e2che de gestion strat\u00e9gique et non d\u00e9l\u00e9gable. La communication strat\u00e9gique de crise est un outil important \u00e0 cet \u00e9gard.<\/p>\n<p><strong>Une d\u00e9finition difficile de la crise <\/strong><br \/>\nLa gestion et la communication de crise n\u00e9cessitent une r\u00e9flexion strat\u00e9gique et une premi\u00e8re \u00e9tape consiste \u00e0 identifier les situations de crise possibles. Car seuls ceux qui comprennent la nature et les effets possibles d'une crise peuvent mettre en place des mesures et une communication adapt\u00e9es \u00e0 la situation.<\/p>\n<p>&nbsp;<\/p>\n<p><em>D'abord,<\/em> Dans la vie quotidienne priv\u00e9e et professionnelle, tout \u00e9v\u00e9nement est appel\u00e9 crise, sans tenir compte de son ampleur et de ses cons\u00e9quences \u00e9ventuelles. Le terme \"crise\" est devenu \"inflationniste\". En outre, les gens ont tendance \u00e0 bloquer les signaux d\u00e9sagr\u00e9ables, comme le note le scientifique am\u00e9ricain Nassim Taleb. La gestion des crises en p\u00e9riode de croissance et de succ\u00e8s \u00e9conomique est difficile pour la plupart des organisations.<\/p>\n<p>&nbsp;<\/p>\n<p><em>Deuxi\u00e8mement,<\/em> Toute crise s'accompagne d'incertitude. Le moment de l'apparition, la cause r\u00e9elle, la dur\u00e9e et l'\u00e9volution sont le plus souvent inconnus et difficiles \u00e0 \u00e9valuer. G\u00e9n\u00e9ralement, un \u00e9v\u00e9nement tel que le licenciement d'employ\u00e9s, la d\u00e9couverte d'une fraude ou une explosion dans un site de production d\u00e9clenche la crise. Au fil du temps, le cours de la crise change plusieurs fois, sous l'influence de la mani\u00e8re dont la crise est g\u00e9r\u00e9e et de la fa\u00e7on dont le public per\u00e7oit la situation. Le r\u00e9sultat peut \u00eatre positif, mais aussi n\u00e9gatif, voire catastrophique.<\/p>\n<p><strong>Tentative de typologie des crises <\/strong><br \/>\nCependant, la recherche de crises possibles pour sa propre organisation et la d\u00e9rivation de sc\u00e9narios de crise s'av\u00e8rent \u00eatre une t\u00e2che \u00e9crasante dans la pratique. Une approche pragmatique de la d\u00e9finition de la crise comprend deux \u00e9tapes : premi\u00e8rement, l'analyse et la classification des cas de crise plausibles et deuxi\u00e8mement, l'\u00e9laboration de sc\u00e9narios de crise.<\/p>\n<p>&nbsp;<\/p>\n<p>Les typologies de crise existantes peuvent r\u00e9duire la complexit\u00e9 et simplifier la collecte d'informations. La figure 1 illustre une typologie qui classe les \u00e9v\u00e9nements de crise en fonction de la perception de leur cause et de leur contr\u00f4labilit\u00e9 par les parties prenantes, tout en fournissant des indices initiaux pour leur r\u00e9ponse. Par exemple, des \u00e9tudes empiriques montrent que les parties prenantes r\u00e9agissent par des accusations et des reproches en cas d'\u00e9v\u00e9nements de crise si la cause de la crise est n\u00e9anmoins class\u00e9e comme contr\u00f4lable au sein de l'organisation.<\/p>\n<p>&nbsp;<\/p>\n<p>Apr\u00e8s avoir class\u00e9 les \u00e9v\u00e9nements de crise, des sc\u00e9narios de crise sont d\u00e9finis pour chaque cas de crise. La m\u00e9thode des sc\u00e9narios est tr\u00e8s r\u00e9pandue dans la gestion strat\u00e9gique et la gestion des risques et est \u00e9galement de plus en plus utilis\u00e9e dans la communication de crise. A travers les sc\u00e9narios de crise, plusieurs issues de crise sont d\u00e9crites. Penser en termes de sc\u00e9narios cr\u00e9e ainsi une conscience diff\u00e9rente des risques et pr\u00e9pare mentalement aux crises. La d\u00e9finition d'un sc\u00e9nario aussi n\u00e9gatif que possible s'av\u00e8re particuli\u00e8rement utile.<\/p>\n<p><strong>Pr\u00e9paration syst\u00e9matique <\/strong><br \/>\nComme le montrent les ateliers, la complexit\u00e9 d\u00e9crite de la d\u00e9finition de la crise n'est que la partie visible de l'iceberg que constitue la pr\u00e9paration de la communication de crise. Pour qu'un concept r\u00e9ussisse, il faut une coop\u00e9ration \u00e9troite entre les diff\u00e9rentes unit\u00e9s sp\u00e9cialis\u00e9es, un syst\u00e8me d'information de crise op\u00e9rationnel ainsi que le soutien et la participation directe de la direction de l'entreprise.<\/p>\n<p><strong>Un concept de communication de crise comprend les sujets suivants :<\/strong><\/p>\n<ul>\n<li>Cas de crise sp\u00e9cifiques \u00e0 l'organisation et sc\u00e9narios de crise (1).<\/li>\n<li>Plan d'action (2) avec quatre sous-domaines : Syst\u00e8me d'information sur les crises (2a) pour capter les signaux de crise et les risques \u00e9ventuels. Le point de d\u00e9part est l'analyse des parties prenantes concern\u00e9es, de leurs besoins d'information et de leurs r\u00f4les en cas de crise. La mise en r\u00e9seau avec la gestion des risques et la gestion des probl\u00e8mes doit \u00eatre assur\u00e9e. Ces informations peuvent aider \u00e0 compl\u00e9ter les sc\u00e9narios de crise.<\/li>\n<li>Plan tactique de communication de crise (2b) : comprend la planification de la strat\u00e9gie, les messages, les instruments et la direction dans chaque sc\u00e9nario de crise identifi\u00e9. Parmi les autres sujets abord\u00e9s figurent la mise en place d'une \u00e9quipe de crise interdisciplinaire et la participation de prestataires de services externes.<\/li>\n<li>Traiter avec les m\u00e9dias en cas de crise (2c) : la connaissance des m\u00e9dias pertinents, des attitudes du grand public et des autres influenceurs (leaders d'opinion) est approfondie au moyen d'une analyse permanente des m\u00e9dias.<\/li>\n<li>Traiter avec d'autres parties prenantes d'une importance capitale (2d) : Avant tout, les employ\u00e9s sont les porte-parole les plus cr\u00e9dibles du monde ext\u00e9rieur. En fonction de la situation de crise, la coop\u00e9ration avec les autorit\u00e9s (par exemple avec l'organisation \"feu bleu\") ou les relations avec les clients (par exemple en cas de rappel de produits) doivent \u00eatre d\u00e9finies avec autant de d\u00e9tails que la communication avec les m\u00e9dias pendant la crise.<\/li>\n<li>Institutionnaliser et assurer une formation r\u00e9guli\u00e8re (3) et des mises \u00e0 jour (4).<\/li>\n<\/ul>\n<p><strong>La communication de crise - plus que des tactiques <\/strong><br \/>\nUne communication de crise efficace peut prot\u00e9ger, si n\u00e9cessaire d\u00e9fendre ou restaurer la r\u00e9putation d'une personne. Il s'agit d'une composante essentielle de la gestion professionnelle des crises, avant, pendant et apr\u00e8s la crise. Dans la pratique, cependant, la communication de crise n'est souvent r\u00e9alis\u00e9e que dans la \"phase chaude\" d'une crise, c'est-\u00e0-dire qu'elle ne couvre que le traitement tactique de la crise. Ces t\u00e2ches sont d'une importance capitale, mais comme le montre la figure 2, elles sont insuffisantes et ne rendent pas justice \u00e0 la complexit\u00e9.<\/p>\n<p>&nbsp;<\/p>\n<p>La communication de crise doit \u00e9galement \u00eatre poursuivie activement avant et apr\u00e8s la crise. Les structures organisationnelles sont cr\u00e9\u00e9es et les comp\u00e9tences sont form\u00e9es avant la crise. Les opportunit\u00e9s et les risques li\u00e9s \u00e0 l'environnement sont analys\u00e9s et les conclusions des diff\u00e9rents d\u00e9partements sont condens\u00e9es en th\u00e8mes critiques. Au cours de cette phase, l'organisation informe ses parties prenantes sur les risques et les \u00e9v\u00e9nements de crise futurs et identifie les attentes mutuelles. La communication de crise peut renforcer la confiance, ce qui est souvent la meilleure pr\u00e9vention des crises.<\/p>\n<p>&nbsp;<\/p>\n<p>Apr\u00e8s la crise, la communication de crise assure une \u00e9valuation finale des causes et de la gestion de la crise. Elle soutient ainsi le nouveau d\u00e9part et la restauration de la r\u00e9putation. Cette phase doit \u00e9galement permettre de tirer les enseignements de la crise et de mettre \u00e0 jour les processus, les structures et les comp\u00e9tences. Apr\u00e8s tout, \"l'apr\u00e8s-crise est l'avant-crise\".<\/p>\n<p>&nbsp;<\/p>\n<p>&nbsp;<\/p>","protected":false},"excerpt":{"rendered":"<p>&nbsp; &nbsp; &nbsp; Ein Mangel an realen Krisenbeispielen kann nicht beklagt werden: Naturkatastrophen, Korruptions- und Betrugsf\u00e4lle, Entlassungen oder Fabrikexplosionen werden um neue technologisch bedingte Krisen (Cyber-Angrif-fe), un\u00fcberlegte \u00c4usserungen von Unterneh-mensvertretern und unerwartete moralische Entr\u00fcstungen einzelner Anspruchsgruppen (Konsumentenaktivismus) erweitert. Die re-volution\u00e4re Weiterentwicklung der Kommu-nikationstechnologie und der rasante Aufstieg der sozialen Medien f\u00fchren zu einer gestiege-nen Aufmerksamkeit [&hellip;]<\/p>\n","protected":false},"author":62,"featured_media":11311,"comment_status":"closed","ping_status":"closed","sticky":false,"template":"","format":"standard","meta":{"_acf_changed":false,"footnotes":""},"categories":[4],"tags":[4773],"class_list":["post-11273","post","type-post","status-publish","format-standard","has-post-thumbnail","hentry","category-risikomanagement","tag-05-2017"],"acf":[],"yoast_head":"<!-- This site is optimized with the Yoast SEO plugin v26.2 - https:\/\/yoast.com\/wordpress\/plugins\/seo\/ -->\n<title>Professionelle Krisenkommunikation - MQ Management und Qualit\u00e4t<\/title>\n<meta name=\"description\" content=\"In einer Krise sollten Handlungsf\u00e4higkeit und Handlungssicherheit systematisch und strukturiert vorbereitet sein. Es gilt Kompetenzen gezielt aufzubauen. Dr. Albena Bj\u00f6rck zu aktuellen Herausforderungen und L\u00f6sungsans\u00e4tzen in der Vorbereitung der Krisenkommunikation.\" \/>\n<meta name=\"robots\" content=\"index, follow, max-snippet:-1, max-image-preview:large, max-video-preview:-1\" \/>\n<link rel=\"canonical\" href=\"https:\/\/www.m-q.ch\/fr\/communication-de-crise-professionnelle\/\" \/>\n<meta property=\"og:locale\" content=\"fr_FR\" \/>\n<meta property=\"og:type\" content=\"article\" \/>\n<meta property=\"og:title\" content=\"Professionelle Krisenkommunikation - MQ Management und Qualit\u00e4t\" \/>\n<meta property=\"og:description\" content=\"In einer Krise sollten Handlungsf\u00e4higkeit und Handlungssicherheit systematisch und strukturiert vorbereitet sein. Es gilt Kompetenzen gezielt aufzubauen. Dr. Albena Bj\u00f6rck zu aktuellen Herausforderungen und L\u00f6sungsans\u00e4tzen in der Vorbereitung der Krisenkommunikation.\" \/>\n<meta property=\"og:url\" content=\"https:\/\/www.m-q.ch\/fr\/communication-de-crise-professionnelle\/\" \/>\n<meta property=\"og:site_name\" content=\"MQ Management und Qualit\u00e4t\" \/>\n<meta property=\"article:publisher\" content=\"https:\/\/www.facebook.com\/ManagementUndQualitaet\" \/>\n<meta property=\"article:published_time\" content=\"2017-05-15T06:38:49+00:00\" \/>\n<meta property=\"article:modified_time\" content=\"2021-02-13T08:31:16+00:00\" \/>\n<meta property=\"og:image\" content=\"https:\/\/www.m-q.ch\/wp-content\/uploads\/2021\/02\/Professionelle-Krisenkommunikation.jpg\" \/>\n\t<meta property=\"og:image:width\" content=\"878\" \/>\n\t<meta property=\"og:image:height\" content=\"1008\" \/>\n\t<meta property=\"og:image:type\" content=\"image\/jpeg\" \/>\n<meta name=\"author\" content=\"upwork_2\" \/>\n<meta name=\"twitter:card\" content=\"summary_large_image\" \/>\n<meta name=\"twitter:label1\" content=\"\u00c9crit par\" \/>\n\t<meta name=\"twitter:data1\" content=\"upwork_2\" \/>\n\t<meta name=\"twitter:label2\" content=\"Dur\u00e9e de lecture estim\u00e9e\" \/>\n\t<meta name=\"twitter:data2\" content=\"5 minutes\" \/>\n<script type=\"application\/ld+json\" class=\"yoast-schema-graph\">{\"@context\":\"https:\/\/schema.org\",\"@graph\":[{\"@type\":\"Article\",\"@id\":\"https:\/\/www.m-q.ch\/professionelle-krisenkommunikation\/#article\",\"isPartOf\":{\"@id\":\"https:\/\/www.m-q.ch\/professionelle-krisenkommunikation\/\"},\"author\":{\"name\":\"upwork_2\",\"@id\":\"https:\/\/www.m-q.ch\/fr\/#\/schema\/person\/71f647a41e4a3e361e6230f5134f3ba9\"},\"headline\":\"Professionelle Krisenkommunikation\",\"datePublished\":\"2017-05-15T06:38:49+00:00\",\"dateModified\":\"2021-02-13T08:31:16+00:00\",\"mainEntityOfPage\":{\"@id\":\"https:\/\/www.m-q.ch\/professionelle-krisenkommunikation\/\"},\"wordCount\":1014,\"publisher\":{\"@id\":\"https:\/\/www.m-q.ch\/fr\/#organization\"},\"image\":{\"@id\":\"https:\/\/www.m-q.ch\/professionelle-krisenkommunikation\/#primaryimage\"},\"thumbnailUrl\":\"https:\/\/www.m-q.ch\/wp-content\/uploads\/2021\/02\/Professionelle-Krisenkommunikation.jpg\",\"keywords\":[\"05\/2017\"],\"articleSection\":[\"Risikomanagement\"],\"inLanguage\":\"fr-FR\"},{\"@type\":\"WebPage\",\"@id\":\"https:\/\/www.m-q.ch\/professionelle-krisenkommunikation\/\",\"url\":\"https:\/\/www.m-q.ch\/professionelle-krisenkommunikation\/\",\"name\":\"Professionelle Krisenkommunikation - MQ Management und Qualit\u00e4t\",\"isPartOf\":{\"@id\":\"https:\/\/www.m-q.ch\/fr\/#website\"},\"primaryImageOfPage\":{\"@id\":\"https:\/\/www.m-q.ch\/professionelle-krisenkommunikation\/#primaryimage\"},\"image\":{\"@id\":\"https:\/\/www.m-q.ch\/professionelle-krisenkommunikation\/#primaryimage\"},\"thumbnailUrl\":\"https:\/\/www.m-q.ch\/wp-content\/uploads\/2021\/02\/Professionelle-Krisenkommunikation.jpg\",\"datePublished\":\"2017-05-15T06:38:49+00:00\",\"dateModified\":\"2021-02-13T08:31:16+00:00\",\"description\":\"In einer Krise sollten Handlungsf\u00e4higkeit und Handlungssicherheit systematisch und strukturiert vorbereitet sein. Es gilt Kompetenzen gezielt aufzubauen. Dr. Albena Bj\u00f6rck zu aktuellen Herausforderungen und L\u00f6sungsans\u00e4tzen in der Vorbereitung der Krisenkommunikation.\",\"breadcrumb\":{\"@id\":\"https:\/\/www.m-q.ch\/professionelle-krisenkommunikation\/#breadcrumb\"},\"inLanguage\":\"fr-FR\",\"potentialAction\":[{\"@type\":\"ReadAction\",\"target\":[\"https:\/\/www.m-q.ch\/professionelle-krisenkommunikation\/\"]}]},{\"@type\":\"ImageObject\",\"inLanguage\":\"fr-FR\",\"@id\":\"https:\/\/www.m-q.ch\/professionelle-krisenkommunikation\/#primaryimage\",\"url\":\"https:\/\/www.m-q.ch\/wp-content\/uploads\/2021\/02\/Professionelle-Krisenkommunikation.jpg\",\"contentUrl\":\"https:\/\/www.m-q.ch\/wp-content\/uploads\/2021\/02\/Professionelle-Krisenkommunikation.jpg\",\"width\":878,\"height\":1008,\"caption\":\"Professionelle Krisenkommunikation\"},{\"@type\":\"BreadcrumbList\",\"@id\":\"https:\/\/www.m-q.ch\/professionelle-krisenkommunikation\/#breadcrumb\",\"itemListElement\":[{\"@type\":\"ListItem\",\"position\":1,\"name\":\"Risikomanagement\",\"item\":\"https:\/\/www.m-q.ch\/kategorie\/risikomanagement\/\"},{\"@type\":\"ListItem\",\"position\":2,\"name\":\"Professionelle Krisenkommunikation\"}]},{\"@type\":\"WebSite\",\"@id\":\"https:\/\/www.m-q.ch\/fr\/#website\",\"url\":\"https:\/\/www.m-q.ch\/fr\/\",\"name\":\"MQ Management und Qualit\u00e4t\",\"description\":\"Plattform f\u00fcr integrierte Managementsysteme.\",\"publisher\":{\"@id\":\"https:\/\/www.m-q.ch\/fr\/#organization\"},\"potentialAction\":[{\"@type\":\"SearchAction\",\"target\":{\"@type\":\"EntryPoint\",\"urlTemplate\":\"https:\/\/www.m-q.ch\/fr\/?s={search_term_string}\"},\"query-input\":{\"@type\":\"PropertyValueSpecification\",\"valueRequired\":true,\"valueName\":\"search_term_string\"}}],\"inLanguage\":\"fr-FR\"},{\"@type\":\"Organization\",\"@id\":\"https:\/\/www.m-q.ch\/fr\/#organization\",\"name\":\"Galledia Fachmedien AG\",\"url\":\"https:\/\/www.m-q.ch\/fr\/\",\"logo\":{\"@type\":\"ImageObject\",\"inLanguage\":\"fr-FR\",\"@id\":\"https:\/\/www.m-q.ch\/fr\/#\/schema\/logo\/image\/\",\"url\":\"https:\/\/www.m-q.ch\/wp-content\/uploads\/2020\/12\/cropped-logo_small.png\",\"contentUrl\":\"https:\/\/www.m-q.ch\/wp-content\/uploads\/2020\/12\/cropped-logo_small.png\",\"width\":512,\"height\":512,\"caption\":\"Galledia Fachmedien AG\"},\"image\":{\"@id\":\"https:\/\/www.m-q.ch\/fr\/#\/schema\/logo\/image\/\"},\"sameAs\":[\"https:\/\/www.facebook.com\/ManagementUndQualitaet\",\"https:\/\/www.linkedin.com\/showcase\/17982321\/admin\/\"]},{\"@type\":\"Person\",\"@id\":\"https:\/\/www.m-q.ch\/fr\/#\/schema\/person\/71f647a41e4a3e361e6230f5134f3ba9\",\"name\":\"upwork_2\",\"image\":{\"@type\":\"ImageObject\",\"inLanguage\":\"fr-FR\",\"@id\":\"https:\/\/www.m-q.ch\/fr\/#\/schema\/person\/image\/\",\"url\":\"https:\/\/secure.gravatar.com\/avatar\/777b90ab56092bbf3c85feacda5c1bce?s=96&d=mm&r=g\",\"contentUrl\":\"https:\/\/secure.gravatar.com\/avatar\/777b90ab56092bbf3c85feacda5c1bce?s=96&d=mm&r=g\",\"caption\":\"upwork_2\"},\"url\":\"https:\/\/www.m-q.ch\/fr\/author\/upwork_2\/\"}]}<\/script>\n<!-- \/ Yoast SEO plugin. -->","yoast_head_json":{"title":"Communication de crise professionnelle - MQ Management und Qualit\u00e4t","description":"En cas de crise, la capacit\u00e9 d'agir et la certitude d'agir doivent \u00eatre pr\u00e9par\u00e9es syst\u00e9matiquement et de mani\u00e8re structur\u00e9e. Les comp\u00e9tences doivent \u00eatre d\u00e9velopp\u00e9es de mani\u00e8re cibl\u00e9e. Dr. Albena Bj\u00f6rck sur les d\u00e9fis actuels et les solutions dans la pr\u00e9paration de la communication de crise.","robots":{"index":"index","follow":"follow","max-snippet":"max-snippet:-1","max-image-preview":"max-image-preview:large","max-video-preview":"max-video-preview:-1"},"canonical":"https:\/\/www.m-q.ch\/fr\/communication-de-crise-professionnelle\/","og_locale":"fr_FR","og_type":"article","og_title":"Professionelle Krisenkommunikation - MQ Management und Qualit\u00e4t","og_description":"In einer Krise sollten Handlungsf\u00e4higkeit und Handlungssicherheit systematisch und strukturiert vorbereitet sein. Es gilt Kompetenzen gezielt aufzubauen. Dr. Albena Bj\u00f6rck zu aktuellen Herausforderungen und L\u00f6sungsans\u00e4tzen in der Vorbereitung der Krisenkommunikation.","og_url":"https:\/\/www.m-q.ch\/fr\/communication-de-crise-professionnelle\/","og_site_name":"MQ Management und Qualit\u00e4t","article_publisher":"https:\/\/www.facebook.com\/ManagementUndQualitaet","article_published_time":"2017-05-15T06:38:49+00:00","article_modified_time":"2021-02-13T08:31:16+00:00","og_image":[{"width":878,"height":1008,"url":"https:\/\/www.m-q.ch\/wp-content\/uploads\/2021\/02\/Professionelle-Krisenkommunikation.jpg","type":"image\/jpeg"}],"author":"upwork_2","twitter_card":"summary_large_image","twitter_misc":{"\u00c9crit par":"upwork_2","Dur\u00e9e de lecture estim\u00e9e":"5 minutes"},"schema":{"@context":"https:\/\/schema.org","@graph":[{"@type":"Article","@id":"https:\/\/www.m-q.ch\/professionelle-krisenkommunikation\/#article","isPartOf":{"@id":"https:\/\/www.m-q.ch\/professionelle-krisenkommunikation\/"},"author":{"name":"upwork_2","@id":"https:\/\/www.m-q.ch\/fr\/#\/schema\/person\/71f647a41e4a3e361e6230f5134f3ba9"},"headline":"Professionelle Krisenkommunikation","datePublished":"2017-05-15T06:38:49+00:00","dateModified":"2021-02-13T08:31:16+00:00","mainEntityOfPage":{"@id":"https:\/\/www.m-q.ch\/professionelle-krisenkommunikation\/"},"wordCount":1014,"publisher":{"@id":"https:\/\/www.m-q.ch\/fr\/#organization"},"image":{"@id":"https:\/\/www.m-q.ch\/professionelle-krisenkommunikation\/#primaryimage"},"thumbnailUrl":"https:\/\/www.m-q.ch\/wp-content\/uploads\/2021\/02\/Professionelle-Krisenkommunikation.jpg","keywords":["05\/2017"],"articleSection":["Risikomanagement"],"inLanguage":"fr-FR"},{"@type":"WebPage","@id":"https:\/\/www.m-q.ch\/professionelle-krisenkommunikation\/","url":"https:\/\/www.m-q.ch\/professionelle-krisenkommunikation\/","name":"Communication de crise professionnelle - MQ Management und Qualit\u00e4t","isPartOf":{"@id":"https:\/\/www.m-q.ch\/fr\/#website"},"primaryImageOfPage":{"@id":"https:\/\/www.m-q.ch\/professionelle-krisenkommunikation\/#primaryimage"},"image":{"@id":"https:\/\/www.m-q.ch\/professionelle-krisenkommunikation\/#primaryimage"},"thumbnailUrl":"https:\/\/www.m-q.ch\/wp-content\/uploads\/2021\/02\/Professionelle-Krisenkommunikation.jpg","datePublished":"2017-05-15T06:38:49+00:00","dateModified":"2021-02-13T08:31:16+00:00","description":"En cas de crise, la capacit\u00e9 d'agir et la certitude d'agir doivent \u00eatre pr\u00e9par\u00e9es syst\u00e9matiquement et de mani\u00e8re structur\u00e9e. Les comp\u00e9tences doivent \u00eatre d\u00e9velopp\u00e9es de mani\u00e8re cibl\u00e9e. Dr. Albena Bj\u00f6rck sur les d\u00e9fis actuels et les solutions dans la pr\u00e9paration de la communication de crise.","breadcrumb":{"@id":"https:\/\/www.m-q.ch\/professionelle-krisenkommunikation\/#breadcrumb"},"inLanguage":"fr-FR","potentialAction":[{"@type":"ReadAction","target":["https:\/\/www.m-q.ch\/professionelle-krisenkommunikation\/"]}]},{"@type":"ImageObject","inLanguage":"fr-FR","@id":"https:\/\/www.m-q.ch\/professionelle-krisenkommunikation\/#primaryimage","url":"https:\/\/www.m-q.ch\/wp-content\/uploads\/2021\/02\/Professionelle-Krisenkommunikation.jpg","contentUrl":"https:\/\/www.m-q.ch\/wp-content\/uploads\/2021\/02\/Professionelle-Krisenkommunikation.jpg","width":878,"height":1008,"caption":"Professionelle Krisenkommunikation"},{"@type":"BreadcrumbList","@id":"https:\/\/www.m-q.ch\/professionelle-krisenkommunikation\/#breadcrumb","itemListElement":[{"@type":"ListItem","position":1,"name":"Risikomanagement","item":"https:\/\/www.m-q.ch\/kategorie\/risikomanagement\/"},{"@type":"ListItem","position":2,"name":"Professionelle Krisenkommunikation"}]},{"@type":"WebSite","@id":"https:\/\/www.m-q.ch\/fr\/#website","url":"https:\/\/www.m-q.ch\/fr\/","name":"Gestion et qualit\u00e9 du QM","description":"Plate-forme pour les syst\u00e8mes de gestion int\u00e9gr\u00e9e.","publisher":{"@id":"https:\/\/www.m-q.ch\/fr\/#organization"},"potentialAction":[{"@type":"SearchAction","target":{"@type":"EntryPoint","urlTemplate":"https:\/\/www.m-q.ch\/fr\/?s={search_term_string}"},"query-input":{"@type":"PropertyValueSpecification","valueRequired":true,"valueName":"search_term_string"}}],"inLanguage":"fr-FR"},{"@type":"Organization","@id":"https:\/\/www.m-q.ch\/fr\/#organization","name":"Galledia Trade Media AG","url":"https:\/\/www.m-q.ch\/fr\/","logo":{"@type":"ImageObject","inLanguage":"fr-FR","@id":"https:\/\/www.m-q.ch\/fr\/#\/schema\/logo\/image\/","url":"https:\/\/www.m-q.ch\/wp-content\/uploads\/2020\/12\/cropped-logo_small.png","contentUrl":"https:\/\/www.m-q.ch\/wp-content\/uploads\/2020\/12\/cropped-logo_small.png","width":512,"height":512,"caption":"Galledia Fachmedien AG"},"image":{"@id":"https:\/\/www.m-q.ch\/fr\/#\/schema\/logo\/image\/"},"sameAs":["https:\/\/www.facebook.com\/ManagementUndQualitaet","https:\/\/www.linkedin.com\/showcase\/17982321\/admin\/"]},{"@type":"Person","@id":"https:\/\/www.m-q.ch\/fr\/#\/schema\/person\/71f647a41e4a3e361e6230f5134f3ba9","name":"upwork_2","image":{"@type":"ImageObject","inLanguage":"fr-FR","@id":"https:\/\/www.m-q.ch\/fr\/#\/schema\/person\/image\/","url":"https:\/\/secure.gravatar.com\/avatar\/777b90ab56092bbf3c85feacda5c1bce?s=96&d=mm&r=g","contentUrl":"https:\/\/secure.gravatar.com\/avatar\/777b90ab56092bbf3c85feacda5c1bce?s=96&d=mm&r=g","caption":"upwork_2"},"url":"https:\/\/www.m-q.ch\/fr\/author\/upwork_2\/"}]}},"_links":{"self":[{"href":"https:\/\/www.m-q.ch\/fr\/wp-json\/wp\/v2\/posts\/11273","targetHints":{"allow":["GET"]}}],"collection":[{"href":"https:\/\/www.m-q.ch\/fr\/wp-json\/wp\/v2\/posts"}],"about":[{"href":"https:\/\/www.m-q.ch\/fr\/wp-json\/wp\/v2\/types\/post"}],"author":[{"embeddable":true,"href":"https:\/\/www.m-q.ch\/fr\/wp-json\/wp\/v2\/users\/62"}],"replies":[{"embeddable":true,"href":"https:\/\/www.m-q.ch\/fr\/wp-json\/wp\/v2\/comments?post=11273"}],"version-history":[{"count":1,"href":"https:\/\/www.m-q.ch\/fr\/wp-json\/wp\/v2\/posts\/11273\/revisions"}],"predecessor-version":[{"id":11313,"href":"https:\/\/www.m-q.ch\/fr\/wp-json\/wp\/v2\/posts\/11273\/revisions\/11313"}],"wp:featuredmedia":[{"embeddable":true,"href":"https:\/\/www.m-q.ch\/fr\/wp-json\/wp\/v2\/media\/11311"}],"wp:attachment":[{"href":"https:\/\/www.m-q.ch\/fr\/wp-json\/wp\/v2\/media?parent=11273"}],"wp:term":[{"taxonomy":"category","embeddable":true,"href":"https:\/\/www.m-q.ch\/fr\/wp-json\/wp\/v2\/categories?post=11273"},{"taxonomy":"post_tag","embeddable":true,"href":"https:\/\/www.m-q.ch\/fr\/wp-json\/wp\/v2\/tags?post=11273"}],"curies":[{"name":"wp","href":"https:\/\/api.w.org\/{rel}","templated":true}]}}