{"id":11308,"date":"2016-02-17T09:17:03","date_gmt":"2016-02-17T08:17:03","guid":{"rendered":"https:\/\/www.m-q.ch\/?p=11308"},"modified":"2021-02-13T09:34:03","modified_gmt":"2021-02-13T08:34:03","slug":"un-reseau-pour-plus-de-performance-meme-dans-la-gestion-de-la-qualite","status":"publish","type":"post","link":"https:\/\/www.m-q.ch\/fr\/vernetzt-zu-mehr-leistung-auch-im-qualitaetsmanagement\/","title":{"rendered":"Mise en r\u00e9seau pour une meilleure performance - \u00e9galement dans la gestion de la qualit\u00e9"},"content":{"rendered":"<p><img loading=\"lazy\" decoding=\"async\" class=\"alignnone size-full wp-image-11309\" src=\"https:\/\/www.m-q.ch\/wp-content\/uploads\/2021\/02\/Vernetzt-zu-mehr-Leistung---auch-im-Qualitaetsmanagement.jpg\" alt=\"Mise en r\u00e9seau pour une meilleure performance - \u00e9galement dans la gestion de la qualit\u00e9\" width=\"870\" height=\"627\" srcset=\"\" sizes=\"auto, (max-width: 870px) 100vw, 870px\" data-srcset=\"\" \/><\/p>\n<p>&nbsp;<\/p>\n<p>&nbsp;<\/p>\n<p>&nbsp;<\/p>\n<p><em><strong>O<\/strong><\/em>Nous sommes ouverts aux nouvelles id\u00e9es et avons toujours un \u0153il sur les d\u00e9veloppements futurs. Dans le m\u00eame temps, nous nous concentrons sur la s\u00e9curit\u00e9, la qualit\u00e9 et l'environnement. Ces valeurs d'entreprise durables, qui d\u00e9finissent l'entreprise, ont conduit cablex \u00e0 d\u00e9finir tr\u00e8s t\u00f4t des processus et des proc\u00e9dures afin d'obtenir des certifications ISO en mati\u00e8re de gestion de la qualit\u00e9, de l'environnement et de la s\u00e9curit\u00e9. En tant qu'entrepreneur total, cablex est un leader dans la construction et la maintenance de solutions d'infrastructure de r\u00e9seau nationales \u00e0 haute performance dans les domaines des communications, de l'\u00e9nergie, des transports et des TIC. Plus de 1 000 employ\u00e9s, r\u00e9partis sur 20 sites dans toute la Suisse, combinent des comp\u00e9tences en mati\u00e8re d'ing\u00e9nierie et d'applications.<\/p>\n<p><strong>Les exigences minimales ne sont plus suffisantes<\/strong><br \/>\nApr\u00e8s avoir obtenu la certification, cablex a d\u00e9couvert que l'utilisation des flux de processus ne pouvait pas \u00eatre effectu\u00e9e efficacement au quotidien. Ce qui \u00e9tait initialement pr\u00e9vu comme une solution minimale pour la gestion des processus et des documents ne pouvait plus r\u00e9pondre aux exigences croissantes des utilisateurs et des clients. En particulier, il manquait une gestion centralis\u00e9e des objets, soutenue par le syst\u00e8me, par le biais d'un flux de travail et d'un syst\u00e8me de gestion des versions, ainsi que des m\u00e9canismes conviviaux de manipulation et de contr\u00f4le pour garantir que les donn\u00e9es conserv\u00e9es dans le syst\u00e8me \u00e9taient \u00e0 jour.<\/p>\n<p><strong>Syst\u00e8me de gestion int\u00e9gr\u00e9 pour promouvoir la coh\u00e9rence et l'efficacit\u00e9 des donn\u00e9es<\/strong><br \/>\nUne solution a donc \u00e9t\u00e9 recherch\u00e9e qui pourrait \u00e9galement int\u00e9grer les syst\u00e8mes et les donn\u00e9es existants et permettre une utilisation efficace tant en interne que pour les op\u00e9rations externes. Ceci devait \u00eatre r\u00e9alis\u00e9 avec un syst\u00e8me de gestion int\u00e9gr\u00e9 (CIS - cablex Information System). La priorit\u00e9 a \u00e9t\u00e9 donn\u00e9e aux exigences suivantes :<\/p>\n<ul>\n<li>L'intranet en tant que composante<\/li>\n<li>Liens directs vers des syst\u00e8mes tiers<\/li>\n<li>Interfaces avec les modules SAP, profils de fonctions et de comp\u00e9tences avec gestion des donn\u00e9es de base<\/li>\n<li>Maintenance, versionnage et archivage des processus, documents et mod\u00e8les dans toutes les langues nationales<\/li>\n<li>Droits structurels et administration des utilisateurs (autorisations d'acc\u00e8s)<\/li>\n<li>Recherche efficace (l'utilisateur doit trouver l'objet recherch\u00e9 apr\u00e8s 3 clics maximum)<\/li>\n<li>Une navigation adapt\u00e9e aux besoins des utilisateurs et intuitive<\/li>\n<\/ul>\n<p><strong>Un syst\u00e8me de gestion flexible comme base<\/strong><br \/>\nAvec IMS PREMIUM d'IMS Integrierte Managementsysteme AG, nous avons trouv\u00e9 le logiciel de gestion de la qualit\u00e9 ad\u00e9quat qui, gr\u00e2ce \u00e0 son haut degr\u00e9 de configurabilit\u00e9, offre les diverses exigences et l'individualisation souhait\u00e9e.<\/p>\n<p>&nbsp;<\/p>\n<p>La solution bas\u00e9e sur le web ne n\u00e9cessite qu'un navigateur web et un acc\u00e8s \u00e0 Internet pour \u00eatre utilis\u00e9e. Cela permet la saisie et le traitement d\u00e9centralis\u00e9s du contenu sans qu'il soit n\u00e9cessaire d'installer un logiciel local dans les locaux de l'utilisateur. Il en r\u00e9sulte des processus et des documents normalis\u00e9s qui sont g\u00e9r\u00e9s selon les directives au moyen d'un workflow.<\/p>\n<p>&nbsp;<\/p>\n<p><strong><em>L'efficience et l'efficacit\u00e9 sont \u00e0 la base du syst\u00e8me de gestion<\/em><\/strong><\/p>\n<p>&nbsp;<\/p>\n<p>peut \u00eatre contr\u00f4l\u00e9e et g\u00e9r\u00e9e. Des fonctions de contr\u00f4le et de surveillance automatiques avec des courriels de rappel aident les propri\u00e9taires \u00e0 respecter les intervalles d'inspection et donc \u00e0 maintenir le syst\u00e8me de gestion \u00e0 jour en permanence.<\/p>\n<p>&nbsp;<\/p>\n<p>La possibilit\u00e9 d'int\u00e9grer le corporate design et la connexion flexible au syst\u00e8me tiers<\/p>\n<p>&nbsp;<\/p>\n<p>ont \u00e9galement \u00e9t\u00e9 des facteurs d\u00e9cisifs dans le choix d'IMS PREMIUM. Ils garantissent un niveau \u00e9lev\u00e9 d'acceptation parmi les utilisateurs et permettent un travail efficace dans le paysage des syst\u00e8mes en r\u00e9seau<\/p>\n<p><strong>R\u00e9sultats de l'optimisation<\/strong><br \/>\nAujourd'hui, la fourniture de services chez cablex est enti\u00e8rement orient\u00e9e et contr\u00f4l\u00e9e par les processus. Les processus sont con\u00e7us de mani\u00e8re \u00e0 tenir compte de tous les besoins individuels des clients.<\/p>\n<p>&nbsp;<\/p>\n<p>L'efficience et l'efficacit\u00e9 sont \u00e0 la base du syst\u00e8me de gestion. Gr\u00e2ce \u00e0 l'utilisation coh\u00e9rente par les employ\u00e9s, il a \u00e9t\u00e9 possible d'obtenir un contenu de haute qualit\u00e9 des processus et des documents. L'acceptation par les utilisateurs, qui a \u00e9t\u00e9 favoris\u00e9e par l'utilisation simplifi\u00e9e et personnalisable dans la vie quotidienne, peut donc \u00e9galement \u00eatre cit\u00e9e comme une cl\u00e9 du succ\u00e8s.<\/p>\n<p>&nbsp;<\/p>\n<p>La page d'accueil personnalis\u00e9e y contribue de mani\u00e8re significative. Par exemple, il offre aux utilisateurs la possibilit\u00e9 d'appeler leurs 10 principaux \u00e9l\u00e9ments dans des processus ou des documents directement \u00e0 partir de la page d'accueil du programme. Des fonctions de recherche simples, des syst\u00e8mes tiers ou des articles sur cablex sont \u00e9galement accessibles depuis la page d'accueil.<\/p>\n<p><strong>Avec de nouvelles id\u00e9es pour l'avenir<\/strong><br \/>\nLe syst\u00e8me de gestion doit \u00eatre de plus en plus utilis\u00e9, en particulier dans le cadre d'une utilisation mobile. \u00c0 cette fin, les optimisations pour l'utilisation des iPads seront encore d\u00e9velopp\u00e9es. En outre, les donn\u00e9es d'utilisation de certains processus et documents seront \u00e9valu\u00e9es afin de d\u00e9couvrir le potentiel et d'am\u00e9liorer encore la qualit\u00e9 du syst\u00e8me de gestion int\u00e9gr\u00e9e. Pour cablex, il est essentiel de pouvoir compter sur des logiciels flexibles et extensibles.<\/p>","protected":false},"excerpt":{"rendered":"<p>&nbsp; &nbsp; &nbsp; Offen sein f\u00fcr Neues und dabei immer ein Auge auf zukunftsorientierte Entwicklungen haben. Dabei Sicherheit, Qualit\u00e4t und Umwelt ins Zentrum stellen. Diese nachhaltigen, gesch\u00e4ftsbestimmenden Unternehmenswerte f\u00fchrten cablex schon fr\u00fch dazu, Prozesse und Abl\u00e4ufe so zu definieren, um ISO-Zertifizierungen in Qualit\u00e4t, Umwelt- und Sicherheitsmanagement zu erlangen. Als Totalunternehmer ist die cablex f\u00fchrend im [&hellip;]<\/p>\n","protected":false},"author":66,"featured_media":11309,"comment_status":"closed","ping_status":"closed","sticky":false,"template":"","format":"standard","meta":{"_acf_changed":false,"footnotes":""},"categories":[4448],"tags":[4771],"class_list":["post-11308","post","type-post","status-publish","format-standard","has-post-thumbnail","hentry","category-allgemein","tag-1-2-2016"],"acf":[],"yoast_head":"<!-- This site is optimized with the Yoast SEO plugin v26.2 - https:\/\/yoast.com\/wordpress\/plugins\/seo\/ -->\n<title>Vernetzt zu mehr Leistung \u2013 auch im Qualit\u00e4tsmanagement - MQ Management und Qualit\u00e4t<\/title>\n<meta name=\"description\" content=\"Nichts ist einer so rasanten Entwicklung unterworfen wie die Technologien in den Bereichen Kommunikation, Energie und Transport. Da gilt es auch in der internen Organisation, stets einen Schritt vorauszudenken. Die Firma cablex hat die Integration eines Managementsystems so konsequent umgesetzt, dass ein dynamisches Informationssystem entstanden ist, welches mit seinen erweiterten Anforderungen organisch mitw\u00e4chst.\" \/>\n<meta name=\"robots\" content=\"index, follow, max-snippet:-1, max-image-preview:large, max-video-preview:-1\" \/>\n<link rel=\"canonical\" href=\"https:\/\/www.m-q.ch\/fr\/un-reseau-pour-plus-de-performance-meme-dans-la-gestion-de-la-qualite\/\" \/>\n<meta property=\"og:locale\" content=\"fr_FR\" \/>\n<meta property=\"og:type\" content=\"article\" \/>\n<meta property=\"og:title\" content=\"Vernetzt zu mehr Leistung \u2013 auch im Qualit\u00e4tsmanagement - MQ Management und Qualit\u00e4t\" \/>\n<meta property=\"og:description\" content=\"Nichts ist einer so rasanten Entwicklung unterworfen wie die Technologien in den Bereichen Kommunikation, Energie und Transport. Da gilt es auch in der internen Organisation, stets einen Schritt vorauszudenken. Die Firma cablex hat die Integration eines Managementsystems so konsequent umgesetzt, dass ein dynamisches Informationssystem entstanden ist, welches mit seinen erweiterten Anforderungen organisch mitw\u00e4chst.\" \/>\n<meta property=\"og:url\" content=\"https:\/\/www.m-q.ch\/fr\/un-reseau-pour-plus-de-performance-meme-dans-la-gestion-de-la-qualite\/\" \/>\n<meta property=\"og:site_name\" content=\"MQ Management und Qualit\u00e4t\" \/>\n<meta property=\"article:publisher\" content=\"https:\/\/www.facebook.com\/ManagementUndQualitaet\" \/>\n<meta property=\"article:published_time\" content=\"2016-02-17T08:17:03+00:00\" \/>\n<meta property=\"article:modified_time\" content=\"2021-02-13T08:34:03+00:00\" \/>\n<meta property=\"og:image\" content=\"https:\/\/www.m-q.ch\/wp-content\/uploads\/2021\/02\/Vernetzt-zu-mehr-Leistung-\u2013-auch-im-Qualitaetsmanagement.jpg\" \/>\n\t<meta property=\"og:image:width\" content=\"870\" \/>\n\t<meta property=\"og:image:height\" content=\"627\" \/>\n\t<meta property=\"og:image:type\" content=\"image\/jpeg\" \/>\n<meta name=\"author\" content=\"upwork_1\" \/>\n<meta name=\"twitter:card\" content=\"summary_large_image\" \/>\n<meta name=\"twitter:label1\" content=\"\u00c9crit par\" \/>\n\t<meta name=\"twitter:data1\" content=\"upwork_1\" \/>\n\t<meta name=\"twitter:label2\" content=\"Dur\u00e9e de lecture estim\u00e9e\" \/>\n\t<meta name=\"twitter:data2\" content=\"3 minutes\" \/>\n<script type=\"application\/ld+json\" class=\"yoast-schema-graph\">{\"@context\":\"https:\/\/schema.org\",\"@graph\":[{\"@type\":\"Article\",\"@id\":\"https:\/\/www.m-q.ch\/vernetzt-zu-mehr-leistung-auch-im-qualitaetsmanagement\/#article\",\"isPartOf\":{\"@id\":\"https:\/\/www.m-q.ch\/vernetzt-zu-mehr-leistung-auch-im-qualitaetsmanagement\/\"},\"author\":{\"name\":\"upwork_1\",\"@id\":\"https:\/\/www.m-q.ch\/fr\/#\/schema\/person\/0bdf39ca27d0b9b779f5b8af54b3f7d7\"},\"headline\":\"Vernetzt zu mehr Leistung \u2013 auch im Qualit\u00e4tsmanagement\",\"datePublished\":\"2016-02-17T08:17:03+00:00\",\"dateModified\":\"2021-02-13T08:34:03+00:00\",\"mainEntityOfPage\":{\"@id\":\"https:\/\/www.m-q.ch\/vernetzt-zu-mehr-leistung-auch-im-qualitaetsmanagement\/\"},\"wordCount\":646,\"publisher\":{\"@id\":\"https:\/\/www.m-q.ch\/fr\/#organization\"},\"image\":{\"@id\":\"https:\/\/www.m-q.ch\/vernetzt-zu-mehr-leistung-auch-im-qualitaetsmanagement\/#primaryimage\"},\"thumbnailUrl\":\"https:\/\/www.m-q.ch\/wp-content\/uploads\/2021\/02\/Vernetzt-zu-mehr-Leistung-\u2013-auch-im-Qualitaetsmanagement.jpg\",\"keywords\":[\"1\u20132\/2016\"],\"articleSection\":[\"Allgemein\"],\"inLanguage\":\"fr-FR\"},{\"@type\":\"WebPage\",\"@id\":\"https:\/\/www.m-q.ch\/vernetzt-zu-mehr-leistung-auch-im-qualitaetsmanagement\/\",\"url\":\"https:\/\/www.m-q.ch\/vernetzt-zu-mehr-leistung-auch-im-qualitaetsmanagement\/\",\"name\":\"Vernetzt zu mehr Leistung \u2013 auch im Qualit\u00e4tsmanagement - MQ Management und Qualit\u00e4t\",\"isPartOf\":{\"@id\":\"https:\/\/www.m-q.ch\/fr\/#website\"},\"primaryImageOfPage\":{\"@id\":\"https:\/\/www.m-q.ch\/vernetzt-zu-mehr-leistung-auch-im-qualitaetsmanagement\/#primaryimage\"},\"image\":{\"@id\":\"https:\/\/www.m-q.ch\/vernetzt-zu-mehr-leistung-auch-im-qualitaetsmanagement\/#primaryimage\"},\"thumbnailUrl\":\"https:\/\/www.m-q.ch\/wp-content\/uploads\/2021\/02\/Vernetzt-zu-mehr-Leistung-\u2013-auch-im-Qualitaetsmanagement.jpg\",\"datePublished\":\"2016-02-17T08:17:03+00:00\",\"dateModified\":\"2021-02-13T08:34:03+00:00\",\"description\":\"Nichts ist einer so rasanten Entwicklung unterworfen wie die Technologien in den Bereichen Kommunikation, Energie und Transport. Da gilt es auch in der internen Organisation, stets einen Schritt vorauszudenken. Die Firma cablex hat die Integration eines Managementsystems so konsequent umgesetzt, dass ein dynamisches Informationssystem entstanden ist, welches mit seinen erweiterten Anforderungen organisch mitw\u00e4chst.\",\"breadcrumb\":{\"@id\":\"https:\/\/www.m-q.ch\/vernetzt-zu-mehr-leistung-auch-im-qualitaetsmanagement\/#breadcrumb\"},\"inLanguage\":\"fr-FR\",\"potentialAction\":[{\"@type\":\"ReadAction\",\"target\":[\"https:\/\/www.m-q.ch\/vernetzt-zu-mehr-leistung-auch-im-qualitaetsmanagement\/\"]}]},{\"@type\":\"ImageObject\",\"inLanguage\":\"fr-FR\",\"@id\":\"https:\/\/www.m-q.ch\/vernetzt-zu-mehr-leistung-auch-im-qualitaetsmanagement\/#primaryimage\",\"url\":\"https:\/\/www.m-q.ch\/wp-content\/uploads\/2021\/02\/Vernetzt-zu-mehr-Leistung-\u2013-auch-im-Qualitaetsmanagement.jpg\",\"contentUrl\":\"https:\/\/www.m-q.ch\/wp-content\/uploads\/2021\/02\/Vernetzt-zu-mehr-Leistung-\u2013-auch-im-Qualitaetsmanagement.jpg\",\"width\":870,\"height\":627,\"caption\":\"Vernetzt zu mehr Leistung \u2013 auch im Qualit\u00e4tsmanagement\"},{\"@type\":\"BreadcrumbList\",\"@id\":\"https:\/\/www.m-q.ch\/vernetzt-zu-mehr-leistung-auch-im-qualitaetsmanagement\/#breadcrumb\",\"itemListElement\":[{\"@type\":\"ListItem\",\"position\":1,\"name\":\"Allgemein\",\"item\":\"https:\/\/www.m-q.ch\/kategorie\/allgemein\/\"},{\"@type\":\"ListItem\",\"position\":2,\"name\":\"Vernetzt zu mehr Leistung \u2013 auch im Qualit\u00e4tsmanagement\"}]},{\"@type\":\"WebSite\",\"@id\":\"https:\/\/www.m-q.ch\/fr\/#website\",\"url\":\"https:\/\/www.m-q.ch\/fr\/\",\"name\":\"MQ Management und Qualit\u00e4t\",\"description\":\"Plattform f\u00fcr integrierte Managementsysteme.\",\"publisher\":{\"@id\":\"https:\/\/www.m-q.ch\/fr\/#organization\"},\"potentialAction\":[{\"@type\":\"SearchAction\",\"target\":{\"@type\":\"EntryPoint\",\"urlTemplate\":\"https:\/\/www.m-q.ch\/fr\/?s={search_term_string}\"},\"query-input\":{\"@type\":\"PropertyValueSpecification\",\"valueRequired\":true,\"valueName\":\"search_term_string\"}}],\"inLanguage\":\"fr-FR\"},{\"@type\":\"Organization\",\"@id\":\"https:\/\/www.m-q.ch\/fr\/#organization\",\"name\":\"Galledia Fachmedien AG\",\"url\":\"https:\/\/www.m-q.ch\/fr\/\",\"logo\":{\"@type\":\"ImageObject\",\"inLanguage\":\"fr-FR\",\"@id\":\"https:\/\/www.m-q.ch\/fr\/#\/schema\/logo\/image\/\",\"url\":\"https:\/\/www.m-q.ch\/wp-content\/uploads\/2020\/12\/cropped-logo_small.png\",\"contentUrl\":\"https:\/\/www.m-q.ch\/wp-content\/uploads\/2020\/12\/cropped-logo_small.png\",\"width\":512,\"height\":512,\"caption\":\"Galledia Fachmedien AG\"},\"image\":{\"@id\":\"https:\/\/www.m-q.ch\/fr\/#\/schema\/logo\/image\/\"},\"sameAs\":[\"https:\/\/www.facebook.com\/ManagementUndQualitaet\",\"https:\/\/www.linkedin.com\/showcase\/17982321\/admin\/\"]},{\"@type\":\"Person\",\"@id\":\"https:\/\/www.m-q.ch\/fr\/#\/schema\/person\/0bdf39ca27d0b9b779f5b8af54b3f7d7\",\"name\":\"upwork_1\",\"image\":{\"@type\":\"ImageObject\",\"inLanguage\":\"fr-FR\",\"@id\":\"https:\/\/www.m-q.ch\/fr\/#\/schema\/person\/image\/\",\"url\":\"https:\/\/secure.gravatar.com\/avatar\/04d4d0fdc5886d535809f17d0eace7f6?s=96&d=mm&r=g\",\"contentUrl\":\"https:\/\/secure.gravatar.com\/avatar\/04d4d0fdc5886d535809f17d0eace7f6?s=96&d=mm&r=g\",\"caption\":\"upwork_1\"},\"url\":\"https:\/\/www.m-q.ch\/fr\/author\/upwork_1\/\"}]}<\/script>\n<!-- \/ Yoast SEO plugin. -->","yoast_head_json":{"title":"Mise en r\u00e9seau pour de meilleures performances - \u00e9galement dans la gestion de la qualit\u00e9 - MQ Management und Qualit\u00e4t","description":"Rien n'est soumis \u00e0 un d\u00e9veloppement aussi rapide que les technologies dans les domaines de la communication, de l'\u00e9nergie et des transports. Il est donc \u00e9galement important que l'organisation interne ait toujours une longueur d'avance. La soci\u00e9t\u00e9 cablex a mis en place l'int\u00e9gration d'un syst\u00e8me de gestion de mani\u00e8re si coh\u00e9rente qu'un syst\u00e8me d'information dynamique a \u00e9t\u00e9 cr\u00e9\u00e9, qui se d\u00e9veloppe de mani\u00e8re organique avec ses exigences accrues.","robots":{"index":"index","follow":"follow","max-snippet":"max-snippet:-1","max-image-preview":"max-image-preview:large","max-video-preview":"max-video-preview:-1"},"canonical":"https:\/\/www.m-q.ch\/fr\/un-reseau-pour-plus-de-performance-meme-dans-la-gestion-de-la-qualite\/","og_locale":"fr_FR","og_type":"article","og_title":"Vernetzt zu mehr Leistung \u2013 auch im Qualit\u00e4tsmanagement - MQ Management und Qualit\u00e4t","og_description":"Nichts ist einer so rasanten Entwicklung unterworfen wie die Technologien in den Bereichen Kommunikation, Energie und Transport. Da gilt es auch in der internen Organisation, stets einen Schritt vorauszudenken. Die Firma cablex hat die Integration eines Managementsystems so konsequent umgesetzt, dass ein dynamisches Informationssystem entstanden ist, welches mit seinen erweiterten Anforderungen organisch mitw\u00e4chst.","og_url":"https:\/\/www.m-q.ch\/fr\/un-reseau-pour-plus-de-performance-meme-dans-la-gestion-de-la-qualite\/","og_site_name":"MQ Management und Qualit\u00e4t","article_publisher":"https:\/\/www.facebook.com\/ManagementUndQualitaet","article_published_time":"2016-02-17T08:17:03+00:00","article_modified_time":"2021-02-13T08:34:03+00:00","og_image":[{"width":870,"height":627,"url":"https:\/\/www.m-q.ch\/wp-content\/uploads\/2021\/02\/Vernetzt-zu-mehr-Leistung-\u2013-auch-im-Qualitaetsmanagement.jpg","type":"image\/jpeg"}],"author":"upwork_1","twitter_card":"summary_large_image","twitter_misc":{"\u00c9crit par":"upwork_1","Dur\u00e9e de lecture estim\u00e9e":"3 minutes"},"schema":{"@context":"https:\/\/schema.org","@graph":[{"@type":"Article","@id":"https:\/\/www.m-q.ch\/vernetzt-zu-mehr-leistung-auch-im-qualitaetsmanagement\/#article","isPartOf":{"@id":"https:\/\/www.m-q.ch\/vernetzt-zu-mehr-leistung-auch-im-qualitaetsmanagement\/"},"author":{"name":"upwork_1","@id":"https:\/\/www.m-q.ch\/fr\/#\/schema\/person\/0bdf39ca27d0b9b779f5b8af54b3f7d7"},"headline":"Vernetzt zu mehr Leistung \u2013 auch im Qualit\u00e4tsmanagement","datePublished":"2016-02-17T08:17:03+00:00","dateModified":"2021-02-13T08:34:03+00:00","mainEntityOfPage":{"@id":"https:\/\/www.m-q.ch\/vernetzt-zu-mehr-leistung-auch-im-qualitaetsmanagement\/"},"wordCount":646,"publisher":{"@id":"https:\/\/www.m-q.ch\/fr\/#organization"},"image":{"@id":"https:\/\/www.m-q.ch\/vernetzt-zu-mehr-leistung-auch-im-qualitaetsmanagement\/#primaryimage"},"thumbnailUrl":"https:\/\/www.m-q.ch\/wp-content\/uploads\/2021\/02\/Vernetzt-zu-mehr-Leistung-\u2013-auch-im-Qualitaetsmanagement.jpg","keywords":["1\u20132\/2016"],"articleSection":["Allgemein"],"inLanguage":"fr-FR"},{"@type":"WebPage","@id":"https:\/\/www.m-q.ch\/vernetzt-zu-mehr-leistung-auch-im-qualitaetsmanagement\/","url":"https:\/\/www.m-q.ch\/vernetzt-zu-mehr-leistung-auch-im-qualitaetsmanagement\/","name":"Mise en r\u00e9seau pour de meilleures performances - \u00e9galement dans la gestion de la qualit\u00e9 - MQ Management und Qualit\u00e4t","isPartOf":{"@id":"https:\/\/www.m-q.ch\/fr\/#website"},"primaryImageOfPage":{"@id":"https:\/\/www.m-q.ch\/vernetzt-zu-mehr-leistung-auch-im-qualitaetsmanagement\/#primaryimage"},"image":{"@id":"https:\/\/www.m-q.ch\/vernetzt-zu-mehr-leistung-auch-im-qualitaetsmanagement\/#primaryimage"},"thumbnailUrl":"https:\/\/www.m-q.ch\/wp-content\/uploads\/2021\/02\/Vernetzt-zu-mehr-Leistung-\u2013-auch-im-Qualitaetsmanagement.jpg","datePublished":"2016-02-17T08:17:03+00:00","dateModified":"2021-02-13T08:34:03+00:00","description":"Rien n'est soumis \u00e0 un d\u00e9veloppement aussi rapide que les technologies dans les domaines de la communication, de l'\u00e9nergie et des transports. Il est donc \u00e9galement important que l'organisation interne ait toujours une longueur d'avance. La soci\u00e9t\u00e9 cablex a mis en place l'int\u00e9gration d'un syst\u00e8me de gestion de mani\u00e8re si coh\u00e9rente qu'un syst\u00e8me d'information dynamique a \u00e9t\u00e9 cr\u00e9\u00e9, qui se d\u00e9veloppe de mani\u00e8re organique avec ses exigences accrues.","breadcrumb":{"@id":"https:\/\/www.m-q.ch\/vernetzt-zu-mehr-leistung-auch-im-qualitaetsmanagement\/#breadcrumb"},"inLanguage":"fr-FR","potentialAction":[{"@type":"ReadAction","target":["https:\/\/www.m-q.ch\/vernetzt-zu-mehr-leistung-auch-im-qualitaetsmanagement\/"]}]},{"@type":"ImageObject","inLanguage":"fr-FR","@id":"https:\/\/www.m-q.ch\/vernetzt-zu-mehr-leistung-auch-im-qualitaetsmanagement\/#primaryimage","url":"https:\/\/www.m-q.ch\/wp-content\/uploads\/2021\/02\/Vernetzt-zu-mehr-Leistung-\u2013-auch-im-Qualitaetsmanagement.jpg","contentUrl":"https:\/\/www.m-q.ch\/wp-content\/uploads\/2021\/02\/Vernetzt-zu-mehr-Leistung-\u2013-auch-im-Qualitaetsmanagement.jpg","width":870,"height":627,"caption":"Vernetzt zu mehr Leistung \u2013 auch im Qualit\u00e4tsmanagement"},{"@type":"BreadcrumbList","@id":"https:\/\/www.m-q.ch\/vernetzt-zu-mehr-leistung-auch-im-qualitaetsmanagement\/#breadcrumb","itemListElement":[{"@type":"ListItem","position":1,"name":"Allgemein","item":"https:\/\/www.m-q.ch\/kategorie\/allgemein\/"},{"@type":"ListItem","position":2,"name":"Vernetzt zu mehr Leistung \u2013 auch im Qualit\u00e4tsmanagement"}]},{"@type":"WebSite","@id":"https:\/\/www.m-q.ch\/fr\/#website","url":"https:\/\/www.m-q.ch\/fr\/","name":"Gestion et qualit\u00e9 du QM","description":"Plate-forme pour les syst\u00e8mes de gestion int\u00e9gr\u00e9e.","publisher":{"@id":"https:\/\/www.m-q.ch\/fr\/#organization"},"potentialAction":[{"@type":"SearchAction","target":{"@type":"EntryPoint","urlTemplate":"https:\/\/www.m-q.ch\/fr\/?s={search_term_string}"},"query-input":{"@type":"PropertyValueSpecification","valueRequired":true,"valueName":"search_term_string"}}],"inLanguage":"fr-FR"},{"@type":"Organization","@id":"https:\/\/www.m-q.ch\/fr\/#organization","name":"Galledia Trade Media AG","url":"https:\/\/www.m-q.ch\/fr\/","logo":{"@type":"ImageObject","inLanguage":"fr-FR","@id":"https:\/\/www.m-q.ch\/fr\/#\/schema\/logo\/image\/","url":"https:\/\/www.m-q.ch\/wp-content\/uploads\/2020\/12\/cropped-logo_small.png","contentUrl":"https:\/\/www.m-q.ch\/wp-content\/uploads\/2020\/12\/cropped-logo_small.png","width":512,"height":512,"caption":"Galledia Fachmedien AG"},"image":{"@id":"https:\/\/www.m-q.ch\/fr\/#\/schema\/logo\/image\/"},"sameAs":["https:\/\/www.facebook.com\/ManagementUndQualitaet","https:\/\/www.linkedin.com\/showcase\/17982321\/admin\/"]},{"@type":"Person","@id":"https:\/\/www.m-q.ch\/fr\/#\/schema\/person\/0bdf39ca27d0b9b779f5b8af54b3f7d7","name":"upwork_1","image":{"@type":"ImageObject","inLanguage":"fr-FR","@id":"https:\/\/www.m-q.ch\/fr\/#\/schema\/person\/image\/","url":"https:\/\/secure.gravatar.com\/avatar\/04d4d0fdc5886d535809f17d0eace7f6?s=96&d=mm&r=g","contentUrl":"https:\/\/secure.gravatar.com\/avatar\/04d4d0fdc5886d535809f17d0eace7f6?s=96&d=mm&r=g","caption":"upwork_1"},"url":"https:\/\/www.m-q.ch\/fr\/author\/upwork_1\/"}]}},"_links":{"self":[{"href":"https:\/\/www.m-q.ch\/fr\/wp-json\/wp\/v2\/posts\/11308","targetHints":{"allow":["GET"]}}],"collection":[{"href":"https:\/\/www.m-q.ch\/fr\/wp-json\/wp\/v2\/posts"}],"about":[{"href":"https:\/\/www.m-q.ch\/fr\/wp-json\/wp\/v2\/types\/post"}],"author":[{"embeddable":true,"href":"https:\/\/www.m-q.ch\/fr\/wp-json\/wp\/v2\/users\/66"}],"replies":[{"embeddable":true,"href":"https:\/\/www.m-q.ch\/fr\/wp-json\/wp\/v2\/comments?post=11308"}],"version-history":[{"count":2,"href":"https:\/\/www.m-q.ch\/fr\/wp-json\/wp\/v2\/posts\/11308\/revisions"}],"predecessor-version":[{"id":11315,"href":"https:\/\/www.m-q.ch\/fr\/wp-json\/wp\/v2\/posts\/11308\/revisions\/11315"}],"wp:featuredmedia":[{"embeddable":true,"href":"https:\/\/www.m-q.ch\/fr\/wp-json\/wp\/v2\/media\/11309"}],"wp:attachment":[{"href":"https:\/\/www.m-q.ch\/fr\/wp-json\/wp\/v2\/media?parent=11308"}],"wp:term":[{"taxonomy":"category","embeddable":true,"href":"https:\/\/www.m-q.ch\/fr\/wp-json\/wp\/v2\/categories?post=11308"},{"taxonomy":"post_tag","embeddable":true,"href":"https:\/\/www.m-q.ch\/fr\/wp-json\/wp\/v2\/tags?post=11308"}],"curies":[{"name":"wp","href":"https:\/\/api.w.org\/{rel}","templated":true}]}}