{"id":11332,"date":"2016-02-21T09:53:07","date_gmt":"2016-02-21T08:53:07","guid":{"rendered":"https:\/\/www.m-q.ch\/?p=11332"},"modified":"2021-02-13T10:05:30","modified_gmt":"2021-02-13T09:05:30","slug":"hannes-tient-le-proces-verbal","status":"publish","type":"post","link":"https:\/\/www.m-q.ch\/fr\/hannes-fuehrt-protokoll\/","title":{"rendered":"Hannes prend le proc\u00e8s-verbal"},"content":{"rendered":"<p>Au milieu de ses pr\u00e9paratifs physiques et mentaux, son t\u00e9l\u00e9phone portable sonne - le num\u00e9ro du bureau a d\u00e9j\u00e0 \u00e9t\u00e9 transf\u00e9r\u00e9 au secr\u00e9tariat. Son patron le cherche. \"Pourriez-vous r\u00e9diger le proc\u00e8s-verbal de la r\u00e9union d'aujourd'hui ? Mme Blatter est malade. Comme vous avez le moins de points \u00e0 l'ordre du jour, je voudrais vous confier cette t\u00e2che importante. Vous savez, en gros, le preneur de minutes est la personne la plus importante - \u00e0 c\u00f4t\u00e9 du patron\". \"Je vais faire \u00e7a\", r\u00e9pond Hannes, un peu grincheux. A contrec\u0153ur, il se dit : \"Je dois le faire. \"La personne la plus importante\" mon cul... flatterie maladroite.\" Hannes ne se sent pas comme la deuxi\u00e8me personne la plus importante de l'entreprise en ce moment.<\/p>\n<p>&nbsp;<\/p>\n<p>Ponctuellement - comme toujours - tout le monde se salue amicalement, et le patron commence par le dr\u00f4le de dicton officiel \"alors \u00e9clatons-nous\", qui a toujours \u00e9t\u00e9 le m\u00eame depuis des ann\u00e9es. Un court rire d'\u00e9chauffement mis en sc\u00e8ne et tout le monde s'assied - comme toujours - sur les m\u00eames si\u00e8ges. Le patron commence : \"Je voudrais vous souhaiter la bienvenue \u00e0 tous\". Hannes prend des notes et tr\u00e9buche sur le mot \"voudrait\". Pourquoi \"voudrait\" ? Il pourrait tout simplement le faire. Hannes devrait-il maintenant \u00e9crire \"d\u00e9claration d'intention\" sous le point 1 de l'ordre du jour \"bienvenue\" ? Il n'a pas le temps d'y r\u00e9fl\u00e9chir. Il poursuit avec force en disant : \"Nous avons un programme \"sportif\" aujourd'hui (ce dicton est toujours le m\u00eame, tout comme le rire calcul\u00e9 de chacun).<\/p>\n<p>&nbsp;<\/p>\n<p>Le responsable des ventes pr\u00e9sente les chiffres de vente de la semaine \u00e9coul\u00e9e. Ces derniers ont l'air mal en point depuis un certain temps. Sa voix \u00e9tait d\u00e9j\u00e0 impr\u00e9gn\u00e9e de plus de confiance. \"Pourquoi n'avez-vous pas march\u00e9 sur le gaz plus souvent ?\" demande le patron. Le directeur commercial : \"La situation du march\u00e9 est extraordinaire. Pendant ce temps, les concurrents produisent presque exclusivement en Chine et ont de meilleurs prix\". Le directeur de production glisse avec malaise sur sa chaise : \"Nous travaillons d\u00e9j\u00e0 avec des co\u00fbts \u00e0 la limite inf\u00e9rieure. Je ne peux pas accepter que<\/p>\n<p>&nbsp;<\/p>\n<p><em><strong>Hannes s'amuse \u00e0 compter des phrases comme \"on devrait\" ou \"on devrait\".<\/strong><\/em><\/p>\n<p>&nbsp;<\/p>\n<p>nous sommes responsables des mauvais chiffres de vente\". Le patron intervient et met fin au jeu des reproches en disant : \"Nous devons juste voir o\u00f9 nous pouvons optimiser afin d'\u00eatre \u00e0 nouveau un peu plus comp\u00e9titifs en termes de co\u00fbts. Tout le monde acquiesce de fa\u00e7on non verbale et en marmonnant \"exactement \u00e0 droite\". Une fois de plus, le patron est all\u00e9 droit au but. Hannes prend des notes avec diligence, jusqu'\u00e0 ce que l'expression \"il faut juste...\" le fasse h\u00e9siter. Dans son protocole, il manque maintenant de savoir qui fait quoi jusqu'\u00e0 quand. Cette d\u00e9claration n'est peut-\u00eatre aussi qu'une d\u00e9claration d'intention.<\/p>\n<p>&nbsp;<\/p>\n<p>L'agenda est d\u00e9j\u00e0 en retard. Le patron sugg\u00e8re de renoncer exceptionnellement \u00e0 la pause caf\u00e9. \"Pas de probl\u00e8me\", r\u00e9p\u00e8te le groupe. Le chef du d\u00e9partement des ressources humaines sugg\u00e8re qu'une r\u00e9union d'une journ\u00e9e enti\u00e8re pourrait peut-\u00eatre \u00eatre organis\u00e9e afin de r\u00e9duire la montagne de travail inachev\u00e9. \"Bonne id\u00e9e\", c'est l'\u00e9cho, et le patron pr\u00e9cise : \"Nous devrions nous attaquer \u00e0 cela.\" Hannes prend des notes et r\u00e9fl\u00e9chit \u00e0 la \"d\u00e9claration d'intention ou d'objectif\".<\/p>\n<p>&nbsp;<\/p>\n<p>Les membres de l'\u00e9quipe de direction parcourent l'entreprise en un rapide staccato. Hannes observe comment certains d'entre eux prennent officiellement des notes sur leurs tablettes. Lorsqu'il retournera \u00e0 son bureau, il recevra des courriels de ses coll\u00e8gues du conseil d'administration, qu'ils ont r\u00e9dig\u00e9s dans la matin\u00e9e. Cela peut \u00eatre bien fait d\u00e9guis\u00e9. Marquez le nerd, mais \u00e9crivez des courriels.<\/p>\n<p>&nbsp;<\/p>\n<p>Quelques fois encore, Hannes se surprend \u00e0 penser \"d\u00e9claration d'intention\". Il s'amuse \u00e0 compter des phrases comme \"on devrait\" ou \"on devrait\" dans une statistique personnelle : Sept fois \"on devrait\" et une fois \"on devrait\".<\/p>\n<p>&nbsp;<\/p>\n<p>Apr\u00e8s quatre heures de s\u00e9ance bien remplie, le patron conclut : \"J'esp\u00e8re que le temps suppl\u00e9mentaire ne vous a pas fait de mal\". Toujours le m\u00eame dicton. Il est 12h30 et le patron nous fait ses adieux avec la sortie habituelle : \"Je vous remercie beaucoup\". Il aurait donc \u00e9t\u00e9 la derni\u00e8re d\u00e9claration d'intention de la matin\u00e9e....<\/p>","protected":false},"excerpt":{"rendered":"<p>Mitten in die physischen und psychischen Vorbereitungen klingelt sein Handy \u2013 die B\u00fcronummer ist bereits aufs Sekretariat umgeschaltet. Sein Chef sucht ihn. \u00abK\u00f6nntest du heute das Protokoll der Sitzung f\u00fchren? Frau Blatter ist krank. Weil du am wenigsten Traktanden hast, m\u00f6chte ich dir diese wichtige Aufgabe \u00fcbertragen. Du weisst doch, im Grunde ist der Protokollf\u00fchrer [&hellip;]<\/p>\n","protected":false},"author":66,"featured_media":0,"comment_status":"closed","ping_status":"closed","sticky":false,"template":"","format":"standard","meta":{"_acf_changed":false,"footnotes":""},"categories":[4448],"tags":[4771],"class_list":["post-11332","post","type-post","status-publish","format-standard","hentry","category-allgemein","tag-1-2-2016"],"acf":[],"yoast_head":"<!-- This site is optimized with the Yoast SEO plugin v26.2 - https:\/\/yoast.com\/wordpress\/plugins\/seo\/ -->\n<title>Hannes f\u00fchrt Protokoll - MQ Management und Qualit\u00e4t<\/title>\n<meta name=\"description\" content=\"M ontagmorgen, 8.00 Uhr. Hannes sitzt im B\u00fcro und bereitet sich auf die Gesch\u00e4ftsleitungssitzung vor. Ein w\u00f6chentliches Ritual. Beginn 8.30 Uhr, Kaffee um 10 Uhr. Letzterer wird wegen der \u00fcberfrachteten Traktandenliste jeweils spontan gestrichen. Offizieller Schluss 11.45 Uhr, faktisch nie vor 12.30 Uhr. Deshalb genehmigt Hannes sich den Kaffee prophylaktisch und l\u00e4sst seinen Apfel zwischen den Z\u00e4hnen knacken. Der Apfel ist neu, fr\u00fcher wars Kuchen. Seit dem internen Programm \u00abfit-for-work\u00bb w\u00e4hlen die Gesch\u00e4ftsleitungsmitglieder die Zwischenverpflegungen nach dem Vorbild-Ansatz aus.\" \/>\n<meta name=\"robots\" content=\"index, follow, max-snippet:-1, max-image-preview:large, max-video-preview:-1\" \/>\n<link rel=\"canonical\" href=\"https:\/\/www.m-q.ch\/fr\/hannes-tient-le-proces-verbal\/\" \/>\n<meta property=\"og:locale\" content=\"fr_FR\" \/>\n<meta property=\"og:type\" content=\"article\" \/>\n<meta property=\"og:title\" content=\"Hannes f\u00fchrt Protokoll - MQ Management und Qualit\u00e4t\" \/>\n<meta property=\"og:description\" content=\"M ontagmorgen, 8.00 Uhr. Hannes sitzt im B\u00fcro und bereitet sich auf die Gesch\u00e4ftsleitungssitzung vor. Ein w\u00f6chentliches Ritual. Beginn 8.30 Uhr, Kaffee um 10 Uhr. Letzterer wird wegen der \u00fcberfrachteten Traktandenliste jeweils spontan gestrichen. Offizieller Schluss 11.45 Uhr, faktisch nie vor 12.30 Uhr. Deshalb genehmigt Hannes sich den Kaffee prophylaktisch und l\u00e4sst seinen Apfel zwischen den Z\u00e4hnen knacken. Der Apfel ist neu, fr\u00fcher wars Kuchen. Seit dem internen Programm \u00abfit-for-work\u00bb w\u00e4hlen die Gesch\u00e4ftsleitungsmitglieder die Zwischenverpflegungen nach dem Vorbild-Ansatz aus.\" \/>\n<meta property=\"og:url\" content=\"https:\/\/www.m-q.ch\/fr\/hannes-tient-le-proces-verbal\/\" \/>\n<meta property=\"og:site_name\" content=\"MQ Management und Qualit\u00e4t\" \/>\n<meta property=\"article:publisher\" content=\"https:\/\/www.facebook.com\/ManagementUndQualitaet\" \/>\n<meta property=\"article:published_time\" content=\"2016-02-21T08:53:07+00:00\" \/>\n<meta property=\"article:modified_time\" content=\"2021-02-13T09:05:30+00:00\" \/>\n<meta name=\"author\" content=\"upwork_1\" \/>\n<meta name=\"twitter:card\" content=\"summary_large_image\" \/>\n<meta name=\"twitter:label1\" content=\"\u00c9crit par\" \/>\n\t<meta name=\"twitter:data1\" content=\"upwork_1\" \/>\n\t<meta name=\"twitter:label2\" content=\"Dur\u00e9e de lecture estim\u00e9e\" \/>\n\t<meta name=\"twitter:data2\" content=\"3 minutes\" \/>\n<script type=\"application\/ld+json\" class=\"yoast-schema-graph\">{\"@context\":\"https:\/\/schema.org\",\"@graph\":[{\"@type\":\"Article\",\"@id\":\"https:\/\/www.m-q.ch\/hannes-fuehrt-protokoll\/#article\",\"isPartOf\":{\"@id\":\"https:\/\/www.m-q.ch\/hannes-fuehrt-protokoll\/\"},\"author\":{\"name\":\"upwork_1\",\"@id\":\"https:\/\/www.m-q.ch\/fr\/#\/schema\/person\/0bdf39ca27d0b9b779f5b8af54b3f7d7\"},\"headline\":\"Hannes f\u00fchrt Protokoll\",\"datePublished\":\"2016-02-21T08:53:07+00:00\",\"dateModified\":\"2021-02-13T09:05:30+00:00\",\"mainEntityOfPage\":{\"@id\":\"https:\/\/www.m-q.ch\/hannes-fuehrt-protokoll\/\"},\"wordCount\":630,\"publisher\":{\"@id\":\"https:\/\/www.m-q.ch\/fr\/#organization\"},\"keywords\":[\"1\u20132\/2016\"],\"articleSection\":[\"Allgemein\"],\"inLanguage\":\"fr-FR\"},{\"@type\":\"WebPage\",\"@id\":\"https:\/\/www.m-q.ch\/hannes-fuehrt-protokoll\/\",\"url\":\"https:\/\/www.m-q.ch\/hannes-fuehrt-protokoll\/\",\"name\":\"Hannes f\u00fchrt Protokoll - MQ Management und Qualit\u00e4t\",\"isPartOf\":{\"@id\":\"https:\/\/www.m-q.ch\/fr\/#website\"},\"datePublished\":\"2016-02-21T08:53:07+00:00\",\"dateModified\":\"2021-02-13T09:05:30+00:00\",\"description\":\"M ontagmorgen, 8.00 Uhr. Hannes sitzt im B\u00fcro und bereitet sich auf die Gesch\u00e4ftsleitungssitzung vor. Ein w\u00f6chentliches Ritual. Beginn 8.30 Uhr, Kaffee um 10 Uhr. Letzterer wird wegen der \u00fcberfrachteten Traktandenliste jeweils spontan gestrichen. Offizieller Schluss 11.45 Uhr, faktisch nie vor 12.30 Uhr. Deshalb genehmigt Hannes sich den Kaffee prophylaktisch und l\u00e4sst seinen Apfel zwischen den Z\u00e4hnen knacken. Der Apfel ist neu, fr\u00fcher wars Kuchen. Seit dem internen Programm \u00abfit-for-work\u00bb w\u00e4hlen die Gesch\u00e4ftsleitungsmitglieder die Zwischenverpflegungen nach dem Vorbild-Ansatz aus.\",\"breadcrumb\":{\"@id\":\"https:\/\/www.m-q.ch\/hannes-fuehrt-protokoll\/#breadcrumb\"},\"inLanguage\":\"fr-FR\",\"potentialAction\":[{\"@type\":\"ReadAction\",\"target\":[\"https:\/\/www.m-q.ch\/hannes-fuehrt-protokoll\/\"]}]},{\"@type\":\"BreadcrumbList\",\"@id\":\"https:\/\/www.m-q.ch\/hannes-fuehrt-protokoll\/#breadcrumb\",\"itemListElement\":[{\"@type\":\"ListItem\",\"position\":1,\"name\":\"Allgemein\",\"item\":\"https:\/\/www.m-q.ch\/kategorie\/allgemein\/\"},{\"@type\":\"ListItem\",\"position\":2,\"name\":\"Hannes f\u00fchrt Protokoll\"}]},{\"@type\":\"WebSite\",\"@id\":\"https:\/\/www.m-q.ch\/fr\/#website\",\"url\":\"https:\/\/www.m-q.ch\/fr\/\",\"name\":\"MQ Management und Qualit\u00e4t\",\"description\":\"Plattform f\u00fcr integrierte Managementsysteme.\",\"publisher\":{\"@id\":\"https:\/\/www.m-q.ch\/fr\/#organization\"},\"potentialAction\":[{\"@type\":\"SearchAction\",\"target\":{\"@type\":\"EntryPoint\",\"urlTemplate\":\"https:\/\/www.m-q.ch\/fr\/?s={search_term_string}\"},\"query-input\":{\"@type\":\"PropertyValueSpecification\",\"valueRequired\":true,\"valueName\":\"search_term_string\"}}],\"inLanguage\":\"fr-FR\"},{\"@type\":\"Organization\",\"@id\":\"https:\/\/www.m-q.ch\/fr\/#organization\",\"name\":\"Galledia Fachmedien AG\",\"url\":\"https:\/\/www.m-q.ch\/fr\/\",\"logo\":{\"@type\":\"ImageObject\",\"inLanguage\":\"fr-FR\",\"@id\":\"https:\/\/www.m-q.ch\/fr\/#\/schema\/logo\/image\/\",\"url\":\"https:\/\/www.m-q.ch\/wp-content\/uploads\/2020\/12\/cropped-logo_small.png\",\"contentUrl\":\"https:\/\/www.m-q.ch\/wp-content\/uploads\/2020\/12\/cropped-logo_small.png\",\"width\":512,\"height\":512,\"caption\":\"Galledia Fachmedien AG\"},\"image\":{\"@id\":\"https:\/\/www.m-q.ch\/fr\/#\/schema\/logo\/image\/\"},\"sameAs\":[\"https:\/\/www.facebook.com\/ManagementUndQualitaet\",\"https:\/\/www.linkedin.com\/showcase\/17982321\/admin\/\"]},{\"@type\":\"Person\",\"@id\":\"https:\/\/www.m-q.ch\/fr\/#\/schema\/person\/0bdf39ca27d0b9b779f5b8af54b3f7d7\",\"name\":\"upwork_1\",\"image\":{\"@type\":\"ImageObject\",\"inLanguage\":\"fr-FR\",\"@id\":\"https:\/\/www.m-q.ch\/fr\/#\/schema\/person\/image\/\",\"url\":\"https:\/\/secure.gravatar.com\/avatar\/04d4d0fdc5886d535809f17d0eace7f6?s=96&d=mm&r=g\",\"contentUrl\":\"https:\/\/secure.gravatar.com\/avatar\/04d4d0fdc5886d535809f17d0eace7f6?s=96&d=mm&r=g\",\"caption\":\"upwork_1\"},\"url\":\"https:\/\/www.m-q.ch\/fr\/author\/upwork_1\/\"}]}<\/script>\n<!-- \/ Yoast SEO plugin. -->","yoast_head_json":{"title":"Hannes fait le compte-rendu - MQ Management und Qualit\u00e4t","description":"M le matin \u00e0 8h00. Hannes est assis dans le bureau pour pr\u00e9parer la r\u00e9union de gestion. Un rituel hebdomadaire. D\u00e9but \u00e0 8h30, caf\u00e9 \u00e0 10h. Ce dernier est toujours annul\u00e9 spontan\u00e9ment en raison de l'agenda surcharg\u00e9. La r\u00e9union se termine officiellement \u00e0 11h45, mais jamais avant 12h30 en fait. C'est pourquoi Hannes prend un caf\u00e9 prophylactique et laisse sa pomme craquer entre ses dents. La pomme est neuve, c'\u00e9tait un g\u00e2teau avant. Depuis le programme interne \"Fit for work\", les membres de la direction s\u00e9lectionnent les collations selon l'approche mod\u00e8le.","robots":{"index":"index","follow":"follow","max-snippet":"max-snippet:-1","max-image-preview":"max-image-preview:large","max-video-preview":"max-video-preview:-1"},"canonical":"https:\/\/www.m-q.ch\/fr\/hannes-tient-le-proces-verbal\/","og_locale":"fr_FR","og_type":"article","og_title":"Hannes f\u00fchrt Protokoll - MQ Management und Qualit\u00e4t","og_description":"M ontagmorgen, 8.00 Uhr. Hannes sitzt im B\u00fcro und bereitet sich auf die Gesch\u00e4ftsleitungssitzung vor. Ein w\u00f6chentliches Ritual. Beginn 8.30 Uhr, Kaffee um 10 Uhr. Letzterer wird wegen der \u00fcberfrachteten Traktandenliste jeweils spontan gestrichen. Offizieller Schluss 11.45 Uhr, faktisch nie vor 12.30 Uhr. Deshalb genehmigt Hannes sich den Kaffee prophylaktisch und l\u00e4sst seinen Apfel zwischen den Z\u00e4hnen knacken. Der Apfel ist neu, fr\u00fcher wars Kuchen. Seit dem internen Programm \u00abfit-for-work\u00bb w\u00e4hlen die Gesch\u00e4ftsleitungsmitglieder die Zwischenverpflegungen nach dem Vorbild-Ansatz aus.","og_url":"https:\/\/www.m-q.ch\/fr\/hannes-tient-le-proces-verbal\/","og_site_name":"MQ Management und Qualit\u00e4t","article_publisher":"https:\/\/www.facebook.com\/ManagementUndQualitaet","article_published_time":"2016-02-21T08:53:07+00:00","article_modified_time":"2021-02-13T09:05:30+00:00","author":"upwork_1","twitter_card":"summary_large_image","twitter_misc":{"\u00c9crit par":"upwork_1","Dur\u00e9e de lecture estim\u00e9e":"3 minutes"},"schema":{"@context":"https:\/\/schema.org","@graph":[{"@type":"Article","@id":"https:\/\/www.m-q.ch\/hannes-fuehrt-protokoll\/#article","isPartOf":{"@id":"https:\/\/www.m-q.ch\/hannes-fuehrt-protokoll\/"},"author":{"name":"upwork_1","@id":"https:\/\/www.m-q.ch\/fr\/#\/schema\/person\/0bdf39ca27d0b9b779f5b8af54b3f7d7"},"headline":"Hannes f\u00fchrt Protokoll","datePublished":"2016-02-21T08:53:07+00:00","dateModified":"2021-02-13T09:05:30+00:00","mainEntityOfPage":{"@id":"https:\/\/www.m-q.ch\/hannes-fuehrt-protokoll\/"},"wordCount":630,"publisher":{"@id":"https:\/\/www.m-q.ch\/fr\/#organization"},"keywords":["1\u20132\/2016"],"articleSection":["Allgemein"],"inLanguage":"fr-FR"},{"@type":"WebPage","@id":"https:\/\/www.m-q.ch\/hannes-fuehrt-protokoll\/","url":"https:\/\/www.m-q.ch\/hannes-fuehrt-protokoll\/","name":"Hannes fait le compte-rendu - MQ Management und Qualit\u00e4t","isPartOf":{"@id":"https:\/\/www.m-q.ch\/fr\/#website"},"datePublished":"2016-02-21T08:53:07+00:00","dateModified":"2021-02-13T09:05:30+00:00","description":"M le matin \u00e0 8h00. Hannes est assis dans le bureau pour pr\u00e9parer la r\u00e9union de gestion. Un rituel hebdomadaire. D\u00e9but \u00e0 8h30, caf\u00e9 \u00e0 10h. Ce dernier est toujours annul\u00e9 spontan\u00e9ment en raison de l'agenda surcharg\u00e9. La r\u00e9union se termine officiellement \u00e0 11h45, mais jamais avant 12h30 en fait. C'est pourquoi Hannes prend un caf\u00e9 prophylactique et laisse sa pomme craquer entre ses dents. La pomme est neuve, c'\u00e9tait un g\u00e2teau avant. Depuis le programme interne \"Fit for work\", les membres de la direction s\u00e9lectionnent les collations selon l'approche mod\u00e8le.","breadcrumb":{"@id":"https:\/\/www.m-q.ch\/hannes-fuehrt-protokoll\/#breadcrumb"},"inLanguage":"fr-FR","potentialAction":[{"@type":"ReadAction","target":["https:\/\/www.m-q.ch\/hannes-fuehrt-protokoll\/"]}]},{"@type":"BreadcrumbList","@id":"https:\/\/www.m-q.ch\/hannes-fuehrt-protokoll\/#breadcrumb","itemListElement":[{"@type":"ListItem","position":1,"name":"Allgemein","item":"https:\/\/www.m-q.ch\/kategorie\/allgemein\/"},{"@type":"ListItem","position":2,"name":"Hannes f\u00fchrt Protokoll"}]},{"@type":"WebSite","@id":"https:\/\/www.m-q.ch\/fr\/#website","url":"https:\/\/www.m-q.ch\/fr\/","name":"Gestion et qualit\u00e9 du QM","description":"Plate-forme pour les syst\u00e8mes de gestion int\u00e9gr\u00e9e.","publisher":{"@id":"https:\/\/www.m-q.ch\/fr\/#organization"},"potentialAction":[{"@type":"SearchAction","target":{"@type":"EntryPoint","urlTemplate":"https:\/\/www.m-q.ch\/fr\/?s={search_term_string}"},"query-input":{"@type":"PropertyValueSpecification","valueRequired":true,"valueName":"search_term_string"}}],"inLanguage":"fr-FR"},{"@type":"Organization","@id":"https:\/\/www.m-q.ch\/fr\/#organization","name":"Galledia Trade Media AG","url":"https:\/\/www.m-q.ch\/fr\/","logo":{"@type":"ImageObject","inLanguage":"fr-FR","@id":"https:\/\/www.m-q.ch\/fr\/#\/schema\/logo\/image\/","url":"https:\/\/www.m-q.ch\/wp-content\/uploads\/2020\/12\/cropped-logo_small.png","contentUrl":"https:\/\/www.m-q.ch\/wp-content\/uploads\/2020\/12\/cropped-logo_small.png","width":512,"height":512,"caption":"Galledia Fachmedien AG"},"image":{"@id":"https:\/\/www.m-q.ch\/fr\/#\/schema\/logo\/image\/"},"sameAs":["https:\/\/www.facebook.com\/ManagementUndQualitaet","https:\/\/www.linkedin.com\/showcase\/17982321\/admin\/"]},{"@type":"Person","@id":"https:\/\/www.m-q.ch\/fr\/#\/schema\/person\/0bdf39ca27d0b9b779f5b8af54b3f7d7","name":"upwork_1","image":{"@type":"ImageObject","inLanguage":"fr-FR","@id":"https:\/\/www.m-q.ch\/fr\/#\/schema\/person\/image\/","url":"https:\/\/secure.gravatar.com\/avatar\/04d4d0fdc5886d535809f17d0eace7f6?s=96&d=mm&r=g","contentUrl":"https:\/\/secure.gravatar.com\/avatar\/04d4d0fdc5886d535809f17d0eace7f6?s=96&d=mm&r=g","caption":"upwork_1"},"url":"https:\/\/www.m-q.ch\/fr\/author\/upwork_1\/"}]}},"_links":{"self":[{"href":"https:\/\/www.m-q.ch\/fr\/wp-json\/wp\/v2\/posts\/11332","targetHints":{"allow":["GET"]}}],"collection":[{"href":"https:\/\/www.m-q.ch\/fr\/wp-json\/wp\/v2\/posts"}],"about":[{"href":"https:\/\/www.m-q.ch\/fr\/wp-json\/wp\/v2\/types\/post"}],"author":[{"embeddable":true,"href":"https:\/\/www.m-q.ch\/fr\/wp-json\/wp\/v2\/users\/66"}],"replies":[{"embeddable":true,"href":"https:\/\/www.m-q.ch\/fr\/wp-json\/wp\/v2\/comments?post=11332"}],"version-history":[{"count":1,"href":"https:\/\/www.m-q.ch\/fr\/wp-json\/wp\/v2\/posts\/11332\/revisions"}],"predecessor-version":[{"id":11348,"href":"https:\/\/www.m-q.ch\/fr\/wp-json\/wp\/v2\/posts\/11332\/revisions\/11348"}],"wp:attachment":[{"href":"https:\/\/www.m-q.ch\/fr\/wp-json\/wp\/v2\/media?parent=11332"}],"wp:term":[{"taxonomy":"category","embeddable":true,"href":"https:\/\/www.m-q.ch\/fr\/wp-json\/wp\/v2\/categories?post=11332"},{"taxonomy":"post_tag","embeddable":true,"href":"https:\/\/www.m-q.ch\/fr\/wp-json\/wp\/v2\/tags?post=11332"}],"curies":[{"name":"wp","href":"https:\/\/api.w.org\/{rel}","templated":true}]}}