{"id":11381,"date":"2016-03-09T10:54:33","date_gmt":"2016-03-09T09:54:33","guid":{"rendered":"https:\/\/www.m-q.ch\/?p=11381"},"modified":"2021-02-13T11:19:32","modified_gmt":"2021-02-13T10:19:32","slug":"se-deplacer-a-hauteur-des-yeux-avec-les-meilleurs","status":"publish","type":"post","link":"https:\/\/www.m-q.ch\/fr\/auf-augenhoehe-mit-den-besten-bewegen\/","title":{"rendered":"\"Se d\u00e9placer au niveau des yeux avec les meilleurs\"."},"content":{"rendered":"<p><img loading=\"lazy\" decoding=\"async\" class=\"alignnone size-full wp-image-11383\" src=\"https:\/\/www.m-q.ch\/wp-content\/uploads\/2021\/02\/Hoch-gesteckte-Ziele-als-Motivation-1.jpg\" alt=\"&quot;Se d\u00e9placer au niveau des yeux avec les meilleurs&quot;.\" width=\"876\" height=\"576\" srcset=\"https:\/\/www.m-q.ch\/wp-content\/uploads\/2021\/02\/Hoch-gesteckte-Ziele-als-Motivation-1.jpg 876w, https:\/\/www.m-q.ch\/wp-content\/uploads\/2021\/02\/Hoch-gesteckte-Ziele-als-Motivation-1-768x505.jpg 768w, https:\/\/www.m-q.ch\/wp-content\/uploads\/2021\/02\/Hoch-gesteckte-Ziele-als-Motivation-1-16x12.jpg 16w, https:\/\/www.m-q.ch\/wp-content\/uploads\/2021\/02\/Hoch-gesteckte-Ziele-als-Motivation-1-266x175.jpg 266w, https:\/\/www.m-q.ch\/wp-content\/uploads\/2021\/02\/Hoch-gesteckte-Ziele-als-Motivation-1-532x350.jpg 532w, https:\/\/www.m-q.ch\/wp-content\/uploads\/2021\/02\/Hoch-gesteckte-Ziele-als-Motivation-1-300x197.jpg 300w\" sizes=\"auto, (max-width: 876px) 100vw, 876px\" \/><\/p>\n<p>&nbsp;<\/p>\n<p>&nbsp;<\/p>\n<p>&nbsp;<\/p>\n<p><em><strong>D<\/strong><\/em>a Formation des cadres sup\u00e9rieurs des forces arm\u00e9es (HKA) est le centre d'excellence pour la formation des cadres et la recherche scientifique militaire et fournit ses services principalement aux forces arm\u00e9es. Cela se fait en partenariat avec les autres parrains de la coop\u00e9ration en mati\u00e8re de s\u00e9curit\u00e9 nationale (organisations \"blue-light\") ainsi qu'avec des organisations civiles d'\u00e9ducation. La formation des cadres sup\u00e9rieurs de l'arm\u00e9e comprend l'\u00c9cole centrale (ZS) \u00e0 Lucerne et \u00e0 Berne, l'\u00c9cole d'\u00e9tat-major g\u00e9n\u00e9ral (GST S) \u00e0 Kriens, l'Acad\u00e9mie militaire (MILAK) de l'ETH Zurich \u00e0 Birmensdorf et l'\u00c9cole professionnelle des sous-officiers (BUSA) \u00e0 Herisau ainsi que l'instruction op\u00e9rationnelle de l'\u00e9tat-major (Op S) \u00e0 Berne. Le PCA est dirig\u00e9 par le commandant divisionnaire Philippe Rebord. L'orientation vers le mod\u00e8le de gestion EFQM a \u00e9t\u00e9 introduite au HKA en 2005 et, apr\u00e8s les r\u00e9compenses et le \"Recognized for Excellence 5 star\" (2016), a franchi une nouvelle \u00e9tape avec la participation finale pour le Prix suisse d'excellence ESPRIX.<\/p>\n<p><strong>M. Rebord, qu'est-ce qui vous a d\u00e9cid\u00e9 \u00e0 poser votre candidature pour le Prix suisse d'excellence ESPRIX ?<\/strong><br \/>\nAvant de prendre le commandement de la formation des cadres sup\u00e9rieurs en janvier 2014, j'avais d\u00e9j\u00e0 acquis de l'exp\u00e9rience avec divers syst\u00e8mes de gestion de la qualit\u00e9. Il a toujours \u00e9t\u00e9 clair pour moi que je voulais continuer sur la voie de l'excellence et d\u00e9velopper le HKA en permanence avec une politique de petits pas. Apr\u00e8s diverses \u00e9valuations dans le cadre de Recognized for Excellence, la d\u00e9cision a ensuite m\u00fbri pour affronter la concurrence dans le cadre des ESPRIX Swiss Awards for Excellence 2016.<\/p>\n<p><strong>Que signifie pour vous le terme \"excellence en affaires\" - en termes g\u00e9n\u00e9raux ?<\/strong><br \/>\nPour moi, \"l'excellence en affaires\" signifie qu'une organisation ou une entreprise peut se hisser au m\u00eame niveau que les meilleurs, tant au niveau national qu'international.<\/p>\n<p><strong>Aujourd'hui, le HKA est, pour ainsi dire, une organisation \"\u00e9tatique\" qui s'\u00e9loigne des crit\u00e8res de l'\u00e9conomie de march\u00e9. Dans quelle mesure le terme \"entreprise\" ressemble-t-il davantage \u00e0 celui d'\"administration\" ici ?<\/strong><br \/>\nComme partout ailleurs, les clients sont la raison d'\u00eatre d'une entreprise, et c'est naturellement aussi le cas au HKA. Le mod\u00e8le nous guide pour \u00e9valuer en permanence les besoins actuels et futurs et pour aligner nos cours et nos processus en cons\u00e9quence. C'est pourquoi nous sommes tr\u00e8s orient\u00e9s vers le client. Le budget dans l'administration remplace le march\u00e9, de sorte que la situation de d\u00e9part dans les affaires et l'administration est largement comparable.<\/p>\n<p><strong>Dans son domaine d'activit\u00e9 principal, le HKA a une position de monopole ; la concurrence en tant que moteur de qualit\u00e9 est largement absente. Pourquoi une organisation monopolistique doit-elle n\u00e9anmoins mettre en \u0153uvre des processus d'am\u00e9lioration continue ?<\/strong><br \/>\nLes exigences et les attentes des employeurs et des participants ont rendu n\u00e9cessaire de rendre la formation des cadres de milice d'aujourd'hui plus courte, plus flexible et plus efficace. Le mod\u00e8le d'excellence nous guide pour penser de mani\u00e8re int\u00e9gr\u00e9e et pour prendre en compte les besoins de toutes les parties prenantes. Cela encourage la cr\u00e9ativit\u00e9 et nous aide \u00e0 r\u00e9aliser notre vision et nos perspectives d'avenir. L'objectif est de fournir aux participants aux cours et s\u00e9minaires une formation au leadership actualis\u00e9e et de qualit\u00e9 qui les pr\u00e9pare \u00e0 leur futur r\u00f4le de superviseur et leur permet de mettre cette formation en pratique.<\/p>\n<p><strong>O\u00f9 avez-vous pris contact pour la premi\u00e8re fois avec le mod\u00e8le EFQM et qu'est-ce qui vous a incit\u00e9 \u00e0 le mettre en \u0153uvre au HKA ?<\/strong><br \/>\nEn tant que centre d'excellence pour la formation au leadership, le HKA s'est engag\u00e9 d\u00e8s 2004 en faveur d'une qualit\u00e9 globale et donc du mod\u00e8le EFQM. L'objectif est d'offrir aux participants aux cours une formation de qualit\u00e9. Les dipl\u00f4m\u00e9s doivent pouvoir acqu\u00e9rir une exp\u00e9rience de leadership dans des conditions difficiles et sous la pression du temps, puis mettre cette exp\u00e9rience en pratique sur leur lieu de travail civil.<\/p>\n<p><strong>R\u00e9trospectivement, quels ont \u00e9t\u00e9 les plus grands d\u00e9fis lors de la mise en \u0153uvre et comment les avez-vous relev\u00e9s ?<\/strong><br \/>\nL'un des facteurs cl\u00e9s du succ\u00e8s est l'implication de tous les niveaux de gestion et de tous les employ\u00e9s. Une bonne compr\u00e9hension de l'orientation \u00e0 moyen terme et des objectifs primordiaux est la base du d\u00e9veloppement r\u00e9ussi d'une culture d'excellence et de la r\u00e9alisation d'objectifs ambitieux. Pour ce faire, les cadres et les employ\u00e9s ont \u00e9t\u00e9 continuellement form\u00e9s et sensibilis\u00e9s pendant des ann\u00e9es.<\/p>\n<p><strong>Dans quelle mesure une organisation militaire hi\u00e9rarchique facilite-t-elle ou entrave-t-elle la mise en \u0153uvre de l'EFQM ?<\/strong><br \/>\nUn leadership militaire r\u00e9ussi exige une participation intensive et un travail ind\u00e9pendant dans le cadre de directives \u00e0 tous les niveaux, ce que nous appelons la tactique de mission. Les processus de leadership militaire sont con\u00e7us en cons\u00e9quence. Ces principes et valeurs sont enseign\u00e9s d\u00e8s l'\u00e9cole de recrues. Lorsque la formation des cadres commence \u00e0 l'\u00e9cole des sous-officiers, les principes et les processus de leadership sont syst\u00e9matiquement enseign\u00e9s et appliqu\u00e9s. Cette base nous a certainement facilit\u00e9 la compr\u00e9hension et la mise en \u0153uvre rapide du mod\u00e8le d'excellence EFQM de haut en bas.<\/p>\n<p><strong>Pendant longtemps, la formation au commandement militaire a \u00e9t\u00e9 plut\u00f4t mal vue, mais depuis peu, elle b\u00e9n\u00e9ficie \u00e0 nouveau d'une plus grande reconnaissance de la part des civils. \u00c0 quoi attribuez-vous ce changement ? Est-ce \u00e9galement un r\u00e9sultat de l'EFQM ?<\/strong><br \/>\nL'\u00e9tude \"S\u00e9curit\u00e9 2015\" du Centre d'\u00e9tudes de s\u00e9curit\u00e9 de l'ETH Zurich et de l'Acad\u00e9mie militaire de l'ETH Zurich montre que la formation au commandement militaire est redevenue plus attrayante pour les jeunes citoyens suisses. Il est difficile de juger dans quelle mesure l'ACP et en particulier le mod\u00e8le EFQM y ont contribu\u00e9. Ce qui est certain, cependant, c'est qu'avec l'application coh\u00e9rente du mod\u00e8le d'excellence, nous pouvons assurer une formation de haute qualit\u00e9 et en m\u00eame temps r\u00e9pondre aux exigences internationales civiles de gestion de la qualit\u00e9.<\/p>\n<p>Nos partenariats avec les \u00e9tablissements d'enseignement suisses (ETH Zurich, HSW Lucerne, etc.) ainsi que le r\u00e9seau international avec l'attribution de cr\u00e9dits ECTS et de certificats civils augmentent l'attrait de la formation au commandement militaire. De cette mani\u00e8re, nous contribuons \u00e0 la culture de leadership de l'\u00e9conomie par notre formation.<\/p>\n<p><strong>Vous voyez la certification EFQM renouvel\u00e9e comme une contribution \u00e0 d'autres applications dans d'autres domaines du minist\u00e8re de la d\u00e9fense. Comme vision : pour l'ensemble des forces arm\u00e9es \u00e9galement ?<\/strong><br \/>\nC'est tout \u00e0 fait concevable, mais cela ne rel\u00e8ve pas de la comp\u00e9tence et de la responsabilit\u00e9 de la formation des cadres sup\u00e9rieurs des forces arm\u00e9es. Cependant, nous sommes bien s\u00fbr tr\u00e8s heureux d'apporter notre contribution \u00e0 cet \u00e9gard afin que l'ensemble des forces arm\u00e9es puisse b\u00e9n\u00e9ficier de nos connaissances et de notre exp\u00e9rience.<\/p>\n<p><strong>Quelles sont vos prochaines priorit\u00e9s pour le d\u00e9veloppement du HKA ?<\/strong><br \/>\nAvec cette application, le HKA ouvre l'acc\u00e8s \u00e0 d'excellentes organisations ayant une grande exp\u00e9rience. Nous sommes pr\u00eats \u00e0 apporter nos forces et esp\u00e9rons pouvoir \u00e9changer facilement et avoir un aper\u00e7u de nombreuses bonnes pratiques. Ils devraient nous donner l'inspiration pour notre propre d\u00e9veloppement et nous aider \u00e0 d\u00e9velopper continuellement l'APC.<\/p>","protected":false},"excerpt":{"rendered":"<p>&nbsp; &nbsp; &nbsp; Die H\u00f6here Kaderausbildung der Armee HKA ist das Kompetenzzentrum f\u00fcr F\u00fchrungsausbildung und milit\u00e4rwissenschaftliche Forschung und erbringt ihre Leistungen haupts\u00e4chlich f\u00fcr die Armee. Dies geschieht in Partnerschaft mit den anderen Tr\u00e4gern der Nationalen Sicherheitskooperation (Blaulichtorganisationen) sowie zivilen Bildungsorganisationen. Zur H\u00f6heren Kaderausbildung der Armee geh\u00f6ren die Zentralschule (ZS) in Luzern und Bern, die Generalstabsschule [&hellip;]<\/p>\n","protected":false},"author":66,"featured_media":11383,"comment_status":"closed","ping_status":"closed","sticky":false,"template":"","format":"standard","meta":{"_acf_changed":false,"footnotes":""},"categories":[4448],"tags":[4775],"class_list":["post-11381","post","type-post","status-publish","format-standard","has-post-thumbnail","hentry","category-allgemein","tag-03-2016"],"acf":[],"yoast_head":"<!-- This site is optimized with the Yoast SEO plugin v26.2 - https:\/\/yoast.com\/wordpress\/plugins\/seo\/ -->\n<title>\u00abAuf Augenh\u00f6he mit den Besten bewegen\u00bb - MQ Management und Qualit\u00e4t<\/title>\n<meta name=\"description\" content=\"Die \u00e4ltere Generation von F\u00fchrungskr\u00e4ften kann sich daran noch erinnern: Mit einer Offizierslaufbahn in der Schweizer Armee standen einem auch in der Privatwirtschaft fast alle Karriere-T\u00fcren offen. Das hat sich sp\u00e4ter stark ge\u00e4ndert, eine milit\u00e4rische Karriere stand einer wirtschaftlichen eher im Weg wegen der langen Dienstzeiten. Dass aber eine h\u00f6here Kaderausbildung in der Armee durchaus auch im Zivilleben n\u00fctzlich sein kann, ist seit einiger Zeit wieder st\u00e4rker anerkannt\" \/>\n<meta name=\"robots\" content=\"index, follow, max-snippet:-1, max-image-preview:large, max-video-preview:-1\" \/>\n<link rel=\"canonical\" href=\"https:\/\/www.m-q.ch\/fr\/se-deplacer-a-hauteur-des-yeux-avec-les-meilleurs\/\" \/>\n<meta property=\"og:locale\" content=\"fr_FR\" \/>\n<meta property=\"og:type\" content=\"article\" \/>\n<meta property=\"og:title\" content=\"\u00abAuf Augenh\u00f6he mit den Besten bewegen\u00bb - MQ Management und Qualit\u00e4t\" \/>\n<meta property=\"og:description\" content=\"Die \u00e4ltere Generation von F\u00fchrungskr\u00e4ften kann sich daran noch erinnern: Mit einer Offizierslaufbahn in der Schweizer Armee standen einem auch in der Privatwirtschaft fast alle Karriere-T\u00fcren offen. Das hat sich sp\u00e4ter stark ge\u00e4ndert, eine milit\u00e4rische Karriere stand einer wirtschaftlichen eher im Weg wegen der langen Dienstzeiten. Dass aber eine h\u00f6here Kaderausbildung in der Armee durchaus auch im Zivilleben n\u00fctzlich sein kann, ist seit einiger Zeit wieder st\u00e4rker anerkannt\" \/>\n<meta property=\"og:url\" content=\"https:\/\/www.m-q.ch\/fr\/se-deplacer-a-hauteur-des-yeux-avec-les-meilleurs\/\" \/>\n<meta property=\"og:site_name\" content=\"MQ Management und Qualit\u00e4t\" \/>\n<meta property=\"article:publisher\" content=\"https:\/\/www.facebook.com\/ManagementUndQualitaet\" \/>\n<meta property=\"article:published_time\" content=\"2016-03-09T09:54:33+00:00\" \/>\n<meta property=\"article:modified_time\" content=\"2021-02-13T10:19:32+00:00\" \/>\n<meta property=\"og:image\" content=\"https:\/\/www.m-q.ch\/wp-content\/uploads\/2021\/02\/Hoch-gesteckte-Ziele-als-Motivation-1.jpg\" \/>\n\t<meta property=\"og:image:width\" content=\"876\" \/>\n\t<meta property=\"og:image:height\" content=\"576\" \/>\n\t<meta property=\"og:image:type\" content=\"image\/jpeg\" \/>\n<meta name=\"author\" content=\"upwork_1\" \/>\n<meta name=\"twitter:card\" content=\"summary_large_image\" \/>\n<meta name=\"twitter:label1\" content=\"\u00c9crit par\" \/>\n\t<meta name=\"twitter:data1\" content=\"upwork_1\" \/>\n\t<meta name=\"twitter:label2\" content=\"Dur\u00e9e de lecture estim\u00e9e\" \/>\n\t<meta name=\"twitter:data2\" content=\"5 minutes\" \/>\n<script type=\"application\/ld+json\" class=\"yoast-schema-graph\">{\"@context\":\"https:\/\/schema.org\",\"@graph\":[{\"@type\":\"Article\",\"@id\":\"https:\/\/www.m-q.ch\/auf-augenhoehe-mit-den-besten-bewegen\/#article\",\"isPartOf\":{\"@id\":\"https:\/\/www.m-q.ch\/auf-augenhoehe-mit-den-besten-bewegen\/\"},\"author\":{\"name\":\"upwork_1\",\"@id\":\"https:\/\/www.m-q.ch\/fr\/#\/schema\/person\/0bdf39ca27d0b9b779f5b8af54b3f7d7\"},\"headline\":\"\u00abAuf Augenh\u00f6he mit den Besten bewegen\u00bb\",\"datePublished\":\"2016-03-09T09:54:33+00:00\",\"dateModified\":\"2021-02-13T10:19:32+00:00\",\"mainEntityOfPage\":{\"@id\":\"https:\/\/www.m-q.ch\/auf-augenhoehe-mit-den-besten-bewegen\/\"},\"wordCount\":1036,\"publisher\":{\"@id\":\"https:\/\/www.m-q.ch\/fr\/#organization\"},\"image\":{\"@id\":\"https:\/\/www.m-q.ch\/auf-augenhoehe-mit-den-besten-bewegen\/#primaryimage\"},\"thumbnailUrl\":\"https:\/\/www.m-q.ch\/wp-content\/uploads\/2021\/02\/Hoch-gesteckte-Ziele-als-Motivation-1.jpg\",\"keywords\":[\"03\/2016\"],\"articleSection\":[\"Allgemein\"],\"inLanguage\":\"fr-FR\"},{\"@type\":\"WebPage\",\"@id\":\"https:\/\/www.m-q.ch\/auf-augenhoehe-mit-den-besten-bewegen\/\",\"url\":\"https:\/\/www.m-q.ch\/auf-augenhoehe-mit-den-besten-bewegen\/\",\"name\":\"\u00abAuf Augenh\u00f6he mit den Besten bewegen\u00bb - MQ Management und Qualit\u00e4t\",\"isPartOf\":{\"@id\":\"https:\/\/www.m-q.ch\/fr\/#website\"},\"primaryImageOfPage\":{\"@id\":\"https:\/\/www.m-q.ch\/auf-augenhoehe-mit-den-besten-bewegen\/#primaryimage\"},\"image\":{\"@id\":\"https:\/\/www.m-q.ch\/auf-augenhoehe-mit-den-besten-bewegen\/#primaryimage\"},\"thumbnailUrl\":\"https:\/\/www.m-q.ch\/wp-content\/uploads\/2021\/02\/Hoch-gesteckte-Ziele-als-Motivation-1.jpg\",\"datePublished\":\"2016-03-09T09:54:33+00:00\",\"dateModified\":\"2021-02-13T10:19:32+00:00\",\"description\":\"Die \u00e4ltere Generation von F\u00fchrungskr\u00e4ften kann sich daran noch erinnern: Mit einer Offizierslaufbahn in der Schweizer Armee standen einem auch in der Privatwirtschaft fast alle Karriere-T\u00fcren offen. Das hat sich sp\u00e4ter stark ge\u00e4ndert, eine milit\u00e4rische Karriere stand einer wirtschaftlichen eher im Weg wegen der langen Dienstzeiten. Dass aber eine h\u00f6here Kaderausbildung in der Armee durchaus auch im Zivilleben n\u00fctzlich sein kann, ist seit einiger Zeit wieder st\u00e4rker anerkannt\",\"breadcrumb\":{\"@id\":\"https:\/\/www.m-q.ch\/auf-augenhoehe-mit-den-besten-bewegen\/#breadcrumb\"},\"inLanguage\":\"fr-FR\",\"potentialAction\":[{\"@type\":\"ReadAction\",\"target\":[\"https:\/\/www.m-q.ch\/auf-augenhoehe-mit-den-besten-bewegen\/\"]}]},{\"@type\":\"ImageObject\",\"inLanguage\":\"fr-FR\",\"@id\":\"https:\/\/www.m-q.ch\/auf-augenhoehe-mit-den-besten-bewegen\/#primaryimage\",\"url\":\"https:\/\/www.m-q.ch\/wp-content\/uploads\/2021\/02\/Hoch-gesteckte-Ziele-als-Motivation-1.jpg\",\"contentUrl\":\"https:\/\/www.m-q.ch\/wp-content\/uploads\/2021\/02\/Hoch-gesteckte-Ziele-als-Motivation-1.jpg\",\"width\":876,\"height\":576,\"caption\":\"\u00abAuf Augenh\u00f6he mit den Besten bewegen\u00bb\"},{\"@type\":\"BreadcrumbList\",\"@id\":\"https:\/\/www.m-q.ch\/auf-augenhoehe-mit-den-besten-bewegen\/#breadcrumb\",\"itemListElement\":[{\"@type\":\"ListItem\",\"position\":1,\"name\":\"Allgemein\",\"item\":\"https:\/\/www.m-q.ch\/kategorie\/allgemein\/\"},{\"@type\":\"ListItem\",\"position\":2,\"name\":\"\u00abAuf Augenh\u00f6he mit den Besten bewegen\u00bb\"}]},{\"@type\":\"WebSite\",\"@id\":\"https:\/\/www.m-q.ch\/fr\/#website\",\"url\":\"https:\/\/www.m-q.ch\/fr\/\",\"name\":\"MQ Management und Qualit\u00e4t\",\"description\":\"Plattform f\u00fcr integrierte Managementsysteme.\",\"publisher\":{\"@id\":\"https:\/\/www.m-q.ch\/fr\/#organization\"},\"potentialAction\":[{\"@type\":\"SearchAction\",\"target\":{\"@type\":\"EntryPoint\",\"urlTemplate\":\"https:\/\/www.m-q.ch\/fr\/?s={search_term_string}\"},\"query-input\":{\"@type\":\"PropertyValueSpecification\",\"valueRequired\":true,\"valueName\":\"search_term_string\"}}],\"inLanguage\":\"fr-FR\"},{\"@type\":\"Organization\",\"@id\":\"https:\/\/www.m-q.ch\/fr\/#organization\",\"name\":\"Galledia Fachmedien AG\",\"url\":\"https:\/\/www.m-q.ch\/fr\/\",\"logo\":{\"@type\":\"ImageObject\",\"inLanguage\":\"fr-FR\",\"@id\":\"https:\/\/www.m-q.ch\/fr\/#\/schema\/logo\/image\/\",\"url\":\"https:\/\/www.m-q.ch\/wp-content\/uploads\/2020\/12\/cropped-logo_small.png\",\"contentUrl\":\"https:\/\/www.m-q.ch\/wp-content\/uploads\/2020\/12\/cropped-logo_small.png\",\"width\":512,\"height\":512,\"caption\":\"Galledia Fachmedien AG\"},\"image\":{\"@id\":\"https:\/\/www.m-q.ch\/fr\/#\/schema\/logo\/image\/\"},\"sameAs\":[\"https:\/\/www.facebook.com\/ManagementUndQualitaet\",\"https:\/\/www.linkedin.com\/showcase\/17982321\/admin\/\"]},{\"@type\":\"Person\",\"@id\":\"https:\/\/www.m-q.ch\/fr\/#\/schema\/person\/0bdf39ca27d0b9b779f5b8af54b3f7d7\",\"name\":\"upwork_1\",\"image\":{\"@type\":\"ImageObject\",\"inLanguage\":\"fr-FR\",\"@id\":\"https:\/\/www.m-q.ch\/fr\/#\/schema\/person\/image\/\",\"url\":\"https:\/\/secure.gravatar.com\/avatar\/04d4d0fdc5886d535809f17d0eace7f6?s=96&d=mm&r=g\",\"contentUrl\":\"https:\/\/secure.gravatar.com\/avatar\/04d4d0fdc5886d535809f17d0eace7f6?s=96&d=mm&r=g\",\"caption\":\"upwork_1\"},\"url\":\"https:\/\/www.m-q.ch\/fr\/author\/upwork_1\/\"}]}<\/script>\n<!-- \/ Yoast SEO plugin. -->","yoast_head_json":{"title":"\"Moving at eye level with the best\" - MQ Management and Quality","description":"L'ancienne g\u00e9n\u00e9ration de managers s'en souvient encore : avec une carri\u00e8re d'officier dans l'arm\u00e9e suisse, presque toutes les portes de carri\u00e8re \u00e9taient ouvertes dans le secteur priv\u00e9. Cela a beaucoup chang\u00e9 par la suite ; une carri\u00e8re militaire a eu tendance \u00e0 faire obstacle \u00e0 une carri\u00e8re commerciale en raison des longues p\u00e9riodes de service. Cependant, le fait que la formation des cadres sup\u00e9rieurs dans l'arm\u00e9e peut \u00e9galement \u00eatre utile dans la vie civile est plus largement reconnu depuis un certain temps.","robots":{"index":"index","follow":"follow","max-snippet":"max-snippet:-1","max-image-preview":"max-image-preview:large","max-video-preview":"max-video-preview:-1"},"canonical":"https:\/\/www.m-q.ch\/fr\/se-deplacer-a-hauteur-des-yeux-avec-les-meilleurs\/","og_locale":"fr_FR","og_type":"article","og_title":"\u00abAuf Augenh\u00f6he mit den Besten bewegen\u00bb - MQ Management und Qualit\u00e4t","og_description":"Die \u00e4ltere Generation von F\u00fchrungskr\u00e4ften kann sich daran noch erinnern: Mit einer Offizierslaufbahn in der Schweizer Armee standen einem auch in der Privatwirtschaft fast alle Karriere-T\u00fcren offen. Das hat sich sp\u00e4ter stark ge\u00e4ndert, eine milit\u00e4rische Karriere stand einer wirtschaftlichen eher im Weg wegen der langen Dienstzeiten. Dass aber eine h\u00f6here Kaderausbildung in der Armee durchaus auch im Zivilleben n\u00fctzlich sein kann, ist seit einiger Zeit wieder st\u00e4rker anerkannt","og_url":"https:\/\/www.m-q.ch\/fr\/se-deplacer-a-hauteur-des-yeux-avec-les-meilleurs\/","og_site_name":"MQ Management und Qualit\u00e4t","article_publisher":"https:\/\/www.facebook.com\/ManagementUndQualitaet","article_published_time":"2016-03-09T09:54:33+00:00","article_modified_time":"2021-02-13T10:19:32+00:00","og_image":[{"width":876,"height":576,"url":"https:\/\/www.m-q.ch\/wp-content\/uploads\/2021\/02\/Hoch-gesteckte-Ziele-als-Motivation-1.jpg","type":"image\/jpeg"}],"author":"upwork_1","twitter_card":"summary_large_image","twitter_misc":{"\u00c9crit par":"upwork_1","Dur\u00e9e de lecture estim\u00e9e":"5 minutes"},"schema":{"@context":"https:\/\/schema.org","@graph":[{"@type":"Article","@id":"https:\/\/www.m-q.ch\/auf-augenhoehe-mit-den-besten-bewegen\/#article","isPartOf":{"@id":"https:\/\/www.m-q.ch\/auf-augenhoehe-mit-den-besten-bewegen\/"},"author":{"name":"upwork_1","@id":"https:\/\/www.m-q.ch\/fr\/#\/schema\/person\/0bdf39ca27d0b9b779f5b8af54b3f7d7"},"headline":"\u00abAuf Augenh\u00f6he mit den Besten bewegen\u00bb","datePublished":"2016-03-09T09:54:33+00:00","dateModified":"2021-02-13T10:19:32+00:00","mainEntityOfPage":{"@id":"https:\/\/www.m-q.ch\/auf-augenhoehe-mit-den-besten-bewegen\/"},"wordCount":1036,"publisher":{"@id":"https:\/\/www.m-q.ch\/fr\/#organization"},"image":{"@id":"https:\/\/www.m-q.ch\/auf-augenhoehe-mit-den-besten-bewegen\/#primaryimage"},"thumbnailUrl":"https:\/\/www.m-q.ch\/wp-content\/uploads\/2021\/02\/Hoch-gesteckte-Ziele-als-Motivation-1.jpg","keywords":["03\/2016"],"articleSection":["Allgemein"],"inLanguage":"fr-FR"},{"@type":"WebPage","@id":"https:\/\/www.m-q.ch\/auf-augenhoehe-mit-den-besten-bewegen\/","url":"https:\/\/www.m-q.ch\/auf-augenhoehe-mit-den-besten-bewegen\/","name":"\"Moving at eye level with the best\" - MQ Management and Quality","isPartOf":{"@id":"https:\/\/www.m-q.ch\/fr\/#website"},"primaryImageOfPage":{"@id":"https:\/\/www.m-q.ch\/auf-augenhoehe-mit-den-besten-bewegen\/#primaryimage"},"image":{"@id":"https:\/\/www.m-q.ch\/auf-augenhoehe-mit-den-besten-bewegen\/#primaryimage"},"thumbnailUrl":"https:\/\/www.m-q.ch\/wp-content\/uploads\/2021\/02\/Hoch-gesteckte-Ziele-als-Motivation-1.jpg","datePublished":"2016-03-09T09:54:33+00:00","dateModified":"2021-02-13T10:19:32+00:00","description":"L'ancienne g\u00e9n\u00e9ration de managers s'en souvient encore : avec une carri\u00e8re d'officier dans l'arm\u00e9e suisse, presque toutes les portes de carri\u00e8re \u00e9taient ouvertes dans le secteur priv\u00e9. Cela a beaucoup chang\u00e9 par la suite ; une carri\u00e8re militaire a eu tendance \u00e0 faire obstacle \u00e0 une carri\u00e8re commerciale en raison des longues p\u00e9riodes de service. Cependant, le fait que la formation des cadres sup\u00e9rieurs dans l'arm\u00e9e peut \u00e9galement \u00eatre utile dans la vie civile est plus largement reconnu depuis un certain temps.","breadcrumb":{"@id":"https:\/\/www.m-q.ch\/auf-augenhoehe-mit-den-besten-bewegen\/#breadcrumb"},"inLanguage":"fr-FR","potentialAction":[{"@type":"ReadAction","target":["https:\/\/www.m-q.ch\/auf-augenhoehe-mit-den-besten-bewegen\/"]}]},{"@type":"ImageObject","inLanguage":"fr-FR","@id":"https:\/\/www.m-q.ch\/auf-augenhoehe-mit-den-besten-bewegen\/#primaryimage","url":"https:\/\/www.m-q.ch\/wp-content\/uploads\/2021\/02\/Hoch-gesteckte-Ziele-als-Motivation-1.jpg","contentUrl":"https:\/\/www.m-q.ch\/wp-content\/uploads\/2021\/02\/Hoch-gesteckte-Ziele-als-Motivation-1.jpg","width":876,"height":576,"caption":"\u00abAuf Augenh\u00f6he mit den Besten bewegen\u00bb"},{"@type":"BreadcrumbList","@id":"https:\/\/www.m-q.ch\/auf-augenhoehe-mit-den-besten-bewegen\/#breadcrumb","itemListElement":[{"@type":"ListItem","position":1,"name":"Allgemein","item":"https:\/\/www.m-q.ch\/kategorie\/allgemein\/"},{"@type":"ListItem","position":2,"name":"\u00abAuf Augenh\u00f6he mit den Besten bewegen\u00bb"}]},{"@type":"WebSite","@id":"https:\/\/www.m-q.ch\/fr\/#website","url":"https:\/\/www.m-q.ch\/fr\/","name":"Gestion et qualit\u00e9 du QM","description":"Plate-forme pour les syst\u00e8mes de gestion int\u00e9gr\u00e9e.","publisher":{"@id":"https:\/\/www.m-q.ch\/fr\/#organization"},"potentialAction":[{"@type":"SearchAction","target":{"@type":"EntryPoint","urlTemplate":"https:\/\/www.m-q.ch\/fr\/?s={search_term_string}"},"query-input":{"@type":"PropertyValueSpecification","valueRequired":true,"valueName":"search_term_string"}}],"inLanguage":"fr-FR"},{"@type":"Organization","@id":"https:\/\/www.m-q.ch\/fr\/#organization","name":"Galledia Trade Media AG","url":"https:\/\/www.m-q.ch\/fr\/","logo":{"@type":"ImageObject","inLanguage":"fr-FR","@id":"https:\/\/www.m-q.ch\/fr\/#\/schema\/logo\/image\/","url":"https:\/\/www.m-q.ch\/wp-content\/uploads\/2020\/12\/cropped-logo_small.png","contentUrl":"https:\/\/www.m-q.ch\/wp-content\/uploads\/2020\/12\/cropped-logo_small.png","width":512,"height":512,"caption":"Galledia Fachmedien AG"},"image":{"@id":"https:\/\/www.m-q.ch\/fr\/#\/schema\/logo\/image\/"},"sameAs":["https:\/\/www.facebook.com\/ManagementUndQualitaet","https:\/\/www.linkedin.com\/showcase\/17982321\/admin\/"]},{"@type":"Person","@id":"https:\/\/www.m-q.ch\/fr\/#\/schema\/person\/0bdf39ca27d0b9b779f5b8af54b3f7d7","name":"upwork_1","image":{"@type":"ImageObject","inLanguage":"fr-FR","@id":"https:\/\/www.m-q.ch\/fr\/#\/schema\/person\/image\/","url":"https:\/\/secure.gravatar.com\/avatar\/04d4d0fdc5886d535809f17d0eace7f6?s=96&d=mm&r=g","contentUrl":"https:\/\/secure.gravatar.com\/avatar\/04d4d0fdc5886d535809f17d0eace7f6?s=96&d=mm&r=g","caption":"upwork_1"},"url":"https:\/\/www.m-q.ch\/fr\/author\/upwork_1\/"}]}},"_links":{"self":[{"href":"https:\/\/www.m-q.ch\/fr\/wp-json\/wp\/v2\/posts\/11381","targetHints":{"allow":["GET"]}}],"collection":[{"href":"https:\/\/www.m-q.ch\/fr\/wp-json\/wp\/v2\/posts"}],"about":[{"href":"https:\/\/www.m-q.ch\/fr\/wp-json\/wp\/v2\/types\/post"}],"author":[{"embeddable":true,"href":"https:\/\/www.m-q.ch\/fr\/wp-json\/wp\/v2\/users\/66"}],"replies":[{"embeddable":true,"href":"https:\/\/www.m-q.ch\/fr\/wp-json\/wp\/v2\/comments?post=11381"}],"version-history":[{"count":1,"href":"https:\/\/www.m-q.ch\/fr\/wp-json\/wp\/v2\/posts\/11381\/revisions"}],"predecessor-version":[{"id":11388,"href":"https:\/\/www.m-q.ch\/fr\/wp-json\/wp\/v2\/posts\/11381\/revisions\/11388"}],"wp:featuredmedia":[{"embeddable":true,"href":"https:\/\/www.m-q.ch\/fr\/wp-json\/wp\/v2\/media\/11383"}],"wp:attachment":[{"href":"https:\/\/www.m-q.ch\/fr\/wp-json\/wp\/v2\/media?parent=11381"}],"wp:term":[{"taxonomy":"category","embeddable":true,"href":"https:\/\/www.m-q.ch\/fr\/wp-json\/wp\/v2\/categories?post=11381"},{"taxonomy":"post_tag","embeddable":true,"href":"https:\/\/www.m-q.ch\/fr\/wp-json\/wp\/v2\/tags?post=11381"}],"curies":[{"name":"wp","href":"https:\/\/api.w.org\/{rel}","templated":true}]}}