{"id":11402,"date":"2016-03-15T11:47:05","date_gmt":"2016-03-15T10:47:05","guid":{"rendered":"https:\/\/www.m-q.ch\/?p=11402"},"modified":"2021-02-13T12:01:23","modified_gmt":"2021-02-13T11:01:23","slug":"dexcellents-resultats-ne-sont-possibles-quavec-un-personnel-excellent","status":"publish","type":"post","link":"https:\/\/www.m-q.ch\/fr\/exzellente-resultate-sind-nur-mit-exzellentem-personal-moeglich\/","title":{"rendered":"\"D'excellents r\u00e9sultats ne sont possibles qu'avec un excellent personnel\""},"content":{"rendered":"<p><img loading=\"lazy\" decoding=\"async\" class=\"alignnone size-full wp-image-11406\" src=\"https:\/\/www.m-q.ch\/wp-content\/uploads\/2021\/02\/Exzellente-Resultate-sind-nur-mit-exzellentem-Personal-moeglich.jpg\" alt=\"&quot;D&#039;excellents r\u00e9sultats ne sont possibles qu&#039;avec un excellent personnel&quot;\" width=\"865\" height=\"1259\" srcset=\"https:\/\/www.m-q.ch\/wp-content\/uploads\/2021\/02\/Exzellente-Resultate-sind-nur-mit-exzellentem-Personal-moeglich.jpg 865w, https:\/\/www.m-q.ch\/wp-content\/uploads\/2021\/02\/Exzellente-Resultate-sind-nur-mit-exzellentem-Personal-moeglich-768x1118.jpg 768w, https:\/\/www.m-q.ch\/wp-content\/uploads\/2021\/02\/Exzellente-Resultate-sind-nur-mit-exzellentem-Personal-moeglich-8x12.jpg 8w, https:\/\/www.m-q.ch\/wp-content\/uploads\/2021\/02\/Exzellente-Resultate-sind-nur-mit-exzellentem-Personal-moeglich-120x175.jpg 120w, https:\/\/www.m-q.ch\/wp-content\/uploads\/2021\/02\/Exzellente-Resultate-sind-nur-mit-exzellentem-Personal-moeglich-240x350.jpg 240w, https:\/\/www.m-q.ch\/wp-content\/uploads\/2021\/02\/Exzellente-Resultate-sind-nur-mit-exzellentem-Personal-moeglich-550x800.jpg 550w, https:\/\/www.m-q.ch\/wp-content\/uploads\/2021\/02\/Exzellente-Resultate-sind-nur-mit-exzellentem-Personal-moeglich-300x437.jpg 300w\" sizes=\"auto, (max-width: 865px) 100vw, 865px\" \/><\/p>\n<p>&nbsp;<\/p>\n<p>&nbsp;<\/p>\n<p>&nbsp;<\/p>\n<p><em><strong>I<\/strong><\/em>u total, six candidatures ont \u00e9t\u00e9 re\u00e7ues pour le prix d'excellence suisse ESPRIX de cette ann\u00e9e. Cinq d'entre eux ont atteint la finale, soit deux de plus que l'ann\u00e9e derni\u00e8re. Le point bas atteint en 2012 et 2013, lorsqu'il n'y avait pas de laur\u00e9at, semble maintenant avoir \u00e9t\u00e9 d\u00e9pass\u00e9.<\/p>\n<p><strong>M. Martz, il y avait encore cinq finalistes cette ann\u00e9e. Dans quelle mesure interpr\u00e9tez-vous cela comme un signe de l'int\u00e9r\u00eat accru pour l'EFQM ?<\/strong><br \/>\nWolfgang Martz : J'attribue principalement cette \u00e9volution au fait que la Fondation ESPRIX et sa direction ont beaucoup fait pour mieux faire conna\u00eetre le mod\u00e8le de niveau EFQM. De nombreux r\u00e9seaux et \u00e9v\u00e9nements ont \u00e9t\u00e9 mis en place, ce qui a permis de r\u00e9compenser chaque ann\u00e9e une cinquantaine d'entreprises \u00e0 tous les niveaux. Cela am\u00e8ne de plus en plus de candidats \u00e0 postuler ult\u00e9rieurement pour le prix au plus haut niveau.<\/p>\n<p>&nbsp;<\/p>\n<p>Parmi les finalistes de cette ann\u00e9e, trois sont issus du secteur de l'\u00e9ducation. Cela vous surprend ? J'interpr\u00e8te cela comme suit : dans de nombreuses \u00e9coles, le mod\u00e8le EFQM est souvent utilis\u00e9 pour identifier les possibilit\u00e9s d'am\u00e9lioration. Ils sont donc de plus en plus nombreux \u00e0 se demander : pourquoi ne pas utiliser ce mod\u00e8le pour une \u00e9valuation externe ? Il est bien s\u00fbr tr\u00e8s gratifiant de voir les \u00e9coles se faire valider. Cela cr\u00e9e un grand effet multiplicateur.<\/p>\n<p><strong>O\u00f9 voyez-vous les raisons du fait que ces derni\u00e8res ann\u00e9es, il n'y a gu\u00e8re eu d'entreprises industrielles classiques en finale ?<\/strong><br \/>\nEn fait, dans les premiers temps du prix, de nombreuses entreprises du deuxi\u00e8me secteur de l'\u00e9conomie figuraient parmi les laur\u00e9ats. Je consid\u00e8re le fait qu'il y ait plus de soci\u00e9t\u00e9s de services aujourd'hui comme un signe des temps. D'une part, ce secteur est en forte croissance et, d'autre part, l'industrie traverse une phase difficile depuis 2008\/2009. N\u00e9anmoins, de nombreuses entreprises industrielles sont fortement impliqu\u00e9es dans le mod\u00e8le EFQM. Mais r\u00e9cemment, d'autres priorit\u00e9s ont probablement \u00e9t\u00e9 mises en avant que la candidature \u00e0 un prix.<\/p>\n<p><strong>D'autant plus qu'une telle application implique un effort suppl\u00e9mentaire consid\u00e9rable pour les affaires courantes. Comment quantifier grossi\u00e8rement cet effort ?<\/strong><br \/>\nJe peux parler de ma propre exp\u00e9rience en tant que laur\u00e9at 2002 du Groupe Minoteries SA : C'est environ 1 \u00e0 2 hommes-ann\u00e9es de travail suppl\u00e9mentaire. Mais le remboursement est d\u00e9j\u00e0 visible au bout de six mois. Il faut g\u00e9n\u00e9ralement beaucoup de temps pour examiner et analyser le pass\u00e9 avant de pouvoir s'occuper de l'avenir r\u00e9el de l'organisation. Mais c'est la seule fa\u00e7on de le mettre en forme et de le pr\u00e9parer pour l'avenir \u00e0 long terme.<\/p>\n<p><strong>Et l'entreprise est-elle mieux \u00e9quip\u00e9e pour faire face aux p\u00e9riodes difficiles ?<\/strong><br \/>\nOui, absolument.<\/p>\n<p><strong>Retour sur les finalistes de cette ann\u00e9e : en quoi leur validation \u00e9tait-elle diff\u00e9rente de celle des ann\u00e9es pr\u00e9c\u00e9dentes ? Y a-t-il quelque chose qui se soit particuli\u00e8rement distingu\u00e9 ?<\/strong><br \/>\nEn fait, non. Chaque entreprise a ses propres forces et particularit\u00e9s. La seule chose qui m\u00e9rite d'\u00eatre mentionn\u00e9e ici est que, pour la premi\u00e8re fois depuis longtemps, BMW (Schweiz) AG a \u00e9t\u00e9 un distributeur classique en finale.<\/p>\n<p><strong>Il y a deux ans, vous disiez \u00e0 propos des finalistes de l'\u00e9poque que la participation des employ\u00e9s \u00e9tait particuli\u00e8rement \u00e9lev\u00e9e. En d'autres termes, les entreprises qui s'engagent dans l'excellence commerciale sont de \"meilleurs\" employeurs ?<\/strong><br \/>\nQue signifie \"mieux\" ? La seule chose que l'on peut dire par l'affirmative est que les excellentes entreprises se remettent constamment en question. Que peut-on encore am\u00e9liorer ? O\u00f9 voulons-nous nous d\u00e9velopper ? Cela permet de maintenir beaucoup de choses en mouvement. Cela pose parfois des probl\u00e8mes aux employ\u00e9s qui veulent simplement faire leur travail. D'autres, en revanche, qui veulent avancer de mani\u00e8re dynamique, n'ont aucun probl\u00e8me avec cela - et ils en sont alors r\u00e9compens\u00e9s. Il en r\u00e9sulte qu'une entreprise dynamique embauche \u00e9galement des personnes dynamiques, alors que d'autres la quittent.<\/p>\n<p><strong>En parlant de \"dynamique\" : la norme ISO 9001 vient d'\u00eatre r\u00e9vis\u00e9e et s'est rapproch\u00e9e du mod\u00e8le EFQM \u00e0 certains \u00e9gards. Qu'est-ce que cela signifie pour l'avenir du Prix suisse d'excellence ESPRIX ?<\/strong><br \/>\nIl est bien s\u00fbr tr\u00e8s r\u00e9jouissant que l'ISO 9001 et l'EFQM aient converg\u00e9. Cela montre que le mod\u00e8le EFQM est d\u00e9sormais largement reconnu. Je pense que cela conduira les entreprises certifi\u00e9es ISO \u00e0 vouloir s'am\u00e9liorer de plus en plus via le mod\u00e8le EFQM, assurant ainsi un pipeline encore plus important aux diff\u00e9rents niveaux. D'autre part, les organisations peuvent aussi \u00eatre plus enclines \u00e0 penser que la norme ISO 9001:2015 est suffisante pour leurs objectifs.<\/p>\n<p><strong>Enfin, quels conseils pouvez-vous donner aux finalistes pour leurs futurs objectifs\/\u00e9tapes ?<\/strong><br \/>\nJe vois le plus grand potentiel d'am\u00e9lioration dans l'introduction de la logique RADAR pour la mise en \u0153uvre de la strat\u00e9gie et le d\u00e9veloppement de l'organisation. En outre, la mesure des KPI (indicateurs cl\u00e9s de performance), leur comparaison et la formulation de conclusions ne sont pas effectu\u00e9es de la m\u00eame mani\u00e8re dans toutes les entreprises. On ne peut pas simplement se comparer aux voisins, mais on doit se mesurer aux \"meilleurs de la classe\". Il est d'autant plus important de maintenir vos ambitions constamment \u00e0 un niveau \u00e9lev\u00e9 afin de vous am\u00e9liorer encore. En bref : identifier le potentiel est tr\u00e8s efficace, mais le mesurer et le comparer est souvent une autre affaire.<\/p>\n<p><strong>Parce que c'est tr\u00e8s exigeant ?<\/strong><br \/>\nOui, c'est certainement le cas. Les candidats qui ont remport\u00e9 un prix il y a quelques ann\u00e9es n'arriveraient probablement pas tous en finale aujourd'hui. D'apr\u00e8s ma longue exp\u00e9rience, je peux dire : d'excellents r\u00e9sultats ne sont possibles qu'avec un excellent personnel. Ces personnes servent de mod\u00e8les et apportent de meilleurs r\u00e9sultats.<\/p>","protected":false},"excerpt":{"rendered":"<p>&nbsp; &nbsp; &nbsp; Insgesamt gingen f\u00fcr die Verleihung des diesj\u00e4hrigen ESPRIX Swiss Award for Excellence sechs Bewerbungsdossiers ein. F\u00fcnf davon schafften es in den Final, zwei mehr als im Vorjahr. Die Talsohle, die man in den Jahren 2012 und 2013, als es keinen Award-Gewinner gab, erreicht hatte, scheint nun endg\u00fcltig durchschritten. Herr Martz, dieses Jahr [&hellip;]<\/p>\n","protected":false},"author":66,"featured_media":11406,"comment_status":"closed","ping_status":"closed","sticky":false,"template":"","format":"standard","meta":{"_acf_changed":false,"footnotes":""},"categories":[4448],"tags":[4775],"class_list":["post-11402","post","type-post","status-publish","format-standard","has-post-thumbnail","hentry","category-allgemein","tag-03-2016"],"acf":[],"yoast_head":"<!-- This site is optimized with the Yoast SEO plugin v26.2 - https:\/\/yoast.com\/wordpress\/plugins\/seo\/ -->\n<title>\u00abExzellente Resultate sind nur mit exzellentem Personal m\u00f6glich\u00bb - MQ Management und Qualit\u00e4t<\/title>\n<meta name=\"description\" content=\"Die einmal mehr ausgezeichneten Bewerbungs\ufffedossiers der Finalisten machten es der Jury nicht einfach. Trotzdem ortet Jury-Pr\u00e4sident Wolfgang Martz bei allen Preistr\u00e4gern noch weiteres Verbesserungspotenzial.\" \/>\n<meta name=\"robots\" content=\"index, follow, max-snippet:-1, max-image-preview:large, max-video-preview:-1\" \/>\n<link rel=\"canonical\" href=\"https:\/\/www.m-q.ch\/fr\/dexcellents-resultats-ne-sont-possibles-quavec-un-personnel-excellent\/\" \/>\n<meta property=\"og:locale\" content=\"fr_FR\" \/>\n<meta property=\"og:type\" content=\"article\" \/>\n<meta property=\"og:title\" content=\"\u00abExzellente Resultate sind nur mit exzellentem Personal m\u00f6glich\u00bb - MQ Management und Qualit\u00e4t\" \/>\n<meta property=\"og:description\" content=\"Die einmal mehr ausgezeichneten Bewerbungs\ufffedossiers der Finalisten machten es der Jury nicht einfach. Trotzdem ortet Jury-Pr\u00e4sident Wolfgang Martz bei allen Preistr\u00e4gern noch weiteres Verbesserungspotenzial.\" \/>\n<meta property=\"og:url\" content=\"https:\/\/www.m-q.ch\/fr\/dexcellents-resultats-ne-sont-possibles-quavec-un-personnel-excellent\/\" \/>\n<meta property=\"og:site_name\" content=\"MQ Management und Qualit\u00e4t\" \/>\n<meta property=\"article:publisher\" content=\"https:\/\/www.facebook.com\/ManagementUndQualitaet\" \/>\n<meta property=\"article:published_time\" content=\"2016-03-15T10:47:05+00:00\" \/>\n<meta property=\"article:modified_time\" content=\"2021-02-13T11:01:23+00:00\" \/>\n<meta property=\"og:image\" content=\"https:\/\/www.m-q.ch\/wp-content\/uploads\/2021\/02\/Exzellente-Resultate-sind-nur-mit-exzellentem-Personal-moeglich.jpg\" \/>\n\t<meta property=\"og:image:width\" content=\"865\" \/>\n\t<meta property=\"og:image:height\" content=\"1259\" \/>\n\t<meta property=\"og:image:type\" content=\"image\/jpeg\" \/>\n<meta name=\"author\" content=\"upwork_1\" \/>\n<meta name=\"twitter:card\" content=\"summary_large_image\" \/>\n<meta name=\"twitter:label1\" content=\"\u00c9crit par\" \/>\n\t<meta name=\"twitter:data1\" content=\"upwork_1\" \/>\n\t<meta name=\"twitter:label2\" content=\"Dur\u00e9e de lecture estim\u00e9e\" \/>\n\t<meta name=\"twitter:data2\" content=\"4 minutes\" \/>\n<script type=\"application\/ld+json\" class=\"yoast-schema-graph\">{\"@context\":\"https:\/\/schema.org\",\"@graph\":[{\"@type\":\"Article\",\"@id\":\"https:\/\/www.m-q.ch\/exzellente-resultate-sind-nur-mit-exzellentem-personal-moeglich\/#article\",\"isPartOf\":{\"@id\":\"https:\/\/www.m-q.ch\/exzellente-resultate-sind-nur-mit-exzellentem-personal-moeglich\/\"},\"author\":{\"name\":\"upwork_1\",\"@id\":\"https:\/\/www.m-q.ch\/fr\/#\/schema\/person\/0bdf39ca27d0b9b779f5b8af54b3f7d7\"},\"headline\":\"\u00abExzellente Resultate sind nur mit exzellentem Personal m\u00f6glich\u00bb\",\"datePublished\":\"2016-03-15T10:47:05+00:00\",\"dateModified\":\"2021-02-13T11:01:23+00:00\",\"mainEntityOfPage\":{\"@id\":\"https:\/\/www.m-q.ch\/exzellente-resultate-sind-nur-mit-exzellentem-personal-moeglich\/\"},\"wordCount\":885,\"publisher\":{\"@id\":\"https:\/\/www.m-q.ch\/fr\/#organization\"},\"image\":{\"@id\":\"https:\/\/www.m-q.ch\/exzellente-resultate-sind-nur-mit-exzellentem-personal-moeglich\/#primaryimage\"},\"thumbnailUrl\":\"https:\/\/www.m-q.ch\/wp-content\/uploads\/2021\/02\/Exzellente-Resultate-sind-nur-mit-exzellentem-Personal-moeglich.jpg\",\"keywords\":[\"03\/2016\"],\"articleSection\":[\"Allgemein\"],\"inLanguage\":\"fr-FR\"},{\"@type\":\"WebPage\",\"@id\":\"https:\/\/www.m-q.ch\/exzellente-resultate-sind-nur-mit-exzellentem-personal-moeglich\/\",\"url\":\"https:\/\/www.m-q.ch\/exzellente-resultate-sind-nur-mit-exzellentem-personal-moeglich\/\",\"name\":\"\u00abExzellente Resultate sind nur mit exzellentem Personal m\u00f6glich\u00bb - MQ Management und Qualit\u00e4t\",\"isPartOf\":{\"@id\":\"https:\/\/www.m-q.ch\/fr\/#website\"},\"primaryImageOfPage\":{\"@id\":\"https:\/\/www.m-q.ch\/exzellente-resultate-sind-nur-mit-exzellentem-personal-moeglich\/#primaryimage\"},\"image\":{\"@id\":\"https:\/\/www.m-q.ch\/exzellente-resultate-sind-nur-mit-exzellentem-personal-moeglich\/#primaryimage\"},\"thumbnailUrl\":\"https:\/\/www.m-q.ch\/wp-content\/uploads\/2021\/02\/Exzellente-Resultate-sind-nur-mit-exzellentem-Personal-moeglich.jpg\",\"datePublished\":\"2016-03-15T10:47:05+00:00\",\"dateModified\":\"2021-02-13T11:01:23+00:00\",\"description\":\"Die einmal mehr ausgezeichneten Bewerbungs\ufffedossiers der Finalisten machten es der Jury nicht einfach. Trotzdem ortet Jury-Pr\u00e4sident Wolfgang Martz bei allen Preistr\u00e4gern noch weiteres Verbesserungspotenzial.\",\"breadcrumb\":{\"@id\":\"https:\/\/www.m-q.ch\/exzellente-resultate-sind-nur-mit-exzellentem-personal-moeglich\/#breadcrumb\"},\"inLanguage\":\"fr-FR\",\"potentialAction\":[{\"@type\":\"ReadAction\",\"target\":[\"https:\/\/www.m-q.ch\/exzellente-resultate-sind-nur-mit-exzellentem-personal-moeglich\/\"]}]},{\"@type\":\"ImageObject\",\"inLanguage\":\"fr-FR\",\"@id\":\"https:\/\/www.m-q.ch\/exzellente-resultate-sind-nur-mit-exzellentem-personal-moeglich\/#primaryimage\",\"url\":\"https:\/\/www.m-q.ch\/wp-content\/uploads\/2021\/02\/Exzellente-Resultate-sind-nur-mit-exzellentem-Personal-moeglich.jpg\",\"contentUrl\":\"https:\/\/www.m-q.ch\/wp-content\/uploads\/2021\/02\/Exzellente-Resultate-sind-nur-mit-exzellentem-Personal-moeglich.jpg\",\"width\":865,\"height\":1259,\"caption\":\"\u00abExzellente Resultate sind nur mit exzellentem Personal m\u00f6glich\u00bb\"},{\"@type\":\"BreadcrumbList\",\"@id\":\"https:\/\/www.m-q.ch\/exzellente-resultate-sind-nur-mit-exzellentem-personal-moeglich\/#breadcrumb\",\"itemListElement\":[{\"@type\":\"ListItem\",\"position\":1,\"name\":\"Allgemein\",\"item\":\"https:\/\/www.m-q.ch\/kategorie\/allgemein\/\"},{\"@type\":\"ListItem\",\"position\":2,\"name\":\"\u00abExzellente Resultate sind nur mit exzellentem Personal m\u00f6glich\u00bb\"}]},{\"@type\":\"WebSite\",\"@id\":\"https:\/\/www.m-q.ch\/fr\/#website\",\"url\":\"https:\/\/www.m-q.ch\/fr\/\",\"name\":\"MQ Management und Qualit\u00e4t\",\"description\":\"Plattform f\u00fcr integrierte Managementsysteme.\",\"publisher\":{\"@id\":\"https:\/\/www.m-q.ch\/fr\/#organization\"},\"potentialAction\":[{\"@type\":\"SearchAction\",\"target\":{\"@type\":\"EntryPoint\",\"urlTemplate\":\"https:\/\/www.m-q.ch\/fr\/?s={search_term_string}\"},\"query-input\":{\"@type\":\"PropertyValueSpecification\",\"valueRequired\":true,\"valueName\":\"search_term_string\"}}],\"inLanguage\":\"fr-FR\"},{\"@type\":\"Organization\",\"@id\":\"https:\/\/www.m-q.ch\/fr\/#organization\",\"name\":\"Galledia Fachmedien AG\",\"url\":\"https:\/\/www.m-q.ch\/fr\/\",\"logo\":{\"@type\":\"ImageObject\",\"inLanguage\":\"fr-FR\",\"@id\":\"https:\/\/www.m-q.ch\/fr\/#\/schema\/logo\/image\/\",\"url\":\"https:\/\/www.m-q.ch\/wp-content\/uploads\/2020\/12\/cropped-logo_small.png\",\"contentUrl\":\"https:\/\/www.m-q.ch\/wp-content\/uploads\/2020\/12\/cropped-logo_small.png\",\"width\":512,\"height\":512,\"caption\":\"Galledia Fachmedien AG\"},\"image\":{\"@id\":\"https:\/\/www.m-q.ch\/fr\/#\/schema\/logo\/image\/\"},\"sameAs\":[\"https:\/\/www.facebook.com\/ManagementUndQualitaet\",\"https:\/\/www.linkedin.com\/showcase\/17982321\/admin\/\"]},{\"@type\":\"Person\",\"@id\":\"https:\/\/www.m-q.ch\/fr\/#\/schema\/person\/0bdf39ca27d0b9b779f5b8af54b3f7d7\",\"name\":\"upwork_1\",\"image\":{\"@type\":\"ImageObject\",\"inLanguage\":\"fr-FR\",\"@id\":\"https:\/\/www.m-q.ch\/fr\/#\/schema\/person\/image\/\",\"url\":\"https:\/\/secure.gravatar.com\/avatar\/04d4d0fdc5886d535809f17d0eace7f6?s=96&d=mm&r=g\",\"contentUrl\":\"https:\/\/secure.gravatar.com\/avatar\/04d4d0fdc5886d535809f17d0eace7f6?s=96&d=mm&r=g\",\"caption\":\"upwork_1\"},\"url\":\"https:\/\/www.m-q.ch\/fr\/author\/upwork_1\/\"}]}<\/script>\n<!-- \/ Yoast SEO plugin. -->","yoast_head_json":{"title":"\"D'excellents r\u00e9sultats ne sont possibles qu'avec un excellent personnel\" - MQ Management and Quality","description":"L'excellent application\ufffedossiers des finalistes, une fois de plus, n'a pas rendu la t\u00e2che facile au jury. N\u00e9anmoins, le pr\u00e9sident du jury, Wolfgang Martz, voit un potentiel d'am\u00e9lioration suppl\u00e9mentaire chez tous les laur\u00e9ats.","robots":{"index":"index","follow":"follow","max-snippet":"max-snippet:-1","max-image-preview":"max-image-preview:large","max-video-preview":"max-video-preview:-1"},"canonical":"https:\/\/www.m-q.ch\/fr\/dexcellents-resultats-ne-sont-possibles-quavec-un-personnel-excellent\/","og_locale":"fr_FR","og_type":"article","og_title":"\u00abExzellente Resultate sind nur mit exzellentem Personal m\u00f6glich\u00bb - MQ Management und Qualit\u00e4t","og_description":"Die einmal mehr ausgezeichneten Bewerbungs\ufffedossiers der Finalisten machten es der Jury nicht einfach. Trotzdem ortet Jury-Pr\u00e4sident Wolfgang Martz bei allen Preistr\u00e4gern noch weiteres Verbesserungspotenzial.","og_url":"https:\/\/www.m-q.ch\/fr\/dexcellents-resultats-ne-sont-possibles-quavec-un-personnel-excellent\/","og_site_name":"MQ Management und Qualit\u00e4t","article_publisher":"https:\/\/www.facebook.com\/ManagementUndQualitaet","article_published_time":"2016-03-15T10:47:05+00:00","article_modified_time":"2021-02-13T11:01:23+00:00","og_image":[{"width":865,"height":1259,"url":"https:\/\/www.m-q.ch\/wp-content\/uploads\/2021\/02\/Exzellente-Resultate-sind-nur-mit-exzellentem-Personal-moeglich.jpg","type":"image\/jpeg"}],"author":"upwork_1","twitter_card":"summary_large_image","twitter_misc":{"\u00c9crit par":"upwork_1","Dur\u00e9e de lecture estim\u00e9e":"4 minutes"},"schema":{"@context":"https:\/\/schema.org","@graph":[{"@type":"Article","@id":"https:\/\/www.m-q.ch\/exzellente-resultate-sind-nur-mit-exzellentem-personal-moeglich\/#article","isPartOf":{"@id":"https:\/\/www.m-q.ch\/exzellente-resultate-sind-nur-mit-exzellentem-personal-moeglich\/"},"author":{"name":"upwork_1","@id":"https:\/\/www.m-q.ch\/fr\/#\/schema\/person\/0bdf39ca27d0b9b779f5b8af54b3f7d7"},"headline":"\u00abExzellente Resultate sind nur mit exzellentem Personal m\u00f6glich\u00bb","datePublished":"2016-03-15T10:47:05+00:00","dateModified":"2021-02-13T11:01:23+00:00","mainEntityOfPage":{"@id":"https:\/\/www.m-q.ch\/exzellente-resultate-sind-nur-mit-exzellentem-personal-moeglich\/"},"wordCount":885,"publisher":{"@id":"https:\/\/www.m-q.ch\/fr\/#organization"},"image":{"@id":"https:\/\/www.m-q.ch\/exzellente-resultate-sind-nur-mit-exzellentem-personal-moeglich\/#primaryimage"},"thumbnailUrl":"https:\/\/www.m-q.ch\/wp-content\/uploads\/2021\/02\/Exzellente-Resultate-sind-nur-mit-exzellentem-Personal-moeglich.jpg","keywords":["03\/2016"],"articleSection":["Allgemein"],"inLanguage":"fr-FR"},{"@type":"WebPage","@id":"https:\/\/www.m-q.ch\/exzellente-resultate-sind-nur-mit-exzellentem-personal-moeglich\/","url":"https:\/\/www.m-q.ch\/exzellente-resultate-sind-nur-mit-exzellentem-personal-moeglich\/","name":"\"D'excellents r\u00e9sultats ne sont possibles qu'avec un excellent personnel\" - MQ Management and Quality","isPartOf":{"@id":"https:\/\/www.m-q.ch\/fr\/#website"},"primaryImageOfPage":{"@id":"https:\/\/www.m-q.ch\/exzellente-resultate-sind-nur-mit-exzellentem-personal-moeglich\/#primaryimage"},"image":{"@id":"https:\/\/www.m-q.ch\/exzellente-resultate-sind-nur-mit-exzellentem-personal-moeglich\/#primaryimage"},"thumbnailUrl":"https:\/\/www.m-q.ch\/wp-content\/uploads\/2021\/02\/Exzellente-Resultate-sind-nur-mit-exzellentem-Personal-moeglich.jpg","datePublished":"2016-03-15T10:47:05+00:00","dateModified":"2021-02-13T11:01:23+00:00","description":"L'excellent application\ufffedossiers des finalistes, une fois de plus, n'a pas rendu la t\u00e2che facile au jury. N\u00e9anmoins, le pr\u00e9sident du jury, Wolfgang Martz, voit un potentiel d'am\u00e9lioration suppl\u00e9mentaire chez tous les laur\u00e9ats.","breadcrumb":{"@id":"https:\/\/www.m-q.ch\/exzellente-resultate-sind-nur-mit-exzellentem-personal-moeglich\/#breadcrumb"},"inLanguage":"fr-FR","potentialAction":[{"@type":"ReadAction","target":["https:\/\/www.m-q.ch\/exzellente-resultate-sind-nur-mit-exzellentem-personal-moeglich\/"]}]},{"@type":"ImageObject","inLanguage":"fr-FR","@id":"https:\/\/www.m-q.ch\/exzellente-resultate-sind-nur-mit-exzellentem-personal-moeglich\/#primaryimage","url":"https:\/\/www.m-q.ch\/wp-content\/uploads\/2021\/02\/Exzellente-Resultate-sind-nur-mit-exzellentem-Personal-moeglich.jpg","contentUrl":"https:\/\/www.m-q.ch\/wp-content\/uploads\/2021\/02\/Exzellente-Resultate-sind-nur-mit-exzellentem-Personal-moeglich.jpg","width":865,"height":1259,"caption":"\u00abExzellente Resultate sind nur mit exzellentem Personal m\u00f6glich\u00bb"},{"@type":"BreadcrumbList","@id":"https:\/\/www.m-q.ch\/exzellente-resultate-sind-nur-mit-exzellentem-personal-moeglich\/#breadcrumb","itemListElement":[{"@type":"ListItem","position":1,"name":"Allgemein","item":"https:\/\/www.m-q.ch\/kategorie\/allgemein\/"},{"@type":"ListItem","position":2,"name":"\u00abExzellente Resultate sind nur mit exzellentem Personal m\u00f6glich\u00bb"}]},{"@type":"WebSite","@id":"https:\/\/www.m-q.ch\/fr\/#website","url":"https:\/\/www.m-q.ch\/fr\/","name":"Gestion et qualit\u00e9 du QM","description":"Plate-forme pour les syst\u00e8mes de gestion int\u00e9gr\u00e9e.","publisher":{"@id":"https:\/\/www.m-q.ch\/fr\/#organization"},"potentialAction":[{"@type":"SearchAction","target":{"@type":"EntryPoint","urlTemplate":"https:\/\/www.m-q.ch\/fr\/?s={search_term_string}"},"query-input":{"@type":"PropertyValueSpecification","valueRequired":true,"valueName":"search_term_string"}}],"inLanguage":"fr-FR"},{"@type":"Organization","@id":"https:\/\/www.m-q.ch\/fr\/#organization","name":"Galledia Trade Media AG","url":"https:\/\/www.m-q.ch\/fr\/","logo":{"@type":"ImageObject","inLanguage":"fr-FR","@id":"https:\/\/www.m-q.ch\/fr\/#\/schema\/logo\/image\/","url":"https:\/\/www.m-q.ch\/wp-content\/uploads\/2020\/12\/cropped-logo_small.png","contentUrl":"https:\/\/www.m-q.ch\/wp-content\/uploads\/2020\/12\/cropped-logo_small.png","width":512,"height":512,"caption":"Galledia Fachmedien AG"},"image":{"@id":"https:\/\/www.m-q.ch\/fr\/#\/schema\/logo\/image\/"},"sameAs":["https:\/\/www.facebook.com\/ManagementUndQualitaet","https:\/\/www.linkedin.com\/showcase\/17982321\/admin\/"]},{"@type":"Person","@id":"https:\/\/www.m-q.ch\/fr\/#\/schema\/person\/0bdf39ca27d0b9b779f5b8af54b3f7d7","name":"upwork_1","image":{"@type":"ImageObject","inLanguage":"fr-FR","@id":"https:\/\/www.m-q.ch\/fr\/#\/schema\/person\/image\/","url":"https:\/\/secure.gravatar.com\/avatar\/04d4d0fdc5886d535809f17d0eace7f6?s=96&d=mm&r=g","contentUrl":"https:\/\/secure.gravatar.com\/avatar\/04d4d0fdc5886d535809f17d0eace7f6?s=96&d=mm&r=g","caption":"upwork_1"},"url":"https:\/\/www.m-q.ch\/fr\/author\/upwork_1\/"}]}},"_links":{"self":[{"href":"https:\/\/www.m-q.ch\/fr\/wp-json\/wp\/v2\/posts\/11402","targetHints":{"allow":["GET"]}}],"collection":[{"href":"https:\/\/www.m-q.ch\/fr\/wp-json\/wp\/v2\/posts"}],"about":[{"href":"https:\/\/www.m-q.ch\/fr\/wp-json\/wp\/v2\/types\/post"}],"author":[{"embeddable":true,"href":"https:\/\/www.m-q.ch\/fr\/wp-json\/wp\/v2\/users\/66"}],"replies":[{"embeddable":true,"href":"https:\/\/www.m-q.ch\/fr\/wp-json\/wp\/v2\/comments?post=11402"}],"version-history":[{"count":2,"href":"https:\/\/www.m-q.ch\/fr\/wp-json\/wp\/v2\/posts\/11402\/revisions"}],"predecessor-version":[{"id":11409,"href":"https:\/\/www.m-q.ch\/fr\/wp-json\/wp\/v2\/posts\/11402\/revisions\/11409"}],"wp:featuredmedia":[{"embeddable":true,"href":"https:\/\/www.m-q.ch\/fr\/wp-json\/wp\/v2\/media\/11406"}],"wp:attachment":[{"href":"https:\/\/www.m-q.ch\/fr\/wp-json\/wp\/v2\/media?parent=11402"}],"wp:term":[{"taxonomy":"category","embeddable":true,"href":"https:\/\/www.m-q.ch\/fr\/wp-json\/wp\/v2\/categories?post=11402"},{"taxonomy":"post_tag","embeddable":true,"href":"https:\/\/www.m-q.ch\/fr\/wp-json\/wp\/v2\/tags?post=11402"}],"curies":[{"name":"wp","href":"https:\/\/api.w.org\/{rel}","templated":true}]}}