{"id":11591,"date":"2017-10-07T00:51:51","date_gmt":"2017-10-06T22:51:51","guid":{"rendered":"https:\/\/www.m-q.ch\/?p=11591"},"modified":"2021-02-14T01:39:26","modified_gmt":"2021-02-14T00:39:26","slug":"la-communication-de-risque-et-de-crise-sapprend-aujourdhui-a-la-tsaw","status":"publish","type":"post","link":"https:\/\/www.m-q.ch\/fr\/risiko-und-krisenkommunikation-lernt-man-heute-an-der-zhaw\/","title":{"rendered":"La communication sur les risques et les crises est un sujet que l'on apprend aujourd'hui \u00e0 la ZHAW"},"content":{"rendered":"<p><img loading=\"lazy\" decoding=\"async\" class=\"alignnone size-full wp-image-11615\" src=\"https:\/\/www.m-q.ch\/wp-content\/uploads\/2021\/02\/Risiko-und-Krisenkommunikation-lernt-man-heute-an-der-ZHAW.jpg\" alt=\"La communication sur les risques et les crises est un sujet que l&#039;on apprend aujourd&#039;hui \u00e0 la ZHAW\" width=\"883\" height=\"696\" srcset=\"https:\/\/www.m-q.ch\/wp-content\/uploads\/2021\/02\/Risiko-und-Krisenkommunikation-lernt-man-heute-an-der-ZHAW.jpg 883w, https:\/\/www.m-q.ch\/wp-content\/uploads\/2021\/02\/Risiko-und-Krisenkommunikation-lernt-man-heute-an-der-ZHAW-768x605.jpg 768w, https:\/\/www.m-q.ch\/wp-content\/uploads\/2021\/02\/Risiko-und-Krisenkommunikation-lernt-man-heute-an-der-ZHAW-16x12.jpg 16w, https:\/\/www.m-q.ch\/wp-content\/uploads\/2021\/02\/Risiko-und-Krisenkommunikation-lernt-man-heute-an-der-ZHAW-222x175.jpg 222w, https:\/\/www.m-q.ch\/wp-content\/uploads\/2021\/02\/Risiko-und-Krisenkommunikation-lernt-man-heute-an-der-ZHAW-444x350.jpg 444w, https:\/\/www.m-q.ch\/wp-content\/uploads\/2021\/02\/Risiko-und-Krisenkommunikation-lernt-man-heute-an-der-ZHAW-300x236.jpg 300w\" sizes=\"auto, (max-width: 883px) 100vw, 883px\" \/><\/p>\n<p>&nbsp;<\/p>\n<p>&nbsp;<\/p>\n<p>&nbsp;<\/p>\n<p>Le principal institut de communication des risques et des crises en Suisse est situ\u00e9 \u00e0 la Haute \u00e9cole sp\u00e9cialis\u00e9e ZHAW de Zurich, \u00e0 Winterthur. Ces derni\u00e8res ann\u00e9es, de nombreux \u00e9tudiants de l'Institut du d\u00e9veloppement durable (INE) ont obtenu le certificat d'\u00e9tudes sup\u00e9rieures (CAS) en communication des risques et des crises (CAS RKK). Pascal A. Praudisch est chef de division chez Kessler &amp; Co AG \u00e0 Zurich. Il a particip\u00e9 au CAS RKK dans le cadre du Master of Advanced Studies (MAS) Integrated Risk Management. Apr\u00e8s avoir termin\u00e9 le cours avec succ\u00e8s, il d\u00e9clare : \"La combinaison de mon exp\u00e9rience professionnelle ant\u00e9rieure avec le transfert de connaissances pratiques du cours - c'est exactement ce que la ZHAW offre.<\/p>\n<p><strong>Les bases d'une communication orient\u00e9e vers l'impact<\/strong><br \/>\nL'objectif principal de ce cours est le traitement professionnel des intervenants internes et externes dans les situations critiques. Dans le CAS RKK, vous approfondirez vos connaissances par le biais de probl\u00e8mes ax\u00e9s sur la pratique. Sur la base d'\u00e9tudes de cas concrets, vous serez en mesure d'analyser correctement les situations, de d\u00e9velopper des solutions et de les mettre en \u0153uvre de mani\u00e8re cibl\u00e9e.<\/p>\n<p><strong>Comp\u00e9tences en mati\u00e8re de pr\u00e9vention et de gestion des crises<\/strong><br \/>\nDouze journ\u00e9es d'enseignement coordonn\u00e9es et un projet supervis\u00e9 vous aideront \u00e0 obtenir un certificat universitaire, dix cr\u00e9dits ECTS et une comp\u00e9tence sup\u00e9rieure \u00e0 la moyenne en mati\u00e8re de pr\u00e9vention et de gestion des crises. Nos conf\u00e9renciers sont parmi les meilleurs dans leur domaine dans divers secteurs professionnels. Cela garantit une pertinence pratique maximale et un haut degr\u00e9 d'actualit\u00e9.<\/p>\n<p><strong>Une formation adapt\u00e9e \u00e0 vos besoins<\/strong><br \/>\nLe CAS RKK s'adresse principalement aux membres de la direction des entreprises, des compagnies d'assurance, des administrations et des organisations de services d'urgence. Les membres de la direction et du conseil d'administration ainsi que les responsables de la s\u00e9curit\u00e9, des risques, de la qualit\u00e9, de la gestion des projets, de l'informatique et de l'environnement font \u00e9galement partie du groupe de personnes qui b\u00e9n\u00e9ficieront de ce cours. Et les repr\u00e9sentants des secteurs du conseil, du contr\u00f4le et de la conformit\u00e9 tireront de ce cours des enseignements essentiels et des possibilit\u00e9s de formation.<\/p>\n<p><strong>Ils s'entra\u00eenent l\u00e0 o\u00f9 d'autres n'arrivent que lorsque le feu est d\u00e9j\u00e0 allum\u00e9<\/strong><br \/>\nCe cours vous pr\u00e9parera \u00e9galement \u00e0 des interventions dans les m\u00e9dias. Vous donnerez des interviews dans le studio de t\u00e9l\u00e9vision - o\u00f9 les autres n'arrivent que lorsque les choses sont d\u00e9j\u00e0 \"br\u00fblantes\". Au cours de plusieurs formations devant la cam\u00e9ra, vous d\u00e9velopperez vos comp\u00e9tences de performance.<\/p>","protected":false},"excerpt":{"rendered":"<p>&nbsp; &nbsp; &nbsp; Das f\u00fchrende Institut f\u00fcr Risiko- und Krisen-kommunikation in der Schweiz ist an der ZHAW Z\u00fcrcher Hochschule f\u00fcr Angewandte Wissenschaften in Winterthur angesiedelt. Am Institut f\u00fcr Nachhaltige Entwicklung (INE) haben in den vergangenen Jahren viele Studierende den Zertifikatslehrgang (Certifi-cate of Advanced Studies, kurz CAS) Risiko-und Krisenkommunikation (CAS RKK) er-worben. Pascal A. Praudisch ist [&hellip;]<\/p>\n","protected":false},"author":62,"featured_media":11615,"comment_status":"closed","ping_status":"closed","sticky":false,"template":"","format":"standard","meta":{"_acf_changed":false,"footnotes":""},"categories":[4448],"tags":[4780],"class_list":["post-11591","post","type-post","status-publish","format-standard","has-post-thumbnail","hentry","category-allgemein","tag-10-2017"],"acf":[],"yoast_head":"<!-- This site is optimized with the Yoast SEO plugin v26.2 - https:\/\/yoast.com\/wordpress\/plugins\/seo\/ -->\n<title>Risiko- und Krisenkommunikation lernt man heute an der ZHAW - MQ Management und Qualit\u00e4t<\/title>\n<meta name=\"description\" content=\"Warum f\u00fchren Konflikte so oft zu Imageproblemen? Was k\u00f6nnen Kaderleute dagegentun? Wie k\u00f6nnen Sie dazu beitragen, dass das Interessen-, Beziehungs- undKommunikationsmanagement Ihre Organisation befl\u00fcgelt anstatt hemmt? Wask\u00f6nnen Sie tun und was sollten Sie unterlassen, damit das Corporate Wording IhresUnternehmens nicht auf Frontalkurs mit der \u00f6ffentlichen Meinung geht?\" \/>\n<meta name=\"robots\" content=\"index, follow, max-snippet:-1, max-image-preview:large, max-video-preview:-1\" \/>\n<link rel=\"canonical\" href=\"https:\/\/www.m-q.ch\/fr\/la-communication-de-risque-et-de-crise-sapprend-aujourdhui-a-la-tsaw\/\" \/>\n<meta property=\"og:locale\" content=\"fr_FR\" \/>\n<meta property=\"og:type\" content=\"article\" \/>\n<meta property=\"og:title\" content=\"Risiko- und Krisenkommunikation lernt man heute an der ZHAW - MQ Management und Qualit\u00e4t\" \/>\n<meta property=\"og:description\" content=\"Warum f\u00fchren Konflikte so oft zu Imageproblemen? Was k\u00f6nnen Kaderleute dagegentun? Wie k\u00f6nnen Sie dazu beitragen, dass das Interessen-, Beziehungs- undKommunikationsmanagement Ihre Organisation befl\u00fcgelt anstatt hemmt? Wask\u00f6nnen Sie tun und was sollten Sie unterlassen, damit das Corporate Wording IhresUnternehmens nicht auf Frontalkurs mit der \u00f6ffentlichen Meinung geht?\" \/>\n<meta property=\"og:url\" content=\"https:\/\/www.m-q.ch\/fr\/la-communication-de-risque-et-de-crise-sapprend-aujourdhui-a-la-tsaw\/\" \/>\n<meta property=\"og:site_name\" content=\"MQ Management und Qualit\u00e4t\" \/>\n<meta property=\"article:publisher\" content=\"https:\/\/www.facebook.com\/ManagementUndQualitaet\" \/>\n<meta property=\"article:published_time\" content=\"2017-10-06T22:51:51+00:00\" \/>\n<meta property=\"article:modified_time\" content=\"2021-02-14T00:39:26+00:00\" \/>\n<meta property=\"og:image\" content=\"https:\/\/www.m-q.ch\/wp-content\/uploads\/2021\/02\/Risiko-und-Krisenkommunikation-lernt-man-heute-an-der-ZHAW.jpg\" \/>\n\t<meta property=\"og:image:width\" content=\"883\" \/>\n\t<meta property=\"og:image:height\" content=\"696\" \/>\n\t<meta property=\"og:image:type\" content=\"image\/jpeg\" \/>\n<meta name=\"author\" content=\"upwork_2\" \/>\n<meta name=\"twitter:card\" content=\"summary_large_image\" \/>\n<meta name=\"twitter:label1\" content=\"\u00c9crit par\" \/>\n\t<meta name=\"twitter:data1\" content=\"upwork_2\" \/>\n\t<meta name=\"twitter:label2\" content=\"Dur\u00e9e de lecture estim\u00e9e\" \/>\n\t<meta name=\"twitter:data2\" content=\"2 minutes\" \/>\n<script type=\"application\/ld+json\" class=\"yoast-schema-graph\">{\"@context\":\"https:\/\/schema.org\",\"@graph\":[{\"@type\":\"Article\",\"@id\":\"https:\/\/www.m-q.ch\/risiko-und-krisenkommunikation-lernt-man-heute-an-der-zhaw\/#article\",\"isPartOf\":{\"@id\":\"https:\/\/www.m-q.ch\/risiko-und-krisenkommunikation-lernt-man-heute-an-der-zhaw\/\"},\"author\":{\"name\":\"upwork_2\",\"@id\":\"https:\/\/www.m-q.ch\/fr\/#\/schema\/person\/71f647a41e4a3e361e6230f5134f3ba9\"},\"headline\":\"Risiko- und Krisenkommunikation lernt man heute an der ZHAW\",\"datePublished\":\"2017-10-06T22:51:51+00:00\",\"dateModified\":\"2021-02-14T00:39:26+00:00\",\"mainEntityOfPage\":{\"@id\":\"https:\/\/www.m-q.ch\/risiko-und-krisenkommunikation-lernt-man-heute-an-der-zhaw\/\"},\"wordCount\":346,\"publisher\":{\"@id\":\"https:\/\/www.m-q.ch\/fr\/#organization\"},\"image\":{\"@id\":\"https:\/\/www.m-q.ch\/risiko-und-krisenkommunikation-lernt-man-heute-an-der-zhaw\/#primaryimage\"},\"thumbnailUrl\":\"https:\/\/www.m-q.ch\/wp-content\/uploads\/2021\/02\/Risiko-und-Krisenkommunikation-lernt-man-heute-an-der-ZHAW.jpg\",\"keywords\":[\"10\/2017\"],\"articleSection\":[\"Allgemein\"],\"inLanguage\":\"fr-FR\"},{\"@type\":\"WebPage\",\"@id\":\"https:\/\/www.m-q.ch\/risiko-und-krisenkommunikation-lernt-man-heute-an-der-zhaw\/\",\"url\":\"https:\/\/www.m-q.ch\/risiko-und-krisenkommunikation-lernt-man-heute-an-der-zhaw\/\",\"name\":\"Risiko- und Krisenkommunikation lernt man heute an der ZHAW - MQ Management und Qualit\u00e4t\",\"isPartOf\":{\"@id\":\"https:\/\/www.m-q.ch\/fr\/#website\"},\"primaryImageOfPage\":{\"@id\":\"https:\/\/www.m-q.ch\/risiko-und-krisenkommunikation-lernt-man-heute-an-der-zhaw\/#primaryimage\"},\"image\":{\"@id\":\"https:\/\/www.m-q.ch\/risiko-und-krisenkommunikation-lernt-man-heute-an-der-zhaw\/#primaryimage\"},\"thumbnailUrl\":\"https:\/\/www.m-q.ch\/wp-content\/uploads\/2021\/02\/Risiko-und-Krisenkommunikation-lernt-man-heute-an-der-ZHAW.jpg\",\"datePublished\":\"2017-10-06T22:51:51+00:00\",\"dateModified\":\"2021-02-14T00:39:26+00:00\",\"description\":\"Warum f\u00fchren Konflikte so oft zu Imageproblemen? Was k\u00f6nnen Kaderleute dagegentun? Wie k\u00f6nnen Sie dazu beitragen, dass das Interessen-, Beziehungs- undKommunikationsmanagement Ihre Organisation befl\u00fcgelt anstatt hemmt? Wask\u00f6nnen Sie tun und was sollten Sie unterlassen, damit das Corporate Wording IhresUnternehmens nicht auf Frontalkurs mit der \u00f6ffentlichen Meinung geht?\",\"breadcrumb\":{\"@id\":\"https:\/\/www.m-q.ch\/risiko-und-krisenkommunikation-lernt-man-heute-an-der-zhaw\/#breadcrumb\"},\"inLanguage\":\"fr-FR\",\"potentialAction\":[{\"@type\":\"ReadAction\",\"target\":[\"https:\/\/www.m-q.ch\/risiko-und-krisenkommunikation-lernt-man-heute-an-der-zhaw\/\"]}]},{\"@type\":\"ImageObject\",\"inLanguage\":\"fr-FR\",\"@id\":\"https:\/\/www.m-q.ch\/risiko-und-krisenkommunikation-lernt-man-heute-an-der-zhaw\/#primaryimage\",\"url\":\"https:\/\/www.m-q.ch\/wp-content\/uploads\/2021\/02\/Risiko-und-Krisenkommunikation-lernt-man-heute-an-der-ZHAW.jpg\",\"contentUrl\":\"https:\/\/www.m-q.ch\/wp-content\/uploads\/2021\/02\/Risiko-und-Krisenkommunikation-lernt-man-heute-an-der-ZHAW.jpg\",\"width\":883,\"height\":696,\"caption\":\"Risiko- und Krisenkommunikation lernt man heute an der ZHAW\"},{\"@type\":\"BreadcrumbList\",\"@id\":\"https:\/\/www.m-q.ch\/risiko-und-krisenkommunikation-lernt-man-heute-an-der-zhaw\/#breadcrumb\",\"itemListElement\":[{\"@type\":\"ListItem\",\"position\":1,\"name\":\"Allgemein\",\"item\":\"https:\/\/www.m-q.ch\/kategorie\/allgemein\/\"},{\"@type\":\"ListItem\",\"position\":2,\"name\":\"Risiko- und Krisenkommunikation lernt man heute an der ZHAW\"}]},{\"@type\":\"WebSite\",\"@id\":\"https:\/\/www.m-q.ch\/fr\/#website\",\"url\":\"https:\/\/www.m-q.ch\/fr\/\",\"name\":\"MQ Management und Qualit\u00e4t\",\"description\":\"Plattform f\u00fcr integrierte Managementsysteme.\",\"publisher\":{\"@id\":\"https:\/\/www.m-q.ch\/fr\/#organization\"},\"potentialAction\":[{\"@type\":\"SearchAction\",\"target\":{\"@type\":\"EntryPoint\",\"urlTemplate\":\"https:\/\/www.m-q.ch\/fr\/?s={search_term_string}\"},\"query-input\":{\"@type\":\"PropertyValueSpecification\",\"valueRequired\":true,\"valueName\":\"search_term_string\"}}],\"inLanguage\":\"fr-FR\"},{\"@type\":\"Organization\",\"@id\":\"https:\/\/www.m-q.ch\/fr\/#organization\",\"name\":\"Galledia Fachmedien AG\",\"url\":\"https:\/\/www.m-q.ch\/fr\/\",\"logo\":{\"@type\":\"ImageObject\",\"inLanguage\":\"fr-FR\",\"@id\":\"https:\/\/www.m-q.ch\/fr\/#\/schema\/logo\/image\/\",\"url\":\"https:\/\/www.m-q.ch\/wp-content\/uploads\/2020\/12\/cropped-logo_small.png\",\"contentUrl\":\"https:\/\/www.m-q.ch\/wp-content\/uploads\/2020\/12\/cropped-logo_small.png\",\"width\":512,\"height\":512,\"caption\":\"Galledia Fachmedien AG\"},\"image\":{\"@id\":\"https:\/\/www.m-q.ch\/fr\/#\/schema\/logo\/image\/\"},\"sameAs\":[\"https:\/\/www.facebook.com\/ManagementUndQualitaet\",\"https:\/\/www.linkedin.com\/showcase\/17982321\/admin\/\"]},{\"@type\":\"Person\",\"@id\":\"https:\/\/www.m-q.ch\/fr\/#\/schema\/person\/71f647a41e4a3e361e6230f5134f3ba9\",\"name\":\"upwork_2\",\"image\":{\"@type\":\"ImageObject\",\"inLanguage\":\"fr-FR\",\"@id\":\"https:\/\/www.m-q.ch\/fr\/#\/schema\/person\/image\/\",\"url\":\"https:\/\/secure.gravatar.com\/avatar\/777b90ab56092bbf3c85feacda5c1bce?s=96&d=mm&r=g\",\"contentUrl\":\"https:\/\/secure.gravatar.com\/avatar\/777b90ab56092bbf3c85feacda5c1bce?s=96&d=mm&r=g\",\"caption\":\"upwork_2\"},\"url\":\"https:\/\/www.m-q.ch\/fr\/author\/upwork_2\/\"}]}<\/script>\n<!-- \/ Yoast SEO plugin. -->","yoast_head_json":{"title":"La communication sur les risques et les crises est un sujet que l'on apprend aujourd'hui \u00e0 la ZHAW - MQ Management und Qualit\u00e4t","description":"Pourquoi les conflits entra\u00eenent-ils si souvent des probl\u00e8mes d'image ? Que peuvent faire les gestionnaires ? Comment pouvez-vous contribuer \u00e0 faire en sorte que la gestion des int\u00e9r\u00eats, des relations et de la communication inspire votre organisation au lieu de l'inhiber ? Que pouvez-vous faire et que devez-vous vous abstenir de faire pour que le libell\u00e9 de votre soci\u00e9t\u00e9 ne soit pas en contradiction avec l'opinion publique ?","robots":{"index":"index","follow":"follow","max-snippet":"max-snippet:-1","max-image-preview":"max-image-preview:large","max-video-preview":"max-video-preview:-1"},"canonical":"https:\/\/www.m-q.ch\/fr\/la-communication-de-risque-et-de-crise-sapprend-aujourdhui-a-la-tsaw\/","og_locale":"fr_FR","og_type":"article","og_title":"Risiko- und Krisenkommunikation lernt man heute an der ZHAW - MQ Management und Qualit\u00e4t","og_description":"Warum f\u00fchren Konflikte so oft zu Imageproblemen? Was k\u00f6nnen Kaderleute dagegentun? Wie k\u00f6nnen Sie dazu beitragen, dass das Interessen-, Beziehungs- undKommunikationsmanagement Ihre Organisation befl\u00fcgelt anstatt hemmt? Wask\u00f6nnen Sie tun und was sollten Sie unterlassen, damit das Corporate Wording IhresUnternehmens nicht auf Frontalkurs mit der \u00f6ffentlichen Meinung geht?","og_url":"https:\/\/www.m-q.ch\/fr\/la-communication-de-risque-et-de-crise-sapprend-aujourdhui-a-la-tsaw\/","og_site_name":"MQ Management und Qualit\u00e4t","article_publisher":"https:\/\/www.facebook.com\/ManagementUndQualitaet","article_published_time":"2017-10-06T22:51:51+00:00","article_modified_time":"2021-02-14T00:39:26+00:00","og_image":[{"width":883,"height":696,"url":"https:\/\/www.m-q.ch\/wp-content\/uploads\/2021\/02\/Risiko-und-Krisenkommunikation-lernt-man-heute-an-der-ZHAW.jpg","type":"image\/jpeg"}],"author":"upwork_2","twitter_card":"summary_large_image","twitter_misc":{"\u00c9crit par":"upwork_2","Dur\u00e9e de lecture estim\u00e9e":"2 minutes"},"schema":{"@context":"https:\/\/schema.org","@graph":[{"@type":"Article","@id":"https:\/\/www.m-q.ch\/risiko-und-krisenkommunikation-lernt-man-heute-an-der-zhaw\/#article","isPartOf":{"@id":"https:\/\/www.m-q.ch\/risiko-und-krisenkommunikation-lernt-man-heute-an-der-zhaw\/"},"author":{"name":"upwork_2","@id":"https:\/\/www.m-q.ch\/fr\/#\/schema\/person\/71f647a41e4a3e361e6230f5134f3ba9"},"headline":"Risiko- und Krisenkommunikation lernt man heute an der ZHAW","datePublished":"2017-10-06T22:51:51+00:00","dateModified":"2021-02-14T00:39:26+00:00","mainEntityOfPage":{"@id":"https:\/\/www.m-q.ch\/risiko-und-krisenkommunikation-lernt-man-heute-an-der-zhaw\/"},"wordCount":346,"publisher":{"@id":"https:\/\/www.m-q.ch\/fr\/#organization"},"image":{"@id":"https:\/\/www.m-q.ch\/risiko-und-krisenkommunikation-lernt-man-heute-an-der-zhaw\/#primaryimage"},"thumbnailUrl":"https:\/\/www.m-q.ch\/wp-content\/uploads\/2021\/02\/Risiko-und-Krisenkommunikation-lernt-man-heute-an-der-ZHAW.jpg","keywords":["10\/2017"],"articleSection":["Allgemein"],"inLanguage":"fr-FR"},{"@type":"WebPage","@id":"https:\/\/www.m-q.ch\/risiko-und-krisenkommunikation-lernt-man-heute-an-der-zhaw\/","url":"https:\/\/www.m-q.ch\/risiko-und-krisenkommunikation-lernt-man-heute-an-der-zhaw\/","name":"La communication sur les risques et les crises est un sujet que l'on apprend aujourd'hui \u00e0 la ZHAW - MQ Management und Qualit\u00e4t","isPartOf":{"@id":"https:\/\/www.m-q.ch\/fr\/#website"},"primaryImageOfPage":{"@id":"https:\/\/www.m-q.ch\/risiko-und-krisenkommunikation-lernt-man-heute-an-der-zhaw\/#primaryimage"},"image":{"@id":"https:\/\/www.m-q.ch\/risiko-und-krisenkommunikation-lernt-man-heute-an-der-zhaw\/#primaryimage"},"thumbnailUrl":"https:\/\/www.m-q.ch\/wp-content\/uploads\/2021\/02\/Risiko-und-Krisenkommunikation-lernt-man-heute-an-der-ZHAW.jpg","datePublished":"2017-10-06T22:51:51+00:00","dateModified":"2021-02-14T00:39:26+00:00","description":"Pourquoi les conflits entra\u00eenent-ils si souvent des probl\u00e8mes d'image ? Que peuvent faire les gestionnaires ? Comment pouvez-vous contribuer \u00e0 faire en sorte que la gestion des int\u00e9r\u00eats, des relations et de la communication inspire votre organisation au lieu de l'inhiber ? Que pouvez-vous faire et que devez-vous vous abstenir de faire pour que le libell\u00e9 de votre soci\u00e9t\u00e9 ne soit pas en contradiction avec l'opinion publique ?","breadcrumb":{"@id":"https:\/\/www.m-q.ch\/risiko-und-krisenkommunikation-lernt-man-heute-an-der-zhaw\/#breadcrumb"},"inLanguage":"fr-FR","potentialAction":[{"@type":"ReadAction","target":["https:\/\/www.m-q.ch\/risiko-und-krisenkommunikation-lernt-man-heute-an-der-zhaw\/"]}]},{"@type":"ImageObject","inLanguage":"fr-FR","@id":"https:\/\/www.m-q.ch\/risiko-und-krisenkommunikation-lernt-man-heute-an-der-zhaw\/#primaryimage","url":"https:\/\/www.m-q.ch\/wp-content\/uploads\/2021\/02\/Risiko-und-Krisenkommunikation-lernt-man-heute-an-der-ZHAW.jpg","contentUrl":"https:\/\/www.m-q.ch\/wp-content\/uploads\/2021\/02\/Risiko-und-Krisenkommunikation-lernt-man-heute-an-der-ZHAW.jpg","width":883,"height":696,"caption":"Risiko- und Krisenkommunikation lernt man heute an der ZHAW"},{"@type":"BreadcrumbList","@id":"https:\/\/www.m-q.ch\/risiko-und-krisenkommunikation-lernt-man-heute-an-der-zhaw\/#breadcrumb","itemListElement":[{"@type":"ListItem","position":1,"name":"Allgemein","item":"https:\/\/www.m-q.ch\/kategorie\/allgemein\/"},{"@type":"ListItem","position":2,"name":"Risiko- und Krisenkommunikation lernt man heute an der ZHAW"}]},{"@type":"WebSite","@id":"https:\/\/www.m-q.ch\/fr\/#website","url":"https:\/\/www.m-q.ch\/fr\/","name":"Gestion et qualit\u00e9 du QM","description":"Plate-forme pour les syst\u00e8mes de gestion int\u00e9gr\u00e9e.","publisher":{"@id":"https:\/\/www.m-q.ch\/fr\/#organization"},"potentialAction":[{"@type":"SearchAction","target":{"@type":"EntryPoint","urlTemplate":"https:\/\/www.m-q.ch\/fr\/?s={search_term_string}"},"query-input":{"@type":"PropertyValueSpecification","valueRequired":true,"valueName":"search_term_string"}}],"inLanguage":"fr-FR"},{"@type":"Organization","@id":"https:\/\/www.m-q.ch\/fr\/#organization","name":"Galledia Trade Media AG","url":"https:\/\/www.m-q.ch\/fr\/","logo":{"@type":"ImageObject","inLanguage":"fr-FR","@id":"https:\/\/www.m-q.ch\/fr\/#\/schema\/logo\/image\/","url":"https:\/\/www.m-q.ch\/wp-content\/uploads\/2020\/12\/cropped-logo_small.png","contentUrl":"https:\/\/www.m-q.ch\/wp-content\/uploads\/2020\/12\/cropped-logo_small.png","width":512,"height":512,"caption":"Galledia Fachmedien AG"},"image":{"@id":"https:\/\/www.m-q.ch\/fr\/#\/schema\/logo\/image\/"},"sameAs":["https:\/\/www.facebook.com\/ManagementUndQualitaet","https:\/\/www.linkedin.com\/showcase\/17982321\/admin\/"]},{"@type":"Person","@id":"https:\/\/www.m-q.ch\/fr\/#\/schema\/person\/71f647a41e4a3e361e6230f5134f3ba9","name":"upwork_2","image":{"@type":"ImageObject","inLanguage":"fr-FR","@id":"https:\/\/www.m-q.ch\/fr\/#\/schema\/person\/image\/","url":"https:\/\/secure.gravatar.com\/avatar\/777b90ab56092bbf3c85feacda5c1bce?s=96&d=mm&r=g","contentUrl":"https:\/\/secure.gravatar.com\/avatar\/777b90ab56092bbf3c85feacda5c1bce?s=96&d=mm&r=g","caption":"upwork_2"},"url":"https:\/\/www.m-q.ch\/fr\/author\/upwork_2\/"}]}},"_links":{"self":[{"href":"https:\/\/www.m-q.ch\/fr\/wp-json\/wp\/v2\/posts\/11591","targetHints":{"allow":["GET"]}}],"collection":[{"href":"https:\/\/www.m-q.ch\/fr\/wp-json\/wp\/v2\/posts"}],"about":[{"href":"https:\/\/www.m-q.ch\/fr\/wp-json\/wp\/v2\/types\/post"}],"author":[{"embeddable":true,"href":"https:\/\/www.m-q.ch\/fr\/wp-json\/wp\/v2\/users\/62"}],"replies":[{"embeddable":true,"href":"https:\/\/www.m-q.ch\/fr\/wp-json\/wp\/v2\/comments?post=11591"}],"version-history":[{"count":1,"href":"https:\/\/www.m-q.ch\/fr\/wp-json\/wp\/v2\/posts\/11591\/revisions"}],"predecessor-version":[{"id":11616,"href":"https:\/\/www.m-q.ch\/fr\/wp-json\/wp\/v2\/posts\/11591\/revisions\/11616"}],"wp:featuredmedia":[{"embeddable":true,"href":"https:\/\/www.m-q.ch\/fr\/wp-json\/wp\/v2\/media\/11615"}],"wp:attachment":[{"href":"https:\/\/www.m-q.ch\/fr\/wp-json\/wp\/v2\/media?parent=11591"}],"wp:term":[{"taxonomy":"category","embeddable":true,"href":"https:\/\/www.m-q.ch\/fr\/wp-json\/wp\/v2\/categories?post=11591"},{"taxonomy":"post_tag","embeddable":true,"href":"https:\/\/www.m-q.ch\/fr\/wp-json\/wp\/v2\/tags?post=11591"}],"curies":[{"name":"wp","href":"https:\/\/api.w.org\/{rel}","templated":true}]}}