{"id":11593,"date":"2017-10-11T00:51:52","date_gmt":"2017-10-10T22:51:52","guid":{"rendered":"https:\/\/www.m-q.ch\/?p=11593"},"modified":"2021-02-14T02:11:39","modified_gmt":"2021-02-14T01:11:39","slug":"competences-dun-corps-plus-important","status":"publish","type":"post","link":"https:\/\/www.m-q.ch\/fr\/kompetenzen-eines-groesseren-corps\/","title":{"rendered":"Comp\u00e9tences d'un corps plus important"},"content":{"rendered":"<p><img loading=\"lazy\" decoding=\"async\" class=\"alignnone size-full wp-image-11624\" src=\"https:\/\/www.m-q.ch\/wp-content\/uploads\/2021\/02\/Kompetenzen-eines-groesseren-Corps.jpg\" alt=\"Comp\u00e9tences d&#039;un corps plus important\" width=\"884\" height=\"614\" srcset=\"https:\/\/www.m-q.ch\/wp-content\/uploads\/2021\/02\/Kompetenzen-eines-groesseren-Corps.jpg 884w, https:\/\/www.m-q.ch\/wp-content\/uploads\/2021\/02\/Kompetenzen-eines-groesseren-Corps-768x533.jpg 768w, https:\/\/www.m-q.ch\/wp-content\/uploads\/2021\/02\/Kompetenzen-eines-groesseren-Corps-16x12.jpg 16w, https:\/\/www.m-q.ch\/wp-content\/uploads\/2021\/02\/Kompetenzen-eines-groesseren-Corps-252x175.jpg 252w, https:\/\/www.m-q.ch\/wp-content\/uploads\/2021\/02\/Kompetenzen-eines-groesseren-Corps-504x350.jpg 504w, https:\/\/www.m-q.ch\/wp-content\/uploads\/2021\/02\/Kompetenzen-eines-groesseren-Corps-300x208.jpg 300w\" sizes=\"auto, (max-width: 884px) 100vw, 884px\" \/><\/p>\n<p>&nbsp;<\/p>\n<p>&nbsp;<\/p>\n<p>&nbsp;<\/p>\n<p><em><strong>Monsieur Lanzrein, il y a des employ\u00e9s de la police stationn\u00e9e et mobile, par exemple dans le centre d'op\u00e9rations ou dans la chasse \u00e0 l'homme. La police r\u00e9gionale de l'Oberland bernois est toujours en service au bureau, sur les routes, les lacs, les cols, les montagnes. - Comment encouragez-vous la coll\u00e9gialit\u00e9 entre des employ\u00e9s de niveaux professionnels aussi diff\u00e9rents ?<\/strong><\/em><br \/>\nStefan Lanzrein : La coll\u00e9gialit\u00e9 entre les officiers de police est tr\u00e8s \u00e9lev\u00e9e. L'une des principales raisons de cette situation est certainement le contexte commun et unificateur de l'\u00e9cole de police. La formation continue interd\u00e9partementale et surtout les op\u00e9rations communes favorisent et approfondissent la coh\u00e9sion.<\/p>\n<p>&nbsp;<\/p>\n<p>Dans ma r\u00e9gion, nous mettons particuli\u00e8rement l'accent sur ce dernier aspect : la gestion des t\u00e2ches et des \u00e9v\u00e9nements en \u00e9quipe favorise la compr\u00e9hension mutuelle, sert \u00e0 \u00e9changer des informations, permet un transfert de connaissances et encourage un sentiment de communaut\u00e9 dans les diff\u00e9rents services.<\/p>\n<p>&nbsp;<\/p>\n<p><em><strong>Dans une organisation comme la v\u00f4tre, faites-vous une distinction entre le leadership de haut niveau et le travail en \u00e9quipe interdisciplinaire ?<\/strong><\/em><br \/>\nIl est important pour la police cantonale que les employ\u00e9s montrent des qualit\u00e9s \u00e0 la fois de leader et d'\u00e9quipier, dans des constellations diff\u00e9rentes, d'un cas \u00e0 l'autre. Si une patrouille se rend sur les lieux d'un incident - un accident de la route ou une bagarre - il est convenu en chemin qui sera responsable de la gestion de l'incident (\"coordinateur de l'incident avant\") et qui sera responsable de l'enqu\u00eate (\"commandant de l'incident avant\").<\/p>\n<p>&nbsp;<\/p>\n<p>En r\u00e8gle g\u00e9n\u00e9rale, le rang et l'exp\u00e9rience ne jouent pas de r\u00f4le. Si des patrouilles suppl\u00e9mentaires sont n\u00e9cessaires pour faire face \u00e0 un incident, elles sont int\u00e9gr\u00e9es dans les structures de base du \"coordinateur de premi\u00e8re ligne\/gestionnaire de cas\". Le \"coordinateur de premi\u00e8re ligne\" a donc souvent besoin de qualit\u00e9s de leader pour remplir sa fonction d'encadrement. Et comme il s'agit de constellations quotidiennes, en constante \u00e9volution, il faut supposer que quelqu'un conna\u00eet bien les deux r\u00f4les.<\/p>\n<p>&nbsp;<\/p>\n<p><em><strong>Qu'entendez-vous par critique constructive au sein d'un corps ?<\/strong><\/em><br \/>\nD'une part, il y a la possibilit\u00e9 de donner un retour d'information sous une forme ad\u00e9quate. Cela signifie \u00eatre capable de d\u00e9crire une situation avec pr\u00e9cision, de se concentrer sur une d\u00e9cision ou un comportement et non sur la personne qui se cache derri\u00e8re, de choisir un cadre appropri\u00e9, d'adopter un ton ad\u00e9quat et de g\u00e9rer les \u00e9motions avec retenue. D'autre part, la capacit\u00e9 d'accepter des commentaires critiques, d'y r\u00e9fl\u00e9chir et de r\u00e9agir de mani\u00e8re ad\u00e9quate est attendue. On attend donc de l'int\u00e9ress\u00e9 qu'il montre de l'int\u00e9r\u00eat pour le retour d'information, qu'il traite les critiques et qu'il le signale clairement \u00e0 son homologue. En outre, l'accent doit \u00eatre mis sur l'affaire en cours - on ne doit pas se sentir remis en question en tant que personne. Enfin, le contact avec le critique doit \u00eatre maintenu.<\/p>\n<p>&nbsp;<\/p>\n<p>Personnellement, j'attends \u00e9galement de toutes les personnes impliqu\u00e9es qu'elles fassent preuve d'une certaine ouverture d'esprit et qu'elles r\u00e9fl\u00e9chissent s\u00e9rieusement \u00e0 la question de savoir si les choses n'auraient pas pu \u00eatre diff\u00e9rentes de ce qu'elles ont suppos\u00e9 ou affirm\u00e9 (\"contingence\").<\/p>\n<p>&nbsp;<\/p>\n<p><em><strong>Les points de votre m\u00e9moire de ma\u00eetrise s'appliquent-ils \u00e9galement \u00e0 la formation interdisciplinaire de la police ? De quelle mani\u00e8re ?<\/strong><\/em><br \/>\nLe commandant de la police cantonale bernoise a pris bonne note du contenu du travail de master, et c'est certainement aussi pour cette raison qu'un projet a \u00e9t\u00e9 lanc\u00e9 \u00e0 son instigation, qui reprendra le th\u00e8me de l'\"organisation apprenante\" et introduira des mesures concr\u00e8tes. L'accent sera mis sur la poursuite du d\u00e9veloppement de notre culture du retour d'information. Des propositions qui concernent \u00e9galement notre formation et notre perfectionnement sont tout \u00e0 fait envisageables.<\/p>\n<p>&nbsp;<\/p>\n<p><em><strong>Comment \"mesurer\" les processus d'apprentissage ? Quels instruments utilisez-vous pour cela ? <\/strong><\/em><br \/>\nUne large gamme d'instruments est disponible \u00e0 cet effet, dont beaucoup peuvent \u00eatre utilis\u00e9s dans des situations sp\u00e9cifiques. Il s'agit par exemple de l'\u00e9valuation des performances et du comportement (par rapport \u00e0 la comp\u00e9tence personnelle, sociale, professionnelle et m\u00e9thodologique) et de l'\u00e9valuation du personnel (voir critique constructive) avec des conventions d'objectifs.<\/p>\n<p>&nbsp;<\/p>\n<p><em><strong>O\u00f9 se situent, selon vous, les plus grands potentiels d'une organisation polici\u00e8re apprenante ?<\/strong><\/em><br \/>\nComme vous l'avez mentionn\u00e9, une force de police \u00e9volue \u00e9galement dans un environnement dynamique. Leur propre exp\u00e9rience op\u00e9rationnelle, l'exp\u00e9rience d'autres corps de police, les \u00e9volutions sociales et juridiques, les r\u00e9actions de la population - pour ne citer que quelques facteurs - exigent une r\u00e9vision constante de leurs propres actions.<\/p>\n<p>&nbsp;<\/p>\n<p>Transmettre les cons\u00e9quences r\u00e9sultant de cette dynamique dans des processus de formation et de formation continue appropri\u00e9s est par nature chronophage et prend souvent beaucoup de temps, surtout dans un corps relativement important comme celui de la Police cantonale bernoise qui compte environ 2500 collaborateurs. Il est donc d'autant plus important que le potentiel d'apprentissage et de changement soit int\u00e9rioris\u00e9 par chaque membre du personnel et donc virtuellement int\u00e9gr\u00e9 \u00e0 l'organisation polici\u00e8re. Apr\u00e8s tout, il est important de garantir la meilleure s\u00e9curit\u00e9 possible pour la population dans les conditions donn\u00e9es et de surveiller de pr\u00e8s la sant\u00e9 des employ\u00e9s.<\/p>\n<p>&nbsp;<\/p>\n<p><em><strong>Mot cl\u00e9 : D\u00e9fis num\u00e9riques. Comment adapter votre organisation \u00e0 la g\u00e9n\u00e9ration des m\u00e9dias sociaux qui communique en temps r\u00e9el ?<\/strong><\/em><br \/>\nLa Police cantonale bernoise est impliqu\u00e9e dans ce domaine \u00e0 de nombreux niveaux - que ce soit dans les m\u00e9thodes d'investigation, dans les techniques utilis\u00e9es, dans le mat\u00e9riel, dans le cadre de la communication avec les citoyens. En outre, les nouvelles g\u00e9n\u00e9rations de policiers ont largement grandi avec ce sujet et apportent donc d\u00e9j\u00e0 beaucoup de nouvelles connaissances et l'affinit\u00e9 n\u00e9cessaire pour ce sujet lorsqu'ils rejoignent le corps et au-del\u00e0.<\/p>\n<p>&nbsp;<\/p>\n<p><em><strong>Comment cela influence-t-il le d\u00e9veloppement de votre organisation apprenante ?<\/strong><\/em><br \/>\nJe suis convaincu qu'il existe ici un potentiel consid\u00e9rable, notamment pour le transfert de connaissances dans les r\u00e9seaux correspondants. C'est en partie d\u00e9j\u00e0 une r\u00e9alit\u00e9 dans la police, m\u00eame si l'on constate qu'elle se limite aux groupes qui peuvent \u00eatre bien d\u00e9finis th\u00e9matiquement et qui sont d\u00e9j\u00e0 bien mis en r\u00e9seau. De mon point de vue, il faut maintenant examiner les possibilit\u00e9s d'utilisation pour un groupe de personnes plus large.<\/p>\n<p>&nbsp;<\/p>\n<p>Mais je vois aussi des d\u00e9fis consid\u00e9rables, par exemple dans les domaines de la gestion de la qualit\u00e9.<\/p>\n<p>&nbsp;<\/p>\n<p><em><strong>Quels enseignements tirez-vous du retour d'information de la population ? Comment les retours d'information sont-ils \u00e9valu\u00e9s et comment les \"apprentissages\" sont-ils communiqu\u00e9s au monde ext\u00e9rieur ?<\/strong><\/em><br \/>\nLes r\u00e9actions du public sont prises tr\u00e8s au s\u00e9rieux. La premi\u00e8re \u00e9tape consiste \u00e0 demander l'avis des policiers impliqu\u00e9s et, si n\u00e9cessaire, \u00e0 discuter de l'op\u00e9ration avec eux. Ensuite, un retour d'information est donn\u00e9 \u00e0 la personne qui l'a donn\u00e9, que ce soit par \u00e9crit ou verbalement, par t\u00e9l\u00e9phone ou lors d'une conversation personnelle. D'apr\u00e8s mon exp\u00e9rience, surtout dans le domaine de la communication orale, des discussions tr\u00e8s constructives ont lieu dans la grande majorit\u00e9 des cas, et m\u00eame les questions controvers\u00e9es peuvent \u00eatre r\u00e9gl\u00e9es d'une mani\u00e8re agr\u00e9ablement simple.<\/p>\n<p>&nbsp;<\/p>\n<p>En interne, le retour d'information est \u00e9galement enregistr\u00e9 de mani\u00e8re centralis\u00e9e et fait l'objet d'une \u00e9valuation syst\u00e9matique p\u00e9riodique. L'objectif est d'identifier d'\u00e9ventuelles corr\u00e9lations, qui seront ensuite int\u00e9gr\u00e9es dans la formation et la formation continue de la police cantonale bernoise.<\/p>\n<p>&nbsp;<\/p>\n<p><em><strong>Y a-t-il des objectifs bien plus importants que la transformation num\u00e9rique que vous voyez pour le service de police ?<\/strong><\/em><br \/>\n\u00c0 mon avis, la police cantonale bernoise est tr\u00e8s bien positionn\u00e9e, et cela vaut \u00e9galement pour la police r\u00e9gionale de l'Oberland bernois. Nous essayons de reconna\u00eetre \u00e0 temps les changements d'exigences ou d'opportunit\u00e9s afin de pouvoir agir \u00e0 un stade pr\u00e9coce. Ces derni\u00e8res ann\u00e9es, par exemple, nous avons relev\u00e9 les tendances des sports de montagne chez nos sp\u00e9cialistes de la montagne et d\u00e9velopp\u00e9 notre \u00e9quipe en cons\u00e9quence.<\/p>\n<p>&nbsp;<\/p>\n<p>Pour moi, cependant, l'accent est mis sur la situation s\u00e9curitaire actuelle et les cons\u00e9quences concr\u00e8tes qui en d\u00e9coulent.<\/p>\n<p>&nbsp;<\/p>\n<p><em><strong>Poursuivez-vous \u00e9galement votre formation ? Vos motivations ?<\/strong><\/em><br \/>\nBien s\u00fbr ! Bien que le cours EMBA de deux ans \u00e0 la HSLU m'ait \u00e9t\u00e9 tr\u00e8s utile et que je l'aie beaucoup appr\u00e9ci\u00e9, je me concentre \u00e0 nouveau sur des sujets auxquels je suis confront\u00e9 dans mon travail actuel. D'une part, je trouve toujours extr\u00eamement int\u00e9ressant de traiter les questions de police et, d'autre part, j'\u00e9prouve une grande satisfaction lorsque je peux appliquer directement ce que j'ai appris dans mon travail quotidien.<\/p>\n<p>&nbsp;<\/p>\n<p>Il est vrai que, gr\u00e2ce aux exp\u00e9riences tr\u00e8s positives v\u00e9cues \u00e0 la HSLU, je peux tout \u00e0 fait m'imaginer m'attaquer \u00e0 nouveau \u00e0 un nouveau programme de formation non polici\u00e8re \u00e0 une date ult\u00e9rieure.<\/p>\n<p>&nbsp;<\/p>\n<p>&nbsp;<\/p>","protected":false},"excerpt":{"rendered":"<p>&nbsp; &nbsp; &nbsp; Herr Lanzrein, es gibt Mitarbeitende auf der stationierten und mobilen Polizei, etwa in der Einsatzzentrale oder in der Fahndung. Die Regionalpolizei Berner Oberland ist stets im Dienst im B\u00fcro, auf Strassen, Seen, P\u00e4ssen, Gebirgen. \u2013 Wie f\u00f6rdern Sie auf so unterschiedlichen Berufsebenen die Kollegialit\u00e4t unter den Mitarbeitenden? Stefan Lanzrein: Die Kollegialit\u00e4t unter [&hellip;]<\/p>\n","protected":false},"author":62,"featured_media":11624,"comment_status":"closed","ping_status":"closed","sticky":false,"template":"","format":"standard","meta":{"_acf_changed":false,"footnotes":""},"categories":[5],"tags":[4780],"class_list":["post-11593","post","type-post","status-publish","format-standard","has-post-thumbnail","hentry","category-business_excellence","tag-10-2017"],"acf":[],"yoast_head":"<!-- This site is optimized with the Yoast SEO plugin v26.2 - https:\/\/yoast.com\/wordpress\/plugins\/seo\/ -->\n<title>Kompetenzen eines gr\u00f6sseren Corps - MQ Management und Qualit\u00e4t<\/title>\n<meta name=\"description\" content=\"Stefan Lanzrein, Chef der Regionalpolizei Berner Oberland (Kantonspolizei Bern),hat an der Hochschule Luzern \u2013 Wirtschaft eine EMBA-Masterarbeit* zum Thema\u00abDie Polizei als lernende Organisation\u00bb mitverfasst. Welche Lehren zieht er darausin die Praxis, wo gesellschaftliche Entwicklungen nicht dynamischer sein k\u00f6nnten?\" \/>\n<meta name=\"robots\" content=\"index, follow, max-snippet:-1, max-image-preview:large, max-video-preview:-1\" \/>\n<link rel=\"canonical\" href=\"https:\/\/www.m-q.ch\/fr\/competences-dun-corps-plus-important\/\" \/>\n<meta property=\"og:locale\" content=\"fr_FR\" \/>\n<meta property=\"og:type\" content=\"article\" \/>\n<meta property=\"og:title\" content=\"Kompetenzen eines gr\u00f6sseren Corps - MQ Management und Qualit\u00e4t\" \/>\n<meta property=\"og:description\" content=\"Stefan Lanzrein, Chef der Regionalpolizei Berner Oberland (Kantonspolizei Bern),hat an der Hochschule Luzern \u2013 Wirtschaft eine EMBA-Masterarbeit* zum Thema\u00abDie Polizei als lernende Organisation\u00bb mitverfasst. Welche Lehren zieht er darausin die Praxis, wo gesellschaftliche Entwicklungen nicht dynamischer sein k\u00f6nnten?\" \/>\n<meta property=\"og:url\" content=\"https:\/\/www.m-q.ch\/fr\/competences-dun-corps-plus-important\/\" \/>\n<meta property=\"og:site_name\" content=\"MQ Management und Qualit\u00e4t\" \/>\n<meta property=\"article:publisher\" content=\"https:\/\/www.facebook.com\/ManagementUndQualitaet\" \/>\n<meta property=\"article:published_time\" content=\"2017-10-10T22:51:52+00:00\" \/>\n<meta property=\"article:modified_time\" content=\"2021-02-14T01:11:39+00:00\" \/>\n<meta property=\"og:image\" content=\"https:\/\/www.m-q.ch\/wp-content\/uploads\/2021\/02\/Kompetenzen-eines-groesseren-Corps.jpg\" \/>\n\t<meta property=\"og:image:width\" content=\"884\" \/>\n\t<meta property=\"og:image:height\" content=\"614\" \/>\n\t<meta property=\"og:image:type\" content=\"image\/jpeg\" \/>\n<meta name=\"author\" content=\"upwork_2\" \/>\n<meta name=\"twitter:card\" content=\"summary_large_image\" \/>\n<meta name=\"twitter:label1\" content=\"\u00c9crit par\" \/>\n\t<meta name=\"twitter:data1\" content=\"upwork_2\" \/>\n\t<meta name=\"twitter:label2\" content=\"Dur\u00e9e de lecture estim\u00e9e\" \/>\n\t<meta name=\"twitter:data2\" content=\"6 minutes\" \/>\n<script type=\"application\/ld+json\" class=\"yoast-schema-graph\">{\"@context\":\"https:\/\/schema.org\",\"@graph\":[{\"@type\":\"Article\",\"@id\":\"https:\/\/www.m-q.ch\/kompetenzen-eines-groesseren-corps\/#article\",\"isPartOf\":{\"@id\":\"https:\/\/www.m-q.ch\/kompetenzen-eines-groesseren-corps\/\"},\"author\":{\"name\":\"upwork_2\",\"@id\":\"https:\/\/www.m-q.ch\/fr\/#\/schema\/person\/71f647a41e4a3e361e6230f5134f3ba9\"},\"headline\":\"Kompetenzen eines gr\u00f6sseren Corps\",\"datePublished\":\"2017-10-10T22:51:52+00:00\",\"dateModified\":\"2021-02-14T01:11:39+00:00\",\"mainEntityOfPage\":{\"@id\":\"https:\/\/www.m-q.ch\/kompetenzen-eines-groesseren-corps\/\"},\"wordCount\":1281,\"publisher\":{\"@id\":\"https:\/\/www.m-q.ch\/fr\/#organization\"},\"image\":{\"@id\":\"https:\/\/www.m-q.ch\/kompetenzen-eines-groesseren-corps\/#primaryimage\"},\"thumbnailUrl\":\"https:\/\/www.m-q.ch\/wp-content\/uploads\/2021\/02\/Kompetenzen-eines-groesseren-Corps.jpg\",\"keywords\":[\"10\/2017\"],\"articleSection\":[\"Business Excellence\"],\"inLanguage\":\"fr-FR\"},{\"@type\":\"WebPage\",\"@id\":\"https:\/\/www.m-q.ch\/kompetenzen-eines-groesseren-corps\/\",\"url\":\"https:\/\/www.m-q.ch\/kompetenzen-eines-groesseren-corps\/\",\"name\":\"Kompetenzen eines gr\u00f6sseren Corps - MQ Management und Qualit\u00e4t\",\"isPartOf\":{\"@id\":\"https:\/\/www.m-q.ch\/fr\/#website\"},\"primaryImageOfPage\":{\"@id\":\"https:\/\/www.m-q.ch\/kompetenzen-eines-groesseren-corps\/#primaryimage\"},\"image\":{\"@id\":\"https:\/\/www.m-q.ch\/kompetenzen-eines-groesseren-corps\/#primaryimage\"},\"thumbnailUrl\":\"https:\/\/www.m-q.ch\/wp-content\/uploads\/2021\/02\/Kompetenzen-eines-groesseren-Corps.jpg\",\"datePublished\":\"2017-10-10T22:51:52+00:00\",\"dateModified\":\"2021-02-14T01:11:39+00:00\",\"description\":\"Stefan Lanzrein, Chef der Regionalpolizei Berner Oberland (Kantonspolizei Bern),hat an der Hochschule Luzern \u2013 Wirtschaft eine EMBA-Masterarbeit* zum Thema\u00abDie Polizei als lernende Organisation\u00bb mitverfasst. Welche Lehren zieht er darausin die Praxis, wo gesellschaftliche Entwicklungen nicht dynamischer sein k\u00f6nnten?\",\"breadcrumb\":{\"@id\":\"https:\/\/www.m-q.ch\/kompetenzen-eines-groesseren-corps\/#breadcrumb\"},\"inLanguage\":\"fr-FR\",\"potentialAction\":[{\"@type\":\"ReadAction\",\"target\":[\"https:\/\/www.m-q.ch\/kompetenzen-eines-groesseren-corps\/\"]}]},{\"@type\":\"ImageObject\",\"inLanguage\":\"fr-FR\",\"@id\":\"https:\/\/www.m-q.ch\/kompetenzen-eines-groesseren-corps\/#primaryimage\",\"url\":\"https:\/\/www.m-q.ch\/wp-content\/uploads\/2021\/02\/Kompetenzen-eines-groesseren-Corps.jpg\",\"contentUrl\":\"https:\/\/www.m-q.ch\/wp-content\/uploads\/2021\/02\/Kompetenzen-eines-groesseren-Corps.jpg\",\"width\":884,\"height\":614,\"caption\":\"Kompetenzen eines gr\u00f6sseren Corps\"},{\"@type\":\"BreadcrumbList\",\"@id\":\"https:\/\/www.m-q.ch\/kompetenzen-eines-groesseren-corps\/#breadcrumb\",\"itemListElement\":[{\"@type\":\"ListItem\",\"position\":1,\"name\":\"Business Excellence\",\"item\":\"https:\/\/www.m-q.ch\/kategorie\/business_excellence\/\"},{\"@type\":\"ListItem\",\"position\":2,\"name\":\"Kompetenzen eines gr\u00f6sseren Corps\"}]},{\"@type\":\"WebSite\",\"@id\":\"https:\/\/www.m-q.ch\/fr\/#website\",\"url\":\"https:\/\/www.m-q.ch\/fr\/\",\"name\":\"MQ Management und Qualit\u00e4t\",\"description\":\"Plattform f\u00fcr integrierte Managementsysteme.\",\"publisher\":{\"@id\":\"https:\/\/www.m-q.ch\/fr\/#organization\"},\"potentialAction\":[{\"@type\":\"SearchAction\",\"target\":{\"@type\":\"EntryPoint\",\"urlTemplate\":\"https:\/\/www.m-q.ch\/fr\/?s={search_term_string}\"},\"query-input\":{\"@type\":\"PropertyValueSpecification\",\"valueRequired\":true,\"valueName\":\"search_term_string\"}}],\"inLanguage\":\"fr-FR\"},{\"@type\":\"Organization\",\"@id\":\"https:\/\/www.m-q.ch\/fr\/#organization\",\"name\":\"Galledia Fachmedien AG\",\"url\":\"https:\/\/www.m-q.ch\/fr\/\",\"logo\":{\"@type\":\"ImageObject\",\"inLanguage\":\"fr-FR\",\"@id\":\"https:\/\/www.m-q.ch\/fr\/#\/schema\/logo\/image\/\",\"url\":\"https:\/\/www.m-q.ch\/wp-content\/uploads\/2020\/12\/cropped-logo_small.png\",\"contentUrl\":\"https:\/\/www.m-q.ch\/wp-content\/uploads\/2020\/12\/cropped-logo_small.png\",\"width\":512,\"height\":512,\"caption\":\"Galledia Fachmedien AG\"},\"image\":{\"@id\":\"https:\/\/www.m-q.ch\/fr\/#\/schema\/logo\/image\/\"},\"sameAs\":[\"https:\/\/www.facebook.com\/ManagementUndQualitaet\",\"https:\/\/www.linkedin.com\/showcase\/17982321\/admin\/\"]},{\"@type\":\"Person\",\"@id\":\"https:\/\/www.m-q.ch\/fr\/#\/schema\/person\/71f647a41e4a3e361e6230f5134f3ba9\",\"name\":\"upwork_2\",\"image\":{\"@type\":\"ImageObject\",\"inLanguage\":\"fr-FR\",\"@id\":\"https:\/\/www.m-q.ch\/fr\/#\/schema\/person\/image\/\",\"url\":\"https:\/\/secure.gravatar.com\/avatar\/777b90ab56092bbf3c85feacda5c1bce?s=96&d=mm&r=g\",\"contentUrl\":\"https:\/\/secure.gravatar.com\/avatar\/777b90ab56092bbf3c85feacda5c1bce?s=96&d=mm&r=g\",\"caption\":\"upwork_2\"},\"url\":\"https:\/\/www.m-q.ch\/fr\/author\/upwork_2\/\"}]}<\/script>\n<!-- \/ Yoast SEO plugin. -->","yoast_head_json":{"title":"Comp\u00e9tences d'un grand corps - MQ Management et Qualit\u00e9","description":"Stefan Lanzrein, chef de la police r\u00e9gionale de l'Oberland bernois (police cantonale de Berne), a cosign\u00e9 un m\u00e9moire de master EMBA* sur \"La police en tant qu'organisation apprenante\" \u00e0 la Lucerne School of Business. Quelles le\u00e7ons en tire-t-il dans la pratique, o\u00f9 les \u00e9volutions sociales ne pourraient \u00eatre plus dynamiques ?","robots":{"index":"index","follow":"follow","max-snippet":"max-snippet:-1","max-image-preview":"max-image-preview:large","max-video-preview":"max-video-preview:-1"},"canonical":"https:\/\/www.m-q.ch\/fr\/competences-dun-corps-plus-important\/","og_locale":"fr_FR","og_type":"article","og_title":"Kompetenzen eines gr\u00f6sseren Corps - MQ Management und Qualit\u00e4t","og_description":"Stefan Lanzrein, Chef der Regionalpolizei Berner Oberland (Kantonspolizei Bern),hat an der Hochschule Luzern \u2013 Wirtschaft eine EMBA-Masterarbeit* zum Thema\u00abDie Polizei als lernende Organisation\u00bb mitverfasst. Welche Lehren zieht er darausin die Praxis, wo gesellschaftliche Entwicklungen nicht dynamischer sein k\u00f6nnten?","og_url":"https:\/\/www.m-q.ch\/fr\/competences-dun-corps-plus-important\/","og_site_name":"MQ Management und Qualit\u00e4t","article_publisher":"https:\/\/www.facebook.com\/ManagementUndQualitaet","article_published_time":"2017-10-10T22:51:52+00:00","article_modified_time":"2021-02-14T01:11:39+00:00","og_image":[{"width":884,"height":614,"url":"https:\/\/www.m-q.ch\/wp-content\/uploads\/2021\/02\/Kompetenzen-eines-groesseren-Corps.jpg","type":"image\/jpeg"}],"author":"upwork_2","twitter_card":"summary_large_image","twitter_misc":{"\u00c9crit par":"upwork_2","Dur\u00e9e de lecture estim\u00e9e":"6 minutes"},"schema":{"@context":"https:\/\/schema.org","@graph":[{"@type":"Article","@id":"https:\/\/www.m-q.ch\/kompetenzen-eines-groesseren-corps\/#article","isPartOf":{"@id":"https:\/\/www.m-q.ch\/kompetenzen-eines-groesseren-corps\/"},"author":{"name":"upwork_2","@id":"https:\/\/www.m-q.ch\/fr\/#\/schema\/person\/71f647a41e4a3e361e6230f5134f3ba9"},"headline":"Kompetenzen eines gr\u00f6sseren Corps","datePublished":"2017-10-10T22:51:52+00:00","dateModified":"2021-02-14T01:11:39+00:00","mainEntityOfPage":{"@id":"https:\/\/www.m-q.ch\/kompetenzen-eines-groesseren-corps\/"},"wordCount":1281,"publisher":{"@id":"https:\/\/www.m-q.ch\/fr\/#organization"},"image":{"@id":"https:\/\/www.m-q.ch\/kompetenzen-eines-groesseren-corps\/#primaryimage"},"thumbnailUrl":"https:\/\/www.m-q.ch\/wp-content\/uploads\/2021\/02\/Kompetenzen-eines-groesseren-Corps.jpg","keywords":["10\/2017"],"articleSection":["Business Excellence"],"inLanguage":"fr-FR"},{"@type":"WebPage","@id":"https:\/\/www.m-q.ch\/kompetenzen-eines-groesseren-corps\/","url":"https:\/\/www.m-q.ch\/kompetenzen-eines-groesseren-corps\/","name":"Comp\u00e9tences d'un grand corps - MQ Management et Qualit\u00e9","isPartOf":{"@id":"https:\/\/www.m-q.ch\/fr\/#website"},"primaryImageOfPage":{"@id":"https:\/\/www.m-q.ch\/kompetenzen-eines-groesseren-corps\/#primaryimage"},"image":{"@id":"https:\/\/www.m-q.ch\/kompetenzen-eines-groesseren-corps\/#primaryimage"},"thumbnailUrl":"https:\/\/www.m-q.ch\/wp-content\/uploads\/2021\/02\/Kompetenzen-eines-groesseren-Corps.jpg","datePublished":"2017-10-10T22:51:52+00:00","dateModified":"2021-02-14T01:11:39+00:00","description":"Stefan Lanzrein, chef de la police r\u00e9gionale de l'Oberland bernois (police cantonale de Berne), a cosign\u00e9 un m\u00e9moire de master EMBA* sur \"La police en tant qu'organisation apprenante\" \u00e0 la Lucerne School of Business. Quelles le\u00e7ons en tire-t-il dans la pratique, o\u00f9 les \u00e9volutions sociales ne pourraient \u00eatre plus dynamiques ?","breadcrumb":{"@id":"https:\/\/www.m-q.ch\/kompetenzen-eines-groesseren-corps\/#breadcrumb"},"inLanguage":"fr-FR","potentialAction":[{"@type":"ReadAction","target":["https:\/\/www.m-q.ch\/kompetenzen-eines-groesseren-corps\/"]}]},{"@type":"ImageObject","inLanguage":"fr-FR","@id":"https:\/\/www.m-q.ch\/kompetenzen-eines-groesseren-corps\/#primaryimage","url":"https:\/\/www.m-q.ch\/wp-content\/uploads\/2021\/02\/Kompetenzen-eines-groesseren-Corps.jpg","contentUrl":"https:\/\/www.m-q.ch\/wp-content\/uploads\/2021\/02\/Kompetenzen-eines-groesseren-Corps.jpg","width":884,"height":614,"caption":"Kompetenzen eines gr\u00f6sseren Corps"},{"@type":"BreadcrumbList","@id":"https:\/\/www.m-q.ch\/kompetenzen-eines-groesseren-corps\/#breadcrumb","itemListElement":[{"@type":"ListItem","position":1,"name":"Business Excellence","item":"https:\/\/www.m-q.ch\/kategorie\/business_excellence\/"},{"@type":"ListItem","position":2,"name":"Kompetenzen eines gr\u00f6sseren Corps"}]},{"@type":"WebSite","@id":"https:\/\/www.m-q.ch\/fr\/#website","url":"https:\/\/www.m-q.ch\/fr\/","name":"Gestion et qualit\u00e9 du QM","description":"Plate-forme pour les syst\u00e8mes de gestion int\u00e9gr\u00e9e.","publisher":{"@id":"https:\/\/www.m-q.ch\/fr\/#organization"},"potentialAction":[{"@type":"SearchAction","target":{"@type":"EntryPoint","urlTemplate":"https:\/\/www.m-q.ch\/fr\/?s={search_term_string}"},"query-input":{"@type":"PropertyValueSpecification","valueRequired":true,"valueName":"search_term_string"}}],"inLanguage":"fr-FR"},{"@type":"Organization","@id":"https:\/\/www.m-q.ch\/fr\/#organization","name":"Galledia Trade Media AG","url":"https:\/\/www.m-q.ch\/fr\/","logo":{"@type":"ImageObject","inLanguage":"fr-FR","@id":"https:\/\/www.m-q.ch\/fr\/#\/schema\/logo\/image\/","url":"https:\/\/www.m-q.ch\/wp-content\/uploads\/2020\/12\/cropped-logo_small.png","contentUrl":"https:\/\/www.m-q.ch\/wp-content\/uploads\/2020\/12\/cropped-logo_small.png","width":512,"height":512,"caption":"Galledia Fachmedien AG"},"image":{"@id":"https:\/\/www.m-q.ch\/fr\/#\/schema\/logo\/image\/"},"sameAs":["https:\/\/www.facebook.com\/ManagementUndQualitaet","https:\/\/www.linkedin.com\/showcase\/17982321\/admin\/"]},{"@type":"Person","@id":"https:\/\/www.m-q.ch\/fr\/#\/schema\/person\/71f647a41e4a3e361e6230f5134f3ba9","name":"upwork_2","image":{"@type":"ImageObject","inLanguage":"fr-FR","@id":"https:\/\/www.m-q.ch\/fr\/#\/schema\/person\/image\/","url":"https:\/\/secure.gravatar.com\/avatar\/777b90ab56092bbf3c85feacda5c1bce?s=96&d=mm&r=g","contentUrl":"https:\/\/secure.gravatar.com\/avatar\/777b90ab56092bbf3c85feacda5c1bce?s=96&d=mm&r=g","caption":"upwork_2"},"url":"https:\/\/www.m-q.ch\/fr\/author\/upwork_2\/"}]}},"_links":{"self":[{"href":"https:\/\/www.m-q.ch\/fr\/wp-json\/wp\/v2\/posts\/11593","targetHints":{"allow":["GET"]}}],"collection":[{"href":"https:\/\/www.m-q.ch\/fr\/wp-json\/wp\/v2\/posts"}],"about":[{"href":"https:\/\/www.m-q.ch\/fr\/wp-json\/wp\/v2\/types\/post"}],"author":[{"embeddable":true,"href":"https:\/\/www.m-q.ch\/fr\/wp-json\/wp\/v2\/users\/62"}],"replies":[{"embeddable":true,"href":"https:\/\/www.m-q.ch\/fr\/wp-json\/wp\/v2\/comments?post=11593"}],"version-history":[{"count":1,"href":"https:\/\/www.m-q.ch\/fr\/wp-json\/wp\/v2\/posts\/11593\/revisions"}],"predecessor-version":[{"id":11627,"href":"https:\/\/www.m-q.ch\/fr\/wp-json\/wp\/v2\/posts\/11593\/revisions\/11627"}],"wp:featuredmedia":[{"embeddable":true,"href":"https:\/\/www.m-q.ch\/fr\/wp-json\/wp\/v2\/media\/11624"}],"wp:attachment":[{"href":"https:\/\/www.m-q.ch\/fr\/wp-json\/wp\/v2\/media?parent=11593"}],"wp:term":[{"taxonomy":"category","embeddable":true,"href":"https:\/\/www.m-q.ch\/fr\/wp-json\/wp\/v2\/categories?post=11593"},{"taxonomy":"post_tag","embeddable":true,"href":"https:\/\/www.m-q.ch\/fr\/wp-json\/wp\/v2\/tags?post=11593"}],"curies":[{"name":"wp","href":"https:\/\/api.w.org\/{rel}","templated":true}]}}