{"id":11600,"date":"2017-10-25T00:51:56","date_gmt":"2017-10-24T22:51:56","guid":{"rendered":"https:\/\/www.m-q.ch\/?p=11600"},"modified":"2021-02-14T02:58:47","modified_gmt":"2021-02-14T01:58:47","slug":"hannes-cherche-un-nouveau-collaborateur","status":"publish","type":"post","link":"https:\/\/www.m-q.ch\/fr\/hannes-sucht-einen-neuen-mitarbeiter\/","title":{"rendered":"Hannes cherche un nouvel employ\u00e9"},"content":{"rendered":"<p><img loading=\"lazy\" decoding=\"async\" class=\"alignnone size-full wp-image-11653\" src=\"https:\/\/www.m-q.ch\/wp-content\/uploads\/2021\/02\/Hannes-sucht-einen-neuen-Mitarbeiter.jpg\" alt=\"Hannes cherche un nouvel employ\u00e9\" width=\"868\" height=\"575\" srcset=\"https:\/\/www.m-q.ch\/wp-content\/uploads\/2021\/02\/Hannes-sucht-einen-neuen-Mitarbeiter.jpg 868w, https:\/\/www.m-q.ch\/wp-content\/uploads\/2021\/02\/Hannes-sucht-einen-neuen-Mitarbeiter-768x509.jpg 768w, https:\/\/www.m-q.ch\/wp-content\/uploads\/2021\/02\/Hannes-sucht-einen-neuen-Mitarbeiter-16x12.jpg 16w, https:\/\/www.m-q.ch\/wp-content\/uploads\/2021\/02\/Hannes-sucht-einen-neuen-Mitarbeiter-264x175.jpg 264w, https:\/\/www.m-q.ch\/wp-content\/uploads\/2021\/02\/Hannes-sucht-einen-neuen-Mitarbeiter-528x350.jpg 528w, https:\/\/www.m-q.ch\/wp-content\/uploads\/2021\/02\/Hannes-sucht-einen-neuen-Mitarbeiter-300x199.jpg 300w\" sizes=\"auto, (max-width: 868px) 100vw, 868px\" \/><\/p>\n<p>&nbsp;<\/p>\n<p>&nbsp;<\/p>\n<p><em><strong>\"Il y a beaucoup de choses que la nouvelle femme, le nouvel homme doit respecter.\"<\/strong><\/em><\/p>\n<p><strong>Le profil d'exigences est multiple<\/strong><br \/>\nHannes s'assied et r\u00e9fl\u00e9chit au profil. Il a beaucoup chang\u00e9 ces derni\u00e8res ann\u00e9es et il commence \u00e0 pirater le clavier.<\/p>\n<p>&nbsp;<\/p>\n<p>Aujourd'hui, la connaissance informatique de tous les programmes courants est probablement une condition pr\u00e9alable. Vous n'avez pas besoin de l'\u00e9crire, mais vous pouvez le faire. En outre, apr\u00e8s la r\u00e9organisation des prochains mois, le personnel du bureau sera \u00e9galement responsable des mesures de communication marketing. Il vous faut donc une personne titulaire d'un dipl\u00f4me en communication marketing ou d'une formation similaire. \"La diversit\u00e9 est une n\u00e9cessit\u00e9 sur le march\u00e9 mondial et il est donc \u00e9vident que la nouvelle personne doit avoir plusieurs ann\u00e9es d'exp\u00e9rience internationale.<\/p>\n<p>&nbsp;<\/p>\n<p>Le flair technique est une condition pr\u00e9alable dans un secteur industriel pour que la personne comprenne le c\u0153ur de m\u00e9tier. Mais le flair seul ne suffit plus aujourd'hui. Au moins trois semestres dans une universit\u00e9 technique ou au moins un cours de troisi\u00e8me cycle en ing\u00e9nierie doivent \u00eatre obligatoires. L'anglais \u00e9crit et parl\u00e9 figure \u00e9galement sur la liste de Hannes. En Asie, en particulier, il est important que les lettres soient \u00e9galement \u00e9crites dans cette langue sans erreurs.<\/p>\n<p>&nbsp;<\/p>\n<p>Hannes continue. En tant que chef d'un service de 20 employ\u00e9s, un candidat ne peut pas \u00e9viter d'avoir suivi au moins un cours de leadership. Il doit \u00eatre une personnalit\u00e9 dirigeante. La comp\u00e9tence sociale, la volont\u00e9 de se perfectionner constamment, une grande empathie et une grande assurance, l'orientation vers un but sont les classiques communs.<\/p>\n<p>&nbsp;<\/p>\n<p>Lorsque Hannes lit bri\u00e8vement ses mots-cl\u00e9s, il remarque qu'il manque encore une exp\u00e9rience pratique dans une entreprise industrielle et une exp\u00e9rience de direction. Il ajoute et voit qu'il y a beaucoup de choses que la nouvelle femme, le nouvel homme doit accomplir.<\/p>\n<p><strong>L'\u00e2ge est \u00e9galement d\u00e9cisif<\/strong><br \/>\nEnfin, la personne doit \u00e9galement s'int\u00e9grer dans la structure d'\u00e2ge de l'\u00e9quipe. L'\u00e9quipe a une moyenne d'\u00e2ge de moins de 30 ans. Par cons\u00e9quent, le nouveau patron doit \u00e9galement \u00eatre issu d'une jeune g\u00e9n\u00e9ration afin de comprendre les jeunes d'aujourd'hui. Il tape toujours \"\u00e2ge id\u00e9al entre 25 et 35 ans\" dans la liste. Cela correspond.<\/p>\n<p>&nbsp;<\/p>\n<p>Il attend avec impatience les premiers dossiers et les revendications salariales. Pour des raisons financi\u00e8res, l'entreprise ne dispose plus d'une trop grande marge de man\u0153uvre dans ce domaine. Mais ce n'est probablement pas un probl\u00e8me pour les candidats non plus, s'ils trouvent enfin une entreprise o\u00f9 ils peuvent vivre leurs divers talents et exp\u00e9riences.<\/p>\n<p>&nbsp;<\/p>","protected":false},"excerpt":{"rendered":"<p>&nbsp; &nbsp; \u00abEs ist einiges, was die neue Frau, der neue Mann erf\u00fcllen muss.\u00bb Das Anforderungsprofil ist mannigfaltig Hannes setzt sich hin und \u00fcberlegt, wie das Profil ist. Es hat sich ja doch stark ver\u00e4ndert in den vergangenen Jahren und er beginnt, stich-wortartig in die Tastatur zu hacken. &nbsp; Heute sind Computer-Kenntnisse s\u00e4mtlicher g\u00e4ngiger Program-me [&hellip;]<\/p>\n","protected":false},"author":62,"featured_media":11653,"comment_status":"closed","ping_status":"closed","sticky":false,"template":"","format":"standard","meta":{"_acf_changed":false,"footnotes":""},"categories":[4448],"tags":[4780],"class_list":["post-11600","post","type-post","status-publish","format-standard","has-post-thumbnail","hentry","category-allgemein","tag-10-2017"],"acf":[],"yoast_head":"<!-- This site is optimized with the Yoast SEO plugin v26.2 - https:\/\/yoast.com\/wordpress\/plugins\/seo\/ -->\n<title>Hannes sucht einen neuen Mitarbeiter - MQ Management und Qualit\u00e4t<\/title>\n<meta name=\"description\" content=\"Trotz angespannter Zeiten gibt es immer wieder auch personelle Fluktuationen. Der Innendienstleiter ging in Rente, seine Stelle ist bewilligt und wird neu besetzt. Hannes bereitet sich auf die Rekru-tierung vor, geh\u00f6rt doch dieser Bereich in seine Abteilung. Dabei wird er als Leiter Produktion im Prozess selbstverst\u00e4ndlich von den Kolleginnen und Kollegen der HR-Abteilung unterst\u00fctzt. Das ist auch gut so.\" \/>\n<meta name=\"robots\" content=\"index, follow, max-snippet:-1, max-image-preview:large, max-video-preview:-1\" \/>\n<link rel=\"canonical\" href=\"https:\/\/www.m-q.ch\/fr\/hannes-cherche-un-nouveau-collaborateur\/\" \/>\n<meta property=\"og:locale\" content=\"fr_FR\" \/>\n<meta property=\"og:type\" content=\"article\" \/>\n<meta property=\"og:title\" content=\"Hannes sucht einen neuen Mitarbeiter - MQ Management und Qualit\u00e4t\" \/>\n<meta property=\"og:description\" content=\"Trotz angespannter Zeiten gibt es immer wieder auch personelle Fluktuationen. Der Innendienstleiter ging in Rente, seine Stelle ist bewilligt und wird neu besetzt. Hannes bereitet sich auf die Rekru-tierung vor, geh\u00f6rt doch dieser Bereich in seine Abteilung. Dabei wird er als Leiter Produktion im Prozess selbstverst\u00e4ndlich von den Kolleginnen und Kollegen der HR-Abteilung unterst\u00fctzt. Das ist auch gut so.\" \/>\n<meta property=\"og:url\" content=\"https:\/\/www.m-q.ch\/fr\/hannes-cherche-un-nouveau-collaborateur\/\" \/>\n<meta property=\"og:site_name\" content=\"MQ Management und Qualit\u00e4t\" \/>\n<meta property=\"article:publisher\" content=\"https:\/\/www.facebook.com\/ManagementUndQualitaet\" \/>\n<meta property=\"article:published_time\" content=\"2017-10-24T22:51:56+00:00\" \/>\n<meta property=\"article:modified_time\" content=\"2021-02-14T01:58:47+00:00\" \/>\n<meta property=\"og:image\" content=\"https:\/\/www.m-q.ch\/wp-content\/uploads\/2021\/02\/Hannes-sucht-einen-neuen-Mitarbeiter.jpg\" \/>\n\t<meta property=\"og:image:width\" content=\"868\" \/>\n\t<meta property=\"og:image:height\" content=\"575\" \/>\n\t<meta property=\"og:image:type\" content=\"image\/jpeg\" \/>\n<meta name=\"author\" content=\"upwork_2\" \/>\n<meta name=\"twitter:card\" content=\"summary_large_image\" \/>\n<meta name=\"twitter:label1\" content=\"\u00c9crit par\" \/>\n\t<meta name=\"twitter:data1\" content=\"upwork_2\" \/>\n\t<meta name=\"twitter:label2\" content=\"Dur\u00e9e de lecture estim\u00e9e\" \/>\n\t<meta name=\"twitter:data2\" content=\"2 minutes\" \/>\n<script type=\"application\/ld+json\" class=\"yoast-schema-graph\">{\"@context\":\"https:\/\/schema.org\",\"@graph\":[{\"@type\":\"Article\",\"@id\":\"https:\/\/www.m-q.ch\/hannes-sucht-einen-neuen-mitarbeiter\/#article\",\"isPartOf\":{\"@id\":\"https:\/\/www.m-q.ch\/hannes-sucht-einen-neuen-mitarbeiter\/\"},\"author\":{\"name\":\"upwork_2\",\"@id\":\"https:\/\/www.m-q.ch\/fr\/#\/schema\/person\/71f647a41e4a3e361e6230f5134f3ba9\"},\"headline\":\"Hannes sucht einen neuen Mitarbeiter\",\"datePublished\":\"2017-10-24T22:51:56+00:00\",\"dateModified\":\"2021-02-14T01:58:47+00:00\",\"mainEntityOfPage\":{\"@id\":\"https:\/\/www.m-q.ch\/hannes-sucht-einen-neuen-mitarbeiter\/\"},\"wordCount\":395,\"publisher\":{\"@id\":\"https:\/\/www.m-q.ch\/fr\/#organization\"},\"image\":{\"@id\":\"https:\/\/www.m-q.ch\/hannes-sucht-einen-neuen-mitarbeiter\/#primaryimage\"},\"thumbnailUrl\":\"https:\/\/www.m-q.ch\/wp-content\/uploads\/2021\/02\/Hannes-sucht-einen-neuen-Mitarbeiter.jpg\",\"keywords\":[\"10\/2017\"],\"articleSection\":[\"Allgemein\"],\"inLanguage\":\"fr-FR\"},{\"@type\":\"WebPage\",\"@id\":\"https:\/\/www.m-q.ch\/hannes-sucht-einen-neuen-mitarbeiter\/\",\"url\":\"https:\/\/www.m-q.ch\/hannes-sucht-einen-neuen-mitarbeiter\/\",\"name\":\"Hannes sucht einen neuen Mitarbeiter - MQ Management und Qualit\u00e4t\",\"isPartOf\":{\"@id\":\"https:\/\/www.m-q.ch\/fr\/#website\"},\"primaryImageOfPage\":{\"@id\":\"https:\/\/www.m-q.ch\/hannes-sucht-einen-neuen-mitarbeiter\/#primaryimage\"},\"image\":{\"@id\":\"https:\/\/www.m-q.ch\/hannes-sucht-einen-neuen-mitarbeiter\/#primaryimage\"},\"thumbnailUrl\":\"https:\/\/www.m-q.ch\/wp-content\/uploads\/2021\/02\/Hannes-sucht-einen-neuen-Mitarbeiter.jpg\",\"datePublished\":\"2017-10-24T22:51:56+00:00\",\"dateModified\":\"2021-02-14T01:58:47+00:00\",\"description\":\"Trotz angespannter Zeiten gibt es immer wieder auch personelle Fluktuationen. Der Innendienstleiter ging in Rente, seine Stelle ist bewilligt und wird neu besetzt. Hannes bereitet sich auf die Rekru-tierung vor, geh\u00f6rt doch dieser Bereich in seine Abteilung. Dabei wird er als Leiter Produktion im Prozess selbstverst\u00e4ndlich von den Kolleginnen und Kollegen der HR-Abteilung unterst\u00fctzt. Das ist auch gut so.\",\"breadcrumb\":{\"@id\":\"https:\/\/www.m-q.ch\/hannes-sucht-einen-neuen-mitarbeiter\/#breadcrumb\"},\"inLanguage\":\"fr-FR\",\"potentialAction\":[{\"@type\":\"ReadAction\",\"target\":[\"https:\/\/www.m-q.ch\/hannes-sucht-einen-neuen-mitarbeiter\/\"]}]},{\"@type\":\"ImageObject\",\"inLanguage\":\"fr-FR\",\"@id\":\"https:\/\/www.m-q.ch\/hannes-sucht-einen-neuen-mitarbeiter\/#primaryimage\",\"url\":\"https:\/\/www.m-q.ch\/wp-content\/uploads\/2021\/02\/Hannes-sucht-einen-neuen-Mitarbeiter.jpg\",\"contentUrl\":\"https:\/\/www.m-q.ch\/wp-content\/uploads\/2021\/02\/Hannes-sucht-einen-neuen-Mitarbeiter.jpg\",\"width\":868,\"height\":575,\"caption\":\"Hannes sucht einen neuen Mitarbeiter\"},{\"@type\":\"BreadcrumbList\",\"@id\":\"https:\/\/www.m-q.ch\/hannes-sucht-einen-neuen-mitarbeiter\/#breadcrumb\",\"itemListElement\":[{\"@type\":\"ListItem\",\"position\":1,\"name\":\"Allgemein\",\"item\":\"https:\/\/www.m-q.ch\/kategorie\/allgemein\/\"},{\"@type\":\"ListItem\",\"position\":2,\"name\":\"Hannes sucht einen neuen Mitarbeiter\"}]},{\"@type\":\"WebSite\",\"@id\":\"https:\/\/www.m-q.ch\/fr\/#website\",\"url\":\"https:\/\/www.m-q.ch\/fr\/\",\"name\":\"MQ Management und Qualit\u00e4t\",\"description\":\"Plattform f\u00fcr integrierte Managementsysteme.\",\"publisher\":{\"@id\":\"https:\/\/www.m-q.ch\/fr\/#organization\"},\"potentialAction\":[{\"@type\":\"SearchAction\",\"target\":{\"@type\":\"EntryPoint\",\"urlTemplate\":\"https:\/\/www.m-q.ch\/fr\/?s={search_term_string}\"},\"query-input\":{\"@type\":\"PropertyValueSpecification\",\"valueRequired\":true,\"valueName\":\"search_term_string\"}}],\"inLanguage\":\"fr-FR\"},{\"@type\":\"Organization\",\"@id\":\"https:\/\/www.m-q.ch\/fr\/#organization\",\"name\":\"Galledia Fachmedien AG\",\"url\":\"https:\/\/www.m-q.ch\/fr\/\",\"logo\":{\"@type\":\"ImageObject\",\"inLanguage\":\"fr-FR\",\"@id\":\"https:\/\/www.m-q.ch\/fr\/#\/schema\/logo\/image\/\",\"url\":\"https:\/\/www.m-q.ch\/wp-content\/uploads\/2020\/12\/cropped-logo_small.png\",\"contentUrl\":\"https:\/\/www.m-q.ch\/wp-content\/uploads\/2020\/12\/cropped-logo_small.png\",\"width\":512,\"height\":512,\"caption\":\"Galledia Fachmedien AG\"},\"image\":{\"@id\":\"https:\/\/www.m-q.ch\/fr\/#\/schema\/logo\/image\/\"},\"sameAs\":[\"https:\/\/www.facebook.com\/ManagementUndQualitaet\",\"https:\/\/www.linkedin.com\/showcase\/17982321\/admin\/\"]},{\"@type\":\"Person\",\"@id\":\"https:\/\/www.m-q.ch\/fr\/#\/schema\/person\/71f647a41e4a3e361e6230f5134f3ba9\",\"name\":\"upwork_2\",\"image\":{\"@type\":\"ImageObject\",\"inLanguage\":\"fr-FR\",\"@id\":\"https:\/\/www.m-q.ch\/fr\/#\/schema\/person\/image\/\",\"url\":\"https:\/\/secure.gravatar.com\/avatar\/777b90ab56092bbf3c85feacda5c1bce?s=96&d=mm&r=g\",\"contentUrl\":\"https:\/\/secure.gravatar.com\/avatar\/777b90ab56092bbf3c85feacda5c1bce?s=96&d=mm&r=g\",\"caption\":\"upwork_2\"},\"url\":\"https:\/\/www.m-q.ch\/fr\/author\/upwork_2\/\"}]}<\/script>\n<!-- \/ Yoast SEO plugin. -->","yoast_head_json":{"title":"Hannes cherche un nouvel employ\u00e9 - MQ Management und Qualit\u00e4t","description":"Malgr\u00e9 les temps difficiles, il y a toujours des fluctuations de personnel. Le chef de bureau a pris sa retraite, son poste a \u00e9t\u00e9 approuv\u00e9 et sera pourvu. Hannes pr\u00e9pare le recrutement, car ce domaine appartient \u00e0 son d\u00e9partement. En tant que responsable de la production, il est naturellement soutenu dans cette d\u00e9marche par ses coll\u00e8gues du d\u00e9partement des ressources humaines. Et c'est une bonne chose.","robots":{"index":"index","follow":"follow","max-snippet":"max-snippet:-1","max-image-preview":"max-image-preview:large","max-video-preview":"max-video-preview:-1"},"canonical":"https:\/\/www.m-q.ch\/fr\/hannes-cherche-un-nouveau-collaborateur\/","og_locale":"fr_FR","og_type":"article","og_title":"Hannes sucht einen neuen Mitarbeiter - MQ Management und Qualit\u00e4t","og_description":"Trotz angespannter Zeiten gibt es immer wieder auch personelle Fluktuationen. Der Innendienstleiter ging in Rente, seine Stelle ist bewilligt und wird neu besetzt. Hannes bereitet sich auf die Rekru-tierung vor, geh\u00f6rt doch dieser Bereich in seine Abteilung. Dabei wird er als Leiter Produktion im Prozess selbstverst\u00e4ndlich von den Kolleginnen und Kollegen der HR-Abteilung unterst\u00fctzt. Das ist auch gut so.","og_url":"https:\/\/www.m-q.ch\/fr\/hannes-cherche-un-nouveau-collaborateur\/","og_site_name":"MQ Management und Qualit\u00e4t","article_publisher":"https:\/\/www.facebook.com\/ManagementUndQualitaet","article_published_time":"2017-10-24T22:51:56+00:00","article_modified_time":"2021-02-14T01:58:47+00:00","og_image":[{"width":868,"height":575,"url":"https:\/\/www.m-q.ch\/wp-content\/uploads\/2021\/02\/Hannes-sucht-einen-neuen-Mitarbeiter.jpg","type":"image\/jpeg"}],"author":"upwork_2","twitter_card":"summary_large_image","twitter_misc":{"\u00c9crit par":"upwork_2","Dur\u00e9e de lecture estim\u00e9e":"2 minutes"},"schema":{"@context":"https:\/\/schema.org","@graph":[{"@type":"Article","@id":"https:\/\/www.m-q.ch\/hannes-sucht-einen-neuen-mitarbeiter\/#article","isPartOf":{"@id":"https:\/\/www.m-q.ch\/hannes-sucht-einen-neuen-mitarbeiter\/"},"author":{"name":"upwork_2","@id":"https:\/\/www.m-q.ch\/fr\/#\/schema\/person\/71f647a41e4a3e361e6230f5134f3ba9"},"headline":"Hannes sucht einen neuen Mitarbeiter","datePublished":"2017-10-24T22:51:56+00:00","dateModified":"2021-02-14T01:58:47+00:00","mainEntityOfPage":{"@id":"https:\/\/www.m-q.ch\/hannes-sucht-einen-neuen-mitarbeiter\/"},"wordCount":395,"publisher":{"@id":"https:\/\/www.m-q.ch\/fr\/#organization"},"image":{"@id":"https:\/\/www.m-q.ch\/hannes-sucht-einen-neuen-mitarbeiter\/#primaryimage"},"thumbnailUrl":"https:\/\/www.m-q.ch\/wp-content\/uploads\/2021\/02\/Hannes-sucht-einen-neuen-Mitarbeiter.jpg","keywords":["10\/2017"],"articleSection":["Allgemein"],"inLanguage":"fr-FR"},{"@type":"WebPage","@id":"https:\/\/www.m-q.ch\/hannes-sucht-einen-neuen-mitarbeiter\/","url":"https:\/\/www.m-q.ch\/hannes-sucht-einen-neuen-mitarbeiter\/","name":"Hannes cherche un nouvel employ\u00e9 - MQ Management und Qualit\u00e4t","isPartOf":{"@id":"https:\/\/www.m-q.ch\/fr\/#website"},"primaryImageOfPage":{"@id":"https:\/\/www.m-q.ch\/hannes-sucht-einen-neuen-mitarbeiter\/#primaryimage"},"image":{"@id":"https:\/\/www.m-q.ch\/hannes-sucht-einen-neuen-mitarbeiter\/#primaryimage"},"thumbnailUrl":"https:\/\/www.m-q.ch\/wp-content\/uploads\/2021\/02\/Hannes-sucht-einen-neuen-Mitarbeiter.jpg","datePublished":"2017-10-24T22:51:56+00:00","dateModified":"2021-02-14T01:58:47+00:00","description":"Malgr\u00e9 les temps difficiles, il y a toujours des fluctuations de personnel. Le chef de bureau a pris sa retraite, son poste a \u00e9t\u00e9 approuv\u00e9 et sera pourvu. Hannes pr\u00e9pare le recrutement, car ce domaine appartient \u00e0 son d\u00e9partement. En tant que responsable de la production, il est naturellement soutenu dans cette d\u00e9marche par ses coll\u00e8gues du d\u00e9partement des ressources humaines. Et c'est une bonne chose.","breadcrumb":{"@id":"https:\/\/www.m-q.ch\/hannes-sucht-einen-neuen-mitarbeiter\/#breadcrumb"},"inLanguage":"fr-FR","potentialAction":[{"@type":"ReadAction","target":["https:\/\/www.m-q.ch\/hannes-sucht-einen-neuen-mitarbeiter\/"]}]},{"@type":"ImageObject","inLanguage":"fr-FR","@id":"https:\/\/www.m-q.ch\/hannes-sucht-einen-neuen-mitarbeiter\/#primaryimage","url":"https:\/\/www.m-q.ch\/wp-content\/uploads\/2021\/02\/Hannes-sucht-einen-neuen-Mitarbeiter.jpg","contentUrl":"https:\/\/www.m-q.ch\/wp-content\/uploads\/2021\/02\/Hannes-sucht-einen-neuen-Mitarbeiter.jpg","width":868,"height":575,"caption":"Hannes sucht einen neuen Mitarbeiter"},{"@type":"BreadcrumbList","@id":"https:\/\/www.m-q.ch\/hannes-sucht-einen-neuen-mitarbeiter\/#breadcrumb","itemListElement":[{"@type":"ListItem","position":1,"name":"Allgemein","item":"https:\/\/www.m-q.ch\/kategorie\/allgemein\/"},{"@type":"ListItem","position":2,"name":"Hannes sucht einen neuen Mitarbeiter"}]},{"@type":"WebSite","@id":"https:\/\/www.m-q.ch\/fr\/#website","url":"https:\/\/www.m-q.ch\/fr\/","name":"Gestion et qualit\u00e9 du QM","description":"Plate-forme pour les syst\u00e8mes de gestion int\u00e9gr\u00e9e.","publisher":{"@id":"https:\/\/www.m-q.ch\/fr\/#organization"},"potentialAction":[{"@type":"SearchAction","target":{"@type":"EntryPoint","urlTemplate":"https:\/\/www.m-q.ch\/fr\/?s={search_term_string}"},"query-input":{"@type":"PropertyValueSpecification","valueRequired":true,"valueName":"search_term_string"}}],"inLanguage":"fr-FR"},{"@type":"Organization","@id":"https:\/\/www.m-q.ch\/fr\/#organization","name":"Galledia Trade Media AG","url":"https:\/\/www.m-q.ch\/fr\/","logo":{"@type":"ImageObject","inLanguage":"fr-FR","@id":"https:\/\/www.m-q.ch\/fr\/#\/schema\/logo\/image\/","url":"https:\/\/www.m-q.ch\/wp-content\/uploads\/2020\/12\/cropped-logo_small.png","contentUrl":"https:\/\/www.m-q.ch\/wp-content\/uploads\/2020\/12\/cropped-logo_small.png","width":512,"height":512,"caption":"Galledia Fachmedien AG"},"image":{"@id":"https:\/\/www.m-q.ch\/fr\/#\/schema\/logo\/image\/"},"sameAs":["https:\/\/www.facebook.com\/ManagementUndQualitaet","https:\/\/www.linkedin.com\/showcase\/17982321\/admin\/"]},{"@type":"Person","@id":"https:\/\/www.m-q.ch\/fr\/#\/schema\/person\/71f647a41e4a3e361e6230f5134f3ba9","name":"upwork_2","image":{"@type":"ImageObject","inLanguage":"fr-FR","@id":"https:\/\/www.m-q.ch\/fr\/#\/schema\/person\/image\/","url":"https:\/\/secure.gravatar.com\/avatar\/777b90ab56092bbf3c85feacda5c1bce?s=96&d=mm&r=g","contentUrl":"https:\/\/secure.gravatar.com\/avatar\/777b90ab56092bbf3c85feacda5c1bce?s=96&d=mm&r=g","caption":"upwork_2"},"url":"https:\/\/www.m-q.ch\/fr\/author\/upwork_2\/"}]}},"_links":{"self":[{"href":"https:\/\/www.m-q.ch\/fr\/wp-json\/wp\/v2\/posts\/11600","targetHints":{"allow":["GET"]}}],"collection":[{"href":"https:\/\/www.m-q.ch\/fr\/wp-json\/wp\/v2\/posts"}],"about":[{"href":"https:\/\/www.m-q.ch\/fr\/wp-json\/wp\/v2\/types\/post"}],"author":[{"embeddable":true,"href":"https:\/\/www.m-q.ch\/fr\/wp-json\/wp\/v2\/users\/62"}],"replies":[{"embeddable":true,"href":"https:\/\/www.m-q.ch\/fr\/wp-json\/wp\/v2\/comments?post=11600"}],"version-history":[{"count":1,"href":"https:\/\/www.m-q.ch\/fr\/wp-json\/wp\/v2\/posts\/11600\/revisions"}],"predecessor-version":[{"id":11654,"href":"https:\/\/www.m-q.ch\/fr\/wp-json\/wp\/v2\/posts\/11600\/revisions\/11654"}],"wp:featuredmedia":[{"embeddable":true,"href":"https:\/\/www.m-q.ch\/fr\/wp-json\/wp\/v2\/media\/11653"}],"wp:attachment":[{"href":"https:\/\/www.m-q.ch\/fr\/wp-json\/wp\/v2\/media?parent=11600"}],"wp:term":[{"taxonomy":"category","embeddable":true,"href":"https:\/\/www.m-q.ch\/fr\/wp-json\/wp\/v2\/categories?post=11600"},{"taxonomy":"post_tag","embeddable":true,"href":"https:\/\/www.m-q.ch\/fr\/wp-json\/wp\/v2\/tags?post=11600"}],"curies":[{"name":"wp","href":"https:\/\/api.w.org\/{rel}","templated":true}]}}