{"id":11630,"date":"2016-05-29T02:14:56","date_gmt":"2016-05-29T00:14:56","guid":{"rendered":"https:\/\/www.m-q.ch\/?p=11630"},"modified":"2021-02-14T02:22:58","modified_gmt":"2021-02-14T01:22:58","slug":"le-personnel-doit-bouger-davantage","status":"publish","type":"post","link":"https:\/\/www.m-q.ch\/fr\/die-belegschaft-soll-sich-mehr-bewegen\/","title":{"rendered":"La main-d'\u0153uvre devrait d\u00e9m\u00e9nager davantage...."},"content":{"rendered":"<p>La mission de Hannes, le sp\u00e9cialiste du travail minutieux, est \"d'exploiter le potentiel dans la vie quotidienne par des mesures cibl\u00e9es, petites et minutieuses, afin que les employ\u00e9s contribuent activement \u00e0 leur propre sant\u00e9 et, au sens figur\u00e9, \u00e9galement \u00e0 la sant\u00e9 de l'entreprise\". Apr\u00e8s tout, c'est de cela qu'il s'agit. L'objectif annuel est de g\u00e9n\u00e9rer un rendement, et non de g\u00e9rer une oasis de bien-\u00eatre. Les conditions-cadres sont les m\u00eames que d'habitude : cela ne doit rien co\u00fbter, mais cela doit permettre d'obtenir beaucoup. Entre-temps, Hannes est devenu un expert pour presser un citron sec afin que \"quelque chose d'aigre\" en ressorte. \"Dans ce cas pr\u00e9cis, cela signifie faire ce que nous faisons de toute fa\u00e7on - le faire de mani\u00e8re \u00e0 ce que ce soit aussi sain\", r\u00e9fl\u00e9chit Hannes. Dans ce projet, \"sain\" signifie \u00e0 son tour \"pr\u00e9vention par plus d'exercice\". Apr\u00e8s tout, les personnes qui font plus d'exercice sont en meilleure sant\u00e9, tombent moins vite malades, sont plus longtemps \u00e0 la disposition de l'entreprise et, selon la science, sont \u00e9galement plus agiles mentalement. Cela est n\u00e9cessaire aujourd'hui, alors que vous ne savez jamais qui sera votre patron demain, o\u00f9 sera votre bureau apr\u00e8s-demain et pourquoi vous travaillerez en Extr\u00eame-Orient la semaine prochaine.<\/p>\n<p>&nbsp;<\/p>\n<p>Hannes est de retour \u00e0 \"pebrasto\", comme il appelle son brainstorming personnel. Il a d\u00e9j\u00e0 une r\u00e9union avec le fabricant d'ascenseurs. Il veut que l'ascenseur soit programm\u00e9 si lentement que la marche soit toujours plus rapide que l'utilisation de l'option plus confortable, mais moins rentable pour la sant\u00e9, \u00e0 savoir l'ascenseur. Car les autocollants encourageant les gens \u00e0 prendre volontairement l'escalier pour un ou deux \u00e9tages sont \u00e0 peine remarqu\u00e9s et certainement pas suivis. Tant que chacun dans l'entreprise aura le concept d'efficacit\u00e9 inocul\u00e9 sous la peau, le passage aux escaliers ne fonctionnera que par le biais du syst\u00e8me d'incitation \u00e0 la vitesse.<\/p>\n<p>&nbsp;<\/p>\n<p>Les machines \u00e0 caf\u00e9 situ\u00e9es \u00e0 chaque \u00e9tage sont \u00e9galement reprogramm\u00e9es. Avec le badge personnel, sur lequel le budget caf\u00e9 est charg\u00e9, seules les boissons de l'\u00e9tage sup\u00e9rieur respectif peuvent \u00eatre distribu\u00e9es. Ainsi, quiconque travaille au premier \u00e9tage doit n\u00e9cessairement se rendre au deuxi\u00e8me \u00e9tage<\/p>\n<p>&nbsp;<\/p>\n<p><em><strong>\"Hannes est convaincu que la sant\u00e9 doit \u00eatre int\u00e9gr\u00e9e dans le flux naturel de travail\".<\/strong><\/em><\/p>\n<p>&nbsp;<\/p>\n<p>sans ascenseur, c'est-\u00e0-dire pour aller chercher le caf\u00e9. Hannes sourit \u00e0 cette brillante id\u00e9e.<\/p>\n<p>&nbsp;<\/p>\n<p>Quelque chose de similaire a du sens avec les \u00e9tag\u00e8res. Plus un dossier est utilis\u00e9, plus il est plac\u00e9 loin : en haut ou en bas de l'\u00e9tag\u00e8re. \"Plier et \u00e9tirer\" va de pair avec \"chercher des dossiers\". \"La sant\u00e9 doit \u00eatre int\u00e9gr\u00e9e dans le flux de travail naturel\", est convaincu Hannes.<\/p>\n<p>&nbsp;<\/p>\n<p>Hannes prend \u00e0 nouveau conscience de l'efficacit\u00e9 des solutions d\u00e9taill\u00e9es. Eh bien, sa proposition de remplacer toutes les voitures de soci\u00e9t\u00e9 VW Golf et VW Passat par des v\u00e9hicules tout-terrain sur lesquels il faut grimper a \u00e9t\u00e9 rejet\u00e9e pour des raisons oecologiques et d'image. Mais que diable. Ses id\u00e9es n'ont pas encore \u00e9t\u00e9 \u00e9puis\u00e9es. D\u00e9sormais, les places de parking ne sont plus devant sa propre entreprise. Elles ont \u00e9t\u00e9 \u00e9chang\u00e9es avec les places de parking de l'entreprise voisine. Toute personne qui gare sa voiture devra quand m\u00eame marcher au moins 300 m\u00e8tres. Des veaux forts et un c\u0153ur plus fort gratuitement<\/p>\n<p>&nbsp;<\/p>\n<p>En parlant de muscles des jambes : un panneau dans les toilettes attire l'attention sur une mesure tr\u00e8s efficace. De plus en plus de personnes se brossent les dents pendant la journ\u00e9e. Un panneau les encourage \u00e0 le faire dans le squat dit \"de descente\". Rester en position accroupie pendant deux minutes tout en se frottant les dents - c'est presque comme si on descendait le Lauberhorn \u00e0 ski. Au d\u00e9but, \u00e7a fait mal, mais ensuite, les cuisses se mettent en place. Et c'est tout \u00e0 fait sain.<\/p>\n<p>&nbsp;<\/p>\n<p>Hannes est fier. Il est sur le point de pr\u00e9senter le catalogue des mesures \u00e0 la direction. Mais il veut d'abord que tout le monde lise le document. Avant de cliquer sur le bouton \"envoyer\" dans la bo\u00eete d'envoi de l'e-mail, il consid\u00e8re qu'il pourrait livrer le catalogue \u00e0 tout le monde personnellement - \u00e0 pied, bien s\u00fbr. Il peut ensuite aller prendre un caf\u00e9, se brosser les dents - mais la r\u00e9union commence dans dix minutes. Donc, sur le bouton appuy\u00e9 - aussi sain que cela puisse \u00eatre.<\/p>","protected":false},"excerpt":{"rendered":"<p>Der Auftrag an Hannes, den Spezialisten f\u00fcr akribische Detailarbeit, ist \u00abdurch gezielte, kleine und kleinste Massnahmen das Potenzial im Alltag auszusch\u00f6pfen, damit die Mitarbeitenden einen aktiven Beitrag f\u00fcr die eigene und im \u00fcbertragenen Sinn auch f\u00fcr die Gesundheit des Unternehmens leisten\u00bb. Darum gehts schliesslich. Jahresziel ist, eine Rendite zu erwirtschaften, nicht, eine Wellnessoase zu betreiben. [&hellip;]<\/p>\n","protected":false},"author":66,"featured_media":0,"comment_status":"closed","ping_status":"closed","sticky":false,"template":"","format":"standard","meta":{"_acf_changed":false,"footnotes":""},"categories":[4448],"tags":[4778],"class_list":["post-11630","post","type-post","status-publish","format-standard","hentry","category-allgemein","tag-05-2016"],"acf":[],"yoast_head":"<!-- This site is optimized with the Yoast SEO plugin v26.2 - https:\/\/yoast.com\/wordpress\/plugins\/seo\/ -->\n<title>Die Belegschaft soll sich mehr bewegen... - MQ Management und Qualit\u00e4t<\/title>\n<meta name=\"description\" content=\"Seit einiger Zeit betreibt das Unternehmen, in dem Hannes in der Gesch\u00e4ftsleitung sitzt, ein sogenanntes Case- und Gesundheitsmanagement. Durch gezielte Massnahmen wurden in aller Ernsthaftigkeit und Konsequenz Krankheitstage reduziert. Sehr professionell wurde das von Anfang an durchgezogen und alle Vorgesetzten spielten mit. Ein Erfolgsrezept. Erfolg macht hungrig auf mehr. Was im Grossen funktioniert, soll nun auch im Kleinen seinen Niederschlag finden.\" \/>\n<meta name=\"robots\" content=\"index, follow, max-snippet:-1, max-image-preview:large, max-video-preview:-1\" \/>\n<link rel=\"canonical\" href=\"https:\/\/www.m-q.ch\/fr\/le-personnel-doit-bouger-davantage\/\" \/>\n<meta property=\"og:locale\" content=\"fr_FR\" \/>\n<meta property=\"og:type\" content=\"article\" \/>\n<meta property=\"og:title\" content=\"Die Belegschaft soll sich mehr bewegen... - MQ Management und Qualit\u00e4t\" \/>\n<meta property=\"og:description\" content=\"Seit einiger Zeit betreibt das Unternehmen, in dem Hannes in der Gesch\u00e4ftsleitung sitzt, ein sogenanntes Case- und Gesundheitsmanagement. Durch gezielte Massnahmen wurden in aller Ernsthaftigkeit und Konsequenz Krankheitstage reduziert. Sehr professionell wurde das von Anfang an durchgezogen und alle Vorgesetzten spielten mit. Ein Erfolgsrezept. Erfolg macht hungrig auf mehr. Was im Grossen funktioniert, soll nun auch im Kleinen seinen Niederschlag finden.\" \/>\n<meta property=\"og:url\" content=\"https:\/\/www.m-q.ch\/fr\/le-personnel-doit-bouger-davantage\/\" \/>\n<meta property=\"og:site_name\" content=\"MQ Management und Qualit\u00e4t\" \/>\n<meta property=\"article:publisher\" content=\"https:\/\/www.facebook.com\/ManagementUndQualitaet\" \/>\n<meta property=\"article:published_time\" content=\"2016-05-29T00:14:56+00:00\" \/>\n<meta property=\"article:modified_time\" content=\"2021-02-14T01:22:58+00:00\" \/>\n<meta name=\"author\" content=\"upwork_1\" \/>\n<meta name=\"twitter:card\" content=\"summary_large_image\" \/>\n<meta name=\"twitter:label1\" content=\"\u00c9crit par\" \/>\n\t<meta name=\"twitter:data1\" content=\"upwork_1\" \/>\n\t<meta name=\"twitter:label2\" content=\"Dur\u00e9e de lecture estim\u00e9e\" \/>\n\t<meta name=\"twitter:data2\" content=\"3 minutes\" \/>\n<script type=\"application\/ld+json\" class=\"yoast-schema-graph\">{\"@context\":\"https:\/\/schema.org\",\"@graph\":[{\"@type\":\"Article\",\"@id\":\"https:\/\/www.m-q.ch\/die-belegschaft-soll-sich-mehr-bewegen\/#article\",\"isPartOf\":{\"@id\":\"https:\/\/www.m-q.ch\/die-belegschaft-soll-sich-mehr-bewegen\/\"},\"author\":{\"name\":\"upwork_1\",\"@id\":\"https:\/\/www.m-q.ch\/fr\/#\/schema\/person\/0bdf39ca27d0b9b779f5b8af54b3f7d7\"},\"headline\":\"Die Belegschaft soll sich mehr bewegen&#8230;\",\"datePublished\":\"2016-05-29T00:14:56+00:00\",\"dateModified\":\"2021-02-14T01:22:58+00:00\",\"mainEntityOfPage\":{\"@id\":\"https:\/\/www.m-q.ch\/die-belegschaft-soll-sich-mehr-bewegen\/\"},\"wordCount\":670,\"publisher\":{\"@id\":\"https:\/\/www.m-q.ch\/fr\/#organization\"},\"keywords\":[\"05\/2016\"],\"articleSection\":[\"Allgemein\"],\"inLanguage\":\"fr-FR\"},{\"@type\":\"WebPage\",\"@id\":\"https:\/\/www.m-q.ch\/die-belegschaft-soll-sich-mehr-bewegen\/\",\"url\":\"https:\/\/www.m-q.ch\/die-belegschaft-soll-sich-mehr-bewegen\/\",\"name\":\"Die Belegschaft soll sich mehr bewegen... - MQ Management und Qualit\u00e4t\",\"isPartOf\":{\"@id\":\"https:\/\/www.m-q.ch\/fr\/#website\"},\"datePublished\":\"2016-05-29T00:14:56+00:00\",\"dateModified\":\"2021-02-14T01:22:58+00:00\",\"description\":\"Seit einiger Zeit betreibt das Unternehmen, in dem Hannes in der Gesch\u00e4ftsleitung sitzt, ein sogenanntes Case- und Gesundheitsmanagement. Durch gezielte Massnahmen wurden in aller Ernsthaftigkeit und Konsequenz Krankheitstage reduziert. Sehr professionell wurde das von Anfang an durchgezogen und alle Vorgesetzten spielten mit. Ein Erfolgsrezept. Erfolg macht hungrig auf mehr. Was im Grossen funktioniert, soll nun auch im Kleinen seinen Niederschlag finden.\",\"breadcrumb\":{\"@id\":\"https:\/\/www.m-q.ch\/die-belegschaft-soll-sich-mehr-bewegen\/#breadcrumb\"},\"inLanguage\":\"fr-FR\",\"potentialAction\":[{\"@type\":\"ReadAction\",\"target\":[\"https:\/\/www.m-q.ch\/die-belegschaft-soll-sich-mehr-bewegen\/\"]}]},{\"@type\":\"BreadcrumbList\",\"@id\":\"https:\/\/www.m-q.ch\/die-belegschaft-soll-sich-mehr-bewegen\/#breadcrumb\",\"itemListElement\":[{\"@type\":\"ListItem\",\"position\":1,\"name\":\"Allgemein\",\"item\":\"https:\/\/www.m-q.ch\/kategorie\/allgemein\/\"},{\"@type\":\"ListItem\",\"position\":2,\"name\":\"Die Belegschaft soll sich mehr bewegen&#8230;\"}]},{\"@type\":\"WebSite\",\"@id\":\"https:\/\/www.m-q.ch\/fr\/#website\",\"url\":\"https:\/\/www.m-q.ch\/fr\/\",\"name\":\"MQ Management und Qualit\u00e4t\",\"description\":\"Plattform f\u00fcr integrierte Managementsysteme.\",\"publisher\":{\"@id\":\"https:\/\/www.m-q.ch\/fr\/#organization\"},\"potentialAction\":[{\"@type\":\"SearchAction\",\"target\":{\"@type\":\"EntryPoint\",\"urlTemplate\":\"https:\/\/www.m-q.ch\/fr\/?s={search_term_string}\"},\"query-input\":{\"@type\":\"PropertyValueSpecification\",\"valueRequired\":true,\"valueName\":\"search_term_string\"}}],\"inLanguage\":\"fr-FR\"},{\"@type\":\"Organization\",\"@id\":\"https:\/\/www.m-q.ch\/fr\/#organization\",\"name\":\"Galledia Fachmedien AG\",\"url\":\"https:\/\/www.m-q.ch\/fr\/\",\"logo\":{\"@type\":\"ImageObject\",\"inLanguage\":\"fr-FR\",\"@id\":\"https:\/\/www.m-q.ch\/fr\/#\/schema\/logo\/image\/\",\"url\":\"https:\/\/www.m-q.ch\/wp-content\/uploads\/2020\/12\/cropped-logo_small.png\",\"contentUrl\":\"https:\/\/www.m-q.ch\/wp-content\/uploads\/2020\/12\/cropped-logo_small.png\",\"width\":512,\"height\":512,\"caption\":\"Galledia Fachmedien AG\"},\"image\":{\"@id\":\"https:\/\/www.m-q.ch\/fr\/#\/schema\/logo\/image\/\"},\"sameAs\":[\"https:\/\/www.facebook.com\/ManagementUndQualitaet\",\"https:\/\/www.linkedin.com\/showcase\/17982321\/admin\/\"]},{\"@type\":\"Person\",\"@id\":\"https:\/\/www.m-q.ch\/fr\/#\/schema\/person\/0bdf39ca27d0b9b779f5b8af54b3f7d7\",\"name\":\"upwork_1\",\"image\":{\"@type\":\"ImageObject\",\"inLanguage\":\"fr-FR\",\"@id\":\"https:\/\/www.m-q.ch\/fr\/#\/schema\/person\/image\/\",\"url\":\"https:\/\/secure.gravatar.com\/avatar\/04d4d0fdc5886d535809f17d0eace7f6?s=96&d=mm&r=g\",\"contentUrl\":\"https:\/\/secure.gravatar.com\/avatar\/04d4d0fdc5886d535809f17d0eace7f6?s=96&d=mm&r=g\",\"caption\":\"upwork_1\"},\"url\":\"https:\/\/www.m-q.ch\/fr\/author\/upwork_1\/\"}]}<\/script>\n<!-- \/ Yoast SEO plugin. -->","yoast_head_json":{"title":"La main-d'\u0153uvre devrait bouger plus... - Gestion et qualit\u00e9 du QM","description":"Depuis un certain temps, la soci\u00e9t\u00e9 dans laquelle Hannes si\u00e8ge au conseil d'administration a mis en place un syst\u00e8me de gestion des cas et de la sant\u00e9. Gr\u00e2ce \u00e0 des mesures cibl\u00e9es, les jours de maladie ont \u00e9t\u00e9 r\u00e9duits en toute gravit\u00e9 et coh\u00e9rence. D\u00e8s le d\u00e9but, cette op\u00e9ration a \u00e9t\u00e9 men\u00e9e de mani\u00e8re tr\u00e8s professionnelle et tous les sup\u00e9rieurs ont jou\u00e9 le jeu. Une recette pour le succ\u00e8s. Le succ\u00e8s vous donne envie d'en savoir plus. Ce qui fonctionne \u00e0 grande \u00e9chelle doit maintenant se refl\u00e9ter \u00e0 petite \u00e9chelle.","robots":{"index":"index","follow":"follow","max-snippet":"max-snippet:-1","max-image-preview":"max-image-preview:large","max-video-preview":"max-video-preview:-1"},"canonical":"https:\/\/www.m-q.ch\/fr\/le-personnel-doit-bouger-davantage\/","og_locale":"fr_FR","og_type":"article","og_title":"Die Belegschaft soll sich mehr bewegen... - MQ Management und Qualit\u00e4t","og_description":"Seit einiger Zeit betreibt das Unternehmen, in dem Hannes in der Gesch\u00e4ftsleitung sitzt, ein sogenanntes Case- und Gesundheitsmanagement. Durch gezielte Massnahmen wurden in aller Ernsthaftigkeit und Konsequenz Krankheitstage reduziert. Sehr professionell wurde das von Anfang an durchgezogen und alle Vorgesetzten spielten mit. Ein Erfolgsrezept. Erfolg macht hungrig auf mehr. Was im Grossen funktioniert, soll nun auch im Kleinen seinen Niederschlag finden.","og_url":"https:\/\/www.m-q.ch\/fr\/le-personnel-doit-bouger-davantage\/","og_site_name":"MQ Management und Qualit\u00e4t","article_publisher":"https:\/\/www.facebook.com\/ManagementUndQualitaet","article_published_time":"2016-05-29T00:14:56+00:00","article_modified_time":"2021-02-14T01:22:58+00:00","author":"upwork_1","twitter_card":"summary_large_image","twitter_misc":{"\u00c9crit par":"upwork_1","Dur\u00e9e de lecture estim\u00e9e":"3 minutes"},"schema":{"@context":"https:\/\/schema.org","@graph":[{"@type":"Article","@id":"https:\/\/www.m-q.ch\/die-belegschaft-soll-sich-mehr-bewegen\/#article","isPartOf":{"@id":"https:\/\/www.m-q.ch\/die-belegschaft-soll-sich-mehr-bewegen\/"},"author":{"name":"upwork_1","@id":"https:\/\/www.m-q.ch\/fr\/#\/schema\/person\/0bdf39ca27d0b9b779f5b8af54b3f7d7"},"headline":"Die Belegschaft soll sich mehr bewegen&#8230;","datePublished":"2016-05-29T00:14:56+00:00","dateModified":"2021-02-14T01:22:58+00:00","mainEntityOfPage":{"@id":"https:\/\/www.m-q.ch\/die-belegschaft-soll-sich-mehr-bewegen\/"},"wordCount":670,"publisher":{"@id":"https:\/\/www.m-q.ch\/fr\/#organization"},"keywords":["05\/2016"],"articleSection":["Allgemein"],"inLanguage":"fr-FR"},{"@type":"WebPage","@id":"https:\/\/www.m-q.ch\/die-belegschaft-soll-sich-mehr-bewegen\/","url":"https:\/\/www.m-q.ch\/die-belegschaft-soll-sich-mehr-bewegen\/","name":"La main-d'\u0153uvre devrait bouger plus... - Gestion et qualit\u00e9 du QM","isPartOf":{"@id":"https:\/\/www.m-q.ch\/fr\/#website"},"datePublished":"2016-05-29T00:14:56+00:00","dateModified":"2021-02-14T01:22:58+00:00","description":"Depuis un certain temps, la soci\u00e9t\u00e9 dans laquelle Hannes si\u00e8ge au conseil d'administration a mis en place un syst\u00e8me de gestion des cas et de la sant\u00e9. Gr\u00e2ce \u00e0 des mesures cibl\u00e9es, les jours de maladie ont \u00e9t\u00e9 r\u00e9duits en toute gravit\u00e9 et coh\u00e9rence. D\u00e8s le d\u00e9but, cette op\u00e9ration a \u00e9t\u00e9 men\u00e9e de mani\u00e8re tr\u00e8s professionnelle et tous les sup\u00e9rieurs ont jou\u00e9 le jeu. Une recette pour le succ\u00e8s. Le succ\u00e8s vous donne envie d'en savoir plus. Ce qui fonctionne \u00e0 grande \u00e9chelle doit maintenant se refl\u00e9ter \u00e0 petite \u00e9chelle.","breadcrumb":{"@id":"https:\/\/www.m-q.ch\/die-belegschaft-soll-sich-mehr-bewegen\/#breadcrumb"},"inLanguage":"fr-FR","potentialAction":[{"@type":"ReadAction","target":["https:\/\/www.m-q.ch\/die-belegschaft-soll-sich-mehr-bewegen\/"]}]},{"@type":"BreadcrumbList","@id":"https:\/\/www.m-q.ch\/die-belegschaft-soll-sich-mehr-bewegen\/#breadcrumb","itemListElement":[{"@type":"ListItem","position":1,"name":"Allgemein","item":"https:\/\/www.m-q.ch\/kategorie\/allgemein\/"},{"@type":"ListItem","position":2,"name":"Die Belegschaft soll sich mehr bewegen&#8230;"}]},{"@type":"WebSite","@id":"https:\/\/www.m-q.ch\/fr\/#website","url":"https:\/\/www.m-q.ch\/fr\/","name":"Gestion et qualit\u00e9 du QM","description":"Plate-forme pour les syst\u00e8mes de gestion int\u00e9gr\u00e9e.","publisher":{"@id":"https:\/\/www.m-q.ch\/fr\/#organization"},"potentialAction":[{"@type":"SearchAction","target":{"@type":"EntryPoint","urlTemplate":"https:\/\/www.m-q.ch\/fr\/?s={search_term_string}"},"query-input":{"@type":"PropertyValueSpecification","valueRequired":true,"valueName":"search_term_string"}}],"inLanguage":"fr-FR"},{"@type":"Organization","@id":"https:\/\/www.m-q.ch\/fr\/#organization","name":"Galledia Trade Media AG","url":"https:\/\/www.m-q.ch\/fr\/","logo":{"@type":"ImageObject","inLanguage":"fr-FR","@id":"https:\/\/www.m-q.ch\/fr\/#\/schema\/logo\/image\/","url":"https:\/\/www.m-q.ch\/wp-content\/uploads\/2020\/12\/cropped-logo_small.png","contentUrl":"https:\/\/www.m-q.ch\/wp-content\/uploads\/2020\/12\/cropped-logo_small.png","width":512,"height":512,"caption":"Galledia Fachmedien AG"},"image":{"@id":"https:\/\/www.m-q.ch\/fr\/#\/schema\/logo\/image\/"},"sameAs":["https:\/\/www.facebook.com\/ManagementUndQualitaet","https:\/\/www.linkedin.com\/showcase\/17982321\/admin\/"]},{"@type":"Person","@id":"https:\/\/www.m-q.ch\/fr\/#\/schema\/person\/0bdf39ca27d0b9b779f5b8af54b3f7d7","name":"upwork_1","image":{"@type":"ImageObject","inLanguage":"fr-FR","@id":"https:\/\/www.m-q.ch\/fr\/#\/schema\/person\/image\/","url":"https:\/\/secure.gravatar.com\/avatar\/04d4d0fdc5886d535809f17d0eace7f6?s=96&d=mm&r=g","contentUrl":"https:\/\/secure.gravatar.com\/avatar\/04d4d0fdc5886d535809f17d0eace7f6?s=96&d=mm&r=g","caption":"upwork_1"},"url":"https:\/\/www.m-q.ch\/fr\/author\/upwork_1\/"}]}},"_links":{"self":[{"href":"https:\/\/www.m-q.ch\/fr\/wp-json\/wp\/v2\/posts\/11630","targetHints":{"allow":["GET"]}}],"collection":[{"href":"https:\/\/www.m-q.ch\/fr\/wp-json\/wp\/v2\/posts"}],"about":[{"href":"https:\/\/www.m-q.ch\/fr\/wp-json\/wp\/v2\/types\/post"}],"author":[{"embeddable":true,"href":"https:\/\/www.m-q.ch\/fr\/wp-json\/wp\/v2\/users\/66"}],"replies":[{"embeddable":true,"href":"https:\/\/www.m-q.ch\/fr\/wp-json\/wp\/v2\/comments?post=11630"}],"version-history":[{"count":1,"href":"https:\/\/www.m-q.ch\/fr\/wp-json\/wp\/v2\/posts\/11630\/revisions"}],"predecessor-version":[{"id":11634,"href":"https:\/\/www.m-q.ch\/fr\/wp-json\/wp\/v2\/posts\/11630\/revisions\/11634"}],"wp:attachment":[{"href":"https:\/\/www.m-q.ch\/fr\/wp-json\/wp\/v2\/media?parent=11630"}],"wp:term":[{"taxonomy":"category","embeddable":true,"href":"https:\/\/www.m-q.ch\/fr\/wp-json\/wp\/v2\/categories?post=11630"},{"taxonomy":"post_tag","embeddable":true,"href":"https:\/\/www.m-q.ch\/fr\/wp-json\/wp\/v2\/tags?post=11630"}],"curies":[{"name":"wp","href":"https:\/\/api.w.org\/{rel}","templated":true}]}}