{"id":11635,"date":"2016-06-01T02:23:47","date_gmt":"2016-06-01T00:23:47","guid":{"rendered":"https:\/\/www.m-q.ch\/?p=11635"},"modified":"2021-02-14T02:39:33","modified_gmt":"2021-02-14T01:39:33","slug":"changement-de-systeme-des-regles-aux-valeurs","status":"publish","type":"post","link":"https:\/\/www.m-q.ch\/fr\/systemwechsel-von-regeln-zu-werten\/","title":{"rendered":"Le syst\u00e8me passe des r\u00e8gles aux valeurs"},"content":{"rendered":"<p><img loading=\"lazy\" decoding=\"async\" class=\"alignnone size-full wp-image-11638\" src=\"https:\/\/www.m-q.ch\/wp-content\/uploads\/2021\/02\/Systemwechsel-von-Regeln-zu-Werten.jpg\" alt=\"Le syst\u00e8me passe des r\u00e8gles aux valeurs\" width=\"867\" height=\"461\" srcset=\"https:\/\/www.m-q.ch\/wp-content\/uploads\/2021\/02\/Systemwechsel-von-Regeln-zu-Werten.jpg 867w, https:\/\/www.m-q.ch\/wp-content\/uploads\/2021\/02\/Systemwechsel-von-Regeln-zu-Werten-768x408.jpg 768w, https:\/\/www.m-q.ch\/wp-content\/uploads\/2021\/02\/Systemwechsel-von-Regeln-zu-Werten-16x9.jpg 16w, https:\/\/www.m-q.ch\/wp-content\/uploads\/2021\/02\/Systemwechsel-von-Regeln-zu-Werten-329x175.jpg 329w, https:\/\/www.m-q.ch\/wp-content\/uploads\/2021\/02\/Systemwechsel-von-Regeln-zu-Werten-658x350.jpg 658w, https:\/\/www.m-q.ch\/wp-content\/uploads\/2021\/02\/Systemwechsel-von-Regeln-zu-Werten-300x160.jpg 300w\" sizes=\"auto, (max-width: 867px) 100vw, 867px\" \/><\/p>\n<p>&nbsp;<\/p>\n<p>&nbsp;<\/p>\n<p>&nbsp;<\/p>\n<p><em><strong>D<\/strong><\/em>e rythme du d\u00e9veloppement technologique incite \u00e0 la r\u00e9flexion, a d\u00e9clar\u00e9 le pr\u00e9sident de la SAQ, Ruedi Lustenberger, dans son discours d'ouverture. Seulement 250 ans se sont \u00e9coul\u00e9s depuis la premi\u00e8re r\u00e9volution industrielle, et aujourd'hui nous parlons d\u00e9j\u00e0 de la quatri\u00e8me sous le mot \u00e0 la mode \"Industrie 4.0\". Par rapport \u00e0 toute l'histoire de l'\u00e9volution humaine, ces deux si\u00e8cles et demi ne repr\u00e9sentent \"qu'un clignement d'\u0153il\". Malgr\u00e9 toute la faisabilit\u00e9 technologique des syst\u00e8mes que nous connaissons aujourd'hui, la primaut\u00e9 doit n\u00e9anmoins rester \u00e0 l'homme, a soulign\u00e9 Ruedi Lustenberger.<\/p>\n<p><strong>Comment fonctionne le \"syst\u00e8me\" du cerveau<\/strong><br \/>\nLe th\u00e8me de la premi\u00e8re conf\u00e9rence, tenue par le professeur Joachim Bauer de l'h\u00f4pital universitaire de Fribourg-en-Brisgau, \u00e9tait : Qu'est-ce qui motive les gens ? Dans sa pr\u00e9sentation, il a expliqu\u00e9 les motivations humaines fondamentales du point de vue des neurosciences. Il a d\u00e9montr\u00e9 de fa\u00e7on impressionnante que l'appr\u00e9ciation et l'acceptation sociale activent les \"centres de r\u00e9compense\" dans le cerveau. D'autre part, l'exclusion provoque une douleur, c'est-\u00e0-dire que les m\u00eames r\u00e9gions du cerveau sont activ\u00e9es comme lorsqu'on touche un objet tr\u00e8s chaud. Et une autre caract\u00e9ristique de notre cerveau : le simple fait d'observer une activit\u00e9 active les centres du cerveau qui sont n\u00e9cessaires \u00e0 l'ex\u00e9cution sp\u00e9cifique de cette activit\u00e9. Cela peut \u00e9galement \u00eatre utilis\u00e9 pour le leadership : Si vous \u00eates vous-m\u00eame motiv\u00e9, vous pouvez le transmettre aux autres - vous devenez un mod\u00e8le digne d'\u00eatre imit\u00e9, pour ainsi dire.<\/p>\n<p><strong>Forc\u00e9\" au si\u00e8ge de l'entreprise<\/strong><br \/>\nDes formes de travail flexibles sont recommand\u00e9es pour l'imitation afin d'accro\u00eetre la capacit\u00e9 d'innovation. Ce fut le sujet de la pr\u00e9sentation suivante de Marc Holitscher de Microsoft Suisse. Il a fait remarquer que les mod\u00e8les organisationnels actuels datent essentiellement de l'\u00e8re de l'industrie 2.0 : Il existe des voies de d\u00e9cision claires, tous les employ\u00e9s ont leur fonction et savent en principe ce qu'ils doivent faire. Mais \u00e0 quoi ressemble Organisation 4.0 ? \u00c0 cet \u00e9gard, nous devons penser davantage en termes de \"mod\u00e8les de plate-forme\", de r\u00e9seaux dans lesquels la valeur ajout\u00e9e est cr\u00e9\u00e9e par l'interaction entre les producteurs et les consommateurs, par exemple. Microsoft Suisse elle-m\u00eame a pu tester ce \u00e0 quoi cela devrait ressembler en pratique dans le cadre d'un vaste \"essai sur le terrain\" : Pendant la r\u00e9novation du site de l'entreprise \u00e0 Wallisellen, tous les bureaux ont \u00e9t\u00e9 ferm\u00e9s et les employ\u00e9s ont travaill\u00e9 dans leurs bureaux \u00e0 domicile ou sur la route. L'exp\u00e9rience a \u00e9t\u00e9 tout \u00e0 fait positive : le temps improductif a diminu\u00e9, de m\u00eame que les absences. Le mod\u00e8le du temps de travail s'est \u00e9galement av\u00e9r\u00e9 int\u00e9ressant pour les m\u00e8res c\u00e9libataires. Dans l'ensemble, la satisfaction des employ\u00e9s a augment\u00e9. Cependant, elle n'a pas \u00e9t\u00e9 sans difficult\u00e9s. Marc Holitscher a soulign\u00e9 que le travail d'\u00e9quipe, en particulier, s'est av\u00e9r\u00e9 tr\u00e8s exigeant. La condition pr\u00e9alable pour qu'un tel mod\u00e8le continue \u00e0 fonctionner est avant tout la confiance. \"Il faut que le syst\u00e8me passe des r\u00e8gles aux valeurs\", d\u00e9clare M. Holitscher.<\/p>\n<p><strong>ISO 9001 : plus de leadership requis<\/strong><br \/>\nDans trois ateliers, r\u00e9partis sur des sessions parall\u00e8les, le th\u00e8me de la conf\u00e9rence \"Personnes et syst\u00e8mes\" a \u00e9t\u00e9 \"affin\u00e9\". Peter Pedross (Pedco, Zurich) a parl\u00e9 de la qualit\u00e9 dans l'environnement agile et a pos\u00e9 la question de savoir comment int\u00e9grer des processus agiles dans les petites et grandes organisations. Il a notamment pr\u00e9sent\u00e9 le Scaled Agile Framework SAFe, qui est en train de s'implanter dans l'industrie aux c\u00f4t\u00e9s de Scrum. Scrum, par exp\u00e9rience, fonctionne bien dans les \u00e9quipes qui d\u00e9veloppent un produit sp\u00e9cifique. Mais lorsqu'il s'agit de projets complexes impliquant plusieurs \u00e9quipes, Scrum atteint ses limites. Le SAFe en tient compte et met donc l'ensemble \u00e0 niveau avec des portefeuilles plus importants. Eva Jaisli (PB Swiss Tools, Wasen BE) a mis l'accent sur l'influence de la strat\u00e9gie dans sa pr\u00e9sentation. Une strat\u00e9gie id\u00e9alement formul\u00e9e permet de r\u00e9sumer tous les comportements de mani\u00e8re \u00e0 pouvoir en d\u00e9duire des objectifs. Elle l'a d\u00e9montr\u00e9 en se r\u00e9f\u00e9rant \u00e0 la norme ISO 9001 r\u00e9vis\u00e9e, en prenant l'exemple de sa propre entreprise. Enfin, Hubert Rizzi et Ren\u00e9 Wasmer ont une fois de plus soulign\u00e9 les \u00e9l\u00e9ments essentiels de cette r\u00e9vision. Il s'adresse en particulier au management ; la gestion et le leadership ont \u00e9t\u00e9 fortement d\u00e9velopp\u00e9s dans la nouvelle version. L'une des cons\u00e9quences est que ces points seront examin\u00e9s de plus pr\u00e8s lors d'un audit.<\/p>\n<p><strong>Ce qu'attendent les professionnels des STEM<\/strong><br \/>\nL'\u00e9v\u00e9nement s'est termin\u00e9 par une pr\u00e9sentation sur un autre effet de la num\u00e9risation : la p\u00e9nurie de travailleurs qualifi\u00e9s, en particulier dans les professions li\u00e9es aux STIM. Dans sa pr\u00e9sentation, le professeur Peter Kels de l'Universit\u00e9 des sciences appliqu\u00e9es et des arts de Lucerne a donn\u00e9 aux visiteurs quelques conseils sur les crit\u00e8res que les entreprises peuvent utiliser pour mieux trouver et retenir leurs sp\u00e9cialistes en STIM. Des t\u00e2ches vari\u00e9es, des mod\u00e8les de temps de travail flexibles, des possibilit\u00e9s de d\u00e9veloppement attrayantes sous la forme de nouveaux projets et de carri\u00e8res sp\u00e9cialis\u00e9es, ainsi que le travail en \u00e9quipe, sont des facteurs d\u00e9cisifs. Le salaire est \u00e9galement important, mais au mieux comme un facteur d'hygi\u00e8ne et non comme un facteur de motivation. Les professionnels des STEM, quant \u00e0 eux, trouvent leurs employeurs principalement gr\u00e2ce \u00e0 leur r\u00e9seau personnel, aux sites d'offres d'emploi sur Internet, aux sites Web des entreprises et au marketing des universit\u00e9s. \u00c9tonnamment, les r\u00e9seaux sociaux tels que Xing ou LinkedIn ne jouent pas (encore) un r\u00f4le majeur, comme l'a fait remarquer l'orateur en se r\u00e9f\u00e9rant \u00e0 une \u00e9tude de son institut.<\/p>\n<p><strong>Honneur et promotion<\/strong><br \/>\nEn plus des pr\u00e9sentations, deux autres points \u00e9taient au programme. Le professeur Hans Dieter Seghezzi a \u00e9t\u00e9 honor\u00e9 pour ses r\u00e9alisations dans le d\u00e9veloppement de la gestion de la qualit\u00e9 et pour son engagement de longue date dans la mise en place de la SAQ et de la SQS. C'est gr\u00e2ce \u00e0 lui que la gestion de la qualit\u00e9 est pass\u00e9e d'une simple \"fonction de contr\u00f4le\" \u00e0 une vision holistique jusqu'au mod\u00e8le EFQM. Un intermezzo musical a \u00e9t\u00e9 assur\u00e9 par la jeune chanteuse Pascale Etter avec ses musiciens accompagnateurs Yannick Aebischer (guitare) et Ghislain Ruprecht (percussions). La SAQ poursuit ainsi une tradition de soutien aux jeunes professionnels - cette fois-ci les musiciens.<\/p>","protected":false},"excerpt":{"rendered":"<p>&nbsp; &nbsp; &nbsp; Das Tempo, in welchem die technologischen Entwicklungen verlaufen, stimme nachdenklich, sagte SAQ-Pr\u00e4sident Ruedi Lustenberger in seiner Er\u00f6ffnungsansprache. Gerade mal 250 Jahre seien seit der ersten Industriellen Revolution vergangen und heute spreche man unter dem Schlagwort Industrie 4.0 bereits von der vierten. Gemessen an der gesamten Evolutionsgeschichte des Menschen bedeuten diese zweieinhalb Jahrhunderte [&hellip;]<\/p>\n","protected":false},"author":66,"featured_media":11638,"comment_status":"closed","ping_status":"closed","sticky":false,"template":"","format":"standard","meta":{"_acf_changed":false,"footnotes":""},"categories":[4448],"tags":[4781],"class_list":["post-11635","post","type-post","status-publish","format-standard","has-post-thumbnail","hentry","category-allgemein","tag-06-2016"],"acf":[],"yoast_head":"<!-- This site is optimized with the Yoast SEO plugin v26.2 - https:\/\/yoast.com\/wordpress\/plugins\/seo\/ -->\n<title>Systemwechsel von Regeln zu Werten - MQ Management und Qualit\u00e4t<\/title>\n<meta name=\"description\" content=\"Unter dem Motto \u00abMensch und System\u00bb fand am 10. Mai 2016 im Kursaal Bern der diesj\u00e4hrige Tag der Schweizer Qualit\u00e4t statt, gemeinsam veranstaltet durch die Swiss Association for Quality SAQ und die Schweizerische Vereinigung f\u00fcr Qualit\u00e4ts- und Managementsysteme SQS. Den rund 350 G\u00e4sten bot sich neben Impulsreferaten und fachspezifischen Sessions die Gelegenheit f\u00fcr Erfahrungsaustausch und Networking. Moderiert wurde die Tagung durch die ehemalige Tagesschausprecherin Beatrice M\u00fcller\" \/>\n<meta name=\"robots\" content=\"index, follow, max-snippet:-1, max-image-preview:large, max-video-preview:-1\" \/>\n<link rel=\"canonical\" href=\"https:\/\/www.m-q.ch\/fr\/changement-de-systeme-des-regles-aux-valeurs\/\" \/>\n<meta property=\"og:locale\" content=\"fr_FR\" \/>\n<meta property=\"og:type\" content=\"article\" \/>\n<meta property=\"og:title\" content=\"Systemwechsel von Regeln zu Werten - MQ Management und Qualit\u00e4t\" \/>\n<meta property=\"og:description\" content=\"Unter dem Motto \u00abMensch und System\u00bb fand am 10. Mai 2016 im Kursaal Bern der diesj\u00e4hrige Tag der Schweizer Qualit\u00e4t statt, gemeinsam veranstaltet durch die Swiss Association for Quality SAQ und die Schweizerische Vereinigung f\u00fcr Qualit\u00e4ts- und Managementsysteme SQS. Den rund 350 G\u00e4sten bot sich neben Impulsreferaten und fachspezifischen Sessions die Gelegenheit f\u00fcr Erfahrungsaustausch und Networking. Moderiert wurde die Tagung durch die ehemalige Tagesschausprecherin Beatrice M\u00fcller\" \/>\n<meta property=\"og:url\" content=\"https:\/\/www.m-q.ch\/fr\/changement-de-systeme-des-regles-aux-valeurs\/\" \/>\n<meta property=\"og:site_name\" content=\"MQ Management und Qualit\u00e4t\" \/>\n<meta property=\"article:publisher\" content=\"https:\/\/www.facebook.com\/ManagementUndQualitaet\" \/>\n<meta property=\"article:published_time\" content=\"2016-06-01T00:23:47+00:00\" \/>\n<meta property=\"article:modified_time\" content=\"2021-02-14T01:39:33+00:00\" \/>\n<meta property=\"og:image\" content=\"https:\/\/www.m-q.ch\/wp-content\/uploads\/2021\/02\/Systemwechsel-von-Regeln-zu-Werten.jpg\" \/>\n\t<meta property=\"og:image:width\" content=\"867\" \/>\n\t<meta property=\"og:image:height\" content=\"461\" \/>\n\t<meta property=\"og:image:type\" content=\"image\/jpeg\" \/>\n<meta name=\"author\" content=\"upwork_1\" \/>\n<meta name=\"twitter:card\" content=\"summary_large_image\" \/>\n<meta name=\"twitter:label1\" content=\"\u00c9crit par\" \/>\n\t<meta name=\"twitter:data1\" content=\"upwork_1\" \/>\n\t<meta name=\"twitter:label2\" content=\"Dur\u00e9e de lecture estim\u00e9e\" \/>\n\t<meta name=\"twitter:data2\" content=\"4 minutes\" \/>\n<script type=\"application\/ld+json\" class=\"yoast-schema-graph\">{\"@context\":\"https:\/\/schema.org\",\"@graph\":[{\"@type\":\"Article\",\"@id\":\"https:\/\/www.m-q.ch\/systemwechsel-von-regeln-zu-werten\/#article\",\"isPartOf\":{\"@id\":\"https:\/\/www.m-q.ch\/systemwechsel-von-regeln-zu-werten\/\"},\"author\":{\"name\":\"upwork_1\",\"@id\":\"https:\/\/www.m-q.ch\/fr\/#\/schema\/person\/0bdf39ca27d0b9b779f5b8af54b3f7d7\"},\"headline\":\"Systemwechsel von Regeln zu Werten\",\"datePublished\":\"2016-06-01T00:23:47+00:00\",\"dateModified\":\"2021-02-14T01:39:33+00:00\",\"mainEntityOfPage\":{\"@id\":\"https:\/\/www.m-q.ch\/systemwechsel-von-regeln-zu-werten\/\"},\"wordCount\":887,\"publisher\":{\"@id\":\"https:\/\/www.m-q.ch\/fr\/#organization\"},\"image\":{\"@id\":\"https:\/\/www.m-q.ch\/systemwechsel-von-regeln-zu-werten\/#primaryimage\"},\"thumbnailUrl\":\"https:\/\/www.m-q.ch\/wp-content\/uploads\/2021\/02\/Systemwechsel-von-Regeln-zu-Werten.jpg\",\"keywords\":[\"06\/2016\"],\"articleSection\":[\"Allgemein\"],\"inLanguage\":\"fr-FR\"},{\"@type\":\"WebPage\",\"@id\":\"https:\/\/www.m-q.ch\/systemwechsel-von-regeln-zu-werten\/\",\"url\":\"https:\/\/www.m-q.ch\/systemwechsel-von-regeln-zu-werten\/\",\"name\":\"Systemwechsel von Regeln zu Werten - MQ Management und Qualit\u00e4t\",\"isPartOf\":{\"@id\":\"https:\/\/www.m-q.ch\/fr\/#website\"},\"primaryImageOfPage\":{\"@id\":\"https:\/\/www.m-q.ch\/systemwechsel-von-regeln-zu-werten\/#primaryimage\"},\"image\":{\"@id\":\"https:\/\/www.m-q.ch\/systemwechsel-von-regeln-zu-werten\/#primaryimage\"},\"thumbnailUrl\":\"https:\/\/www.m-q.ch\/wp-content\/uploads\/2021\/02\/Systemwechsel-von-Regeln-zu-Werten.jpg\",\"datePublished\":\"2016-06-01T00:23:47+00:00\",\"dateModified\":\"2021-02-14T01:39:33+00:00\",\"description\":\"Unter dem Motto \u00abMensch und System\u00bb fand am 10. Mai 2016 im Kursaal Bern der diesj\u00e4hrige Tag der Schweizer Qualit\u00e4t statt, gemeinsam veranstaltet durch die Swiss Association for Quality SAQ und die Schweizerische Vereinigung f\u00fcr Qualit\u00e4ts- und Managementsysteme SQS. Den rund 350 G\u00e4sten bot sich neben Impulsreferaten und fachspezifischen Sessions die Gelegenheit f\u00fcr Erfahrungsaustausch und Networking. Moderiert wurde die Tagung durch die ehemalige Tagesschausprecherin Beatrice M\u00fcller\",\"breadcrumb\":{\"@id\":\"https:\/\/www.m-q.ch\/systemwechsel-von-regeln-zu-werten\/#breadcrumb\"},\"inLanguage\":\"fr-FR\",\"potentialAction\":[{\"@type\":\"ReadAction\",\"target\":[\"https:\/\/www.m-q.ch\/systemwechsel-von-regeln-zu-werten\/\"]}]},{\"@type\":\"ImageObject\",\"inLanguage\":\"fr-FR\",\"@id\":\"https:\/\/www.m-q.ch\/systemwechsel-von-regeln-zu-werten\/#primaryimage\",\"url\":\"https:\/\/www.m-q.ch\/wp-content\/uploads\/2021\/02\/Systemwechsel-von-Regeln-zu-Werten.jpg\",\"contentUrl\":\"https:\/\/www.m-q.ch\/wp-content\/uploads\/2021\/02\/Systemwechsel-von-Regeln-zu-Werten.jpg\",\"width\":867,\"height\":461,\"caption\":\"Systemwechsel von Regeln zu Werten\"},{\"@type\":\"BreadcrumbList\",\"@id\":\"https:\/\/www.m-q.ch\/systemwechsel-von-regeln-zu-werten\/#breadcrumb\",\"itemListElement\":[{\"@type\":\"ListItem\",\"position\":1,\"name\":\"Allgemein\",\"item\":\"https:\/\/www.m-q.ch\/kategorie\/allgemein\/\"},{\"@type\":\"ListItem\",\"position\":2,\"name\":\"Systemwechsel von Regeln zu Werten\"}]},{\"@type\":\"WebSite\",\"@id\":\"https:\/\/www.m-q.ch\/fr\/#website\",\"url\":\"https:\/\/www.m-q.ch\/fr\/\",\"name\":\"MQ Management und Qualit\u00e4t\",\"description\":\"Plattform f\u00fcr integrierte Managementsysteme.\",\"publisher\":{\"@id\":\"https:\/\/www.m-q.ch\/fr\/#organization\"},\"potentialAction\":[{\"@type\":\"SearchAction\",\"target\":{\"@type\":\"EntryPoint\",\"urlTemplate\":\"https:\/\/www.m-q.ch\/fr\/?s={search_term_string}\"},\"query-input\":{\"@type\":\"PropertyValueSpecification\",\"valueRequired\":true,\"valueName\":\"search_term_string\"}}],\"inLanguage\":\"fr-FR\"},{\"@type\":\"Organization\",\"@id\":\"https:\/\/www.m-q.ch\/fr\/#organization\",\"name\":\"Galledia Fachmedien AG\",\"url\":\"https:\/\/www.m-q.ch\/fr\/\",\"logo\":{\"@type\":\"ImageObject\",\"inLanguage\":\"fr-FR\",\"@id\":\"https:\/\/www.m-q.ch\/fr\/#\/schema\/logo\/image\/\",\"url\":\"https:\/\/www.m-q.ch\/wp-content\/uploads\/2020\/12\/cropped-logo_small.png\",\"contentUrl\":\"https:\/\/www.m-q.ch\/wp-content\/uploads\/2020\/12\/cropped-logo_small.png\",\"width\":512,\"height\":512,\"caption\":\"Galledia Fachmedien AG\"},\"image\":{\"@id\":\"https:\/\/www.m-q.ch\/fr\/#\/schema\/logo\/image\/\"},\"sameAs\":[\"https:\/\/www.facebook.com\/ManagementUndQualitaet\",\"https:\/\/www.linkedin.com\/showcase\/17982321\/admin\/\"]},{\"@type\":\"Person\",\"@id\":\"https:\/\/www.m-q.ch\/fr\/#\/schema\/person\/0bdf39ca27d0b9b779f5b8af54b3f7d7\",\"name\":\"upwork_1\",\"image\":{\"@type\":\"ImageObject\",\"inLanguage\":\"fr-FR\",\"@id\":\"https:\/\/www.m-q.ch\/fr\/#\/schema\/person\/image\/\",\"url\":\"https:\/\/secure.gravatar.com\/avatar\/04d4d0fdc5886d535809f17d0eace7f6?s=96&d=mm&r=g\",\"contentUrl\":\"https:\/\/secure.gravatar.com\/avatar\/04d4d0fdc5886d535809f17d0eace7f6?s=96&d=mm&r=g\",\"caption\":\"upwork_1\"},\"url\":\"https:\/\/www.m-q.ch\/fr\/author\/upwork_1\/\"}]}<\/script>\n<!-- \/ Yoast SEO plugin. -->","yoast_head_json":{"title":"Le syst\u00e8me passe des r\u00e8gles aux valeurs - MQ Management and Quality","description":"Cette ann\u00e9e, la Journ\u00e9e suisse de la qualit\u00e9, organis\u00e9e conjointement par l'Association suisse pour la qualit\u00e9 SAQ et l'Association suisse pour les syst\u00e8mes de qualit\u00e9 et de management SQS, a eu lieu le 10 mai 2016 au Kursaal de Berne sous le slogan \"Personnes et syst\u00e8mes\". En plus des discours d'ouverture et des sessions sp\u00e9cialis\u00e9es, les quelque 350 invit\u00e9s ont eu l'occasion d'\u00e9changer leurs exp\u00e9riences et de nouer des contacts. La conf\u00e9rence \u00e9tait anim\u00e9e par l'ancienne pr\u00e9sentatrice de t\u00e9l\u00e9vision de jour Beatrice M\u00fcller.","robots":{"index":"index","follow":"follow","max-snippet":"max-snippet:-1","max-image-preview":"max-image-preview:large","max-video-preview":"max-video-preview:-1"},"canonical":"https:\/\/www.m-q.ch\/fr\/changement-de-systeme-des-regles-aux-valeurs\/","og_locale":"fr_FR","og_type":"article","og_title":"Systemwechsel von Regeln zu Werten - MQ Management und Qualit\u00e4t","og_description":"Unter dem Motto \u00abMensch und System\u00bb fand am 10. Mai 2016 im Kursaal Bern der diesj\u00e4hrige Tag der Schweizer Qualit\u00e4t statt, gemeinsam veranstaltet durch die Swiss Association for Quality SAQ und die Schweizerische Vereinigung f\u00fcr Qualit\u00e4ts- und Managementsysteme SQS. Den rund 350 G\u00e4sten bot sich neben Impulsreferaten und fachspezifischen Sessions die Gelegenheit f\u00fcr Erfahrungsaustausch und Networking. Moderiert wurde die Tagung durch die ehemalige Tagesschausprecherin Beatrice M\u00fcller","og_url":"https:\/\/www.m-q.ch\/fr\/changement-de-systeme-des-regles-aux-valeurs\/","og_site_name":"MQ Management und Qualit\u00e4t","article_publisher":"https:\/\/www.facebook.com\/ManagementUndQualitaet","article_published_time":"2016-06-01T00:23:47+00:00","article_modified_time":"2021-02-14T01:39:33+00:00","og_image":[{"width":867,"height":461,"url":"https:\/\/www.m-q.ch\/wp-content\/uploads\/2021\/02\/Systemwechsel-von-Regeln-zu-Werten.jpg","type":"image\/jpeg"}],"author":"upwork_1","twitter_card":"summary_large_image","twitter_misc":{"\u00c9crit par":"upwork_1","Dur\u00e9e de lecture estim\u00e9e":"4 minutes"},"schema":{"@context":"https:\/\/schema.org","@graph":[{"@type":"Article","@id":"https:\/\/www.m-q.ch\/systemwechsel-von-regeln-zu-werten\/#article","isPartOf":{"@id":"https:\/\/www.m-q.ch\/systemwechsel-von-regeln-zu-werten\/"},"author":{"name":"upwork_1","@id":"https:\/\/www.m-q.ch\/fr\/#\/schema\/person\/0bdf39ca27d0b9b779f5b8af54b3f7d7"},"headline":"Systemwechsel von Regeln zu Werten","datePublished":"2016-06-01T00:23:47+00:00","dateModified":"2021-02-14T01:39:33+00:00","mainEntityOfPage":{"@id":"https:\/\/www.m-q.ch\/systemwechsel-von-regeln-zu-werten\/"},"wordCount":887,"publisher":{"@id":"https:\/\/www.m-q.ch\/fr\/#organization"},"image":{"@id":"https:\/\/www.m-q.ch\/systemwechsel-von-regeln-zu-werten\/#primaryimage"},"thumbnailUrl":"https:\/\/www.m-q.ch\/wp-content\/uploads\/2021\/02\/Systemwechsel-von-Regeln-zu-Werten.jpg","keywords":["06\/2016"],"articleSection":["Allgemein"],"inLanguage":"fr-FR"},{"@type":"WebPage","@id":"https:\/\/www.m-q.ch\/systemwechsel-von-regeln-zu-werten\/","url":"https:\/\/www.m-q.ch\/systemwechsel-von-regeln-zu-werten\/","name":"Le syst\u00e8me passe des r\u00e8gles aux valeurs - MQ Management and Quality","isPartOf":{"@id":"https:\/\/www.m-q.ch\/fr\/#website"},"primaryImageOfPage":{"@id":"https:\/\/www.m-q.ch\/systemwechsel-von-regeln-zu-werten\/#primaryimage"},"image":{"@id":"https:\/\/www.m-q.ch\/systemwechsel-von-regeln-zu-werten\/#primaryimage"},"thumbnailUrl":"https:\/\/www.m-q.ch\/wp-content\/uploads\/2021\/02\/Systemwechsel-von-Regeln-zu-Werten.jpg","datePublished":"2016-06-01T00:23:47+00:00","dateModified":"2021-02-14T01:39:33+00:00","description":"Cette ann\u00e9e, la Journ\u00e9e suisse de la qualit\u00e9, organis\u00e9e conjointement par l'Association suisse pour la qualit\u00e9 SAQ et l'Association suisse pour les syst\u00e8mes de qualit\u00e9 et de management SQS, a eu lieu le 10 mai 2016 au Kursaal de Berne sous le slogan \"Personnes et syst\u00e8mes\". En plus des discours d'ouverture et des sessions sp\u00e9cialis\u00e9es, les quelque 350 invit\u00e9s ont eu l'occasion d'\u00e9changer leurs exp\u00e9riences et de nouer des contacts. La conf\u00e9rence \u00e9tait anim\u00e9e par l'ancienne pr\u00e9sentatrice de t\u00e9l\u00e9vision de jour Beatrice M\u00fcller.","breadcrumb":{"@id":"https:\/\/www.m-q.ch\/systemwechsel-von-regeln-zu-werten\/#breadcrumb"},"inLanguage":"fr-FR","potentialAction":[{"@type":"ReadAction","target":["https:\/\/www.m-q.ch\/systemwechsel-von-regeln-zu-werten\/"]}]},{"@type":"ImageObject","inLanguage":"fr-FR","@id":"https:\/\/www.m-q.ch\/systemwechsel-von-regeln-zu-werten\/#primaryimage","url":"https:\/\/www.m-q.ch\/wp-content\/uploads\/2021\/02\/Systemwechsel-von-Regeln-zu-Werten.jpg","contentUrl":"https:\/\/www.m-q.ch\/wp-content\/uploads\/2021\/02\/Systemwechsel-von-Regeln-zu-Werten.jpg","width":867,"height":461,"caption":"Systemwechsel von Regeln zu Werten"},{"@type":"BreadcrumbList","@id":"https:\/\/www.m-q.ch\/systemwechsel-von-regeln-zu-werten\/#breadcrumb","itemListElement":[{"@type":"ListItem","position":1,"name":"Allgemein","item":"https:\/\/www.m-q.ch\/kategorie\/allgemein\/"},{"@type":"ListItem","position":2,"name":"Systemwechsel von Regeln zu Werten"}]},{"@type":"WebSite","@id":"https:\/\/www.m-q.ch\/fr\/#website","url":"https:\/\/www.m-q.ch\/fr\/","name":"Gestion et qualit\u00e9 du QM","description":"Plate-forme pour les syst\u00e8mes de gestion int\u00e9gr\u00e9e.","publisher":{"@id":"https:\/\/www.m-q.ch\/fr\/#organization"},"potentialAction":[{"@type":"SearchAction","target":{"@type":"EntryPoint","urlTemplate":"https:\/\/www.m-q.ch\/fr\/?s={search_term_string}"},"query-input":{"@type":"PropertyValueSpecification","valueRequired":true,"valueName":"search_term_string"}}],"inLanguage":"fr-FR"},{"@type":"Organization","@id":"https:\/\/www.m-q.ch\/fr\/#organization","name":"Galledia Trade Media AG","url":"https:\/\/www.m-q.ch\/fr\/","logo":{"@type":"ImageObject","inLanguage":"fr-FR","@id":"https:\/\/www.m-q.ch\/fr\/#\/schema\/logo\/image\/","url":"https:\/\/www.m-q.ch\/wp-content\/uploads\/2020\/12\/cropped-logo_small.png","contentUrl":"https:\/\/www.m-q.ch\/wp-content\/uploads\/2020\/12\/cropped-logo_small.png","width":512,"height":512,"caption":"Galledia Fachmedien AG"},"image":{"@id":"https:\/\/www.m-q.ch\/fr\/#\/schema\/logo\/image\/"},"sameAs":["https:\/\/www.facebook.com\/ManagementUndQualitaet","https:\/\/www.linkedin.com\/showcase\/17982321\/admin\/"]},{"@type":"Person","@id":"https:\/\/www.m-q.ch\/fr\/#\/schema\/person\/0bdf39ca27d0b9b779f5b8af54b3f7d7","name":"upwork_1","image":{"@type":"ImageObject","inLanguage":"fr-FR","@id":"https:\/\/www.m-q.ch\/fr\/#\/schema\/person\/image\/","url":"https:\/\/secure.gravatar.com\/avatar\/04d4d0fdc5886d535809f17d0eace7f6?s=96&d=mm&r=g","contentUrl":"https:\/\/secure.gravatar.com\/avatar\/04d4d0fdc5886d535809f17d0eace7f6?s=96&d=mm&r=g","caption":"upwork_1"},"url":"https:\/\/www.m-q.ch\/fr\/author\/upwork_1\/"}]}},"_links":{"self":[{"href":"https:\/\/www.m-q.ch\/fr\/wp-json\/wp\/v2\/posts\/11635","targetHints":{"allow":["GET"]}}],"collection":[{"href":"https:\/\/www.m-q.ch\/fr\/wp-json\/wp\/v2\/posts"}],"about":[{"href":"https:\/\/www.m-q.ch\/fr\/wp-json\/wp\/v2\/types\/post"}],"author":[{"embeddable":true,"href":"https:\/\/www.m-q.ch\/fr\/wp-json\/wp\/v2\/users\/66"}],"replies":[{"embeddable":true,"href":"https:\/\/www.m-q.ch\/fr\/wp-json\/wp\/v2\/comments?post=11635"}],"version-history":[{"count":1,"href":"https:\/\/www.m-q.ch\/fr\/wp-json\/wp\/v2\/posts\/11635\/revisions"}],"predecessor-version":[{"id":11640,"href":"https:\/\/www.m-q.ch\/fr\/wp-json\/wp\/v2\/posts\/11635\/revisions\/11640"}],"wp:featuredmedia":[{"embeddable":true,"href":"https:\/\/www.m-q.ch\/fr\/wp-json\/wp\/v2\/media\/11638"}],"wp:attachment":[{"href":"https:\/\/www.m-q.ch\/fr\/wp-json\/wp\/v2\/media?parent=11635"}],"wp:term":[{"taxonomy":"category","embeddable":true,"href":"https:\/\/www.m-q.ch\/fr\/wp-json\/wp\/v2\/categories?post=11635"},{"taxonomy":"post_tag","embeddable":true,"href":"https:\/\/www.m-q.ch\/fr\/wp-json\/wp\/v2\/tags?post=11635"}],"curies":[{"name":"wp","href":"https:\/\/api.w.org\/{rel}","templated":true}]}}