{"id":11641,"date":"2016-06-03T02:40:53","date_gmt":"2016-06-03T00:40:53","guid":{"rendered":"https:\/\/www.m-q.ch\/?p=11641"},"modified":"2021-02-14T02:47:49","modified_gmt":"2021-02-14T01:47:49","slug":"weleda-remporte-le-swiss-ethics-award","status":"publish","type":"post","link":"https:\/\/www.m-q.ch\/fr\/weleda-gewinnt-den-swiss-ethics-award\/","title":{"rendered":"Weleda remporte le Prix suisse de l'\u00e9thique"},"content":{"rendered":"<p><img loading=\"lazy\" decoding=\"async\" class=\"alignnone size-full wp-image-11644\" src=\"https:\/\/www.m-q.ch\/wp-content\/uploads\/2021\/02\/Systemwechsel-von-Regeln-zu-Werten-1.jpg\" alt=\"Weleda remporte le Prix suisse de l&#039;\u00e9thique\" width=\"881\" height=\"611\" srcset=\"https:\/\/www.m-q.ch\/wp-content\/uploads\/2021\/02\/Systemwechsel-von-Regeln-zu-Werten-1.jpg 881w, https:\/\/www.m-q.ch\/wp-content\/uploads\/2021\/02\/Systemwechsel-von-Regeln-zu-Werten-1-768x533.jpg 768w, https:\/\/www.m-q.ch\/wp-content\/uploads\/2021\/02\/Systemwechsel-von-Regeln-zu-Werten-1-16x12.jpg 16w, https:\/\/www.m-q.ch\/wp-content\/uploads\/2021\/02\/Systemwechsel-von-Regeln-zu-Werten-1-252x175.jpg 252w, https:\/\/www.m-q.ch\/wp-content\/uploads\/2021\/02\/Systemwechsel-von-Regeln-zu-Werten-1-505x350.jpg 505w, https:\/\/www.m-q.ch\/wp-content\/uploads\/2021\/02\/Systemwechsel-von-Regeln-zu-Werten-1-300x208.jpg 300w\" sizes=\"auto, (max-width: 881px) 100vw, 881px\" \/><\/p>\n<p>&nbsp;<\/p>\n<p>&nbsp;<\/p>\n<p>&nbsp;<\/p>\n<p><em><strong>A<\/strong><\/em>ans le cadre de la Swiss Enterprise Conference, le Swiss Excellence Forum d\u00e9cerne tous les deux ans le prix suisse de l'\u00e9thique. Le prix est d\u00e9cern\u00e9 aux projets qui \u00e9tablissent de nouvelles normes \u00e9thiques dans le domaine des affaires<\/p>\n<p>&nbsp;<\/p>\n<p>Le laur\u00e9at de cette ann\u00e9e, Weleda, place le respect des personnes et de la nature au c\u0153ur de ses activit\u00e9s commerciales. Des crit\u00e8res sociaux et \u00e9cologiques dans l'approvisionnement en mati\u00e8res premi\u00e8res \u00e9taient \u00e9galement au centre du projet gagnant du fabricant de cosm\u00e9tiques et de m\u00e9dicaments naturels. Le commerce \u00e9quitable et la pr\u00e9servation de la biodiversit\u00e9 sont les objectifs vis\u00e9s ici. L'entreprise est membre de l'organisation \u00e0 but non lucratif Union of Ethical Biotrade (UEBT) depuis 2011 et met en \u0153uvre ses normes complexes - comme seule entreprise en Suisse. L'adh\u00e9sion oblige l'entreprise \u00e0 mettre en place un syst\u00e8me de gestion de la biodiversit\u00e9. Cela ne vise pas seulement \u00e0 pr\u00e9server la biodiversit\u00e9, mais va beaucoup plus loin : les b\u00e9n\u00e9fices doivent \u00eatre partag\u00e9s \u00e9quitablement tout au long de la cha\u00eene d'approvisionnement, la durabilit\u00e9 socio-\u00e9conomique doit \u00eatre assur\u00e9e, les r\u00e8glements doivent \u00eatre respect\u00e9s et les personnes concern\u00e9es doivent \u00eatre respect\u00e9es.<\/p>\n<p>&nbsp;<\/p>\n<p>Selon le jury compos\u00e9 d'\u00e9thiciens et de repr\u00e9sentants des milieux \u00e9conomiques, scientifiques, th\u00e9ologiques et politiques, Weleda m\u00e9rite ce prix pour son engagement. La franchise et la coh\u00e9rence avec lesquelles Weleda assume sa responsabilit\u00e9 envers les personnes et l'environnement, ainsi que son courage de s'engager dans des processus d'apprentissage potentiellement controvers\u00e9s et ouverts dans le processus, sont reconnus par le jury comme une r\u00e9alisation exceptionnelle. Soit dit en passant, l'id\u00e9e de la strat\u00e9gie pionni\u00e8re de l'entreprise n'est pas venue de la salle du conseil d'administration - l'impulsion en est venue du service des achats.<\/p>\n<p><strong>Coop\u00e9ration internationale<\/strong><br \/>\nWeleda a \u00e9t\u00e9 fond\u00e9e en 1921 par Rudolf Steiner, le p\u00e8re spirituel de l'anthroposophie. L'entreprise s'est engag\u00e9e d\u00e8s le d\u00e9but dans la voie de la durabilit\u00e9. Si une grande partie des mati\u00e8res premi\u00e8res utilis\u00e9es sont plant\u00e9es dans le jardin d'herbes m\u00e9dicinales de l'entreprise et proviennent de la coop\u00e9ration avec des producteurs r\u00e9gionaux, une grande partie des ingr\u00e9dients provient de partenaires mondiaux. Weleda attache une grande importance \u00e0 l'\u00e9tablissement de coop\u00e9rations \u00e0 long terme. Par exemple, elle s'approvisionne en huile de s\u00e9same biologique, un ingr\u00e9dient de nombreux produits cosm\u00e9tiques, aupr\u00e8s de l'entreprise familiale mexicaine \"Sesajal\". Cette entreprise emploie plus de 200 agriculteurs locaux qui per\u00e7oivent un revenu sup\u00e9rieur \u00e0 la moyenne pour leurs graines de s\u00e9same produites biologiquement. Les graines de s\u00e9same r\u00e9colt\u00e9es sont trait\u00e9es directement dans l'huilerie de l'entreprise afin d'\u00e9liminer l'interm\u00e9diaire, qui peut cr\u00e9er des d\u00e9pendances.<\/p>\n<p>&nbsp;<\/p>\n<p>Les fleurs de jasmin, dont l'essence est utilis\u00e9e comme parfum dans divers produits cosm\u00e9tiques naturels, proviennent du Tamil Nadu, dans le sud de l'Inde. Le fournisseur est la seule ferme en Inde qui cultive des plants de jasmin de mani\u00e8re biologique, comme le souligne Weleda. Les d\u00e9licates fleurs sont cueillies \u00e0 la main par les travailleurs locaux, qui sont pay\u00e9s \u00e9quitablement pour leur travail chaque semaine. Plusieurs fois par jour, les fleurs sont amen\u00e9es \u00e0 la distillerie situ\u00e9e \u00e0 environ 14 kilom\u00e8tres de l\u00e0, o\u00f9 l'essence de jasmin est extraite sous forme de p\u00e2te ou de liquide. Pour 125 grammes de liquide, 100 kilogrammes de fleurs sont n\u00e9cessaires<\/p>","protected":false},"excerpt":{"rendered":"<p>&nbsp; &nbsp; &nbsp; An der Schweizer Unternehmungstagung verleiht das Swiss Excellence Forum alle zwei Jahre den Swiss Ethics Award. Der Preis geht an Projekte, die im Bereich der Wirtschaft neue ethische Massst\u00e4be setzen &nbsp; Die diesj\u00e4hrige Gewinnerin Weleda stellt den Respekt vor dem Menschen und der Natur ins Zentrum des unternehmerischen Handelns. Um soziale und [&hellip;]<\/p>\n","protected":false},"author":66,"featured_media":11644,"comment_status":"closed","ping_status":"closed","sticky":false,"template":"","format":"standard","meta":{"_acf_changed":false,"footnotes":""},"categories":[4448],"tags":[4781],"class_list":["post-11641","post","type-post","status-publish","format-standard","has-post-thumbnail","hentry","category-allgemein","tag-06-2016"],"acf":[],"yoast_head":"<!-- This site is optimized with the Yoast SEO plugin v26.2 - https:\/\/yoast.com\/wordpress\/plugins\/seo\/ -->\n<title>Weleda gewinnt den Swiss Ethics Award - MQ Management und Qualit\u00e4t<\/title>\n<meta name=\"description\" content=\"\u00dcber 600 Rohstoffe \u00f6kologisch und sozial nachhaltig beschaffen \u2013 dieses ehrgeizige Ziel hat das Naturkosmetik- und Arzneimittelunternehmen Weleda AG erreicht. Daf\u00fcr wurde es an der Schweizer Unternehmungstagung im KKL Luzern mit dem Swiss Ethics Award belohnt.\" \/>\n<meta name=\"robots\" content=\"index, follow, max-snippet:-1, max-image-preview:large, max-video-preview:-1\" \/>\n<link rel=\"canonical\" href=\"https:\/\/www.m-q.ch\/fr\/weleda-remporte-le-swiss-ethics-award\/\" \/>\n<meta property=\"og:locale\" content=\"fr_FR\" \/>\n<meta property=\"og:type\" content=\"article\" \/>\n<meta property=\"og:title\" content=\"Weleda gewinnt den Swiss Ethics Award - MQ Management und Qualit\u00e4t\" \/>\n<meta property=\"og:description\" content=\"\u00dcber 600 Rohstoffe \u00f6kologisch und sozial nachhaltig beschaffen \u2013 dieses ehrgeizige Ziel hat das Naturkosmetik- und Arzneimittelunternehmen Weleda AG erreicht. Daf\u00fcr wurde es an der Schweizer Unternehmungstagung im KKL Luzern mit dem Swiss Ethics Award belohnt.\" \/>\n<meta property=\"og:url\" content=\"https:\/\/www.m-q.ch\/fr\/weleda-remporte-le-swiss-ethics-award\/\" \/>\n<meta property=\"og:site_name\" content=\"MQ Management und Qualit\u00e4t\" \/>\n<meta property=\"article:publisher\" content=\"https:\/\/www.facebook.com\/ManagementUndQualitaet\" \/>\n<meta property=\"article:published_time\" content=\"2016-06-03T00:40:53+00:00\" \/>\n<meta property=\"article:modified_time\" content=\"2021-02-14T01:47:49+00:00\" \/>\n<meta property=\"og:image\" content=\"https:\/\/www.m-q.ch\/wp-content\/uploads\/2021\/02\/Systemwechsel-von-Regeln-zu-Werten-1.jpg\" \/>\n\t<meta property=\"og:image:width\" content=\"881\" \/>\n\t<meta property=\"og:image:height\" content=\"611\" \/>\n\t<meta property=\"og:image:type\" content=\"image\/jpeg\" \/>\n<meta name=\"author\" content=\"upwork_1\" \/>\n<meta name=\"twitter:card\" content=\"summary_large_image\" \/>\n<meta name=\"twitter:label1\" content=\"\u00c9crit par\" \/>\n\t<meta name=\"twitter:data1\" content=\"upwork_1\" \/>\n\t<meta name=\"twitter:label2\" content=\"Dur\u00e9e de lecture estim\u00e9e\" \/>\n\t<meta name=\"twitter:data2\" content=\"2 minutes\" \/>\n<script type=\"application\/ld+json\" class=\"yoast-schema-graph\">{\"@context\":\"https:\/\/schema.org\",\"@graph\":[{\"@type\":\"Article\",\"@id\":\"https:\/\/www.m-q.ch\/weleda-gewinnt-den-swiss-ethics-award\/#article\",\"isPartOf\":{\"@id\":\"https:\/\/www.m-q.ch\/weleda-gewinnt-den-swiss-ethics-award\/\"},\"author\":{\"name\":\"upwork_1\",\"@id\":\"https:\/\/www.m-q.ch\/fr\/#\/schema\/person\/0bdf39ca27d0b9b779f5b8af54b3f7d7\"},\"headline\":\"Weleda gewinnt den Swiss Ethics Award\",\"datePublished\":\"2016-06-03T00:40:53+00:00\",\"dateModified\":\"2021-02-14T01:47:49+00:00\",\"mainEntityOfPage\":{\"@id\":\"https:\/\/www.m-q.ch\/weleda-gewinnt-den-swiss-ethics-award\/\"},\"wordCount\":452,\"publisher\":{\"@id\":\"https:\/\/www.m-q.ch\/fr\/#organization\"},\"image\":{\"@id\":\"https:\/\/www.m-q.ch\/weleda-gewinnt-den-swiss-ethics-award\/#primaryimage\"},\"thumbnailUrl\":\"https:\/\/www.m-q.ch\/wp-content\/uploads\/2021\/02\/Systemwechsel-von-Regeln-zu-Werten-1.jpg\",\"keywords\":[\"06\/2016\"],\"articleSection\":[\"Allgemein\"],\"inLanguage\":\"fr-FR\"},{\"@type\":\"WebPage\",\"@id\":\"https:\/\/www.m-q.ch\/weleda-gewinnt-den-swiss-ethics-award\/\",\"url\":\"https:\/\/www.m-q.ch\/weleda-gewinnt-den-swiss-ethics-award\/\",\"name\":\"Weleda gewinnt den Swiss Ethics Award - MQ Management und Qualit\u00e4t\",\"isPartOf\":{\"@id\":\"https:\/\/www.m-q.ch\/fr\/#website\"},\"primaryImageOfPage\":{\"@id\":\"https:\/\/www.m-q.ch\/weleda-gewinnt-den-swiss-ethics-award\/#primaryimage\"},\"image\":{\"@id\":\"https:\/\/www.m-q.ch\/weleda-gewinnt-den-swiss-ethics-award\/#primaryimage\"},\"thumbnailUrl\":\"https:\/\/www.m-q.ch\/wp-content\/uploads\/2021\/02\/Systemwechsel-von-Regeln-zu-Werten-1.jpg\",\"datePublished\":\"2016-06-03T00:40:53+00:00\",\"dateModified\":\"2021-02-14T01:47:49+00:00\",\"description\":\"\u00dcber 600 Rohstoffe \u00f6kologisch und sozial nachhaltig beschaffen \u2013 dieses ehrgeizige Ziel hat das Naturkosmetik- und Arzneimittelunternehmen Weleda AG erreicht. Daf\u00fcr wurde es an der Schweizer Unternehmungstagung im KKL Luzern mit dem Swiss Ethics Award belohnt.\",\"breadcrumb\":{\"@id\":\"https:\/\/www.m-q.ch\/weleda-gewinnt-den-swiss-ethics-award\/#breadcrumb\"},\"inLanguage\":\"fr-FR\",\"potentialAction\":[{\"@type\":\"ReadAction\",\"target\":[\"https:\/\/www.m-q.ch\/weleda-gewinnt-den-swiss-ethics-award\/\"]}]},{\"@type\":\"ImageObject\",\"inLanguage\":\"fr-FR\",\"@id\":\"https:\/\/www.m-q.ch\/weleda-gewinnt-den-swiss-ethics-award\/#primaryimage\",\"url\":\"https:\/\/www.m-q.ch\/wp-content\/uploads\/2021\/02\/Systemwechsel-von-Regeln-zu-Werten-1.jpg\",\"contentUrl\":\"https:\/\/www.m-q.ch\/wp-content\/uploads\/2021\/02\/Systemwechsel-von-Regeln-zu-Werten-1.jpg\",\"width\":881,\"height\":611,\"caption\":\"Weleda gewinnt den Swiss Ethics Award\"},{\"@type\":\"BreadcrumbList\",\"@id\":\"https:\/\/www.m-q.ch\/weleda-gewinnt-den-swiss-ethics-award\/#breadcrumb\",\"itemListElement\":[{\"@type\":\"ListItem\",\"position\":1,\"name\":\"Allgemein\",\"item\":\"https:\/\/www.m-q.ch\/kategorie\/allgemein\/\"},{\"@type\":\"ListItem\",\"position\":2,\"name\":\"Weleda gewinnt den Swiss Ethics Award\"}]},{\"@type\":\"WebSite\",\"@id\":\"https:\/\/www.m-q.ch\/fr\/#website\",\"url\":\"https:\/\/www.m-q.ch\/fr\/\",\"name\":\"MQ Management und Qualit\u00e4t\",\"description\":\"Plattform f\u00fcr integrierte Managementsysteme.\",\"publisher\":{\"@id\":\"https:\/\/www.m-q.ch\/fr\/#organization\"},\"potentialAction\":[{\"@type\":\"SearchAction\",\"target\":{\"@type\":\"EntryPoint\",\"urlTemplate\":\"https:\/\/www.m-q.ch\/fr\/?s={search_term_string}\"},\"query-input\":{\"@type\":\"PropertyValueSpecification\",\"valueRequired\":true,\"valueName\":\"search_term_string\"}}],\"inLanguage\":\"fr-FR\"},{\"@type\":\"Organization\",\"@id\":\"https:\/\/www.m-q.ch\/fr\/#organization\",\"name\":\"Galledia Fachmedien AG\",\"url\":\"https:\/\/www.m-q.ch\/fr\/\",\"logo\":{\"@type\":\"ImageObject\",\"inLanguage\":\"fr-FR\",\"@id\":\"https:\/\/www.m-q.ch\/fr\/#\/schema\/logo\/image\/\",\"url\":\"https:\/\/www.m-q.ch\/wp-content\/uploads\/2020\/12\/cropped-logo_small.png\",\"contentUrl\":\"https:\/\/www.m-q.ch\/wp-content\/uploads\/2020\/12\/cropped-logo_small.png\",\"width\":512,\"height\":512,\"caption\":\"Galledia Fachmedien AG\"},\"image\":{\"@id\":\"https:\/\/www.m-q.ch\/fr\/#\/schema\/logo\/image\/\"},\"sameAs\":[\"https:\/\/www.facebook.com\/ManagementUndQualitaet\",\"https:\/\/www.linkedin.com\/showcase\/17982321\/admin\/\"]},{\"@type\":\"Person\",\"@id\":\"https:\/\/www.m-q.ch\/fr\/#\/schema\/person\/0bdf39ca27d0b9b779f5b8af54b3f7d7\",\"name\":\"upwork_1\",\"image\":{\"@type\":\"ImageObject\",\"inLanguage\":\"fr-FR\",\"@id\":\"https:\/\/www.m-q.ch\/fr\/#\/schema\/person\/image\/\",\"url\":\"https:\/\/secure.gravatar.com\/avatar\/04d4d0fdc5886d535809f17d0eace7f6?s=96&d=mm&r=g\",\"contentUrl\":\"https:\/\/secure.gravatar.com\/avatar\/04d4d0fdc5886d535809f17d0eace7f6?s=96&d=mm&r=g\",\"caption\":\"upwork_1\"},\"url\":\"https:\/\/www.m-q.ch\/fr\/author\/upwork_1\/\"}]}<\/script>\n<!-- \/ Yoast SEO plugin. -->","yoast_head_json":{"title":"Weleda remporte le Prix suisse de l'\u00e9thique - MQ Management und Qualit\u00e4t","description":"S'approvisionner en plus de 600 mati\u00e8res premi\u00e8res de mani\u00e8re \u00e9cologiquement et socialement durable - cet objectif ambitieux a \u00e9t\u00e9 atteint par l'entreprise de cosm\u00e9tiques naturels et de produits pharmaceutiques Weleda AG. Pour cela, elle a \u00e9t\u00e9 r\u00e9compens\u00e9e par le Prix suisse de l'\u00e9thique lors de la Swiss Business Conference au KKL de Lucerne.","robots":{"index":"index","follow":"follow","max-snippet":"max-snippet:-1","max-image-preview":"max-image-preview:large","max-video-preview":"max-video-preview:-1"},"canonical":"https:\/\/www.m-q.ch\/fr\/weleda-remporte-le-swiss-ethics-award\/","og_locale":"fr_FR","og_type":"article","og_title":"Weleda gewinnt den Swiss Ethics Award - MQ Management und Qualit\u00e4t","og_description":"\u00dcber 600 Rohstoffe \u00f6kologisch und sozial nachhaltig beschaffen \u2013 dieses ehrgeizige Ziel hat das Naturkosmetik- und Arzneimittelunternehmen Weleda AG erreicht. Daf\u00fcr wurde es an der Schweizer Unternehmungstagung im KKL Luzern mit dem Swiss Ethics Award belohnt.","og_url":"https:\/\/www.m-q.ch\/fr\/weleda-remporte-le-swiss-ethics-award\/","og_site_name":"MQ Management und Qualit\u00e4t","article_publisher":"https:\/\/www.facebook.com\/ManagementUndQualitaet","article_published_time":"2016-06-03T00:40:53+00:00","article_modified_time":"2021-02-14T01:47:49+00:00","og_image":[{"width":881,"height":611,"url":"https:\/\/www.m-q.ch\/wp-content\/uploads\/2021\/02\/Systemwechsel-von-Regeln-zu-Werten-1.jpg","type":"image\/jpeg"}],"author":"upwork_1","twitter_card":"summary_large_image","twitter_misc":{"\u00c9crit par":"upwork_1","Dur\u00e9e de lecture estim\u00e9e":"2 minutes"},"schema":{"@context":"https:\/\/schema.org","@graph":[{"@type":"Article","@id":"https:\/\/www.m-q.ch\/weleda-gewinnt-den-swiss-ethics-award\/#article","isPartOf":{"@id":"https:\/\/www.m-q.ch\/weleda-gewinnt-den-swiss-ethics-award\/"},"author":{"name":"upwork_1","@id":"https:\/\/www.m-q.ch\/fr\/#\/schema\/person\/0bdf39ca27d0b9b779f5b8af54b3f7d7"},"headline":"Weleda gewinnt den Swiss Ethics Award","datePublished":"2016-06-03T00:40:53+00:00","dateModified":"2021-02-14T01:47:49+00:00","mainEntityOfPage":{"@id":"https:\/\/www.m-q.ch\/weleda-gewinnt-den-swiss-ethics-award\/"},"wordCount":452,"publisher":{"@id":"https:\/\/www.m-q.ch\/fr\/#organization"},"image":{"@id":"https:\/\/www.m-q.ch\/weleda-gewinnt-den-swiss-ethics-award\/#primaryimage"},"thumbnailUrl":"https:\/\/www.m-q.ch\/wp-content\/uploads\/2021\/02\/Systemwechsel-von-Regeln-zu-Werten-1.jpg","keywords":["06\/2016"],"articleSection":["Allgemein"],"inLanguage":"fr-FR"},{"@type":"WebPage","@id":"https:\/\/www.m-q.ch\/weleda-gewinnt-den-swiss-ethics-award\/","url":"https:\/\/www.m-q.ch\/weleda-gewinnt-den-swiss-ethics-award\/","name":"Weleda remporte le Prix suisse de l'\u00e9thique - MQ Management und Qualit\u00e4t","isPartOf":{"@id":"https:\/\/www.m-q.ch\/fr\/#website"},"primaryImageOfPage":{"@id":"https:\/\/www.m-q.ch\/weleda-gewinnt-den-swiss-ethics-award\/#primaryimage"},"image":{"@id":"https:\/\/www.m-q.ch\/weleda-gewinnt-den-swiss-ethics-award\/#primaryimage"},"thumbnailUrl":"https:\/\/www.m-q.ch\/wp-content\/uploads\/2021\/02\/Systemwechsel-von-Regeln-zu-Werten-1.jpg","datePublished":"2016-06-03T00:40:53+00:00","dateModified":"2021-02-14T01:47:49+00:00","description":"S'approvisionner en plus de 600 mati\u00e8res premi\u00e8res de mani\u00e8re \u00e9cologiquement et socialement durable - cet objectif ambitieux a \u00e9t\u00e9 atteint par l'entreprise de cosm\u00e9tiques naturels et de produits pharmaceutiques Weleda AG. Pour cela, elle a \u00e9t\u00e9 r\u00e9compens\u00e9e par le Prix suisse de l'\u00e9thique lors de la Swiss Business Conference au KKL de Lucerne.","breadcrumb":{"@id":"https:\/\/www.m-q.ch\/weleda-gewinnt-den-swiss-ethics-award\/#breadcrumb"},"inLanguage":"fr-FR","potentialAction":[{"@type":"ReadAction","target":["https:\/\/www.m-q.ch\/weleda-gewinnt-den-swiss-ethics-award\/"]}]},{"@type":"ImageObject","inLanguage":"fr-FR","@id":"https:\/\/www.m-q.ch\/weleda-gewinnt-den-swiss-ethics-award\/#primaryimage","url":"https:\/\/www.m-q.ch\/wp-content\/uploads\/2021\/02\/Systemwechsel-von-Regeln-zu-Werten-1.jpg","contentUrl":"https:\/\/www.m-q.ch\/wp-content\/uploads\/2021\/02\/Systemwechsel-von-Regeln-zu-Werten-1.jpg","width":881,"height":611,"caption":"Weleda gewinnt den Swiss Ethics Award"},{"@type":"BreadcrumbList","@id":"https:\/\/www.m-q.ch\/weleda-gewinnt-den-swiss-ethics-award\/#breadcrumb","itemListElement":[{"@type":"ListItem","position":1,"name":"Allgemein","item":"https:\/\/www.m-q.ch\/kategorie\/allgemein\/"},{"@type":"ListItem","position":2,"name":"Weleda gewinnt den Swiss Ethics Award"}]},{"@type":"WebSite","@id":"https:\/\/www.m-q.ch\/fr\/#website","url":"https:\/\/www.m-q.ch\/fr\/","name":"Gestion et qualit\u00e9 du QM","description":"Plate-forme pour les syst\u00e8mes de gestion int\u00e9gr\u00e9e.","publisher":{"@id":"https:\/\/www.m-q.ch\/fr\/#organization"},"potentialAction":[{"@type":"SearchAction","target":{"@type":"EntryPoint","urlTemplate":"https:\/\/www.m-q.ch\/fr\/?s={search_term_string}"},"query-input":{"@type":"PropertyValueSpecification","valueRequired":true,"valueName":"search_term_string"}}],"inLanguage":"fr-FR"},{"@type":"Organization","@id":"https:\/\/www.m-q.ch\/fr\/#organization","name":"Galledia Trade Media AG","url":"https:\/\/www.m-q.ch\/fr\/","logo":{"@type":"ImageObject","inLanguage":"fr-FR","@id":"https:\/\/www.m-q.ch\/fr\/#\/schema\/logo\/image\/","url":"https:\/\/www.m-q.ch\/wp-content\/uploads\/2020\/12\/cropped-logo_small.png","contentUrl":"https:\/\/www.m-q.ch\/wp-content\/uploads\/2020\/12\/cropped-logo_small.png","width":512,"height":512,"caption":"Galledia Fachmedien AG"},"image":{"@id":"https:\/\/www.m-q.ch\/fr\/#\/schema\/logo\/image\/"},"sameAs":["https:\/\/www.facebook.com\/ManagementUndQualitaet","https:\/\/www.linkedin.com\/showcase\/17982321\/admin\/"]},{"@type":"Person","@id":"https:\/\/www.m-q.ch\/fr\/#\/schema\/person\/0bdf39ca27d0b9b779f5b8af54b3f7d7","name":"upwork_1","image":{"@type":"ImageObject","inLanguage":"fr-FR","@id":"https:\/\/www.m-q.ch\/fr\/#\/schema\/person\/image\/","url":"https:\/\/secure.gravatar.com\/avatar\/04d4d0fdc5886d535809f17d0eace7f6?s=96&d=mm&r=g","contentUrl":"https:\/\/secure.gravatar.com\/avatar\/04d4d0fdc5886d535809f17d0eace7f6?s=96&d=mm&r=g","caption":"upwork_1"},"url":"https:\/\/www.m-q.ch\/fr\/author\/upwork_1\/"}]}},"_links":{"self":[{"href":"https:\/\/www.m-q.ch\/fr\/wp-json\/wp\/v2\/posts\/11641","targetHints":{"allow":["GET"]}}],"collection":[{"href":"https:\/\/www.m-q.ch\/fr\/wp-json\/wp\/v2\/posts"}],"about":[{"href":"https:\/\/www.m-q.ch\/fr\/wp-json\/wp\/v2\/types\/post"}],"author":[{"embeddable":true,"href":"https:\/\/www.m-q.ch\/fr\/wp-json\/wp\/v2\/users\/66"}],"replies":[{"embeddable":true,"href":"https:\/\/www.m-q.ch\/fr\/wp-json\/wp\/v2\/comments?post=11641"}],"version-history":[{"count":1,"href":"https:\/\/www.m-q.ch\/fr\/wp-json\/wp\/v2\/posts\/11641\/revisions"}],"predecessor-version":[{"id":11646,"href":"https:\/\/www.m-q.ch\/fr\/wp-json\/wp\/v2\/posts\/11641\/revisions\/11646"}],"wp:featuredmedia":[{"embeddable":true,"href":"https:\/\/www.m-q.ch\/fr\/wp-json\/wp\/v2\/media\/11644"}],"wp:attachment":[{"href":"https:\/\/www.m-q.ch\/fr\/wp-json\/wp\/v2\/media?parent=11641"}],"wp:term":[{"taxonomy":"category","embeddable":true,"href":"https:\/\/www.m-q.ch\/fr\/wp-json\/wp\/v2\/categories?post=11641"},{"taxonomy":"post_tag","embeddable":true,"href":"https:\/\/www.m-q.ch\/fr\/wp-json\/wp\/v2\/tags?post=11641"}],"curies":[{"name":"wp","href":"https:\/\/api.w.org\/{rel}","templated":true}]}}