{"id":11800,"date":"2016-09-13T08:17:53","date_gmt":"2016-09-13T06:17:53","guid":{"rendered":"https:\/\/www.m-q.ch\/?p=11800"},"modified":"2021-02-14T09:09:04","modified_gmt":"2021-02-14T08:09:04","slug":"evaluation-des-catastrophes-mondiales-et-mesures-dintervention","status":"publish","type":"post","link":"https:\/\/www.m-q.ch\/fr\/weltweite-katastrophen-beurteilung-und-gegenmassnahmen\/","title":{"rendered":"Les catastrophes mondiales : \u00c9valuation et contre-mesures"},"content":{"rendered":"<p><img loading=\"lazy\" decoding=\"async\" class=\"alignnone size-full wp-image-11821\" src=\"https:\/\/www.m-q.ch\/wp-content\/uploads\/2021\/02\/Weltweite-Katastrophen-Beurteilung-und-Gegenmassnahmen.jpg\" alt=\"Les catastrophes mondiales : \u00c9valuation et contre-mesures\" width=\"877\" height=\"528\" srcset=\"https:\/\/www.m-q.ch\/wp-content\/uploads\/2021\/02\/Weltweite-Katastrophen-Beurteilung-und-Gegenmassnahmen.jpg 877w, https:\/\/www.m-q.ch\/wp-content\/uploads\/2021\/02\/Weltweite-Katastrophen-Beurteilung-und-Gegenmassnahmen-768x462.jpg 768w, https:\/\/www.m-q.ch\/wp-content\/uploads\/2021\/02\/Weltweite-Katastrophen-Beurteilung-und-Gegenmassnahmen-16x10.jpg 16w, https:\/\/www.m-q.ch\/wp-content\/uploads\/2021\/02\/Weltweite-Katastrophen-Beurteilung-und-Gegenmassnahmen-291x175.jpg 291w, https:\/\/www.m-q.ch\/wp-content\/uploads\/2021\/02\/Weltweite-Katastrophen-Beurteilung-und-Gegenmassnahmen-581x350.jpg 581w, https:\/\/www.m-q.ch\/wp-content\/uploads\/2021\/02\/Weltweite-Katastrophen-Beurteilung-und-Gegenmassnahmen-300x181.jpg 300w\" sizes=\"auto, (max-width: 877px) 100vw, 877px\" \/><\/p>\n<p>&nbsp;<\/p>\n<p>&nbsp;<\/p>\n<p>La base de donn\u00e9es CATDAT d\u00e9velopp\u00e9e par James Daniell s'appuie sur des indicateurs qui aident principalement les gouvernements et les organisations d'aide \u00e0 effectuer l'\u00e9valuation la plus pr\u00e9cise possible des catastrophes. En 2016, Daniell a re\u00e7u l'un des trois prix de doctorat du Karlsruhe Institute of Technology KIT pour son travail. Lors de la r\u00e9union annuelle de l'Union europ\u00e9enne des g\u00e9osciences \u00e0 Vienne, le chercheur a comment\u00e9 des \u00e9v\u00e9nements sp\u00e9cifiques de dommages.<\/p>\n<p>&nbsp;<\/p>\n<p>Selon l'\u00e9tude, un tiers du total des dommages \u00e9conomiques entre 1900 et 2015 a \u00e9t\u00e9 caus\u00e9 par des inondations. Les tremblements de terre causent 26 % des dommages, les temp\u00eates 19 % et les \u00e9ruptions volcaniques seulement 1 %. \"Au cours des cent derni\u00e8res ann\u00e9es, les pertes \u00e9conomiques dues aux catastrophes naturelles ont augment\u00e9 chaque ann\u00e9e - en termes absolus\", d\u00e9clare Daniell, qui m\u00e8ne des recherches \u00e0 l'Institut g\u00e9ophysique du KIT ainsi qu'au Cen - ter pour la gestion des catastrophes et la technologie de r\u00e9duction des risques CEDIM et qui est boursier John Monash.<\/p>\n<p>&nbsp;<\/p>\n<p>Si les inondations catastrophiques sont la principale cause de pertes \u00e9conomiques sur l'ensemble de la p\u00e9riode, dans un pass\u00e9 plus r\u00e9cent, depuis 1960, la plus grande part (30 %) est attribuable aux temp\u00eates (et aux ondes de temp\u00eate). - Toutefois, les pertes diminuent en fonction de la valeur respective des infrastructures et des b\u00e2timents dans un pays (actifs immobilis\u00e9s bruts).<\/p>\n<p><strong>Le cercle vicieux du sous-d\u00e9veloppement <\/strong><br \/>\n\"Fondamentalement, les pays moins d\u00e9velopp\u00e9s sont plus vuln\u00e9rables aux catastrophes, ce qui signifie que par rapport \u00e0 la taille de la population et \u00e0 la richesse, plus de morts et plus de<\/p>\n<p>&nbsp;<\/p>\n<p><em><strong>Par rapport \u00e0 la valeur des infrastructures ou des b\u00e2timents, les montants des pertes diminuent.<\/strong><\/em><\/p>\n<p>&nbsp;<\/p>\n<p>que dans les pays plus d\u00e9velopp\u00e9s\", explique le g\u00e9ophysicien et ing\u00e9nieur civil. Une raison courante est que les r\u00e9glementations de construction pertinentes ne sont pas appliqu\u00e9es. En outre, comme au Bangladesh, les r\u00e9gions c\u00f4ti\u00e8res sont les centres n\u00e9vralgiques. Elles sont donc dens\u00e9ment peupl\u00e9es.<\/p>\n<p>&nbsp;<\/p>\n<p>Pour ses analyses, Daniell s'appuie sur des indicateurs socio-\u00e9conomiques complets tels que<\/p>\n<p>&nbsp;<\/p>\n<ul>\n<li>D\u00e9veloppement de la population<\/li>\n<li>Tissu du b\u00e2timent<\/li>\n<li>Indices des prix \u00e0 la consommation Produits int\u00e9rieurs bruts<\/li>\n<li>Capital social<\/li>\n<li>Donn\u00e9es sur la s\u00e9curit\u00e9 alimentaire<\/li>\n<\/ul>\n<p>Afin d'\u00e9tudier l'\u00e9volution de la vuln\u00e9rabilit\u00e9 socio-\u00e9conomique dans le temps, il a normalis\u00e9 les pertes jusqu'en 2015. \"La tendance claire ici est que de nombreux pays prot\u00e8gent mieux les b\u00e2timents contre les catastrophes naturelles, par exemple, r\u00e9duisant ainsi leur risque de pertes \u00e9lev\u00e9es\", d\u00e9clare Daniell.<\/p>\n<p>&nbsp;<\/p>\n<p>L'am\u00e9lioration de la protection contre les inondations a eu un impact \u00e9vident, apr\u00e8s que des pertes tr\u00e8s \u00e9lev\u00e9es, principalement dues \u00e0 des inondations catastrophiques, aient eu lieu entre 1900 et 1960. Une baisse significative des pertes \u00e9conomiques a \u00e9t\u00e9 observ\u00e9e en Chine et au Japon depuis 1950, par exemple.<\/p>\n<p>&nbsp;<\/p>\n<p>Selon que l'on ajuste les pertes aux niveaux de 2015 via l'indice des prix \u00e0 la consommation ou l'indice des prix de la construction, le bilan mondial des pertes dues aux catastrophes naturelles depuis le d\u00e9but du XXe si\u00e8cle se situe entre 6,5 billions et 14 billions de dollars. - Les sept mille milliards calcul\u00e9s par Daniell sont bas\u00e9s sur l'ajustement via un indice des prix du produit int\u00e9rieur brut (d\u00e9flateur du PIB).<\/p>\n<p>&nbsp;<\/p>\n<p><em><strong>Dans le cas d'\u00e9v\u00e9nements catastrophiques, la recherche suppose \u00e9galement des limites sup\u00e9rieures et inf\u00e9rieures.<\/strong><\/em><\/p>\n<p>&nbsp;<\/p>\n<p>\"Il est souvent impossible d'obtenir un chiffre plus pr\u00e9cis pour un \u00e9v\u00e9nement car les dommages sont tr\u00e8s difficiles \u00e0 estimer, m\u00eame les nombres de morts sont souvent surestim\u00e9s au d\u00e9part, par exemple dans le cas du tremblement de terre de 2010 en Ha\u00efti, ou sous-estim\u00e9s, comme dans celui de 1966 en Ouzb\u00e9kistan\", dit-il, c'est pourquoi il donne des limites sup\u00e9rieures et inf\u00e9rieures dans ses recherches.<\/p>\n<p><strong>Les plus grands dommages \u00e9conomiques <\/strong><br \/>\nEn termes de d\u00e9g\u00e2ts \u00e9conomiques, l'ann\u00e9e 2011, avec de graves s\u00e9ismes au Japon et en Nouvelle-Z\u00e9lande, occupe la premi\u00e8re place : \"Avec 335 milliards de dollars de d\u00e9g\u00e2ts directs, le s\u00e9isme de Tohoku avec tsunami et accident nucl\u00e9aire du 11 mars 2011 est la catastrophe naturelle la plus co\u00fbteuse \u00e0 ce jour\", d\u00e9clare Daniell. Le s\u00e9isme et le tsunami qui a suivi ont tu\u00e9 quelque 18 500 personnes et en ont laiss\u00e9 450 000 sans abri.<\/p>\n<p><strong>Risque de tremblement de terre permanent <\/strong><br \/>\nSelon les donn\u00e9es de Daniell, le nombre de d\u00e9c\u00e8s dus aux tremblements de terre entre 1900 et 2015 est de 2,32 millions, avec une fourchette de variation de 2,18 \u00e0 2,63 millions. Autres r\u00e9sultats : La plupart des morts - 59 % - sont morts \u00e0 cause de la destruction de b\u00e2timents en briques, 28 % \u00e0 cause d'effets secondaires tels que les tsunamis et les glissements de terrain. Les \u00e9ruptions volcaniques ont tu\u00e9 98 000 personnes pendant la m\u00eame p\u00e9riode (fourchette : 83 000 \u00e0 107 000).<\/p>\n<p>&nbsp;<\/p>\n<p>Cependant, les \u00e9ruptions volcaniques d\u00e9vastatrices d'avant 1900, comme celle de Tambora en 1815, peuvent entra\u00eener un nombre tr\u00e8s \u00e9lev\u00e9 de morts et des cons\u00e9quences mondiales, par exemple en termes de s\u00e9curit\u00e9 alimentaire. La conclusion de James Daniell : \"Le nombre absolu de d\u00e9c\u00e8s annuels dus aux catastrophes naturelles a l\u00e9g\u00e8rement diminu\u00e9 au fil des ans - en fait, il a consid\u00e9rablement baiss\u00e9 par rapport \u00e0 la croissance d\u00e9mographique. Sur l'ensemble de la p\u00e9riode (1900 et 2015), la moiti\u00e9 des victimes sont d\u00e9c\u00e9d\u00e9es des suites d'inondations. Gr\u00e2ce \u00e0 une meilleure pr\u00e9paration et analyse, cette proportion diminue de plus en plus. Depuis 1960, cependant, les tremblements de terre ont de nouveau pris une part plus importante, soit environ 40 %. Par rapport au taux de mortalit\u00e9 mondial, le nombre de d\u00e9c\u00e8s dus aux catastrophes naturelles est rest\u00e9 relativement constant. Le plus fort tremblement de terre historiquement document\u00e9 en Suisse, d'une magnitude d'environ 6,6, s'est produit \u00e0 B\u00e2le en 1356. Il faut s'attendre \u00e0 ce que de tels \u00e9v\u00e9nements se produisent environ une fois en 1500 ans. Un tremblement de terre d'une magnitude d'au moins 5 se produit environ tous les 8 \u00e0 15 ans, tandis que des tremblements de terre plus importants d'une magnitude de 6 ou plus se produisent en Suisse tous les 50 \u00e0 150 ans. Bien que tr\u00e8s rares, elles peuvent se produire dans de nombreux endroits et \u00e0 tout moment.<\/p>\n<p>&nbsp;<\/p>","protected":false},"excerpt":{"rendered":"<p>&nbsp; &nbsp; Die von James Daniell entwickelte Datenbank CATDAT greift auf Indikatoren zur\u00fcck, die in erster Linie Regierungen und Hilfsorganisationen hilft, eine m\u00f6glichst pr\u00e4zise Katastrophenbeurteilung durchzuf\u00fchren. 2016 erhielt Daniell f\u00fcr seine Arbeit eine von drei Doktorandenpreisen des Karlsruher Instituts f\u00fcr Technologie KIT. Bei der Jahresversammlung der European Geosciences Union in Wien kommentierte der Forscher spezifische [&hellip;]<\/p>\n","protected":false},"author":66,"featured_media":11821,"comment_status":"closed","ping_status":"closed","sticky":false,"template":"","format":"standard","meta":{"_acf_changed":false,"footnotes":""},"categories":[4],"tags":[4785],"class_list":["post-11800","post","type-post","status-publish","format-standard","has-post-thumbnail","hentry","category-risikomanagement","tag-09-2016"],"acf":[],"yoast_head":"<!-- This site is optimized with the Yoast SEO plugin v26.2 - https:\/\/yoast.com\/wordpress\/plugins\/seo\/ -->\n<title>Weltweite Katastrophen: Beurteilung und Gegenmassnahmen - MQ Management und Qualit\u00e4t<\/title>\n<meta name=\"description\" content=\"Extreme Ereignisse fordern ihr Tribut: Mehr als siebenBillionen US-Dollar wirtschaftlichen Schadenund Millionen von Toten ziehen Naturkatastrophenzwischen 1900 und 2015 mit sich. Die aktuelle Bilanzdes Geophysikers James Daniell vom Karlsruher Institutf\u00fcr Technologie (KIT) weist mehr als sozio\u00f6konomischeIndikatoren auf, um in extremen Zeitenein akkurates Katastrophenmanagement zu f\u00fchren.\" \/>\n<meta name=\"robots\" content=\"index, follow, max-snippet:-1, max-image-preview:large, max-video-preview:-1\" \/>\n<link rel=\"canonical\" href=\"https:\/\/www.m-q.ch\/fr\/evaluation-des-catastrophes-mondiales-et-mesures-dintervention\/\" \/>\n<meta property=\"og:locale\" content=\"fr_FR\" \/>\n<meta property=\"og:type\" content=\"article\" \/>\n<meta property=\"og:title\" content=\"Weltweite Katastrophen: Beurteilung und Gegenmassnahmen - MQ Management und Qualit\u00e4t\" \/>\n<meta property=\"og:description\" content=\"Extreme Ereignisse fordern ihr Tribut: Mehr als siebenBillionen US-Dollar wirtschaftlichen Schadenund Millionen von Toten ziehen Naturkatastrophenzwischen 1900 und 2015 mit sich. Die aktuelle Bilanzdes Geophysikers James Daniell vom Karlsruher Institutf\u00fcr Technologie (KIT) weist mehr als sozio\u00f6konomischeIndikatoren auf, um in extremen Zeitenein akkurates Katastrophenmanagement zu f\u00fchren.\" \/>\n<meta property=\"og:url\" content=\"https:\/\/www.m-q.ch\/fr\/evaluation-des-catastrophes-mondiales-et-mesures-dintervention\/\" \/>\n<meta property=\"og:site_name\" content=\"MQ Management und Qualit\u00e4t\" \/>\n<meta property=\"article:publisher\" content=\"https:\/\/www.facebook.com\/ManagementUndQualitaet\" \/>\n<meta property=\"article:published_time\" content=\"2016-09-13T06:17:53+00:00\" \/>\n<meta property=\"article:modified_time\" content=\"2021-02-14T08:09:04+00:00\" \/>\n<meta property=\"og:image\" content=\"https:\/\/www.m-q.ch\/wp-content\/uploads\/2021\/02\/Weltweite-Katastrophen-Beurteilung-und-Gegenmassnahmen.jpg\" \/>\n\t<meta property=\"og:image:width\" content=\"877\" \/>\n\t<meta property=\"og:image:height\" content=\"528\" \/>\n\t<meta property=\"og:image:type\" content=\"image\/jpeg\" \/>\n<meta name=\"author\" content=\"upwork_1\" \/>\n<meta name=\"twitter:card\" content=\"summary_large_image\" \/>\n<meta name=\"twitter:label1\" content=\"\u00c9crit par\" \/>\n\t<meta name=\"twitter:data1\" content=\"upwork_1\" \/>\n\t<meta name=\"twitter:label2\" content=\"Dur\u00e9e de lecture estim\u00e9e\" \/>\n\t<meta name=\"twitter:data2\" content=\"4 minutes\" \/>\n<script type=\"application\/ld+json\" class=\"yoast-schema-graph\">{\"@context\":\"https:\/\/schema.org\",\"@graph\":[{\"@type\":\"Article\",\"@id\":\"https:\/\/www.m-q.ch\/weltweite-katastrophen-beurteilung-und-gegenmassnahmen\/#article\",\"isPartOf\":{\"@id\":\"https:\/\/www.m-q.ch\/weltweite-katastrophen-beurteilung-und-gegenmassnahmen\/\"},\"author\":{\"name\":\"upwork_1\",\"@id\":\"https:\/\/www.m-q.ch\/fr\/#\/schema\/person\/0bdf39ca27d0b9b779f5b8af54b3f7d7\"},\"headline\":\"Weltweite Katastrophen: Beurteilung und Gegenmassnahmen\",\"datePublished\":\"2016-09-13T06:17:53+00:00\",\"dateModified\":\"2021-02-14T08:09:04+00:00\",\"mainEntityOfPage\":{\"@id\":\"https:\/\/www.m-q.ch\/weltweite-katastrophen-beurteilung-und-gegenmassnahmen\/\"},\"wordCount\":817,\"publisher\":{\"@id\":\"https:\/\/www.m-q.ch\/fr\/#organization\"},\"image\":{\"@id\":\"https:\/\/www.m-q.ch\/weltweite-katastrophen-beurteilung-und-gegenmassnahmen\/#primaryimage\"},\"thumbnailUrl\":\"https:\/\/www.m-q.ch\/wp-content\/uploads\/2021\/02\/Weltweite-Katastrophen-Beurteilung-und-Gegenmassnahmen.jpg\",\"keywords\":[\"09\/2016\"],\"articleSection\":[\"Risikomanagement\"],\"inLanguage\":\"fr-FR\"},{\"@type\":\"WebPage\",\"@id\":\"https:\/\/www.m-q.ch\/weltweite-katastrophen-beurteilung-und-gegenmassnahmen\/\",\"url\":\"https:\/\/www.m-q.ch\/weltweite-katastrophen-beurteilung-und-gegenmassnahmen\/\",\"name\":\"Weltweite Katastrophen: Beurteilung und Gegenmassnahmen - MQ Management und Qualit\u00e4t\",\"isPartOf\":{\"@id\":\"https:\/\/www.m-q.ch\/fr\/#website\"},\"primaryImageOfPage\":{\"@id\":\"https:\/\/www.m-q.ch\/weltweite-katastrophen-beurteilung-und-gegenmassnahmen\/#primaryimage\"},\"image\":{\"@id\":\"https:\/\/www.m-q.ch\/weltweite-katastrophen-beurteilung-und-gegenmassnahmen\/#primaryimage\"},\"thumbnailUrl\":\"https:\/\/www.m-q.ch\/wp-content\/uploads\/2021\/02\/Weltweite-Katastrophen-Beurteilung-und-Gegenmassnahmen.jpg\",\"datePublished\":\"2016-09-13T06:17:53+00:00\",\"dateModified\":\"2021-02-14T08:09:04+00:00\",\"description\":\"Extreme Ereignisse fordern ihr Tribut: Mehr als siebenBillionen US-Dollar wirtschaftlichen Schadenund Millionen von Toten ziehen Naturkatastrophenzwischen 1900 und 2015 mit sich. Die aktuelle Bilanzdes Geophysikers James Daniell vom Karlsruher Institutf\u00fcr Technologie (KIT) weist mehr als sozio\u00f6konomischeIndikatoren auf, um in extremen Zeitenein akkurates Katastrophenmanagement zu f\u00fchren.\",\"breadcrumb\":{\"@id\":\"https:\/\/www.m-q.ch\/weltweite-katastrophen-beurteilung-und-gegenmassnahmen\/#breadcrumb\"},\"inLanguage\":\"fr-FR\",\"potentialAction\":[{\"@type\":\"ReadAction\",\"target\":[\"https:\/\/www.m-q.ch\/weltweite-katastrophen-beurteilung-und-gegenmassnahmen\/\"]}]},{\"@type\":\"ImageObject\",\"inLanguage\":\"fr-FR\",\"@id\":\"https:\/\/www.m-q.ch\/weltweite-katastrophen-beurteilung-und-gegenmassnahmen\/#primaryimage\",\"url\":\"https:\/\/www.m-q.ch\/wp-content\/uploads\/2021\/02\/Weltweite-Katastrophen-Beurteilung-und-Gegenmassnahmen.jpg\",\"contentUrl\":\"https:\/\/www.m-q.ch\/wp-content\/uploads\/2021\/02\/Weltweite-Katastrophen-Beurteilung-und-Gegenmassnahmen.jpg\",\"width\":877,\"height\":528,\"caption\":\"Weltweite Katastrophen: Beurteilung und Gegenmassnahmen\"},{\"@type\":\"BreadcrumbList\",\"@id\":\"https:\/\/www.m-q.ch\/weltweite-katastrophen-beurteilung-und-gegenmassnahmen\/#breadcrumb\",\"itemListElement\":[{\"@type\":\"ListItem\",\"position\":1,\"name\":\"Risikomanagement\",\"item\":\"https:\/\/www.m-q.ch\/kategorie\/risikomanagement\/\"},{\"@type\":\"ListItem\",\"position\":2,\"name\":\"Weltweite Katastrophen: Beurteilung und Gegenmassnahmen\"}]},{\"@type\":\"WebSite\",\"@id\":\"https:\/\/www.m-q.ch\/fr\/#website\",\"url\":\"https:\/\/www.m-q.ch\/fr\/\",\"name\":\"MQ Management und Qualit\u00e4t\",\"description\":\"Plattform f\u00fcr integrierte Managementsysteme.\",\"publisher\":{\"@id\":\"https:\/\/www.m-q.ch\/fr\/#organization\"},\"potentialAction\":[{\"@type\":\"SearchAction\",\"target\":{\"@type\":\"EntryPoint\",\"urlTemplate\":\"https:\/\/www.m-q.ch\/fr\/?s={search_term_string}\"},\"query-input\":{\"@type\":\"PropertyValueSpecification\",\"valueRequired\":true,\"valueName\":\"search_term_string\"}}],\"inLanguage\":\"fr-FR\"},{\"@type\":\"Organization\",\"@id\":\"https:\/\/www.m-q.ch\/fr\/#organization\",\"name\":\"Galledia Fachmedien AG\",\"url\":\"https:\/\/www.m-q.ch\/fr\/\",\"logo\":{\"@type\":\"ImageObject\",\"inLanguage\":\"fr-FR\",\"@id\":\"https:\/\/www.m-q.ch\/fr\/#\/schema\/logo\/image\/\",\"url\":\"https:\/\/www.m-q.ch\/wp-content\/uploads\/2020\/12\/cropped-logo_small.png\",\"contentUrl\":\"https:\/\/www.m-q.ch\/wp-content\/uploads\/2020\/12\/cropped-logo_small.png\",\"width\":512,\"height\":512,\"caption\":\"Galledia Fachmedien AG\"},\"image\":{\"@id\":\"https:\/\/www.m-q.ch\/fr\/#\/schema\/logo\/image\/\"},\"sameAs\":[\"https:\/\/www.facebook.com\/ManagementUndQualitaet\",\"https:\/\/www.linkedin.com\/showcase\/17982321\/admin\/\"]},{\"@type\":\"Person\",\"@id\":\"https:\/\/www.m-q.ch\/fr\/#\/schema\/person\/0bdf39ca27d0b9b779f5b8af54b3f7d7\",\"name\":\"upwork_1\",\"image\":{\"@type\":\"ImageObject\",\"inLanguage\":\"fr-FR\",\"@id\":\"https:\/\/www.m-q.ch\/fr\/#\/schema\/person\/image\/\",\"url\":\"https:\/\/secure.gravatar.com\/avatar\/04d4d0fdc5886d535809f17d0eace7f6?s=96&d=mm&r=g\",\"contentUrl\":\"https:\/\/secure.gravatar.com\/avatar\/04d4d0fdc5886d535809f17d0eace7f6?s=96&d=mm&r=g\",\"caption\":\"upwork_1\"},\"url\":\"https:\/\/www.m-q.ch\/fr\/author\/upwork_1\/\"}]}<\/script>\n<!-- \/ Yoast SEO plugin. -->","yoast_head_json":{"title":"Les catastrophes mondiales : \u00c9valuation et contre-mesures - Gestion et qualit\u00e9 du QM","description":"Les \u00e9v\u00e9nements extr\u00eames font des ravages : entre 1900 et 2015, les catastrophes naturelles ont caus\u00e9 plus de sept billions de dollars US de dommages \u00e9conomiques et des millions de morts. L'\u00e9valuation actuelle du g\u00e9ophysicien James Daniell de l'Institut de technologie de Karlsruhe (KIT) montre que les indicateurs socio-\u00e9conomiques ne suffisent pas pour une gestion pr\u00e9cise des catastrophes en temps extr\u00eames.","robots":{"index":"index","follow":"follow","max-snippet":"max-snippet:-1","max-image-preview":"max-image-preview:large","max-video-preview":"max-video-preview:-1"},"canonical":"https:\/\/www.m-q.ch\/fr\/evaluation-des-catastrophes-mondiales-et-mesures-dintervention\/","og_locale":"fr_FR","og_type":"article","og_title":"Weltweite Katastrophen: Beurteilung und Gegenmassnahmen - MQ Management und Qualit\u00e4t","og_description":"Extreme Ereignisse fordern ihr Tribut: Mehr als siebenBillionen US-Dollar wirtschaftlichen Schadenund Millionen von Toten ziehen Naturkatastrophenzwischen 1900 und 2015 mit sich. Die aktuelle Bilanzdes Geophysikers James Daniell vom Karlsruher Institutf\u00fcr Technologie (KIT) weist mehr als sozio\u00f6konomischeIndikatoren auf, um in extremen Zeitenein akkurates Katastrophenmanagement zu f\u00fchren.","og_url":"https:\/\/www.m-q.ch\/fr\/evaluation-des-catastrophes-mondiales-et-mesures-dintervention\/","og_site_name":"MQ Management und Qualit\u00e4t","article_publisher":"https:\/\/www.facebook.com\/ManagementUndQualitaet","article_published_time":"2016-09-13T06:17:53+00:00","article_modified_time":"2021-02-14T08:09:04+00:00","og_image":[{"width":877,"height":528,"url":"https:\/\/www.m-q.ch\/wp-content\/uploads\/2021\/02\/Weltweite-Katastrophen-Beurteilung-und-Gegenmassnahmen.jpg","type":"image\/jpeg"}],"author":"upwork_1","twitter_card":"summary_large_image","twitter_misc":{"\u00c9crit par":"upwork_1","Dur\u00e9e de lecture estim\u00e9e":"4 minutes"},"schema":{"@context":"https:\/\/schema.org","@graph":[{"@type":"Article","@id":"https:\/\/www.m-q.ch\/weltweite-katastrophen-beurteilung-und-gegenmassnahmen\/#article","isPartOf":{"@id":"https:\/\/www.m-q.ch\/weltweite-katastrophen-beurteilung-und-gegenmassnahmen\/"},"author":{"name":"upwork_1","@id":"https:\/\/www.m-q.ch\/fr\/#\/schema\/person\/0bdf39ca27d0b9b779f5b8af54b3f7d7"},"headline":"Weltweite Katastrophen: Beurteilung und Gegenmassnahmen","datePublished":"2016-09-13T06:17:53+00:00","dateModified":"2021-02-14T08:09:04+00:00","mainEntityOfPage":{"@id":"https:\/\/www.m-q.ch\/weltweite-katastrophen-beurteilung-und-gegenmassnahmen\/"},"wordCount":817,"publisher":{"@id":"https:\/\/www.m-q.ch\/fr\/#organization"},"image":{"@id":"https:\/\/www.m-q.ch\/weltweite-katastrophen-beurteilung-und-gegenmassnahmen\/#primaryimage"},"thumbnailUrl":"https:\/\/www.m-q.ch\/wp-content\/uploads\/2021\/02\/Weltweite-Katastrophen-Beurteilung-und-Gegenmassnahmen.jpg","keywords":["09\/2016"],"articleSection":["Risikomanagement"],"inLanguage":"fr-FR"},{"@type":"WebPage","@id":"https:\/\/www.m-q.ch\/weltweite-katastrophen-beurteilung-und-gegenmassnahmen\/","url":"https:\/\/www.m-q.ch\/weltweite-katastrophen-beurteilung-und-gegenmassnahmen\/","name":"Les catastrophes mondiales : \u00c9valuation et contre-mesures - Gestion et qualit\u00e9 du QM","isPartOf":{"@id":"https:\/\/www.m-q.ch\/fr\/#website"},"primaryImageOfPage":{"@id":"https:\/\/www.m-q.ch\/weltweite-katastrophen-beurteilung-und-gegenmassnahmen\/#primaryimage"},"image":{"@id":"https:\/\/www.m-q.ch\/weltweite-katastrophen-beurteilung-und-gegenmassnahmen\/#primaryimage"},"thumbnailUrl":"https:\/\/www.m-q.ch\/wp-content\/uploads\/2021\/02\/Weltweite-Katastrophen-Beurteilung-und-Gegenmassnahmen.jpg","datePublished":"2016-09-13T06:17:53+00:00","dateModified":"2021-02-14T08:09:04+00:00","description":"Les \u00e9v\u00e9nements extr\u00eames font des ravages : entre 1900 et 2015, les catastrophes naturelles ont caus\u00e9 plus de sept billions de dollars US de dommages \u00e9conomiques et des millions de morts. L'\u00e9valuation actuelle du g\u00e9ophysicien James Daniell de l'Institut de technologie de Karlsruhe (KIT) montre que les indicateurs socio-\u00e9conomiques ne suffisent pas pour une gestion pr\u00e9cise des catastrophes en temps extr\u00eames.","breadcrumb":{"@id":"https:\/\/www.m-q.ch\/weltweite-katastrophen-beurteilung-und-gegenmassnahmen\/#breadcrumb"},"inLanguage":"fr-FR","potentialAction":[{"@type":"ReadAction","target":["https:\/\/www.m-q.ch\/weltweite-katastrophen-beurteilung-und-gegenmassnahmen\/"]}]},{"@type":"ImageObject","inLanguage":"fr-FR","@id":"https:\/\/www.m-q.ch\/weltweite-katastrophen-beurteilung-und-gegenmassnahmen\/#primaryimage","url":"https:\/\/www.m-q.ch\/wp-content\/uploads\/2021\/02\/Weltweite-Katastrophen-Beurteilung-und-Gegenmassnahmen.jpg","contentUrl":"https:\/\/www.m-q.ch\/wp-content\/uploads\/2021\/02\/Weltweite-Katastrophen-Beurteilung-und-Gegenmassnahmen.jpg","width":877,"height":528,"caption":"Weltweite Katastrophen: Beurteilung und Gegenmassnahmen"},{"@type":"BreadcrumbList","@id":"https:\/\/www.m-q.ch\/weltweite-katastrophen-beurteilung-und-gegenmassnahmen\/#breadcrumb","itemListElement":[{"@type":"ListItem","position":1,"name":"Risikomanagement","item":"https:\/\/www.m-q.ch\/kategorie\/risikomanagement\/"},{"@type":"ListItem","position":2,"name":"Weltweite Katastrophen: Beurteilung und Gegenmassnahmen"}]},{"@type":"WebSite","@id":"https:\/\/www.m-q.ch\/fr\/#website","url":"https:\/\/www.m-q.ch\/fr\/","name":"Gestion et qualit\u00e9 du QM","description":"Plate-forme pour les syst\u00e8mes de gestion int\u00e9gr\u00e9e.","publisher":{"@id":"https:\/\/www.m-q.ch\/fr\/#organization"},"potentialAction":[{"@type":"SearchAction","target":{"@type":"EntryPoint","urlTemplate":"https:\/\/www.m-q.ch\/fr\/?s={search_term_string}"},"query-input":{"@type":"PropertyValueSpecification","valueRequired":true,"valueName":"search_term_string"}}],"inLanguage":"fr-FR"},{"@type":"Organization","@id":"https:\/\/www.m-q.ch\/fr\/#organization","name":"Galledia Trade Media AG","url":"https:\/\/www.m-q.ch\/fr\/","logo":{"@type":"ImageObject","inLanguage":"fr-FR","@id":"https:\/\/www.m-q.ch\/fr\/#\/schema\/logo\/image\/","url":"https:\/\/www.m-q.ch\/wp-content\/uploads\/2020\/12\/cropped-logo_small.png","contentUrl":"https:\/\/www.m-q.ch\/wp-content\/uploads\/2020\/12\/cropped-logo_small.png","width":512,"height":512,"caption":"Galledia Fachmedien AG"},"image":{"@id":"https:\/\/www.m-q.ch\/fr\/#\/schema\/logo\/image\/"},"sameAs":["https:\/\/www.facebook.com\/ManagementUndQualitaet","https:\/\/www.linkedin.com\/showcase\/17982321\/admin\/"]},{"@type":"Person","@id":"https:\/\/www.m-q.ch\/fr\/#\/schema\/person\/0bdf39ca27d0b9b779f5b8af54b3f7d7","name":"upwork_1","image":{"@type":"ImageObject","inLanguage":"fr-FR","@id":"https:\/\/www.m-q.ch\/fr\/#\/schema\/person\/image\/","url":"https:\/\/secure.gravatar.com\/avatar\/04d4d0fdc5886d535809f17d0eace7f6?s=96&d=mm&r=g","contentUrl":"https:\/\/secure.gravatar.com\/avatar\/04d4d0fdc5886d535809f17d0eace7f6?s=96&d=mm&r=g","caption":"upwork_1"},"url":"https:\/\/www.m-q.ch\/fr\/author\/upwork_1\/"}]}},"_links":{"self":[{"href":"https:\/\/www.m-q.ch\/fr\/wp-json\/wp\/v2\/posts\/11800","targetHints":{"allow":["GET"]}}],"collection":[{"href":"https:\/\/www.m-q.ch\/fr\/wp-json\/wp\/v2\/posts"}],"about":[{"href":"https:\/\/www.m-q.ch\/fr\/wp-json\/wp\/v2\/types\/post"}],"author":[{"embeddable":true,"href":"https:\/\/www.m-q.ch\/fr\/wp-json\/wp\/v2\/users\/66"}],"replies":[{"embeddable":true,"href":"https:\/\/www.m-q.ch\/fr\/wp-json\/wp\/v2\/comments?post=11800"}],"version-history":[{"count":2,"href":"https:\/\/www.m-q.ch\/fr\/wp-json\/wp\/v2\/posts\/11800\/revisions"}],"predecessor-version":[{"id":11823,"href":"https:\/\/www.m-q.ch\/fr\/wp-json\/wp\/v2\/posts\/11800\/revisions\/11823"}],"wp:featuredmedia":[{"embeddable":true,"href":"https:\/\/www.m-q.ch\/fr\/wp-json\/wp\/v2\/media\/11821"}],"wp:attachment":[{"href":"https:\/\/www.m-q.ch\/fr\/wp-json\/wp\/v2\/media?parent=11800"}],"wp:term":[{"taxonomy":"category","embeddable":true,"href":"https:\/\/www.m-q.ch\/fr\/wp-json\/wp\/v2\/categories?post=11800"},{"taxonomy":"post_tag","embeddable":true,"href":"https:\/\/www.m-q.ch\/fr\/wp-json\/wp\/v2\/tags?post=11800"}],"curies":[{"name":"wp","href":"https:\/\/api.w.org\/{rel}","templated":true}]}}