{"id":11836,"date":"2015-01-05T07:56:18","date_gmt":"2015-01-05T06:56:18","guid":{"rendered":"https:\/\/www.m-q.ch\/?p=11836"},"modified":"2021-02-15T08:17:25","modified_gmt":"2021-02-15T07:17:25","slug":"lethique-dans-les-soins-geriatriques-de-longue-duree-peut-elle-etre-geree","status":"publish","type":"post","link":"https:\/\/www.m-q.ch\/fr\/ethik-in-der-geriatrischen-langzeitpflege-laesst-sich-ethik-managen\/","title":{"rendered":"L'\u00e9thique dans les soins g\u00e9riatriques de longue dur\u00e9e - peut-on g\u00e9rer l'\u00e9thique ?"},"content":{"rendered":"<p><img loading=\"lazy\" decoding=\"async\" class=\"alignnone size-full wp-image-11856\" src=\"https:\/\/www.m-q.ch\/wp-content\/uploads\/2021\/02\/Ethik-in-der-geriatrischen-Langzeitpflege---laesst-sich-Ethik-managen.jpg\" alt=\"L&#039;\u00e9thique dans les soins g\u00e9riatriques de longue dur\u00e9e - peut-on g\u00e9rer l&#039;\u00e9thique ?\" width=\"881\" height=\"642\" srcset=\"\" sizes=\"auto, (max-width: 881px) 100vw, 881px\" data-srcset=\"\" \/><\/p>\n<p>&nbsp;<\/p>\n<p>&nbsp;<\/p>\n<p>La gestion de la qualit\u00e9 (QM) et les syst\u00e8mes de gestion de la qualit\u00e9 (QMS) sont \u00e9galement des sujets importants dans le domaine des soins infirmiers aux personnes \u00e2g\u00e9es. Les approches en circulation et les mod\u00e8les certifiables sont bas\u00e9s sur les normes de la s\u00e9rie ISO 9001, sur le concept de la Fondation europ\u00e9enne pour la gestion de la qualit\u00e9 (EFQM) ou sur les sp\u00e9cifications de la Coop\u00e9ration pour la transparence et la qualit\u00e9 des soins de sant\u00e9 (KTQ). Dans les maisons de repos pour personnes \u00e2g\u00e9es, les syst\u00e8mes conformes \u00e0 la norme ISO 9001 sont tr\u00e8s r\u00e9pandus, car cette s\u00e9rie de normes offre la possibilit\u00e9 de cartographier tous les domaines de responsabilit\u00e9 de l'entreprise au niveau des processus. Dans le sens d'une \"organisation apprenante\", tous les processus et documents doivent donc \u00eatre r\u00e9guli\u00e8rement contr\u00f4l\u00e9s pour v\u00e9rifier leur exactitude, leur pertinence et leur conformit\u00e9 aux normes. En outre, les audits permettent \u00e9galement d'identifier les \u00e9ventuelles faiblesses et les possibilit\u00e9s d'am\u00e9lioration.<\/p>\n<p><strong>Conflits avec l'\u00e9thique<\/strong><\/p>\n<p>&nbsp;<\/p>\n<p>L'\u00e9thique organis\u00e9e et la GQ ont des fonctions, des perspectives et des points de d\u00e9part compl\u00e8tement diff\u00e9rents dans une maison de retraite - n\u00e9anmoins, ce sont deux strat\u00e9gies importantes qui gagneront en importance \u00e0 l'avenir.<\/p>\n<p>&nbsp;<\/p>\n<p>Un syst\u00e8me de gestion de la qualit\u00e9 qui fonctionne bien comprend des structures claires et des proc\u00e9dures document\u00e9es et compr\u00e9hensibles, ainsi que des m\u00e9canismes d'assurance, de mesure et d'am\u00e9lioration de la qualit\u00e9. Il n'est pas rare qu'il y ait ici un conflit avec les processus et les exigences de l'\u00e9thique organis\u00e9e : alors qu'un SGQ est orient\u00e9 vers le fonctionnement efficace des processus, les discours et interventions \u00e9thiques signifient g\u00e9n\u00e9ralement une interruption et un ralentissement des routines quotidiennes.<\/p>\n<p>&nbsp;<\/p>\n<p>D'un autre c\u00f4t\u00e9, les \u00e9thiciens se plaignent que l'\u00e9thique n'est qu'un label utilis\u00e9 dans la phase de certification de la gestion de la qualit\u00e9 ou \u00e0 des fins de marketing, mais qu'elle m\u00e8ne autrement une existence vide de sens et impuissante.<\/p>\n<p>&nbsp;<\/p>\n<p>Il convient de noter que l'\u00e9thique ne doit pas seulement \u00eatre une \"victime\" de l'ignorance, mais peut aussi \u00eatre en partie responsable de cette mis\u00e8re. En fait, la m\u00e9fiance peut aussi \u00eatre mutuelle : les \u00e9thiciens consid\u00e8rent g\u00e9n\u00e9ralement la mise en \u0153uvre d'un SGQ d'un \u0153il critique, car la manifestation des processus au sein des organismes d'\u00e9thique est per\u00e7ue comme contraignante. Les outils du SGQ \u00e9voquent un \"scepticisme bureaucratique\".<\/p>\n<p>&nbsp;<\/p>\n<p>Heinemann (2010) souligne qu'en plus d'un scepticisme et d'une crainte g\u00e9n\u00e9rale, une \"na\u00efvet\u00e9 organisationnelle de l'\u00e9thique\" peut appara\u00eetre, ce qui sous-estime le potentiel d'une int\u00e9gration dans un syst\u00e8me de gestion. Ici, du c\u00f4t\u00e9 de l'\u00e9thique, on ne reconna\u00eet pas qu'il faut apprendre le langage de l'organisation pour gagner en importance dans l'organisation. Apr\u00e8s tout, l'\u00e9thique peut \u00e9galement b\u00e9n\u00e9ficier du syst\u00e8me de management de la qualit\u00e9 : L'utilisation de syst\u00e8mes de gestion de la qualit\u00e9 certifi\u00e9s est en partie responsable du fait que le discours \u00e9thique institutionnalis\u00e9 dans les soins de sant\u00e9 s'est fortement d\u00e9velopp\u00e9 ces derni\u00e8res ann\u00e9es.<\/p>\n<p>&nbsp;<\/p>\n<p>Les certifications, surtout selon les syst\u00e8mes KTQ et \"pro- Cum Cert (pCC)\", demandent explicitement l'existence d'une organisation \u00e9thique et l'honorent dans l'\u00e9valuation. Cette circonstance a favoris\u00e9 et soutenu la diffusion du conseil en \u00e9thique.<\/p>\n<p><strong>Questions ouvertes<\/strong><\/p>\n<p>&nbsp;<\/p>\n<p>Il est donc int\u00e9ressant, voire n\u00e9cessaire, de r\u00e9fl\u00e9chir plus attentivement au lien entre les deux \"univers parall\u00e8les\". D'un point de vue pratique, les questions suivantes se posent :<\/p>\n<p>&nbsp;<\/p>\n<ul>\n<li>Comment l'organisation de l'\u00e9thique peut-elle \u00eatre int\u00e9gr\u00e9e et correctement pond\u00e9r\u00e9e dans un mod\u00e8le de processus de gestion de la qualit\u00e9 ?<\/li>\n<li>Comment les processus au sein de l'organisation de l'\u00e9thique peuvent-ils \u00eatre standardis\u00e9s et structur\u00e9s sans perdre leur n\u00e9cessaire flexibilit\u00e9 ?<\/li>\n<li>Quels sont les outils de travail et les documents n\u00e9cessaires \u00e0 cette fin ?<\/li>\n<li>Comment les employ\u00e9s peuvent-ils participer \u00e0 l'organisation de l'\u00e9thique et quel acc\u00e8s doit leur \u00eatre fourni ?<\/li>\n<li>Comment les d\u00e9cisions, les recommandations et les lignes directrices \u00e9thiques peuvent-elles \u00eatre communiqu\u00e9es de mani\u00e8re appropri\u00e9e, transparente et compr\u00e9hensible ?<\/li>\n<li>Comment la gestion de la qualit\u00e9 peut-elle contribuer \u00e0 rendre les performances de l'organisation de l'\u00e9thique syst\u00e9matiquement mesurables et \u00e9valuables ?<\/li>\n<\/ul>\n<p>&nbsp;<\/p>\n<p>Il n'y a gu\u00e8re d'exemples dans la litt\u00e9rature qui montrent comment les syst\u00e8mes de \"gestion de la qualit\u00e9\" et d'\"\u00e9thique\" pourraient \u00eatre synchronis\u00e9s pour fonctionner avec autant de succ\u00e8s. Les centres de soins Mattenhof et Irchelpark de la ville de Zurich sont un bon exemple.<\/p>\n<p>&nbsp;<\/p>\n<p><em><strong>Note : La deuxi\u00e8me partie de cette th\u00e8se traite de la mise en \u0153uvre quotidienne et concr\u00e8te de l'\u00e9thique et de la gestion de la qualit\u00e9 dans la pratique des centres de soins Mattenhof et Irchelpark.<\/strong><\/em><\/p>\n<p>&nbsp;<\/p>\n<p>&nbsp;<\/p>\n<p>&nbsp;<\/p>","protected":false},"excerpt":{"rendered":"<p>&nbsp; &nbsp; Qualit\u00e4tsmanagement (QM) und Qualit\u00e4tsmanagement- Systeme (QMS) sind auch wichtige Themen in der Altenpflege. Die kursierenden Ans\u00e4tze und zertifizierbaren Modelle orientieren sich an den Normen der ISO- 9001er-Reihen, am Konzept der European Foundation of Quality Management (EFQM) oder an Vorgaben der Kooperation f\u00fcr Transparenz und Qualit\u00e4t im Gesundheitswesen (KTQ). In Altenpflegeheimen sind Systeme nach [&hellip;]<\/p>\n","protected":false},"author":62,"featured_media":11856,"comment_status":"closed","ping_status":"closed","sticky":false,"template":"","format":"standard","meta":{"_acf_changed":false,"footnotes":""},"categories":[5],"tags":[4786],"class_list":["post-11836","post","type-post","status-publish","format-standard","has-post-thumbnail","hentry","category-business_excellence","tag-01-02-2015"],"acf":[],"yoast_head":"<!-- This site is optimized with the Yoast SEO plugin v26.2 - https:\/\/yoast.com\/wordpress\/plugins\/seo\/ -->\n<title>Ethik in der geriatrischen Langzeitpflege \u2013 l\u00e4sst sich Ethik managen? - MQ Management und Qualit\u00e4t<\/title>\n<meta name=\"description\" content=\"Moralische Fragestellungen fliessen in die t\u00e4glicheArbeitsroutine eines Pflegeheims ein. Doch dieAlltagsroutine und die nicht unerhebliche Arbeitsbelastunglassen nur wenig Raum f\u00fcr intensiveReflexionen und die Suche nach tragf\u00e4higenAntworten. Eine erste Ann\u00e4herung (Teil 1) an diequintessenzielle Frage: \u00abL\u00e4sst sich Ethik managen?\u00bb\" \/>\n<meta name=\"robots\" content=\"index, follow, max-snippet:-1, max-image-preview:large, max-video-preview:-1\" \/>\n<link rel=\"canonical\" href=\"https:\/\/www.m-q.ch\/fr\/lethique-dans-les-soins-geriatriques-de-longue-duree-peut-elle-etre-geree\/\" \/>\n<meta property=\"og:locale\" content=\"fr_FR\" \/>\n<meta property=\"og:type\" content=\"article\" \/>\n<meta property=\"og:title\" content=\"Ethik in der geriatrischen Langzeitpflege \u2013 l\u00e4sst sich Ethik managen? - MQ Management und Qualit\u00e4t\" \/>\n<meta property=\"og:description\" content=\"Moralische Fragestellungen fliessen in die t\u00e4glicheArbeitsroutine eines Pflegeheims ein. Doch dieAlltagsroutine und die nicht unerhebliche Arbeitsbelastunglassen nur wenig Raum f\u00fcr intensiveReflexionen und die Suche nach tragf\u00e4higenAntworten. Eine erste Ann\u00e4herung (Teil 1) an diequintessenzielle Frage: \u00abL\u00e4sst sich Ethik managen?\u00bb\" \/>\n<meta property=\"og:url\" content=\"https:\/\/www.m-q.ch\/fr\/lethique-dans-les-soins-geriatriques-de-longue-duree-peut-elle-etre-geree\/\" \/>\n<meta property=\"og:site_name\" content=\"MQ Management und Qualit\u00e4t\" \/>\n<meta property=\"article:publisher\" content=\"https:\/\/www.facebook.com\/ManagementUndQualitaet\" \/>\n<meta property=\"article:published_time\" content=\"2015-01-05T06:56:18+00:00\" \/>\n<meta property=\"article:modified_time\" content=\"2021-02-15T07:17:25+00:00\" \/>\n<meta property=\"og:image\" content=\"https:\/\/www.m-q.ch\/wp-content\/uploads\/2021\/02\/Ethik-in-der-geriatrischen-Langzeitpflege-\u2013-laesst-sich-Ethik-managen.jpg\" \/>\n\t<meta property=\"og:image:width\" content=\"881\" \/>\n\t<meta property=\"og:image:height\" content=\"642\" \/>\n\t<meta property=\"og:image:type\" content=\"image\/jpeg\" \/>\n<meta name=\"author\" content=\"upwork_2\" \/>\n<meta name=\"twitter:card\" content=\"summary_large_image\" \/>\n<meta name=\"twitter:label1\" content=\"\u00c9crit par\" \/>\n\t<meta name=\"twitter:data1\" content=\"upwork_2\" \/>\n\t<meta name=\"twitter:label2\" content=\"Dur\u00e9e de lecture estim\u00e9e\" \/>\n\t<meta name=\"twitter:data2\" content=\"3 minutes\" \/>\n<script type=\"application\/ld+json\" class=\"yoast-schema-graph\">{\"@context\":\"https:\/\/schema.org\",\"@graph\":[{\"@type\":\"Article\",\"@id\":\"https:\/\/www.m-q.ch\/ethik-in-der-geriatrischen-langzeitpflege-laesst-sich-ethik-managen\/#article\",\"isPartOf\":{\"@id\":\"https:\/\/www.m-q.ch\/ethik-in-der-geriatrischen-langzeitpflege-laesst-sich-ethik-managen\/\"},\"author\":{\"name\":\"upwork_2\",\"@id\":\"https:\/\/www.m-q.ch\/fr\/#\/schema\/person\/71f647a41e4a3e361e6230f5134f3ba9\"},\"headline\":\"Ethik in der geriatrischen Langzeitpflege \u2013 l\u00e4sst sich Ethik managen?\",\"datePublished\":\"2015-01-05T06:56:18+00:00\",\"dateModified\":\"2021-02-15T07:17:25+00:00\",\"mainEntityOfPage\":{\"@id\":\"https:\/\/www.m-q.ch\/ethik-in-der-geriatrischen-langzeitpflege-laesst-sich-ethik-managen\/\"},\"wordCount\":637,\"publisher\":{\"@id\":\"https:\/\/www.m-q.ch\/fr\/#organization\"},\"image\":{\"@id\":\"https:\/\/www.m-q.ch\/ethik-in-der-geriatrischen-langzeitpflege-laesst-sich-ethik-managen\/#primaryimage\"},\"thumbnailUrl\":\"https:\/\/www.m-q.ch\/wp-content\/uploads\/2021\/02\/Ethik-in-der-geriatrischen-Langzeitpflege-\u2013-laesst-sich-Ethik-managen.jpg\",\"keywords\":[\"01\u2013 02\/2015\"],\"articleSection\":[\"Business Excellence\"],\"inLanguage\":\"fr-FR\"},{\"@type\":\"WebPage\",\"@id\":\"https:\/\/www.m-q.ch\/ethik-in-der-geriatrischen-langzeitpflege-laesst-sich-ethik-managen\/\",\"url\":\"https:\/\/www.m-q.ch\/ethik-in-der-geriatrischen-langzeitpflege-laesst-sich-ethik-managen\/\",\"name\":\"Ethik in der geriatrischen Langzeitpflege \u2013 l\u00e4sst sich Ethik managen? - MQ Management und Qualit\u00e4t\",\"isPartOf\":{\"@id\":\"https:\/\/www.m-q.ch\/fr\/#website\"},\"primaryImageOfPage\":{\"@id\":\"https:\/\/www.m-q.ch\/ethik-in-der-geriatrischen-langzeitpflege-laesst-sich-ethik-managen\/#primaryimage\"},\"image\":{\"@id\":\"https:\/\/www.m-q.ch\/ethik-in-der-geriatrischen-langzeitpflege-laesst-sich-ethik-managen\/#primaryimage\"},\"thumbnailUrl\":\"https:\/\/www.m-q.ch\/wp-content\/uploads\/2021\/02\/Ethik-in-der-geriatrischen-Langzeitpflege-\u2013-laesst-sich-Ethik-managen.jpg\",\"datePublished\":\"2015-01-05T06:56:18+00:00\",\"dateModified\":\"2021-02-15T07:17:25+00:00\",\"description\":\"Moralische Fragestellungen fliessen in die t\u00e4glicheArbeitsroutine eines Pflegeheims ein. Doch dieAlltagsroutine und die nicht unerhebliche Arbeitsbelastunglassen nur wenig Raum f\u00fcr intensiveReflexionen und die Suche nach tragf\u00e4higenAntworten. Eine erste Ann\u00e4herung (Teil 1) an diequintessenzielle Frage: \u00abL\u00e4sst sich Ethik managen?\u00bb\",\"breadcrumb\":{\"@id\":\"https:\/\/www.m-q.ch\/ethik-in-der-geriatrischen-langzeitpflege-laesst-sich-ethik-managen\/#breadcrumb\"},\"inLanguage\":\"fr-FR\",\"potentialAction\":[{\"@type\":\"ReadAction\",\"target\":[\"https:\/\/www.m-q.ch\/ethik-in-der-geriatrischen-langzeitpflege-laesst-sich-ethik-managen\/\"]}]},{\"@type\":\"ImageObject\",\"inLanguage\":\"fr-FR\",\"@id\":\"https:\/\/www.m-q.ch\/ethik-in-der-geriatrischen-langzeitpflege-laesst-sich-ethik-managen\/#primaryimage\",\"url\":\"https:\/\/www.m-q.ch\/wp-content\/uploads\/2021\/02\/Ethik-in-der-geriatrischen-Langzeitpflege-\u2013-laesst-sich-Ethik-managen.jpg\",\"contentUrl\":\"https:\/\/www.m-q.ch\/wp-content\/uploads\/2021\/02\/Ethik-in-der-geriatrischen-Langzeitpflege-\u2013-laesst-sich-Ethik-managen.jpg\",\"width\":881,\"height\":642,\"caption\":\"Ethik in der geriatrischen Langzeitpflege \u2013 l\u00e4sst sich Ethik managen?\"},{\"@type\":\"BreadcrumbList\",\"@id\":\"https:\/\/www.m-q.ch\/ethik-in-der-geriatrischen-langzeitpflege-laesst-sich-ethik-managen\/#breadcrumb\",\"itemListElement\":[{\"@type\":\"ListItem\",\"position\":1,\"name\":\"Business Excellence\",\"item\":\"https:\/\/www.m-q.ch\/kategorie\/business_excellence\/\"},{\"@type\":\"ListItem\",\"position\":2,\"name\":\"Ethik in der geriatrischen Langzeitpflege \u2013 l\u00e4sst sich Ethik managen?\"}]},{\"@type\":\"WebSite\",\"@id\":\"https:\/\/www.m-q.ch\/fr\/#website\",\"url\":\"https:\/\/www.m-q.ch\/fr\/\",\"name\":\"MQ Management und Qualit\u00e4t\",\"description\":\"Plattform f\u00fcr integrierte Managementsysteme.\",\"publisher\":{\"@id\":\"https:\/\/www.m-q.ch\/fr\/#organization\"},\"potentialAction\":[{\"@type\":\"SearchAction\",\"target\":{\"@type\":\"EntryPoint\",\"urlTemplate\":\"https:\/\/www.m-q.ch\/fr\/?s={search_term_string}\"},\"query-input\":{\"@type\":\"PropertyValueSpecification\",\"valueRequired\":true,\"valueName\":\"search_term_string\"}}],\"inLanguage\":\"fr-FR\"},{\"@type\":\"Organization\",\"@id\":\"https:\/\/www.m-q.ch\/fr\/#organization\",\"name\":\"Galledia Fachmedien AG\",\"url\":\"https:\/\/www.m-q.ch\/fr\/\",\"logo\":{\"@type\":\"ImageObject\",\"inLanguage\":\"fr-FR\",\"@id\":\"https:\/\/www.m-q.ch\/fr\/#\/schema\/logo\/image\/\",\"url\":\"https:\/\/www.m-q.ch\/wp-content\/uploads\/2020\/12\/cropped-logo_small.png\",\"contentUrl\":\"https:\/\/www.m-q.ch\/wp-content\/uploads\/2020\/12\/cropped-logo_small.png\",\"width\":512,\"height\":512,\"caption\":\"Galledia Fachmedien AG\"},\"image\":{\"@id\":\"https:\/\/www.m-q.ch\/fr\/#\/schema\/logo\/image\/\"},\"sameAs\":[\"https:\/\/www.facebook.com\/ManagementUndQualitaet\",\"https:\/\/www.linkedin.com\/showcase\/17982321\/admin\/\"]},{\"@type\":\"Person\",\"@id\":\"https:\/\/www.m-q.ch\/fr\/#\/schema\/person\/71f647a41e4a3e361e6230f5134f3ba9\",\"name\":\"upwork_2\",\"image\":{\"@type\":\"ImageObject\",\"inLanguage\":\"fr-FR\",\"@id\":\"https:\/\/www.m-q.ch\/fr\/#\/schema\/person\/image\/\",\"url\":\"https:\/\/secure.gravatar.com\/avatar\/777b90ab56092bbf3c85feacda5c1bce?s=96&d=mm&r=g\",\"contentUrl\":\"https:\/\/secure.gravatar.com\/avatar\/777b90ab56092bbf3c85feacda5c1bce?s=96&d=mm&r=g\",\"caption\":\"upwork_2\"},\"url\":\"https:\/\/www.m-q.ch\/fr\/author\/upwork_2\/\"}]}<\/script>\n<!-- \/ Yoast SEO plugin. -->","yoast_head_json":{"title":"L'\u00e9thique dans les soins g\u00e9riatriques de longue dur\u00e9e - peut-on g\u00e9rer l'\u00e9thique ? - Gestion et qualit\u00e9 du QM","description":"Les questions morales font partie de la routine quotidienne d'une maison de retraite. Cependant, la routine quotidienne et la charge de travail non n\u00e9gligeable laissent peu de place \u00e0 une r\u00e9flexion intensive et \u00e0 la recherche de r\u00e9ponses viables. Une premi\u00e8re approche (partie 1) de la question essentielle : \"L'\u00e9thique peut-elle \u00eatre g\u00e9r\u00e9e ?","robots":{"index":"index","follow":"follow","max-snippet":"max-snippet:-1","max-image-preview":"max-image-preview:large","max-video-preview":"max-video-preview:-1"},"canonical":"https:\/\/www.m-q.ch\/fr\/lethique-dans-les-soins-geriatriques-de-longue-duree-peut-elle-etre-geree\/","og_locale":"fr_FR","og_type":"article","og_title":"Ethik in der geriatrischen Langzeitpflege \u2013 l\u00e4sst sich Ethik managen? - MQ Management und Qualit\u00e4t","og_description":"Moralische Fragestellungen fliessen in die t\u00e4glicheArbeitsroutine eines Pflegeheims ein. Doch dieAlltagsroutine und die nicht unerhebliche Arbeitsbelastunglassen nur wenig Raum f\u00fcr intensiveReflexionen und die Suche nach tragf\u00e4higenAntworten. Eine erste Ann\u00e4herung (Teil 1) an diequintessenzielle Frage: \u00abL\u00e4sst sich Ethik managen?\u00bb","og_url":"https:\/\/www.m-q.ch\/fr\/lethique-dans-les-soins-geriatriques-de-longue-duree-peut-elle-etre-geree\/","og_site_name":"MQ Management und Qualit\u00e4t","article_publisher":"https:\/\/www.facebook.com\/ManagementUndQualitaet","article_published_time":"2015-01-05T06:56:18+00:00","article_modified_time":"2021-02-15T07:17:25+00:00","og_image":[{"width":881,"height":642,"url":"https:\/\/www.m-q.ch\/wp-content\/uploads\/2021\/02\/Ethik-in-der-geriatrischen-Langzeitpflege-\u2013-laesst-sich-Ethik-managen.jpg","type":"image\/jpeg"}],"author":"upwork_2","twitter_card":"summary_large_image","twitter_misc":{"\u00c9crit par":"upwork_2","Dur\u00e9e de lecture estim\u00e9e":"3 minutes"},"schema":{"@context":"https:\/\/schema.org","@graph":[{"@type":"Article","@id":"https:\/\/www.m-q.ch\/ethik-in-der-geriatrischen-langzeitpflege-laesst-sich-ethik-managen\/#article","isPartOf":{"@id":"https:\/\/www.m-q.ch\/ethik-in-der-geriatrischen-langzeitpflege-laesst-sich-ethik-managen\/"},"author":{"name":"upwork_2","@id":"https:\/\/www.m-q.ch\/fr\/#\/schema\/person\/71f647a41e4a3e361e6230f5134f3ba9"},"headline":"Ethik in der geriatrischen Langzeitpflege \u2013 l\u00e4sst sich Ethik managen?","datePublished":"2015-01-05T06:56:18+00:00","dateModified":"2021-02-15T07:17:25+00:00","mainEntityOfPage":{"@id":"https:\/\/www.m-q.ch\/ethik-in-der-geriatrischen-langzeitpflege-laesst-sich-ethik-managen\/"},"wordCount":637,"publisher":{"@id":"https:\/\/www.m-q.ch\/fr\/#organization"},"image":{"@id":"https:\/\/www.m-q.ch\/ethik-in-der-geriatrischen-langzeitpflege-laesst-sich-ethik-managen\/#primaryimage"},"thumbnailUrl":"https:\/\/www.m-q.ch\/wp-content\/uploads\/2021\/02\/Ethik-in-der-geriatrischen-Langzeitpflege-\u2013-laesst-sich-Ethik-managen.jpg","keywords":["01\u2013 02\/2015"],"articleSection":["Business Excellence"],"inLanguage":"fr-FR"},{"@type":"WebPage","@id":"https:\/\/www.m-q.ch\/ethik-in-der-geriatrischen-langzeitpflege-laesst-sich-ethik-managen\/","url":"https:\/\/www.m-q.ch\/ethik-in-der-geriatrischen-langzeitpflege-laesst-sich-ethik-managen\/","name":"L'\u00e9thique dans les soins g\u00e9riatriques de longue dur\u00e9e - peut-on g\u00e9rer l'\u00e9thique ? - Gestion et qualit\u00e9 du QM","isPartOf":{"@id":"https:\/\/www.m-q.ch\/fr\/#website"},"primaryImageOfPage":{"@id":"https:\/\/www.m-q.ch\/ethik-in-der-geriatrischen-langzeitpflege-laesst-sich-ethik-managen\/#primaryimage"},"image":{"@id":"https:\/\/www.m-q.ch\/ethik-in-der-geriatrischen-langzeitpflege-laesst-sich-ethik-managen\/#primaryimage"},"thumbnailUrl":"https:\/\/www.m-q.ch\/wp-content\/uploads\/2021\/02\/Ethik-in-der-geriatrischen-Langzeitpflege-\u2013-laesst-sich-Ethik-managen.jpg","datePublished":"2015-01-05T06:56:18+00:00","dateModified":"2021-02-15T07:17:25+00:00","description":"Les questions morales font partie de la routine quotidienne d'une maison de retraite. Cependant, la routine quotidienne et la charge de travail non n\u00e9gligeable laissent peu de place \u00e0 une r\u00e9flexion intensive et \u00e0 la recherche de r\u00e9ponses viables. Une premi\u00e8re approche (partie 1) de la question essentielle : \"L'\u00e9thique peut-elle \u00eatre g\u00e9r\u00e9e ?","breadcrumb":{"@id":"https:\/\/www.m-q.ch\/ethik-in-der-geriatrischen-langzeitpflege-laesst-sich-ethik-managen\/#breadcrumb"},"inLanguage":"fr-FR","potentialAction":[{"@type":"ReadAction","target":["https:\/\/www.m-q.ch\/ethik-in-der-geriatrischen-langzeitpflege-laesst-sich-ethik-managen\/"]}]},{"@type":"ImageObject","inLanguage":"fr-FR","@id":"https:\/\/www.m-q.ch\/ethik-in-der-geriatrischen-langzeitpflege-laesst-sich-ethik-managen\/#primaryimage","url":"https:\/\/www.m-q.ch\/wp-content\/uploads\/2021\/02\/Ethik-in-der-geriatrischen-Langzeitpflege-\u2013-laesst-sich-Ethik-managen.jpg","contentUrl":"https:\/\/www.m-q.ch\/wp-content\/uploads\/2021\/02\/Ethik-in-der-geriatrischen-Langzeitpflege-\u2013-laesst-sich-Ethik-managen.jpg","width":881,"height":642,"caption":"Ethik in der geriatrischen Langzeitpflege \u2013 l\u00e4sst sich Ethik managen?"},{"@type":"BreadcrumbList","@id":"https:\/\/www.m-q.ch\/ethik-in-der-geriatrischen-langzeitpflege-laesst-sich-ethik-managen\/#breadcrumb","itemListElement":[{"@type":"ListItem","position":1,"name":"Business Excellence","item":"https:\/\/www.m-q.ch\/kategorie\/business_excellence\/"},{"@type":"ListItem","position":2,"name":"Ethik in der geriatrischen Langzeitpflege \u2013 l\u00e4sst sich Ethik managen?"}]},{"@type":"WebSite","@id":"https:\/\/www.m-q.ch\/fr\/#website","url":"https:\/\/www.m-q.ch\/fr\/","name":"Gestion et qualit\u00e9 du QM","description":"Plate-forme pour les syst\u00e8mes de gestion int\u00e9gr\u00e9e.","publisher":{"@id":"https:\/\/www.m-q.ch\/fr\/#organization"},"potentialAction":[{"@type":"SearchAction","target":{"@type":"EntryPoint","urlTemplate":"https:\/\/www.m-q.ch\/fr\/?s={search_term_string}"},"query-input":{"@type":"PropertyValueSpecification","valueRequired":true,"valueName":"search_term_string"}}],"inLanguage":"fr-FR"},{"@type":"Organization","@id":"https:\/\/www.m-q.ch\/fr\/#organization","name":"Galledia Trade Media AG","url":"https:\/\/www.m-q.ch\/fr\/","logo":{"@type":"ImageObject","inLanguage":"fr-FR","@id":"https:\/\/www.m-q.ch\/fr\/#\/schema\/logo\/image\/","url":"https:\/\/www.m-q.ch\/wp-content\/uploads\/2020\/12\/cropped-logo_small.png","contentUrl":"https:\/\/www.m-q.ch\/wp-content\/uploads\/2020\/12\/cropped-logo_small.png","width":512,"height":512,"caption":"Galledia Fachmedien AG"},"image":{"@id":"https:\/\/www.m-q.ch\/fr\/#\/schema\/logo\/image\/"},"sameAs":["https:\/\/www.facebook.com\/ManagementUndQualitaet","https:\/\/www.linkedin.com\/showcase\/17982321\/admin\/"]},{"@type":"Person","@id":"https:\/\/www.m-q.ch\/fr\/#\/schema\/person\/71f647a41e4a3e361e6230f5134f3ba9","name":"upwork_2","image":{"@type":"ImageObject","inLanguage":"fr-FR","@id":"https:\/\/www.m-q.ch\/fr\/#\/schema\/person\/image\/","url":"https:\/\/secure.gravatar.com\/avatar\/777b90ab56092bbf3c85feacda5c1bce?s=96&d=mm&r=g","contentUrl":"https:\/\/secure.gravatar.com\/avatar\/777b90ab56092bbf3c85feacda5c1bce?s=96&d=mm&r=g","caption":"upwork_2"},"url":"https:\/\/www.m-q.ch\/fr\/author\/upwork_2\/"}]}},"_links":{"self":[{"href":"https:\/\/www.m-q.ch\/fr\/wp-json\/wp\/v2\/posts\/11836","targetHints":{"allow":["GET"]}}],"collection":[{"href":"https:\/\/www.m-q.ch\/fr\/wp-json\/wp\/v2\/posts"}],"about":[{"href":"https:\/\/www.m-q.ch\/fr\/wp-json\/wp\/v2\/types\/post"}],"author":[{"embeddable":true,"href":"https:\/\/www.m-q.ch\/fr\/wp-json\/wp\/v2\/users\/62"}],"replies":[{"embeddable":true,"href":"https:\/\/www.m-q.ch\/fr\/wp-json\/wp\/v2\/comments?post=11836"}],"version-history":[{"count":1,"href":"https:\/\/www.m-q.ch\/fr\/wp-json\/wp\/v2\/posts\/11836\/revisions"}],"predecessor-version":[{"id":11858,"href":"https:\/\/www.m-q.ch\/fr\/wp-json\/wp\/v2\/posts\/11836\/revisions\/11858"}],"wp:featuredmedia":[{"embeddable":true,"href":"https:\/\/www.m-q.ch\/fr\/wp-json\/wp\/v2\/media\/11856"}],"wp:attachment":[{"href":"https:\/\/www.m-q.ch\/fr\/wp-json\/wp\/v2\/media?parent=11836"}],"wp:term":[{"taxonomy":"category","embeddable":true,"href":"https:\/\/www.m-q.ch\/fr\/wp-json\/wp\/v2\/categories?post=11836"},{"taxonomy":"post_tag","embeddable":true,"href":"https:\/\/www.m-q.ch\/fr\/wp-json\/wp\/v2\/tags?post=11836"}],"curies":[{"name":"wp","href":"https:\/\/api.w.org\/{rel}","templated":true}]}}