{"id":11843,"date":"2015-02-17T07:56:31","date_gmt":"2015-02-17T06:56:31","guid":{"rendered":"https:\/\/www.m-q.ch\/?p=11843"},"modified":"2021-02-15T08:51:38","modified_gmt":"2021-02-15T07:51:38","slug":"avec-guide-daction-ecologique-dans-lentreprise","status":"publish","type":"post","link":"https:\/\/www.m-q.ch\/fr\/mit-leitfaden-fuer-umweltgerechtes-handeln-im-betrieb\/","title":{"rendered":"Avec des lignes directrices pour des actions respectueuses de l'environnement dans l'entreprise"},"content":{"rendered":"<p><img loading=\"lazy\" decoding=\"async\" class=\"alignnone size-full wp-image-11871\" src=\"https:\/\/www.m-q.ch\/wp-content\/uploads\/2021\/02\/Mit-Leitfaden-fuer-umweltgerechtes-Handeln-im-Betrieb.jpg\" alt=\"Avec des lignes directrices pour des actions respectueuses de l&#039;environnement dans l&#039;entreprise\" width=\"881\" height=\"683\" srcset=\"https:\/\/www.m-q.ch\/wp-content\/uploads\/2021\/02\/Mit-Leitfaden-fuer-umweltgerechtes-Handeln-im-Betrieb.jpg 881w, https:\/\/www.m-q.ch\/wp-content\/uploads\/2021\/02\/Mit-Leitfaden-fuer-umweltgerechtes-Handeln-im-Betrieb-768x595.jpg 768w, https:\/\/www.m-q.ch\/wp-content\/uploads\/2021\/02\/Mit-Leitfaden-fuer-umweltgerechtes-Handeln-im-Betrieb-16x12.jpg 16w, https:\/\/www.m-q.ch\/wp-content\/uploads\/2021\/02\/Mit-Leitfaden-fuer-umweltgerechtes-Handeln-im-Betrieb-226x175.jpg 226w, https:\/\/www.m-q.ch\/wp-content\/uploads\/2021\/02\/Mit-Leitfaden-fuer-umweltgerechtes-Handeln-im-Betrieb-451x350.jpg 451w, https:\/\/www.m-q.ch\/wp-content\/uploads\/2021\/02\/Mit-Leitfaden-fuer-umweltgerechtes-Handeln-im-Betrieb-300x233.jpg 300w\" sizes=\"auto, (max-width: 881px) 100vw, 881px\" \/><\/p>\n<p>&nbsp;<\/p>\n<p>&nbsp;<\/p>\n<p>&nbsp;<\/p>\n<p><em><strong>Markus Clavadetscher, en tant que centrale hydro\u00e9lectrique, les centrales de Hinterrhein sont certifi\u00e9es \"\u00e9cologiques\". Qu'est-ce que cela signifie exactement ?<\/strong> <\/em><\/p>\n<p>Oui, la KHR est certifi\u00e9e SQS selon la norme ISO 14001 depuis 2007. La preuve de cette certification est une condition pr\u00e9alable pour pouvoir vendre l'\u00e9lectricit\u00e9 produite sous le label \"naturemade basic\" ou avec le certificat \"100 % Hydropower - 100 % Renewable Energies\". La valeur de l'hydro\u00e9lectricit\u00e9 en tant qu'\u00e9nergie renouvelable est donc particuli\u00e8rement soulign\u00e9e. Nous voulons que notre syst\u00e8me de gestion environnementale \" soit convaincant et cr\u00e9dible. C'est tr\u00e8s important pour nous, car nous ne voulons rien d'autre que produire une \u00e9nergie pr\u00e9cieuse et respectueuse de l'environnement. Cette aspiration est ancr\u00e9e noir sur blanc dans l'\u00e9nonc\u00e9 de la mission de notre centrale hydro\u00e9lectrique.<\/p>\n<p>&nbsp;<\/p>\n<p><em><strong>Que deviez-vous faire pour obtenir le certificat ISO 14001 ?<\/strong> <\/em><\/p>\n<p>L'eau, un \u00e9l\u00e9ment naturel, est notre mati\u00e8re premi\u00e8re, notre source d'\u00e9nergie. Cependant, l'utilisation de substances dangereuses pour l'environnement ne peut \u00eatre compl\u00e8tement \u00e9vit\u00e9e dans la production d'\u00e9nergie. Par rapport au pass\u00e9, o\u00f9 il fallait encore lubrifier les paliers des aubes directrices avec une pompe \u00e0 graisse, des progr\u00e8s consid\u00e9rables ont \u00e9t\u00e9 r\u00e9alis\u00e9s en termes de mat\u00e9riaux. Le pistolet graisseur est devenu obsol\u00e8te depuis longtemps. N\u00e9anmoins, l'utilisation du gaz SF6 est in\u00e9vitable dans les appareillages \u00e9lectriques, par exemple. Cela est n\u00e9cessaire pour des raisons techniques. Nous avions donc besoin d'un concept sur la mani\u00e8re de traiter ces substances et d'autres substances nocives pour l'environnement et sur ce qu'il faut faire si un \u00e9v\u00e9nement dangereux se produit. Cela a jet\u00e9 les bases de notre syst\u00e8me global de gestion de l'environnement. Notre t\u00e2che consistait \u00e0 syst\u00e9matiser et \u00e0 documenter tout ce qui \u00e9tait d\u00e9j\u00e0 une pratique de la CHR. En assignant ces \u00e9l\u00e9ments aux processus, un ensemble coh\u00e9rent a ensuite \u00e9t\u00e9 cr\u00e9\u00e9 - le syst\u00e8me de gestion environnementale de KHR. Cela inclut \u00e9galement la formulation de notre attitude \u00e0 l'\u00e9gard des questions environnementales dans le chapitre \"Politique environnementale\". Cela fait partie de la d\u00e9claration de mission publi\u00e9e par la KHR. Nous attachons une grande importance au fait que l'attitude fondamentale de ce document est \u00e9galement connue \u00e0 l'ext\u00e9rieur de notre entreprise.<\/p>\n<p>&nbsp;<\/p>\n<p><em><strong>Quels risques prenez-vous en compte ?<\/strong> <\/em><\/p>\n<p>Nous travaillons \u00e0 la fois avec l'eau et pr\u00e8s de l'eau. Naturellement, il y a des risques mineurs et majeurs \u00e0 prendre en compte. Dans le cadre de notre concept environnemental, nous avons donc proc\u00e9d\u00e9 \u00e0 une analyse compl\u00e8te des dangers et, sur cette base, nous avons \u00e9tabli une matrice avec tous les risques pertinents. Par la suite, tous les risques identifi\u00e9s ont \u00e9t\u00e9 \u00e9valu\u00e9s et des mesures ont \u00e9t\u00e9 d\u00e9finies quant \u00e0 ce qu'il convient de faire en cas de survenance.<\/p>\n<p>&nbsp;<\/p>\n<p>Je mentionnerai trois facteurs de risque tir\u00e9s de la pratique quotidienne : il existe un risque latent de contamination par l'huile des pi\u00e8ces de machines qui transportent de l'eau. Nos \u00e9quipes sont sensibilis\u00e9es \u00e0 ce sujet et peuvent r\u00e9agir en cons\u00e9quence. La KHR dispose des installations n\u00e9cessaires pour pouvoir d\u00e9tecter de tels cas, par exemple avec des d\u00e9tecteurs dans les canalisations d'infiltration.<\/p>\n<p>&nbsp;<\/p>\n<p>Deuxi\u00e8mement : un autre risque est la manipulation des peintures anticorrosion - lors de la livraison, lors de leur d\u00e9placement interne vers le lieu d'utilisation ou lors de l'application des peintures. Dans de tels cas de risque aussi, nous savons exactement ce qu'il faut faire.<\/p>\n<p>&nbsp;<\/p>\n<p>Un troisi\u00e8me point est l'assainissement des flux r\u00e9siduels. Selon la l\u00e9gislation suisse sur la protection des eaux, un d\u00e9bit r\u00e9siduel doit \u00eatre maintenu dans la partie du fleuve situ\u00e9e en aval des prises d'eau et des barrages. Dans le canton des Grisons \u00e9galement, cet aspect a fait l'objet de discussions \u00e0 plusieurs reprises. Le directeur de la CDH, Guido Conrad, a identifi\u00e9 le probl\u00e8me de mani\u00e8re proactive, a convoqu\u00e9 une table ronde avec toutes les organisations environnementales et toutes les agences et a \u00e9labor\u00e9 une solution, qui a maintenant \u00e9t\u00e9 d\u00e9cr\u00e9t\u00e9e par le canton en temps voulu. La solution a maintenant \u00e9t\u00e9 mise en \u0153uvre.<\/p>\n<p>&nbsp;<\/p>\n<p><em><strong>La KHR est actuellement en plein milieu d'une r\u00e9vision majeure et planifi\u00e9e de l'usine. De quoi s'agit-il ?<\/strong> <\/em><\/p>\n<p>Les composantes techniques de la CHR ont des dur\u00e9es de vie diff\u00e9rentes. Les \u00e9quipements \u00e9lectroniques et de contr\u00f4le durent environ 15 ans, les \u00e9quipements \u00e9lectrom\u00e9caniques (transformateurs, g\u00e9n\u00e9rateurs, turbines, etc.) environ 40 ans, et les installations structurelles sont con\u00e7ues pour la p\u00e9riode de concession de 80 ans. Apr\u00e8s environ 50 ans, le projet de renouvellement complet des installations a d\u00e9but\u00e9 en 2009. \u00c0 cette occasion, une analyse des polluants a \u00e9t\u00e9 r\u00e9alis\u00e9e afin d'assainir les sites contamin\u00e9s existants et de construire les nouveaux composants de l'usine d'une mani\u00e8re compatible avec l'environnement. Cet investissement sera achev\u00e9 en 2017. Apr\u00e8s cela, la CHR pourra revenir \u00e0 un fonctionnement normal. Optimiser l'utilisation des centrales \u00e9lectriques et maximiser la production d'\u00e9nergie sont et resteront nos t\u00e2ches principales.<\/p>\n<p>&nbsp;<\/p>\n<p><em><strong>Quel est le r\u00f4le des employ\u00e9s dans la mise en \u0153uvre ?<\/strong> <\/em><\/p>\n<p>Le facteur d\u00e9cisif dans les op\u00e9rations quotidiennes ! Tous les employ\u00e9s sont impliqu\u00e9s au niveau appropri\u00e9. Notre approche est tr\u00e8s pratique. C'\u00e9tait et c'est encore le cas avec la grande r\u00e9vision actuelle. Pour chaque activit\u00e9, nous avons fait appel \u00e0 des sp\u00e9cialistes des questions environnementales. Ensemble, nous avons identifi\u00e9 quelles substances probl\u00e9matiques sont impliqu\u00e9es, o\u00f9 et comment les traiter.<\/p>\n<p>&nbsp;<\/p>\n<p>La pens\u00e9e environnementale des employ\u00e9s de la CHR est fermement ancr\u00e9e et s'\u00e9tend \u00e0 notre vie priv\u00e9e. Nous faisons partie de la KHR, 24 heures sur 24, pour ainsi dire. Cela se remarque \u00e9galement lorsqu'il y a un dysfonctionnement quelque part qui doit \u00eatre r\u00e9par\u00e9. Notre peuple est l\u00e0 rapidement quand on a besoin de lui.<\/p>\n<p>&nbsp;<\/p>\n<p><em><strong>Quelles autres exp\u00e9riences avez-vous eues en mati\u00e8re d'audit ?<\/strong> <\/em><\/p>\n<p>En particulier dans cette phase exigeante o\u00f9 le grand projet se d\u00e9roule en parall\u00e8le, il est pr\u00e9cieux d'avoir un contact dans l'auditeur qui comprend le fonctionnement de notre entreprise et les risques auxquels nous sommes confront\u00e9s. Nous b\u00e9n\u00e9ficions du fait que l'auditeur est un expert technique - l'auditeur de la SQS est un ing\u00e9nieur en m\u00e9canique - et en m\u00eame temps un praticien. Il effectue l'audit avec nous sous la forme d'une inspection cibl\u00e9e des installations. Nous discutons de toutes les interfaces n\u00e9vralgiques et identifions les besoins d'action l\u00e0 o\u00f9 ils sont n\u00e9cessaires. Notre petite brochure \"Le syst\u00e8me de gestion environnementale de la KHR\" a \u00e9t\u00e9 cr\u00e9\u00e9e de cette mani\u00e8re. Il s'agit d'un exemple de cette forme de coop\u00e9ration r\u00e9ussie. Nous avons r\u00e9alis\u00e9 le guide pratique sur la suggestion de l'auditeur de la SQS.<\/p>","protected":false},"excerpt":{"rendered":"<p>&nbsp; &nbsp; &nbsp; Markus Clavadetscher, als Wasserkraftwerk sind die Kraftwerke Hinterrhein \u00ab\u00f6kologisch\u00bb zertifiziert. Was heisst das genau? Ja, die KHR sind seit dem Jahr 2007 SQS-zertifiziert nach ISO 14001. Der Nachweis dieses Zertifikats ist eine Voraussetzung, um den produzierten elektrischen Strom unter dem Label \u00abnaturemade basic\u00bb oder mit dem Zertifikat \u00ab100 % Wasserkraft \u2013 100 [&hellip;]<\/p>\n","protected":false},"author":62,"featured_media":11871,"comment_status":"closed","ping_status":"closed","sticky":false,"template":"","format":"standard","meta":{"_acf_changed":false,"footnotes":""},"categories":[4],"tags":[4786],"class_list":["post-11843","post","type-post","status-publish","format-standard","has-post-thumbnail","hentry","category-risikomanagement","tag-01-02-2015"],"acf":[],"yoast_head":"<!-- This site is optimized with the Yoast SEO plugin v26.2 - https:\/\/yoast.com\/wordpress\/plugins\/seo\/ -->\n<title>Mit Leitfaden f\u00fcr umweltgerechtes Handeln im Betrieb - MQ Management und Qualit\u00e4t<\/title>\n<meta name=\"description\" content=\"Vor gut sieben Jahren liessen sich die KHR von derSQS nach ISO 14001 zertifizieren. K\u00fcrzlich hat dasUnternehmen seine Philosophie zu umweltgerechterT\u00e4tigkeit in einen Praxis-Leitfaden gefasst \u2013einfach, verst\u00e4ndlich und handhabbar: Das KHRUmweltmanagementsystemauf bloss 20 A5-Seiten. Betriebsleiter Markus Clavadetscherbeleuchtet die Eckpunkte des Systems.\" \/>\n<meta name=\"robots\" content=\"index, follow, max-snippet:-1, max-image-preview:large, max-video-preview:-1\" \/>\n<link rel=\"canonical\" href=\"https:\/\/www.m-q.ch\/fr\/avec-guide-daction-ecologique-dans-lentreprise\/\" \/>\n<meta property=\"og:locale\" content=\"fr_FR\" \/>\n<meta property=\"og:type\" content=\"article\" \/>\n<meta property=\"og:title\" content=\"Mit Leitfaden f\u00fcr umweltgerechtes Handeln im Betrieb - MQ Management und Qualit\u00e4t\" \/>\n<meta property=\"og:description\" content=\"Vor gut sieben Jahren liessen sich die KHR von derSQS nach ISO 14001 zertifizieren. K\u00fcrzlich hat dasUnternehmen seine Philosophie zu umweltgerechterT\u00e4tigkeit in einen Praxis-Leitfaden gefasst \u2013einfach, verst\u00e4ndlich und handhabbar: Das KHRUmweltmanagementsystemauf bloss 20 A5-Seiten. Betriebsleiter Markus Clavadetscherbeleuchtet die Eckpunkte des Systems.\" \/>\n<meta property=\"og:url\" content=\"https:\/\/www.m-q.ch\/fr\/avec-guide-daction-ecologique-dans-lentreprise\/\" \/>\n<meta property=\"og:site_name\" content=\"MQ Management und Qualit\u00e4t\" \/>\n<meta property=\"article:publisher\" content=\"https:\/\/www.facebook.com\/ManagementUndQualitaet\" \/>\n<meta property=\"article:published_time\" content=\"2015-02-17T06:56:31+00:00\" \/>\n<meta property=\"article:modified_time\" content=\"2021-02-15T07:51:38+00:00\" \/>\n<meta property=\"og:image\" content=\"https:\/\/www.m-q.ch\/wp-content\/uploads\/2021\/02\/Mit-Leitfaden-fuer-umweltgerechtes-Handeln-im-Betrieb.jpg\" \/>\n\t<meta property=\"og:image:width\" content=\"881\" \/>\n\t<meta property=\"og:image:height\" content=\"683\" \/>\n\t<meta property=\"og:image:type\" content=\"image\/jpeg\" \/>\n<meta name=\"author\" content=\"upwork_2\" \/>\n<meta name=\"twitter:card\" content=\"summary_large_image\" \/>\n<meta name=\"twitter:label1\" content=\"\u00c9crit par\" \/>\n\t<meta name=\"twitter:data1\" content=\"upwork_2\" \/>\n\t<meta name=\"twitter:label2\" content=\"Dur\u00e9e de lecture estim\u00e9e\" \/>\n\t<meta name=\"twitter:data2\" content=\"4 minutes\" \/>\n<script type=\"application\/ld+json\" class=\"yoast-schema-graph\">{\"@context\":\"https:\/\/schema.org\",\"@graph\":[{\"@type\":\"Article\",\"@id\":\"https:\/\/www.m-q.ch\/mit-leitfaden-fuer-umweltgerechtes-handeln-im-betrieb\/#article\",\"isPartOf\":{\"@id\":\"https:\/\/www.m-q.ch\/mit-leitfaden-fuer-umweltgerechtes-handeln-im-betrieb\/\"},\"author\":{\"name\":\"upwork_2\",\"@id\":\"https:\/\/www.m-q.ch\/fr\/#\/schema\/person\/71f647a41e4a3e361e6230f5134f3ba9\"},\"headline\":\"Mit Leitfaden f\u00fcr umweltgerechtes Handeln im Betrieb\",\"datePublished\":\"2015-02-17T06:56:31+00:00\",\"dateModified\":\"2021-02-15T07:51:38+00:00\",\"mainEntityOfPage\":{\"@id\":\"https:\/\/www.m-q.ch\/mit-leitfaden-fuer-umweltgerechtes-handeln-im-betrieb\/\"},\"wordCount\":881,\"publisher\":{\"@id\":\"https:\/\/www.m-q.ch\/fr\/#organization\"},\"image\":{\"@id\":\"https:\/\/www.m-q.ch\/mit-leitfaden-fuer-umweltgerechtes-handeln-im-betrieb\/#primaryimage\"},\"thumbnailUrl\":\"https:\/\/www.m-q.ch\/wp-content\/uploads\/2021\/02\/Mit-Leitfaden-fuer-umweltgerechtes-Handeln-im-Betrieb.jpg\",\"keywords\":[\"01\u2013 02\/2015\"],\"articleSection\":[\"Risikomanagement\"],\"inLanguage\":\"fr-FR\"},{\"@type\":\"WebPage\",\"@id\":\"https:\/\/www.m-q.ch\/mit-leitfaden-fuer-umweltgerechtes-handeln-im-betrieb\/\",\"url\":\"https:\/\/www.m-q.ch\/mit-leitfaden-fuer-umweltgerechtes-handeln-im-betrieb\/\",\"name\":\"Mit Leitfaden f\u00fcr umweltgerechtes Handeln im Betrieb - MQ Management und Qualit\u00e4t\",\"isPartOf\":{\"@id\":\"https:\/\/www.m-q.ch\/fr\/#website\"},\"primaryImageOfPage\":{\"@id\":\"https:\/\/www.m-q.ch\/mit-leitfaden-fuer-umweltgerechtes-handeln-im-betrieb\/#primaryimage\"},\"image\":{\"@id\":\"https:\/\/www.m-q.ch\/mit-leitfaden-fuer-umweltgerechtes-handeln-im-betrieb\/#primaryimage\"},\"thumbnailUrl\":\"https:\/\/www.m-q.ch\/wp-content\/uploads\/2021\/02\/Mit-Leitfaden-fuer-umweltgerechtes-Handeln-im-Betrieb.jpg\",\"datePublished\":\"2015-02-17T06:56:31+00:00\",\"dateModified\":\"2021-02-15T07:51:38+00:00\",\"description\":\"Vor gut sieben Jahren liessen sich die KHR von derSQS nach ISO 14001 zertifizieren. K\u00fcrzlich hat dasUnternehmen seine Philosophie zu umweltgerechterT\u00e4tigkeit in einen Praxis-Leitfaden gefasst \u2013einfach, verst\u00e4ndlich und handhabbar: Das KHRUmweltmanagementsystemauf bloss 20 A5-Seiten. Betriebsleiter Markus Clavadetscherbeleuchtet die Eckpunkte des Systems.\",\"breadcrumb\":{\"@id\":\"https:\/\/www.m-q.ch\/mit-leitfaden-fuer-umweltgerechtes-handeln-im-betrieb\/#breadcrumb\"},\"inLanguage\":\"fr-FR\",\"potentialAction\":[{\"@type\":\"ReadAction\",\"target\":[\"https:\/\/www.m-q.ch\/mit-leitfaden-fuer-umweltgerechtes-handeln-im-betrieb\/\"]}]},{\"@type\":\"ImageObject\",\"inLanguage\":\"fr-FR\",\"@id\":\"https:\/\/www.m-q.ch\/mit-leitfaden-fuer-umweltgerechtes-handeln-im-betrieb\/#primaryimage\",\"url\":\"https:\/\/www.m-q.ch\/wp-content\/uploads\/2021\/02\/Mit-Leitfaden-fuer-umweltgerechtes-Handeln-im-Betrieb.jpg\",\"contentUrl\":\"https:\/\/www.m-q.ch\/wp-content\/uploads\/2021\/02\/Mit-Leitfaden-fuer-umweltgerechtes-Handeln-im-Betrieb.jpg\",\"width\":881,\"height\":683,\"caption\":\"Mit Leitfaden f\u00fcr umweltgerechtes Handeln im Betrieb\"},{\"@type\":\"BreadcrumbList\",\"@id\":\"https:\/\/www.m-q.ch\/mit-leitfaden-fuer-umweltgerechtes-handeln-im-betrieb\/#breadcrumb\",\"itemListElement\":[{\"@type\":\"ListItem\",\"position\":1,\"name\":\"Risikomanagement\",\"item\":\"https:\/\/www.m-q.ch\/kategorie\/risikomanagement\/\"},{\"@type\":\"ListItem\",\"position\":2,\"name\":\"Mit Leitfaden f\u00fcr umweltgerechtes Handeln im Betrieb\"}]},{\"@type\":\"WebSite\",\"@id\":\"https:\/\/www.m-q.ch\/fr\/#website\",\"url\":\"https:\/\/www.m-q.ch\/fr\/\",\"name\":\"MQ Management und Qualit\u00e4t\",\"description\":\"Plattform f\u00fcr integrierte Managementsysteme.\",\"publisher\":{\"@id\":\"https:\/\/www.m-q.ch\/fr\/#organization\"},\"potentialAction\":[{\"@type\":\"SearchAction\",\"target\":{\"@type\":\"EntryPoint\",\"urlTemplate\":\"https:\/\/www.m-q.ch\/fr\/?s={search_term_string}\"},\"query-input\":{\"@type\":\"PropertyValueSpecification\",\"valueRequired\":true,\"valueName\":\"search_term_string\"}}],\"inLanguage\":\"fr-FR\"},{\"@type\":\"Organization\",\"@id\":\"https:\/\/www.m-q.ch\/fr\/#organization\",\"name\":\"Galledia Fachmedien AG\",\"url\":\"https:\/\/www.m-q.ch\/fr\/\",\"logo\":{\"@type\":\"ImageObject\",\"inLanguage\":\"fr-FR\",\"@id\":\"https:\/\/www.m-q.ch\/fr\/#\/schema\/logo\/image\/\",\"url\":\"https:\/\/www.m-q.ch\/wp-content\/uploads\/2020\/12\/cropped-logo_small.png\",\"contentUrl\":\"https:\/\/www.m-q.ch\/wp-content\/uploads\/2020\/12\/cropped-logo_small.png\",\"width\":512,\"height\":512,\"caption\":\"Galledia Fachmedien AG\"},\"image\":{\"@id\":\"https:\/\/www.m-q.ch\/fr\/#\/schema\/logo\/image\/\"},\"sameAs\":[\"https:\/\/www.facebook.com\/ManagementUndQualitaet\",\"https:\/\/www.linkedin.com\/showcase\/17982321\/admin\/\"]},{\"@type\":\"Person\",\"@id\":\"https:\/\/www.m-q.ch\/fr\/#\/schema\/person\/71f647a41e4a3e361e6230f5134f3ba9\",\"name\":\"upwork_2\",\"image\":{\"@type\":\"ImageObject\",\"inLanguage\":\"fr-FR\",\"@id\":\"https:\/\/www.m-q.ch\/fr\/#\/schema\/person\/image\/\",\"url\":\"https:\/\/secure.gravatar.com\/avatar\/777b90ab56092bbf3c85feacda5c1bce?s=96&d=mm&r=g\",\"contentUrl\":\"https:\/\/secure.gravatar.com\/avatar\/777b90ab56092bbf3c85feacda5c1bce?s=96&d=mm&r=g\",\"caption\":\"upwork_2\"},\"url\":\"https:\/\/www.m-q.ch\/fr\/author\/upwork_2\/\"}]}<\/script>\n<!-- \/ Yoast SEO plugin. -->","yoast_head_json":{"title":"Avec des lignes directrices pour des actions compatibles avec l'environnement dans l'entreprise - MQ Management und Qualit\u00e4t","description":"Il y a bien sept ans, la CHR s'est fait certifier par la SQS selon la norme ISO 14001. R\u00e9cemment, l'entreprise a mis sa philosophie sur les activit\u00e9s compatibles avec l'environnement dans un guide pratique - simple, compr\u00e9hensible et g\u00e9rable : le syst\u00e8me de gestion environnementale KHR en seulement 20 pages A5. Markus Clavadetschere, directeur de l'usine, explique les points cl\u00e9s du syst\u00e8me.","robots":{"index":"index","follow":"follow","max-snippet":"max-snippet:-1","max-image-preview":"max-image-preview:large","max-video-preview":"max-video-preview:-1"},"canonical":"https:\/\/www.m-q.ch\/fr\/avec-guide-daction-ecologique-dans-lentreprise\/","og_locale":"fr_FR","og_type":"article","og_title":"Mit Leitfaden f\u00fcr umweltgerechtes Handeln im Betrieb - MQ Management und Qualit\u00e4t","og_description":"Vor gut sieben Jahren liessen sich die KHR von derSQS nach ISO 14001 zertifizieren. K\u00fcrzlich hat dasUnternehmen seine Philosophie zu umweltgerechterT\u00e4tigkeit in einen Praxis-Leitfaden gefasst \u2013einfach, verst\u00e4ndlich und handhabbar: Das KHRUmweltmanagementsystemauf bloss 20 A5-Seiten. Betriebsleiter Markus Clavadetscherbeleuchtet die Eckpunkte des Systems.","og_url":"https:\/\/www.m-q.ch\/fr\/avec-guide-daction-ecologique-dans-lentreprise\/","og_site_name":"MQ Management und Qualit\u00e4t","article_publisher":"https:\/\/www.facebook.com\/ManagementUndQualitaet","article_published_time":"2015-02-17T06:56:31+00:00","article_modified_time":"2021-02-15T07:51:38+00:00","og_image":[{"width":881,"height":683,"url":"https:\/\/www.m-q.ch\/wp-content\/uploads\/2021\/02\/Mit-Leitfaden-fuer-umweltgerechtes-Handeln-im-Betrieb.jpg","type":"image\/jpeg"}],"author":"upwork_2","twitter_card":"summary_large_image","twitter_misc":{"\u00c9crit par":"upwork_2","Dur\u00e9e de lecture estim\u00e9e":"4 minutes"},"schema":{"@context":"https:\/\/schema.org","@graph":[{"@type":"Article","@id":"https:\/\/www.m-q.ch\/mit-leitfaden-fuer-umweltgerechtes-handeln-im-betrieb\/#article","isPartOf":{"@id":"https:\/\/www.m-q.ch\/mit-leitfaden-fuer-umweltgerechtes-handeln-im-betrieb\/"},"author":{"name":"upwork_2","@id":"https:\/\/www.m-q.ch\/fr\/#\/schema\/person\/71f647a41e4a3e361e6230f5134f3ba9"},"headline":"Mit Leitfaden f\u00fcr umweltgerechtes Handeln im Betrieb","datePublished":"2015-02-17T06:56:31+00:00","dateModified":"2021-02-15T07:51:38+00:00","mainEntityOfPage":{"@id":"https:\/\/www.m-q.ch\/mit-leitfaden-fuer-umweltgerechtes-handeln-im-betrieb\/"},"wordCount":881,"publisher":{"@id":"https:\/\/www.m-q.ch\/fr\/#organization"},"image":{"@id":"https:\/\/www.m-q.ch\/mit-leitfaden-fuer-umweltgerechtes-handeln-im-betrieb\/#primaryimage"},"thumbnailUrl":"https:\/\/www.m-q.ch\/wp-content\/uploads\/2021\/02\/Mit-Leitfaden-fuer-umweltgerechtes-Handeln-im-Betrieb.jpg","keywords":["01\u2013 02\/2015"],"articleSection":["Risikomanagement"],"inLanguage":"fr-FR"},{"@type":"WebPage","@id":"https:\/\/www.m-q.ch\/mit-leitfaden-fuer-umweltgerechtes-handeln-im-betrieb\/","url":"https:\/\/www.m-q.ch\/mit-leitfaden-fuer-umweltgerechtes-handeln-im-betrieb\/","name":"Avec des lignes directrices pour des actions compatibles avec l'environnement dans l'entreprise - MQ Management und Qualit\u00e4t","isPartOf":{"@id":"https:\/\/www.m-q.ch\/fr\/#website"},"primaryImageOfPage":{"@id":"https:\/\/www.m-q.ch\/mit-leitfaden-fuer-umweltgerechtes-handeln-im-betrieb\/#primaryimage"},"image":{"@id":"https:\/\/www.m-q.ch\/mit-leitfaden-fuer-umweltgerechtes-handeln-im-betrieb\/#primaryimage"},"thumbnailUrl":"https:\/\/www.m-q.ch\/wp-content\/uploads\/2021\/02\/Mit-Leitfaden-fuer-umweltgerechtes-Handeln-im-Betrieb.jpg","datePublished":"2015-02-17T06:56:31+00:00","dateModified":"2021-02-15T07:51:38+00:00","description":"Il y a bien sept ans, la CHR s'est fait certifier par la SQS selon la norme ISO 14001. R\u00e9cemment, l'entreprise a mis sa philosophie sur les activit\u00e9s compatibles avec l'environnement dans un guide pratique - simple, compr\u00e9hensible et g\u00e9rable : le syst\u00e8me de gestion environnementale KHR en seulement 20 pages A5. Markus Clavadetschere, directeur de l'usine, explique les points cl\u00e9s du syst\u00e8me.","breadcrumb":{"@id":"https:\/\/www.m-q.ch\/mit-leitfaden-fuer-umweltgerechtes-handeln-im-betrieb\/#breadcrumb"},"inLanguage":"fr-FR","potentialAction":[{"@type":"ReadAction","target":["https:\/\/www.m-q.ch\/mit-leitfaden-fuer-umweltgerechtes-handeln-im-betrieb\/"]}]},{"@type":"ImageObject","inLanguage":"fr-FR","@id":"https:\/\/www.m-q.ch\/mit-leitfaden-fuer-umweltgerechtes-handeln-im-betrieb\/#primaryimage","url":"https:\/\/www.m-q.ch\/wp-content\/uploads\/2021\/02\/Mit-Leitfaden-fuer-umweltgerechtes-Handeln-im-Betrieb.jpg","contentUrl":"https:\/\/www.m-q.ch\/wp-content\/uploads\/2021\/02\/Mit-Leitfaden-fuer-umweltgerechtes-Handeln-im-Betrieb.jpg","width":881,"height":683,"caption":"Mit Leitfaden f\u00fcr umweltgerechtes Handeln im Betrieb"},{"@type":"BreadcrumbList","@id":"https:\/\/www.m-q.ch\/mit-leitfaden-fuer-umweltgerechtes-handeln-im-betrieb\/#breadcrumb","itemListElement":[{"@type":"ListItem","position":1,"name":"Risikomanagement","item":"https:\/\/www.m-q.ch\/kategorie\/risikomanagement\/"},{"@type":"ListItem","position":2,"name":"Mit Leitfaden f\u00fcr umweltgerechtes Handeln im Betrieb"}]},{"@type":"WebSite","@id":"https:\/\/www.m-q.ch\/fr\/#website","url":"https:\/\/www.m-q.ch\/fr\/","name":"Gestion et qualit\u00e9 du QM","description":"Plate-forme pour les syst\u00e8mes de gestion int\u00e9gr\u00e9e.","publisher":{"@id":"https:\/\/www.m-q.ch\/fr\/#organization"},"potentialAction":[{"@type":"SearchAction","target":{"@type":"EntryPoint","urlTemplate":"https:\/\/www.m-q.ch\/fr\/?s={search_term_string}"},"query-input":{"@type":"PropertyValueSpecification","valueRequired":true,"valueName":"search_term_string"}}],"inLanguage":"fr-FR"},{"@type":"Organization","@id":"https:\/\/www.m-q.ch\/fr\/#organization","name":"Galledia Trade Media AG","url":"https:\/\/www.m-q.ch\/fr\/","logo":{"@type":"ImageObject","inLanguage":"fr-FR","@id":"https:\/\/www.m-q.ch\/fr\/#\/schema\/logo\/image\/","url":"https:\/\/www.m-q.ch\/wp-content\/uploads\/2020\/12\/cropped-logo_small.png","contentUrl":"https:\/\/www.m-q.ch\/wp-content\/uploads\/2020\/12\/cropped-logo_small.png","width":512,"height":512,"caption":"Galledia Fachmedien AG"},"image":{"@id":"https:\/\/www.m-q.ch\/fr\/#\/schema\/logo\/image\/"},"sameAs":["https:\/\/www.facebook.com\/ManagementUndQualitaet","https:\/\/www.linkedin.com\/showcase\/17982321\/admin\/"]},{"@type":"Person","@id":"https:\/\/www.m-q.ch\/fr\/#\/schema\/person\/71f647a41e4a3e361e6230f5134f3ba9","name":"upwork_2","image":{"@type":"ImageObject","inLanguage":"fr-FR","@id":"https:\/\/www.m-q.ch\/fr\/#\/schema\/person\/image\/","url":"https:\/\/secure.gravatar.com\/avatar\/777b90ab56092bbf3c85feacda5c1bce?s=96&d=mm&r=g","contentUrl":"https:\/\/secure.gravatar.com\/avatar\/777b90ab56092bbf3c85feacda5c1bce?s=96&d=mm&r=g","caption":"upwork_2"},"url":"https:\/\/www.m-q.ch\/fr\/author\/upwork_2\/"}]}},"_links":{"self":[{"href":"https:\/\/www.m-q.ch\/fr\/wp-json\/wp\/v2\/posts\/11843","targetHints":{"allow":["GET"]}}],"collection":[{"href":"https:\/\/www.m-q.ch\/fr\/wp-json\/wp\/v2\/posts"}],"about":[{"href":"https:\/\/www.m-q.ch\/fr\/wp-json\/wp\/v2\/types\/post"}],"author":[{"embeddable":true,"href":"https:\/\/www.m-q.ch\/fr\/wp-json\/wp\/v2\/users\/62"}],"replies":[{"embeddable":true,"href":"https:\/\/www.m-q.ch\/fr\/wp-json\/wp\/v2\/comments?post=11843"}],"version-history":[{"count":1,"href":"https:\/\/www.m-q.ch\/fr\/wp-json\/wp\/v2\/posts\/11843\/revisions"}],"predecessor-version":[{"id":11872,"href":"https:\/\/www.m-q.ch\/fr\/wp-json\/wp\/v2\/posts\/11843\/revisions\/11872"}],"wp:featuredmedia":[{"embeddable":true,"href":"https:\/\/www.m-q.ch\/fr\/wp-json\/wp\/v2\/media\/11871"}],"wp:attachment":[{"href":"https:\/\/www.m-q.ch\/fr\/wp-json\/wp\/v2\/media?parent=11843"}],"wp:term":[{"taxonomy":"category","embeddable":true,"href":"https:\/\/www.m-q.ch\/fr\/wp-json\/wp\/v2\/categories?post=11843"},{"taxonomy":"post_tag","embeddable":true,"href":"https:\/\/www.m-q.ch\/fr\/wp-json\/wp\/v2\/tags?post=11843"}],"curies":[{"name":"wp","href":"https:\/\/api.w.org\/{rel}","templated":true}]}}