{"id":11874,"date":"2015-02-25T08:51:54","date_gmt":"2015-02-25T07:51:54","guid":{"rendered":"https:\/\/www.m-q.ch\/?p=11874"},"modified":"2021-02-15T09:14:25","modified_gmt":"2021-02-15T08:14:25","slug":"le-discours-difficile-et-le-slogan","status":"publish","type":"post","link":"https:\/\/www.m-q.ch\/fr\/die-schwierige-rede-und-das-motto\/","title":{"rendered":"Le discours difficile et la devise"},"content":{"rendered":"<p>\"Mesdames et Messieurs, je viens devant vous aujourd'hui pour vous informer d'une mesure drastique\", commence \u00e0 taper Hannes. Hannes fait une pause : \"Treten\" - qui ressemble trop \u00e0 \"Kicking the bucket\" - sonne trop dramatique. Alors, pense-t-il, mieux vaut \u00eatre plus direct :<\/p>\n<p>&nbsp;<\/p>\n<p>\"Mesdames et messieurs\" - c'est probablement un peu formel, distant, \u00e7a lui traverse la t\u00eate. \"Chers employ\u00e9s\". Exactement, cela exprime une appr\u00e9ciation, c'est dans la d\u00e9claration de mission. Alors : \"Chers employ\u00e9s, je voudrais vous informer aujourd'hui d'un ...\" - Non, Hannes n'aime pas \u00e7a. \"Des mesures radicales\", c'est comme si nous \u00e9tions sur le point de fermer l'entreprise. Mais nous nous d\u00e9pla\u00e7ons simplement l\u00e0 o\u00f9 se trouvent les march\u00e9s. En gros, nous nous rapprochons du client. Exactement ( !), la \"proximit\u00e9 du client\" est ce que nous voulons vraiment. Hannes : \"Cela ne ressemble pas \u00e0 une r\u00e9duction des effectifs, mais plut\u00f4t \u00e0 la mise en place de nouveaux canaux de distribution\".<\/p>\n<p>&nbsp;<\/p>\n<p><em><strong>La \"proximit\u00e9 avec le client\" est en fait ce que nous voulons.<\/strong><\/em><\/p>\n<p>&nbsp;<\/p>\n<p>Hannes s'emporte sur le clavier.<\/p>\n<p>&nbsp;<\/p>\n<p><em>\"Chers employ\u00e9s. <\/em><\/p>\n<p>Je suis heureux de vous orienter sur notre nouvelle strat\u00e9gie pour une plus grande proximit\u00e9 avec les clients. Rapprocher les canaux de distribution, c'est la recette, mais cela demande aussi des sacrifices\". Non, le \"sacrifice\" n'est pas une option. Les projets de changement sont des \"opportunit\u00e9s\". \"Nous avons une occasion unique de mieux nous positionner sur le march\u00e9 gr\u00e2ce \u00e0 ce r\u00e9alignement.\" Oui, \u00e7a correspond. C'est cens\u00e9 \u00eatre positif. Rien sur le \"r\u00e9tr\u00e9cissement sain\", cela voudrait dire que nous \u00e9tions \"malades\" avant !<\/p>\n<p>&nbsp;<\/p>\n<p>\"Se concentrer sur les activit\u00e9s centrales\" - oui, il faut le faire. \"Les raisons de ces r\u00e9alignements sont principalement les influences du march\u00e9 des pays \u00e0 bas salaires\". \"Influences du march\u00e9\" - Hannes supprime le mot, il donne l'impression d'une domination \u00e9trang\u00e8re. \"Nous nous adaptons \u00e0 l'\u00e9volution technologique-d\u00e9mographique et sommes un acteur actif de la mondialisation\". C'est bien. Hannes estime qu'il est bon de communiquer cette bonne nouvelle en personne. Le discours sera enrichi de quelques adjectifs euphoniques tels que \"durable\", \"ax\u00e9 sur les r\u00e9sultats\", \"adapt\u00e9 au niveau\", \"gagnant-gagnant\", \"optimis\u00e9\", \"all\u00e9g\u00e9\" et de noms indispensables tels que \"\u00e9tat de l'art\", \"culture du d\u00e9bat\", \"mati\u00e8re \u00e0 r\u00e9flexion\".<\/p>\n<p>&nbsp;<\/p>\n<p>Si nous \u00e9tablissons un th\u00e8me coh\u00e9rent, pense Hannes, l'atmosph\u00e8re de cet apr\u00e8s-midi sera sup\u00e9rieure \u00e0 celle de l'\u00e9v\u00e9nement anniversaire. pense Hannes. \"Fit-for-future\", \u00e7a sonne bien. Abr\u00e9g\u00e9 en \"fi-fo-fu\", il semble cosmopolite avec une touche asiatique appropri\u00e9e. Hannes a en t\u00eate des brochettes de \"fi-fofu\" comme amuse-gueule qui non seulement favorisent la coh\u00e9sion des employ\u00e9s, mais la symbolisent aussi. Nous nous battons tous \u00e0 la m\u00eame broche, pensait-il, fier d'avoir trouv\u00e9 une phrase. Il \u00e9tait g\u00e9n\u00e9ralement en guerre avec ces derniers. Nous frappons avec une pr\u00e9cision extr\u00eame, de sorte que cela blesse l'autre personne et que les morceaux les plus gros collent. Hannes est convaincu qu'il a r\u00e9ussi \u00e0 d\u00e9crocher une blague rh\u00e9torique. Avec le poisson pour \"fi\", le poulain pour \"fo\" et le renard pour \"fu\", il trouve non seulement les bons ingr\u00e9dients de viande pour cette m\u00e9taphore culinaire-psychologique, mais aussi le contenu symbolique pour la r\u00e9orientation : le poisson pour l'adaptation, le poulain pour le dynamique, l'\u00e9nergique et le rapide, le renard pour l'intelligent. Hannes est satisfait de lui-m\u00eame.<\/p>\n<p>&nbsp;<\/p>\n<p><em><strong>Hannes regarde sa montre - il doit encore commander le poisson.<\/strong><\/em><\/p>\n<p>&nbsp;<\/p>\n<p>L'\u00e9cran dit maintenant : \"Chers employ\u00e9s. J'ai le plaisir de vous informer de notre nouvelle strat\u00e9gie durable pour une proximit\u00e9 client davantage ax\u00e9e sur les r\u00e9sultats. Nous avons une occasion unique de nous positionner sur le march\u00e9 all\u00e9g\u00e9 et optimis\u00e9 avec un r\u00e9alignement conforme \u00e0 nos niveaux. Nous nous adaptons \u00e0 l'\u00e9volution technologique-d\u00e9mographique et sommes un acteur actif de la mondialisation. Ce faisant, nous nous concentrons de plus en plus sur nos points forts et sur les activit\u00e9s principales, et gr\u00e2ce \u00e0 cet \u00e9tat de fait, nous cr\u00e9ons une culture gagnant-gagnant qui nous donne une culture de r\u00e9flexion permanente. C'est pourquoi, fid\u00e8le \u00e0 notre nouvelle devise \"Fi-Fo-Fu\" (en forme pour l'avenir), je suis ravi de vous inviter \u00e0 la p\u00eache au poulamon et \u00e0 la broche \u00e0 renard\".<\/p>\n<p>&nbsp;<\/p>\n<p>Hannes regarde l'horloge - l'orientation est sur le point de commencer et il doit encore commander le poisson. Il faut esp\u00e9rer que la nourriture sera bonne pour tout le monde.<\/p>","protected":false},"excerpt":{"rendered":"<p>\u00abMeine Damen und Herren, ich trete heute vor Sie, um Sie \u00fcber eine einschneidende Massnahme zu orientieren\u00bb, beginnt nun Hannes zu tippen. Hannes h\u00e4lt inne: \u00abTreten \u00bb \u2013 das h\u00f6rt sich doch zu sehr nach \u00abvor die Schmitte treten\u00bb an \u2013 klingt dabei zu dramatisch. Also, denkt er, lieber direkter: &nbsp; \u00abMeine Damen und Herren\u00bb [&hellip;]<\/p>\n","protected":false},"author":62,"featured_media":0,"comment_status":"closed","ping_status":"closed","sticky":false,"template":"","format":"standard","meta":{"_acf_changed":false,"footnotes":""},"categories":[4448],"tags":[4786],"class_list":["post-11874","post","type-post","status-publish","format-standard","hentry","category-allgemein","tag-01-02-2015"],"acf":[],"yoast_head":"<!-- This site is optimized with the Yoast SEO plugin v26.2 - https:\/\/yoast.com\/wordpress\/plugins\/seo\/ -->\n<title>Die schwierige Rede und das Motto - MQ Management und Qualit\u00e4t<\/title>\n<meta name=\"description\" content=\"Lustlos sitzt Hannes vor dem Computer.Die Zeit dr\u00e4ngt. Als CEOeines internationalen Industriekonzernsmuss er die Belegschaftheute Nachmittag \u00fcber die misslichefinanzielle Lage des Unternehmensorientieren. Diese keineswegsfrohe Botschaft \u00fcbertrifft die nackteAnk\u00fcndigung, dass ein betr\u00e4chtlicherTeil der Produktion nach Asienverlegt wird.\" \/>\n<meta name=\"robots\" content=\"index, follow, max-snippet:-1, max-image-preview:large, max-video-preview:-1\" \/>\n<link rel=\"canonical\" href=\"https:\/\/www.m-q.ch\/fr\/le-discours-difficile-et-le-slogan\/\" \/>\n<meta property=\"og:locale\" content=\"fr_FR\" \/>\n<meta property=\"og:type\" content=\"article\" \/>\n<meta property=\"og:title\" content=\"Die schwierige Rede und das Motto - MQ Management und Qualit\u00e4t\" \/>\n<meta property=\"og:description\" content=\"Lustlos sitzt Hannes vor dem Computer.Die Zeit dr\u00e4ngt. Als CEOeines internationalen Industriekonzernsmuss er die Belegschaftheute Nachmittag \u00fcber die misslichefinanzielle Lage des Unternehmensorientieren. Diese keineswegsfrohe Botschaft \u00fcbertrifft die nackteAnk\u00fcndigung, dass ein betr\u00e4chtlicherTeil der Produktion nach Asienverlegt wird.\" \/>\n<meta property=\"og:url\" content=\"https:\/\/www.m-q.ch\/fr\/le-discours-difficile-et-le-slogan\/\" \/>\n<meta property=\"og:site_name\" content=\"MQ Management und Qualit\u00e4t\" \/>\n<meta property=\"article:publisher\" content=\"https:\/\/www.facebook.com\/ManagementUndQualitaet\" \/>\n<meta property=\"article:published_time\" content=\"2015-02-25T07:51:54+00:00\" \/>\n<meta property=\"article:modified_time\" content=\"2021-02-15T08:14:25+00:00\" \/>\n<meta name=\"author\" content=\"upwork_2\" \/>\n<meta name=\"twitter:card\" content=\"summary_large_image\" \/>\n<meta name=\"twitter:label1\" content=\"\u00c9crit par\" \/>\n\t<meta name=\"twitter:data1\" content=\"upwork_2\" \/>\n\t<meta name=\"twitter:label2\" content=\"Dur\u00e9e de lecture estim\u00e9e\" \/>\n\t<meta name=\"twitter:data2\" content=\"3 minutes\" \/>\n<script type=\"application\/ld+json\" class=\"yoast-schema-graph\">{\"@context\":\"https:\/\/schema.org\",\"@graph\":[{\"@type\":\"Article\",\"@id\":\"https:\/\/www.m-q.ch\/die-schwierige-rede-und-das-motto\/#article\",\"isPartOf\":{\"@id\":\"https:\/\/www.m-q.ch\/die-schwierige-rede-und-das-motto\/\"},\"author\":{\"name\":\"upwork_2\",\"@id\":\"https:\/\/www.m-q.ch\/fr\/#\/schema\/person\/71f647a41e4a3e361e6230f5134f3ba9\"},\"headline\":\"Die schwierige Rede und das Motto\",\"datePublished\":\"2015-02-25T07:51:54+00:00\",\"dateModified\":\"2021-02-15T08:14:25+00:00\",\"mainEntityOfPage\":{\"@id\":\"https:\/\/www.m-q.ch\/die-schwierige-rede-und-das-motto\/\"},\"wordCount\":648,\"publisher\":{\"@id\":\"https:\/\/www.m-q.ch\/fr\/#organization\"},\"keywords\":[\"01\u2013 02\/2015\"],\"articleSection\":[\"Allgemein\"],\"inLanguage\":\"fr-FR\"},{\"@type\":\"WebPage\",\"@id\":\"https:\/\/www.m-q.ch\/die-schwierige-rede-und-das-motto\/\",\"url\":\"https:\/\/www.m-q.ch\/die-schwierige-rede-und-das-motto\/\",\"name\":\"Die schwierige Rede und das Motto - MQ Management und Qualit\u00e4t\",\"isPartOf\":{\"@id\":\"https:\/\/www.m-q.ch\/fr\/#website\"},\"datePublished\":\"2015-02-25T07:51:54+00:00\",\"dateModified\":\"2021-02-15T08:14:25+00:00\",\"description\":\"Lustlos sitzt Hannes vor dem Computer.Die Zeit dr\u00e4ngt. Als CEOeines internationalen Industriekonzernsmuss er die Belegschaftheute Nachmittag \u00fcber die misslichefinanzielle Lage des Unternehmensorientieren. Diese keineswegsfrohe Botschaft \u00fcbertrifft die nackteAnk\u00fcndigung, dass ein betr\u00e4chtlicherTeil der Produktion nach Asienverlegt wird.\",\"breadcrumb\":{\"@id\":\"https:\/\/www.m-q.ch\/die-schwierige-rede-und-das-motto\/#breadcrumb\"},\"inLanguage\":\"fr-FR\",\"potentialAction\":[{\"@type\":\"ReadAction\",\"target\":[\"https:\/\/www.m-q.ch\/die-schwierige-rede-und-das-motto\/\"]}]},{\"@type\":\"BreadcrumbList\",\"@id\":\"https:\/\/www.m-q.ch\/die-schwierige-rede-und-das-motto\/#breadcrumb\",\"itemListElement\":[{\"@type\":\"ListItem\",\"position\":1,\"name\":\"Allgemein\",\"item\":\"https:\/\/www.m-q.ch\/kategorie\/allgemein\/\"},{\"@type\":\"ListItem\",\"position\":2,\"name\":\"Die schwierige Rede und das Motto\"}]},{\"@type\":\"WebSite\",\"@id\":\"https:\/\/www.m-q.ch\/fr\/#website\",\"url\":\"https:\/\/www.m-q.ch\/fr\/\",\"name\":\"MQ Management und Qualit\u00e4t\",\"description\":\"Plattform f\u00fcr integrierte Managementsysteme.\",\"publisher\":{\"@id\":\"https:\/\/www.m-q.ch\/fr\/#organization\"},\"potentialAction\":[{\"@type\":\"SearchAction\",\"target\":{\"@type\":\"EntryPoint\",\"urlTemplate\":\"https:\/\/www.m-q.ch\/fr\/?s={search_term_string}\"},\"query-input\":{\"@type\":\"PropertyValueSpecification\",\"valueRequired\":true,\"valueName\":\"search_term_string\"}}],\"inLanguage\":\"fr-FR\"},{\"@type\":\"Organization\",\"@id\":\"https:\/\/www.m-q.ch\/fr\/#organization\",\"name\":\"Galledia Fachmedien AG\",\"url\":\"https:\/\/www.m-q.ch\/fr\/\",\"logo\":{\"@type\":\"ImageObject\",\"inLanguage\":\"fr-FR\",\"@id\":\"https:\/\/www.m-q.ch\/fr\/#\/schema\/logo\/image\/\",\"url\":\"https:\/\/www.m-q.ch\/wp-content\/uploads\/2020\/12\/cropped-logo_small.png\",\"contentUrl\":\"https:\/\/www.m-q.ch\/wp-content\/uploads\/2020\/12\/cropped-logo_small.png\",\"width\":512,\"height\":512,\"caption\":\"Galledia Fachmedien AG\"},\"image\":{\"@id\":\"https:\/\/www.m-q.ch\/fr\/#\/schema\/logo\/image\/\"},\"sameAs\":[\"https:\/\/www.facebook.com\/ManagementUndQualitaet\",\"https:\/\/www.linkedin.com\/showcase\/17982321\/admin\/\"]},{\"@type\":\"Person\",\"@id\":\"https:\/\/www.m-q.ch\/fr\/#\/schema\/person\/71f647a41e4a3e361e6230f5134f3ba9\",\"name\":\"upwork_2\",\"image\":{\"@type\":\"ImageObject\",\"inLanguage\":\"fr-FR\",\"@id\":\"https:\/\/www.m-q.ch\/fr\/#\/schema\/person\/image\/\",\"url\":\"https:\/\/secure.gravatar.com\/avatar\/777b90ab56092bbf3c85feacda5c1bce?s=96&d=mm&r=g\",\"contentUrl\":\"https:\/\/secure.gravatar.com\/avatar\/777b90ab56092bbf3c85feacda5c1bce?s=96&d=mm&r=g\",\"caption\":\"upwork_2\"},\"url\":\"https:\/\/www.m-q.ch\/fr\/author\/upwork_2\/\"}]}<\/script>\n<!-- \/ Yoast SEO plugin. -->","yoast_head_json":{"title":"Le discours difficile et la devise - MQ Management und Qualit\u00e4t","description":"Hannes est assis sans bouger devant son ordinateur, press\u00e9 par le temps. En tant que PDG d'un groupe industriel international, il doit cet apr\u00e8s-midi informer les salari\u00e9s de la situation financi\u00e8re malheureuse de l'entreprise. Ce message pas du tout r\u00e9jouissant l'emporte sur l'annonce nue qu'une partie consid\u00e9rable de la production sera d\u00e9localis\u00e9e en Asie.","robots":{"index":"index","follow":"follow","max-snippet":"max-snippet:-1","max-image-preview":"max-image-preview:large","max-video-preview":"max-video-preview:-1"},"canonical":"https:\/\/www.m-q.ch\/fr\/le-discours-difficile-et-le-slogan\/","og_locale":"fr_FR","og_type":"article","og_title":"Die schwierige Rede und das Motto - MQ Management und Qualit\u00e4t","og_description":"Lustlos sitzt Hannes vor dem Computer.Die Zeit dr\u00e4ngt. Als CEOeines internationalen Industriekonzernsmuss er die Belegschaftheute Nachmittag \u00fcber die misslichefinanzielle Lage des Unternehmensorientieren. Diese keineswegsfrohe Botschaft \u00fcbertrifft die nackteAnk\u00fcndigung, dass ein betr\u00e4chtlicherTeil der Produktion nach Asienverlegt wird.","og_url":"https:\/\/www.m-q.ch\/fr\/le-discours-difficile-et-le-slogan\/","og_site_name":"MQ Management und Qualit\u00e4t","article_publisher":"https:\/\/www.facebook.com\/ManagementUndQualitaet","article_published_time":"2015-02-25T07:51:54+00:00","article_modified_time":"2021-02-15T08:14:25+00:00","author":"upwork_2","twitter_card":"summary_large_image","twitter_misc":{"\u00c9crit par":"upwork_2","Dur\u00e9e de lecture estim\u00e9e":"3 minutes"},"schema":{"@context":"https:\/\/schema.org","@graph":[{"@type":"Article","@id":"https:\/\/www.m-q.ch\/die-schwierige-rede-und-das-motto\/#article","isPartOf":{"@id":"https:\/\/www.m-q.ch\/die-schwierige-rede-und-das-motto\/"},"author":{"name":"upwork_2","@id":"https:\/\/www.m-q.ch\/fr\/#\/schema\/person\/71f647a41e4a3e361e6230f5134f3ba9"},"headline":"Die schwierige Rede und das Motto","datePublished":"2015-02-25T07:51:54+00:00","dateModified":"2021-02-15T08:14:25+00:00","mainEntityOfPage":{"@id":"https:\/\/www.m-q.ch\/die-schwierige-rede-und-das-motto\/"},"wordCount":648,"publisher":{"@id":"https:\/\/www.m-q.ch\/fr\/#organization"},"keywords":["01\u2013 02\/2015"],"articleSection":["Allgemein"],"inLanguage":"fr-FR"},{"@type":"WebPage","@id":"https:\/\/www.m-q.ch\/die-schwierige-rede-und-das-motto\/","url":"https:\/\/www.m-q.ch\/die-schwierige-rede-und-das-motto\/","name":"Le discours difficile et la devise - MQ Management und Qualit\u00e4t","isPartOf":{"@id":"https:\/\/www.m-q.ch\/fr\/#website"},"datePublished":"2015-02-25T07:51:54+00:00","dateModified":"2021-02-15T08:14:25+00:00","description":"Hannes est assis sans bouger devant son ordinateur, press\u00e9 par le temps. En tant que PDG d'un groupe industriel international, il doit cet apr\u00e8s-midi informer les salari\u00e9s de la situation financi\u00e8re malheureuse de l'entreprise. Ce message pas du tout r\u00e9jouissant l'emporte sur l'annonce nue qu'une partie consid\u00e9rable de la production sera d\u00e9localis\u00e9e en Asie.","breadcrumb":{"@id":"https:\/\/www.m-q.ch\/die-schwierige-rede-und-das-motto\/#breadcrumb"},"inLanguage":"fr-FR","potentialAction":[{"@type":"ReadAction","target":["https:\/\/www.m-q.ch\/die-schwierige-rede-und-das-motto\/"]}]},{"@type":"BreadcrumbList","@id":"https:\/\/www.m-q.ch\/die-schwierige-rede-und-das-motto\/#breadcrumb","itemListElement":[{"@type":"ListItem","position":1,"name":"Allgemein","item":"https:\/\/www.m-q.ch\/kategorie\/allgemein\/"},{"@type":"ListItem","position":2,"name":"Die schwierige Rede und das Motto"}]},{"@type":"WebSite","@id":"https:\/\/www.m-q.ch\/fr\/#website","url":"https:\/\/www.m-q.ch\/fr\/","name":"Gestion et qualit\u00e9 du QM","description":"Plate-forme pour les syst\u00e8mes de gestion int\u00e9gr\u00e9e.","publisher":{"@id":"https:\/\/www.m-q.ch\/fr\/#organization"},"potentialAction":[{"@type":"SearchAction","target":{"@type":"EntryPoint","urlTemplate":"https:\/\/www.m-q.ch\/fr\/?s={search_term_string}"},"query-input":{"@type":"PropertyValueSpecification","valueRequired":true,"valueName":"search_term_string"}}],"inLanguage":"fr-FR"},{"@type":"Organization","@id":"https:\/\/www.m-q.ch\/fr\/#organization","name":"Galledia Trade Media AG","url":"https:\/\/www.m-q.ch\/fr\/","logo":{"@type":"ImageObject","inLanguage":"fr-FR","@id":"https:\/\/www.m-q.ch\/fr\/#\/schema\/logo\/image\/","url":"https:\/\/www.m-q.ch\/wp-content\/uploads\/2020\/12\/cropped-logo_small.png","contentUrl":"https:\/\/www.m-q.ch\/wp-content\/uploads\/2020\/12\/cropped-logo_small.png","width":512,"height":512,"caption":"Galledia Fachmedien AG"},"image":{"@id":"https:\/\/www.m-q.ch\/fr\/#\/schema\/logo\/image\/"},"sameAs":["https:\/\/www.facebook.com\/ManagementUndQualitaet","https:\/\/www.linkedin.com\/showcase\/17982321\/admin\/"]},{"@type":"Person","@id":"https:\/\/www.m-q.ch\/fr\/#\/schema\/person\/71f647a41e4a3e361e6230f5134f3ba9","name":"upwork_2","image":{"@type":"ImageObject","inLanguage":"fr-FR","@id":"https:\/\/www.m-q.ch\/fr\/#\/schema\/person\/image\/","url":"https:\/\/secure.gravatar.com\/avatar\/777b90ab56092bbf3c85feacda5c1bce?s=96&d=mm&r=g","contentUrl":"https:\/\/secure.gravatar.com\/avatar\/777b90ab56092bbf3c85feacda5c1bce?s=96&d=mm&r=g","caption":"upwork_2"},"url":"https:\/\/www.m-q.ch\/fr\/author\/upwork_2\/"}]}},"_links":{"self":[{"href":"https:\/\/www.m-q.ch\/fr\/wp-json\/wp\/v2\/posts\/11874","targetHints":{"allow":["GET"]}}],"collection":[{"href":"https:\/\/www.m-q.ch\/fr\/wp-json\/wp\/v2\/posts"}],"about":[{"href":"https:\/\/www.m-q.ch\/fr\/wp-json\/wp\/v2\/types\/post"}],"author":[{"embeddable":true,"href":"https:\/\/www.m-q.ch\/fr\/wp-json\/wp\/v2\/users\/62"}],"replies":[{"embeddable":true,"href":"https:\/\/www.m-q.ch\/fr\/wp-json\/wp\/v2\/comments?post=11874"}],"version-history":[{"count":1,"href":"https:\/\/www.m-q.ch\/fr\/wp-json\/wp\/v2\/posts\/11874\/revisions"}],"predecessor-version":[{"id":11887,"href":"https:\/\/www.m-q.ch\/fr\/wp-json\/wp\/v2\/posts\/11874\/revisions\/11887"}],"wp:attachment":[{"href":"https:\/\/www.m-q.ch\/fr\/wp-json\/wp\/v2\/media?parent=11874"}],"wp:term":[{"taxonomy":"category","embeddable":true,"href":"https:\/\/www.m-q.ch\/fr\/wp-json\/wp\/v2\/categories?post=11874"},{"taxonomy":"post_tag","embeddable":true,"href":"https:\/\/www.m-q.ch\/fr\/wp-json\/wp\/v2\/tags?post=11874"}],"curies":[{"name":"wp","href":"https:\/\/api.w.org\/{rel}","templated":true}]}}