{"id":11875,"date":"2015-03-01T08:51:55","date_gmt":"2015-03-01T07:51:55","guid":{"rendered":"https:\/\/www.m-q.ch\/?p=11875"},"modified":"2021-02-15T09:25:20","modified_gmt":"2021-02-15T08:25:20","slug":"le-choc-de-la-liberte-soudaine","status":"publish","type":"post","link":"https:\/\/www.m-q.ch\/fr\/der-schock-der-ploetzlichen-freizeit\/","title":{"rendered":"Le choc du temps libre soudain"},"content":{"rendered":"<p><img loading=\"lazy\" decoding=\"async\" class=\"alignnone size-full wp-image-11900\" src=\"https:\/\/www.m-q.ch\/wp-content\/uploads\/2021\/02\/Der-Schock-der-ploetzlichen-Freizeit.jpg\" alt=\"Le choc du temps libre soudain\" width=\"874\" height=\"1199\" srcset=\"https:\/\/www.m-q.ch\/wp-content\/uploads\/2021\/02\/Der-Schock-der-ploetzlichen-Freizeit.jpg 874w, https:\/\/www.m-q.ch\/wp-content\/uploads\/2021\/02\/Der-Schock-der-ploetzlichen-Freizeit-768x1054.jpg 768w, https:\/\/www.m-q.ch\/wp-content\/uploads\/2021\/02\/Der-Schock-der-ploetzlichen-Freizeit-9x12.jpg 9w, https:\/\/www.m-q.ch\/wp-content\/uploads\/2021\/02\/Der-Schock-der-ploetzlichen-Freizeit-128x175.jpg 128w, https:\/\/www.m-q.ch\/wp-content\/uploads\/2021\/02\/Der-Schock-der-ploetzlichen-Freizeit-255x350.jpg 255w, https:\/\/www.m-q.ch\/wp-content\/uploads\/2021\/02\/Der-Schock-der-ploetzlichen-Freizeit-583x800.jpg 583w, https:\/\/www.m-q.ch\/wp-content\/uploads\/2021\/02\/Der-Schock-der-ploetzlichen-Freizeit-300x412.jpg 300w\" sizes=\"auto, (max-width: 874px) 100vw, 874px\" \/><\/p>\n<p>&nbsp;<\/p>\n<p>&nbsp;<\/p>\n<p>Une cessation d'emploi abrupte d\u00e9clenche un \u00e9tat de choc. La s\u00e9curit\u00e9 de la planification \u00e9conomique et la prise en charge de la famille sont tout aussi menac\u00e9es que l'estime et l'image de soi, qui sont toutes deux \u00e9galement d\u00e9termin\u00e9es dans une large mesure par l'activit\u00e9 professionnelle.<\/p>\n<p>&nbsp;<\/p>\n<p><em><strong>M. Reichelt, le conseil en r\u00e9orientation professionnelle apr\u00e8s une cessation d'activit\u00e9 est l'un de vos domaines de travail depuis de nombreuses ann\u00e9es. Qu'est-ce qui oblige parfois les entreprises \u00e0 proc\u00e9der \u00e0 des licenciements que les personnes concern\u00e9es n'attendaient pas du tout ? <\/strong><\/em><\/p>\n<p><em><strong>Erik Reichelt :<\/strong><\/em> En r\u00e8gle g\u00e9n\u00e9rale, il s'agit de mesures d'optimisation organisationnelle et \u00e9conomique. Lorsque les entreprises planifient la \"liste de licenciement\", elles se concentrent principalement sur les employ\u00e9s qui ne semblent plus r\u00e9pondre aux nouvelles exigences de qualification ou dont les t\u00e2ches sont externalis\u00e9es ou transf\u00e9r\u00e9es \u00e0 d'autres employ\u00e9s par une compression encore plus importante du travail. Pour faire d'une pierre deux coups, l'accent est mis sur les employ\u00e9s avec lesquels il n'existe pas non plus de coop\u00e9ration harmonieuse sur le plan personnel ou qui, en raison d'absences fr\u00e9quentes du travail pour cause de maladie, ne satisfont plus aux chiffres cl\u00e9s de la soi-disant productivit\u00e9.<\/p>\n<p>&nbsp;<\/p>\n<p><em><strong>Enqu\u00eat\u00e9. Il y a peu d'alternatives dans la vie. Pourquoi la s\u00e9paration de choc est-elle n\u00e9anmoins le dernier recours dans les cas que vous d\u00e9crivez ?<\/strong><\/em><\/p>\n<p>L'exp\u00e9rience montre que, dans les cas d\u00e9crits, une coupe claire et rapide est la meilleure \u00e9tape pour toutes les personnes impliqu\u00e9es, r\u00e9trospectivement. Cela devient toujours apparent apr\u00e8s que l'employ\u00e9 licenci\u00e9 est devenu une nouvelle r\u00e9alit\u00e9. Heureusement, j'ai remarqu\u00e9 \u00e0 maintes reprises que la plupart des employ\u00e9s ainsi licenci\u00e9s font preuve d'un grand dynamisme et d'une grande capacit\u00e9 d'adaptation apr\u00e8s le choc initial, afin de d\u00e9velopper de nouvelles perspectives. Ce dernier est pr\u00e9cis\u00e9ment l'objet du conseil en outplacement. Ce qui est inconcevable apr\u00e8s le choc initial se produit n\u00e9anmoins, \u00e0 savoir que les personnes licenci\u00e9es retrouvent un emploi au plus tard au bout d'un an, parfois m\u00eame dans de meilleures conditions qu'auparavant. R\u00e9trospectivement, nombreux sont ceux qui se rendent compte que - m\u00eame si elle a \u00e9t\u00e9 d\u00e9clench\u00e9e involontairement - la r\u00e9orientation professionnelle \u00e9tait attendue depuis longtemps, souvent aussi en raison de circonstances de vie personnelles modifi\u00e9es.<\/p>\n<p>&nbsp;<\/p>\n<p><em><strong>Derri\u00e8re les cas que vous d\u00e9crivez, il y a un compromis co\u00fbt-b\u00e9n\u00e9fice. Sur quoi se fonde-t-elle ?<\/strong> <\/em><\/p>\n<p>Comme auparavant, c'est tr\u00e8s simple : si les recettes ne peuvent pas \u00eatre augment\u00e9es, la vis des co\u00fbts de personnel est tourn\u00e9e ! En r\u00e9duisant les effectifs, les bilans sont rapidement occult\u00e9s, ce qui l\u00e9gitime superficiellement les licenciements de personnel associ\u00e9s. Mais l\u00e0 aussi, nous devons regarder au-del\u00e0 du superficiel. Le contexte d'un licenciement effectu\u00e9 par l'employeur n'est pas toujours aussi motiv\u00e9. Comme nous l'avons d\u00e9j\u00e0 mentionn\u00e9, la qualit\u00e9 de la coop\u00e9ration joue souvent le r\u00f4le principal ici, car elle n'est plus consid\u00e9r\u00e9e comme positive en termes personnels ou professionnels. Les attentes d'une partie et les d\u00e9veloppements de l'autre - nous le savons aussi dans la vie priv\u00e9e - s'\u00e9cartent parfois. N\u00e9anmoins, m\u00eame dans ces cas, des raisons op\u00e9rationnelles sont avanc\u00e9es, car les conditions l\u00e9gales pour un licenciement comportemental ou personnel font d\u00e9faut. En g\u00e9n\u00e9ral, ces s\u00e9parations sont effectu\u00e9es avec un accord de r\u00e9siliation individuel.<\/p>\n<p>&nbsp;<\/p>\n<p><em><strong>Monsieur Reichelt, les cadres doivent-ils donc \u00eatre conscients et se pr\u00e9parer au fait qu'ils peuvent se retrouver au ch\u00f4mage du jour au lendemain ?<\/strong> <\/em><\/p>\n<p>Oui, malheureusement ! Encore une fois, personne n'est irrempla\u00e7able ! L'\u00e9poque de la s\u00e9curit\u00e9 de l'emploi \u00e0 long terme est r\u00e9volue depuis longtemps. M\u00eame la g\u00e9n\u00e9ration montante n'a plus l'intention de faire son cheminement de carri\u00e8re dans une seule entreprise. Au cours des 30 derni\u00e8res ann\u00e9es, un nombre consid\u00e9rable d'emplois ont \u00e9t\u00e9 supprim\u00e9s aux niveaux inf\u00e9rieurs et interm\u00e9diaires de la hi\u00e9rarchie. Depuis une quinzaine d'ann\u00e9es, cela a \u00e9galement touch\u00e9 massivement les postes de direction. Le remplacement rapide des entra\u00eeneurs de football est le reflet de ce qui se passe \u00e9galement dans l'industrie et le monde des affaires lorsque les r\u00e9sultats souhait\u00e9s ne sont pas atteints en temps voulu. Les postes d'encadrement se situent dans une structure salariale plus \u00e9lev\u00e9e, et sont donc soumis \u00e0 un examen encore plus critique en termes d'efficacit\u00e9. Le vent souffle plus fort sur ces planchers, m\u00eame dans les relations personnelles. L'exp\u00e9rience montre qu'un nouveau PDG ou directeur g\u00e9n\u00e9ral vise rapidement ces rangs.<\/p>\n<p>&nbsp;<\/p>\n<p><em><strong>Comment une femme ou un homme en position \u00e9lev\u00e9e doit-il se pr\u00e9parer \u00e0 cette \u00e9ventualit\u00e9 ?<\/strong> <\/em><\/p>\n<p>Reconnaissez le chant du cygne d\u00e8s maintenant ! Les indicateurs sont les chiffres de l'entreprise, y compris la rentabilit\u00e9 de sa propre zone ainsi que la tendance g\u00e9n\u00e9rale de l'exploitation \u00e0 r\u00e9duire les co\u00fbts de personnel. Les disputes de plus en plus critiques avec les sup\u00e9rieurs hi\u00e9rarchiques suivants sont \u00e9galement un signal d'alarme essentiel. Je le recommande : D\u00e8s qu'une personne a le sentiment indubitable que son emploi est menac\u00e9, elle doit \u00eatre mise sur le march\u00e9 du travail. Le simple fait d'accepter d'\u00eatre pr\u00eat \u00e0 un changement et d'identifier ses options de carri\u00e8re est la premi\u00e8re \u00e9tape pour ne pas se retrouver \u00e0 la merci de l'entreprise sans alternative. L'assurance de protection juridique est \u00e9galement rassurante pour obtenir rapidement un soutien juridique. Cela a un effet d\u00e9favorable si quelqu'un renonce \u00e0 un soutien juridique simplement parce qu'il n'a pas les moyens de payer les frais.<\/p>\n<p>&nbsp;<\/p>\n<p><em><strong>Voil\u00e0 pour la th\u00e9orie, le DEVRAIT. Qu'en est-il de l'ACTUEL, comment l'attitude se pr\u00e9sente-t-elle du point de vue de votre pratique ?<\/strong> <\/em><\/p>\n<p>Malgr\u00e9 une meilleure connaissance du contexte, c'est aussi le cas des managers qui font l'autruche face \u00e0 leurs meilleures connaissances et \u00e0 leur pressentiment et esp\u00e8rent que le calice leur passera sous le nez. Souvent, l'id\u00e9e d'emporter au moins une indemnit\u00e9 de licenciement si le pire devait arriver joue \u00e9galement un r\u00f4le. Si un manager aborde de mani\u00e8re proactive ce qui est per\u00e7u comme une situation bancale, il ne re\u00e7oit g\u00e9n\u00e9ralement pas de retour d'information honn\u00eate, et ce n'est pas n\u00e9cessaire. Prendre en main son destin imminent est certainement aussi une expression de la tendance g\u00e9n\u00e9rale d'une personne \u00e0 fa\u00e7onner sa vie de mani\u00e8re offensive ou \u00e0 rester comme un lapin devant un serpent.<\/p>\n<p>&nbsp;<\/p>\n<p><em><strong>Pour que le choc du temps libre soudain ne devienne pas une chute dans le puits sans fond, qu'est-ce qui est particuli\u00e8rement important comme protection contre cela ?<\/strong> <\/em><\/p>\n<p>Pour se neutraliser consciemment, peut-\u00eatre dans le cadre de vacances avec un changement de d\u00e9cor. J'entends par l\u00e0 surmonter les phases de d\u00e9ception et de col\u00e8re li\u00e9es \u00e0 la perte d'emploi, prendre de la distance par rapport \u00e0 l'entreprise et \u00eatre pr\u00eat \u00e0 se concentrer sans r\u00e9serve sur le fait que c'est maintenant le travail de trouver un nouvel emploi ! Selon votre personnalit\u00e9, ce processus peut \u00eatre plus ou moins long, mais au bout d'un mois environ, vous devriez commencer \u00e0 agir. Et, m\u00eame si c'est difficile, l'autor\u00e9flexion critique, ce qui a peut-\u00eatre \u00e9t\u00e9 la propre partie \u00e0 perdre l'emploi, car si n\u00e9cessaire, cette prise de conscience doit \u00eatre incluse dans les dispositions futures. En outre, l'autodiscipline est particuli\u00e8rement n\u00e9cessaire dans cette situation. Il est important de donner une structure \u00e0 la journ\u00e9e et de maintenir les habitudes ant\u00e9rieures, par exemple les activit\u00e9s sportives, en premier lieu et de contrecarrer toute autol\u00e9gie qui pourrait survenir. Dans la plupart des cas, le conseil en outplacement devient actif d\u00e8s que le licenciement a \u00e9t\u00e9 prononc\u00e9, ce qui s'accompagne g\u00e9n\u00e9ralement d'une lib\u00e9ration imm\u00e9diate du travail. La personne licenci\u00e9e est d\u00e9j\u00e0 \"prise en charge\" par le service de conseil dans cette situation et est surtout soutenue mentalement et psychologiquement avant que ne commence la phase pragmatique de la r\u00e9orientation professionnelle.<\/p>\n<p>&nbsp;<\/p>\n<p><em><strong>Existe-t-il des donn\u00e9es empiriques sur le temps n\u00e9cessaire \u00e0 l'\u00e9tablissement d'une nouvelle relation de travail apr\u00e8s une rupture brutale ?<\/strong> <\/em><\/p>\n<p>L'exp\u00e9rience moyenne se situe entre six et neuf mois avec environ 80 candidatures. L'un est d\u00e9j\u00e0 trouv\u00e9 quatre semaines apr\u00e8s la troisi\u00e8me demande, l'autre est encore en cours de traitement apr\u00e8s six mois et 100 demandes. Les facteurs d\u00e9cisifs sont les qualifications pertinentes pour le march\u00e9 du travail, la mobilit\u00e9 et, le cas \u00e9ch\u00e9ant, la capacit\u00e9 \u00e0 faire des compromis sur le contenu du travail ou les finances.<\/p>\n<p>&nbsp;<\/p>\n<p><em><strong>Encore une fois, selon l'exp\u00e9rience, de quoi d\u00e9pend-il si ce temps sera court, long ou m\u00eame tr\u00e8s long ?<\/strong> <\/em><\/p>\n<p>Les choses deviennent difficiles lorsqu'une personne approche de la soixantaine, \u00e0 l'exception des candidats qui font partie de l'encadrement sup\u00e9rieur. Les candidats, m\u00eame au-del\u00e0 de l'\u00e2ge de 45 ans, ayant de bonnes qualifications, ont g\u00e9n\u00e9ralement de bonnes chances d'avoir une nouvelle relation de travail dans un avenir proche. Cependant, surtout en mati\u00e8re de salaires, il est parfois p\u00e9nible de se rendre compte que le salaire de d\u00e9part apr\u00e8s 20 ans ne correspond pas au salaire de d\u00e9part dans une nouvelle entreprise, surtout si vous continuez \u00e0 \u00e9voluer au m\u00eame niveau hi\u00e9rarchique et avec le m\u00eame degr\u00e9 de difficult\u00e9. De par ma pratique, je connais certainement des cas o\u00f9 des employ\u00e9s sont pass\u00e9s sans probl\u00e8me du ch\u00f4mage \u00e0 la retraite anticip\u00e9e \u00e0 plus de 58 ans.<\/p>\n<p>&nbsp;<\/p>\n<p><em><strong>M. Reichelt, qui est frapp\u00e9 par la foudre de l'exemption, que doit-on faire en aucun cas ?<\/strong> <\/em><\/p>\n<p>Si l'employeur \u00e9voque le licenciement ou l'offre d'un accord de r\u00e9siliation, ne faites aucune d\u00e9claration contraignante \u00e0 la h\u00e2te, et encore moins ne signez rien. Les r\u00e9actions \u00e9motionnelles sont compr\u00e9hensibles et calcul\u00e9es, la bo\u00eete \u00e0 mouchoirs est g\u00e9n\u00e9ralement plac\u00e9e \u00e0 port\u00e9e de main. N\u00e9anmoins, il convient d'\u00e9viter les r\u00e9actions extr\u00eames, par exemple les menaces ou les insultes, afin de ne pas fournir de justification suppl\u00e9mentaire \u00e0 la r\u00e9siliation envisag\u00e9e. Avant de poursuivre la discussion avec l'employeur, il est indispensable de consulter un avocat sp\u00e9cialis\u00e9 en droit du travail. En outre, aucune r\u00e9union ne doit \u00eatre accept\u00e9e sans consultation du comit\u00e9 d'entreprise. Si cette institution n'existe pas, alors seulement sans commentaire l'avis de la mesure pr\u00e9vue avec auto-enregistrement. Qu'une personne se batte pour son emploi en d\u00e9posant une plainte devant le tribunal du travail ou qu'elle ait tendance \u00e0 quitter l'entreprise - dans tous les cas, un avocat doit soutenir la poursuite de la communication avec l'employeur, voire prendre compl\u00e8tement le relais.<\/p>\n<p>&nbsp;<\/p>\n<p><em><strong>M. Reichelt, un mot de conclusion, s'il vous pla\u00eet.<\/strong> <\/em><\/p>\n<p>Rien n'est aussi constant que le changement ! Ceux qui le reconnaissent, l'acceptent et s'y adaptent sont bien avis\u00e9s. Un licenciement, surtout s'il est soudain, est un choc. Mais mon exp\u00e9rience le montre : Chacun retrouve sa place dans la vie (professionnelle) apr\u00e8s un licenciement.<\/p>","protected":false},"excerpt":{"rendered":"<p>&nbsp; &nbsp; Ein unvermittelt beendetes Arbeitsverh\u00e4ltnis l\u00f6st entsprechend einen Schockzustand aus. Die wirtschaftliche Planungssicherheit und die Sorge um die Familie werden dadurch genauso bedroht wie das Selbstwertgef\u00fchl und Selbstverst\u00e4ndnis, das beides in hohem Masse auch von der beruflichen T\u00e4tigkeit mitbestimmt wird. &nbsp; Herr Reichelt, die Beratung in der beruflichen Neuorientierung nach K\u00fcndigung ist seit vielen [&hellip;]<\/p>\n","protected":false},"author":62,"featured_media":11900,"comment_status":"closed","ping_status":"closed","sticky":false,"template":"","format":"standard","meta":{"_acf_changed":false,"footnotes":""},"categories":[4448],"tags":[4787],"class_list":["post-11875","post","type-post","status-publish","format-standard","has-post-thumbnail","hentry","category-allgemein","tag-03-2015"],"acf":[],"yoast_head":"<!-- This site is optimized with the Yoast SEO plugin v26.2 - https:\/\/yoast.com\/wordpress\/plugins\/seo\/ -->\n<title>Der Schock der pl\u00f6tzlichen Freizeit - MQ Management und Qualit\u00e4t<\/title>\n<meta name=\"description\" content=\"Manche Arbeitsverh\u00e4ltnisse enden abrupt. Unddieses Ende kommt f\u00fcr die betroffenen F\u00fchrungskr\u00e4ftewie der Blitz aus heiterem Himmel, unerwartet,unvorbereitet. Was motiviert Unternehmenzu diesem Schritt? Und was ist dem so in eine unerwarteteFreizeit katapultierten Arbeitnehmer zuraten? Im Interview mit dem Berater f\u00fcr Karriereund Strategie, Erik Reichelt *, suchte Hartmut Volknach Antworten auf diese Fragen.\" \/>\n<meta name=\"robots\" content=\"index, follow, max-snippet:-1, max-image-preview:large, max-video-preview:-1\" \/>\n<link rel=\"canonical\" href=\"https:\/\/www.m-q.ch\/fr\/le-choc-de-la-liberte-soudaine\/\" \/>\n<meta property=\"og:locale\" content=\"fr_FR\" \/>\n<meta property=\"og:type\" content=\"article\" \/>\n<meta property=\"og:title\" content=\"Der Schock der pl\u00f6tzlichen Freizeit - MQ Management und Qualit\u00e4t\" \/>\n<meta property=\"og:description\" content=\"Manche Arbeitsverh\u00e4ltnisse enden abrupt. Unddieses Ende kommt f\u00fcr die betroffenen F\u00fchrungskr\u00e4ftewie der Blitz aus heiterem Himmel, unerwartet,unvorbereitet. Was motiviert Unternehmenzu diesem Schritt? Und was ist dem so in eine unerwarteteFreizeit katapultierten Arbeitnehmer zuraten? Im Interview mit dem Berater f\u00fcr Karriereund Strategie, Erik Reichelt *, suchte Hartmut Volknach Antworten auf diese Fragen.\" \/>\n<meta property=\"og:url\" content=\"https:\/\/www.m-q.ch\/fr\/le-choc-de-la-liberte-soudaine\/\" \/>\n<meta property=\"og:site_name\" content=\"MQ Management und Qualit\u00e4t\" \/>\n<meta property=\"article:publisher\" content=\"https:\/\/www.facebook.com\/ManagementUndQualitaet\" \/>\n<meta property=\"article:published_time\" content=\"2015-03-01T07:51:55+00:00\" \/>\n<meta property=\"article:modified_time\" content=\"2021-02-15T08:25:20+00:00\" \/>\n<meta property=\"og:image\" content=\"https:\/\/www.m-q.ch\/wp-content\/uploads\/2021\/02\/Der-Schock-der-ploetzlichen-Freizeit.jpg\" \/>\n\t<meta property=\"og:image:width\" content=\"874\" \/>\n\t<meta property=\"og:image:height\" content=\"1199\" \/>\n\t<meta property=\"og:image:type\" content=\"image\/jpeg\" \/>\n<meta name=\"author\" content=\"upwork_2\" \/>\n<meta name=\"twitter:card\" content=\"summary_large_image\" \/>\n<meta name=\"twitter:label1\" content=\"\u00c9crit par\" \/>\n\t<meta name=\"twitter:data1\" content=\"upwork_2\" \/>\n\t<meta name=\"twitter:label2\" content=\"Dur\u00e9e de lecture estim\u00e9e\" \/>\n\t<meta name=\"twitter:data2\" content=\"8 minutes\" \/>\n<script type=\"application\/ld+json\" class=\"yoast-schema-graph\">{\"@context\":\"https:\/\/schema.org\",\"@graph\":[{\"@type\":\"Article\",\"@id\":\"https:\/\/www.m-q.ch\/der-schock-der-ploetzlichen-freizeit\/#article\",\"isPartOf\":{\"@id\":\"https:\/\/www.m-q.ch\/der-schock-der-ploetzlichen-freizeit\/\"},\"author\":{\"name\":\"upwork_2\",\"@id\":\"https:\/\/www.m-q.ch\/fr\/#\/schema\/person\/71f647a41e4a3e361e6230f5134f3ba9\"},\"headline\":\"Der Schock der pl\u00f6tzlichen Freizeit\",\"datePublished\":\"2015-03-01T07:51:55+00:00\",\"dateModified\":\"2021-02-15T08:25:20+00:00\",\"mainEntityOfPage\":{\"@id\":\"https:\/\/www.m-q.ch\/der-schock-der-ploetzlichen-freizeit\/\"},\"wordCount\":1595,\"publisher\":{\"@id\":\"https:\/\/www.m-q.ch\/fr\/#organization\"},\"image\":{\"@id\":\"https:\/\/www.m-q.ch\/der-schock-der-ploetzlichen-freizeit\/#primaryimage\"},\"thumbnailUrl\":\"https:\/\/www.m-q.ch\/wp-content\/uploads\/2021\/02\/Der-Schock-der-ploetzlichen-Freizeit.jpg\",\"keywords\":[\"03\/2015\"],\"articleSection\":[\"Allgemein\"],\"inLanguage\":\"fr-FR\"},{\"@type\":\"WebPage\",\"@id\":\"https:\/\/www.m-q.ch\/der-schock-der-ploetzlichen-freizeit\/\",\"url\":\"https:\/\/www.m-q.ch\/der-schock-der-ploetzlichen-freizeit\/\",\"name\":\"Der Schock der pl\u00f6tzlichen Freizeit - MQ Management und Qualit\u00e4t\",\"isPartOf\":{\"@id\":\"https:\/\/www.m-q.ch\/fr\/#website\"},\"primaryImageOfPage\":{\"@id\":\"https:\/\/www.m-q.ch\/der-schock-der-ploetzlichen-freizeit\/#primaryimage\"},\"image\":{\"@id\":\"https:\/\/www.m-q.ch\/der-schock-der-ploetzlichen-freizeit\/#primaryimage\"},\"thumbnailUrl\":\"https:\/\/www.m-q.ch\/wp-content\/uploads\/2021\/02\/Der-Schock-der-ploetzlichen-Freizeit.jpg\",\"datePublished\":\"2015-03-01T07:51:55+00:00\",\"dateModified\":\"2021-02-15T08:25:20+00:00\",\"description\":\"Manche Arbeitsverh\u00e4ltnisse enden abrupt. Unddieses Ende kommt f\u00fcr die betroffenen F\u00fchrungskr\u00e4ftewie der Blitz aus heiterem Himmel, unerwartet,unvorbereitet. Was motiviert Unternehmenzu diesem Schritt? Und was ist dem so in eine unerwarteteFreizeit katapultierten Arbeitnehmer zuraten? Im Interview mit dem Berater f\u00fcr Karriereund Strategie, Erik Reichelt *, suchte Hartmut Volknach Antworten auf diese Fragen.\",\"breadcrumb\":{\"@id\":\"https:\/\/www.m-q.ch\/der-schock-der-ploetzlichen-freizeit\/#breadcrumb\"},\"inLanguage\":\"fr-FR\",\"potentialAction\":[{\"@type\":\"ReadAction\",\"target\":[\"https:\/\/www.m-q.ch\/der-schock-der-ploetzlichen-freizeit\/\"]}]},{\"@type\":\"ImageObject\",\"inLanguage\":\"fr-FR\",\"@id\":\"https:\/\/www.m-q.ch\/der-schock-der-ploetzlichen-freizeit\/#primaryimage\",\"url\":\"https:\/\/www.m-q.ch\/wp-content\/uploads\/2021\/02\/Der-Schock-der-ploetzlichen-Freizeit.jpg\",\"contentUrl\":\"https:\/\/www.m-q.ch\/wp-content\/uploads\/2021\/02\/Der-Schock-der-ploetzlichen-Freizeit.jpg\",\"width\":874,\"height\":1199,\"caption\":\"Der Schock der pl\u00f6tzlichen Freizeit\"},{\"@type\":\"BreadcrumbList\",\"@id\":\"https:\/\/www.m-q.ch\/der-schock-der-ploetzlichen-freizeit\/#breadcrumb\",\"itemListElement\":[{\"@type\":\"ListItem\",\"position\":1,\"name\":\"Allgemein\",\"item\":\"https:\/\/www.m-q.ch\/kategorie\/allgemein\/\"},{\"@type\":\"ListItem\",\"position\":2,\"name\":\"Der Schock der pl\u00f6tzlichen Freizeit\"}]},{\"@type\":\"WebSite\",\"@id\":\"https:\/\/www.m-q.ch\/fr\/#website\",\"url\":\"https:\/\/www.m-q.ch\/fr\/\",\"name\":\"MQ Management und Qualit\u00e4t\",\"description\":\"Plattform f\u00fcr integrierte Managementsysteme.\",\"publisher\":{\"@id\":\"https:\/\/www.m-q.ch\/fr\/#organization\"},\"potentialAction\":[{\"@type\":\"SearchAction\",\"target\":{\"@type\":\"EntryPoint\",\"urlTemplate\":\"https:\/\/www.m-q.ch\/fr\/?s={search_term_string}\"},\"query-input\":{\"@type\":\"PropertyValueSpecification\",\"valueRequired\":true,\"valueName\":\"search_term_string\"}}],\"inLanguage\":\"fr-FR\"},{\"@type\":\"Organization\",\"@id\":\"https:\/\/www.m-q.ch\/fr\/#organization\",\"name\":\"Galledia Fachmedien AG\",\"url\":\"https:\/\/www.m-q.ch\/fr\/\",\"logo\":{\"@type\":\"ImageObject\",\"inLanguage\":\"fr-FR\",\"@id\":\"https:\/\/www.m-q.ch\/fr\/#\/schema\/logo\/image\/\",\"url\":\"https:\/\/www.m-q.ch\/wp-content\/uploads\/2020\/12\/cropped-logo_small.png\",\"contentUrl\":\"https:\/\/www.m-q.ch\/wp-content\/uploads\/2020\/12\/cropped-logo_small.png\",\"width\":512,\"height\":512,\"caption\":\"Galledia Fachmedien AG\"},\"image\":{\"@id\":\"https:\/\/www.m-q.ch\/fr\/#\/schema\/logo\/image\/\"},\"sameAs\":[\"https:\/\/www.facebook.com\/ManagementUndQualitaet\",\"https:\/\/www.linkedin.com\/showcase\/17982321\/admin\/\"]},{\"@type\":\"Person\",\"@id\":\"https:\/\/www.m-q.ch\/fr\/#\/schema\/person\/71f647a41e4a3e361e6230f5134f3ba9\",\"name\":\"upwork_2\",\"image\":{\"@type\":\"ImageObject\",\"inLanguage\":\"fr-FR\",\"@id\":\"https:\/\/www.m-q.ch\/fr\/#\/schema\/person\/image\/\",\"url\":\"https:\/\/secure.gravatar.com\/avatar\/777b90ab56092bbf3c85feacda5c1bce?s=96&d=mm&r=g\",\"contentUrl\":\"https:\/\/secure.gravatar.com\/avatar\/777b90ab56092bbf3c85feacda5c1bce?s=96&d=mm&r=g\",\"caption\":\"upwork_2\"},\"url\":\"https:\/\/www.m-q.ch\/fr\/author\/upwork_2\/\"}]}<\/script>\n<!-- \/ Yoast SEO plugin. -->","yoast_head_json":{"title":"Le choc du temps libre soudain - MQ Management und Qualit\u00e4t","description":"Certaines relations de travail se terminent brusquement. Et pour les dirigeants concern\u00e9s, cette fin arrive comme un coup de foudre, inattendu, non pr\u00e9par\u00e9. Qu'est-ce qui motive les entreprises \u00e0 franchir ce pas ? Et quels conseils donner aux salari\u00e9s catapult\u00e9s dans une p\u00e9riode de loisirs inattendue ? Dans un entretien avec Erik Reichelt*, consultant en carri\u00e8re et strat\u00e9gie, Hartmut Volkn a cherch\u00e9 des r\u00e9ponses \u00e0 ces questions.","robots":{"index":"index","follow":"follow","max-snippet":"max-snippet:-1","max-image-preview":"max-image-preview:large","max-video-preview":"max-video-preview:-1"},"canonical":"https:\/\/www.m-q.ch\/fr\/le-choc-de-la-liberte-soudaine\/","og_locale":"fr_FR","og_type":"article","og_title":"Der Schock der pl\u00f6tzlichen Freizeit - MQ Management und Qualit\u00e4t","og_description":"Manche Arbeitsverh\u00e4ltnisse enden abrupt. Unddieses Ende kommt f\u00fcr die betroffenen F\u00fchrungskr\u00e4ftewie der Blitz aus heiterem Himmel, unerwartet,unvorbereitet. Was motiviert Unternehmenzu diesem Schritt? Und was ist dem so in eine unerwarteteFreizeit katapultierten Arbeitnehmer zuraten? Im Interview mit dem Berater f\u00fcr Karriereund Strategie, Erik Reichelt *, suchte Hartmut Volknach Antworten auf diese Fragen.","og_url":"https:\/\/www.m-q.ch\/fr\/le-choc-de-la-liberte-soudaine\/","og_site_name":"MQ Management und Qualit\u00e4t","article_publisher":"https:\/\/www.facebook.com\/ManagementUndQualitaet","article_published_time":"2015-03-01T07:51:55+00:00","article_modified_time":"2021-02-15T08:25:20+00:00","og_image":[{"width":874,"height":1199,"url":"https:\/\/www.m-q.ch\/wp-content\/uploads\/2021\/02\/Der-Schock-der-ploetzlichen-Freizeit.jpg","type":"image\/jpeg"}],"author":"upwork_2","twitter_card":"summary_large_image","twitter_misc":{"\u00c9crit par":"upwork_2","Dur\u00e9e de lecture estim\u00e9e":"8 minutes"},"schema":{"@context":"https:\/\/schema.org","@graph":[{"@type":"Article","@id":"https:\/\/www.m-q.ch\/der-schock-der-ploetzlichen-freizeit\/#article","isPartOf":{"@id":"https:\/\/www.m-q.ch\/der-schock-der-ploetzlichen-freizeit\/"},"author":{"name":"upwork_2","@id":"https:\/\/www.m-q.ch\/fr\/#\/schema\/person\/71f647a41e4a3e361e6230f5134f3ba9"},"headline":"Der Schock der pl\u00f6tzlichen Freizeit","datePublished":"2015-03-01T07:51:55+00:00","dateModified":"2021-02-15T08:25:20+00:00","mainEntityOfPage":{"@id":"https:\/\/www.m-q.ch\/der-schock-der-ploetzlichen-freizeit\/"},"wordCount":1595,"publisher":{"@id":"https:\/\/www.m-q.ch\/fr\/#organization"},"image":{"@id":"https:\/\/www.m-q.ch\/der-schock-der-ploetzlichen-freizeit\/#primaryimage"},"thumbnailUrl":"https:\/\/www.m-q.ch\/wp-content\/uploads\/2021\/02\/Der-Schock-der-ploetzlichen-Freizeit.jpg","keywords":["03\/2015"],"articleSection":["Allgemein"],"inLanguage":"fr-FR"},{"@type":"WebPage","@id":"https:\/\/www.m-q.ch\/der-schock-der-ploetzlichen-freizeit\/","url":"https:\/\/www.m-q.ch\/der-schock-der-ploetzlichen-freizeit\/","name":"Le choc du temps libre soudain - MQ Management und Qualit\u00e4t","isPartOf":{"@id":"https:\/\/www.m-q.ch\/fr\/#website"},"primaryImageOfPage":{"@id":"https:\/\/www.m-q.ch\/der-schock-der-ploetzlichen-freizeit\/#primaryimage"},"image":{"@id":"https:\/\/www.m-q.ch\/der-schock-der-ploetzlichen-freizeit\/#primaryimage"},"thumbnailUrl":"https:\/\/www.m-q.ch\/wp-content\/uploads\/2021\/02\/Der-Schock-der-ploetzlichen-Freizeit.jpg","datePublished":"2015-03-01T07:51:55+00:00","dateModified":"2021-02-15T08:25:20+00:00","description":"Certaines relations de travail se terminent brusquement. Et pour les dirigeants concern\u00e9s, cette fin arrive comme un coup de foudre, inattendu, non pr\u00e9par\u00e9. Qu'est-ce qui motive les entreprises \u00e0 franchir ce pas ? Et quels conseils donner aux salari\u00e9s catapult\u00e9s dans une p\u00e9riode de loisirs inattendue ? Dans un entretien avec Erik Reichelt*, consultant en carri\u00e8re et strat\u00e9gie, Hartmut Volkn a cherch\u00e9 des r\u00e9ponses \u00e0 ces questions.","breadcrumb":{"@id":"https:\/\/www.m-q.ch\/der-schock-der-ploetzlichen-freizeit\/#breadcrumb"},"inLanguage":"fr-FR","potentialAction":[{"@type":"ReadAction","target":["https:\/\/www.m-q.ch\/der-schock-der-ploetzlichen-freizeit\/"]}]},{"@type":"ImageObject","inLanguage":"fr-FR","@id":"https:\/\/www.m-q.ch\/der-schock-der-ploetzlichen-freizeit\/#primaryimage","url":"https:\/\/www.m-q.ch\/wp-content\/uploads\/2021\/02\/Der-Schock-der-ploetzlichen-Freizeit.jpg","contentUrl":"https:\/\/www.m-q.ch\/wp-content\/uploads\/2021\/02\/Der-Schock-der-ploetzlichen-Freizeit.jpg","width":874,"height":1199,"caption":"Der Schock der pl\u00f6tzlichen Freizeit"},{"@type":"BreadcrumbList","@id":"https:\/\/www.m-q.ch\/der-schock-der-ploetzlichen-freizeit\/#breadcrumb","itemListElement":[{"@type":"ListItem","position":1,"name":"Allgemein","item":"https:\/\/www.m-q.ch\/kategorie\/allgemein\/"},{"@type":"ListItem","position":2,"name":"Der Schock der pl\u00f6tzlichen Freizeit"}]},{"@type":"WebSite","@id":"https:\/\/www.m-q.ch\/fr\/#website","url":"https:\/\/www.m-q.ch\/fr\/","name":"Gestion et qualit\u00e9 du QM","description":"Plate-forme pour les syst\u00e8mes de gestion int\u00e9gr\u00e9e.","publisher":{"@id":"https:\/\/www.m-q.ch\/fr\/#organization"},"potentialAction":[{"@type":"SearchAction","target":{"@type":"EntryPoint","urlTemplate":"https:\/\/www.m-q.ch\/fr\/?s={search_term_string}"},"query-input":{"@type":"PropertyValueSpecification","valueRequired":true,"valueName":"search_term_string"}}],"inLanguage":"fr-FR"},{"@type":"Organization","@id":"https:\/\/www.m-q.ch\/fr\/#organization","name":"Galledia Trade Media AG","url":"https:\/\/www.m-q.ch\/fr\/","logo":{"@type":"ImageObject","inLanguage":"fr-FR","@id":"https:\/\/www.m-q.ch\/fr\/#\/schema\/logo\/image\/","url":"https:\/\/www.m-q.ch\/wp-content\/uploads\/2020\/12\/cropped-logo_small.png","contentUrl":"https:\/\/www.m-q.ch\/wp-content\/uploads\/2020\/12\/cropped-logo_small.png","width":512,"height":512,"caption":"Galledia Fachmedien AG"},"image":{"@id":"https:\/\/www.m-q.ch\/fr\/#\/schema\/logo\/image\/"},"sameAs":["https:\/\/www.facebook.com\/ManagementUndQualitaet","https:\/\/www.linkedin.com\/showcase\/17982321\/admin\/"]},{"@type":"Person","@id":"https:\/\/www.m-q.ch\/fr\/#\/schema\/person\/71f647a41e4a3e361e6230f5134f3ba9","name":"upwork_2","image":{"@type":"ImageObject","inLanguage":"fr-FR","@id":"https:\/\/www.m-q.ch\/fr\/#\/schema\/person\/image\/","url":"https:\/\/secure.gravatar.com\/avatar\/777b90ab56092bbf3c85feacda5c1bce?s=96&d=mm&r=g","contentUrl":"https:\/\/secure.gravatar.com\/avatar\/777b90ab56092bbf3c85feacda5c1bce?s=96&d=mm&r=g","caption":"upwork_2"},"url":"https:\/\/www.m-q.ch\/fr\/author\/upwork_2\/"}]}},"_links":{"self":[{"href":"https:\/\/www.m-q.ch\/fr\/wp-json\/wp\/v2\/posts\/11875","targetHints":{"allow":["GET"]}}],"collection":[{"href":"https:\/\/www.m-q.ch\/fr\/wp-json\/wp\/v2\/posts"}],"about":[{"href":"https:\/\/www.m-q.ch\/fr\/wp-json\/wp\/v2\/types\/post"}],"author":[{"embeddable":true,"href":"https:\/\/www.m-q.ch\/fr\/wp-json\/wp\/v2\/users\/62"}],"replies":[{"embeddable":true,"href":"https:\/\/www.m-q.ch\/fr\/wp-json\/wp\/v2\/comments?post=11875"}],"version-history":[{"count":1,"href":"https:\/\/www.m-q.ch\/fr\/wp-json\/wp\/v2\/posts\/11875\/revisions"}],"predecessor-version":[{"id":11901,"href":"https:\/\/www.m-q.ch\/fr\/wp-json\/wp\/v2\/posts\/11875\/revisions\/11901"}],"wp:featuredmedia":[{"embeddable":true,"href":"https:\/\/www.m-q.ch\/fr\/wp-json\/wp\/v2\/media\/11900"}],"wp:attachment":[{"href":"https:\/\/www.m-q.ch\/fr\/wp-json\/wp\/v2\/media?parent=11875"}],"wp:term":[{"taxonomy":"category","embeddable":true,"href":"https:\/\/www.m-q.ch\/fr\/wp-json\/wp\/v2\/categories?post=11875"},{"taxonomy":"post_tag","embeddable":true,"href":"https:\/\/www.m-q.ch\/fr\/wp-json\/wp\/v2\/tags?post=11875"}],"curies":[{"name":"wp","href":"https:\/\/api.w.org\/{rel}","templated":true}]}}